{"id":629314,"date":"2026-04-29T15:32:42","date_gmt":"2026-04-29T13:32:42","guid":{"rendered":"https:\/\/villarrealcf.es\/el-villarreal-femenino-descubre-smaltilab-2026\/"},"modified":"2026-04-29T19:23:03","modified_gmt":"2026-04-29T17:23:03","slug":"el-villarreal-femenino-descubre-smaltilab-2026","status":"publish","type":"post","link":"https:\/\/villarrealcf.es\/val\/el-villarreal-femenino-descubre-smaltilab-2026\/","title":{"rendered":"El Villarreal Femen\u00ed descobreix SMALTIlab 2026"},"content":{"protected":false,"blocks":[{"type":"heading","level":2,"text":"L\u2019equip groguet ha visitat les instal\u00b7lacions de Smalticeram a Onda per a con\u00e9ixer de prop una innovadora exposici\u00f3 internacional"},{"type":"paragraph","text":"El Villarreal Femen\u00ed ha visitat les instal\u00b7lacions de Smalticeram a Onda per a con\u00e9ixer de primera m\u00e0 SMALTIlab Worldwide Tour 2026, una innovadora exposici\u00f3 internacional impulsada per Smalticeram Group. Una cita que arriba en un moment clau per al conjunt groguet que, a falta d\u2019una jornada de lliga regular, ja es prepara per a afrontar el tram m\u00e9s decisiu de la temporada: el play-off d\u2019ascens a Liga F."},{"type":"paragraph","text":"Despr\u00e9s del seu pas per Roteglia (It\u00e0lia), la gira SMALTIlab Worldwide Tour 2026 fa parada a Onda, convertint la seu castellonenca en un espai de trobada on la tecnologia i la cer\u00e0mica es donen la m\u00e0 sota el concepte \u201cMat\u00e8ria en moviment\u201d. Durant la visita, les jugadores i el cos t\u00e8cnic van poder con\u00e9ixer les \u00faltimes solucions desenvolupades per la companyia, en una jornada que refor\u00e7a els vincles entre club i patrocinador. I \u00e9s que SMALTIlab no \u00e9s nom\u00e9s una exposici\u00f3, sin\u00f3 una experi\u00e8ncia t\u00e8cnica que trasllada la innovaci\u00f3 al context real de cada mercat. En esta edici\u00f3, es presenten solucions que combinen decoraci\u00f3 digital, sostenibilitat i efici\u00e8ncia productiva."},{"type":"video","kind":"iframe","url":"https:\/\/www.youtube.com\/embed\/Ebci6nwnzJw?feature=oembed","poster":""},{"type":"heading","level":3,"text":"Una jornada d\u2019uni\u00f3 institucional"},{"type":"paragraph","text":"L\u2019expedici\u00f3 grogueta, formada per les jugadores i el cos t\u00e8cnic, aix\u00ed com per Sergi Campos, coordinador de la secci\u00f3 femenina del Villarreal CF, i Juan Ant\u00f3n, director comercial del Villarreal CF, va ser rebuda per Fernando Tom\u00e1s, gerent de Smalticeram Espanya; Rodrigo Mendo, director comercial nacional; David Moreno, director financer, i Juan Antonio \u00c1lvarez, director de m\u00e0rqueting."},{"type":"heading","level":3,"text":"M\u00e9s sobre Smalticeram"},{"type":"paragraph","text":"Smalticeram Espanya \u00e9s una empresa l\u00edder en la producci\u00f3 de frites, esmalts, colors, pigments i tintes per al sector cer\u00e0mic, amb seu a Onda (Castell\u00f3). Al llarg dels seus 25 anys de traject\u00f2ria, Smalticeram s\u2019ha consolidat com un referent en innovaci\u00f3 i sostenibilitat, impulsant el desenvolupament de la ind\u00fastria cer\u00e0mica de manera responsable i compromesa amb el seu entorn."},{"type":"paragraph","text":"Sota el lema \u201cSimply Better\u201d, Smalticeram adopta una filosofia de millora cont\u00ednua que es reflectix tant en la qualitat dels seus productes com en un ferm comprom\u00eds social i mediambiental. La sostenibilitat \u00e9s un pilar estrat\u00e8gic per a l\u2019empresa, que optimitza els seus processos per a minimitzar la seua petjada ambiental, amb l\u2019objectiu de generar un impacte positiu en les futures generacions. A m\u00e9s, el comprom\u00eds social de Smalticeram inclou una clara aposta per la igualtat i la diversitat, promovent un entorn inclusiu i una cultura basada en el respecte i la col\u00b7laboraci\u00f3."},{"type":"paragraph","text":"Es pot obtindre m\u00e9s informaci\u00f3 sobre Smalticeram visitant el seu lloc web:\ud83d\udc49 https:\/\/www.smalticeram.it\/es\/"}],"structured":{"summary":{"text":"L\u2019equip groguet ha visitat les instal\u00b7lacions de Smalticeram a Onda per a con\u00e9ixer de prop una innovadora exposici\u00f3 internacional El Villarreal Femen\u00ed ha visitat les instal\u00b7lacions de Smalticeram a Onda per a con\u00e9ixer de primera m\u00e0 SMALTIlab Worldwide Tour 2026, una innovadora exposici\u00f3 internacional impulsada per Smalticeram Group. Una cita que arriba en un moment clau per al conjunt groguet que, a falta d\u2019una jornada de lliga regular, ja es prepara per a afrontar el tram m\u00e9s decisiu de la temporada: el play-off d\u2019ascens a Liga F. Despr\u00e9s del seu pas per Roteglia (It\u00e0lia), la gira SMALTIlab Worldwide Tour 2026 fa parada a Onda, convertint la seu castellonenca en un espai de trobada on la tecnologia i la cer\u00e0mica es donen la m\u00e0 sota el concepte \u201cMat\u00e8ria en moviment\u201d. Durant la visita, les jugadores i el cos t\u00e8cnic van poder con\u00e9ixer les \u00faltimes solucions desenvolupades per la companyia, en una jornada que refor\u00e7a els vincles entre club i patrocinador. I \u00e9s que SMALTIlab no \u00e9s nom\u00e9s una exposici\u00f3, sin\u00f3 una experi\u00e8ncia t\u00e8cnica que trasllada la innovaci\u00f3 al context real de cada mercat. En esta edici\u00f3, es presenten solucions que combinen decoraci\u00f3 digital, sostenibilitat i efici\u00e8ncia productiva. Una jornada d\u2019uni\u00f3 institucional L\u2019expedici\u00f3 grogueta, formada per les jugadores i el cos t\u00e8cnic, aix\u00ed com per Sergi Campos, coordinador de la secci\u00f3 femenina del Villarreal CF, i Juan Ant\u00f3n, director comercial del Villarreal CF, va ser rebuda per Fernando Tom\u00e1s, gerent de Smalticeram Espanya; Rodrigo Mendo, director comercial nacional; David Moreno, director financer, i Juan Antonio \u00c1lvarez, director de m\u00e0rqueting. M\u00e9s sobre Smalticeram Smalticeram Espanya \u00e9s una empresa l\u00edder en la producci\u00f3 de frites, esmalts, colors, pigments i tintes per al sector cer\u00e0mic, amb seu a Onda (Castell\u00f3). Al llarg dels seus 25 anys de traject\u00f2ria, Smalticeram s\u2019ha consolidat com un referent en innovaci\u00f3 i sostenibilitat, impulsant el desenvolupament de la ind\u00fastria cer\u00e0mica de manera responsable i compromesa amb el seu entorn. Sota el lema \u201cSimply Better\u201d, Smalticeram adopta una filosofia de millora cont\u00ednua que es reflectix tant en la qualitat dels seus productes com en un ferm comprom\u00eds social i mediambiental. La sostenibilitat \u00e9s un pilar estrat\u00e8gic per a l\u2019empresa, que optimitza els seus processos per a minimitzar la seua petjada ambiental, amb l\u2019objectiu de generar un impacte positiu en les futures generacions. A m\u00e9s, el comprom\u00eds social de Smalticeram inclou una clara aposta per la igualtat i la diversitat, promovent un entorn inclusiu i una cultura basada en el respecte i la col\u00b7laboraci\u00f3. Es pot obtindre m\u00e9s informaci\u00f3 sobre Smalticeram visitant el seu lloc web:\ud83d\udc49 https:\/\/www.smalticeram.it\/es\/","headings":[{"type":"heading","level":2,"text":"L\u2019equip groguet ha visitat les instal\u00b7lacions de Smalticeram a Onda per a con\u00e9ixer de prop una innovadora exposici\u00f3 internacional"},{"type":"heading","level":3,"text":"Una jornada d\u2019uni\u00f3 institucional"},{"type":"heading","level":3,"text":"M\u00e9s sobre Smalticeram"}],"buttons":[],"images":[],"counts":{"blocks":10,"headings":3,"texts":6,"buttons":0,"images":0}},"sections":[{"id":"section-1","title":"L\u2019equip groguet ha visitat les instal\u00b7lacions de Smalticeram a Onda per a con\u00e9ixer de prop una innovadora exposici\u00f3 internacional","text":"L\u2019equip groguet ha visitat les instal\u00b7lacions de Smalticeram a Onda per a con\u00e9ixer de prop una innovadora exposici\u00f3 internacional El Villarreal Femen\u00ed ha visitat les instal\u00b7lacions de Smalticeram a Onda per a con\u00e9ixer de primera m\u00e0 SMALTIlab Worldwide Tour 2026, una innovadora exposici\u00f3 internacional impulsada per Smalticeram Group. Una cita que arriba en un moment clau per al conjunt groguet que, a falta d\u2019una jornada de lliga regular, ja es prepara per a afrontar el tram m\u00e9s decisiu de la temporada: el play-off d\u2019ascens a Liga F. Despr\u00e9s del seu pas per Roteglia (It\u00e0lia), la gira SMALTIlab Worldwide Tour 2026 fa parada a Onda, convertint la seu castellonenca en un espai de trobada on la tecnologia i la cer\u00e0mica es donen la m\u00e0 sota el concepte \u201cMat\u00e8ria en moviment\u201d. Durant la visita, les jugadores i el cos t\u00e8cnic van poder con\u00e9ixer les \u00faltimes solucions desenvolupades per la companyia, en una jornada que refor\u00e7a els vincles entre club i patrocinador. I \u00e9s que SMALTIlab no \u00e9s nom\u00e9s una exposici\u00f3, sin\u00f3 una experi\u00e8ncia t\u00e8cnica que trasllada la innovaci\u00f3 al context real de cada mercat. En esta edici\u00f3, es presenten solucions que combinen decoraci\u00f3 digital, sostenibilitat i efici\u00e8ncia productiva.","headings":[{"type":"heading","level":2,"text":"L\u2019equip groguet ha visitat les instal\u00b7lacions de Smalticeram a Onda per a con\u00e9ixer de prop una innovadora exposici\u00f3 internacional"}],"texts":[{"type":"paragraph","text":"El Villarreal Femen\u00ed ha visitat les instal\u00b7lacions de Smalticeram a Onda per a con\u00e9ixer de primera m\u00e0 SMALTIlab Worldwide Tour 2026, una innovadora exposici\u00f3 internacional impulsada per Smalticeram Group. Una cita que arriba en un moment clau per al conjunt groguet que, a falta d\u2019una jornada de lliga regular, ja es prepara per a afrontar el tram m\u00e9s decisiu de la temporada: el play-off d\u2019ascens a Liga F."},{"type":"paragraph","text":"Despr\u00e9s del seu pas per Roteglia (It\u00e0lia), la gira SMALTIlab Worldwide Tour 2026 fa parada a Onda, convertint la seu castellonenca en un espai de trobada on la tecnologia i la cer\u00e0mica es donen la m\u00e0 sota el concepte \u201cMat\u00e8ria en moviment\u201d. Durant la visita, les jugadores i el cos t\u00e8cnic van poder con\u00e9ixer les \u00faltimes solucions desenvolupades per la companyia, en una jornada que refor\u00e7a els vincles entre club i patrocinador. I \u00e9s que SMALTIlab no \u00e9s nom\u00e9s una exposici\u00f3, sin\u00f3 una experi\u00e8ncia t\u00e8cnica que trasllada la innovaci\u00f3 al context real de cada mercat. En esta edici\u00f3, es presenten solucions que combinen decoraci\u00f3 digital, sostenibilitat i efici\u00e8ncia productiva."}],"buttons":[],"images":[],"widgets":[],"blocks":[{"type":"heading","level":2,"text":"L\u2019equip groguet ha visitat les instal\u00b7lacions de Smalticeram a Onda per a con\u00e9ixer de prop una innovadora exposici\u00f3 internacional"},{"type":"paragraph","text":"El Villarreal Femen\u00ed ha visitat les instal\u00b7lacions de Smalticeram a Onda per a con\u00e9ixer de primera m\u00e0 SMALTIlab Worldwide Tour 2026, una innovadora exposici\u00f3 internacional impulsada per Smalticeram Group. Una cita que arriba en un moment clau per al conjunt groguet que, a falta d\u2019una jornada de lliga regular, ja es prepara per a afrontar el tram m\u00e9s decisiu de la temporada: el play-off d\u2019ascens a Liga F."},{"type":"paragraph","text":"Despr\u00e9s del seu pas per Roteglia (It\u00e0lia), la gira SMALTIlab Worldwide Tour 2026 fa parada a Onda, convertint la seu castellonenca en un espai de trobada on la tecnologia i la cer\u00e0mica es donen la m\u00e0 sota el concepte \u201cMat\u00e8ria en moviment\u201d. Durant la visita, les jugadores i el cos t\u00e8cnic van poder con\u00e9ixer les \u00faltimes solucions desenvolupades per la companyia, en una jornada que refor\u00e7a els vincles entre club i patrocinador. I \u00e9s que SMALTIlab no \u00e9s nom\u00e9s una exposici\u00f3, sin\u00f3 una experi\u00e8ncia t\u00e8cnica que trasllada la innovaci\u00f3 al context real de cada mercat. En esta edici\u00f3, es presenten solucions que combinen decoraci\u00f3 digital, sostenibilitat i efici\u00e8ncia productiva."},{"type":"video","kind":"iframe","url":"https:\/\/www.youtube.com\/embed\/Ebci6nwnzJw?feature=oembed","poster":""}]},{"id":"section-2","title":"Una jornada d\u2019uni\u00f3 institucional","text":"Una jornada d\u2019uni\u00f3 institucional L\u2019expedici\u00f3 grogueta, formada per les jugadores i el cos t\u00e8cnic, aix\u00ed com per Sergi Campos, coordinador de la secci\u00f3 femenina del Villarreal CF, i Juan Ant\u00f3n, director comercial del Villarreal CF, va ser rebuda per Fernando Tom\u00e1s, gerent de Smalticeram Espanya; Rodrigo Mendo, director comercial nacional; David Moreno, director financer, i Juan Antonio \u00c1lvarez, director de m\u00e0rqueting.","headings":[{"type":"heading","level":3,"text":"Una jornada d\u2019uni\u00f3 institucional"}],"texts":[{"type":"paragraph","text":"L\u2019expedici\u00f3 grogueta, formada per les jugadores i el cos t\u00e8cnic, aix\u00ed com per Sergi Campos, coordinador de la secci\u00f3 femenina del Villarreal CF, i Juan Ant\u00f3n, director comercial del Villarreal CF, va ser rebuda per Fernando Tom\u00e1s, gerent de Smalticeram Espanya; Rodrigo Mendo, director comercial nacional; David Moreno, director financer, i Juan Antonio \u00c1lvarez, director de m\u00e0rqueting."}],"buttons":[],"images":[],"widgets":[],"blocks":[{"type":"heading","level":3,"text":"Una jornada d\u2019uni\u00f3 institucional"},{"type":"paragraph","text":"L\u2019expedici\u00f3 grogueta, formada per les jugadores i el cos t\u00e8cnic, aix\u00ed com per Sergi Campos, coordinador de la secci\u00f3 femenina del Villarreal CF, i Juan Ant\u00f3n, director comercial del Villarreal CF, va ser rebuda per Fernando Tom\u00e1s, gerent de Smalticeram Espanya; Rodrigo Mendo, director comercial nacional; David Moreno, director financer, i Juan Antonio \u00c1lvarez, director de m\u00e0rqueting."}]},{"id":"section-3","title":"M\u00e9s sobre Smalticeram","text":"M\u00e9s sobre Smalticeram Smalticeram Espanya \u00e9s una empresa l\u00edder en la producci\u00f3 de frites, esmalts, colors, pigments i tintes per al sector cer\u00e0mic, amb seu a Onda (Castell\u00f3). Al llarg dels seus 25 anys de traject\u00f2ria, Smalticeram s\u2019ha consolidat com un referent en innovaci\u00f3 i sostenibilitat, impulsant el desenvolupament de la ind\u00fastria cer\u00e0mica de manera responsable i compromesa amb el seu entorn. Sota el lema \u201cSimply Better\u201d, Smalticeram adopta una filosofia de millora cont\u00ednua que es reflectix tant en la qualitat dels seus productes com en un ferm comprom\u00eds social i mediambiental. La sostenibilitat \u00e9s un pilar estrat\u00e8gic per a l\u2019empresa, que optimitza els seus processos per a minimitzar la seua petjada ambiental, amb l\u2019objectiu de generar un impacte positiu en les futures generacions. A m\u00e9s, el comprom\u00eds social de Smalticeram inclou una clara aposta per la igualtat i la diversitat, promovent un entorn inclusiu i una cultura basada en el respecte i la col\u00b7laboraci\u00f3. Es pot obtindre m\u00e9s informaci\u00f3 sobre Smalticeram visitant el seu lloc web:\ud83d\udc49 https:\/\/www.smalticeram.it\/es\/","headings":[{"type":"heading","level":3,"text":"M\u00e9s sobre Smalticeram"}],"texts":[{"type":"paragraph","text":"Smalticeram Espanya \u00e9s una empresa l\u00edder en la producci\u00f3 de frites, esmalts, colors, pigments i tintes per al sector cer\u00e0mic, amb seu a Onda (Castell\u00f3). Al llarg dels seus 25 anys de traject\u00f2ria, Smalticeram s\u2019ha consolidat com un referent en innovaci\u00f3 i sostenibilitat, impulsant el desenvolupament de la ind\u00fastria cer\u00e0mica de manera responsable i compromesa amb el seu entorn."},{"type":"paragraph","text":"Sota el lema \u201cSimply Better\u201d, Smalticeram adopta una filosofia de millora cont\u00ednua que es reflectix tant en la qualitat dels seus productes com en un ferm comprom\u00eds social i mediambiental. La sostenibilitat \u00e9s un pilar estrat\u00e8gic per a l\u2019empresa, que optimitza els seus processos per a minimitzar la seua petjada ambiental, amb l\u2019objectiu de generar un impacte positiu en les futures generacions. A m\u00e9s, el comprom\u00eds social de Smalticeram inclou una clara aposta per la igualtat i la diversitat, promovent un entorn inclusiu i una cultura basada en el respecte i la col\u00b7laboraci\u00f3."},{"type":"paragraph","text":"Es pot obtindre m\u00e9s informaci\u00f3 sobre Smalticeram visitant el seu lloc web:\ud83d\udc49 https:\/\/www.smalticeram.it\/es\/"}],"buttons":[],"images":[],"widgets":[],"blocks":[{"type":"heading","level":3,"text":"M\u00e9s sobre Smalticeram"},{"type":"paragraph","text":"Smalticeram Espanya \u00e9s una empresa l\u00edder en la producci\u00f3 de frites, esmalts, colors, pigments i tintes per al sector cer\u00e0mic, amb seu a Onda (Castell\u00f3). Al llarg dels seus 25 anys de traject\u00f2ria, Smalticeram s\u2019ha consolidat com un referent en innovaci\u00f3 i sostenibilitat, impulsant el desenvolupament de la ind\u00fastria cer\u00e0mica de manera responsable i compromesa amb el seu entorn."},{"type":"paragraph","text":"Sota el lema \u201cSimply Better\u201d, Smalticeram adopta una filosofia de millora cont\u00ednua que es reflectix tant en la qualitat dels seus productes com en un ferm comprom\u00eds social i mediambiental. La sostenibilitat \u00e9s un pilar estrat\u00e8gic per a l\u2019empresa, que optimitza els seus processos per a minimitzar la seua petjada ambiental, amb l\u2019objectiu de generar un impacte positiu en les futures generacions. A m\u00e9s, el comprom\u00eds social de Smalticeram inclou una clara aposta per la igualtat i la diversitat, promovent un entorn inclusiu i una cultura basada en el respecte i la col\u00b7laboraci\u00f3."},{"type":"paragraph","text":"Es pot obtindre m\u00e9s informaci\u00f3 sobre Smalticeram visitant el seu lloc web:\ud83d\udc49 https:\/\/www.smalticeram.it\/es\/"}]}],"hero":{"id":"section-1","title":"L\u2019equip groguet ha visitat les instal\u00b7lacions de Smalticeram a Onda per a con\u00e9ixer de prop una innovadora exposici\u00f3 internacional","text":"L\u2019equip groguet ha visitat les instal\u00b7lacions de Smalticeram a Onda per a con\u00e9ixer de prop una innovadora exposici\u00f3 internacional El Villarreal Femen\u00ed ha visitat les instal\u00b7lacions de Smalticeram a Onda per a con\u00e9ixer de primera m\u00e0 SMALTIlab Worldwide Tour 2026, una innovadora exposici\u00f3 internacional impulsada per Smalticeram Group. Una cita que arriba en un moment clau per al conjunt groguet que, a falta d\u2019una jornada de lliga regular, ja es prepara per a afrontar el tram m\u00e9s decisiu de la temporada: el play-off d\u2019ascens a Liga F. Despr\u00e9s del seu pas per Roteglia (It\u00e0lia), la gira SMALTIlab Worldwide Tour 2026 fa parada a Onda, convertint la seu castellonenca en un espai de trobada on la tecnologia i la cer\u00e0mica es donen la m\u00e0 sota el concepte \u201cMat\u00e8ria en moviment\u201d. Durant la visita, les jugadores i el cos t\u00e8cnic van poder con\u00e9ixer les \u00faltimes solucions desenvolupades per la companyia, en una jornada que refor\u00e7a els vincles entre club i patrocinador. I \u00e9s que SMALTIlab no \u00e9s nom\u00e9s una exposici\u00f3, sin\u00f3 una experi\u00e8ncia t\u00e8cnica que trasllada la innovaci\u00f3 al context real de cada mercat. En esta edici\u00f3, es presenten solucions que combinen decoraci\u00f3 digital, sostenibilitat i efici\u00e8ncia productiva.","headings":[{"type":"heading","level":2,"text":"L\u2019equip groguet ha visitat les instal\u00b7lacions de Smalticeram a Onda per a con\u00e9ixer de prop una innovadora exposici\u00f3 internacional"}],"texts":[{"type":"paragraph","text":"El Villarreal Femen\u00ed ha visitat les instal\u00b7lacions de Smalticeram a Onda per a con\u00e9ixer de primera m\u00e0 SMALTIlab Worldwide Tour 2026, una innovadora exposici\u00f3 internacional impulsada per Smalticeram Group. Una cita que arriba en un moment clau per al conjunt groguet que, a falta d\u2019una jornada de lliga regular, ja es prepara per a afrontar el tram m\u00e9s decisiu de la temporada: el play-off d\u2019ascens a Liga F."},{"type":"paragraph","text":"Despr\u00e9s del seu pas per Roteglia (It\u00e0lia), la gira SMALTIlab Worldwide Tour 2026 fa parada a Onda, convertint la seu castellonenca en un espai de trobada on la tecnologia i la cer\u00e0mica es donen la m\u00e0 sota el concepte \u201cMat\u00e8ria en moviment\u201d. Durant la visita, les jugadores i el cos t\u00e8cnic van poder con\u00e9ixer les \u00faltimes solucions desenvolupades per la companyia, en una jornada que refor\u00e7a els vincles entre club i patrocinador. I \u00e9s que SMALTIlab no \u00e9s nom\u00e9s una exposici\u00f3, sin\u00f3 una experi\u00e8ncia t\u00e8cnica que trasllada la innovaci\u00f3 al context real de cada mercat. En esta edici\u00f3, es presenten solucions que combinen decoraci\u00f3 digital, sostenibilitat i efici\u00e8ncia productiva."}],"buttons":[],"images":[],"widgets":[],"blocks":[{"type":"heading","level":2,"text":"L\u2019equip groguet ha visitat les instal\u00b7lacions de Smalticeram a Onda per a con\u00e9ixer de prop una innovadora exposici\u00f3 internacional"},{"type":"paragraph","text":"El Villarreal Femen\u00ed ha visitat les instal\u00b7lacions de Smalticeram a Onda per a con\u00e9ixer de primera m\u00e0 SMALTIlab Worldwide Tour 2026, una innovadora exposici\u00f3 internacional impulsada per Smalticeram Group. Una cita que arriba en un moment clau per al conjunt groguet que, a falta d\u2019una jornada de lliga regular, ja es prepara per a afrontar el tram m\u00e9s decisiu de la temporada: el play-off d\u2019ascens a Liga F."},{"type":"paragraph","text":"Despr\u00e9s del seu pas per Roteglia (It\u00e0lia), la gira SMALTIlab Worldwide Tour 2026 fa parada a Onda, convertint la seu castellonenca en un espai de trobada on la tecnologia i la cer\u00e0mica es donen la m\u00e0 sota el concepte \u201cMat\u00e8ria en moviment\u201d. Durant la visita, les jugadores i el cos t\u00e8cnic van poder con\u00e9ixer les \u00faltimes solucions desenvolupades per la companyia, en una jornada que refor\u00e7a els vincles entre club i patrocinador. I \u00e9s que SMALTIlab no \u00e9s nom\u00e9s una exposici\u00f3, sin\u00f3 una experi\u00e8ncia t\u00e8cnica que trasllada la innovaci\u00f3 al context real de cada mercat. En esta edici\u00f3, es presenten solucions que combinen decoraci\u00f3 digital, sostenibilitat i efici\u00e8ncia productiva."},{"type":"video","kind":"iframe","url":"https:\/\/www.youtube.com\/embed\/Ebci6nwnzJw?feature=oembed","poster":""}]}},"sections":[{"id":"section-1","title":"L\u2019equip groguet ha visitat les instal\u00b7lacions de Smalticeram a Onda per a con\u00e9ixer de prop una innovadora exposici\u00f3 internacional","text":"L\u2019equip groguet ha visitat les instal\u00b7lacions de Smalticeram a Onda per a con\u00e9ixer de prop una innovadora exposici\u00f3 internacional El Villarreal Femen\u00ed ha visitat les instal\u00b7lacions de Smalticeram a Onda per a con\u00e9ixer de primera m\u00e0 SMALTIlab Worldwide Tour 2026, una innovadora exposici\u00f3 internacional impulsada per Smalticeram Group. Una cita que arriba en un moment clau per al conjunt groguet que, a falta d\u2019una jornada de lliga regular, ja es prepara per a afrontar el tram m\u00e9s decisiu de la temporada: el play-off d\u2019ascens a Liga F. Despr\u00e9s del seu pas per Roteglia (It\u00e0lia), la gira SMALTIlab Worldwide Tour 2026 fa parada a Onda, convertint la seu castellonenca en un espai de trobada on la tecnologia i la cer\u00e0mica es donen la m\u00e0 sota el concepte \u201cMat\u00e8ria en moviment\u201d. Durant la visita, les jugadores i el cos t\u00e8cnic van poder con\u00e9ixer les \u00faltimes solucions desenvolupades per la companyia, en una jornada que refor\u00e7a els vincles entre club i patrocinador. I \u00e9s que SMALTIlab no \u00e9s nom\u00e9s una exposici\u00f3, sin\u00f3 una experi\u00e8ncia t\u00e8cnica que trasllada la innovaci\u00f3 al context real de cada mercat. En esta edici\u00f3, es presenten solucions que combinen decoraci\u00f3 digital, sostenibilitat i efici\u00e8ncia productiva.","url":"","background_image":"","images":[],"videos":[{"type":"video","kind":"iframe","url":"https:\/\/www.youtube.com\/embed\/Ebci6nwnzJw?feature=oembed","poster":""}],"links":[]},{"id":"section-2","title":"Una jornada d\u2019uni\u00f3 institucional","text":"Una jornada d\u2019uni\u00f3 institucional L\u2019expedici\u00f3 grogueta, formada per les jugadores i el cos t\u00e8cnic, aix\u00ed com per Sergi Campos, coordinador de la secci\u00f3 femenina del Villarreal CF, i Juan Ant\u00f3n, director comercial del Villarreal CF, va ser rebuda per Fernando Tom\u00e1s, gerent de Smalticeram Espanya; Rodrigo Mendo, director comercial nacional; David Moreno, director financer, i Juan Antonio \u00c1lvarez, director de m\u00e0rqueting.","url":"","background_image":"","images":[],"videos":[],"links":[]},{"id":"section-3","title":"M\u00e9s sobre Smalticeram","text":"M\u00e9s sobre Smalticeram Smalticeram Espanya \u00e9s una empresa l\u00edder en la producci\u00f3 de frites, esmalts, colors, pigments i tintes per al sector cer\u00e0mic, amb seu a Onda (Castell\u00f3). Al llarg dels seus 25 anys de traject\u00f2ria, Smalticeram s\u2019ha consolidat com un referent en innovaci\u00f3 i sostenibilitat, impulsant el desenvolupament de la ind\u00fastria cer\u00e0mica de manera responsable i compromesa amb el seu entorn. Sota el lema \u201cSimply Better\u201d, Smalticeram adopta una filosofia de millora cont\u00ednua que es reflectix tant en la qualitat dels seus productes com en un ferm comprom\u00eds social i mediambiental. La sostenibilitat \u00e9s un pilar estrat\u00e8gic per a l\u2019empresa, que optimitza els seus processos per a minimitzar la seua petjada ambiental, amb l\u2019objectiu de generar un impacte positiu en les futures generacions. A m\u00e9s, el comprom\u00eds social de Smalticeram inclou una clara aposta per la igualtat i la diversitat, promovent un entorn inclusiu i una cultura basada en el respecte i la col\u00b7laboraci\u00f3. Es pot obtindre m\u00e9s informaci\u00f3 sobre Smalticeram visitant el seu lloc web:\ud83d\udc49 https:\/\/www.smalticeram.it\/es\/","url":"","background_image":"","images":[],"videos":[],"links":[]}]},"excerpt":{"rendered":"L\u2019equip groguet ha visitat les instal\u00b7lacions de Smalticeram a Onda per a con\u00e9ixer de prop una innovadora exposici\u00f3 internacional","protected":false},"author":54,"featured_media":629323,"comment_status":"closed","ping_status":"closed","sticky":false,"template":"","format":"standard","meta":{"_acf_changed":false,"footnotes":""},"categories":[13785],"tags":[14213,717,9270,9684,16422,716,9205,9627,9203,12685],"acf":{"imageImage":false,"link":""},"lang":"val","translations":{"es":629262,"val":629314,"en":629318},"essential_grid":{"has_grid":false},"formatted_date":"April 29, 2026","modified_date":"April 29, 2026","permalink":"https:\/\/villarrealcf.es\/val\/el-villarreal-femenino-descubre-smaltilab-2026\/","reading_time":3,"featured_media_data":{"id":629323,"title":"Smalticeram visita","caption":"","alt_text":"","description":"","mime_type":"image\/jpeg","source_url":"https:\/\/villarrealcf.es\/wp-content\/uploads\/2026\/04\/Smalticeram-visita.jpg","sizes":{"thumbnail":{"url":"https:\/\/villarrealcf.es\/wp-content\/uploads\/2026\/04\/Smalticeram-visita.jpg","width":1920,"height":1080},"medium":{"url":"https:\/\/villarrealcf.es\/wp-content\/uploads\/2026\/04\/Smalticeram-visita.jpg","width":1920,"height":1080},"medium_large":{"url":"https:\/\/villarrealcf.es\/wp-content\/uploads\/2026\/04\/Smalticeram-visita-768x432.jpg","width":768,"height":432},"large":{"url":"https:\/\/villarrealcf.es\/wp-content\/uploads\/2026\/04\/Smalticeram-visita.jpg","width":788,"height":443},"1536x1536":{"url":"https:\/\/villarrealcf.es\/wp-content\/uploads\/2026\/04\/Smalticeram-visita-1536x864.jpg","width":1536,"height":864},"2048x2048":{"url":"https:\/\/villarrealcf.es\/wp-content\/uploads\/2026\/04\/Smalticeram-visita.jpg","width":1920,"height":1080},"tp-image-grid":{"url":"https:\/\/villarrealcf.es\/wp-content\/uploads\/2026\/04\/Smalticeram-visita-700x700.jpg","width":700,"height":700},"size-bunyad-medium":{"url":"https:\/\/villarrealcf.es\/wp-content\/uploads\/2026\/04\/Smalticeram-visita.jpg","width":1920,"height":1080},"sportspress-crop-medium":{"url":"https:\/\/villarrealcf.es\/wp-content\/uploads\/2026\/04\/Smalticeram-visita-300x300.jpg","width":300,"height":300},"sportspress-fit-medium":{"url":"https:\/\/villarrealcf.es\/wp-content\/uploads\/2026\/04\/Smalticeram-visita-300x169.jpg","width":300,"height":169},"sportspress-fit-icon":{"url":"https:\/\/villarrealcf.es\/wp-content\/uploads\/2026\/04\/Smalticeram-visita-128x72.jpg","width":128,"height":72},"sportspress-fit-mini":{"url":"https:\/\/villarrealcf.es\/wp-content\/uploads\/2026\/04\/Smalticeram-visita-32x18.jpg","width":32,"height":18},"bunyad-small":{"url":"https:\/\/villarrealcf.es\/wp-content\/uploads\/2026\/04\/Smalticeram-visita-150x84.jpg","width":150,"height":84},"bunyad-medium":{"url":"https:\/\/villarrealcf.es\/wp-content\/uploads\/2026\/04\/Smalticeram-visita-450x253.jpg","width":450,"height":253},"bunyad-full":{"url":"https:\/\/villarrealcf.es\/wp-content\/uploads\/2026\/04\/Smalticeram-visita-1200x675.jpg","width":1200,"height":675},"bunyad-viewport":{"url":"https:\/\/villarrealcf.es\/wp-content\/uploads\/2026\/04\/Smalticeram-visita.jpg","width":1920,"height":1080},"bunyad-768":{"url":"https:\/\/villarrealcf.es\/wp-content\/uploads\/2026\/04\/Smalticeram-visita-768x432.jpg","width":768,"height":432},"full":{"url":"https:\/\/villarrealcf.es\/wp-content\/uploads\/2026\/04\/Smalticeram-visita.jpg","width":1920,"height":1080}}},"author_data":{"id":"54","name":"Iker Benito","first_name":"","last_name":"","description":"","avatar_url":"https:\/\/secure.gravatar.com\/avatar\/a4405d5619b434028703a519ebcd69be4aa944e45dc84f42bd1e051f345a4252?s=96&d=mm&r=g","acf":null},"taxonomies_data":{"category":[{"id":13785,"name":"Futbol Femen\u00ed","slug":"futbol-femenino-val","acf":null}],"post_tag":[{"id":14213,"name":"Destacados VAL","slug":"destacados-val","acf":null},{"id":717,"name":"Football","slug":"football-d34","acf":null},{"id":9270,"name":"Futbol","slug":"futbol-val","acf":null},{"id":9684,"name":"F\u00fatbol Femenino","slug":"futbol-femenino-val-2","acf":null},{"id":16422,"name":"Smalticeram","slug":"smalticeram-val-2","acf":null},{"id":716,"name":"Soccer","slug":"soccer-d105","acf":null},{"id":9205,"name":"Submarino","slug":"submarino-val","acf":null},{"id":9627,"name":"Submarino Amarillo","slug":"submarino-amarillo-val","acf":null},{"id":9203,"name":"Villarreal CF","slug":"villarreal-cf-val","acf":null},{"id":12685,"name":"Villarreal Femenino","slug":"villarreal-femenino-val","acf":null}],"translation_priority":[{"id":735,"name":"Optional","slug":"optional-val","acf":null}]},"seo_full":{"native":{"title":"El Villarreal Femen\u00ed descobreix SMALTIlab 2026 - Web Oficial del Villarreal CF","description":"L\u2019equip groguet ha visitat les instal\u00b7lacions de Smalticeram a Onda per a con\u00e9ixer de prop una innovadora exposici\u00f3 internacional","canonical":"https:\/\/villarrealcf.es\/val\/el-villarreal-femenino-descubre-smaltilab-2026\/"}},"_links":{"self":[{"href":"https:\/\/villarrealcf.es\/val\/wp-json\/wp\/v2\/posts\/629314","targetHints":{"allow":["GET"]}}],"collection":[{"href":"https:\/\/villarrealcf.es\/val\/wp-json\/wp\/v2\/posts"}],"about":[{"href":"https:\/\/villarrealcf.es\/val\/wp-json\/wp\/v2\/types\/post"}],"author":[{"embeddable":true,"href":"https:\/\/villarrealcf.es\/val\/wp-json\/wp\/v2\/users\/54"}],"replies":[{"embeddable":true,"href":"https:\/\/villarrealcf.es\/val\/wp-json\/wp\/v2\/comments?post=629314"}],"version-history":[{"count":2,"href":"https:\/\/villarrealcf.es\/val\/wp-json\/wp\/v2\/posts\/629314\/revisions"}],"predecessor-version":[{"id":629317,"href":"https:\/\/villarrealcf.es\/val\/wp-json\/wp\/v2\/posts\/629314\/revisions\/629317"}],"wp:featuredmedia":[{"embeddable":true,"href":"https:\/\/villarrealcf.es\/val\/wp-json\/wp\/v2\/media\/629323"}],"wp:attachment":[{"href":"https:\/\/villarrealcf.es\/val\/wp-json\/wp\/v2\/media?parent=629314"}],"wp:term":[{"taxonomy":"category","embeddable":true,"href":"https:\/\/villarrealcf.es\/val\/wp-json\/wp\/v2\/categories?post=629314"},{"taxonomy":"post_tag","embeddable":true,"href":"https:\/\/villarrealcf.es\/val\/wp-json\/wp\/v2\/tags?post=629314"}],"curies":[{"name":"wp","href":"https:\/\/api.w.org\/{rel}","templated":true}]}}