{"id":629256,"date":"2026-04-29T20:11:00","date_gmt":"2026-04-29T18:11:00","guid":{"rendered":"https:\/\/villarrealcf.es\/ayoze-perez-y-marta-querol-celebran-el-25-aniversario-de-la-pena-sant-pasqual\/"},"modified":"2026-04-28T14:06:33","modified_gmt":"2026-04-28T12:06:33","slug":"ayoze-perez-i-marta-querol-convidats-de-luxe-en-el-25e-aniversari-de-la-penya-sant-pasqual","status":"publish","type":"post","link":"https:\/\/villarrealcf.es\/val\/ayoze-perez-i-marta-querol-convidats-de-luxe-en-el-25e-aniversari-de-la-penya-sant-pasqual\/","title":{"rendered":"Ayoze P\u00e9rez i Marta Querol, convidats de luxe en el 25\u00e9 aniversari de la penya Sant Pasqual"},"content":{"protected":false,"blocks":[{"type":"heading","level":2,"text":"Els jugadors del Villarreal han acompanyat als penyistes en un acte molt especial celebrat en la seu de l\u2019APV"},{"type":"paragraph","text":"Els futbolistes del Villarreal CF Ayoze P\u00e9rez i Marta Querol han visitat la penya Sant Pasqual en una jornada festiva i molt emocionant, ja que l\u2019agrupaci\u00f3 vila-realenca celebra el seu 25\u00e9 aniversari. L\u2019encontre s\u2019ha dut a terme en la seu de l\u2019Agrupaci\u00f3 de Penyes del Villarreal CF (APV), situada a escassos metres de l\u2019Estadio de la Cer\u00e1mica."},{"type":"paragraph","text":"Durant l\u2019acte, els aficionats groguets han pogut con\u00e9ixer en primera persona les estreles del Submar\u00ed i compartir amb ells an\u00e8cdotes i hist\u00f2ries d\u2019este quart de segle de passi\u00f3 pel Villarreal. Per a posar el fermall d\u2019or a la celebraci\u00f3, els penyistes han tingut l\u2019oportunitat de xarrar amb els jugadors, aconseguir els seus aut\u00f2grafs i fotografiar-se al seu costat per a guardar un record inoblidable"}],"structured":{"summary":{"text":"Els jugadors del Villarreal han acompanyat als penyistes en un acte molt especial celebrat en la seu de l\u2019APV Els futbolistes del Villarreal CF Ayoze P\u00e9rez i Marta Querol han visitat la penya Sant Pasqual en una jornada festiva i molt emocionant, ja que l\u2019agrupaci\u00f3 vila-realenca celebra el seu 25\u00e9 aniversari. L\u2019encontre s\u2019ha dut a terme en la seu de l\u2019Agrupaci\u00f3 de Penyes del Villarreal CF (APV), situada a escassos metres de l\u2019Estadio de la Cer\u00e1mica. Durant l\u2019acte, els aficionats groguets han pogut con\u00e9ixer en primera persona les estreles del Submar\u00ed i compartir amb ells an\u00e8cdotes i hist\u00f2ries d\u2019este quart de segle de passi\u00f3 pel Villarreal. Per a posar el fermall d\u2019or a la celebraci\u00f3, els penyistes han tingut l\u2019oportunitat de xarrar amb els jugadors, aconseguir els seus aut\u00f2grafs i fotografiar-se al seu costat per a guardar un record inoblidable","headings":[{"type":"heading","level":2,"text":"Els jugadors del Villarreal han acompanyat als penyistes en un acte molt especial celebrat en la seu de l\u2019APV"}],"buttons":[],"images":[],"counts":{"blocks":3,"headings":1,"texts":2,"buttons":0,"images":0}},"sections":[{"id":"section-1","title":"Els jugadors del Villarreal han acompanyat als penyistes en un acte molt especial celebrat en la seu de l\u2019APV","text":"Els jugadors del Villarreal han acompanyat als penyistes en un acte molt especial celebrat en la seu de l\u2019APV Els futbolistes del Villarreal CF Ayoze P\u00e9rez i Marta Querol han visitat la penya Sant Pasqual en una jornada festiva i molt emocionant, ja que l\u2019agrupaci\u00f3 vila-realenca celebra el seu 25\u00e9 aniversari. L\u2019encontre s\u2019ha dut a terme en la seu de l\u2019Agrupaci\u00f3 de Penyes del Villarreal CF (APV), situada a escassos metres de l\u2019Estadio de la Cer\u00e1mica. Durant l\u2019acte, els aficionats groguets han pogut con\u00e9ixer en primera persona les estreles del Submar\u00ed i compartir amb ells an\u00e8cdotes i hist\u00f2ries d\u2019este quart de segle de passi\u00f3 pel Villarreal. Per a posar el fermall d\u2019or a la celebraci\u00f3, els penyistes han tingut l\u2019oportunitat de xarrar amb els jugadors, aconseguir els seus aut\u00f2grafs i fotografiar-se al seu costat per a guardar un record inoblidable","headings":[{"type":"heading","level":2,"text":"Els jugadors del Villarreal han acompanyat als penyistes en un acte molt especial celebrat en la seu de l\u2019APV"}],"texts":[{"type":"paragraph","text":"Els futbolistes del Villarreal CF Ayoze P\u00e9rez i Marta Querol han visitat la penya Sant Pasqual en una jornada festiva i molt emocionant, ja que l\u2019agrupaci\u00f3 vila-realenca celebra el seu 25\u00e9 aniversari. L\u2019encontre s\u2019ha dut a terme en la seu de l\u2019Agrupaci\u00f3 de Penyes del Villarreal CF (APV), situada a escassos metres de l\u2019Estadio de la Cer\u00e1mica."},{"type":"paragraph","text":"Durant l\u2019acte, els aficionats groguets han pogut con\u00e9ixer en primera persona les estreles del Submar\u00ed i compartir amb ells an\u00e8cdotes i hist\u00f2ries d\u2019este quart de segle de passi\u00f3 pel Villarreal. Per a posar el fermall d\u2019or a la celebraci\u00f3, els penyistes han tingut l\u2019oportunitat de xarrar amb els jugadors, aconseguir els seus aut\u00f2grafs i fotografiar-se al seu costat per a guardar un record inoblidable"}],"buttons":[],"images":[],"widgets":[],"blocks":[{"type":"heading","level":2,"text":"Els jugadors del Villarreal han acompanyat als penyistes en un acte molt especial celebrat en la seu de l\u2019APV"},{"type":"paragraph","text":"Els futbolistes del Villarreal CF Ayoze P\u00e9rez i Marta Querol han visitat la penya Sant Pasqual en una jornada festiva i molt emocionant, ja que l\u2019agrupaci\u00f3 vila-realenca celebra el seu 25\u00e9 aniversari. L\u2019encontre s\u2019ha dut a terme en la seu de l\u2019Agrupaci\u00f3 de Penyes del Villarreal CF (APV), situada a escassos metres de l\u2019Estadio de la Cer\u00e1mica."},{"type":"paragraph","text":"Durant l\u2019acte, els aficionats groguets han pogut con\u00e9ixer en primera persona les estreles del Submar\u00ed i compartir amb ells an\u00e8cdotes i hist\u00f2ries d\u2019este quart de segle de passi\u00f3 pel Villarreal. Per a posar el fermall d\u2019or a la celebraci\u00f3, els penyistes han tingut l\u2019oportunitat de xarrar amb els jugadors, aconseguir els seus aut\u00f2grafs i fotografiar-se al seu costat per a guardar un record inoblidable"}]}],"hero":{"id":"section-1","title":"Els jugadors del Villarreal han acompanyat als penyistes en un acte molt especial celebrat en la seu de l\u2019APV","text":"Els jugadors del Villarreal han acompanyat als penyistes en un acte molt especial celebrat en la seu de l\u2019APV Els futbolistes del Villarreal CF Ayoze P\u00e9rez i Marta Querol han visitat la penya Sant Pasqual en una jornada festiva i molt emocionant, ja que l\u2019agrupaci\u00f3 vila-realenca celebra el seu 25\u00e9 aniversari. L\u2019encontre s\u2019ha dut a terme en la seu de l\u2019Agrupaci\u00f3 de Penyes del Villarreal CF (APV), situada a escassos metres de l\u2019Estadio de la Cer\u00e1mica. Durant l\u2019acte, els aficionats groguets han pogut con\u00e9ixer en primera persona les estreles del Submar\u00ed i compartir amb ells an\u00e8cdotes i hist\u00f2ries d\u2019este quart de segle de passi\u00f3 pel Villarreal. Per a posar el fermall d\u2019or a la celebraci\u00f3, els penyistes han tingut l\u2019oportunitat de xarrar amb els jugadors, aconseguir els seus aut\u00f2grafs i fotografiar-se al seu costat per a guardar un record inoblidable","headings":[{"type":"heading","level":2,"text":"Els jugadors del Villarreal han acompanyat als penyistes en un acte molt especial celebrat en la seu de l\u2019APV"}],"texts":[{"type":"paragraph","text":"Els futbolistes del Villarreal CF Ayoze P\u00e9rez i Marta Querol han visitat la penya Sant Pasqual en una jornada festiva i molt emocionant, ja que l\u2019agrupaci\u00f3 vila-realenca celebra el seu 25\u00e9 aniversari. L\u2019encontre s\u2019ha dut a terme en la seu de l\u2019Agrupaci\u00f3 de Penyes del Villarreal CF (APV), situada a escassos metres de l\u2019Estadio de la Cer\u00e1mica."},{"type":"paragraph","text":"Durant l\u2019acte, els aficionats groguets han pogut con\u00e9ixer en primera persona les estreles del Submar\u00ed i compartir amb ells an\u00e8cdotes i hist\u00f2ries d\u2019este quart de segle de passi\u00f3 pel Villarreal. Per a posar el fermall d\u2019or a la celebraci\u00f3, els penyistes han tingut l\u2019oportunitat de xarrar amb els jugadors, aconseguir els seus aut\u00f2grafs i fotografiar-se al seu costat per a guardar un record inoblidable"}],"buttons":[],"images":[],"widgets":[],"blocks":[{"type":"heading","level":2,"text":"Els jugadors del Villarreal han acompanyat als penyistes en un acte molt especial celebrat en la seu de l\u2019APV"},{"type":"paragraph","text":"Els futbolistes del Villarreal CF Ayoze P\u00e9rez i Marta Querol han visitat la penya Sant Pasqual en una jornada festiva i molt emocionant, ja que l\u2019agrupaci\u00f3 vila-realenca celebra el seu 25\u00e9 aniversari. L\u2019encontre s\u2019ha dut a terme en la seu de l\u2019Agrupaci\u00f3 de Penyes del Villarreal CF (APV), situada a escassos metres de l\u2019Estadio de la Cer\u00e1mica."},{"type":"paragraph","text":"Durant l\u2019acte, els aficionats groguets han pogut con\u00e9ixer en primera persona les estreles del Submar\u00ed i compartir amb ells an\u00e8cdotes i hist\u00f2ries d\u2019este quart de segle de passi\u00f3 pel Villarreal. Per a posar el fermall d\u2019or a la celebraci\u00f3, els penyistes han tingut l\u2019oportunitat de xarrar amb els jugadors, aconseguir els seus aut\u00f2grafs i fotografiar-se al seu costat per a guardar un record inoblidable"}]}},"sections":[{"id":"section-1","title":"Els jugadors del Villarreal han acompanyat als penyistes en un acte molt especial celebrat en la seu de l\u2019APV","text":"Els jugadors del Villarreal han acompanyat als penyistes en un acte molt especial celebrat en la seu de l\u2019APV Els futbolistes del Villarreal CF Ayoze P\u00e9rez i Marta Querol han visitat la penya Sant Pasqual en una jornada festiva i molt emocionant, ja que l\u2019agrupaci\u00f3 vila-realenca celebra el seu 25\u00e9 aniversari. L\u2019encontre s\u2019ha dut a terme en la seu de l\u2019Agrupaci\u00f3 de Penyes del Villarreal CF (APV), situada a escassos metres de l\u2019Estadio de la Cer\u00e1mica. Durant l\u2019acte, els aficionats groguets han pogut con\u00e9ixer en primera persona les estreles del Submar\u00ed i compartir amb ells an\u00e8cdotes i hist\u00f2ries d\u2019este quart de segle de passi\u00f3 pel Villarreal. Per a posar el fermall d\u2019or a la celebraci\u00f3, els penyistes han tingut l\u2019oportunitat de xarrar amb els jugadors, aconseguir els seus aut\u00f2grafs i fotografiar-se al seu costat per a guardar un record inoblidable","url":"","background_image":"","images":[],"videos":[],"links":[]}]},"excerpt":{"rendered":"Els jugadors del Villarreal han acompanyat als penyistes en un acte molt especial celebrat en la seu de l\u2019APV","protected":false},"author":54,"featured_media":629341,"comment_status":"closed","ping_status":"closed","sticky":false,"template":"","format":"standard","meta":{"_acf_changed":false,"footnotes":""},"categories":[13507],"tags":[9487,9813,15908,14213,717,9270,16414,16985,14027,716,9205,9627,9203],"acf":{"imageImage":false,"link":""},"lang":"val","translations":{"es":629252,"en":629255,"val":629256},"essential_grid":{"has_grid":false},"formatted_date":"April 29, 2026","modified_date":"April 28, 2026","permalink":"https:\/\/villarrealcf.es\/val\/ayoze-perez-i-marta-querol-convidats-de-luxe-en-el-25e-aniversari-de-la-penya-sant-pasqual\/","reading_time":1,"featured_media_data":{"id":629341,"title":"SANT PASQUAL","caption":"","alt_text":"","description":"","mime_type":"image\/jpeg","source_url":"https:\/\/villarrealcf.es\/wp-content\/uploads\/2026\/04\/SANT-PASQUAL.jpg","sizes":{"thumbnail":{"url":"https:\/\/villarrealcf.es\/wp-content\/uploads\/2026\/04\/SANT-PASQUAL.jpg","width":1920,"height":1080},"medium":{"url":"https:\/\/villarrealcf.es\/wp-content\/uploads\/2026\/04\/SANT-PASQUAL.jpg","width":1920,"height":1080},"medium_large":{"url":"https:\/\/villarrealcf.es\/wp-content\/uploads\/2026\/04\/SANT-PASQUAL-768x432.jpg","width":768,"height":432},"large":{"url":"https:\/\/villarrealcf.es\/wp-content\/uploads\/2026\/04\/SANT-PASQUAL.jpg","width":788,"height":443},"1536x1536":{"url":"https:\/\/villarrealcf.es\/wp-content\/uploads\/2026\/04\/SANT-PASQUAL-1536x864.jpg","width":1536,"height":864},"2048x2048":{"url":"https:\/\/villarrealcf.es\/wp-content\/uploads\/2026\/04\/SANT-PASQUAL.jpg","width":1920,"height":1080},"tp-image-grid":{"url":"https:\/\/villarrealcf.es\/wp-content\/uploads\/2026\/04\/SANT-PASQUAL-700x700.jpg","width":700,"height":700},"size-bunyad-medium":{"url":"https:\/\/villarrealcf.es\/wp-content\/uploads\/2026\/04\/SANT-PASQUAL.jpg","width":1920,"height":1080},"sportspress-crop-medium":{"url":"https:\/\/villarrealcf.es\/wp-content\/uploads\/2026\/04\/SANT-PASQUAL-300x300.jpg","width":300,"height":300},"sportspress-fit-medium":{"url":"https:\/\/villarrealcf.es\/wp-content\/uploads\/2026\/04\/SANT-PASQUAL-300x169.jpg","width":300,"height":169},"sportspress-fit-icon":{"url":"https:\/\/villarrealcf.es\/wp-content\/uploads\/2026\/04\/SANT-PASQUAL-128x72.jpg","width":128,"height":72},"sportspress-fit-mini":{"url":"https:\/\/villarrealcf.es\/wp-content\/uploads\/2026\/04\/SANT-PASQUAL-32x18.jpg","width":32,"height":18},"bunyad-small":{"url":"https:\/\/villarrealcf.es\/wp-content\/uploads\/2026\/04\/SANT-PASQUAL-150x84.jpg","width":150,"height":84},"bunyad-medium":{"url":"https:\/\/villarrealcf.es\/wp-content\/uploads\/2026\/04\/SANT-PASQUAL-450x253.jpg","width":450,"height":253},"bunyad-full":{"url":"https:\/\/villarrealcf.es\/wp-content\/uploads\/2026\/04\/SANT-PASQUAL-1200x675.jpg","width":1200,"height":675},"bunyad-viewport":{"url":"https:\/\/villarrealcf.es\/wp-content\/uploads\/2026\/04\/SANT-PASQUAL.jpg","width":1920,"height":1080},"bunyad-768":{"url":"https:\/\/villarrealcf.es\/wp-content\/uploads\/2026\/04\/SANT-PASQUAL-768x432.jpg","width":768,"height":432},"full":{"url":"https:\/\/villarrealcf.es\/wp-content\/uploads\/2026\/04\/SANT-PASQUAL.jpg","width":1920,"height":1080}}},"author_data":{"id":"54","name":"Iker Benito","first_name":"","last_name":"","description":"","avatar_url":"https:\/\/secure.gravatar.com\/avatar\/a4405d5619b434028703a519ebcd69be4aa944e45dc84f42bd1e051f345a4252?s=96&d=mm&r=g","acf":null},"taxonomies_data":{"category":[{"id":13507,"name":"Fans","slug":"fans-val","acf":null}],"post_tag":[{"id":9487,"name":"Afici\u00f3n","slug":"aficion-val","acf":null},{"id":9813,"name":"Agrupaci\u00f3n de Pe\u00f1as","slug":"agrupacion-de-penas-val","acf":null},{"id":15908,"name":"Ayoze P\u00e9rez","slug":"ayoze-perez-val","acf":null},{"id":14213,"name":"Destacados VAL","slug":"destacados-val","acf":null},{"id":717,"name":"Football","slug":"football-d34","acf":null},{"id":9270,"name":"Futbol","slug":"futbol-val","acf":null},{"id":16414,"name":"Marta Querol","slug":"marta-querol-2-val-2","acf":null},{"id":16985,"name":"Pe\u00f1a Sant Pasqual","slug":"pena-sant-pasqual","acf":null},{"id":14027,"name":"Sin categorizar","slug":"sin-categorizar-val-3","acf":null},{"id":716,"name":"Soccer","slug":"soccer-d105","acf":null},{"id":9205,"name":"Submarino","slug":"submarino-val","acf":null},{"id":9627,"name":"Submarino Amarillo","slug":"submarino-amarillo-val","acf":null},{"id":9203,"name":"Villarreal CF","slug":"villarreal-cf-val","acf":null}],"translation_priority":[{"id":735,"name":"Optional","slug":"optional-val","acf":null}]},"seo_full":{"native":{"title":"Ayoze P\u00e9rez i Marta Querol, convidats de luxe en el 25\u00e9 aniversari de la penya Sant Pasqual - Web Oficial del Villarreal CF","description":"Els jugadors del Villarreal han acompanyat als penyistes en un acte molt especial celebrat en la seu de l\u2019APV","canonical":"https:\/\/villarrealcf.es\/val\/ayoze-perez-i-marta-querol-convidats-de-luxe-en-el-25e-aniversari-de-la-penya-sant-pasqual\/"}},"_links":{"self":[{"href":"https:\/\/villarrealcf.es\/val\/wp-json\/wp\/v2\/posts\/629256","targetHints":{"allow":["GET"]}}],"collection":[{"href":"https:\/\/villarrealcf.es\/val\/wp-json\/wp\/v2\/posts"}],"about":[{"href":"https:\/\/villarrealcf.es\/val\/wp-json\/wp\/v2\/types\/post"}],"author":[{"embeddable":true,"href":"https:\/\/villarrealcf.es\/val\/wp-json\/wp\/v2\/users\/54"}],"replies":[{"embeddable":true,"href":"https:\/\/villarrealcf.es\/val\/wp-json\/wp\/v2\/comments?post=629256"}],"version-history":[{"count":2,"href":"https:\/\/villarrealcf.es\/val\/wp-json\/wp\/v2\/posts\/629256\/revisions"}],"predecessor-version":[{"id":629263,"href":"https:\/\/villarrealcf.es\/val\/wp-json\/wp\/v2\/posts\/629256\/revisions\/629263"}],"wp:featuredmedia":[{"embeddable":true,"href":"https:\/\/villarrealcf.es\/val\/wp-json\/wp\/v2\/media\/629341"}],"wp:attachment":[{"href":"https:\/\/villarrealcf.es\/val\/wp-json\/wp\/v2\/media?parent=629256"}],"wp:term":[{"taxonomy":"category","embeddable":true,"href":"https:\/\/villarrealcf.es\/val\/wp-json\/wp\/v2\/categories?post=629256"},{"taxonomy":"post_tag","embeddable":true,"href":"https:\/\/villarrealcf.es\/val\/wp-json\/wp\/v2\/tags?post=629256"}],"curies":[{"name":"wp","href":"https:\/\/api.w.org\/{rel}","templated":true}]}}