{"id":629188,"date":"2026-04-28T13:34:14","date_gmt":"2026-04-28T11:34:14","guid":{"rendered":"https:\/\/villarrealcf.es\/el-club-dempreses-del-villarreal-cf-disfruta-del-triunfo-ante-el-celta\/"},"modified":"2026-04-27T18:13:45","modified_gmt":"2026-04-27T16:13:45","slug":"el-club-dempreses-del-villarreal-cf-gaudeix-del-triomf-davant-el-celta","status":"publish","type":"post","link":"https:\/\/villarrealcf.es\/val\/el-club-dempreses-del-villarreal-cf-gaudeix-del-triomf-davant-el-celta\/","title":{"rendered":"El Club d\u2019Empreses del Villarreal CF gaudeix del triomf davant el Celta"},"content":{"protected":false,"blocks":[{"type":"heading","level":2,"text":"El Club 1923 ha acollit un esdeveniment amb el Pamesa Teruel Voleibol com a gran protagonista"},{"type":"paragraph","text":"El Club d\u2019Empreses del Villarreal CF ha celebrat este diumenge un esdeveniment exclusiu amb els seus membres al Club 1923 durant la pr\u00e8via del partit davant el RC Celta. Com a gran novetat, l\u2019acte va comptar amb la participaci\u00f3 del Pamesa Teruel Voleibol, club convidat pel Submar\u00ed Groguet, amb qui comparteix patrocinador principal."},{"type":"paragraph","text":"El president del club turolenc, Sergio Puerto, va presentar davant els membres del Club d\u2019Empreses del Villarreal CF, aix\u00ed com davant els patrocinadors i institucions convidades pel conjunt aragon\u00e9s, el projecte estrat\u00e8gic i esportiu de l\u2019entitat per a les pr\u00f2ximes tres temporades."},{"type":"paragraph","text":"Despr\u00e9s de la confer\u00e8ncia, tots els assistents van visitar Inmersi\u00f3n Villarreal abans de gaudir d\u2019un c\u00f2ctel exclusiu al Club 1923 i animar l\u2019equip de Marcelino en l\u2019encontre davant el conjunt celeste."},{"type":"heading","level":3,"text":"Uneix-te al Club d\u2019Empreses del Villarreal CF"},{"type":"paragraph","text":"El Club d\u2019Empreses del Villarreal CF \u00e9s un business club exclusiu que aglutina el teixit empresarial de Vila-real i de la prov\u00edncia de Castell\u00f3. Una nova comunitat al voltant del Submar\u00ed Groguet que actua com a motor de creixement i connexi\u00f3 per a les empreses que formen part d\u2019este projecte."},{"type":"paragraph","text":"Amb esta iniciativa, el Villarreal CF pret\u00e9n refor\u00e7ar els vincles entre l\u2019esport i el m\u00f3n empresarial, exercint com a catalitzador i punt de trobada per a entitats i negocis del seu territori."},{"type":"paragraph","text":"El Club d\u2019Empreses naix amb l\u2019objectiu de connectar petites i mitjanes empreses, comer\u00e7os locals, institucions i aut\u00f2noms que vulguen vincular-se al Villarreal CF i beneficiar-se d\u2019una xarxa de networking associada al Submar\u00ed Groguet. Una oportunitat \u00fanica per a aquelles empreses que, per dimensi\u00f3 o pressupost, no poden accedir al grup de patrocinadors, per\u00f2 s\u00ed formar part de la gran fam\u00edlia del Villarreal CF."},{"type":"link","url":"https:\/\/villarrealcf.es\/val\/club-empreses\/","text":"uneix-te al club de empresas","target":""},{"type":"paragraph","text":"En unir-te al Club d\u2019Empreses del Villarreal CF, podr\u00e0s:"},{"type":"list","style":"ul","items":["Associar la teua marca a un club de refer\u00e8ncia en l\u2019\u00e0mbit esportiu i en la comunitat empresarial.","Accedir a una xarxa exclusiva de networking amb empreses de diferents sectors, incloses grans corporacions de la prov\u00edncia.","Assistir a workshops i confer\u00e8ncies formatives.","Gaudir d\u2019experi\u00e8ncies \u00faniques i actius exclusius que, d\u2019una altra manera, no estarien a l\u2019abast de la teua empresa."]}],"structured":{"summary":{"text":"El Club 1923 ha acollit un esdeveniment amb el Pamesa Teruel Voleibol com a gran protagonista El Club d\u2019Empreses del Villarreal CF ha celebrat este diumenge un esdeveniment exclusiu amb els seus membres al Club 1923 durant la pr\u00e8via del partit davant el RC Celta. Com a gran novetat, l\u2019acte va comptar amb la participaci\u00f3 del Pamesa Teruel Voleibol, club convidat pel Submar\u00ed Groguet, amb qui comparteix patrocinador principal. El president del club turolenc, Sergio Puerto, va presentar davant els membres del Club d\u2019Empreses del Villarreal CF, aix\u00ed com davant els patrocinadors i institucions convidades pel conjunt aragon\u00e9s, el projecte estrat\u00e8gic i esportiu de l\u2019entitat per a les pr\u00f2ximes tres temporades. Despr\u00e9s de la confer\u00e8ncia, tots els assistents van visitar Inmersi\u00f3n Villarreal abans de gaudir d\u2019un c\u00f2ctel exclusiu al Club 1923 i animar l\u2019equip de Marcelino en l\u2019encontre davant el conjunt celeste. Uneix-te al Club d\u2019Empreses del Villarreal CF El Club d\u2019Empreses del Villarreal CF \u00e9s un business club exclusiu que aglutina el teixit empresarial de Vila-real i de la prov\u00edncia de Castell\u00f3. Una nova comunitat al voltant del Submar\u00ed Groguet que actua com a motor de creixement i connexi\u00f3 per a les empreses que formen part d\u2019este projecte. Amb esta iniciativa, el Villarreal CF pret\u00e9n refor\u00e7ar els vincles entre l\u2019esport i el m\u00f3n empresarial, exercint com a catalitzador i punt de trobada per a entitats i negocis del seu territori. El Club d\u2019Empreses naix amb l\u2019objectiu de connectar petites i mitjanes empreses, comer\u00e7os locals, institucions i aut\u00f2noms que vulguen vincular-se al Villarreal CF i beneficiar-se d\u2019una xarxa de networking associada al Submar\u00ed Groguet. Una oportunitat \u00fanica per a aquelles empreses que, per dimensi\u00f3 o pressupost, no poden accedir al grup de patrocinadors, per\u00f2 s\u00ed formar part de la gran fam\u00edlia del Villarreal CF. uneix-te al club de empresas En unir-te al Club d\u2019Empreses del Villarreal CF, podr\u00e0s: Associar la teua marca a un club de refer\u00e8ncia en l\u2019\u00e0mbit esportiu i en la comunitat empresarial. Accedir a una xarxa exclusiva de networking amb empreses de diferents sectors, incloses grans corporacions de la prov\u00edncia. Assistir a workshops i confer\u00e8ncies formatives. Gaudir d\u2019experi\u00e8ncies \u00faniques i actius exclusius que, d\u2019una altra manera, no estarien a l\u2019abast de la teua empresa.","headings":[{"type":"heading","level":2,"text":"El Club 1923 ha acollit un esdeveniment amb el Pamesa Teruel Voleibol com a gran protagonista"},{"type":"heading","level":3,"text":"Uneix-te al Club d\u2019Empreses del Villarreal CF"}],"buttons":[],"images":[],"counts":{"blocks":11,"headings":2,"texts":7,"buttons":0,"images":0}},"sections":[{"id":"section-1","title":"El Club 1923 ha acollit un esdeveniment amb el Pamesa Teruel Voleibol com a gran protagonista","text":"El Club 1923 ha acollit un esdeveniment amb el Pamesa Teruel Voleibol com a gran protagonista El Club d\u2019Empreses del Villarreal CF ha celebrat este diumenge un esdeveniment exclusiu amb els seus membres al Club 1923 durant la pr\u00e8via del partit davant el RC Celta. Com a gran novetat, l\u2019acte va comptar amb la participaci\u00f3 del Pamesa Teruel Voleibol, club convidat pel Submar\u00ed Groguet, amb qui comparteix patrocinador principal. El president del club turolenc, Sergio Puerto, va presentar davant els membres del Club d\u2019Empreses del Villarreal CF, aix\u00ed com davant els patrocinadors i institucions convidades pel conjunt aragon\u00e9s, el projecte estrat\u00e8gic i esportiu de l\u2019entitat per a les pr\u00f2ximes tres temporades. Despr\u00e9s de la confer\u00e8ncia, tots els assistents van visitar Inmersi\u00f3n Villarreal abans de gaudir d\u2019un c\u00f2ctel exclusiu al Club 1923 i animar l\u2019equip de Marcelino en l\u2019encontre davant el conjunt celeste.","headings":[{"type":"heading","level":2,"text":"El Club 1923 ha acollit un esdeveniment amb el Pamesa Teruel Voleibol com a gran protagonista"}],"texts":[{"type":"paragraph","text":"El Club d\u2019Empreses del Villarreal CF ha celebrat este diumenge un esdeveniment exclusiu amb els seus membres al Club 1923 durant la pr\u00e8via del partit davant el RC Celta. Com a gran novetat, l\u2019acte va comptar amb la participaci\u00f3 del Pamesa Teruel Voleibol, club convidat pel Submar\u00ed Groguet, amb qui comparteix patrocinador principal."},{"type":"paragraph","text":"El president del club turolenc, Sergio Puerto, va presentar davant els membres del Club d\u2019Empreses del Villarreal CF, aix\u00ed com davant els patrocinadors i institucions convidades pel conjunt aragon\u00e9s, el projecte estrat\u00e8gic i esportiu de l\u2019entitat per a les pr\u00f2ximes tres temporades."},{"type":"paragraph","text":"Despr\u00e9s de la confer\u00e8ncia, tots els assistents van visitar Inmersi\u00f3n Villarreal abans de gaudir d\u2019un c\u00f2ctel exclusiu al Club 1923 i animar l\u2019equip de Marcelino en l\u2019encontre davant el conjunt celeste."}],"buttons":[],"images":[],"widgets":[],"blocks":[{"type":"heading","level":2,"text":"El Club 1923 ha acollit un esdeveniment amb el Pamesa Teruel Voleibol com a gran protagonista"},{"type":"paragraph","text":"El Club d\u2019Empreses del Villarreal CF ha celebrat este diumenge un esdeveniment exclusiu amb els seus membres al Club 1923 durant la pr\u00e8via del partit davant el RC Celta. Com a gran novetat, l\u2019acte va comptar amb la participaci\u00f3 del Pamesa Teruel Voleibol, club convidat pel Submar\u00ed Groguet, amb qui comparteix patrocinador principal."},{"type":"paragraph","text":"El president del club turolenc, Sergio Puerto, va presentar davant els membres del Club d\u2019Empreses del Villarreal CF, aix\u00ed com davant els patrocinadors i institucions convidades pel conjunt aragon\u00e9s, el projecte estrat\u00e8gic i esportiu de l\u2019entitat per a les pr\u00f2ximes tres temporades."},{"type":"paragraph","text":"Despr\u00e9s de la confer\u00e8ncia, tots els assistents van visitar Inmersi\u00f3n Villarreal abans de gaudir d\u2019un c\u00f2ctel exclusiu al Club 1923 i animar l\u2019equip de Marcelino en l\u2019encontre davant el conjunt celeste."}]},{"id":"section-2","title":"Uneix-te al Club d\u2019Empreses del Villarreal CF","text":"Uneix-te al Club d\u2019Empreses del Villarreal CF El Club d\u2019Empreses del Villarreal CF \u00e9s un business club exclusiu que aglutina el teixit empresarial de Vila-real i de la prov\u00edncia de Castell\u00f3. Una nova comunitat al voltant del Submar\u00ed Groguet que actua com a motor de creixement i connexi\u00f3 per a les empreses que formen part d\u2019este projecte. Amb esta iniciativa, el Villarreal CF pret\u00e9n refor\u00e7ar els vincles entre l\u2019esport i el m\u00f3n empresarial, exercint com a catalitzador i punt de trobada per a entitats i negocis del seu territori. El Club d\u2019Empreses naix amb l\u2019objectiu de connectar petites i mitjanes empreses, comer\u00e7os locals, institucions i aut\u00f2noms que vulguen vincular-se al Villarreal CF i beneficiar-se d\u2019una xarxa de networking associada al Submar\u00ed Groguet. Una oportunitat \u00fanica per a aquelles empreses que, per dimensi\u00f3 o pressupost, no poden accedir al grup de patrocinadors, per\u00f2 s\u00ed formar part de la gran fam\u00edlia del Villarreal CF. En unir-te al Club d\u2019Empreses del Villarreal CF, podr\u00e0s:","headings":[{"type":"heading","level":3,"text":"Uneix-te al Club d\u2019Empreses del Villarreal CF"}],"texts":[{"type":"paragraph","text":"El Club d\u2019Empreses del Villarreal CF \u00e9s un business club exclusiu que aglutina el teixit empresarial de Vila-real i de la prov\u00edncia de Castell\u00f3. Una nova comunitat al voltant del Submar\u00ed Groguet que actua com a motor de creixement i connexi\u00f3 per a les empreses que formen part d\u2019este projecte."},{"type":"paragraph","text":"Amb esta iniciativa, el Villarreal CF pret\u00e9n refor\u00e7ar els vincles entre l\u2019esport i el m\u00f3n empresarial, exercint com a catalitzador i punt de trobada per a entitats i negocis del seu territori."},{"type":"paragraph","text":"El Club d\u2019Empreses naix amb l\u2019objectiu de connectar petites i mitjanes empreses, comer\u00e7os locals, institucions i aut\u00f2noms que vulguen vincular-se al Villarreal CF i beneficiar-se d\u2019una xarxa de networking associada al Submar\u00ed Groguet. Una oportunitat \u00fanica per a aquelles empreses que, per dimensi\u00f3 o pressupost, no poden accedir al grup de patrocinadors, per\u00f2 s\u00ed formar part de la gran fam\u00edlia del Villarreal CF."},{"type":"paragraph","text":"En unir-te al Club d\u2019Empreses del Villarreal CF, podr\u00e0s:"}],"buttons":[],"images":[],"widgets":[],"blocks":[{"type":"heading","level":3,"text":"Uneix-te al Club d\u2019Empreses del Villarreal CF"},{"type":"paragraph","text":"El Club d\u2019Empreses del Villarreal CF \u00e9s un business club exclusiu que aglutina el teixit empresarial de Vila-real i de la prov\u00edncia de Castell\u00f3. Una nova comunitat al voltant del Submar\u00ed Groguet que actua com a motor de creixement i connexi\u00f3 per a les empreses que formen part d\u2019este projecte."},{"type":"paragraph","text":"Amb esta iniciativa, el Villarreal CF pret\u00e9n refor\u00e7ar els vincles entre l\u2019esport i el m\u00f3n empresarial, exercint com a catalitzador i punt de trobada per a entitats i negocis del seu territori."},{"type":"paragraph","text":"El Club d\u2019Empreses naix amb l\u2019objectiu de connectar petites i mitjanes empreses, comer\u00e7os locals, institucions i aut\u00f2noms que vulguen vincular-se al Villarreal CF i beneficiar-se d\u2019una xarxa de networking associada al Submar\u00ed Groguet. Una oportunitat \u00fanica per a aquelles empreses que, per dimensi\u00f3 o pressupost, no poden accedir al grup de patrocinadors, per\u00f2 s\u00ed formar part de la gran fam\u00edlia del Villarreal CF."},{"type":"link","url":"https:\/\/villarrealcf.es\/val\/club-empreses\/","text":"uneix-te al club de empresas","target":""},{"type":"paragraph","text":"En unir-te al Club d\u2019Empreses del Villarreal CF, podr\u00e0s:"},{"type":"list","style":"ul","items":["Associar la teua marca a un club de refer\u00e8ncia en l\u2019\u00e0mbit esportiu i en la comunitat empresarial.","Accedir a una xarxa exclusiva de networking amb empreses de diferents sectors, incloses grans corporacions de la prov\u00edncia.","Assistir a workshops i confer\u00e8ncies formatives.","Gaudir d\u2019experi\u00e8ncies \u00faniques i actius exclusius que, d\u2019una altra manera, no estarien a l\u2019abast de la teua empresa."]}]}],"hero":{"id":"section-1","title":"El Club 1923 ha acollit un esdeveniment amb el Pamesa Teruel Voleibol com a gran protagonista","text":"El Club 1923 ha acollit un esdeveniment amb el Pamesa Teruel Voleibol com a gran protagonista El Club d\u2019Empreses del Villarreal CF ha celebrat este diumenge un esdeveniment exclusiu amb els seus membres al Club 1923 durant la pr\u00e8via del partit davant el RC Celta. Com a gran novetat, l\u2019acte va comptar amb la participaci\u00f3 del Pamesa Teruel Voleibol, club convidat pel Submar\u00ed Groguet, amb qui comparteix patrocinador principal. El president del club turolenc, Sergio Puerto, va presentar davant els membres del Club d\u2019Empreses del Villarreal CF, aix\u00ed com davant els patrocinadors i institucions convidades pel conjunt aragon\u00e9s, el projecte estrat\u00e8gic i esportiu de l\u2019entitat per a les pr\u00f2ximes tres temporades. Despr\u00e9s de la confer\u00e8ncia, tots els assistents van visitar Inmersi\u00f3n Villarreal abans de gaudir d\u2019un c\u00f2ctel exclusiu al Club 1923 i animar l\u2019equip de Marcelino en l\u2019encontre davant el conjunt celeste.","headings":[{"type":"heading","level":2,"text":"El Club 1923 ha acollit un esdeveniment amb el Pamesa Teruel Voleibol com a gran protagonista"}],"texts":[{"type":"paragraph","text":"El Club d\u2019Empreses del Villarreal CF ha celebrat este diumenge un esdeveniment exclusiu amb els seus membres al Club 1923 durant la pr\u00e8via del partit davant el RC Celta. Com a gran novetat, l\u2019acte va comptar amb la participaci\u00f3 del Pamesa Teruel Voleibol, club convidat pel Submar\u00ed Groguet, amb qui comparteix patrocinador principal."},{"type":"paragraph","text":"El president del club turolenc, Sergio Puerto, va presentar davant els membres del Club d\u2019Empreses del Villarreal CF, aix\u00ed com davant els patrocinadors i institucions convidades pel conjunt aragon\u00e9s, el projecte estrat\u00e8gic i esportiu de l\u2019entitat per a les pr\u00f2ximes tres temporades."},{"type":"paragraph","text":"Despr\u00e9s de la confer\u00e8ncia, tots els assistents van visitar Inmersi\u00f3n Villarreal abans de gaudir d\u2019un c\u00f2ctel exclusiu al Club 1923 i animar l\u2019equip de Marcelino en l\u2019encontre davant el conjunt celeste."}],"buttons":[],"images":[],"widgets":[],"blocks":[{"type":"heading","level":2,"text":"El Club 1923 ha acollit un esdeveniment amb el Pamesa Teruel Voleibol com a gran protagonista"},{"type":"paragraph","text":"El Club d\u2019Empreses del Villarreal CF ha celebrat este diumenge un esdeveniment exclusiu amb els seus membres al Club 1923 durant la pr\u00e8via del partit davant el RC Celta. Com a gran novetat, l\u2019acte va comptar amb la participaci\u00f3 del Pamesa Teruel Voleibol, club convidat pel Submar\u00ed Groguet, amb qui comparteix patrocinador principal."},{"type":"paragraph","text":"El president del club turolenc, Sergio Puerto, va presentar davant els membres del Club d\u2019Empreses del Villarreal CF, aix\u00ed com davant els patrocinadors i institucions convidades pel conjunt aragon\u00e9s, el projecte estrat\u00e8gic i esportiu de l\u2019entitat per a les pr\u00f2ximes tres temporades."},{"type":"paragraph","text":"Despr\u00e9s de la confer\u00e8ncia, tots els assistents van visitar Inmersi\u00f3n Villarreal abans de gaudir d\u2019un c\u00f2ctel exclusiu al Club 1923 i animar l\u2019equip de Marcelino en l\u2019encontre davant el conjunt celeste."}]}},"sections":[{"id":"section-1","title":"El Club 1923 ha acollit un esdeveniment amb el Pamesa Teruel Voleibol com a gran protagonista","text":"El Club 1923 ha acollit un esdeveniment amb el Pamesa Teruel Voleibol com a gran protagonista El Club d\u2019Empreses del Villarreal CF ha celebrat este diumenge un esdeveniment exclusiu amb els seus membres al Club 1923 durant la pr\u00e8via del partit davant el RC Celta. Com a gran novetat, l\u2019acte va comptar amb la participaci\u00f3 del Pamesa Teruel Voleibol, club convidat pel Submar\u00ed Groguet, amb qui comparteix patrocinador principal. El president del club turolenc, Sergio Puerto, va presentar davant els membres del Club d\u2019Empreses del Villarreal CF, aix\u00ed com davant els patrocinadors i institucions convidades pel conjunt aragon\u00e9s, el projecte estrat\u00e8gic i esportiu de l\u2019entitat per a les pr\u00f2ximes tres temporades. Despr\u00e9s de la confer\u00e8ncia, tots els assistents van visitar Inmersi\u00f3n Villarreal abans de gaudir d\u2019un c\u00f2ctel exclusiu al Club 1923 i animar l\u2019equip de Marcelino en l\u2019encontre davant el conjunt celeste.","url":"","background_image":"","images":[],"videos":[],"links":[]},{"id":"section-2","title":"Uneix-te al Club d\u2019Empreses del Villarreal CF","text":"Uneix-te al Club d\u2019Empreses del Villarreal CF El Club d\u2019Empreses del Villarreal CF \u00e9s un business club exclusiu que aglutina el teixit empresarial de Vila-real i de la prov\u00edncia de Castell\u00f3. Una nova comunitat al voltant del Submar\u00ed Groguet que actua com a motor de creixement i connexi\u00f3 per a les empreses que formen part d\u2019este projecte. Amb esta iniciativa, el Villarreal CF pret\u00e9n refor\u00e7ar els vincles entre l\u2019esport i el m\u00f3n empresarial, exercint com a catalitzador i punt de trobada per a entitats i negocis del seu territori. El Club d\u2019Empreses naix amb l\u2019objectiu de connectar petites i mitjanes empreses, comer\u00e7os locals, institucions i aut\u00f2noms que vulguen vincular-se al Villarreal CF i beneficiar-se d\u2019una xarxa de networking associada al Submar\u00ed Groguet. Una oportunitat \u00fanica per a aquelles empreses que, per dimensi\u00f3 o pressupost, no poden accedir al grup de patrocinadors, per\u00f2 s\u00ed formar part de la gran fam\u00edlia del Villarreal CF. En unir-te al Club d\u2019Empreses del Villarreal CF, podr\u00e0s:","url":"https:\/\/villarrealcf.es\/val\/club-empreses\/","background_image":"","images":[],"videos":[],"links":[{"type":"link","url":"https:\/\/villarrealcf.es\/val\/club-empreses\/","text":"uneix-te al club de empresas","target":""}]}]},"excerpt":{"rendered":"El Club 1923 ha acollit un esdeveniment amb el Pamesa Teruel Voleibol com a gran protagonista","protected":false},"author":25,"featured_media":629186,"comment_status":"closed","ping_status":"closed","sticky":false,"template":"","format":"standard","meta":{"_acf_changed":false,"footnotes":""},"categories":[16370],"tags":[11429,717,9270,13986,13488,716,9205,9627,9203],"acf":{"imageImage":false,"link":""},"lang":"val","translations":{"es":629180,"val":629188,"en":629189},"essential_grid":{"has_grid":false},"formatted_date":"April 28, 2026","modified_date":"April 27, 2026","permalink":"https:\/\/villarrealcf.es\/val\/el-club-dempreses-del-villarreal-cf-gaudeix-del-triomf-davant-el-celta\/","reading_time":3,"featured_media_data":{"id":629186,"title":"Club empresas","caption":"","alt_text":"","description":"","mime_type":"image\/jpeg","source_url":"https:\/\/villarrealcf.es\/wp-content\/uploads\/2026\/04\/Club-empresas.jpg","sizes":{"thumbnail":{"url":"https:\/\/villarrealcf.es\/wp-content\/uploads\/2026\/04\/Club-empresas.jpg","width":1920,"height":1080},"medium":{"url":"https:\/\/villarrealcf.es\/wp-content\/uploads\/2026\/04\/Club-empresas.jpg","width":1920,"height":1080},"medium_large":{"url":"https:\/\/villarrealcf.es\/wp-content\/uploads\/2026\/04\/Club-empresas-768x432.jpg","width":768,"height":432},"large":{"url":"https:\/\/villarrealcf.es\/wp-content\/uploads\/2026\/04\/Club-empresas.jpg","width":788,"height":443},"1536x1536":{"url":"https:\/\/villarrealcf.es\/wp-content\/uploads\/2026\/04\/Club-empresas-1536x864.jpg","width":1536,"height":864},"2048x2048":{"url":"https:\/\/villarrealcf.es\/wp-content\/uploads\/2026\/04\/Club-empresas.jpg","width":1920,"height":1080},"tp-image-grid":{"url":"https:\/\/villarrealcf.es\/wp-content\/uploads\/2026\/04\/Club-empresas-700x700.jpg","width":700,"height":700},"size-bunyad-medium":{"url":"https:\/\/villarrealcf.es\/wp-content\/uploads\/2026\/04\/Club-empresas.jpg","width":1920,"height":1080},"sportspress-crop-medium":{"url":"https:\/\/villarrealcf.es\/wp-content\/uploads\/2026\/04\/Club-empresas-300x300.jpg","width":300,"height":300},"sportspress-fit-medium":{"url":"https:\/\/villarrealcf.es\/wp-content\/uploads\/2026\/04\/Club-empresas-300x169.jpg","width":300,"height":169},"sportspress-fit-icon":{"url":"https:\/\/villarrealcf.es\/wp-content\/uploads\/2026\/04\/Club-empresas-128x72.jpg","width":128,"height":72},"sportspress-fit-mini":{"url":"https:\/\/villarrealcf.es\/wp-content\/uploads\/2026\/04\/Club-empresas-32x18.jpg","width":32,"height":18},"bunyad-small":{"url":"https:\/\/villarrealcf.es\/wp-content\/uploads\/2026\/04\/Club-empresas-150x84.jpg","width":150,"height":84},"bunyad-medium":{"url":"https:\/\/villarrealcf.es\/wp-content\/uploads\/2026\/04\/Club-empresas-450x253.jpg","width":450,"height":253},"bunyad-full":{"url":"https:\/\/villarrealcf.es\/wp-content\/uploads\/2026\/04\/Club-empresas-1200x675.jpg","width":1200,"height":675},"bunyad-viewport":{"url":"https:\/\/villarrealcf.es\/wp-content\/uploads\/2026\/04\/Club-empresas.jpg","width":1920,"height":1080},"bunyad-768":{"url":"https:\/\/villarrealcf.es\/wp-content\/uploads\/2026\/04\/Club-empresas-768x432.jpg","width":768,"height":432},"full":{"url":"https:\/\/villarrealcf.es\/wp-content\/uploads\/2026\/04\/Club-empresas.jpg","width":1920,"height":1080}}},"author_data":{"id":"25","name":"Javier Ayuso","first_name":"Javier","last_name":"Ayuso","description":"","avatar_url":"https:\/\/secure.gravatar.com\/avatar\/fcf8894be45988fcce5bbff0efe1790d2a7f4ba57e2c7c898f5068154e696495?s=96&d=mm&r=g","acf":null},"taxonomies_data":{"category":[{"id":16370,"name":"Estadio de la Cer\u00e1mica","slug":"estadio-de-la-ceramica-val","acf":null}],"post_tag":[{"id":11429,"name":"Estadio de la Cer\u00e1mica","slug":"estadio-de-la-ceramica-val","acf":null},{"id":717,"name":"Football","slug":"football-d34","acf":null},{"id":9270,"name":"Futbol","slug":"futbol-val","acf":null},{"id":13986,"name":"Portada Estadio de la Cer\u00e1mica","slug":"portada-estadio-de-la-ceramica-val","acf":null},{"id":13488,"name":"Segunda Portada VAL","slug":"segunda-portada-val-2","acf":null},{"id":716,"name":"Soccer","slug":"soccer-d105","acf":null},{"id":9205,"name":"Submarino","slug":"submarino-val","acf":null},{"id":9627,"name":"Submarino Amarillo","slug":"submarino-amarillo-val","acf":null},{"id":9203,"name":"Villarreal CF","slug":"villarreal-cf-val","acf":null}],"translation_priority":[{"id":735,"name":"Optional","slug":"optional-val","acf":null}]},"seo_full":{"native":{"title":"El Club d\u2019Empreses del Villarreal CF gaudeix del triomf davant el Celta - Web Oficial del Villarreal CF","description":"El Club 1923 ha acollit un esdeveniment amb el Pamesa Teruel Voleibol com a gran protagonista","canonical":"https:\/\/villarrealcf.es\/val\/el-club-dempreses-del-villarreal-cf-gaudeix-del-triomf-davant-el-celta\/"}},"_links":{"self":[{"href":"https:\/\/villarrealcf.es\/val\/wp-json\/wp\/v2\/posts\/629188","targetHints":{"allow":["GET"]}}],"collection":[{"href":"https:\/\/villarrealcf.es\/val\/wp-json\/wp\/v2\/posts"}],"about":[{"href":"https:\/\/villarrealcf.es\/val\/wp-json\/wp\/v2\/types\/post"}],"author":[{"embeddable":true,"href":"https:\/\/villarrealcf.es\/val\/wp-json\/wp\/v2\/users\/25"}],"replies":[{"embeddable":true,"href":"https:\/\/villarrealcf.es\/val\/wp-json\/wp\/v2\/comments?post=629188"}],"version-history":[{"count":1,"href":"https:\/\/villarrealcf.es\/val\/wp-json\/wp\/v2\/posts\/629188\/revisions"}],"predecessor-version":[{"id":629192,"href":"https:\/\/villarrealcf.es\/val\/wp-json\/wp\/v2\/posts\/629188\/revisions\/629192"}],"wp:featuredmedia":[{"embeddable":true,"href":"https:\/\/villarrealcf.es\/val\/wp-json\/wp\/v2\/media\/629186"}],"wp:attachment":[{"href":"https:\/\/villarrealcf.es\/val\/wp-json\/wp\/v2\/media?parent=629188"}],"wp:term":[{"taxonomy":"category","embeddable":true,"href":"https:\/\/villarrealcf.es\/val\/wp-json\/wp\/v2\/categories?post=629188"},{"taxonomy":"post_tag","embeddable":true,"href":"https:\/\/villarrealcf.es\/val\/wp-json\/wp\/v2\/tags?post=629188"}],"curies":[{"name":"wp","href":"https:\/\/api.w.org\/{rel}","templated":true}]}}