{"id":629115,"date":"2026-04-27T12:23:34","date_gmt":"2026-04-27T10:23:34","guid":{"rendered":"https:\/\/villarrealcf.es\/sin-suerte-en-la-tercera-fase-de-laliga-genuine\/"},"modified":"2026-04-27T12:26:12","modified_gmt":"2026-04-27T10:26:12","slug":"sin-suerte-en-la-tercera-fase-de-laliga-genuine","status":"publish","type":"post","link":"https:\/\/villarrealcf.es\/val\/sin-suerte-en-la-tercera-fase-de-laliga-genuine\/","title":{"rendered":"Sense sort en la tercera fase de LALIGA Genuine"},"content":{"protected":false,"blocks":[{"type":"heading","level":2,"text":"El Villarreal gaudeix d\u2019un cap de setmana inoblidable a Granada, tot i caure davant el Valencia i el C\u00e1diz"},{"type":"paragraph","text":"El Villarreal CF es va despla\u00e7ar fins a Granada el passat cap de setmana per a disputar la tercera fase de LALIGA Genuine, celebrada a la Ciutat Esportiva del conjunt nassarita. Els groguets van afrontar dos exigents compromisos davant el Valencia i el C\u00e1diz. En l\u2019enfrontament de dissabte davant el conjunt valencianista, el Submar\u00ed va caure per 0-3, mentre que en la jornada de diumenge, els groguets van perdre per 3-1 davant l\u2019equip andal\u00fas."},{"type":"paragraph","text":"Els resultats no van entelar, en cap cas, un cap de setmana m\u00e0gic a la ciutat de Granada. A les instal\u00b7lacions esportives del club andal\u00fas, valors com el companyonia, el respecte i la toler\u00e0ncia van ser els grans protagonistes, tant dins com fora del terreny de joc."},{"type":"paragraph","text":"La quarta i definitiva fase del torneig m\u00e9s inclusiu d\u2019Espanya es disputar\u00e0 per primera vegada a la Ciudad del F\u00fatbol de Las Rozas (Madrid) els dies 19, 20 i 21 de juny."}],"structured":{"summary":{"text":"El Villarreal gaudeix d\u2019un cap de setmana inoblidable a Granada, tot i caure davant el Valencia i el C\u00e1diz El Villarreal CF es va despla\u00e7ar fins a Granada el passat cap de setmana per a disputar la tercera fase de LALIGA Genuine, celebrada a la Ciutat Esportiva del conjunt nassarita. Els groguets van afrontar dos exigents compromisos davant el Valencia i el C\u00e1diz. En l\u2019enfrontament de dissabte davant el conjunt valencianista, el Submar\u00ed va caure per 0-3, mentre que en la jornada de diumenge, els groguets van perdre per 3-1 davant l\u2019equip andal\u00fas. Els resultats no van entelar, en cap cas, un cap de setmana m\u00e0gic a la ciutat de Granada. A les instal\u00b7lacions esportives del club andal\u00fas, valors com el companyonia, el respecte i la toler\u00e0ncia van ser els grans protagonistes, tant dins com fora del terreny de joc. La quarta i definitiva fase del torneig m\u00e9s inclusiu d\u2019Espanya es disputar\u00e0 per primera vegada a la Ciudad del F\u00fatbol de Las Rozas (Madrid) els dies 19, 20 i 21 de juny.","headings":[{"type":"heading","level":2,"text":"El Villarreal gaudeix d\u2019un cap de setmana inoblidable a Granada, tot i caure davant el Valencia i el C\u00e1diz"}],"buttons":[],"images":[],"counts":{"blocks":4,"headings":1,"texts":3,"buttons":0,"images":0}},"sections":[{"id":"section-1","title":"El Villarreal gaudeix d\u2019un cap de setmana inoblidable a Granada, tot i caure davant el Valencia i el C\u00e1diz","text":"El Villarreal gaudeix d\u2019un cap de setmana inoblidable a Granada, tot i caure davant el Valencia i el C\u00e1diz El Villarreal CF es va despla\u00e7ar fins a Granada el passat cap de setmana per a disputar la tercera fase de LALIGA Genuine, celebrada a la Ciutat Esportiva del conjunt nassarita. Els groguets van afrontar dos exigents compromisos davant el Valencia i el C\u00e1diz. En l\u2019enfrontament de dissabte davant el conjunt valencianista, el Submar\u00ed va caure per 0-3, mentre que en la jornada de diumenge, els groguets van perdre per 3-1 davant l\u2019equip andal\u00fas. Els resultats no van entelar, en cap cas, un cap de setmana m\u00e0gic a la ciutat de Granada. A les instal\u00b7lacions esportives del club andal\u00fas, valors com el companyonia, el respecte i la toler\u00e0ncia van ser els grans protagonistes, tant dins com fora del terreny de joc. La quarta i definitiva fase del torneig m\u00e9s inclusiu d\u2019Espanya es disputar\u00e0 per primera vegada a la Ciudad del F\u00fatbol de Las Rozas (Madrid) els dies 19, 20 i 21 de juny.","headings":[{"type":"heading","level":2,"text":"El Villarreal gaudeix d\u2019un cap de setmana inoblidable a Granada, tot i caure davant el Valencia i el C\u00e1diz"}],"texts":[{"type":"paragraph","text":"El Villarreal CF es va despla\u00e7ar fins a Granada el passat cap de setmana per a disputar la tercera fase de LALIGA Genuine, celebrada a la Ciutat Esportiva del conjunt nassarita. Els groguets van afrontar dos exigents compromisos davant el Valencia i el C\u00e1diz. En l\u2019enfrontament de dissabte davant el conjunt valencianista, el Submar\u00ed va caure per 0-3, mentre que en la jornada de diumenge, els groguets van perdre per 3-1 davant l\u2019equip andal\u00fas."},{"type":"paragraph","text":"Els resultats no van entelar, en cap cas, un cap de setmana m\u00e0gic a la ciutat de Granada. A les instal\u00b7lacions esportives del club andal\u00fas, valors com el companyonia, el respecte i la toler\u00e0ncia van ser els grans protagonistes, tant dins com fora del terreny de joc."},{"type":"paragraph","text":"La quarta i definitiva fase del torneig m\u00e9s inclusiu d\u2019Espanya es disputar\u00e0 per primera vegada a la Ciudad del F\u00fatbol de Las Rozas (Madrid) els dies 19, 20 i 21 de juny."}],"buttons":[],"images":[],"widgets":[],"blocks":[{"type":"heading","level":2,"text":"El Villarreal gaudeix d\u2019un cap de setmana inoblidable a Granada, tot i caure davant el Valencia i el C\u00e1diz"},{"type":"paragraph","text":"El Villarreal CF es va despla\u00e7ar fins a Granada el passat cap de setmana per a disputar la tercera fase de LALIGA Genuine, celebrada a la Ciutat Esportiva del conjunt nassarita. Els groguets van afrontar dos exigents compromisos davant el Valencia i el C\u00e1diz. En l\u2019enfrontament de dissabte davant el conjunt valencianista, el Submar\u00ed va caure per 0-3, mentre que en la jornada de diumenge, els groguets van perdre per 3-1 davant l\u2019equip andal\u00fas."},{"type":"paragraph","text":"Els resultats no van entelar, en cap cas, un cap de setmana m\u00e0gic a la ciutat de Granada. A les instal\u00b7lacions esportives del club andal\u00fas, valors com el companyonia, el respecte i la toler\u00e0ncia van ser els grans protagonistes, tant dins com fora del terreny de joc."},{"type":"paragraph","text":"La quarta i definitiva fase del torneig m\u00e9s inclusiu d\u2019Espanya es disputar\u00e0 per primera vegada a la Ciudad del F\u00fatbol de Las Rozas (Madrid) els dies 19, 20 i 21 de juny."}]}],"hero":{"id":"section-1","title":"El Villarreal gaudeix d\u2019un cap de setmana inoblidable a Granada, tot i caure davant el Valencia i el C\u00e1diz","text":"El Villarreal gaudeix d\u2019un cap de setmana inoblidable a Granada, tot i caure davant el Valencia i el C\u00e1diz El Villarreal CF es va despla\u00e7ar fins a Granada el passat cap de setmana per a disputar la tercera fase de LALIGA Genuine, celebrada a la Ciutat Esportiva del conjunt nassarita. Els groguets van afrontar dos exigents compromisos davant el Valencia i el C\u00e1diz. En l\u2019enfrontament de dissabte davant el conjunt valencianista, el Submar\u00ed va caure per 0-3, mentre que en la jornada de diumenge, els groguets van perdre per 3-1 davant l\u2019equip andal\u00fas. Els resultats no van entelar, en cap cas, un cap de setmana m\u00e0gic a la ciutat de Granada. A les instal\u00b7lacions esportives del club andal\u00fas, valors com el companyonia, el respecte i la toler\u00e0ncia van ser els grans protagonistes, tant dins com fora del terreny de joc. La quarta i definitiva fase del torneig m\u00e9s inclusiu d\u2019Espanya es disputar\u00e0 per primera vegada a la Ciudad del F\u00fatbol de Las Rozas (Madrid) els dies 19, 20 i 21 de juny.","headings":[{"type":"heading","level":2,"text":"El Villarreal gaudeix d\u2019un cap de setmana inoblidable a Granada, tot i caure davant el Valencia i el C\u00e1diz"}],"texts":[{"type":"paragraph","text":"El Villarreal CF es va despla\u00e7ar fins a Granada el passat cap de setmana per a disputar la tercera fase de LALIGA Genuine, celebrada a la Ciutat Esportiva del conjunt nassarita. Els groguets van afrontar dos exigents compromisos davant el Valencia i el C\u00e1diz. En l\u2019enfrontament de dissabte davant el conjunt valencianista, el Submar\u00ed va caure per 0-3, mentre que en la jornada de diumenge, els groguets van perdre per 3-1 davant l\u2019equip andal\u00fas."},{"type":"paragraph","text":"Els resultats no van entelar, en cap cas, un cap de setmana m\u00e0gic a la ciutat de Granada. A les instal\u00b7lacions esportives del club andal\u00fas, valors com el companyonia, el respecte i la toler\u00e0ncia van ser els grans protagonistes, tant dins com fora del terreny de joc."},{"type":"paragraph","text":"La quarta i definitiva fase del torneig m\u00e9s inclusiu d\u2019Espanya es disputar\u00e0 per primera vegada a la Ciudad del F\u00fatbol de Las Rozas (Madrid) els dies 19, 20 i 21 de juny."}],"buttons":[],"images":[],"widgets":[],"blocks":[{"type":"heading","level":2,"text":"El Villarreal gaudeix d\u2019un cap de setmana inoblidable a Granada, tot i caure davant el Valencia i el C\u00e1diz"},{"type":"paragraph","text":"El Villarreal CF es va despla\u00e7ar fins a Granada el passat cap de setmana per a disputar la tercera fase de LALIGA Genuine, celebrada a la Ciutat Esportiva del conjunt nassarita. Els groguets van afrontar dos exigents compromisos davant el Valencia i el C\u00e1diz. En l\u2019enfrontament de dissabte davant el conjunt valencianista, el Submar\u00ed va caure per 0-3, mentre que en la jornada de diumenge, els groguets van perdre per 3-1 davant l\u2019equip andal\u00fas."},{"type":"paragraph","text":"Els resultats no van entelar, en cap cas, un cap de setmana m\u00e0gic a la ciutat de Granada. A les instal\u00b7lacions esportives del club andal\u00fas, valors com el companyonia, el respecte i la toler\u00e0ncia van ser els grans protagonistes, tant dins com fora del terreny de joc."},{"type":"paragraph","text":"La quarta i definitiva fase del torneig m\u00e9s inclusiu d\u2019Espanya es disputar\u00e0 per primera vegada a la Ciudad del F\u00fatbol de Las Rozas (Madrid) els dies 19, 20 i 21 de juny."}]}},"sections":[{"id":"section-1","title":"El Villarreal gaudeix d\u2019un cap de setmana inoblidable a Granada, tot i caure davant el Valencia i el C\u00e1diz","text":"El Villarreal gaudeix d\u2019un cap de setmana inoblidable a Granada, tot i caure davant el Valencia i el C\u00e1diz El Villarreal CF es va despla\u00e7ar fins a Granada el passat cap de setmana per a disputar la tercera fase de LALIGA Genuine, celebrada a la Ciutat Esportiva del conjunt nassarita. Els groguets van afrontar dos exigents compromisos davant el Valencia i el C\u00e1diz. En l\u2019enfrontament de dissabte davant el conjunt valencianista, el Submar\u00ed va caure per 0-3, mentre que en la jornada de diumenge, els groguets van perdre per 3-1 davant l\u2019equip andal\u00fas. Els resultats no van entelar, en cap cas, un cap de setmana m\u00e0gic a la ciutat de Granada. A les instal\u00b7lacions esportives del club andal\u00fas, valors com el companyonia, el respecte i la toler\u00e0ncia van ser els grans protagonistes, tant dins com fora del terreny de joc. La quarta i definitiva fase del torneig m\u00e9s inclusiu d\u2019Espanya es disputar\u00e0 per primera vegada a la Ciudad del F\u00fatbol de Las Rozas (Madrid) els dies 19, 20 i 21 de juny.","url":"","background_image":"","images":[],"videos":[],"links":[]}]},"excerpt":{"rendered":"El Villarreal gaudeix d\u2019un cap de setmana inoblidable a Granada, tot i caure davant el Valencia i el C\u00e1diz","protected":false},"author":25,"featured_media":629109,"comment_status":"closed","ping_status":"closed","sticky":false,"template":"","format":"standard","meta":{"_acf_changed":false,"footnotes":""},"categories":[13509,13803],"tags":[9366,10325,9242,9244,717,9270,9227,14421,13488,716,9205,9627,9203],"acf":{"imageImage":false,"link":""},"lang":"val","translations":{"es":629094,"val":629115,"en":629116},"essential_grid":{"has_grid":false},"formatted_date":"April 27, 2026","modified_date":"April 27, 2026","permalink":"https:\/\/villarrealcf.es\/val\/sin-suerte-en-la-tercera-fase-de-laliga-genuine\/","reading_time":1,"featured_media_data":{"id":629109,"title":"TERCERA FASE GENUINE","caption":"","alt_text":"","description":"","mime_type":"image\/jpeg","source_url":"https:\/\/villarrealcf.es\/wp-content\/uploads\/2026\/04\/TERCERA-FASE-GENUINE.jpg","sizes":{"thumbnail":{"url":"https:\/\/villarrealcf.es\/wp-content\/uploads\/2026\/04\/TERCERA-FASE-GENUINE.jpg","width":1920,"height":1080},"medium":{"url":"https:\/\/villarrealcf.es\/wp-content\/uploads\/2026\/04\/TERCERA-FASE-GENUINE.jpg","width":1920,"height":1080},"medium_large":{"url":"https:\/\/villarrealcf.es\/wp-content\/uploads\/2026\/04\/TERCERA-FASE-GENUINE-768x432.jpg","width":768,"height":432},"large":{"url":"https:\/\/villarrealcf.es\/wp-content\/uploads\/2026\/04\/TERCERA-FASE-GENUINE.jpg","width":788,"height":443},"1536x1536":{"url":"https:\/\/villarrealcf.es\/wp-content\/uploads\/2026\/04\/TERCERA-FASE-GENUINE-1536x864.jpg","width":1536,"height":864},"2048x2048":{"url":"https:\/\/villarrealcf.es\/wp-content\/uploads\/2026\/04\/TERCERA-FASE-GENUINE.jpg","width":1920,"height":1080},"tp-image-grid":{"url":"https:\/\/villarrealcf.es\/wp-content\/uploads\/2026\/04\/TERCERA-FASE-GENUINE-700x700.jpg","width":700,"height":700},"size-bunyad-medium":{"url":"https:\/\/villarrealcf.es\/wp-content\/uploads\/2026\/04\/TERCERA-FASE-GENUINE.jpg","width":1920,"height":1080},"sportspress-crop-medium":{"url":"https:\/\/villarrealcf.es\/wp-content\/uploads\/2026\/04\/TERCERA-FASE-GENUINE-300x300.jpg","width":300,"height":300},"sportspress-fit-medium":{"url":"https:\/\/villarrealcf.es\/wp-content\/uploads\/2026\/04\/TERCERA-FASE-GENUINE-300x169.jpg","width":300,"height":169},"sportspress-fit-icon":{"url":"https:\/\/villarrealcf.es\/wp-content\/uploads\/2026\/04\/TERCERA-FASE-GENUINE-128x72.jpg","width":128,"height":72},"sportspress-fit-mini":{"url":"https:\/\/villarrealcf.es\/wp-content\/uploads\/2026\/04\/TERCERA-FASE-GENUINE-32x18.jpg","width":32,"height":18},"bunyad-small":{"url":"https:\/\/villarrealcf.es\/wp-content\/uploads\/2026\/04\/TERCERA-FASE-GENUINE-150x84.jpg","width":150,"height":84},"bunyad-medium":{"url":"https:\/\/villarrealcf.es\/wp-content\/uploads\/2026\/04\/TERCERA-FASE-GENUINE-450x253.jpg","width":450,"height":253},"bunyad-full":{"url":"https:\/\/villarrealcf.es\/wp-content\/uploads\/2026\/04\/TERCERA-FASE-GENUINE-1200x675.jpg","width":1200,"height":675},"bunyad-viewport":{"url":"https:\/\/villarrealcf.es\/wp-content\/uploads\/2026\/04\/TERCERA-FASE-GENUINE.jpg","width":1920,"height":1080},"bunyad-768":{"url":"https:\/\/villarrealcf.es\/wp-content\/uploads\/2026\/04\/TERCERA-FASE-GENUINE-768x432.jpg","width":768,"height":432},"full":{"url":"https:\/\/villarrealcf.es\/wp-content\/uploads\/2026\/04\/TERCERA-FASE-GENUINE.jpg","width":1920,"height":1080}}},"author_data":{"id":"25","name":"Javier Ayuso","first_name":"Javier","last_name":"Ayuso","description":"","avatar_url":"https:\/\/secure.gravatar.com\/avatar\/fcf8894be45988fcce5bbff0efe1790d2a7f4ba57e2c7c898f5068154e696495?s=96&d=mm&r=g","acf":null},"taxonomies_data":{"category":[{"id":13509,"name":"Endavant","slug":"endavant-val","acf":null},{"id":13803,"name":"Futbol base","slug":"futbol-base-val-2","acf":null}],"post_tag":[{"id":9366,"name":"Cantera","slug":"cantera-val","acf":null},{"id":10325,"name":"Cantera Grogueta","slug":"cantera-grogueta-val","acf":null},{"id":9242,"name":"Endavant","slug":"endavant-val-2","acf":null},{"id":9244,"name":"Endavant Solidaritat","slug":"endavant-solidaritat-val-2","acf":null},{"id":717,"name":"Football","slug":"football-d34","acf":null},{"id":9270,"name":"Futbol","slug":"futbol-val","acf":null},{"id":9227,"name":"F\u00fatbol Base","slug":"futbol-base-val","acf":null},{"id":14421,"name":"Portada Endavant VAL","slug":"portada-endavant-val-val","acf":null},{"id":13488,"name":"Segunda Portada VAL","slug":"segunda-portada-val-2","acf":null},{"id":716,"name":"Soccer","slug":"soccer-d105","acf":null},{"id":9205,"name":"Submarino","slug":"submarino-val","acf":null},{"id":9627,"name":"Submarino Amarillo","slug":"submarino-amarillo-val","acf":null},{"id":9203,"name":"Villarreal CF","slug":"villarreal-cf-val","acf":null}],"translation_priority":[{"id":735,"name":"Optional","slug":"optional-val","acf":null}]},"seo_full":{"native":{"title":"Sense sort en la tercera fase de LALIGA Genuine - Web Oficial del Villarreal CF","description":"El Villarreal gaudeix d\u2019un cap de setmana inoblidable a Granada, tot i caure davant el Valencia i el C\u00e1diz","canonical":"https:\/\/villarrealcf.es\/val\/sin-suerte-en-la-tercera-fase-de-laliga-genuine\/"}},"_links":{"self":[{"href":"https:\/\/villarrealcf.es\/val\/wp-json\/wp\/v2\/posts\/629115","targetHints":{"allow":["GET"]}}],"collection":[{"href":"https:\/\/villarrealcf.es\/val\/wp-json\/wp\/v2\/posts"}],"about":[{"href":"https:\/\/villarrealcf.es\/val\/wp-json\/wp\/v2\/types\/post"}],"author":[{"embeddable":true,"href":"https:\/\/villarrealcf.es\/val\/wp-json\/wp\/v2\/users\/25"}],"replies":[{"embeddable":true,"href":"https:\/\/villarrealcf.es\/val\/wp-json\/wp\/v2\/comments?post=629115"}],"version-history":[{"count":1,"href":"https:\/\/villarrealcf.es\/val\/wp-json\/wp\/v2\/posts\/629115\/revisions"}],"predecessor-version":[{"id":629118,"href":"https:\/\/villarrealcf.es\/val\/wp-json\/wp\/v2\/posts\/629115\/revisions\/629118"}],"wp:featuredmedia":[{"embeddable":true,"href":"https:\/\/villarrealcf.es\/val\/wp-json\/wp\/v2\/media\/629109"}],"wp:attachment":[{"href":"https:\/\/villarrealcf.es\/val\/wp-json\/wp\/v2\/media?parent=629115"}],"wp:term":[{"taxonomy":"category","embeddable":true,"href":"https:\/\/villarrealcf.es\/val\/wp-json\/wp\/v2\/categories?post=629115"},{"taxonomy":"post_tag","embeddable":true,"href":"https:\/\/villarrealcf.es\/val\/wp-json\/wp\/v2\/tags?post=629115"}],"curies":[{"name":"wp","href":"https:\/\/api.w.org\/{rel}","templated":true}]}}