{"id":629093,"date":"2026-04-27T12:05:49","date_gmt":"2026-04-27T10:05:49","guid":{"rendered":"https:\/\/villarrealcf.es\/el-post-partido-del-villarreal-celta-2-1\/"},"modified":"2026-04-27T12:20:35","modified_gmt":"2026-04-27T10:20:35","slug":"el-postpartit-del-villarreal-celta-2-1","status":"publish","type":"post","link":"https:\/\/villarrealcf.es\/val\/el-postpartit-del-villarreal-celta-2-1\/","title":{"rendered":"El postpartit del Villarreal-Celta (2-1)"},"content":{"protected":false,"blocks":[{"type":"heading","level":2,"text":"Arnau Tenas, Moleiro i Marcelino analitzen la vict\u00f2ria del Submar\u00ed davant el conjunt celeste"},{"type":"paragraph","text":"El Villarreal CF va sumar tres punts d\u2019or en l\u2019Estadio de la Cer\u00e1mica despr\u00e9s de superar el RC Celta de Vigo per 2-1. Una vict\u00f2ria vital que permet al Submar\u00ed afian\u00e7ar-se en la tercera pla\u00e7a i somiar amb una temporada hist\u00f2rica que ja frega la classificaci\u00f3 matem\u00e0tica per a la Champions League."},{"type":"paragraph","text":"Els futbolistes del Villarreal CF, Arnau Tenas i Alberto Moleiro, aix\u00ed com el t\u00e8cnic Marcelino Garc\u00eda Toral, han analitzat este important triomf a casa davant l\u2019equip gallec."},{"type":"paragraph","text":"No et perdes les declaracions completes ac\u00ed:"},{"type":"video","kind":"iframe","url":"https:\/\/www.youtube.com\/embed\/YwobDa3D_fE?feature=oembed","poster":""}],"structured":{"summary":{"text":"Arnau Tenas, Moleiro i Marcelino analitzen la vict\u00f2ria del Submar\u00ed davant el conjunt celeste El Villarreal CF va sumar tres punts d\u2019or en l\u2019Estadio de la Cer\u00e1mica despr\u00e9s de superar el RC Celta de Vigo per 2-1. Una vict\u00f2ria vital que permet al Submar\u00ed afian\u00e7ar-se en la tercera pla\u00e7a i somiar amb una temporada hist\u00f2rica que ja frega la classificaci\u00f3 matem\u00e0tica per a la Champions League. Els futbolistes del Villarreal CF, Arnau Tenas i Alberto Moleiro, aix\u00ed com el t\u00e8cnic Marcelino Garc\u00eda Toral, han analitzat este important triomf a casa davant l\u2019equip gallec. No et perdes les declaracions completes ac\u00ed:","headings":[{"type":"heading","level":2,"text":"Arnau Tenas, Moleiro i Marcelino analitzen la vict\u00f2ria del Submar\u00ed davant el conjunt celeste"}],"buttons":[],"images":[],"counts":{"blocks":5,"headings":1,"texts":3,"buttons":0,"images":0}},"sections":[{"id":"section-1","title":"Arnau Tenas, Moleiro i Marcelino analitzen la vict\u00f2ria del Submar\u00ed davant el conjunt celeste","text":"Arnau Tenas, Moleiro i Marcelino analitzen la vict\u00f2ria del Submar\u00ed davant el conjunt celeste El Villarreal CF va sumar tres punts d\u2019or en l\u2019Estadio de la Cer\u00e1mica despr\u00e9s de superar el RC Celta de Vigo per 2-1. Una vict\u00f2ria vital que permet al Submar\u00ed afian\u00e7ar-se en la tercera pla\u00e7a i somiar amb una temporada hist\u00f2rica que ja frega la classificaci\u00f3 matem\u00e0tica per a la Champions League. Els futbolistes del Villarreal CF, Arnau Tenas i Alberto Moleiro, aix\u00ed com el t\u00e8cnic Marcelino Garc\u00eda Toral, han analitzat este important triomf a casa davant l\u2019equip gallec. No et perdes les declaracions completes ac\u00ed:","headings":[{"type":"heading","level":2,"text":"Arnau Tenas, Moleiro i Marcelino analitzen la vict\u00f2ria del Submar\u00ed davant el conjunt celeste"}],"texts":[{"type":"paragraph","text":"El Villarreal CF va sumar tres punts d\u2019or en l\u2019Estadio de la Cer\u00e1mica despr\u00e9s de superar el RC Celta de Vigo per 2-1. Una vict\u00f2ria vital que permet al Submar\u00ed afian\u00e7ar-se en la tercera pla\u00e7a i somiar amb una temporada hist\u00f2rica que ja frega la classificaci\u00f3 matem\u00e0tica per a la Champions League."},{"type":"paragraph","text":"Els futbolistes del Villarreal CF, Arnau Tenas i Alberto Moleiro, aix\u00ed com el t\u00e8cnic Marcelino Garc\u00eda Toral, han analitzat este important triomf a casa davant l\u2019equip gallec."},{"type":"paragraph","text":"No et perdes les declaracions completes ac\u00ed:"}],"buttons":[],"images":[],"widgets":[],"blocks":[{"type":"heading","level":2,"text":"Arnau Tenas, Moleiro i Marcelino analitzen la vict\u00f2ria del Submar\u00ed davant el conjunt celeste"},{"type":"paragraph","text":"El Villarreal CF va sumar tres punts d\u2019or en l\u2019Estadio de la Cer\u00e1mica despr\u00e9s de superar el RC Celta de Vigo per 2-1. Una vict\u00f2ria vital que permet al Submar\u00ed afian\u00e7ar-se en la tercera pla\u00e7a i somiar amb una temporada hist\u00f2rica que ja frega la classificaci\u00f3 matem\u00e0tica per a la Champions League."},{"type":"paragraph","text":"Els futbolistes del Villarreal CF, Arnau Tenas i Alberto Moleiro, aix\u00ed com el t\u00e8cnic Marcelino Garc\u00eda Toral, han analitzat este important triomf a casa davant l\u2019equip gallec."},{"type":"paragraph","text":"No et perdes les declaracions completes ac\u00ed:"},{"type":"video","kind":"iframe","url":"https:\/\/www.youtube.com\/embed\/YwobDa3D_fE?feature=oembed","poster":""}]}],"hero":{"id":"section-1","title":"Arnau Tenas, Moleiro i Marcelino analitzen la vict\u00f2ria del Submar\u00ed davant el conjunt celeste","text":"Arnau Tenas, Moleiro i Marcelino analitzen la vict\u00f2ria del Submar\u00ed davant el conjunt celeste El Villarreal CF va sumar tres punts d\u2019or en l\u2019Estadio de la Cer\u00e1mica despr\u00e9s de superar el RC Celta de Vigo per 2-1. Una vict\u00f2ria vital que permet al Submar\u00ed afian\u00e7ar-se en la tercera pla\u00e7a i somiar amb una temporada hist\u00f2rica que ja frega la classificaci\u00f3 matem\u00e0tica per a la Champions League. Els futbolistes del Villarreal CF, Arnau Tenas i Alberto Moleiro, aix\u00ed com el t\u00e8cnic Marcelino Garc\u00eda Toral, han analitzat este important triomf a casa davant l\u2019equip gallec. No et perdes les declaracions completes ac\u00ed:","headings":[{"type":"heading","level":2,"text":"Arnau Tenas, Moleiro i Marcelino analitzen la vict\u00f2ria del Submar\u00ed davant el conjunt celeste"}],"texts":[{"type":"paragraph","text":"El Villarreal CF va sumar tres punts d\u2019or en l\u2019Estadio de la Cer\u00e1mica despr\u00e9s de superar el RC Celta de Vigo per 2-1. Una vict\u00f2ria vital que permet al Submar\u00ed afian\u00e7ar-se en la tercera pla\u00e7a i somiar amb una temporada hist\u00f2rica que ja frega la classificaci\u00f3 matem\u00e0tica per a la Champions League."},{"type":"paragraph","text":"Els futbolistes del Villarreal CF, Arnau Tenas i Alberto Moleiro, aix\u00ed com el t\u00e8cnic Marcelino Garc\u00eda Toral, han analitzat este important triomf a casa davant l\u2019equip gallec."},{"type":"paragraph","text":"No et perdes les declaracions completes ac\u00ed:"}],"buttons":[],"images":[],"widgets":[],"blocks":[{"type":"heading","level":2,"text":"Arnau Tenas, Moleiro i Marcelino analitzen la vict\u00f2ria del Submar\u00ed davant el conjunt celeste"},{"type":"paragraph","text":"El Villarreal CF va sumar tres punts d\u2019or en l\u2019Estadio de la Cer\u00e1mica despr\u00e9s de superar el RC Celta de Vigo per 2-1. Una vict\u00f2ria vital que permet al Submar\u00ed afian\u00e7ar-se en la tercera pla\u00e7a i somiar amb una temporada hist\u00f2rica que ja frega la classificaci\u00f3 matem\u00e0tica per a la Champions League."},{"type":"paragraph","text":"Els futbolistes del Villarreal CF, Arnau Tenas i Alberto Moleiro, aix\u00ed com el t\u00e8cnic Marcelino Garc\u00eda Toral, han analitzat este important triomf a casa davant l\u2019equip gallec."},{"type":"paragraph","text":"No et perdes les declaracions completes ac\u00ed:"},{"type":"video","kind":"iframe","url":"https:\/\/www.youtube.com\/embed\/YwobDa3D_fE?feature=oembed","poster":""}]}},"sections":[{"id":"section-1","title":"Arnau Tenas, Moleiro i Marcelino analitzen la vict\u00f2ria del Submar\u00ed davant el conjunt celeste","text":"Arnau Tenas, Moleiro i Marcelino analitzen la vict\u00f2ria del Submar\u00ed davant el conjunt celeste El Villarreal CF va sumar tres punts d\u2019or en l\u2019Estadio de la Cer\u00e1mica despr\u00e9s de superar el RC Celta de Vigo per 2-1. Una vict\u00f2ria vital que permet al Submar\u00ed afian\u00e7ar-se en la tercera pla\u00e7a i somiar amb una temporada hist\u00f2rica que ja frega la classificaci\u00f3 matem\u00e0tica per a la Champions League. Els futbolistes del Villarreal CF, Arnau Tenas i Alberto Moleiro, aix\u00ed com el t\u00e8cnic Marcelino Garc\u00eda Toral, han analitzat este important triomf a casa davant l\u2019equip gallec. No et perdes les declaracions completes ac\u00ed:","url":"","background_image":"","images":[],"videos":[{"type":"video","kind":"iframe","url":"https:\/\/www.youtube.com\/embed\/YwobDa3D_fE?feature=oembed","poster":""}],"links":[]}]},"excerpt":{"rendered":"Arnau Tenas, Moleiro i Marcelino analitzen la vict\u00f2ria del Submar\u00ed davant el conjunt celeste","protected":false},"author":54,"featured_media":629079,"comment_status":"closed","ping_status":"closed","sticky":false,"template":"","format":"standard","meta":{"_acf_changed":false,"footnotes":""},"categories":[13493],"tags":[16474,16630,14213,717,9270,9775,10917,9219,16982,9278,13971,716,9205,9627,9203],"acf":{"imageImage":false,"link":""},"lang":"val","translations":{"es":629076,"en":629092,"val":629093},"essential_grid":{"has_grid":false},"formatted_date":"April 27, 2026","modified_date":"April 27, 2026","permalink":"https:\/\/villarrealcf.es\/val\/el-postpartit-del-villarreal-celta-2-1\/","reading_time":1,"featured_media_data":{"id":629079,"title":"YwobDa3D_fE_1280x720","caption":"","alt_text":"","description":"","mime_type":"image\/jpeg","source_url":"https:\/\/villarrealcf.es\/wp-content\/uploads\/2026\/04\/YwobDa3D_fE_1280x720.jpg","sizes":{"thumbnail":{"url":"https:\/\/villarrealcf.es\/wp-content\/uploads\/2026\/04\/YwobDa3D_fE_1280x720.jpg","width":1280,"height":720},"medium":{"url":"https:\/\/villarrealcf.es\/wp-content\/uploads\/2026\/04\/YwobDa3D_fE_1280x720.jpg","width":1280,"height":720},"medium_large":{"url":"https:\/\/villarrealcf.es\/wp-content\/uploads\/2026\/04\/YwobDa3D_fE_1280x720-768x432.jpg","width":768,"height":432},"large":{"url":"https:\/\/villarrealcf.es\/wp-content\/uploads\/2026\/04\/YwobDa3D_fE_1280x720.jpg","width":788,"height":443},"1536x1536":{"url":"https:\/\/villarrealcf.es\/wp-content\/uploads\/2026\/04\/YwobDa3D_fE_1280x720.jpg","width":1280,"height":720},"2048x2048":{"url":"https:\/\/villarrealcf.es\/wp-content\/uploads\/2026\/04\/YwobDa3D_fE_1280x720.jpg","width":1280,"height":720},"tp-image-grid":{"url":"https:\/\/villarrealcf.es\/wp-content\/uploads\/2026\/04\/YwobDa3D_fE_1280x720-700x700.jpg","width":700,"height":700},"size-bunyad-medium":{"url":"https:\/\/villarrealcf.es\/wp-content\/uploads\/2026\/04\/YwobDa3D_fE_1280x720.jpg","width":1280,"height":720},"sportspress-crop-medium":{"url":"https:\/\/villarrealcf.es\/wp-content\/uploads\/2026\/04\/YwobDa3D_fE_1280x720-300x300.jpg","width":300,"height":300},"sportspress-fit-medium":{"url":"https:\/\/villarrealcf.es\/wp-content\/uploads\/2026\/04\/YwobDa3D_fE_1280x720-300x169.jpg","width":300,"height":169},"sportspress-fit-icon":{"url":"https:\/\/villarrealcf.es\/wp-content\/uploads\/2026\/04\/YwobDa3D_fE_1280x720-128x72.jpg","width":128,"height":72},"sportspress-fit-mini":{"url":"https:\/\/villarrealcf.es\/wp-content\/uploads\/2026\/04\/YwobDa3D_fE_1280x720-32x18.jpg","width":32,"height":18},"bunyad-small":{"url":"https:\/\/villarrealcf.es\/wp-content\/uploads\/2026\/04\/YwobDa3D_fE_1280x720-150x84.jpg","width":150,"height":84},"bunyad-medium":{"url":"https:\/\/villarrealcf.es\/wp-content\/uploads\/2026\/04\/YwobDa3D_fE_1280x720-450x253.jpg","width":450,"height":253},"bunyad-full":{"url":"https:\/\/villarrealcf.es\/wp-content\/uploads\/2026\/04\/YwobDa3D_fE_1280x720-1200x675.jpg","width":1200,"height":675},"bunyad-viewport":{"url":"https:\/\/villarrealcf.es\/wp-content\/uploads\/2026\/04\/YwobDa3D_fE_1280x720.jpg","width":1280,"height":720},"bunyad-768":{"url":"https:\/\/villarrealcf.es\/wp-content\/uploads\/2026\/04\/YwobDa3D_fE_1280x720-768x432.jpg","width":768,"height":432},"full":{"url":"https:\/\/villarrealcf.es\/wp-content\/uploads\/2026\/04\/YwobDa3D_fE_1280x720.jpg","width":1280,"height":720}}},"author_data":{"id":"54","name":"Iker Benito","first_name":"","last_name":"","description":"","avatar_url":"https:\/\/secure.gravatar.com\/avatar\/a4405d5619b434028703a519ebcd69be4aa944e45dc84f42bd1e051f345a4252?s=96&d=mm&r=g","acf":null},"taxonomies_data":{"category":[{"id":13493,"name":"Primer equip","slug":"primer-equip","acf":null}],"post_tag":[{"id":16474,"name":"Alberto Moleiro","slug":"alberto-moleiro-val","acf":null},{"id":16630,"name":"Arnau Tenas","slug":"arnau-tenas-val","acf":null},{"id":14213,"name":"Destacados VAL","slug":"destacados-val","acf":null},{"id":717,"name":"Football","slug":"football-d34","acf":null},{"id":9270,"name":"Futbol","slug":"futbol-val","acf":null},{"id":9775,"name":"Jornada 32","slug":"jornada-32-val","acf":null},{"id":10917,"name":"Marcelino","slug":"marcelino-val","acf":null},{"id":9219,"name":"Marcelino Garc\u00eda Toral","slug":"marcelino-garcia-toral-val","acf":null},{"id":16982,"name":"Post Partido","slug":"post-partido","acf":null},{"id":9278,"name":"primera division","slug":"primera-division-val","acf":null},{"id":13971,"name":"RC Celta","slug":"rc-celta-val","acf":null},{"id":716,"name":"Soccer","slug":"soccer-d105","acf":null},{"id":9205,"name":"Submarino","slug":"submarino-val","acf":null},{"id":9627,"name":"Submarino Amarillo","slug":"submarino-amarillo-val","acf":null},{"id":9203,"name":"Villarreal CF","slug":"villarreal-cf-val","acf":null}],"translation_priority":[{"id":735,"name":"Optional","slug":"optional-val","acf":null}]},"seo_full":{"native":{"title":"El postpartit del Villarreal-Celta (2-1) - Web Oficial del Villarreal CF","description":"Arnau Tenas, Moleiro i Marcelino analitzen la vict\u00f2ria del Submar\u00ed davant el conjunt celeste","canonical":"https:\/\/villarrealcf.es\/val\/el-postpartit-del-villarreal-celta-2-1\/"}},"_links":{"self":[{"href":"https:\/\/villarrealcf.es\/val\/wp-json\/wp\/v2\/posts\/629093","targetHints":{"allow":["GET"]}}],"collection":[{"href":"https:\/\/villarrealcf.es\/val\/wp-json\/wp\/v2\/posts"}],"about":[{"href":"https:\/\/villarrealcf.es\/val\/wp-json\/wp\/v2\/types\/post"}],"author":[{"embeddable":true,"href":"https:\/\/villarrealcf.es\/val\/wp-json\/wp\/v2\/users\/54"}],"replies":[{"embeddable":true,"href":"https:\/\/villarrealcf.es\/val\/wp-json\/wp\/v2\/comments?post=629093"}],"version-history":[{"count":1,"href":"https:\/\/villarrealcf.es\/val\/wp-json\/wp\/v2\/posts\/629093\/revisions"}],"predecessor-version":[{"id":629112,"href":"https:\/\/villarrealcf.es\/val\/wp-json\/wp\/v2\/posts\/629093\/revisions\/629112"}],"wp:featuredmedia":[{"embeddable":true,"href":"https:\/\/villarrealcf.es\/val\/wp-json\/wp\/v2\/media\/629079"}],"wp:attachment":[{"href":"https:\/\/villarrealcf.es\/val\/wp-json\/wp\/v2\/media?parent=629093"}],"wp:term":[{"taxonomy":"category","embeddable":true,"href":"https:\/\/villarrealcf.es\/val\/wp-json\/wp\/v2\/categories?post=629093"},{"taxonomy":"post_tag","embeddable":true,"href":"https:\/\/villarrealcf.es\/val\/wp-json\/wp\/v2\/tags?post=629093"}],"curies":[{"name":"wp","href":"https:\/\/api.w.org\/{rel}","templated":true}]}}