{"id":629056,"date":"2026-04-26T20:30:08","date_gmt":"2026-04-26T18:30:08","guid":{"rendered":"https:\/\/villarrealcf.es\/marcelino-hemos-dominado-el-partido-ante-un-gran-equipo\/"},"modified":"2026-04-27T00:10:30","modified_gmt":"2026-04-26T22:10:30","slug":"marcelino-hem-dominat-el-partit-davant-un-gran-equip","status":"publish","type":"post","link":"https:\/\/villarrealcf.es\/val\/marcelino-hem-dominat-el-partit-davant-un-gran-equip\/","title":{"rendered":"Marcelino: \u00abHem dominat el partit davant un gran equip\u00bb"},"content":{"protected":false,"blocks":[{"type":"heading","level":2,"text":"El t\u00e8cnic asturi\u00e0 ha posat en valor el gran joc davant el Celta i l\u2019objectiu, ja molt pr\u00f2xim, de repetir participaci\u00f3 en Champions"},{"type":"paragraph","text":"L\u2019entrenador del Villarreal CF , Marcelino Garc\u00eda Toral, ha comparegut davant els mitjans de comunicaci\u00f3 per a analitzar la vict\u00f2ria del seu equip enfront del RC Celta (2-1) a l\u2019Estadio de la Cer\u00e1mica. El t\u00e8cnic asturi\u00e0 s\u2019ha mostrat molt satisfet amb el nivell mostrat pels seus futbolistes per a assegurar un triomf que consolida al Submar\u00ed en els llocs de privilegi i acosta al club a una fita sense precedents: l\u2019opci\u00f3 de repetir la classificaci\u00f3 per a la UEFA Champions League per segon any consecutiu."},{"type":"paragraph","text":"L\u2019entrenador groguet va destacar el gran paper de l\u2019equip des del xiulit inicial. \u201cHem fet un partit molt bo. Marcar un penal tan prompte et dona seguretat\u201d, va explicar. A pesar del gol visitant, el m\u00edster va sentir que el matx sempre va estar sota control: \u201cEm va donar la sensaci\u00f3 que vam tindre molt de domini amb el 2-1 davant un bon equip fora de casa\u201d. Sobre el gol celeste, va recon\u00e9ixer que va arribar per un \u201cpenal evitable\u201d, per\u00f2 va aclarir que no va t\u00e9mer pel resultat en la recta final: \u201cNo em va donar la sensaci\u00f3 que el Celta poguera empatar. Amb els canvis li vam donar frescor a l\u2019equip i vam estar m\u00e9s prop del tercer que del 2-2. No vaig vore un domini o gols fallats pel rival per a parlar d\u2019un quasi empat\u201d."},{"type":"paragraph","text":"Quant a la situaci\u00f3 classificat\u00f2ria, l\u2019entrenador no va ocultar el seu immens orgull pels registres de la plantilla. \u201cEsta temporada del Villarreal em pareix extraordin\u00e0ria\u201d, va reivindicar amb fermesa. El triomf enfront del quadre gallec suposa un pas de gegant cap al gran objectiu: \u201c\u00c9s una vict\u00f2ria que fa quasi rubricar una segona participaci\u00f3 en la Champions. \u00c9s una temporada hist\u00f2rica i cal agrair a tots els jugadors\u201d. A m\u00e9s, va valorar l\u2019enorme m\u00e8rit de competir de tu a tu amb els gegants del campionat: \u201cA falta de cinc jornades li traiem cinc punts a l\u2019Atl\u00e9tico de Madrid i quinze al Betis. Em pareix una puntuaci\u00f3 intractable\u201d."},{"type":"paragraph","text":"Finalment, el t\u00e8cnic va voler dedicar unes paraules d\u2019elogi a escala individual, destacant les notables actuacions d\u2019Arnau Tenas i del debutant com a titular Alex Freeman. Sobre el porter, que va quallar un gran partit, va assenyalar: \u201cHa parat un m\u00e0 a m\u00e0, ha estat molt b\u00e9 amb els peus i segur en el joc aeri. Ens ha agradat a tots. Ha sabut aguantar, entrenar, i creiem que es mereixia l\u2019oportunitat; a m\u00e9s, dins del vestidor \u00e9s un jugador que sempre suma\u201d. Respecte a Freeman, va lloar la seua maduresa i r\u00e0pida adaptaci\u00f3 des de la seua arribada en el mercat hivernal: \u201cHa sigut dels millors del partit, t\u00e9 un gran m\u00e8rit. \u00c9s un xic assenyat, treballador, prudent i amb unes condicions futbol\u00edstiques molt bones\u201d."},{"type":"paragraph","text":"A continuaci\u00f3, es pot vore la roda de premsa completa de Marcelino Garc\u00eda Toral, posterior al partit contra el RC Celta:"},{"type":"video","kind":"iframe","url":"https:\/\/www.youtube.com\/embed\/TaVj1V-QWwY?feature=oembed","poster":""}],"structured":{"summary":{"text":"El t\u00e8cnic asturi\u00e0 ha posat en valor el gran joc davant el Celta i l\u2019objectiu, ja molt pr\u00f2xim, de repetir participaci\u00f3 en Champions L\u2019entrenador del Villarreal CF , Marcelino Garc\u00eda Toral, ha comparegut davant els mitjans de comunicaci\u00f3 per a analitzar la vict\u00f2ria del seu equip enfront del RC Celta (2-1) a l\u2019Estadio de la Cer\u00e1mica. El t\u00e8cnic asturi\u00e0 s\u2019ha mostrat molt satisfet amb el nivell mostrat pels seus futbolistes per a assegurar un triomf que consolida al Submar\u00ed en els llocs de privilegi i acosta al club a una fita sense precedents: l\u2019opci\u00f3 de repetir la classificaci\u00f3 per a la UEFA Champions League per segon any consecutiu. L\u2019entrenador groguet va destacar el gran paper de l\u2019equip des del xiulit inicial. \u201cHem fet un partit molt bo. Marcar un penal tan prompte et dona seguretat\u201d, va explicar. A pesar del gol visitant, el m\u00edster va sentir que el matx sempre va estar sota control: \u201cEm va donar la sensaci\u00f3 que vam tindre molt de domini amb el 2-1 davant un bon equip fora de casa\u201d. Sobre el gol celeste, va recon\u00e9ixer que va arribar per un \u201cpenal evitable\u201d, per\u00f2 va aclarir que no va t\u00e9mer pel resultat en la recta final: \u201cNo em va donar la sensaci\u00f3 que el Celta poguera empatar. Amb els canvis li vam donar frescor a l\u2019equip i vam estar m\u00e9s prop del tercer que del 2-2. No vaig vore un domini o gols fallats pel rival per a parlar d\u2019un quasi empat\u201d. Quant a la situaci\u00f3 classificat\u00f2ria, l\u2019entrenador no va ocultar el seu immens orgull pels registres de la plantilla. \u201cEsta temporada del Villarreal em pareix extraordin\u00e0ria\u201d, va reivindicar amb fermesa. El triomf enfront del quadre gallec suposa un pas de gegant cap al gran objectiu: \u201c\u00c9s una vict\u00f2ria que fa quasi rubricar una segona participaci\u00f3 en la Champions. \u00c9s una temporada hist\u00f2rica i cal agrair a tots els jugadors\u201d. A m\u00e9s, va valorar l\u2019enorme m\u00e8rit de competir de tu a tu amb els gegants del campionat: \u201cA falta de cinc jornades li traiem cinc punts a l\u2019Atl\u00e9tico de Madrid i quinze al Betis. Em pareix una puntuaci\u00f3 intractable\u201d. Finalment, el t\u00e8cnic va voler dedicar unes paraules d\u2019elogi a escala individual, destacant les notables actuacions d\u2019Arnau Tenas i del debutant com a titular Alex Freeman. Sobre el porter, que va quallar un gran partit, va assenyalar: \u201cHa parat un m\u00e0 a m\u00e0, ha estat molt b\u00e9 amb els peus i segur en el joc aeri. Ens ha agradat a tots. Ha sabut aguantar, entrenar, i creiem que es mereixia l\u2019oportunitat; a m\u00e9s, dins del vestidor \u00e9s un jugador que sempre suma\u201d. Respecte a Freeman, va lloar la seua maduresa i r\u00e0pida adaptaci\u00f3 des de la seua arribada en el mercat hivernal: \u201cHa sigut dels millors del partit, t\u00e9 un gran m\u00e8rit. \u00c9s un xic assenyat, treballador, prudent i amb unes condicions futbol\u00edstiques molt bones\u201d. A continuaci\u00f3, es pot vore la roda de premsa completa de Marcelino Garc\u00eda Toral, posterior al partit contra el RC Celta:","headings":[{"type":"heading","level":2,"text":"El t\u00e8cnic asturi\u00e0 ha posat en valor el gran joc davant el Celta i l\u2019objectiu, ja molt pr\u00f2xim, de repetir participaci\u00f3 en Champions"}],"buttons":[],"images":[],"counts":{"blocks":7,"headings":1,"texts":5,"buttons":0,"images":0}},"sections":[{"id":"section-1","title":"El t\u00e8cnic asturi\u00e0 ha posat en valor el gran joc davant el Celta i l\u2019objectiu, ja molt pr\u00f2xim, de repetir participaci\u00f3 en Champions","text":"El t\u00e8cnic asturi\u00e0 ha posat en valor el gran joc davant el Celta i l\u2019objectiu, ja molt pr\u00f2xim, de repetir participaci\u00f3 en Champions L\u2019entrenador del Villarreal CF , Marcelino Garc\u00eda Toral, ha comparegut davant els mitjans de comunicaci\u00f3 per a analitzar la vict\u00f2ria del seu equip enfront del RC Celta (2-1) a l\u2019Estadio de la Cer\u00e1mica. El t\u00e8cnic asturi\u00e0 s\u2019ha mostrat molt satisfet amb el nivell mostrat pels seus futbolistes per a assegurar un triomf que consolida al Submar\u00ed en els llocs de privilegi i acosta al club a una fita sense precedents: l\u2019opci\u00f3 de repetir la classificaci\u00f3 per a la UEFA Champions League per segon any consecutiu. L\u2019entrenador groguet va destacar el gran paper de l\u2019equip des del xiulit inicial. \u201cHem fet un partit molt bo. Marcar un penal tan prompte et dona seguretat\u201d, va explicar. A pesar del gol visitant, el m\u00edster va sentir que el matx sempre va estar sota control: \u201cEm va donar la sensaci\u00f3 que vam tindre molt de domini amb el 2-1 davant un bon equip fora de casa\u201d. Sobre el gol celeste, va recon\u00e9ixer que va arribar per un \u201cpenal evitable\u201d, per\u00f2 va aclarir que no va t\u00e9mer pel resultat en la recta final: \u201cNo em va donar la sensaci\u00f3 que el Celta poguera empatar. Amb els canvis li vam donar frescor a l\u2019equip i vam estar m\u00e9s prop del tercer que del 2-2. No vaig vore un domini o gols fallats pel rival per a parlar d\u2019un quasi empat\u201d. Quant a la situaci\u00f3 classificat\u00f2ria, l\u2019entrenador no va ocultar el seu immens orgull pels registres de la plantilla. \u201cEsta temporada del Villarreal em pareix extraordin\u00e0ria\u201d, va reivindicar amb fermesa. El triomf enfront del quadre gallec suposa un pas de gegant cap al gran objectiu: \u201c\u00c9s una vict\u00f2ria que fa quasi rubricar una segona participaci\u00f3 en la Champions. \u00c9s una temporada hist\u00f2rica i cal agrair a tots els jugadors\u201d. A m\u00e9s, va valorar l\u2019enorme m\u00e8rit de competir de tu a tu amb els gegants del campionat: \u201cA falta de cinc jornades li traiem cinc punts a l\u2019Atl\u00e9tico de Madrid i quinze al Betis. Em pareix una puntuaci\u00f3 intractable\u201d. Finalment, el t\u00e8cnic va voler dedicar unes paraules d\u2019elogi a escala individual, destacant les notables actuacions d\u2019Arnau Tenas i del debutant com a titular Alex Freeman. Sobre el porter, que va quallar un gran partit, va assenyalar: \u201cHa parat un m\u00e0 a m\u00e0, ha estat molt b\u00e9 amb els peus i segur en el joc aeri. Ens ha agradat a tots. Ha sabut aguantar, entrenar, i creiem que es mereixia l\u2019oportunitat; a m\u00e9s, dins del vestidor \u00e9s un jugador que sempre suma\u201d. Respecte a Freeman, va lloar la seua maduresa i r\u00e0pida adaptaci\u00f3 des de la seua arribada en el mercat hivernal: \u201cHa sigut dels millors del partit, t\u00e9 un gran m\u00e8rit. \u00c9s un xic assenyat, treballador, prudent i amb unes condicions futbol\u00edstiques molt bones\u201d. A continuaci\u00f3, es pot vore la roda de premsa completa de Marcelino Garc\u00eda Toral, posterior al partit contra el RC Celta:","headings":[{"type":"heading","level":2,"text":"El t\u00e8cnic asturi\u00e0 ha posat en valor el gran joc davant el Celta i l\u2019objectiu, ja molt pr\u00f2xim, de repetir participaci\u00f3 en Champions"}],"texts":[{"type":"paragraph","text":"L\u2019entrenador del Villarreal CF , Marcelino Garc\u00eda Toral, ha comparegut davant els mitjans de comunicaci\u00f3 per a analitzar la vict\u00f2ria del seu equip enfront del RC Celta (2-1) a l\u2019Estadio de la Cer\u00e1mica. El t\u00e8cnic asturi\u00e0 s\u2019ha mostrat molt satisfet amb el nivell mostrat pels seus futbolistes per a assegurar un triomf que consolida al Submar\u00ed en els llocs de privilegi i acosta al club a una fita sense precedents: l\u2019opci\u00f3 de repetir la classificaci\u00f3 per a la UEFA Champions League per segon any consecutiu."},{"type":"paragraph","text":"L\u2019entrenador groguet va destacar el gran paper de l\u2019equip des del xiulit inicial. \u201cHem fet un partit molt bo. Marcar un penal tan prompte et dona seguretat\u201d, va explicar. A pesar del gol visitant, el m\u00edster va sentir que el matx sempre va estar sota control: \u201cEm va donar la sensaci\u00f3 que vam tindre molt de domini amb el 2-1 davant un bon equip fora de casa\u201d. Sobre el gol celeste, va recon\u00e9ixer que va arribar per un \u201cpenal evitable\u201d, per\u00f2 va aclarir que no va t\u00e9mer pel resultat en la recta final: \u201cNo em va donar la sensaci\u00f3 que el Celta poguera empatar. Amb els canvis li vam donar frescor a l\u2019equip i vam estar m\u00e9s prop del tercer que del 2-2. No vaig vore un domini o gols fallats pel rival per a parlar d\u2019un quasi empat\u201d."},{"type":"paragraph","text":"Quant a la situaci\u00f3 classificat\u00f2ria, l\u2019entrenador no va ocultar el seu immens orgull pels registres de la plantilla. \u201cEsta temporada del Villarreal em pareix extraordin\u00e0ria\u201d, va reivindicar amb fermesa. El triomf enfront del quadre gallec suposa un pas de gegant cap al gran objectiu: \u201c\u00c9s una vict\u00f2ria que fa quasi rubricar una segona participaci\u00f3 en la Champions. \u00c9s una temporada hist\u00f2rica i cal agrair a tots els jugadors\u201d. A m\u00e9s, va valorar l\u2019enorme m\u00e8rit de competir de tu a tu amb els gegants del campionat: \u201cA falta de cinc jornades li traiem cinc punts a l\u2019Atl\u00e9tico de Madrid i quinze al Betis. Em pareix una puntuaci\u00f3 intractable\u201d."},{"type":"paragraph","text":"Finalment, el t\u00e8cnic va voler dedicar unes paraules d\u2019elogi a escala individual, destacant les notables actuacions d\u2019Arnau Tenas i del debutant com a titular Alex Freeman. Sobre el porter, que va quallar un gran partit, va assenyalar: \u201cHa parat un m\u00e0 a m\u00e0, ha estat molt b\u00e9 amb els peus i segur en el joc aeri. Ens ha agradat a tots. Ha sabut aguantar, entrenar, i creiem que es mereixia l\u2019oportunitat; a m\u00e9s, dins del vestidor \u00e9s un jugador que sempre suma\u201d. Respecte a Freeman, va lloar la seua maduresa i r\u00e0pida adaptaci\u00f3 des de la seua arribada en el mercat hivernal: \u201cHa sigut dels millors del partit, t\u00e9 un gran m\u00e8rit. \u00c9s un xic assenyat, treballador, prudent i amb unes condicions futbol\u00edstiques molt bones\u201d."},{"type":"paragraph","text":"A continuaci\u00f3, es pot vore la roda de premsa completa de Marcelino Garc\u00eda Toral, posterior al partit contra el RC Celta:"}],"buttons":[],"images":[],"widgets":[],"blocks":[{"type":"heading","level":2,"text":"El t\u00e8cnic asturi\u00e0 ha posat en valor el gran joc davant el Celta i l\u2019objectiu, ja molt pr\u00f2xim, de repetir participaci\u00f3 en Champions"},{"type":"paragraph","text":"L\u2019entrenador del Villarreal CF , Marcelino Garc\u00eda Toral, ha comparegut davant els mitjans de comunicaci\u00f3 per a analitzar la vict\u00f2ria del seu equip enfront del RC Celta (2-1) a l\u2019Estadio de la Cer\u00e1mica. El t\u00e8cnic asturi\u00e0 s\u2019ha mostrat molt satisfet amb el nivell mostrat pels seus futbolistes per a assegurar un triomf que consolida al Submar\u00ed en els llocs de privilegi i acosta al club a una fita sense precedents: l\u2019opci\u00f3 de repetir la classificaci\u00f3 per a la UEFA Champions League per segon any consecutiu."},{"type":"paragraph","text":"L\u2019entrenador groguet va destacar el gran paper de l\u2019equip des del xiulit inicial. \u201cHem fet un partit molt bo. Marcar un penal tan prompte et dona seguretat\u201d, va explicar. A pesar del gol visitant, el m\u00edster va sentir que el matx sempre va estar sota control: \u201cEm va donar la sensaci\u00f3 que vam tindre molt de domini amb el 2-1 davant un bon equip fora de casa\u201d. Sobre el gol celeste, va recon\u00e9ixer que va arribar per un \u201cpenal evitable\u201d, per\u00f2 va aclarir que no va t\u00e9mer pel resultat en la recta final: \u201cNo em va donar la sensaci\u00f3 que el Celta poguera empatar. Amb els canvis li vam donar frescor a l\u2019equip i vam estar m\u00e9s prop del tercer que del 2-2. No vaig vore un domini o gols fallats pel rival per a parlar d\u2019un quasi empat\u201d."},{"type":"paragraph","text":"Quant a la situaci\u00f3 classificat\u00f2ria, l\u2019entrenador no va ocultar el seu immens orgull pels registres de la plantilla. \u201cEsta temporada del Villarreal em pareix extraordin\u00e0ria\u201d, va reivindicar amb fermesa. El triomf enfront del quadre gallec suposa un pas de gegant cap al gran objectiu: \u201c\u00c9s una vict\u00f2ria que fa quasi rubricar una segona participaci\u00f3 en la Champions. \u00c9s una temporada hist\u00f2rica i cal agrair a tots els jugadors\u201d. A m\u00e9s, va valorar l\u2019enorme m\u00e8rit de competir de tu a tu amb els gegants del campionat: \u201cA falta de cinc jornades li traiem cinc punts a l\u2019Atl\u00e9tico de Madrid i quinze al Betis. Em pareix una puntuaci\u00f3 intractable\u201d."},{"type":"paragraph","text":"Finalment, el t\u00e8cnic va voler dedicar unes paraules d\u2019elogi a escala individual, destacant les notables actuacions d\u2019Arnau Tenas i del debutant com a titular Alex Freeman. Sobre el porter, que va quallar un gran partit, va assenyalar: \u201cHa parat un m\u00e0 a m\u00e0, ha estat molt b\u00e9 amb els peus i segur en el joc aeri. Ens ha agradat a tots. Ha sabut aguantar, entrenar, i creiem que es mereixia l\u2019oportunitat; a m\u00e9s, dins del vestidor \u00e9s un jugador que sempre suma\u201d. Respecte a Freeman, va lloar la seua maduresa i r\u00e0pida adaptaci\u00f3 des de la seua arribada en el mercat hivernal: \u201cHa sigut dels millors del partit, t\u00e9 un gran m\u00e8rit. \u00c9s un xic assenyat, treballador, prudent i amb unes condicions futbol\u00edstiques molt bones\u201d."},{"type":"paragraph","text":"A continuaci\u00f3, es pot vore la roda de premsa completa de Marcelino Garc\u00eda Toral, posterior al partit contra el RC Celta:"},{"type":"video","kind":"iframe","url":"https:\/\/www.youtube.com\/embed\/TaVj1V-QWwY?feature=oembed","poster":""}]}],"hero":{"id":"section-1","title":"El t\u00e8cnic asturi\u00e0 ha posat en valor el gran joc davant el Celta i l\u2019objectiu, ja molt pr\u00f2xim, de repetir participaci\u00f3 en Champions","text":"El t\u00e8cnic asturi\u00e0 ha posat en valor el gran joc davant el Celta i l\u2019objectiu, ja molt pr\u00f2xim, de repetir participaci\u00f3 en Champions L\u2019entrenador del Villarreal CF , Marcelino Garc\u00eda Toral, ha comparegut davant els mitjans de comunicaci\u00f3 per a analitzar la vict\u00f2ria del seu equip enfront del RC Celta (2-1) a l\u2019Estadio de la Cer\u00e1mica. El t\u00e8cnic asturi\u00e0 s\u2019ha mostrat molt satisfet amb el nivell mostrat pels seus futbolistes per a assegurar un triomf que consolida al Submar\u00ed en els llocs de privilegi i acosta al club a una fita sense precedents: l\u2019opci\u00f3 de repetir la classificaci\u00f3 per a la UEFA Champions League per segon any consecutiu. L\u2019entrenador groguet va destacar el gran paper de l\u2019equip des del xiulit inicial. \u201cHem fet un partit molt bo. Marcar un penal tan prompte et dona seguretat\u201d, va explicar. A pesar del gol visitant, el m\u00edster va sentir que el matx sempre va estar sota control: \u201cEm va donar la sensaci\u00f3 que vam tindre molt de domini amb el 2-1 davant un bon equip fora de casa\u201d. Sobre el gol celeste, va recon\u00e9ixer que va arribar per un \u201cpenal evitable\u201d, per\u00f2 va aclarir que no va t\u00e9mer pel resultat en la recta final: \u201cNo em va donar la sensaci\u00f3 que el Celta poguera empatar. Amb els canvis li vam donar frescor a l\u2019equip i vam estar m\u00e9s prop del tercer que del 2-2. No vaig vore un domini o gols fallats pel rival per a parlar d\u2019un quasi empat\u201d. Quant a la situaci\u00f3 classificat\u00f2ria, l\u2019entrenador no va ocultar el seu immens orgull pels registres de la plantilla. \u201cEsta temporada del Villarreal em pareix extraordin\u00e0ria\u201d, va reivindicar amb fermesa. El triomf enfront del quadre gallec suposa un pas de gegant cap al gran objectiu: \u201c\u00c9s una vict\u00f2ria que fa quasi rubricar una segona participaci\u00f3 en la Champions. \u00c9s una temporada hist\u00f2rica i cal agrair a tots els jugadors\u201d. A m\u00e9s, va valorar l\u2019enorme m\u00e8rit de competir de tu a tu amb els gegants del campionat: \u201cA falta de cinc jornades li traiem cinc punts a l\u2019Atl\u00e9tico de Madrid i quinze al Betis. Em pareix una puntuaci\u00f3 intractable\u201d. Finalment, el t\u00e8cnic va voler dedicar unes paraules d\u2019elogi a escala individual, destacant les notables actuacions d\u2019Arnau Tenas i del debutant com a titular Alex Freeman. Sobre el porter, que va quallar un gran partit, va assenyalar: \u201cHa parat un m\u00e0 a m\u00e0, ha estat molt b\u00e9 amb els peus i segur en el joc aeri. Ens ha agradat a tots. Ha sabut aguantar, entrenar, i creiem que es mereixia l\u2019oportunitat; a m\u00e9s, dins del vestidor \u00e9s un jugador que sempre suma\u201d. Respecte a Freeman, va lloar la seua maduresa i r\u00e0pida adaptaci\u00f3 des de la seua arribada en el mercat hivernal: \u201cHa sigut dels millors del partit, t\u00e9 un gran m\u00e8rit. \u00c9s un xic assenyat, treballador, prudent i amb unes condicions futbol\u00edstiques molt bones\u201d. A continuaci\u00f3, es pot vore la roda de premsa completa de Marcelino Garc\u00eda Toral, posterior al partit contra el RC Celta:","headings":[{"type":"heading","level":2,"text":"El t\u00e8cnic asturi\u00e0 ha posat en valor el gran joc davant el Celta i l\u2019objectiu, ja molt pr\u00f2xim, de repetir participaci\u00f3 en Champions"}],"texts":[{"type":"paragraph","text":"L\u2019entrenador del Villarreal CF , Marcelino Garc\u00eda Toral, ha comparegut davant els mitjans de comunicaci\u00f3 per a analitzar la vict\u00f2ria del seu equip enfront del RC Celta (2-1) a l\u2019Estadio de la Cer\u00e1mica. El t\u00e8cnic asturi\u00e0 s\u2019ha mostrat molt satisfet amb el nivell mostrat pels seus futbolistes per a assegurar un triomf que consolida al Submar\u00ed en els llocs de privilegi i acosta al club a una fita sense precedents: l\u2019opci\u00f3 de repetir la classificaci\u00f3 per a la UEFA Champions League per segon any consecutiu."},{"type":"paragraph","text":"L\u2019entrenador groguet va destacar el gran paper de l\u2019equip des del xiulit inicial. \u201cHem fet un partit molt bo. Marcar un penal tan prompte et dona seguretat\u201d, va explicar. A pesar del gol visitant, el m\u00edster va sentir que el matx sempre va estar sota control: \u201cEm va donar la sensaci\u00f3 que vam tindre molt de domini amb el 2-1 davant un bon equip fora de casa\u201d. Sobre el gol celeste, va recon\u00e9ixer que va arribar per un \u201cpenal evitable\u201d, per\u00f2 va aclarir que no va t\u00e9mer pel resultat en la recta final: \u201cNo em va donar la sensaci\u00f3 que el Celta poguera empatar. Amb els canvis li vam donar frescor a l\u2019equip i vam estar m\u00e9s prop del tercer que del 2-2. No vaig vore un domini o gols fallats pel rival per a parlar d\u2019un quasi empat\u201d."},{"type":"paragraph","text":"Quant a la situaci\u00f3 classificat\u00f2ria, l\u2019entrenador no va ocultar el seu immens orgull pels registres de la plantilla. \u201cEsta temporada del Villarreal em pareix extraordin\u00e0ria\u201d, va reivindicar amb fermesa. El triomf enfront del quadre gallec suposa un pas de gegant cap al gran objectiu: \u201c\u00c9s una vict\u00f2ria que fa quasi rubricar una segona participaci\u00f3 en la Champions. \u00c9s una temporada hist\u00f2rica i cal agrair a tots els jugadors\u201d. A m\u00e9s, va valorar l\u2019enorme m\u00e8rit de competir de tu a tu amb els gegants del campionat: \u201cA falta de cinc jornades li traiem cinc punts a l\u2019Atl\u00e9tico de Madrid i quinze al Betis. Em pareix una puntuaci\u00f3 intractable\u201d."},{"type":"paragraph","text":"Finalment, el t\u00e8cnic va voler dedicar unes paraules d\u2019elogi a escala individual, destacant les notables actuacions d\u2019Arnau Tenas i del debutant com a titular Alex Freeman. Sobre el porter, que va quallar un gran partit, va assenyalar: \u201cHa parat un m\u00e0 a m\u00e0, ha estat molt b\u00e9 amb els peus i segur en el joc aeri. Ens ha agradat a tots. Ha sabut aguantar, entrenar, i creiem que es mereixia l\u2019oportunitat; a m\u00e9s, dins del vestidor \u00e9s un jugador que sempre suma\u201d. Respecte a Freeman, va lloar la seua maduresa i r\u00e0pida adaptaci\u00f3 des de la seua arribada en el mercat hivernal: \u201cHa sigut dels millors del partit, t\u00e9 un gran m\u00e8rit. \u00c9s un xic assenyat, treballador, prudent i amb unes condicions futbol\u00edstiques molt bones\u201d."},{"type":"paragraph","text":"A continuaci\u00f3, es pot vore la roda de premsa completa de Marcelino Garc\u00eda Toral, posterior al partit contra el RC Celta:"}],"buttons":[],"images":[],"widgets":[],"blocks":[{"type":"heading","level":2,"text":"El t\u00e8cnic asturi\u00e0 ha posat en valor el gran joc davant el Celta i l\u2019objectiu, ja molt pr\u00f2xim, de repetir participaci\u00f3 en Champions"},{"type":"paragraph","text":"L\u2019entrenador del Villarreal CF , Marcelino Garc\u00eda Toral, ha comparegut davant els mitjans de comunicaci\u00f3 per a analitzar la vict\u00f2ria del seu equip enfront del RC Celta (2-1) a l\u2019Estadio de la Cer\u00e1mica. El t\u00e8cnic asturi\u00e0 s\u2019ha mostrat molt satisfet amb el nivell mostrat pels seus futbolistes per a assegurar un triomf que consolida al Submar\u00ed en els llocs de privilegi i acosta al club a una fita sense precedents: l\u2019opci\u00f3 de repetir la classificaci\u00f3 per a la UEFA Champions League per segon any consecutiu."},{"type":"paragraph","text":"L\u2019entrenador groguet va destacar el gran paper de l\u2019equip des del xiulit inicial. \u201cHem fet un partit molt bo. Marcar un penal tan prompte et dona seguretat\u201d, va explicar. A pesar del gol visitant, el m\u00edster va sentir que el matx sempre va estar sota control: \u201cEm va donar la sensaci\u00f3 que vam tindre molt de domini amb el 2-1 davant un bon equip fora de casa\u201d. Sobre el gol celeste, va recon\u00e9ixer que va arribar per un \u201cpenal evitable\u201d, per\u00f2 va aclarir que no va t\u00e9mer pel resultat en la recta final: \u201cNo em va donar la sensaci\u00f3 que el Celta poguera empatar. Amb els canvis li vam donar frescor a l\u2019equip i vam estar m\u00e9s prop del tercer que del 2-2. No vaig vore un domini o gols fallats pel rival per a parlar d\u2019un quasi empat\u201d."},{"type":"paragraph","text":"Quant a la situaci\u00f3 classificat\u00f2ria, l\u2019entrenador no va ocultar el seu immens orgull pels registres de la plantilla. \u201cEsta temporada del Villarreal em pareix extraordin\u00e0ria\u201d, va reivindicar amb fermesa. El triomf enfront del quadre gallec suposa un pas de gegant cap al gran objectiu: \u201c\u00c9s una vict\u00f2ria que fa quasi rubricar una segona participaci\u00f3 en la Champions. \u00c9s una temporada hist\u00f2rica i cal agrair a tots els jugadors\u201d. A m\u00e9s, va valorar l\u2019enorme m\u00e8rit de competir de tu a tu amb els gegants del campionat: \u201cA falta de cinc jornades li traiem cinc punts a l\u2019Atl\u00e9tico de Madrid i quinze al Betis. Em pareix una puntuaci\u00f3 intractable\u201d."},{"type":"paragraph","text":"Finalment, el t\u00e8cnic va voler dedicar unes paraules d\u2019elogi a escala individual, destacant les notables actuacions d\u2019Arnau Tenas i del debutant com a titular Alex Freeman. Sobre el porter, que va quallar un gran partit, va assenyalar: \u201cHa parat un m\u00e0 a m\u00e0, ha estat molt b\u00e9 amb els peus i segur en el joc aeri. Ens ha agradat a tots. Ha sabut aguantar, entrenar, i creiem que es mereixia l\u2019oportunitat; a m\u00e9s, dins del vestidor \u00e9s un jugador que sempre suma\u201d. Respecte a Freeman, va lloar la seua maduresa i r\u00e0pida adaptaci\u00f3 des de la seua arribada en el mercat hivernal: \u201cHa sigut dels millors del partit, t\u00e9 un gran m\u00e8rit. \u00c9s un xic assenyat, treballador, prudent i amb unes condicions futbol\u00edstiques molt bones\u201d."},{"type":"paragraph","text":"A continuaci\u00f3, es pot vore la roda de premsa completa de Marcelino Garc\u00eda Toral, posterior al partit contra el RC Celta:"},{"type":"video","kind":"iframe","url":"https:\/\/www.youtube.com\/embed\/TaVj1V-QWwY?feature=oembed","poster":""}]}},"sections":[{"id":"section-1","title":"El t\u00e8cnic asturi\u00e0 ha posat en valor el gran joc davant el Celta i l\u2019objectiu, ja molt pr\u00f2xim, de repetir participaci\u00f3 en Champions","text":"El t\u00e8cnic asturi\u00e0 ha posat en valor el gran joc davant el Celta i l\u2019objectiu, ja molt pr\u00f2xim, de repetir participaci\u00f3 en Champions L\u2019entrenador del Villarreal CF , Marcelino Garc\u00eda Toral, ha comparegut davant els mitjans de comunicaci\u00f3 per a analitzar la vict\u00f2ria del seu equip enfront del RC Celta (2-1) a l\u2019Estadio de la Cer\u00e1mica. El t\u00e8cnic asturi\u00e0 s\u2019ha mostrat molt satisfet amb el nivell mostrat pels seus futbolistes per a assegurar un triomf que consolida al Submar\u00ed en els llocs de privilegi i acosta al club a una fita sense precedents: l\u2019opci\u00f3 de repetir la classificaci\u00f3 per a la UEFA Champions League per segon any consecutiu. L\u2019entrenador groguet va destacar el gran paper de l\u2019equip des del xiulit inicial. \u201cHem fet un partit molt bo. Marcar un penal tan prompte et dona seguretat\u201d, va explicar. A pesar del gol visitant, el m\u00edster va sentir que el matx sempre va estar sota control: \u201cEm va donar la sensaci\u00f3 que vam tindre molt de domini amb el 2-1 davant un bon equip fora de casa\u201d. Sobre el gol celeste, va recon\u00e9ixer que va arribar per un \u201cpenal evitable\u201d, per\u00f2 va aclarir que no va t\u00e9mer pel resultat en la recta final: \u201cNo em va donar la sensaci\u00f3 que el Celta poguera empatar. Amb els canvis li vam donar frescor a l\u2019equip i vam estar m\u00e9s prop del tercer que del 2-2. No vaig vore un domini o gols fallats pel rival per a parlar d\u2019un quasi empat\u201d. Quant a la situaci\u00f3 classificat\u00f2ria, l\u2019entrenador no va ocultar el seu immens orgull pels registres de la plantilla. \u201cEsta temporada del Villarreal em pareix extraordin\u00e0ria\u201d, va reivindicar amb fermesa. El triomf enfront del quadre gallec suposa un pas de gegant cap al gran objectiu: \u201c\u00c9s una vict\u00f2ria que fa quasi rubricar una segona participaci\u00f3 en la Champions. \u00c9s una temporada hist\u00f2rica i cal agrair a tots els jugadors\u201d. A m\u00e9s, va valorar l\u2019enorme m\u00e8rit de competir de tu a tu amb els gegants del campionat: \u201cA falta de cinc jornades li traiem cinc punts a l\u2019Atl\u00e9tico de Madrid i quinze al Betis. Em pareix una puntuaci\u00f3 intractable\u201d. Finalment, el t\u00e8cnic va voler dedicar unes paraules d\u2019elogi a escala individual, destacant les notables actuacions d\u2019Arnau Tenas i del debutant com a titular Alex Freeman. Sobre el porter, que va quallar un gran partit, va assenyalar: \u201cHa parat un m\u00e0 a m\u00e0, ha estat molt b\u00e9 amb els peus i segur en el joc aeri. Ens ha agradat a tots. Ha sabut aguantar, entrenar, i creiem que es mereixia l\u2019oportunitat; a m\u00e9s, dins del vestidor \u00e9s un jugador que sempre suma\u201d. Respecte a Freeman, va lloar la seua maduresa i r\u00e0pida adaptaci\u00f3 des de la seua arribada en el mercat hivernal: \u201cHa sigut dels millors del partit, t\u00e9 un gran m\u00e8rit. \u00c9s un xic assenyat, treballador, prudent i amb unes condicions futbol\u00edstiques molt bones\u201d. A continuaci\u00f3, es pot vore la roda de premsa completa de Marcelino Garc\u00eda Toral, posterior al partit contra el RC Celta:","url":"","background_image":"","images":[],"videos":[{"type":"video","kind":"iframe","url":"https:\/\/www.youtube.com\/embed\/TaVj1V-QWwY?feature=oembed","poster":""}],"links":[]}]},"excerpt":{"rendered":"El t\u00e8cnic asturi\u00e0 ha posat en valor el gran joc davant el Celta i l&#8217;objectiu, ja molt pr\u00f2xim, de repetir participaci\u00f3 en Champions","protected":false},"author":25,"featured_media":629059,"comment_status":"closed","ping_status":"closed","sticky":false,"template":"","format":"standard","meta":{"_acf_changed":false,"footnotes":""},"categories":[13493],"tags":[11176,11429,717,9270,9775,11042,9219,13563,9278,13971,716,9205,9627,9203],"acf":{"imageImage":false,"link":""},"lang":"val","translations":{"es":628998,"en":629055,"val":629056},"essential_grid":{"has_grid":false},"formatted_date":"April 26, 2026","modified_date":"April 27, 2026","permalink":"https:\/\/villarrealcf.es\/val\/marcelino-hem-dominat-el-partit-davant-un-gran-equip\/","reading_time":3,"featured_media_data":{"id":629059,"title":"Marcelino vs Celta","caption":"","alt_text":"","description":"","mime_type":"image\/jpeg","source_url":"https:\/\/villarrealcf.es\/wp-content\/uploads\/2026\/04\/Marcelino-vs-Celta.jpg","sizes":{"thumbnail":{"url":"https:\/\/villarrealcf.es\/wp-content\/uploads\/2026\/04\/Marcelino-vs-Celta.jpg","width":1920,"height":1080},"medium":{"url":"https:\/\/villarrealcf.es\/wp-content\/uploads\/2026\/04\/Marcelino-vs-Celta.jpg","width":1920,"height":1080},"medium_large":{"url":"https:\/\/villarrealcf.es\/wp-content\/uploads\/2026\/04\/Marcelino-vs-Celta-768x432.jpg","width":768,"height":432},"large":{"url":"https:\/\/villarrealcf.es\/wp-content\/uploads\/2026\/04\/Marcelino-vs-Celta.jpg","width":788,"height":443},"1536x1536":{"url":"https:\/\/villarrealcf.es\/wp-content\/uploads\/2026\/04\/Marcelino-vs-Celta-1536x864.jpg","width":1536,"height":864},"2048x2048":{"url":"https:\/\/villarrealcf.es\/wp-content\/uploads\/2026\/04\/Marcelino-vs-Celta.jpg","width":1920,"height":1080},"tp-image-grid":{"url":"https:\/\/villarrealcf.es\/wp-content\/uploads\/2026\/04\/Marcelino-vs-Celta-700x700.jpg","width":700,"height":700},"size-bunyad-medium":{"url":"https:\/\/villarrealcf.es\/wp-content\/uploads\/2026\/04\/Marcelino-vs-Celta.jpg","width":1920,"height":1080},"sportspress-crop-medium":{"url":"https:\/\/villarrealcf.es\/wp-content\/uploads\/2026\/04\/Marcelino-vs-Celta-300x300.jpg","width":300,"height":300},"sportspress-fit-medium":{"url":"https:\/\/villarrealcf.es\/wp-content\/uploads\/2026\/04\/Marcelino-vs-Celta-300x169.jpg","width":300,"height":169},"sportspress-fit-icon":{"url":"https:\/\/villarrealcf.es\/wp-content\/uploads\/2026\/04\/Marcelino-vs-Celta-128x72.jpg","width":128,"height":72},"sportspress-fit-mini":{"url":"https:\/\/villarrealcf.es\/wp-content\/uploads\/2026\/04\/Marcelino-vs-Celta-32x18.jpg","width":32,"height":18},"bunyad-small":{"url":"https:\/\/villarrealcf.es\/wp-content\/uploads\/2026\/04\/Marcelino-vs-Celta-150x84.jpg","width":150,"height":84},"bunyad-medium":{"url":"https:\/\/villarrealcf.es\/wp-content\/uploads\/2026\/04\/Marcelino-vs-Celta-450x253.jpg","width":450,"height":253},"bunyad-full":{"url":"https:\/\/villarrealcf.es\/wp-content\/uploads\/2026\/04\/Marcelino-vs-Celta-1200x675.jpg","width":1200,"height":675},"bunyad-viewport":{"url":"https:\/\/villarrealcf.es\/wp-content\/uploads\/2026\/04\/Marcelino-vs-Celta.jpg","width":1920,"height":1080},"bunyad-768":{"url":"https:\/\/villarrealcf.es\/wp-content\/uploads\/2026\/04\/Marcelino-vs-Celta-768x432.jpg","width":768,"height":432},"full":{"url":"https:\/\/villarrealcf.es\/wp-content\/uploads\/2026\/04\/Marcelino-vs-Celta.jpg","width":1920,"height":1080}}},"author_data":{"id":"25","name":"Javier Ayuso","first_name":"Javier","last_name":"Ayuso","description":"","avatar_url":"https:\/\/secure.gravatar.com\/avatar\/fcf8894be45988fcce5bbff0efe1790d2a7f4ba57e2c7c898f5068154e696495?s=96&d=mm&r=g","acf":null},"taxonomies_data":{"category":[{"id":13493,"name":"Primer equip","slug":"primer-equip","acf":null}],"post_tag":[{"id":11176,"name":"Entrenador","slug":"entrenador-val","acf":null},{"id":11429,"name":"Estadio de la Cer\u00e1mica","slug":"estadio-de-la-ceramica-val","acf":null},{"id":717,"name":"Football","slug":"football-d34","acf":null},{"id":9270,"name":"Futbol","slug":"futbol-val","acf":null},{"id":9775,"name":"Jornada 32","slug":"jornada-32-val","acf":null},{"id":11042,"name":"LaLiga","slug":"laliga-val","acf":null},{"id":9219,"name":"Marcelino Garc\u00eda Toral","slug":"marcelino-garcia-toral-val","acf":null},{"id":13563,"name":"Portada VAL","slug":"portada-val","acf":null},{"id":9278,"name":"primera division","slug":"primera-division-val","acf":null},{"id":13971,"name":"RC Celta","slug":"rc-celta-val","acf":null},{"id":716,"name":"Soccer","slug":"soccer-d105","acf":null},{"id":9205,"name":"Submarino","slug":"submarino-val","acf":null},{"id":9627,"name":"Submarino Amarillo","slug":"submarino-amarillo-val","acf":null},{"id":9203,"name":"Villarreal CF","slug":"villarreal-cf-val","acf":null}],"translation_priority":[{"id":735,"name":"Optional","slug":"optional-val","acf":null}]},"seo_full":{"native":{"title":"Marcelino: \u00abHem dominat el partit davant un gran equip\u00bb - Web Oficial del Villarreal CF","description":"El t\u00e8cnic asturi\u00e0 ha posat en valor el gran joc davant el Celta i l'objectiu, ja molt pr\u00f2xim, de repetir participaci\u00f3 en Champions","canonical":"https:\/\/villarrealcf.es\/val\/marcelino-hem-dominat-el-partit-davant-un-gran-equip\/"}},"_links":{"self":[{"href":"https:\/\/villarrealcf.es\/val\/wp-json\/wp\/v2\/posts\/629056","targetHints":{"allow":["GET"]}}],"collection":[{"href":"https:\/\/villarrealcf.es\/val\/wp-json\/wp\/v2\/posts"}],"about":[{"href":"https:\/\/villarrealcf.es\/val\/wp-json\/wp\/v2\/types\/post"}],"author":[{"embeddable":true,"href":"https:\/\/villarrealcf.es\/val\/wp-json\/wp\/v2\/users\/25"}],"replies":[{"embeddable":true,"href":"https:\/\/villarrealcf.es\/val\/wp-json\/wp\/v2\/comments?post=629056"}],"version-history":[{"count":2,"href":"https:\/\/villarrealcf.es\/val\/wp-json\/wp\/v2\/posts\/629056\/revisions"}],"predecessor-version":[{"id":629064,"href":"https:\/\/villarrealcf.es\/val\/wp-json\/wp\/v2\/posts\/629056\/revisions\/629064"}],"wp:featuredmedia":[{"embeddable":true,"href":"https:\/\/villarrealcf.es\/val\/wp-json\/wp\/v2\/media\/629059"}],"wp:attachment":[{"href":"https:\/\/villarrealcf.es\/val\/wp-json\/wp\/v2\/media?parent=629056"}],"wp:term":[{"taxonomy":"category","embeddable":true,"href":"https:\/\/villarrealcf.es\/val\/wp-json\/wp\/v2\/categories?post=629056"},{"taxonomy":"post_tag","embeddable":true,"href":"https:\/\/villarrealcf.es\/val\/wp-json\/wp\/v2\/tags?post=629056"}],"curies":[{"name":"wp","href":"https:\/\/api.w.org\/{rel}","templated":true}]}}