{"id":628764,"date":"2026-04-26T10:43:00","date_gmt":"2026-04-26T08:43:00","guid":{"rendered":"https:\/\/villarrealcf.es\/gran-acogida-en-el-dia-del-simpatizante\/"},"modified":"2026-04-22T11:38:10","modified_gmt":"2026-04-22T09:38:10","slug":"gran-acollida-en-el-dia-del-simpatitzant","status":"publish","type":"post","link":"https:\/\/villarrealcf.es\/val\/gran-acollida-en-el-dia-del-simpatitzant\/","title":{"rendered":"\u00a1Gran acollida en el \u2018Dia del Simpatitzant\u2019!"},"content":{"protected":false,"blocks":[{"type":"heading","level":2,"text":"Un centenar de seguidors del Villarreal CF han viscut una jornada molt especial"},{"type":"paragraph","text":"El \u2018Dia del Simpatitzant\u2019 ha tornat a complir les expectatives i, una edici\u00f3 m\u00e9s, s\u2019ha saldat amb un balan\u00e7 molt positiu. Un centenar d\u2019aficionats groguets, tant nacionals com internacionals, han viscut una jornada \u00fanica en l\u2019Estadio de la Cer\u00e1mica, coincidint amb l\u2019enfrontament entre el Villarreal CF i el Celta de Vigo."},{"type":"paragraph","text":"La jornada va arrancar a les 11.30 hores amb la recepci\u00f3 dels participants i la visita a l\u2019exposici\u00f3 de camisetes retro; una col\u00b7lecci\u00f3 d\u2019emblem\u00e0tiques el\u00e0stiques vintage que ha instal\u00b7lat el club en les vitrines de la llotja VIP de l\u2019Estadio de la Cer\u00e1mica amb motiu de la jornada retro que va impulsar LALIGA EA Sports."},{"type":"paragraph","text":"Este dia tan especial va continuar amb un menjar de germanor en la seu de l\u2019Agrupaci\u00f3 de Penyes del Villarreal CF. Per la vesprada, els simpatitzants es van endinsar en Inmersi\u00f3n Villarreal, on van disfrutar d\u2019una experi\u00e8ncia immersiva que els va permetre acostar-se encara m\u00e9s a la hist\u00f2ria del Submar\u00ed Groc."},{"type":"paragraph","text":"Ja en els moments previs al partit davant el Celta de Vigo, els aficionats van poder fotografiar-se amb l\u2019onze titular del Submar\u00ed. Un record, sens dubte, per a tota la vida."},{"type":"paragraph","text":"Dia del Simpatitzant"},{"type":"paragraph","text":"El \u2018Dia del Simpatitzant\u2019 \u00e9s l\u2019homenatge que el Villarreal organitza per a aquells groguets que han adquirit el seu carnet oficial d\u2019esta temporada 2025\/26. El Carnet del Simpatitzant \u2018S\u00f3c Groguet\u2019 va ser ideat per a aquells seguidors del Submar\u00ed que viuen fora de la prov\u00edncia de Castell\u00f3 i, per tant, no poden disfrutar de ser abonats, encara que s\u00ed comptar amb avantatges exclusius i experi\u00e8ncies com un groguet m\u00e9s."}],"structured":{"summary":{"text":"Un centenar de seguidors del Villarreal CF han viscut una jornada molt especial El \u2018Dia del Simpatitzant\u2019 ha tornat a complir les expectatives i, una edici\u00f3 m\u00e9s, s\u2019ha saldat amb un balan\u00e7 molt positiu. Un centenar d\u2019aficionats groguets, tant nacionals com internacionals, han viscut una jornada \u00fanica en l\u2019Estadio de la Cer\u00e1mica, coincidint amb l\u2019enfrontament entre el Villarreal CF i el Celta de Vigo. La jornada va arrancar a les 11.30 hores amb la recepci\u00f3 dels participants i la visita a l\u2019exposici\u00f3 de camisetes retro; una col\u00b7lecci\u00f3 d\u2019emblem\u00e0tiques el\u00e0stiques vintage que ha instal\u00b7lat el club en les vitrines de la llotja VIP de l\u2019Estadio de la Cer\u00e1mica amb motiu de la jornada retro que va impulsar LALIGA EA Sports. Este dia tan especial va continuar amb un menjar de germanor en la seu de l\u2019Agrupaci\u00f3 de Penyes del Villarreal CF. Per la vesprada, els simpatitzants es van endinsar en Inmersi\u00f3n Villarreal, on van disfrutar d\u2019una experi\u00e8ncia immersiva que els va permetre acostar-se encara m\u00e9s a la hist\u00f2ria del Submar\u00ed Groc. Ja en els moments previs al partit davant el Celta de Vigo, els aficionats van poder fotografiar-se amb l\u2019onze titular del Submar\u00ed. Un record, sens dubte, per a tota la vida. Dia del Simpatitzant El \u2018Dia del Simpatitzant\u2019 \u00e9s l\u2019homenatge que el Villarreal organitza per a aquells groguets que han adquirit el seu carnet oficial d\u2019esta temporada 2025\/26. El Carnet del Simpatitzant \u2018S\u00f3c Groguet\u2019 va ser ideat per a aquells seguidors del Submar\u00ed que viuen fora de la prov\u00edncia de Castell\u00f3 i, per tant, no poden disfrutar de ser abonats, encara que s\u00ed comptar amb avantatges exclusius i experi\u00e8ncies com un groguet m\u00e9s.","headings":[{"type":"heading","level":2,"text":"Un centenar de seguidors del Villarreal CF han viscut una jornada molt especial"}],"buttons":[],"images":[],"counts":{"blocks":7,"headings":1,"texts":6,"buttons":0,"images":0}},"sections":[{"id":"section-1","title":"Un centenar de seguidors del Villarreal CF han viscut una jornada molt especial","text":"Un centenar de seguidors del Villarreal CF han viscut una jornada molt especial El \u2018Dia del Simpatitzant\u2019 ha tornat a complir les expectatives i, una edici\u00f3 m\u00e9s, s\u2019ha saldat amb un balan\u00e7 molt positiu. Un centenar d\u2019aficionats groguets, tant nacionals com internacionals, han viscut una jornada \u00fanica en l\u2019Estadio de la Cer\u00e1mica, coincidint amb l\u2019enfrontament entre el Villarreal CF i el Celta de Vigo. La jornada va arrancar a les 11.30 hores amb la recepci\u00f3 dels participants i la visita a l\u2019exposici\u00f3 de camisetes retro; una col\u00b7lecci\u00f3 d\u2019emblem\u00e0tiques el\u00e0stiques vintage que ha instal\u00b7lat el club en les vitrines de la llotja VIP de l\u2019Estadio de la Cer\u00e1mica amb motiu de la jornada retro que va impulsar LALIGA EA Sports. Este dia tan especial va continuar amb un menjar de germanor en la seu de l\u2019Agrupaci\u00f3 de Penyes del Villarreal CF. Per la vesprada, els simpatitzants es van endinsar en Inmersi\u00f3n Villarreal, on van disfrutar d\u2019una experi\u00e8ncia immersiva que els va permetre acostar-se encara m\u00e9s a la hist\u00f2ria del Submar\u00ed Groc. Ja en els moments previs al partit davant el Celta de Vigo, els aficionats van poder fotografiar-se amb l\u2019onze titular del Submar\u00ed. Un record, sens dubte, per a tota la vida. Dia del Simpatitzant El \u2018Dia del Simpatitzant\u2019 \u00e9s l\u2019homenatge que el Villarreal organitza per a aquells groguets que han adquirit el seu carnet oficial d\u2019esta temporada 2025\/26. El Carnet del Simpatitzant \u2018S\u00f3c Groguet\u2019 va ser ideat per a aquells seguidors del Submar\u00ed que viuen fora de la prov\u00edncia de Castell\u00f3 i, per tant, no poden disfrutar de ser abonats, encara que s\u00ed comptar amb avantatges exclusius i experi\u00e8ncies com un groguet m\u00e9s.","headings":[{"type":"heading","level":2,"text":"Un centenar de seguidors del Villarreal CF han viscut una jornada molt especial"}],"texts":[{"type":"paragraph","text":"El \u2018Dia del Simpatitzant\u2019 ha tornat a complir les expectatives i, una edici\u00f3 m\u00e9s, s\u2019ha saldat amb un balan\u00e7 molt positiu. Un centenar d\u2019aficionats groguets, tant nacionals com internacionals, han viscut una jornada \u00fanica en l\u2019Estadio de la Cer\u00e1mica, coincidint amb l\u2019enfrontament entre el Villarreal CF i el Celta de Vigo."},{"type":"paragraph","text":"La jornada va arrancar a les 11.30 hores amb la recepci\u00f3 dels participants i la visita a l\u2019exposici\u00f3 de camisetes retro; una col\u00b7lecci\u00f3 d\u2019emblem\u00e0tiques el\u00e0stiques vintage que ha instal\u00b7lat el club en les vitrines de la llotja VIP de l\u2019Estadio de la Cer\u00e1mica amb motiu de la jornada retro que va impulsar LALIGA EA Sports."},{"type":"paragraph","text":"Este dia tan especial va continuar amb un menjar de germanor en la seu de l\u2019Agrupaci\u00f3 de Penyes del Villarreal CF. Per la vesprada, els simpatitzants es van endinsar en Inmersi\u00f3n Villarreal, on van disfrutar d\u2019una experi\u00e8ncia immersiva que els va permetre acostar-se encara m\u00e9s a la hist\u00f2ria del Submar\u00ed Groc."},{"type":"paragraph","text":"Ja en els moments previs al partit davant el Celta de Vigo, els aficionats van poder fotografiar-se amb l\u2019onze titular del Submar\u00ed. Un record, sens dubte, per a tota la vida."},{"type":"paragraph","text":"Dia del Simpatitzant"},{"type":"paragraph","text":"El \u2018Dia del Simpatitzant\u2019 \u00e9s l\u2019homenatge que el Villarreal organitza per a aquells groguets que han adquirit el seu carnet oficial d\u2019esta temporada 2025\/26. El Carnet del Simpatitzant \u2018S\u00f3c Groguet\u2019 va ser ideat per a aquells seguidors del Submar\u00ed que viuen fora de la prov\u00edncia de Castell\u00f3 i, per tant, no poden disfrutar de ser abonats, encara que s\u00ed comptar amb avantatges exclusius i experi\u00e8ncies com un groguet m\u00e9s."}],"buttons":[],"images":[],"widgets":[],"blocks":[{"type":"heading","level":2,"text":"Un centenar de seguidors del Villarreal CF han viscut una jornada molt especial"},{"type":"paragraph","text":"El \u2018Dia del Simpatitzant\u2019 ha tornat a complir les expectatives i, una edici\u00f3 m\u00e9s, s\u2019ha saldat amb un balan\u00e7 molt positiu. Un centenar d\u2019aficionats groguets, tant nacionals com internacionals, han viscut una jornada \u00fanica en l\u2019Estadio de la Cer\u00e1mica, coincidint amb l\u2019enfrontament entre el Villarreal CF i el Celta de Vigo."},{"type":"paragraph","text":"La jornada va arrancar a les 11.30 hores amb la recepci\u00f3 dels participants i la visita a l\u2019exposici\u00f3 de camisetes retro; una col\u00b7lecci\u00f3 d\u2019emblem\u00e0tiques el\u00e0stiques vintage que ha instal\u00b7lat el club en les vitrines de la llotja VIP de l\u2019Estadio de la Cer\u00e1mica amb motiu de la jornada retro que va impulsar LALIGA EA Sports."},{"type":"paragraph","text":"Este dia tan especial va continuar amb un menjar de germanor en la seu de l\u2019Agrupaci\u00f3 de Penyes del Villarreal CF. Per la vesprada, els simpatitzants es van endinsar en Inmersi\u00f3n Villarreal, on van disfrutar d\u2019una experi\u00e8ncia immersiva que els va permetre acostar-se encara m\u00e9s a la hist\u00f2ria del Submar\u00ed Groc."},{"type":"paragraph","text":"Ja en els moments previs al partit davant el Celta de Vigo, els aficionats van poder fotografiar-se amb l\u2019onze titular del Submar\u00ed. Un record, sens dubte, per a tota la vida."},{"type":"paragraph","text":"Dia del Simpatitzant"},{"type":"paragraph","text":"El \u2018Dia del Simpatitzant\u2019 \u00e9s l\u2019homenatge que el Villarreal organitza per a aquells groguets que han adquirit el seu carnet oficial d\u2019esta temporada 2025\/26. El Carnet del Simpatitzant \u2018S\u00f3c Groguet\u2019 va ser ideat per a aquells seguidors del Submar\u00ed que viuen fora de la prov\u00edncia de Castell\u00f3 i, per tant, no poden disfrutar de ser abonats, encara que s\u00ed comptar amb avantatges exclusius i experi\u00e8ncies com un groguet m\u00e9s."}]}],"hero":{"id":"section-1","title":"Un centenar de seguidors del Villarreal CF han viscut una jornada molt especial","text":"Un centenar de seguidors del Villarreal CF han viscut una jornada molt especial El \u2018Dia del Simpatitzant\u2019 ha tornat a complir les expectatives i, una edici\u00f3 m\u00e9s, s\u2019ha saldat amb un balan\u00e7 molt positiu. Un centenar d\u2019aficionats groguets, tant nacionals com internacionals, han viscut una jornada \u00fanica en l\u2019Estadio de la Cer\u00e1mica, coincidint amb l\u2019enfrontament entre el Villarreal CF i el Celta de Vigo. La jornada va arrancar a les 11.30 hores amb la recepci\u00f3 dels participants i la visita a l\u2019exposici\u00f3 de camisetes retro; una col\u00b7lecci\u00f3 d\u2019emblem\u00e0tiques el\u00e0stiques vintage que ha instal\u00b7lat el club en les vitrines de la llotja VIP de l\u2019Estadio de la Cer\u00e1mica amb motiu de la jornada retro que va impulsar LALIGA EA Sports. Este dia tan especial va continuar amb un menjar de germanor en la seu de l\u2019Agrupaci\u00f3 de Penyes del Villarreal CF. Per la vesprada, els simpatitzants es van endinsar en Inmersi\u00f3n Villarreal, on van disfrutar d\u2019una experi\u00e8ncia immersiva que els va permetre acostar-se encara m\u00e9s a la hist\u00f2ria del Submar\u00ed Groc. Ja en els moments previs al partit davant el Celta de Vigo, els aficionats van poder fotografiar-se amb l\u2019onze titular del Submar\u00ed. Un record, sens dubte, per a tota la vida. Dia del Simpatitzant El \u2018Dia del Simpatitzant\u2019 \u00e9s l\u2019homenatge que el Villarreal organitza per a aquells groguets que han adquirit el seu carnet oficial d\u2019esta temporada 2025\/26. El Carnet del Simpatitzant \u2018S\u00f3c Groguet\u2019 va ser ideat per a aquells seguidors del Submar\u00ed que viuen fora de la prov\u00edncia de Castell\u00f3 i, per tant, no poden disfrutar de ser abonats, encara que s\u00ed comptar amb avantatges exclusius i experi\u00e8ncies com un groguet m\u00e9s.","headings":[{"type":"heading","level":2,"text":"Un centenar de seguidors del Villarreal CF han viscut una jornada molt especial"}],"texts":[{"type":"paragraph","text":"El \u2018Dia del Simpatitzant\u2019 ha tornat a complir les expectatives i, una edici\u00f3 m\u00e9s, s\u2019ha saldat amb un balan\u00e7 molt positiu. Un centenar d\u2019aficionats groguets, tant nacionals com internacionals, han viscut una jornada \u00fanica en l\u2019Estadio de la Cer\u00e1mica, coincidint amb l\u2019enfrontament entre el Villarreal CF i el Celta de Vigo."},{"type":"paragraph","text":"La jornada va arrancar a les 11.30 hores amb la recepci\u00f3 dels participants i la visita a l\u2019exposici\u00f3 de camisetes retro; una col\u00b7lecci\u00f3 d\u2019emblem\u00e0tiques el\u00e0stiques vintage que ha instal\u00b7lat el club en les vitrines de la llotja VIP de l\u2019Estadio de la Cer\u00e1mica amb motiu de la jornada retro que va impulsar LALIGA EA Sports."},{"type":"paragraph","text":"Este dia tan especial va continuar amb un menjar de germanor en la seu de l\u2019Agrupaci\u00f3 de Penyes del Villarreal CF. Per la vesprada, els simpatitzants es van endinsar en Inmersi\u00f3n Villarreal, on van disfrutar d\u2019una experi\u00e8ncia immersiva que els va permetre acostar-se encara m\u00e9s a la hist\u00f2ria del Submar\u00ed Groc."},{"type":"paragraph","text":"Ja en els moments previs al partit davant el Celta de Vigo, els aficionats van poder fotografiar-se amb l\u2019onze titular del Submar\u00ed. Un record, sens dubte, per a tota la vida."},{"type":"paragraph","text":"Dia del Simpatitzant"},{"type":"paragraph","text":"El \u2018Dia del Simpatitzant\u2019 \u00e9s l\u2019homenatge que el Villarreal organitza per a aquells groguets que han adquirit el seu carnet oficial d\u2019esta temporada 2025\/26. El Carnet del Simpatitzant \u2018S\u00f3c Groguet\u2019 va ser ideat per a aquells seguidors del Submar\u00ed que viuen fora de la prov\u00edncia de Castell\u00f3 i, per tant, no poden disfrutar de ser abonats, encara que s\u00ed comptar amb avantatges exclusius i experi\u00e8ncies com un groguet m\u00e9s."}],"buttons":[],"images":[],"widgets":[],"blocks":[{"type":"heading","level":2,"text":"Un centenar de seguidors del Villarreal CF han viscut una jornada molt especial"},{"type":"paragraph","text":"El \u2018Dia del Simpatitzant\u2019 ha tornat a complir les expectatives i, una edici\u00f3 m\u00e9s, s\u2019ha saldat amb un balan\u00e7 molt positiu. Un centenar d\u2019aficionats groguets, tant nacionals com internacionals, han viscut una jornada \u00fanica en l\u2019Estadio de la Cer\u00e1mica, coincidint amb l\u2019enfrontament entre el Villarreal CF i el Celta de Vigo."},{"type":"paragraph","text":"La jornada va arrancar a les 11.30 hores amb la recepci\u00f3 dels participants i la visita a l\u2019exposici\u00f3 de camisetes retro; una col\u00b7lecci\u00f3 d\u2019emblem\u00e0tiques el\u00e0stiques vintage que ha instal\u00b7lat el club en les vitrines de la llotja VIP de l\u2019Estadio de la Cer\u00e1mica amb motiu de la jornada retro que va impulsar LALIGA EA Sports."},{"type":"paragraph","text":"Este dia tan especial va continuar amb un menjar de germanor en la seu de l\u2019Agrupaci\u00f3 de Penyes del Villarreal CF. Per la vesprada, els simpatitzants es van endinsar en Inmersi\u00f3n Villarreal, on van disfrutar d\u2019una experi\u00e8ncia immersiva que els va permetre acostar-se encara m\u00e9s a la hist\u00f2ria del Submar\u00ed Groc."},{"type":"paragraph","text":"Ja en els moments previs al partit davant el Celta de Vigo, els aficionats van poder fotografiar-se amb l\u2019onze titular del Submar\u00ed. Un record, sens dubte, per a tota la vida."},{"type":"paragraph","text":"Dia del Simpatitzant"},{"type":"paragraph","text":"El \u2018Dia del Simpatitzant\u2019 \u00e9s l\u2019homenatge que el Villarreal organitza per a aquells groguets que han adquirit el seu carnet oficial d\u2019esta temporada 2025\/26. El Carnet del Simpatitzant \u2018S\u00f3c Groguet\u2019 va ser ideat per a aquells seguidors del Submar\u00ed que viuen fora de la prov\u00edncia de Castell\u00f3 i, per tant, no poden disfrutar de ser abonats, encara que s\u00ed comptar amb avantatges exclusius i experi\u00e8ncies com un groguet m\u00e9s."}]}},"sections":[{"id":"section-1","title":"Un centenar de seguidors del Villarreal CF han viscut una jornada molt especial","text":"Un centenar de seguidors del Villarreal CF han viscut una jornada molt especial El \u2018Dia del Simpatitzant\u2019 ha tornat a complir les expectatives i, una edici\u00f3 m\u00e9s, s\u2019ha saldat amb un balan\u00e7 molt positiu. Un centenar d\u2019aficionats groguets, tant nacionals com internacionals, han viscut una jornada \u00fanica en l\u2019Estadio de la Cer\u00e1mica, coincidint amb l\u2019enfrontament entre el Villarreal CF i el Celta de Vigo. La jornada va arrancar a les 11.30 hores amb la recepci\u00f3 dels participants i la visita a l\u2019exposici\u00f3 de camisetes retro; una col\u00b7lecci\u00f3 d\u2019emblem\u00e0tiques el\u00e0stiques vintage que ha instal\u00b7lat el club en les vitrines de la llotja VIP de l\u2019Estadio de la Cer\u00e1mica amb motiu de la jornada retro que va impulsar LALIGA EA Sports. Este dia tan especial va continuar amb un menjar de germanor en la seu de l\u2019Agrupaci\u00f3 de Penyes del Villarreal CF. Per la vesprada, els simpatitzants es van endinsar en Inmersi\u00f3n Villarreal, on van disfrutar d\u2019una experi\u00e8ncia immersiva que els va permetre acostar-se encara m\u00e9s a la hist\u00f2ria del Submar\u00ed Groc. Ja en els moments previs al partit davant el Celta de Vigo, els aficionats van poder fotografiar-se amb l\u2019onze titular del Submar\u00ed. Un record, sens dubte, per a tota la vida. Dia del Simpatitzant El \u2018Dia del Simpatitzant\u2019 \u00e9s l\u2019homenatge que el Villarreal organitza per a aquells groguets que han adquirit el seu carnet oficial d\u2019esta temporada 2025\/26. El Carnet del Simpatitzant \u2018S\u00f3c Groguet\u2019 va ser ideat per a aquells seguidors del Submar\u00ed que viuen fora de la prov\u00edncia de Castell\u00f3 i, per tant, no poden disfrutar de ser abonats, encara que s\u00ed comptar amb avantatges exclusius i experi\u00e8ncies com un groguet m\u00e9s.","url":"","background_image":"","images":[],"videos":[],"links":[]}]},"excerpt":{"rendered":"Un centenar de seguidors del Villarreal CF han viscut una jornada molt especial","protected":false},"author":29,"featured_media":629006,"comment_status":"closed","ping_status":"closed","sticky":false,"template":"","format":"standard","meta":{"_acf_changed":false,"footnotes":""},"categories":[13507],"tags":[9487,11269,14213,14694,717,13555,9278,716,9205,13556,9203],"acf":{"imageImage":false,"link":""},"lang":"val","translations":{"es":628753,"en":628763,"val":628764},"essential_grid":{"has_grid":false},"formatted_date":"April 26, 2026","modified_date":"April 22, 2026","permalink":"https:\/\/villarrealcf.es\/val\/gran-acollida-en-el-dia-del-simpatitzant\/","reading_time":2,"featured_media_data":{"id":629006,"title":"Simparizantes","caption":"","alt_text":"","description":"","mime_type":"image\/jpeg","source_url":"https:\/\/villarrealcf.es\/wp-content\/uploads\/2026\/04\/Simparizantes.jpg","sizes":{"thumbnail":{"url":"https:\/\/villarrealcf.es\/wp-content\/uploads\/2026\/04\/Simparizantes.jpg","width":1920,"height":1080},"medium":{"url":"https:\/\/villarrealcf.es\/wp-content\/uploads\/2026\/04\/Simparizantes.jpg","width":1920,"height":1080},"medium_large":{"url":"https:\/\/villarrealcf.es\/wp-content\/uploads\/2026\/04\/Simparizantes-768x432.jpg","width":768,"height":432},"large":{"url":"https:\/\/villarrealcf.es\/wp-content\/uploads\/2026\/04\/Simparizantes.jpg","width":788,"height":443},"1536x1536":{"url":"https:\/\/villarrealcf.es\/wp-content\/uploads\/2026\/04\/Simparizantes-1536x864.jpg","width":1536,"height":864},"2048x2048":{"url":"https:\/\/villarrealcf.es\/wp-content\/uploads\/2026\/04\/Simparizantes.jpg","width":1920,"height":1080},"tp-image-grid":{"url":"https:\/\/villarrealcf.es\/wp-content\/uploads\/2026\/04\/Simparizantes-700x700.jpg","width":700,"height":700},"size-bunyad-medium":{"url":"https:\/\/villarrealcf.es\/wp-content\/uploads\/2026\/04\/Simparizantes.jpg","width":1920,"height":1080},"sportspress-crop-medium":{"url":"https:\/\/villarrealcf.es\/wp-content\/uploads\/2026\/04\/Simparizantes-300x300.jpg","width":300,"height":300},"sportspress-fit-medium":{"url":"https:\/\/villarrealcf.es\/wp-content\/uploads\/2026\/04\/Simparizantes-300x169.jpg","width":300,"height":169},"sportspress-fit-icon":{"url":"https:\/\/villarrealcf.es\/wp-content\/uploads\/2026\/04\/Simparizantes-128x72.jpg","width":128,"height":72},"sportspress-fit-mini":{"url":"https:\/\/villarrealcf.es\/wp-content\/uploads\/2026\/04\/Simparizantes-32x18.jpg","width":32,"height":18},"bunyad-small":{"url":"https:\/\/villarrealcf.es\/wp-content\/uploads\/2026\/04\/Simparizantes-150x84.jpg","width":150,"height":84},"bunyad-medium":{"url":"https:\/\/villarrealcf.es\/wp-content\/uploads\/2026\/04\/Simparizantes-450x253.jpg","width":450,"height":253},"bunyad-full":{"url":"https:\/\/villarrealcf.es\/wp-content\/uploads\/2026\/04\/Simparizantes-1200x675.jpg","width":1200,"height":675},"bunyad-viewport":{"url":"https:\/\/villarrealcf.es\/wp-content\/uploads\/2026\/04\/Simparizantes.jpg","width":1920,"height":1080},"bunyad-768":{"url":"https:\/\/villarrealcf.es\/wp-content\/uploads\/2026\/04\/Simparizantes-768x432.jpg","width":768,"height":432},"full":{"url":"https:\/\/villarrealcf.es\/wp-content\/uploads\/2026\/04\/Simparizantes.jpg","width":1920,"height":1080}}},"author_data":{"id":"29","name":"Azahara Beroy","first_name":"Azahara","last_name":"Beroy","description":"","avatar_url":"https:\/\/secure.gravatar.com\/avatar\/91b979a91a1925e60814719244bbf7824af58ced5a6e2130c2611bde24439aa7?s=96&d=mm&r=g","acf":null},"taxonomies_data":{"category":[{"id":13507,"name":"Fans","slug":"fans-val","acf":null}],"post_tag":[{"id":9487,"name":"Afici\u00f3n","slug":"aficion-val","acf":null},{"id":11269,"name":"Celta de Vigo","slug":"celta-de-vigo-val","acf":null},{"id":14213,"name":"Destacados VAL","slug":"destacados-val","acf":null},{"id":14694,"name":"D\u00eda del Simpatizante","slug":"dia-del-simpatizante-2-val","acf":null},{"id":717,"name":"Football","slug":"football-d34","acf":null},{"id":13555,"name":"Futbol","slug":"futbol-val-2","acf":null},{"id":9278,"name":"primera division","slug":"primera-division-val","acf":null},{"id":716,"name":"Soccer","slug":"soccer-d105","acf":null},{"id":9205,"name":"Submarino","slug":"submarino-val","acf":null},{"id":13556,"name":"Submarino Amarillo","slug":"submarino-amarillo-val-2","acf":null},{"id":9203,"name":"Villarreal CF","slug":"villarreal-cf-val","acf":null}],"translation_priority":[{"id":735,"name":"Optional","slug":"optional-val","acf":null}]},"seo_full":{"native":{"title":"\u00a1Gran acollida en el \u2018Dia del Simpatitzant\u2019! - Web Oficial del Villarreal CF","description":"Un centenar de seguidors del Villarreal CF han viscut una jornada molt especial","canonical":"https:\/\/villarrealcf.es\/val\/gran-acollida-en-el-dia-del-simpatitzant\/"}},"_links":{"self":[{"href":"https:\/\/villarrealcf.es\/val\/wp-json\/wp\/v2\/posts\/628764","targetHints":{"allow":["GET"]}}],"collection":[{"href":"https:\/\/villarrealcf.es\/val\/wp-json\/wp\/v2\/posts"}],"about":[{"href":"https:\/\/villarrealcf.es\/val\/wp-json\/wp\/v2\/types\/post"}],"author":[{"embeddable":true,"href":"https:\/\/villarrealcf.es\/val\/wp-json\/wp\/v2\/users\/29"}],"replies":[{"embeddable":true,"href":"https:\/\/villarrealcf.es\/val\/wp-json\/wp\/v2\/comments?post=628764"}],"version-history":[{"count":5,"href":"https:\/\/villarrealcf.es\/val\/wp-json\/wp\/v2\/posts\/628764\/revisions"}],"predecessor-version":[{"id":628783,"href":"https:\/\/villarrealcf.es\/val\/wp-json\/wp\/v2\/posts\/628764\/revisions\/628783"}],"wp:featuredmedia":[{"embeddable":true,"href":"https:\/\/villarrealcf.es\/val\/wp-json\/wp\/v2\/media\/629006"}],"wp:attachment":[{"href":"https:\/\/villarrealcf.es\/val\/wp-json\/wp\/v2\/media?parent=628764"}],"wp:term":[{"taxonomy":"category","embeddable":true,"href":"https:\/\/villarrealcf.es\/val\/wp-json\/wp\/v2\/categories?post=628764"},{"taxonomy":"post_tag","embeddable":true,"href":"https:\/\/villarrealcf.es\/val\/wp-json\/wp\/v2\/tags?post=628764"}],"curies":[{"name":"wp","href":"https:\/\/api.w.org\/{rel}","templated":true}]}}