{"id":620987,"date":"2026-02-13T11:06:15","date_gmt":"2026-02-13T10:06:15","guid":{"rendered":"https:\/\/villarrealcf.es\/getafe-villarreal-dar-un-golpe-sobre-la-mesa-en-el-coliseum\/"},"modified":"2026-02-11T10:20:39","modified_gmt":"2026-02-11T09:20:39","slug":"getafe-villarreal-una-cita-especial-en-el-coliseum","status":"publish","type":"post","link":"https:\/\/villarrealcf.es\/val\/getafe-villarreal-una-cita-especial-en-el-coliseum\/","title":{"rendered":"Getafe-Villarreal: una \u2018cita especial\u2019 en el Coliseum"},"content":{"protected":false,"blocks":[{"type":"heading","level":2,"text":"El Submar\u00ed Groc s\u2019enfronta al conjunt madrileny el dia de Sant Valent\u00ed (dissabte, 16.15 h)"},{"type":"paragraph","text":"El Villarreal CF es cita este dissabte 14 de febrer amb el Getafe CF, un rival sempre inc\u00f2mode en el Estadio Coliseum (16.15 hores). Despr\u00e9s de sumar els tres punts contra l\u2019Espanyol, el conjunt groguet tractar\u00e0 d\u2019obtindre un nou triomf lliguer amb el qual encarrilar una din\u00e0mica positiva de resultats."},{"type":"paragraph","text":"Els de Marcelino Garc\u00eda Toral arriben a este encontre amb molt bon sabor de boca despr\u00e9s de la golejada davant els pericos del passat dilluns (4-1) en el Estadio de la Cer\u00e1mica, despr\u00e9s d\u2019encadenar dues derrotes i un empat. La vict\u00f2ria ha suposat un important colp de moral per als groguets, que mantenen a ratlla els seus perseguidors per la quarta pla\u00e7a."},{"type":"paragraph","text":"Per la seua banda, el conjunt madrileny liderat per Jos\u00e9 Bordal\u00e1s tamb\u00e9 arriba al partit amb gran optimisme gr\u00e0cies a la seua \u00faltima vict\u00f2ria a domicili davant el Deportivo Alav\u00e9s (0-2). L\u2019equip \u2018azul\u00f3n\u2019, que venia d\u2019encadenar dues derrotes i dos empats, ha aconseguit escalar diverses posicions en la classificaci\u00f3 i allunyar-se de la zona de descens."},{"type":"heading","level":3,"text":"Grans records en el Coliseum"},{"type":"paragraph","text":"L\u2019hist\u00f2ric d\u2019encontres del Villarreal davant el Getafe reflectix un balan\u00e7 favorable per als groguets, que no han perdut ni un sol encontre dels \u00faltims set enfrontaments en el Coliseum. Quatre triomfs i tres empats des de la campanya 2018-19."},{"type":"paragraph","text":"En la temporada 2024\/2025, el Villarreal va superar el Getafe a domicili (1-2) despr\u00e9s d\u2019una exquisida actuaci\u00f3 amb gol i assist\u00e8ncia del tinerfeny Ayoze P\u00e9rez."},{"type":"video","kind":"iframe","url":"https:\/\/www.youtube.com\/embed\/X9eGsks_caY?feature=oembed","poster":""},{"type":"paragraph","text":"En el partit de la primera volta, celebrat en el Estadio de la Cer\u00e1mica, el Villarreal es va imposar al Getafe (2-0) gr\u00e0cies a dos tants de Georges Mikautadze i Tajon Buchanan."},{"type":"video","kind":"iframe","url":"https:\/\/www.youtube.com\/embed\/OUEwdyw3tRE?feature=oembed","poster":""}],"structured":{"summary":{"text":"El Submar\u00ed Groc s\u2019enfronta al conjunt madrileny el dia de Sant Valent\u00ed (dissabte, 16.15 h) El Villarreal CF es cita este dissabte 14 de febrer amb el Getafe CF, un rival sempre inc\u00f2mode en el Estadio Coliseum (16.15 hores). Despr\u00e9s de sumar els tres punts contra l\u2019Espanyol, el conjunt groguet tractar\u00e0 d\u2019obtindre un nou triomf lliguer amb el qual encarrilar una din\u00e0mica positiva de resultats. Els de Marcelino Garc\u00eda Toral arriben a este encontre amb molt bon sabor de boca despr\u00e9s de la golejada davant els pericos del passat dilluns (4-1) en el Estadio de la Cer\u00e1mica, despr\u00e9s d\u2019encadenar dues derrotes i un empat. La vict\u00f2ria ha suposat un important colp de moral per als groguets, que mantenen a ratlla els seus perseguidors per la quarta pla\u00e7a. Per la seua banda, el conjunt madrileny liderat per Jos\u00e9 Bordal\u00e1s tamb\u00e9 arriba al partit amb gran optimisme gr\u00e0cies a la seua \u00faltima vict\u00f2ria a domicili davant el Deportivo Alav\u00e9s (0-2). L\u2019equip \u2018azul\u00f3n\u2019, que venia d\u2019encadenar dues derrotes i dos empats, ha aconseguit escalar diverses posicions en la classificaci\u00f3 i allunyar-se de la zona de descens. Grans records en el Coliseum L\u2019hist\u00f2ric d\u2019encontres del Villarreal davant el Getafe reflectix un balan\u00e7 favorable per als groguets, que no han perdut ni un sol encontre dels \u00faltims set enfrontaments en el Coliseum. Quatre triomfs i tres empats des de la campanya 2018-19. En la temporada 2024\/2025, el Villarreal va superar el Getafe a domicili (1-2) despr\u00e9s d\u2019una exquisida actuaci\u00f3 amb gol i assist\u00e8ncia del tinerfeny Ayoze P\u00e9rez. En el partit de la primera volta, celebrat en el Estadio de la Cer\u00e1mica, el Villarreal es va imposar al Getafe (2-0) gr\u00e0cies a dos tants de Georges Mikautadze i Tajon Buchanan.","headings":[{"type":"heading","level":2,"text":"El Submar\u00ed Groc s\u2019enfronta al conjunt madrileny el dia de Sant Valent\u00ed (dissabte, 16.15 h)"},{"type":"heading","level":3,"text":"Grans records en el Coliseum"}],"buttons":[],"images":[],"counts":{"blocks":10,"headings":2,"texts":6,"buttons":0,"images":0}},"sections":[{"id":"section-1","title":"El Submar\u00ed Groc s\u2019enfronta al conjunt madrileny el dia de Sant Valent\u00ed (dissabte, 16.15 h)","text":"El Submar\u00ed Groc s\u2019enfronta al conjunt madrileny el dia de Sant Valent\u00ed (dissabte, 16.15 h) El Villarreal CF es cita este dissabte 14 de febrer amb el Getafe CF, un rival sempre inc\u00f2mode en el Estadio Coliseum (16.15 hores). Despr\u00e9s de sumar els tres punts contra l\u2019Espanyol, el conjunt groguet tractar\u00e0 d\u2019obtindre un nou triomf lliguer amb el qual encarrilar una din\u00e0mica positiva de resultats. Els de Marcelino Garc\u00eda Toral arriben a este encontre amb molt bon sabor de boca despr\u00e9s de la golejada davant els pericos del passat dilluns (4-1) en el Estadio de la Cer\u00e1mica, despr\u00e9s d\u2019encadenar dues derrotes i un empat. La vict\u00f2ria ha suposat un important colp de moral per als groguets, que mantenen a ratlla els seus perseguidors per la quarta pla\u00e7a. Per la seua banda, el conjunt madrileny liderat per Jos\u00e9 Bordal\u00e1s tamb\u00e9 arriba al partit amb gran optimisme gr\u00e0cies a la seua \u00faltima vict\u00f2ria a domicili davant el Deportivo Alav\u00e9s (0-2). L\u2019equip \u2018azul\u00f3n\u2019, que venia d\u2019encadenar dues derrotes i dos empats, ha aconseguit escalar diverses posicions en la classificaci\u00f3 i allunyar-se de la zona de descens.","headings":[{"type":"heading","level":2,"text":"El Submar\u00ed Groc s\u2019enfronta al conjunt madrileny el dia de Sant Valent\u00ed (dissabte, 16.15 h)"}],"texts":[{"type":"paragraph","text":"El Villarreal CF es cita este dissabte 14 de febrer amb el Getafe CF, un rival sempre inc\u00f2mode en el Estadio Coliseum (16.15 hores). Despr\u00e9s de sumar els tres punts contra l\u2019Espanyol, el conjunt groguet tractar\u00e0 d\u2019obtindre un nou triomf lliguer amb el qual encarrilar una din\u00e0mica positiva de resultats."},{"type":"paragraph","text":"Els de Marcelino Garc\u00eda Toral arriben a este encontre amb molt bon sabor de boca despr\u00e9s de la golejada davant els pericos del passat dilluns (4-1) en el Estadio de la Cer\u00e1mica, despr\u00e9s d\u2019encadenar dues derrotes i un empat. La vict\u00f2ria ha suposat un important colp de moral per als groguets, que mantenen a ratlla els seus perseguidors per la quarta pla\u00e7a."},{"type":"paragraph","text":"Per la seua banda, el conjunt madrileny liderat per Jos\u00e9 Bordal\u00e1s tamb\u00e9 arriba al partit amb gran optimisme gr\u00e0cies a la seua \u00faltima vict\u00f2ria a domicili davant el Deportivo Alav\u00e9s (0-2). L\u2019equip \u2018azul\u00f3n\u2019, que venia d\u2019encadenar dues derrotes i dos empats, ha aconseguit escalar diverses posicions en la classificaci\u00f3 i allunyar-se de la zona de descens."}],"buttons":[],"images":[],"widgets":[],"blocks":[{"type":"heading","level":2,"text":"El Submar\u00ed Groc s\u2019enfronta al conjunt madrileny el dia de Sant Valent\u00ed (dissabte, 16.15 h)"},{"type":"paragraph","text":"El Villarreal CF es cita este dissabte 14 de febrer amb el Getafe CF, un rival sempre inc\u00f2mode en el Estadio Coliseum (16.15 hores). Despr\u00e9s de sumar els tres punts contra l\u2019Espanyol, el conjunt groguet tractar\u00e0 d\u2019obtindre un nou triomf lliguer amb el qual encarrilar una din\u00e0mica positiva de resultats."},{"type":"paragraph","text":"Els de Marcelino Garc\u00eda Toral arriben a este encontre amb molt bon sabor de boca despr\u00e9s de la golejada davant els pericos del passat dilluns (4-1) en el Estadio de la Cer\u00e1mica, despr\u00e9s d\u2019encadenar dues derrotes i un empat. La vict\u00f2ria ha suposat un important colp de moral per als groguets, que mantenen a ratlla els seus perseguidors per la quarta pla\u00e7a."},{"type":"paragraph","text":"Per la seua banda, el conjunt madrileny liderat per Jos\u00e9 Bordal\u00e1s tamb\u00e9 arriba al partit amb gran optimisme gr\u00e0cies a la seua \u00faltima vict\u00f2ria a domicili davant el Deportivo Alav\u00e9s (0-2). L\u2019equip \u2018azul\u00f3n\u2019, que venia d\u2019encadenar dues derrotes i dos empats, ha aconseguit escalar diverses posicions en la classificaci\u00f3 i allunyar-se de la zona de descens."}]},{"id":"section-2","title":"Grans records en el Coliseum","text":"Grans records en el Coliseum L\u2019hist\u00f2ric d\u2019encontres del Villarreal davant el Getafe reflectix un balan\u00e7 favorable per als groguets, que no han perdut ni un sol encontre dels \u00faltims set enfrontaments en el Coliseum. Quatre triomfs i tres empats des de la campanya 2018-19. En la temporada 2024\/2025, el Villarreal va superar el Getafe a domicili (1-2) despr\u00e9s d\u2019una exquisida actuaci\u00f3 amb gol i assist\u00e8ncia del tinerfeny Ayoze P\u00e9rez. En el partit de la primera volta, celebrat en el Estadio de la Cer\u00e1mica, el Villarreal es va imposar al Getafe (2-0) gr\u00e0cies a dos tants de Georges Mikautadze i Tajon Buchanan.","headings":[{"type":"heading","level":3,"text":"Grans records en el Coliseum"}],"texts":[{"type":"paragraph","text":"L\u2019hist\u00f2ric d\u2019encontres del Villarreal davant el Getafe reflectix un balan\u00e7 favorable per als groguets, que no han perdut ni un sol encontre dels \u00faltims set enfrontaments en el Coliseum. Quatre triomfs i tres empats des de la campanya 2018-19."},{"type":"paragraph","text":"En la temporada 2024\/2025, el Villarreal va superar el Getafe a domicili (1-2) despr\u00e9s d\u2019una exquisida actuaci\u00f3 amb gol i assist\u00e8ncia del tinerfeny Ayoze P\u00e9rez."},{"type":"paragraph","text":"En el partit de la primera volta, celebrat en el Estadio de la Cer\u00e1mica, el Villarreal es va imposar al Getafe (2-0) gr\u00e0cies a dos tants de Georges Mikautadze i Tajon Buchanan."}],"buttons":[],"images":[],"widgets":[],"blocks":[{"type":"heading","level":3,"text":"Grans records en el Coliseum"},{"type":"paragraph","text":"L\u2019hist\u00f2ric d\u2019encontres del Villarreal davant el Getafe reflectix un balan\u00e7 favorable per als groguets, que no han perdut ni un sol encontre dels \u00faltims set enfrontaments en el Coliseum. Quatre triomfs i tres empats des de la campanya 2018-19."},{"type":"paragraph","text":"En la temporada 2024\/2025, el Villarreal va superar el Getafe a domicili (1-2) despr\u00e9s d\u2019una exquisida actuaci\u00f3 amb gol i assist\u00e8ncia del tinerfeny Ayoze P\u00e9rez."},{"type":"video","kind":"iframe","url":"https:\/\/www.youtube.com\/embed\/X9eGsks_caY?feature=oembed","poster":""},{"type":"paragraph","text":"En el partit de la primera volta, celebrat en el Estadio de la Cer\u00e1mica, el Villarreal es va imposar al Getafe (2-0) gr\u00e0cies a dos tants de Georges Mikautadze i Tajon Buchanan."},{"type":"video","kind":"iframe","url":"https:\/\/www.youtube.com\/embed\/OUEwdyw3tRE?feature=oembed","poster":""}]}],"hero":{"id":"section-1","title":"El Submar\u00ed Groc s\u2019enfronta al conjunt madrileny el dia de Sant Valent\u00ed (dissabte, 16.15 h)","text":"El Submar\u00ed Groc s\u2019enfronta al conjunt madrileny el dia de Sant Valent\u00ed (dissabte, 16.15 h) El Villarreal CF es cita este dissabte 14 de febrer amb el Getafe CF, un rival sempre inc\u00f2mode en el Estadio Coliseum (16.15 hores). Despr\u00e9s de sumar els tres punts contra l\u2019Espanyol, el conjunt groguet tractar\u00e0 d\u2019obtindre un nou triomf lliguer amb el qual encarrilar una din\u00e0mica positiva de resultats. Els de Marcelino Garc\u00eda Toral arriben a este encontre amb molt bon sabor de boca despr\u00e9s de la golejada davant els pericos del passat dilluns (4-1) en el Estadio de la Cer\u00e1mica, despr\u00e9s d\u2019encadenar dues derrotes i un empat. La vict\u00f2ria ha suposat un important colp de moral per als groguets, que mantenen a ratlla els seus perseguidors per la quarta pla\u00e7a. Per la seua banda, el conjunt madrileny liderat per Jos\u00e9 Bordal\u00e1s tamb\u00e9 arriba al partit amb gran optimisme gr\u00e0cies a la seua \u00faltima vict\u00f2ria a domicili davant el Deportivo Alav\u00e9s (0-2). L\u2019equip \u2018azul\u00f3n\u2019, que venia d\u2019encadenar dues derrotes i dos empats, ha aconseguit escalar diverses posicions en la classificaci\u00f3 i allunyar-se de la zona de descens.","headings":[{"type":"heading","level":2,"text":"El Submar\u00ed Groc s\u2019enfronta al conjunt madrileny el dia de Sant Valent\u00ed (dissabte, 16.15 h)"}],"texts":[{"type":"paragraph","text":"El Villarreal CF es cita este dissabte 14 de febrer amb el Getafe CF, un rival sempre inc\u00f2mode en el Estadio Coliseum (16.15 hores). Despr\u00e9s de sumar els tres punts contra l\u2019Espanyol, el conjunt groguet tractar\u00e0 d\u2019obtindre un nou triomf lliguer amb el qual encarrilar una din\u00e0mica positiva de resultats."},{"type":"paragraph","text":"Els de Marcelino Garc\u00eda Toral arriben a este encontre amb molt bon sabor de boca despr\u00e9s de la golejada davant els pericos del passat dilluns (4-1) en el Estadio de la Cer\u00e1mica, despr\u00e9s d\u2019encadenar dues derrotes i un empat. La vict\u00f2ria ha suposat un important colp de moral per als groguets, que mantenen a ratlla els seus perseguidors per la quarta pla\u00e7a."},{"type":"paragraph","text":"Per la seua banda, el conjunt madrileny liderat per Jos\u00e9 Bordal\u00e1s tamb\u00e9 arriba al partit amb gran optimisme gr\u00e0cies a la seua \u00faltima vict\u00f2ria a domicili davant el Deportivo Alav\u00e9s (0-2). L\u2019equip \u2018azul\u00f3n\u2019, que venia d\u2019encadenar dues derrotes i dos empats, ha aconseguit escalar diverses posicions en la classificaci\u00f3 i allunyar-se de la zona de descens."}],"buttons":[],"images":[],"widgets":[],"blocks":[{"type":"heading","level":2,"text":"El Submar\u00ed Groc s\u2019enfronta al conjunt madrileny el dia de Sant Valent\u00ed (dissabte, 16.15 h)"},{"type":"paragraph","text":"El Villarreal CF es cita este dissabte 14 de febrer amb el Getafe CF, un rival sempre inc\u00f2mode en el Estadio Coliseum (16.15 hores). Despr\u00e9s de sumar els tres punts contra l\u2019Espanyol, el conjunt groguet tractar\u00e0 d\u2019obtindre un nou triomf lliguer amb el qual encarrilar una din\u00e0mica positiva de resultats."},{"type":"paragraph","text":"Els de Marcelino Garc\u00eda Toral arriben a este encontre amb molt bon sabor de boca despr\u00e9s de la golejada davant els pericos del passat dilluns (4-1) en el Estadio de la Cer\u00e1mica, despr\u00e9s d\u2019encadenar dues derrotes i un empat. La vict\u00f2ria ha suposat un important colp de moral per als groguets, que mantenen a ratlla els seus perseguidors per la quarta pla\u00e7a."},{"type":"paragraph","text":"Per la seua banda, el conjunt madrileny liderat per Jos\u00e9 Bordal\u00e1s tamb\u00e9 arriba al partit amb gran optimisme gr\u00e0cies a la seua \u00faltima vict\u00f2ria a domicili davant el Deportivo Alav\u00e9s (0-2). L\u2019equip \u2018azul\u00f3n\u2019, que venia d\u2019encadenar dues derrotes i dos empats, ha aconseguit escalar diverses posicions en la classificaci\u00f3 i allunyar-se de la zona de descens."}]}},"sections":[{"id":"section-1","title":"El Submar\u00ed Groc s\u2019enfronta al conjunt madrileny el dia de Sant Valent\u00ed (dissabte, 16.15 h)","text":"El Submar\u00ed Groc s\u2019enfronta al conjunt madrileny el dia de Sant Valent\u00ed (dissabte, 16.15 h) El Villarreal CF es cita este dissabte 14 de febrer amb el Getafe CF, un rival sempre inc\u00f2mode en el Estadio Coliseum (16.15 hores). Despr\u00e9s de sumar els tres punts contra l\u2019Espanyol, el conjunt groguet tractar\u00e0 d\u2019obtindre un nou triomf lliguer amb el qual encarrilar una din\u00e0mica positiva de resultats. Els de Marcelino Garc\u00eda Toral arriben a este encontre amb molt bon sabor de boca despr\u00e9s de la golejada davant els pericos del passat dilluns (4-1) en el Estadio de la Cer\u00e1mica, despr\u00e9s d\u2019encadenar dues derrotes i un empat. La vict\u00f2ria ha suposat un important colp de moral per als groguets, que mantenen a ratlla els seus perseguidors per la quarta pla\u00e7a. Per la seua banda, el conjunt madrileny liderat per Jos\u00e9 Bordal\u00e1s tamb\u00e9 arriba al partit amb gran optimisme gr\u00e0cies a la seua \u00faltima vict\u00f2ria a domicili davant el Deportivo Alav\u00e9s (0-2). L\u2019equip \u2018azul\u00f3n\u2019, que venia d\u2019encadenar dues derrotes i dos empats, ha aconseguit escalar diverses posicions en la classificaci\u00f3 i allunyar-se de la zona de descens.","url":"","background_image":"","images":[],"videos":[],"links":[]},{"id":"section-2","title":"Grans records en el Coliseum","text":"Grans records en el Coliseum L\u2019hist\u00f2ric d\u2019encontres del Villarreal davant el Getafe reflectix un balan\u00e7 favorable per als groguets, que no han perdut ni un sol encontre dels \u00faltims set enfrontaments en el Coliseum. Quatre triomfs i tres empats des de la campanya 2018-19. En la temporada 2024\/2025, el Villarreal va superar el Getafe a domicili (1-2) despr\u00e9s d\u2019una exquisida actuaci\u00f3 amb gol i assist\u00e8ncia del tinerfeny Ayoze P\u00e9rez. En el partit de la primera volta, celebrat en el Estadio de la Cer\u00e1mica, el Villarreal es va imposar al Getafe (2-0) gr\u00e0cies a dos tants de Georges Mikautadze i Tajon Buchanan.","url":"","background_image":"","images":[],"videos":[{"type":"video","kind":"iframe","url":"https:\/\/www.youtube.com\/embed\/X9eGsks_caY?feature=oembed","poster":""},{"type":"video","kind":"iframe","url":"https:\/\/www.youtube.com\/embed\/OUEwdyw3tRE?feature=oembed","poster":""}],"links":[]}]},"excerpt":{"rendered":"El Submar\u00ed Groc s\u2019enfronta al conjunt madrileny el dia de Sant Valent\u00ed (dissabte, 16.15 h)","protected":false},"author":29,"featured_media":620965,"comment_status":"closed","ping_status":"closed","sticky":false,"template":"","format":"standard","meta":{"_acf_changed":false,"footnotes":""},"categories":[13493],"tags":[16319,717,9270,9717,14765,9283,9278,716,9205,9627,9203],"acf":null,"lang":"val","translations":{"es":620955,"val":620987,"en":620988},"essential_grid":{"has_grid":false},"formatted_date":"February 13, 2026","modified_date":"February 11, 2026","permalink":"https:\/\/villarrealcf.es\/val\/getafe-villarreal-una-cita-especial-en-el-coliseum\/","reading_time":2,"featured_media_data":{"id":620965,"title":"CELEBRACION GOL MOLEIRO MOURI\u00d1O","caption":"CELEBRACION GOL MOLEIRO MOURI\u00d1O","alt_text":"","description":"","mime_type":"image\/jpeg","source_url":"https:\/\/villarrealcf.es\/wp-content\/uploads\/2026\/02\/Moleiro-1.jpg","sizes":{"thumbnail":{"url":"https:\/\/villarrealcf.es\/wp-content\/uploads\/2026\/02\/Moleiro-1.jpg","width":1918,"height":1080},"medium":{"url":"https:\/\/villarrealcf.es\/wp-content\/uploads\/2026\/02\/Moleiro-1-1918x1080.jpg","width":1918,"height":1080},"medium_large":{"url":"https:\/\/villarrealcf.es\/wp-content\/uploads\/2026\/02\/Moleiro-1-768x432.jpg","width":768,"height":432},"large":{"url":"https:\/\/villarrealcf.es\/wp-content\/uploads\/2026\/02\/Moleiro-1-1918x1080.jpg","width":788,"height":444},"1536x1536":{"url":"https:\/\/villarrealcf.es\/wp-content\/uploads\/2026\/02\/Moleiro-1-1536x865.jpg","width":1536,"height":865},"2048x2048":{"url":"https:\/\/villarrealcf.es\/wp-content\/uploads\/2026\/02\/Moleiro-1.jpg","width":1920,"height":1081},"tp-image-grid":{"url":"https:\/\/villarrealcf.es\/wp-content\/uploads\/2026\/02\/Moleiro-1-700x700.jpg","width":700,"height":700},"size-bunyad-medium":{"url":"https:\/\/villarrealcf.es\/wp-content\/uploads\/2026\/02\/Moleiro-1-1918x1080.jpg","width":1918,"height":1080},"sportspress-crop-medium":{"url":"https:\/\/villarrealcf.es\/wp-content\/uploads\/2026\/02\/Moleiro-1-300x300.jpg","width":300,"height":300},"sportspress-fit-medium":{"url":"https:\/\/villarrealcf.es\/wp-content\/uploads\/2026\/02\/Moleiro-1-300x169.jpg","width":300,"height":169},"sportspress-fit-icon":{"url":"https:\/\/villarrealcf.es\/wp-content\/uploads\/2026\/02\/Moleiro-1-128x72.jpg","width":128,"height":72},"sportspress-fit-mini":{"url":"https:\/\/villarrealcf.es\/wp-content\/uploads\/2026\/02\/Moleiro-1-32x18.jpg","width":32,"height":18},"bunyad-small":{"url":"https:\/\/villarrealcf.es\/wp-content\/uploads\/2026\/02\/Moleiro-1-150x84.jpg","width":150,"height":84},"bunyad-medium":{"url":"https:\/\/villarrealcf.es\/wp-content\/uploads\/2026\/02\/Moleiro-1-450x253.jpg","width":450,"height":253},"bunyad-full":{"url":"https:\/\/villarrealcf.es\/wp-content\/uploads\/2026\/02\/Moleiro-1-1200x676.jpg","width":1200,"height":676},"bunyad-viewport":{"url":"https:\/\/villarrealcf.es\/wp-content\/uploads\/2026\/02\/Moleiro-1.jpg","width":1920,"height":1081},"bunyad-768":{"url":"https:\/\/villarrealcf.es\/wp-content\/uploads\/2026\/02\/Moleiro-1-768x432.jpg","width":768,"height":432},"full":{"url":"https:\/\/villarrealcf.es\/wp-content\/uploads\/2026\/02\/Moleiro-1.jpg","width":1920,"height":1081}}},"author_data":{"id":"29","name":"Azahara Beroy","first_name":"Azahara","last_name":"Beroy","description":"","avatar_url":"https:\/\/secure.gravatar.com\/avatar\/91b979a91a1925e60814719244bbf7824af58ced5a6e2130c2611bde24439aa7?s=96&d=mm&r=g","acf":null},"taxonomies_data":{"category":[{"id":13493,"name":"Primer equip","slug":"primer-equip","acf":null}],"post_tag":[{"id":16319,"name":"Estadio Coliseum","slug":"estadio-coliseum-val","acf":null},{"id":717,"name":"Football","slug":"football-d34","acf":null},{"id":9270,"name":"Futbol","slug":"futbol-val","acf":null},{"id":9717,"name":"Getafe CF","slug":"getafe-cf-val","acf":null},{"id":14765,"name":"LaLiga EA Sports","slug":"laliga-ea-sports-val","acf":null},{"id":9283,"name":"previa","slug":"previa-val","acf":null},{"id":9278,"name":"primera division","slug":"primera-division-val","acf":null},{"id":716,"name":"Soccer","slug":"soccer-d105","acf":null},{"id":9205,"name":"Submarino","slug":"submarino-val","acf":null},{"id":9627,"name":"Submarino Amarillo","slug":"submarino-amarillo-val","acf":null},{"id":9203,"name":"Villarreal CF","slug":"villarreal-cf-val","acf":null}],"translation_priority":[{"id":735,"name":"Optional","slug":"optional-val","acf":null}]},"seo_full":{"native":{"title":"Getafe-Villarreal: una \u2018cita especial\u2019 en el Coliseum - Web Oficial del Villarreal CF","description":"El Submar\u00ed Groc s\u2019enfronta al conjunt madrileny el dia de Sant Valent\u00ed (dissabte, 16.15 h)","canonical":"https:\/\/villarrealcf.es\/val\/getafe-villarreal-una-cita-especial-en-el-coliseum\/"}},"_links":{"self":[{"href":"https:\/\/villarrealcf.es\/val\/wp-json\/wp\/v2\/posts\/620987","targetHints":{"allow":["GET"]}}],"collection":[{"href":"https:\/\/villarrealcf.es\/val\/wp-json\/wp\/v2\/posts"}],"about":[{"href":"https:\/\/villarrealcf.es\/val\/wp-json\/wp\/v2\/types\/post"}],"author":[{"embeddable":true,"href":"https:\/\/villarrealcf.es\/val\/wp-json\/wp\/v2\/users\/29"}],"replies":[{"embeddable":true,"href":"https:\/\/villarrealcf.es\/val\/wp-json\/wp\/v2\/comments?post=620987"}],"version-history":[{"count":1,"href":"https:\/\/villarrealcf.es\/val\/wp-json\/wp\/v2\/posts\/620987\/revisions"}],"predecessor-version":[{"id":620990,"href":"https:\/\/villarrealcf.es\/val\/wp-json\/wp\/v2\/posts\/620987\/revisions\/620990"}],"wp:featuredmedia":[{"embeddable":true,"href":"https:\/\/villarrealcf.es\/val\/wp-json\/wp\/v2\/media\/620965"}],"wp:attachment":[{"href":"https:\/\/villarrealcf.es\/val\/wp-json\/wp\/v2\/media?parent=620987"}],"wp:term":[{"taxonomy":"category","embeddable":true,"href":"https:\/\/villarrealcf.es\/val\/wp-json\/wp\/v2\/categories?post=620987"},{"taxonomy":"post_tag","embeddable":true,"href":"https:\/\/villarrealcf.es\/val\/wp-json\/wp\/v2\/tags?post=620987"}],"curies":[{"name":"wp","href":"https:\/\/api.w.org\/{rel}","templated":true}]}}