{"id":620670,"date":"2026-02-08T08:19:00","date_gmt":"2026-02-08T07:19:00","guid":{"rendered":"https:\/\/villarrealcf.es\/cronica-nastic-villarreal-b\/"},"modified":"2026-02-10T10:23:23","modified_gmt":"2026-02-10T09:23:23","slug":"cronica-nastic-villarreal-b","status":"publish","type":"post","link":"https:\/\/villarrealcf.es\/val\/cronica-nastic-villarreal-b\/","title":{"rendered":"El Villarreal B mira cap amunt (0-1)"},"content":{"protected":false,"blocks":[{"type":"heading","level":2,"text":"El filial groc s\u2019imposa al N\u00e0stic de Tarragona amb un gol de Jos\u00e9 Gait\u00e1n i s\u2019aferma en la zona noble"},{"type":"paragraph","text":"El Villarreal B va collir tres punts molt importants en la seua visita al N\u00e1stic de Tarragona gr\u00e0cies al treball de tot l\u2019equip i a un solitari gol de Jos\u00e9 Gait\u00e1n (0-1). El filial groc acumula aix\u00ed huit partits sense perdre en Lliga i s\u2019aferma en la zona noble de la classificaci\u00f3. De fet, el Mini Submar\u00ed ostenta ara mateix posici\u00f3 de \u2018play-off\u2019 d\u2019ascens, encara que cal tindre en compte els partits ajornats en aquesta jornada."},{"type":"video","kind":"iframe","url":"https:\/\/www.youtube.com\/embed\/lEf5ju9TnGw?feature=oembed","poster":""},{"type":"paragraph","text":"David Albelda va col\u00b7locar sobre el camp un onze inicial en el qual destacava el retorn de Carlos Maci\u00e1 en la medul\u00b7lar despr\u00e9s de la seua habitual estada amb el primer equip."},{"type":"paragraph","text":"El gol que inaugurava el marcador va arribar quan es complia el primer quart d\u2019hora. N\u00edzar va cedir la pilota per a Jos\u00e9 Gait\u00e1n i aquest va anotar un gol \u2018marca de la casa\u2019. Va rebre en l\u2019esquerra, es va perfilar i va soltar un xut al pal llarg inassolible per al porter local (0-1, m. 15)."},{"type":"paragraph","text":"Passada la mitja hora de joc es va produir una altra de les jugades claus del partit. J. Jard\u00ed va veure la roja directa despr\u00e9s d\u2019una dura entrada sobre Arnau For\u00e9s. L\u2019acci\u00f3 va ser revisada en el videoarbitraje (m. 35)."},{"type":"paragraph","text":"Ja en la segona part, el filial groc controlava la situaci\u00f3 amb l\u2019objectiu de sentenciar en qualsevol moment. Va tindre clares ocasions amb xuts que va detindre amb problemes Rebollo. La m\u00e9s clara va estar en les botes de Jos\u00e9 Gait\u00e1n, que va finalitzar un contraatac de llibre que no va acabar en gol per una miraculosa parada de l\u2019arquer del N\u00e0stic (m. 73)."},{"type":"paragraph","text":"El partit es va complicar en els \u00faltims compassos amb l\u2019expulsi\u00f3 per roja directa de Jos\u00e9 Gait\u00e1n. El Villarreal B va saber aguantar i sumar tres punts d\u2019or."},{"type":"paragraph","text":"El pr\u00f2xim partit del Mini Submar\u00ed ser\u00e0 contra el Eldense en el Mini Estadi de la Ciutat Esportiva Jos\u00e9 Manuel Llaneza (dissabte, 16.15 hores)."}],"structured":{"summary":{"text":"El filial groc s\u2019imposa al N\u00e0stic de Tarragona amb un gol de Jos\u00e9 Gait\u00e1n i s\u2019aferma en la zona noble El Villarreal B va collir tres punts molt importants en la seua visita al N\u00e1stic de Tarragona gr\u00e0cies al treball de tot l\u2019equip i a un solitari gol de Jos\u00e9 Gait\u00e1n (0-1). El filial groc acumula aix\u00ed huit partits sense perdre en Lliga i s\u2019aferma en la zona noble de la classificaci\u00f3. De fet, el Mini Submar\u00ed ostenta ara mateix posici\u00f3 de \u2018play-off\u2019 d\u2019ascens, encara que cal tindre en compte els partits ajornats en aquesta jornada. David Albelda va col\u00b7locar sobre el camp un onze inicial en el qual destacava el retorn de Carlos Maci\u00e1 en la medul\u00b7lar despr\u00e9s de la seua habitual estada amb el primer equip. El gol que inaugurava el marcador va arribar quan es complia el primer quart d\u2019hora. N\u00edzar va cedir la pilota per a Jos\u00e9 Gait\u00e1n i aquest va anotar un gol \u2018marca de la casa\u2019. Va rebre en l\u2019esquerra, es va perfilar i va soltar un xut al pal llarg inassolible per al porter local (0-1, m. 15). Passada la mitja hora de joc es va produir una altra de les jugades claus del partit. J. Jard\u00ed va veure la roja directa despr\u00e9s d\u2019una dura entrada sobre Arnau For\u00e9s. L\u2019acci\u00f3 va ser revisada en el videoarbitraje (m. 35). Ja en la segona part, el filial groc controlava la situaci\u00f3 amb l\u2019objectiu de sentenciar en qualsevol moment. Va tindre clares ocasions amb xuts que va detindre amb problemes Rebollo. La m\u00e9s clara va estar en les botes de Jos\u00e9 Gait\u00e1n, que va finalitzar un contraatac de llibre que no va acabar en gol per una miraculosa parada de l\u2019arquer del N\u00e0stic (m. 73). El partit es va complicar en els \u00faltims compassos amb l\u2019expulsi\u00f3 per roja directa de Jos\u00e9 Gait\u00e1n. El Villarreal B va saber aguantar i sumar tres punts d\u2019or. El pr\u00f2xim partit del Mini Submar\u00ed ser\u00e0 contra el Eldense en el Mini Estadi de la Ciutat Esportiva Jos\u00e9 Manuel Llaneza (dissabte, 16.15 hores).","headings":[{"type":"heading","level":2,"text":"El filial groc s\u2019imposa al N\u00e0stic de Tarragona amb un gol de Jos\u00e9 Gait\u00e1n i s\u2019aferma en la zona noble"}],"buttons":[],"images":[],"counts":{"blocks":9,"headings":1,"texts":7,"buttons":0,"images":0}},"sections":[{"id":"section-1","title":"El filial groc s\u2019imposa al N\u00e0stic de Tarragona amb un gol de Jos\u00e9 Gait\u00e1n i s\u2019aferma en la zona noble","text":"El filial groc s\u2019imposa al N\u00e0stic de Tarragona amb un gol de Jos\u00e9 Gait\u00e1n i s\u2019aferma en la zona noble El Villarreal B va collir tres punts molt importants en la seua visita al N\u00e1stic de Tarragona gr\u00e0cies al treball de tot l\u2019equip i a un solitari gol de Jos\u00e9 Gait\u00e1n (0-1). El filial groc acumula aix\u00ed huit partits sense perdre en Lliga i s\u2019aferma en la zona noble de la classificaci\u00f3. De fet, el Mini Submar\u00ed ostenta ara mateix posici\u00f3 de \u2018play-off\u2019 d\u2019ascens, encara que cal tindre en compte els partits ajornats en aquesta jornada. David Albelda va col\u00b7locar sobre el camp un onze inicial en el qual destacava el retorn de Carlos Maci\u00e1 en la medul\u00b7lar despr\u00e9s de la seua habitual estada amb el primer equip. El gol que inaugurava el marcador va arribar quan es complia el primer quart d\u2019hora. N\u00edzar va cedir la pilota per a Jos\u00e9 Gait\u00e1n i aquest va anotar un gol \u2018marca de la casa\u2019. Va rebre en l\u2019esquerra, es va perfilar i va soltar un xut al pal llarg inassolible per al porter local (0-1, m. 15). Passada la mitja hora de joc es va produir una altra de les jugades claus del partit. J. Jard\u00ed va veure la roja directa despr\u00e9s d\u2019una dura entrada sobre Arnau For\u00e9s. L\u2019acci\u00f3 va ser revisada en el videoarbitraje (m. 35). Ja en la segona part, el filial groc controlava la situaci\u00f3 amb l\u2019objectiu de sentenciar en qualsevol moment. Va tindre clares ocasions amb xuts que va detindre amb problemes Rebollo. La m\u00e9s clara va estar en les botes de Jos\u00e9 Gait\u00e1n, que va finalitzar un contraatac de llibre que no va acabar en gol per una miraculosa parada de l\u2019arquer del N\u00e0stic (m. 73). El partit es va complicar en els \u00faltims compassos amb l\u2019expulsi\u00f3 per roja directa de Jos\u00e9 Gait\u00e1n. El Villarreal B va saber aguantar i sumar tres punts d\u2019or. El pr\u00f2xim partit del Mini Submar\u00ed ser\u00e0 contra el Eldense en el Mini Estadi de la Ciutat Esportiva Jos\u00e9 Manuel Llaneza (dissabte, 16.15 hores).","headings":[{"type":"heading","level":2,"text":"El filial groc s\u2019imposa al N\u00e0stic de Tarragona amb un gol de Jos\u00e9 Gait\u00e1n i s\u2019aferma en la zona noble"}],"texts":[{"type":"paragraph","text":"El Villarreal B va collir tres punts molt importants en la seua visita al N\u00e1stic de Tarragona gr\u00e0cies al treball de tot l\u2019equip i a un solitari gol de Jos\u00e9 Gait\u00e1n (0-1). El filial groc acumula aix\u00ed huit partits sense perdre en Lliga i s\u2019aferma en la zona noble de la classificaci\u00f3. De fet, el Mini Submar\u00ed ostenta ara mateix posici\u00f3 de \u2018play-off\u2019 d\u2019ascens, encara que cal tindre en compte els partits ajornats en aquesta jornada."},{"type":"paragraph","text":"David Albelda va col\u00b7locar sobre el camp un onze inicial en el qual destacava el retorn de Carlos Maci\u00e1 en la medul\u00b7lar despr\u00e9s de la seua habitual estada amb el primer equip."},{"type":"paragraph","text":"El gol que inaugurava el marcador va arribar quan es complia el primer quart d\u2019hora. N\u00edzar va cedir la pilota per a Jos\u00e9 Gait\u00e1n i aquest va anotar un gol \u2018marca de la casa\u2019. Va rebre en l\u2019esquerra, es va perfilar i va soltar un xut al pal llarg inassolible per al porter local (0-1, m. 15)."},{"type":"paragraph","text":"Passada la mitja hora de joc es va produir una altra de les jugades claus del partit. J. Jard\u00ed va veure la roja directa despr\u00e9s d\u2019una dura entrada sobre Arnau For\u00e9s. L\u2019acci\u00f3 va ser revisada en el videoarbitraje (m. 35)."},{"type":"paragraph","text":"Ja en la segona part, el filial groc controlava la situaci\u00f3 amb l\u2019objectiu de sentenciar en qualsevol moment. Va tindre clares ocasions amb xuts que va detindre amb problemes Rebollo. La m\u00e9s clara va estar en les botes de Jos\u00e9 Gait\u00e1n, que va finalitzar un contraatac de llibre que no va acabar en gol per una miraculosa parada de l\u2019arquer del N\u00e0stic (m. 73)."},{"type":"paragraph","text":"El partit es va complicar en els \u00faltims compassos amb l\u2019expulsi\u00f3 per roja directa de Jos\u00e9 Gait\u00e1n. El Villarreal B va saber aguantar i sumar tres punts d\u2019or."},{"type":"paragraph","text":"El pr\u00f2xim partit del Mini Submar\u00ed ser\u00e0 contra el Eldense en el Mini Estadi de la Ciutat Esportiva Jos\u00e9 Manuel Llaneza (dissabte, 16.15 hores)."}],"buttons":[],"images":[],"widgets":[],"blocks":[{"type":"heading","level":2,"text":"El filial groc s\u2019imposa al N\u00e0stic de Tarragona amb un gol de Jos\u00e9 Gait\u00e1n i s\u2019aferma en la zona noble"},{"type":"paragraph","text":"El Villarreal B va collir tres punts molt importants en la seua visita al N\u00e1stic de Tarragona gr\u00e0cies al treball de tot l\u2019equip i a un solitari gol de Jos\u00e9 Gait\u00e1n (0-1). El filial groc acumula aix\u00ed huit partits sense perdre en Lliga i s\u2019aferma en la zona noble de la classificaci\u00f3. De fet, el Mini Submar\u00ed ostenta ara mateix posici\u00f3 de \u2018play-off\u2019 d\u2019ascens, encara que cal tindre en compte els partits ajornats en aquesta jornada."},{"type":"video","kind":"iframe","url":"https:\/\/www.youtube.com\/embed\/lEf5ju9TnGw?feature=oembed","poster":""},{"type":"paragraph","text":"David Albelda va col\u00b7locar sobre el camp un onze inicial en el qual destacava el retorn de Carlos Maci\u00e1 en la medul\u00b7lar despr\u00e9s de la seua habitual estada amb el primer equip."},{"type":"paragraph","text":"El gol que inaugurava el marcador va arribar quan es complia el primer quart d\u2019hora. N\u00edzar va cedir la pilota per a Jos\u00e9 Gait\u00e1n i aquest va anotar un gol \u2018marca de la casa\u2019. Va rebre en l\u2019esquerra, es va perfilar i va soltar un xut al pal llarg inassolible per al porter local (0-1, m. 15)."},{"type":"paragraph","text":"Passada la mitja hora de joc es va produir una altra de les jugades claus del partit. J. Jard\u00ed va veure la roja directa despr\u00e9s d\u2019una dura entrada sobre Arnau For\u00e9s. L\u2019acci\u00f3 va ser revisada en el videoarbitraje (m. 35)."},{"type":"paragraph","text":"Ja en la segona part, el filial groc controlava la situaci\u00f3 amb l\u2019objectiu de sentenciar en qualsevol moment. Va tindre clares ocasions amb xuts que va detindre amb problemes Rebollo. La m\u00e9s clara va estar en les botes de Jos\u00e9 Gait\u00e1n, que va finalitzar un contraatac de llibre que no va acabar en gol per una miraculosa parada de l\u2019arquer del N\u00e0stic (m. 73)."},{"type":"paragraph","text":"El partit es va complicar en els \u00faltims compassos amb l\u2019expulsi\u00f3 per roja directa de Jos\u00e9 Gait\u00e1n. El Villarreal B va saber aguantar i sumar tres punts d\u2019or."},{"type":"paragraph","text":"El pr\u00f2xim partit del Mini Submar\u00ed ser\u00e0 contra el Eldense en el Mini Estadi de la Ciutat Esportiva Jos\u00e9 Manuel Llaneza (dissabte, 16.15 hores)."}]}],"hero":{"id":"section-1","title":"El filial groc s\u2019imposa al N\u00e0stic de Tarragona amb un gol de Jos\u00e9 Gait\u00e1n i s\u2019aferma en la zona noble","text":"El filial groc s\u2019imposa al N\u00e0stic de Tarragona amb un gol de Jos\u00e9 Gait\u00e1n i s\u2019aferma en la zona noble El Villarreal B va collir tres punts molt importants en la seua visita al N\u00e1stic de Tarragona gr\u00e0cies al treball de tot l\u2019equip i a un solitari gol de Jos\u00e9 Gait\u00e1n (0-1). El filial groc acumula aix\u00ed huit partits sense perdre en Lliga i s\u2019aferma en la zona noble de la classificaci\u00f3. De fet, el Mini Submar\u00ed ostenta ara mateix posici\u00f3 de \u2018play-off\u2019 d\u2019ascens, encara que cal tindre en compte els partits ajornats en aquesta jornada. David Albelda va col\u00b7locar sobre el camp un onze inicial en el qual destacava el retorn de Carlos Maci\u00e1 en la medul\u00b7lar despr\u00e9s de la seua habitual estada amb el primer equip. El gol que inaugurava el marcador va arribar quan es complia el primer quart d\u2019hora. N\u00edzar va cedir la pilota per a Jos\u00e9 Gait\u00e1n i aquest va anotar un gol \u2018marca de la casa\u2019. Va rebre en l\u2019esquerra, es va perfilar i va soltar un xut al pal llarg inassolible per al porter local (0-1, m. 15). Passada la mitja hora de joc es va produir una altra de les jugades claus del partit. J. Jard\u00ed va veure la roja directa despr\u00e9s d\u2019una dura entrada sobre Arnau For\u00e9s. L\u2019acci\u00f3 va ser revisada en el videoarbitraje (m. 35). Ja en la segona part, el filial groc controlava la situaci\u00f3 amb l\u2019objectiu de sentenciar en qualsevol moment. Va tindre clares ocasions amb xuts que va detindre amb problemes Rebollo. La m\u00e9s clara va estar en les botes de Jos\u00e9 Gait\u00e1n, que va finalitzar un contraatac de llibre que no va acabar en gol per una miraculosa parada de l\u2019arquer del N\u00e0stic (m. 73). El partit es va complicar en els \u00faltims compassos amb l\u2019expulsi\u00f3 per roja directa de Jos\u00e9 Gait\u00e1n. El Villarreal B va saber aguantar i sumar tres punts d\u2019or. El pr\u00f2xim partit del Mini Submar\u00ed ser\u00e0 contra el Eldense en el Mini Estadi de la Ciutat Esportiva Jos\u00e9 Manuel Llaneza (dissabte, 16.15 hores).","headings":[{"type":"heading","level":2,"text":"El filial groc s\u2019imposa al N\u00e0stic de Tarragona amb un gol de Jos\u00e9 Gait\u00e1n i s\u2019aferma en la zona noble"}],"texts":[{"type":"paragraph","text":"El Villarreal B va collir tres punts molt importants en la seua visita al N\u00e1stic de Tarragona gr\u00e0cies al treball de tot l\u2019equip i a un solitari gol de Jos\u00e9 Gait\u00e1n (0-1). El filial groc acumula aix\u00ed huit partits sense perdre en Lliga i s\u2019aferma en la zona noble de la classificaci\u00f3. De fet, el Mini Submar\u00ed ostenta ara mateix posici\u00f3 de \u2018play-off\u2019 d\u2019ascens, encara que cal tindre en compte els partits ajornats en aquesta jornada."},{"type":"paragraph","text":"David Albelda va col\u00b7locar sobre el camp un onze inicial en el qual destacava el retorn de Carlos Maci\u00e1 en la medul\u00b7lar despr\u00e9s de la seua habitual estada amb el primer equip."},{"type":"paragraph","text":"El gol que inaugurava el marcador va arribar quan es complia el primer quart d\u2019hora. N\u00edzar va cedir la pilota per a Jos\u00e9 Gait\u00e1n i aquest va anotar un gol \u2018marca de la casa\u2019. Va rebre en l\u2019esquerra, es va perfilar i va soltar un xut al pal llarg inassolible per al porter local (0-1, m. 15)."},{"type":"paragraph","text":"Passada la mitja hora de joc es va produir una altra de les jugades claus del partit. J. Jard\u00ed va veure la roja directa despr\u00e9s d\u2019una dura entrada sobre Arnau For\u00e9s. L\u2019acci\u00f3 va ser revisada en el videoarbitraje (m. 35)."},{"type":"paragraph","text":"Ja en la segona part, el filial groc controlava la situaci\u00f3 amb l\u2019objectiu de sentenciar en qualsevol moment. Va tindre clares ocasions amb xuts que va detindre amb problemes Rebollo. La m\u00e9s clara va estar en les botes de Jos\u00e9 Gait\u00e1n, que va finalitzar un contraatac de llibre que no va acabar en gol per una miraculosa parada de l\u2019arquer del N\u00e0stic (m. 73)."},{"type":"paragraph","text":"El partit es va complicar en els \u00faltims compassos amb l\u2019expulsi\u00f3 per roja directa de Jos\u00e9 Gait\u00e1n. El Villarreal B va saber aguantar i sumar tres punts d\u2019or."},{"type":"paragraph","text":"El pr\u00f2xim partit del Mini Submar\u00ed ser\u00e0 contra el Eldense en el Mini Estadi de la Ciutat Esportiva Jos\u00e9 Manuel Llaneza (dissabte, 16.15 hores)."}],"buttons":[],"images":[],"widgets":[],"blocks":[{"type":"heading","level":2,"text":"El filial groc s\u2019imposa al N\u00e0stic de Tarragona amb un gol de Jos\u00e9 Gait\u00e1n i s\u2019aferma en la zona noble"},{"type":"paragraph","text":"El Villarreal B va collir tres punts molt importants en la seua visita al N\u00e1stic de Tarragona gr\u00e0cies al treball de tot l\u2019equip i a un solitari gol de Jos\u00e9 Gait\u00e1n (0-1). El filial groc acumula aix\u00ed huit partits sense perdre en Lliga i s\u2019aferma en la zona noble de la classificaci\u00f3. De fet, el Mini Submar\u00ed ostenta ara mateix posici\u00f3 de \u2018play-off\u2019 d\u2019ascens, encara que cal tindre en compte els partits ajornats en aquesta jornada."},{"type":"video","kind":"iframe","url":"https:\/\/www.youtube.com\/embed\/lEf5ju9TnGw?feature=oembed","poster":""},{"type":"paragraph","text":"David Albelda va col\u00b7locar sobre el camp un onze inicial en el qual destacava el retorn de Carlos Maci\u00e1 en la medul\u00b7lar despr\u00e9s de la seua habitual estada amb el primer equip."},{"type":"paragraph","text":"El gol que inaugurava el marcador va arribar quan es complia el primer quart d\u2019hora. N\u00edzar va cedir la pilota per a Jos\u00e9 Gait\u00e1n i aquest va anotar un gol \u2018marca de la casa\u2019. Va rebre en l\u2019esquerra, es va perfilar i va soltar un xut al pal llarg inassolible per al porter local (0-1, m. 15)."},{"type":"paragraph","text":"Passada la mitja hora de joc es va produir una altra de les jugades claus del partit. J. Jard\u00ed va veure la roja directa despr\u00e9s d\u2019una dura entrada sobre Arnau For\u00e9s. L\u2019acci\u00f3 va ser revisada en el videoarbitraje (m. 35)."},{"type":"paragraph","text":"Ja en la segona part, el filial groc controlava la situaci\u00f3 amb l\u2019objectiu de sentenciar en qualsevol moment. Va tindre clares ocasions amb xuts que va detindre amb problemes Rebollo. La m\u00e9s clara va estar en les botes de Jos\u00e9 Gait\u00e1n, que va finalitzar un contraatac de llibre que no va acabar en gol per una miraculosa parada de l\u2019arquer del N\u00e0stic (m. 73)."},{"type":"paragraph","text":"El partit es va complicar en els \u00faltims compassos amb l\u2019expulsi\u00f3 per roja directa de Jos\u00e9 Gait\u00e1n. El Villarreal B va saber aguantar i sumar tres punts d\u2019or."},{"type":"paragraph","text":"El pr\u00f2xim partit del Mini Submar\u00ed ser\u00e0 contra el Eldense en el Mini Estadi de la Ciutat Esportiva Jos\u00e9 Manuel Llaneza (dissabte, 16.15 hores)."}]}},"sections":[{"id":"section-1","title":"El filial groc s\u2019imposa al N\u00e0stic de Tarragona amb un gol de Jos\u00e9 Gait\u00e1n i s\u2019aferma en la zona noble","text":"El filial groc s\u2019imposa al N\u00e0stic de Tarragona amb un gol de Jos\u00e9 Gait\u00e1n i s\u2019aferma en la zona noble El Villarreal B va collir tres punts molt importants en la seua visita al N\u00e1stic de Tarragona gr\u00e0cies al treball de tot l\u2019equip i a un solitari gol de Jos\u00e9 Gait\u00e1n (0-1). El filial groc acumula aix\u00ed huit partits sense perdre en Lliga i s\u2019aferma en la zona noble de la classificaci\u00f3. De fet, el Mini Submar\u00ed ostenta ara mateix posici\u00f3 de \u2018play-off\u2019 d\u2019ascens, encara que cal tindre en compte els partits ajornats en aquesta jornada. David Albelda va col\u00b7locar sobre el camp un onze inicial en el qual destacava el retorn de Carlos Maci\u00e1 en la medul\u00b7lar despr\u00e9s de la seua habitual estada amb el primer equip. El gol que inaugurava el marcador va arribar quan es complia el primer quart d\u2019hora. N\u00edzar va cedir la pilota per a Jos\u00e9 Gait\u00e1n i aquest va anotar un gol \u2018marca de la casa\u2019. Va rebre en l\u2019esquerra, es va perfilar i va soltar un xut al pal llarg inassolible per al porter local (0-1, m. 15). Passada la mitja hora de joc es va produir una altra de les jugades claus del partit. J. Jard\u00ed va veure la roja directa despr\u00e9s d\u2019una dura entrada sobre Arnau For\u00e9s. L\u2019acci\u00f3 va ser revisada en el videoarbitraje (m. 35). Ja en la segona part, el filial groc controlava la situaci\u00f3 amb l\u2019objectiu de sentenciar en qualsevol moment. Va tindre clares ocasions amb xuts que va detindre amb problemes Rebollo. La m\u00e9s clara va estar en les botes de Jos\u00e9 Gait\u00e1n, que va finalitzar un contraatac de llibre que no va acabar en gol per una miraculosa parada de l\u2019arquer del N\u00e0stic (m. 73). El partit es va complicar en els \u00faltims compassos amb l\u2019expulsi\u00f3 per roja directa de Jos\u00e9 Gait\u00e1n. El Villarreal B va saber aguantar i sumar tres punts d\u2019or. El pr\u00f2xim partit del Mini Submar\u00ed ser\u00e0 contra el Eldense en el Mini Estadi de la Ciutat Esportiva Jos\u00e9 Manuel Llaneza (dissabte, 16.15 hores).","url":"","background_image":"","images":[],"videos":[{"type":"video","kind":"iframe","url":"https:\/\/www.youtube.com\/embed\/lEf5ju9TnGw?feature=oembed","poster":""}],"links":[]}]},"excerpt":{"rendered":"El filial groc s&#8217;imposa al N\u00e0stic de Tarragona amb un gol de Jos\u00e9 Gait\u00e1n i s&#8217;aferma en la zona noble","protected":false},"author":23,"featured_media":620668,"comment_status":"closed","ping_status":"closed","sticky":false,"template":"","format":"standard","meta":{"_acf_changed":false,"footnotes":""},"categories":[13803],"tags":[9366,10325,13819,717,9270,9227,9912,9461,8867,716,9205,9627,10634],"acf":null,"lang":"val","translations":{"es":620640,"val":620670,"en":620710},"essential_grid":{"has_grid":false},"formatted_date":"February 8, 2026","modified_date":"February 10, 2026","permalink":"https:\/\/villarrealcf.es\/val\/cronica-nastic-villarreal-b\/","reading_time":2,"featured_media_data":{"id":620668,"title":"d","caption":"","alt_text":"","description":"","mime_type":"image\/jpeg","source_url":"https:\/\/villarrealcf.es\/wp-content\/uploads\/2026\/02\/d.jpg","sizes":{"thumbnail":{"url":"https:\/\/villarrealcf.es\/wp-content\/uploads\/2026\/02\/d.jpg","width":1143,"height":642},"medium":{"url":"https:\/\/villarrealcf.es\/wp-content\/uploads\/2026\/02\/d.jpg","width":1143,"height":642},"medium_large":{"url":"https:\/\/villarrealcf.es\/wp-content\/uploads\/2026\/02\/d-768x431.jpg","width":768,"height":431},"large":{"url":"https:\/\/villarrealcf.es\/wp-content\/uploads\/2026\/02\/d.jpg","width":788,"height":443},"1536x1536":{"url":"https:\/\/villarrealcf.es\/wp-content\/uploads\/2026\/02\/d.jpg","width":1143,"height":642},"2048x2048":{"url":"https:\/\/villarrealcf.es\/wp-content\/uploads\/2026\/02\/d.jpg","width":1143,"height":642},"tp-image-grid":{"url":"https:\/\/villarrealcf.es\/wp-content\/uploads\/2026\/02\/d-700x642.jpg","width":700,"height":642},"size-bunyad-medium":{"url":"https:\/\/villarrealcf.es\/wp-content\/uploads\/2026\/02\/d.jpg","width":1143,"height":642},"sportspress-crop-medium":{"url":"https:\/\/villarrealcf.es\/wp-content\/uploads\/2026\/02\/d-300x300.jpg","width":300,"height":300},"sportspress-fit-medium":{"url":"https:\/\/villarrealcf.es\/wp-content\/uploads\/2026\/02\/d-300x169.jpg","width":300,"height":169},"sportspress-fit-icon":{"url":"https:\/\/villarrealcf.es\/wp-content\/uploads\/2026\/02\/d-128x72.jpg","width":128,"height":72},"sportspress-fit-mini":{"url":"https:\/\/villarrealcf.es\/wp-content\/uploads\/2026\/02\/d-32x18.jpg","width":32,"height":18},"bunyad-small":{"url":"https:\/\/villarrealcf.es\/wp-content\/uploads\/2026\/02\/d-150x84.jpg","width":150,"height":84},"bunyad-medium":{"url":"https:\/\/villarrealcf.es\/wp-content\/uploads\/2026\/02\/d-450x253.jpg","width":450,"height":253},"bunyad-full":{"url":"https:\/\/villarrealcf.es\/wp-content\/uploads\/2026\/02\/d.jpg","width":1143,"height":642},"bunyad-viewport":{"url":"https:\/\/villarrealcf.es\/wp-content\/uploads\/2026\/02\/d.jpg","width":1143,"height":642},"bunyad-768":{"url":"https:\/\/villarrealcf.es\/wp-content\/uploads\/2026\/02\/d-768x431.jpg","width":768,"height":431},"full":{"url":"https:\/\/villarrealcf.es\/wp-content\/uploads\/2026\/02\/d.jpg","width":1143,"height":642}}},"author_data":{"id":"23","name":"Fran Segovia","first_name":"Fran","last_name":"Segovia","description":"","avatar_url":"https:\/\/secure.gravatar.com\/avatar\/9ec849b3b9cb451091f0a96d7943b1c6be26a8d6fd3b94d5b5bfd496b2536c42?s=96&d=mm&r=g","acf":null},"taxonomies_data":{"category":[{"id":13803,"name":"Futbol base","slug":"futbol-base-val-2","acf":null}],"post_tag":[{"id":9366,"name":"Cantera","slug":"cantera-val","acf":null},{"id":10325,"name":"Cantera Grogueta","slug":"cantera-grogueta-val","acf":null},{"id":13819,"name":"Cr\u00f3nica Villarreal B","slug":"cronica-villarreal-b-val","acf":null},{"id":717,"name":"Football","slug":"football-d34","acf":null},{"id":9270,"name":"Futbol","slug":"futbol-val","acf":null},{"id":9227,"name":"F\u00fatbol Base","slug":"futbol-base-val","acf":null},{"id":9912,"name":"Gimn\u00e0stic de Tarragona","slug":"gimnastic-de-tarragona-val","acf":null},{"id":9461,"name":"Jornada 23","slug":"jornada-23-val","acf":null},{"id":8867,"name":"Primera RFEF","slug":"primera-rfef","acf":null},{"id":716,"name":"Soccer","slug":"soccer-d105","acf":null},{"id":9205,"name":"Submarino","slug":"submarino-val","acf":null},{"id":9627,"name":"Submarino Amarillo","slug":"submarino-amarillo-val","acf":null},{"id":10634,"name":"Villarreal B","slug":"villarreal-b-val","acf":null}],"translation_priority":[{"id":735,"name":"Optional","slug":"optional-val","acf":null}]},"seo_full":{"native":{"title":"El Villarreal B mira cap amunt (0-1) - Web Oficial del Villarreal CF","description":"El filial groc s'imposa al N\u00e0stic de Tarragona amb un gol de Jos\u00e9 Gait\u00e1n i s'aferma en la zona noble","canonical":"https:\/\/villarrealcf.es\/val\/cronica-nastic-villarreal-b\/"}},"_links":{"self":[{"href":"https:\/\/villarrealcf.es\/val\/wp-json\/wp\/v2\/posts\/620670","targetHints":{"allow":["GET"]}}],"collection":[{"href":"https:\/\/villarrealcf.es\/val\/wp-json\/wp\/v2\/posts"}],"about":[{"href":"https:\/\/villarrealcf.es\/val\/wp-json\/wp\/v2\/types\/post"}],"author":[{"embeddable":true,"href":"https:\/\/villarrealcf.es\/val\/wp-json\/wp\/v2\/users\/23"}],"replies":[{"embeddable":true,"href":"https:\/\/villarrealcf.es\/val\/wp-json\/wp\/v2\/comments?post=620670"}],"version-history":[{"count":2,"href":"https:\/\/villarrealcf.es\/val\/wp-json\/wp\/v2\/posts\/620670\/revisions"}],"predecessor-version":[{"id":620758,"href":"https:\/\/villarrealcf.es\/val\/wp-json\/wp\/v2\/posts\/620670\/revisions\/620758"}],"wp:featuredmedia":[{"embeddable":true,"href":"https:\/\/villarrealcf.es\/val\/wp-json\/wp\/v2\/media\/620668"}],"wp:attachment":[{"href":"https:\/\/villarrealcf.es\/val\/wp-json\/wp\/v2\/media?parent=620670"}],"wp:term":[{"taxonomy":"category","embeddable":true,"href":"https:\/\/villarrealcf.es\/val\/wp-json\/wp\/v2\/categories?post=620670"},{"taxonomy":"post_tag","embeddable":true,"href":"https:\/\/villarrealcf.es\/val\/wp-json\/wp\/v2\/tags?post=620670"}],"curies":[{"name":"wp","href":"https:\/\/api.w.org\/{rel}","templated":true}]}}