{"id":620208,"date":"2026-02-04T10:05:28","date_gmt":"2026-02-04T09:05:28","guid":{"rendered":"https:\/\/villarrealcf.es\/rueda-de-prensa-de-pau-navarro\/"},"modified":"2026-02-04T11:29:33","modified_gmt":"2026-02-04T10:29:33","slug":"pau-navarro-treball-paciencia-i-determinacio","status":"publish","type":"post","link":"https:\/\/villarrealcf.es\/val\/pau-navarro-treball-paciencia-i-determinacio\/","title":{"rendered":"Pau Navarro, treball, paci\u00e8ncia i determinaci\u00f3"},"content":{"protected":false,"blocks":[{"type":"heading","level":2,"text":"El jove jugador de la Vilavella, ja amb dorsal del primer equip, \u00e9s un exemple per a tots els canterans del club"},{"type":"paragraph","text":"Amb paci\u00e8ncia, treball i determinaci\u00f3, Pau Navarro s\u2019ha guanyat el seu lloc en el primer equip del Villarreal CF. El jove defensa de la Vilavella ha deixat el dorsal \u201826\u2019 per adoptar el n\u00famero \u20186\u2019. A aix\u00f2, el mateix futbolista no li dona gran import\u00e0ncia, encara que signifique un pas de gegant en la seua carrera professional."},{"type":"paragraph","text":"\u201cCanvia el n\u00famero, per\u00f2 la camiseta \u00e9s la mateixa. No canvia res. L\u2019important \u00e9s ajudar l\u2019equip. L\u2019\u00fanica cosa \u00e9s que, evidentment, \u00e9s una cosa que fa il\u00b7lusi\u00f3 perqu\u00e8 \u00e9s una cosa que perseguisc des de menut. \u00c9s molt bonic, per\u00f2 a nivell de treball no canvia res\u201d, raona amb maduresa el jove canter\u00e0 groguet."},{"type":"heading","level":3,"text":"El cam\u00ed cap a l\u2019elit"},{"type":"paragraph","text":"El seu cam\u00ed cap a l\u2019elit del futbol s\u2019ha caracteritzat pel treball dur i la paci\u00e8ncia: \u201cCal anar cremant etapes. Anar pas a pas, sense precipitar-te. Crec que \u00e9s important seguir este proc\u00e9s. He fet les coses com tocaven i la recompensa arriba d\u2019esta manera\u201d."},{"type":"paragraph","text":"Amb el pas dels partits, Pau Navarro s\u2019est\u00e0 consolidant en un Villarreal de Champions. Una fita de molt de m\u00e8rit per a un jugador de tan sols 20 anys: \u201cEstic molt feli\u00e7 perqu\u00e8 estic tenint continu\u00eftat i l\u2019oportunitat d\u2019acumular minuts i poder competir a un gran nivell\u201d."},{"type":"heading","level":3,"text":"Un referent per a la Cantera Grogueta"},{"type":"paragraph","text":"En tan sols dos o tres anys, el defensa de la Vilavella ha passat de jugar en els camps de gespa artificial de la Ciutat Esportiva a defensar l\u2019el\u00e0stica groga en l\u2019Estadio de la Cer\u00e1mica. Un salt considerable al qual Pau encara s\u2019est\u00e0 acostumant: \u201cImpressiona un poc vore que compixes contra els millors jugadors del m\u00f3n. Especialment quan t\u2019atures a pensar-ho. Una vegada est\u00e0s dins del camp, no hi ha difer\u00e8ncies. Has de fer el teu treball el millor possible, estigues jugant contra els grans de LALIGA o en el Camp 5 de la Ciutat Esportiva\u201d."},{"type":"paragraph","text":"Pel que est\u00e0 aconseguint, Pau Navarro \u00e9s ara mateix el gran referent per a tots els joves jugadors de la Cantera Grogueta que somien amb arribar al primer equip: \u201cEste \u00e9s un club que aposta per la gent de baix. \u00c9s una cosa molt positiva. Sempre m\u2019han transm\u00e9s que confiaven en mi i m\u2019ho han demostrat. \u00c9s important seguir, amb paci\u00e8ncia, els passos que et van marcant per poder arribar fins a on estic ara. Agra\u00efsc molt la confian\u00e7a i estic molt feli\u00e7\u201d."},{"type":"heading","level":3,"text":"Centrat en el que ve"},{"type":"paragraph","text":"Respecte a l\u2019equip, Pau Navarro reconeix que hi ha un gran equip i que els \u00faltims resultats no embruten la gran campanya que est\u00e0 firmant el Submar\u00ed: \u201cEl punt a Pamplona va ser molt bo per trencar la din\u00e0mica. \u00c9s cert que l\u2019\u00faltim mes i mig no ha sigut com ens hauria agradat, per\u00f2 hem jugat contra alguns dels millors equips de LALIGA. Tamb\u00e9 s\u00f3n ratxes. Ara ens centrem en fer-ho el millor possible en el que queda de temporada\u201d."},{"type":"paragraph","text":"Per \u00faltim, el \u20186\u2019 groc ha elogiat el gran nivell de l\u2019Espanyol, pr\u00f2xim rival dels groguets: \u201cSer\u00e0 un partit molt complicat. No estan en una bona din\u00e0mica, per\u00f2 \u00e9s un equip que est\u00e0 dalt per m\u00e8rits propis. Est\u00e0 fent una temporada extraordin\u00e0ria. Sabem que \u00e9s un gran equip, per\u00f2 aix\u00f2 no lleva que h\u00e0gem de fer el nostre partit i eixir a guanyar\u201d."},{"type":"paragraph","text":"A continuaci\u00f3, pots escoltar la roda de premsa de Pau Navarro:"},{"type":"video","kind":"iframe","url":"https:\/\/www.youtube.com\/embed\/IixXOiOw87A?feature=oembed","poster":""}],"structured":{"summary":{"text":"El jove jugador de la Vilavella, ja amb dorsal del primer equip, \u00e9s un exemple per a tots els canterans del club Amb paci\u00e8ncia, treball i determinaci\u00f3, Pau Navarro s\u2019ha guanyat el seu lloc en el primer equip del Villarreal CF. El jove defensa de la Vilavella ha deixat el dorsal \u201826\u2019 per adoptar el n\u00famero \u20186\u2019. A aix\u00f2, el mateix futbolista no li dona gran import\u00e0ncia, encara que signifique un pas de gegant en la seua carrera professional. \u201cCanvia el n\u00famero, per\u00f2 la camiseta \u00e9s la mateixa. No canvia res. L\u2019important \u00e9s ajudar l\u2019equip. L\u2019\u00fanica cosa \u00e9s que, evidentment, \u00e9s una cosa que fa il\u00b7lusi\u00f3 perqu\u00e8 \u00e9s una cosa que perseguisc des de menut. \u00c9s molt bonic, per\u00f2 a nivell de treball no canvia res\u201d, raona amb maduresa el jove canter\u00e0 groguet. El cam\u00ed cap a l\u2019elit El seu cam\u00ed cap a l\u2019elit del futbol s\u2019ha caracteritzat pel treball dur i la paci\u00e8ncia: \u201cCal anar cremant etapes. Anar pas a pas, sense precipitar-te. Crec que \u00e9s important seguir este proc\u00e9s. He fet les coses com tocaven i la recompensa arriba d\u2019esta manera\u201d. Amb el pas dels partits, Pau Navarro s\u2019est\u00e0 consolidant en un Villarreal de Champions. Una fita de molt de m\u00e8rit per a un jugador de tan sols 20 anys: \u201cEstic molt feli\u00e7 perqu\u00e8 estic tenint continu\u00eftat i l\u2019oportunitat d\u2019acumular minuts i poder competir a un gran nivell\u201d. Un referent per a la Cantera Grogueta En tan sols dos o tres anys, el defensa de la Vilavella ha passat de jugar en els camps de gespa artificial de la Ciutat Esportiva a defensar l\u2019el\u00e0stica groga en l\u2019Estadio de la Cer\u00e1mica. Un salt considerable al qual Pau encara s\u2019est\u00e0 acostumant: \u201cImpressiona un poc vore que compixes contra els millors jugadors del m\u00f3n. Especialment quan t\u2019atures a pensar-ho. Una vegada est\u00e0s dins del camp, no hi ha difer\u00e8ncies. Has de fer el teu treball el millor possible, estigues jugant contra els grans de LALIGA o en el Camp 5 de la Ciutat Esportiva\u201d. Pel que est\u00e0 aconseguint, Pau Navarro \u00e9s ara mateix el gran referent per a tots els joves jugadors de la Cantera Grogueta que somien amb arribar al primer equip: \u201cEste \u00e9s un club que aposta per la gent de baix. \u00c9s una cosa molt positiva. Sempre m\u2019han transm\u00e9s que confiaven en mi i m\u2019ho han demostrat. \u00c9s important seguir, amb paci\u00e8ncia, els passos que et van marcant per poder arribar fins a on estic ara. Agra\u00efsc molt la confian\u00e7a i estic molt feli\u00e7\u201d. Centrat en el que ve Respecte a l\u2019equip, Pau Navarro reconeix que hi ha un gran equip i que els \u00faltims resultats no embruten la gran campanya que est\u00e0 firmant el Submar\u00ed: \u201cEl punt a Pamplona va ser molt bo per trencar la din\u00e0mica. \u00c9s cert que l\u2019\u00faltim mes i mig no ha sigut com ens hauria agradat, per\u00f2 hem jugat contra alguns dels millors equips de LALIGA. Tamb\u00e9 s\u00f3n ratxes. Ara ens centrem en fer-ho el millor possible en el que queda de temporada\u201d. Per \u00faltim, el \u20186\u2019 groc ha elogiat el gran nivell de l\u2019Espanyol, pr\u00f2xim rival dels groguets: \u201cSer\u00e0 un partit molt complicat. No estan en una bona din\u00e0mica, per\u00f2 \u00e9s un equip que est\u00e0 dalt per m\u00e8rits propis. Est\u00e0 fent una temporada extraordin\u00e0ria. Sabem que \u00e9s un gran equip, per\u00f2 aix\u00f2 no lleva que h\u00e0gem de fer el nostre partit i eixir a guanyar\u201d. A continuaci\u00f3, pots escoltar la roda de premsa de Pau Navarro:","headings":[{"type":"heading","level":2,"text":"El jove jugador de la Vilavella, ja amb dorsal del primer equip, \u00e9s un exemple per a tots els canterans del club"},{"type":"heading","level":3,"text":"El cam\u00ed cap a l\u2019elit"},{"type":"heading","level":3,"text":"Un referent per a la Cantera Grogueta"},{"type":"heading","level":3,"text":"Centrat en el que ve"}],"buttons":[],"images":[],"counts":{"blocks":14,"headings":4,"texts":9,"buttons":0,"images":0}},"sections":[{"id":"section-1","title":"El jove jugador de la Vilavella, ja amb dorsal del primer equip, \u00e9s un exemple per a tots els canterans del club","text":"El jove jugador de la Vilavella, ja amb dorsal del primer equip, \u00e9s un exemple per a tots els canterans del club Amb paci\u00e8ncia, treball i determinaci\u00f3, Pau Navarro s\u2019ha guanyat el seu lloc en el primer equip del Villarreal CF. El jove defensa de la Vilavella ha deixat el dorsal \u201826\u2019 per adoptar el n\u00famero \u20186\u2019. A aix\u00f2, el mateix futbolista no li dona gran import\u00e0ncia, encara que signifique un pas de gegant en la seua carrera professional. \u201cCanvia el n\u00famero, per\u00f2 la camiseta \u00e9s la mateixa. No canvia res. L\u2019important \u00e9s ajudar l\u2019equip. L\u2019\u00fanica cosa \u00e9s que, evidentment, \u00e9s una cosa que fa il\u00b7lusi\u00f3 perqu\u00e8 \u00e9s una cosa que perseguisc des de menut. \u00c9s molt bonic, per\u00f2 a nivell de treball no canvia res\u201d, raona amb maduresa el jove canter\u00e0 groguet.","headings":[{"type":"heading","level":2,"text":"El jove jugador de la Vilavella, ja amb dorsal del primer equip, \u00e9s un exemple per a tots els canterans del club"}],"texts":[{"type":"paragraph","text":"Amb paci\u00e8ncia, treball i determinaci\u00f3, Pau Navarro s\u2019ha guanyat el seu lloc en el primer equip del Villarreal CF. El jove defensa de la Vilavella ha deixat el dorsal \u201826\u2019 per adoptar el n\u00famero \u20186\u2019. A aix\u00f2, el mateix futbolista no li dona gran import\u00e0ncia, encara que signifique un pas de gegant en la seua carrera professional."},{"type":"paragraph","text":"\u201cCanvia el n\u00famero, per\u00f2 la camiseta \u00e9s la mateixa. No canvia res. L\u2019important \u00e9s ajudar l\u2019equip. L\u2019\u00fanica cosa \u00e9s que, evidentment, \u00e9s una cosa que fa il\u00b7lusi\u00f3 perqu\u00e8 \u00e9s una cosa que perseguisc des de menut. \u00c9s molt bonic, per\u00f2 a nivell de treball no canvia res\u201d, raona amb maduresa el jove canter\u00e0 groguet."}],"buttons":[],"images":[],"widgets":[],"blocks":[{"type":"heading","level":2,"text":"El jove jugador de la Vilavella, ja amb dorsal del primer equip, \u00e9s un exemple per a tots els canterans del club"},{"type":"paragraph","text":"Amb paci\u00e8ncia, treball i determinaci\u00f3, Pau Navarro s\u2019ha guanyat el seu lloc en el primer equip del Villarreal CF. El jove defensa de la Vilavella ha deixat el dorsal \u201826\u2019 per adoptar el n\u00famero \u20186\u2019. A aix\u00f2, el mateix futbolista no li dona gran import\u00e0ncia, encara que signifique un pas de gegant en la seua carrera professional."},{"type":"paragraph","text":"\u201cCanvia el n\u00famero, per\u00f2 la camiseta \u00e9s la mateixa. No canvia res. L\u2019important \u00e9s ajudar l\u2019equip. L\u2019\u00fanica cosa \u00e9s que, evidentment, \u00e9s una cosa que fa il\u00b7lusi\u00f3 perqu\u00e8 \u00e9s una cosa que perseguisc des de menut. \u00c9s molt bonic, per\u00f2 a nivell de treball no canvia res\u201d, raona amb maduresa el jove canter\u00e0 groguet."}]},{"id":"section-2","title":"El cam\u00ed cap a l\u2019elit","text":"El cam\u00ed cap a l\u2019elit El seu cam\u00ed cap a l\u2019elit del futbol s\u2019ha caracteritzat pel treball dur i la paci\u00e8ncia: \u201cCal anar cremant etapes. Anar pas a pas, sense precipitar-te. Crec que \u00e9s important seguir este proc\u00e9s. He fet les coses com tocaven i la recompensa arriba d\u2019esta manera\u201d. Amb el pas dels partits, Pau Navarro s\u2019est\u00e0 consolidant en un Villarreal de Champions. Una fita de molt de m\u00e8rit per a un jugador de tan sols 20 anys: \u201cEstic molt feli\u00e7 perqu\u00e8 estic tenint continu\u00eftat i l\u2019oportunitat d\u2019acumular minuts i poder competir a un gran nivell\u201d.","headings":[{"type":"heading","level":3,"text":"El cam\u00ed cap a l\u2019elit"}],"texts":[{"type":"paragraph","text":"El seu cam\u00ed cap a l\u2019elit del futbol s\u2019ha caracteritzat pel treball dur i la paci\u00e8ncia: \u201cCal anar cremant etapes. Anar pas a pas, sense precipitar-te. Crec que \u00e9s important seguir este proc\u00e9s. He fet les coses com tocaven i la recompensa arriba d\u2019esta manera\u201d."},{"type":"paragraph","text":"Amb el pas dels partits, Pau Navarro s\u2019est\u00e0 consolidant en un Villarreal de Champions. Una fita de molt de m\u00e8rit per a un jugador de tan sols 20 anys: \u201cEstic molt feli\u00e7 perqu\u00e8 estic tenint continu\u00eftat i l\u2019oportunitat d\u2019acumular minuts i poder competir a un gran nivell\u201d."}],"buttons":[],"images":[],"widgets":[],"blocks":[{"type":"heading","level":3,"text":"El cam\u00ed cap a l\u2019elit"},{"type":"paragraph","text":"El seu cam\u00ed cap a l\u2019elit del futbol s\u2019ha caracteritzat pel treball dur i la paci\u00e8ncia: \u201cCal anar cremant etapes. Anar pas a pas, sense precipitar-te. Crec que \u00e9s important seguir este proc\u00e9s. He fet les coses com tocaven i la recompensa arriba d\u2019esta manera\u201d."},{"type":"paragraph","text":"Amb el pas dels partits, Pau Navarro s\u2019est\u00e0 consolidant en un Villarreal de Champions. Una fita de molt de m\u00e8rit per a un jugador de tan sols 20 anys: \u201cEstic molt feli\u00e7 perqu\u00e8 estic tenint continu\u00eftat i l\u2019oportunitat d\u2019acumular minuts i poder competir a un gran nivell\u201d."}]},{"id":"section-3","title":"Un referent per a la Cantera Grogueta","text":"Un referent per a la Cantera Grogueta En tan sols dos o tres anys, el defensa de la Vilavella ha passat de jugar en els camps de gespa artificial de la Ciutat Esportiva a defensar l\u2019el\u00e0stica groga en l\u2019Estadio de la Cer\u00e1mica. Un salt considerable al qual Pau encara s\u2019est\u00e0 acostumant: \u201cImpressiona un poc vore que compixes contra els millors jugadors del m\u00f3n. Especialment quan t\u2019atures a pensar-ho. Una vegada est\u00e0s dins del camp, no hi ha difer\u00e8ncies. Has de fer el teu treball el millor possible, estigues jugant contra els grans de LALIGA o en el Camp 5 de la Ciutat Esportiva\u201d. Pel que est\u00e0 aconseguint, Pau Navarro \u00e9s ara mateix el gran referent per a tots els joves jugadors de la Cantera Grogueta que somien amb arribar al primer equip: \u201cEste \u00e9s un club que aposta per la gent de baix. \u00c9s una cosa molt positiva. Sempre m\u2019han transm\u00e9s que confiaven en mi i m\u2019ho han demostrat. \u00c9s important seguir, amb paci\u00e8ncia, els passos que et van marcant per poder arribar fins a on estic ara. Agra\u00efsc molt la confian\u00e7a i estic molt feli\u00e7\u201d.","headings":[{"type":"heading","level":3,"text":"Un referent per a la Cantera Grogueta"}],"texts":[{"type":"paragraph","text":"En tan sols dos o tres anys, el defensa de la Vilavella ha passat de jugar en els camps de gespa artificial de la Ciutat Esportiva a defensar l\u2019el\u00e0stica groga en l\u2019Estadio de la Cer\u00e1mica. Un salt considerable al qual Pau encara s\u2019est\u00e0 acostumant: \u201cImpressiona un poc vore que compixes contra els millors jugadors del m\u00f3n. Especialment quan t\u2019atures a pensar-ho. Una vegada est\u00e0s dins del camp, no hi ha difer\u00e8ncies. Has de fer el teu treball el millor possible, estigues jugant contra els grans de LALIGA o en el Camp 5 de la Ciutat Esportiva\u201d."},{"type":"paragraph","text":"Pel que est\u00e0 aconseguint, Pau Navarro \u00e9s ara mateix el gran referent per a tots els joves jugadors de la Cantera Grogueta que somien amb arribar al primer equip: \u201cEste \u00e9s un club que aposta per la gent de baix. \u00c9s una cosa molt positiva. Sempre m\u2019han transm\u00e9s que confiaven en mi i m\u2019ho han demostrat. \u00c9s important seguir, amb paci\u00e8ncia, els passos que et van marcant per poder arribar fins a on estic ara. Agra\u00efsc molt la confian\u00e7a i estic molt feli\u00e7\u201d."}],"buttons":[],"images":[],"widgets":[],"blocks":[{"type":"heading","level":3,"text":"Un referent per a la Cantera Grogueta"},{"type":"paragraph","text":"En tan sols dos o tres anys, el defensa de la Vilavella ha passat de jugar en els camps de gespa artificial de la Ciutat Esportiva a defensar l\u2019el\u00e0stica groga en l\u2019Estadio de la Cer\u00e1mica. Un salt considerable al qual Pau encara s\u2019est\u00e0 acostumant: \u201cImpressiona un poc vore que compixes contra els millors jugadors del m\u00f3n. Especialment quan t\u2019atures a pensar-ho. Una vegada est\u00e0s dins del camp, no hi ha difer\u00e8ncies. Has de fer el teu treball el millor possible, estigues jugant contra els grans de LALIGA o en el Camp 5 de la Ciutat Esportiva\u201d."},{"type":"paragraph","text":"Pel que est\u00e0 aconseguint, Pau Navarro \u00e9s ara mateix el gran referent per a tots els joves jugadors de la Cantera Grogueta que somien amb arribar al primer equip: \u201cEste \u00e9s un club que aposta per la gent de baix. \u00c9s una cosa molt positiva. Sempre m\u2019han transm\u00e9s que confiaven en mi i m\u2019ho han demostrat. \u00c9s important seguir, amb paci\u00e8ncia, els passos que et van marcant per poder arribar fins a on estic ara. Agra\u00efsc molt la confian\u00e7a i estic molt feli\u00e7\u201d."}]},{"id":"section-4","title":"Centrat en el que ve","text":"Centrat en el que ve Respecte a l\u2019equip, Pau Navarro reconeix que hi ha un gran equip i que els \u00faltims resultats no embruten la gran campanya que est\u00e0 firmant el Submar\u00ed: \u201cEl punt a Pamplona va ser molt bo per trencar la din\u00e0mica. \u00c9s cert que l\u2019\u00faltim mes i mig no ha sigut com ens hauria agradat, per\u00f2 hem jugat contra alguns dels millors equips de LALIGA. Tamb\u00e9 s\u00f3n ratxes. Ara ens centrem en fer-ho el millor possible en el que queda de temporada\u201d. Per \u00faltim, el \u20186\u2019 groc ha elogiat el gran nivell de l\u2019Espanyol, pr\u00f2xim rival dels groguets: \u201cSer\u00e0 un partit molt complicat. No estan en una bona din\u00e0mica, per\u00f2 \u00e9s un equip que est\u00e0 dalt per m\u00e8rits propis. Est\u00e0 fent una temporada extraordin\u00e0ria. Sabem que \u00e9s un gran equip, per\u00f2 aix\u00f2 no lleva que h\u00e0gem de fer el nostre partit i eixir a guanyar\u201d. A continuaci\u00f3, pots escoltar la roda de premsa de Pau Navarro:","headings":[{"type":"heading","level":3,"text":"Centrat en el que ve"}],"texts":[{"type":"paragraph","text":"Respecte a l\u2019equip, Pau Navarro reconeix que hi ha un gran equip i que els \u00faltims resultats no embruten la gran campanya que est\u00e0 firmant el Submar\u00ed: \u201cEl punt a Pamplona va ser molt bo per trencar la din\u00e0mica. \u00c9s cert que l\u2019\u00faltim mes i mig no ha sigut com ens hauria agradat, per\u00f2 hem jugat contra alguns dels millors equips de LALIGA. Tamb\u00e9 s\u00f3n ratxes. Ara ens centrem en fer-ho el millor possible en el que queda de temporada\u201d."},{"type":"paragraph","text":"Per \u00faltim, el \u20186\u2019 groc ha elogiat el gran nivell de l\u2019Espanyol, pr\u00f2xim rival dels groguets: \u201cSer\u00e0 un partit molt complicat. No estan en una bona din\u00e0mica, per\u00f2 \u00e9s un equip que est\u00e0 dalt per m\u00e8rits propis. Est\u00e0 fent una temporada extraordin\u00e0ria. Sabem que \u00e9s un gran equip, per\u00f2 aix\u00f2 no lleva que h\u00e0gem de fer el nostre partit i eixir a guanyar\u201d."},{"type":"paragraph","text":"A continuaci\u00f3, pots escoltar la roda de premsa de Pau Navarro:"}],"buttons":[],"images":[],"widgets":[],"blocks":[{"type":"heading","level":3,"text":"Centrat en el que ve"},{"type":"paragraph","text":"Respecte a l\u2019equip, Pau Navarro reconeix que hi ha un gran equip i que els \u00faltims resultats no embruten la gran campanya que est\u00e0 firmant el Submar\u00ed: \u201cEl punt a Pamplona va ser molt bo per trencar la din\u00e0mica. \u00c9s cert que l\u2019\u00faltim mes i mig no ha sigut com ens hauria agradat, per\u00f2 hem jugat contra alguns dels millors equips de LALIGA. Tamb\u00e9 s\u00f3n ratxes. Ara ens centrem en fer-ho el millor possible en el que queda de temporada\u201d."},{"type":"paragraph","text":"Per \u00faltim, el \u20186\u2019 groc ha elogiat el gran nivell de l\u2019Espanyol, pr\u00f2xim rival dels groguets: \u201cSer\u00e0 un partit molt complicat. No estan en una bona din\u00e0mica, per\u00f2 \u00e9s un equip que est\u00e0 dalt per m\u00e8rits propis. Est\u00e0 fent una temporada extraordin\u00e0ria. Sabem que \u00e9s un gran equip, per\u00f2 aix\u00f2 no lleva que h\u00e0gem de fer el nostre partit i eixir a guanyar\u201d."},{"type":"paragraph","text":"A continuaci\u00f3, pots escoltar la roda de premsa de Pau Navarro:"},{"type":"video","kind":"iframe","url":"https:\/\/www.youtube.com\/embed\/IixXOiOw87A?feature=oembed","poster":""}]}],"hero":{"id":"section-1","title":"El jove jugador de la Vilavella, ja amb dorsal del primer equip, \u00e9s un exemple per a tots els canterans del club","text":"El jove jugador de la Vilavella, ja amb dorsal del primer equip, \u00e9s un exemple per a tots els canterans del club Amb paci\u00e8ncia, treball i determinaci\u00f3, Pau Navarro s\u2019ha guanyat el seu lloc en el primer equip del Villarreal CF. El jove defensa de la Vilavella ha deixat el dorsal \u201826\u2019 per adoptar el n\u00famero \u20186\u2019. A aix\u00f2, el mateix futbolista no li dona gran import\u00e0ncia, encara que signifique un pas de gegant en la seua carrera professional. \u201cCanvia el n\u00famero, per\u00f2 la camiseta \u00e9s la mateixa. No canvia res. L\u2019important \u00e9s ajudar l\u2019equip. L\u2019\u00fanica cosa \u00e9s que, evidentment, \u00e9s una cosa que fa il\u00b7lusi\u00f3 perqu\u00e8 \u00e9s una cosa que perseguisc des de menut. \u00c9s molt bonic, per\u00f2 a nivell de treball no canvia res\u201d, raona amb maduresa el jove canter\u00e0 groguet.","headings":[{"type":"heading","level":2,"text":"El jove jugador de la Vilavella, ja amb dorsal del primer equip, \u00e9s un exemple per a tots els canterans del club"}],"texts":[{"type":"paragraph","text":"Amb paci\u00e8ncia, treball i determinaci\u00f3, Pau Navarro s\u2019ha guanyat el seu lloc en el primer equip del Villarreal CF. El jove defensa de la Vilavella ha deixat el dorsal \u201826\u2019 per adoptar el n\u00famero \u20186\u2019. A aix\u00f2, el mateix futbolista no li dona gran import\u00e0ncia, encara que signifique un pas de gegant en la seua carrera professional."},{"type":"paragraph","text":"\u201cCanvia el n\u00famero, per\u00f2 la camiseta \u00e9s la mateixa. No canvia res. L\u2019important \u00e9s ajudar l\u2019equip. L\u2019\u00fanica cosa \u00e9s que, evidentment, \u00e9s una cosa que fa il\u00b7lusi\u00f3 perqu\u00e8 \u00e9s una cosa que perseguisc des de menut. \u00c9s molt bonic, per\u00f2 a nivell de treball no canvia res\u201d, raona amb maduresa el jove canter\u00e0 groguet."}],"buttons":[],"images":[],"widgets":[],"blocks":[{"type":"heading","level":2,"text":"El jove jugador de la Vilavella, ja amb dorsal del primer equip, \u00e9s un exemple per a tots els canterans del club"},{"type":"paragraph","text":"Amb paci\u00e8ncia, treball i determinaci\u00f3, Pau Navarro s\u2019ha guanyat el seu lloc en el primer equip del Villarreal CF. El jove defensa de la Vilavella ha deixat el dorsal \u201826\u2019 per adoptar el n\u00famero \u20186\u2019. A aix\u00f2, el mateix futbolista no li dona gran import\u00e0ncia, encara que signifique un pas de gegant en la seua carrera professional."},{"type":"paragraph","text":"\u201cCanvia el n\u00famero, per\u00f2 la camiseta \u00e9s la mateixa. No canvia res. L\u2019important \u00e9s ajudar l\u2019equip. L\u2019\u00fanica cosa \u00e9s que, evidentment, \u00e9s una cosa que fa il\u00b7lusi\u00f3 perqu\u00e8 \u00e9s una cosa que perseguisc des de menut. \u00c9s molt bonic, per\u00f2 a nivell de treball no canvia res\u201d, raona amb maduresa el jove canter\u00e0 groguet."}]}},"sections":[{"id":"section-1","title":"El jove jugador de la Vilavella, ja amb dorsal del primer equip, \u00e9s un exemple per a tots els canterans del club","text":"El jove jugador de la Vilavella, ja amb dorsal del primer equip, \u00e9s un exemple per a tots els canterans del club Amb paci\u00e8ncia, treball i determinaci\u00f3, Pau Navarro s\u2019ha guanyat el seu lloc en el primer equip del Villarreal CF. El jove defensa de la Vilavella ha deixat el dorsal \u201826\u2019 per adoptar el n\u00famero \u20186\u2019. A aix\u00f2, el mateix futbolista no li dona gran import\u00e0ncia, encara que signifique un pas de gegant en la seua carrera professional. \u201cCanvia el n\u00famero, per\u00f2 la camiseta \u00e9s la mateixa. No canvia res. L\u2019important \u00e9s ajudar l\u2019equip. L\u2019\u00fanica cosa \u00e9s que, evidentment, \u00e9s una cosa que fa il\u00b7lusi\u00f3 perqu\u00e8 \u00e9s una cosa que perseguisc des de menut. \u00c9s molt bonic, per\u00f2 a nivell de treball no canvia res\u201d, raona amb maduresa el jove canter\u00e0 groguet.","url":"","background_image":"","images":[],"videos":[],"links":[]},{"id":"section-2","title":"El cam\u00ed cap a l\u2019elit","text":"El cam\u00ed cap a l\u2019elit El seu cam\u00ed cap a l\u2019elit del futbol s\u2019ha caracteritzat pel treball dur i la paci\u00e8ncia: \u201cCal anar cremant etapes. Anar pas a pas, sense precipitar-te. Crec que \u00e9s important seguir este proc\u00e9s. He fet les coses com tocaven i la recompensa arriba d\u2019esta manera\u201d. Amb el pas dels partits, Pau Navarro s\u2019est\u00e0 consolidant en un Villarreal de Champions. Una fita de molt de m\u00e8rit per a un jugador de tan sols 20 anys: \u201cEstic molt feli\u00e7 perqu\u00e8 estic tenint continu\u00eftat i l\u2019oportunitat d\u2019acumular minuts i poder competir a un gran nivell\u201d.","url":"","background_image":"","images":[],"videos":[],"links":[]},{"id":"section-3","title":"Un referent per a la Cantera Grogueta","text":"Un referent per a la Cantera Grogueta En tan sols dos o tres anys, el defensa de la Vilavella ha passat de jugar en els camps de gespa artificial de la Ciutat Esportiva a defensar l\u2019el\u00e0stica groga en l\u2019Estadio de la Cer\u00e1mica. Un salt considerable al qual Pau encara s\u2019est\u00e0 acostumant: \u201cImpressiona un poc vore que compixes contra els millors jugadors del m\u00f3n. Especialment quan t\u2019atures a pensar-ho. Una vegada est\u00e0s dins del camp, no hi ha difer\u00e8ncies. Has de fer el teu treball el millor possible, estigues jugant contra els grans de LALIGA o en el Camp 5 de la Ciutat Esportiva\u201d. Pel que est\u00e0 aconseguint, Pau Navarro \u00e9s ara mateix el gran referent per a tots els joves jugadors de la Cantera Grogueta que somien amb arribar al primer equip: \u201cEste \u00e9s un club que aposta per la gent de baix. \u00c9s una cosa molt positiva. Sempre m\u2019han transm\u00e9s que confiaven en mi i m\u2019ho han demostrat. \u00c9s important seguir, amb paci\u00e8ncia, els passos que et van marcant per poder arribar fins a on estic ara. Agra\u00efsc molt la confian\u00e7a i estic molt feli\u00e7\u201d.","url":"","background_image":"","images":[],"videos":[],"links":[]},{"id":"section-4","title":"Centrat en el que ve","text":"Centrat en el que ve Respecte a l\u2019equip, Pau Navarro reconeix que hi ha un gran equip i que els \u00faltims resultats no embruten la gran campanya que est\u00e0 firmant el Submar\u00ed: \u201cEl punt a Pamplona va ser molt bo per trencar la din\u00e0mica. \u00c9s cert que l\u2019\u00faltim mes i mig no ha sigut com ens hauria agradat, per\u00f2 hem jugat contra alguns dels millors equips de LALIGA. Tamb\u00e9 s\u00f3n ratxes. Ara ens centrem en fer-ho el millor possible en el que queda de temporada\u201d. Per \u00faltim, el \u20186\u2019 groc ha elogiat el gran nivell de l\u2019Espanyol, pr\u00f2xim rival dels groguets: \u201cSer\u00e0 un partit molt complicat. No estan en una bona din\u00e0mica, per\u00f2 \u00e9s un equip que est\u00e0 dalt per m\u00e8rits propis. Est\u00e0 fent una temporada extraordin\u00e0ria. Sabem que \u00e9s un gran equip, per\u00f2 aix\u00f2 no lleva que h\u00e0gem de fer el nostre partit i eixir a guanyar\u201d. A continuaci\u00f3, pots escoltar la roda de premsa de Pau Navarro:","url":"","background_image":"","images":[],"videos":[{"type":"video","kind":"iframe","url":"https:\/\/www.youtube.com\/embed\/IixXOiOw87A?feature=oembed","poster":""}],"links":[]}]},"excerpt":{"rendered":"El joven jugador de La Vilavella, ya con dorsal del primer equipo, es un ejemplo para todos los canteranos del club","protected":false},"author":25,"featured_media":620195,"comment_status":"closed","ping_status":"closed","sticky":false,"template":"","format":"standard","meta":{"_acf_changed":false,"footnotes":""},"categories":[13493],"tags":[9270,15363,13427,9278,9680,716,9205,9627,9203],"acf":null,"lang":"val","translations":{"es":620190,"val":620208,"en":620209},"essential_grid":{"has_grid":false},"formatted_date":"February 4, 2026","modified_date":"February 4, 2026","permalink":"https:\/\/villarrealcf.es\/val\/pau-navarro-treball-paciencia-i-determinacio\/","reading_time":4,"featured_media_data":{"id":620195,"title":"PAU NAVARRO","caption":"PAU NAVARRO","alt_text":"","description":"","mime_type":"image\/jpeg","source_url":"https:\/\/villarrealcf.es\/wp-content\/uploads\/2026\/02\/Pau-Navarro.jpg","sizes":{"thumbnail":{"url":"https:\/\/villarrealcf.es\/wp-content\/uploads\/2026\/02\/Pau-Navarro.jpg","width":1920,"height":1080},"medium":{"url":"https:\/\/villarrealcf.es\/wp-content\/uploads\/2026\/02\/Pau-Navarro.jpg","width":1920,"height":1080},"medium_large":{"url":"https:\/\/villarrealcf.es\/wp-content\/uploads\/2026\/02\/Pau-Navarro-768x432.jpg","width":768,"height":432},"large":{"url":"https:\/\/villarrealcf.es\/wp-content\/uploads\/2026\/02\/Pau-Navarro.jpg","width":788,"height":443},"1536x1536":{"url":"https:\/\/villarrealcf.es\/wp-content\/uploads\/2026\/02\/Pau-Navarro-1536x864.jpg","width":1536,"height":864},"2048x2048":{"url":"https:\/\/villarrealcf.es\/wp-content\/uploads\/2026\/02\/Pau-Navarro.jpg","width":1920,"height":1080},"tp-image-grid":{"url":"https:\/\/villarrealcf.es\/wp-content\/uploads\/2026\/02\/Pau-Navarro-700x700.jpg","width":700,"height":700},"size-bunyad-medium":{"url":"https:\/\/villarrealcf.es\/wp-content\/uploads\/2026\/02\/Pau-Navarro.jpg","width":1920,"height":1080},"sportspress-crop-medium":{"url":"https:\/\/villarrealcf.es\/wp-content\/uploads\/2026\/02\/Pau-Navarro-300x300.jpg","width":300,"height":300},"sportspress-fit-medium":{"url":"https:\/\/villarrealcf.es\/wp-content\/uploads\/2026\/02\/Pau-Navarro-300x169.jpg","width":300,"height":169},"sportspress-fit-icon":{"url":"https:\/\/villarrealcf.es\/wp-content\/uploads\/2026\/02\/Pau-Navarro-128x72.jpg","width":128,"height":72},"sportspress-fit-mini":{"url":"https:\/\/villarrealcf.es\/wp-content\/uploads\/2026\/02\/Pau-Navarro-32x18.jpg","width":32,"height":18},"bunyad-small":{"url":"https:\/\/villarrealcf.es\/wp-content\/uploads\/2026\/02\/Pau-Navarro-150x84.jpg","width":150,"height":84},"bunyad-medium":{"url":"https:\/\/villarrealcf.es\/wp-content\/uploads\/2026\/02\/Pau-Navarro-450x253.jpg","width":450,"height":253},"bunyad-full":{"url":"https:\/\/villarrealcf.es\/wp-content\/uploads\/2026\/02\/Pau-Navarro-1200x675.jpg","width":1200,"height":675},"bunyad-viewport":{"url":"https:\/\/villarrealcf.es\/wp-content\/uploads\/2026\/02\/Pau-Navarro.jpg","width":1920,"height":1080},"bunyad-768":{"url":"https:\/\/villarrealcf.es\/wp-content\/uploads\/2026\/02\/Pau-Navarro-768x432.jpg","width":768,"height":432},"full":{"url":"https:\/\/villarrealcf.es\/wp-content\/uploads\/2026\/02\/Pau-Navarro.jpg","width":1920,"height":1080}}},"author_data":{"id":"25","name":"Javier Ayuso","first_name":"Javier","last_name":"Ayuso","description":"","avatar_url":"https:\/\/secure.gravatar.com\/avatar\/fcf8894be45988fcce5bbff0efe1790d2a7f4ba57e2c7c898f5068154e696495?s=96&d=mm&r=g","acf":null},"taxonomies_data":{"category":[{"id":13493,"name":"Primer equip","slug":"primer-equip","acf":null}],"post_tag":[{"id":9270,"name":"Futbol","slug":"futbol-val","acf":null},{"id":15363,"name":"Pau Navarro","slug":"pau-navarro-val","acf":null},{"id":13427,"name":"Primer Equipo","slug":"primer-equipo-val","acf":null},{"id":9278,"name":"primera division","slug":"primera-division-val","acf":null},{"id":9680,"name":"Rueda de prensa","slug":"rueda-de-prensa-val","acf":null},{"id":716,"name":"Soccer","slug":"soccer-d105","acf":null},{"id":9205,"name":"Submarino","slug":"submarino-val","acf":null},{"id":9627,"name":"Submarino Amarillo","slug":"submarino-amarillo-val","acf":null},{"id":9203,"name":"Villarreal CF","slug":"villarreal-cf-val","acf":null}],"translation_priority":[{"id":735,"name":"Optional","slug":"optional-val","acf":null}]},"seo_full":{"native":{"title":"Pau Navarro, treball, paci\u00e8ncia i determinaci\u00f3 - Web Oficial del Villarreal CF","description":"El joven jugador de La Vilavella, ya con dorsal del primer equipo, es un ejemplo para todos los canteranos del club","canonical":"https:\/\/villarrealcf.es\/val\/pau-navarro-treball-paciencia-i-determinacio\/"}},"_links":{"self":[{"href":"https:\/\/villarrealcf.es\/val\/wp-json\/wp\/v2\/posts\/620208","targetHints":{"allow":["GET"]}}],"collection":[{"href":"https:\/\/villarrealcf.es\/val\/wp-json\/wp\/v2\/posts"}],"about":[{"href":"https:\/\/villarrealcf.es\/val\/wp-json\/wp\/v2\/types\/post"}],"author":[{"embeddable":true,"href":"https:\/\/villarrealcf.es\/val\/wp-json\/wp\/v2\/users\/25"}],"replies":[{"embeddable":true,"href":"https:\/\/villarrealcf.es\/val\/wp-json\/wp\/v2\/comments?post=620208"}],"version-history":[{"count":1,"href":"https:\/\/villarrealcf.es\/val\/wp-json\/wp\/v2\/posts\/620208\/revisions"}],"predecessor-version":[{"id":620211,"href":"https:\/\/villarrealcf.es\/val\/wp-json\/wp\/v2\/posts\/620208\/revisions\/620211"}],"wp:featuredmedia":[{"embeddable":true,"href":"https:\/\/villarrealcf.es\/val\/wp-json\/wp\/v2\/media\/620195"}],"wp:attachment":[{"href":"https:\/\/villarrealcf.es\/val\/wp-json\/wp\/v2\/media?parent=620208"}],"wp:term":[{"taxonomy":"category","embeddable":true,"href":"https:\/\/villarrealcf.es\/val\/wp-json\/wp\/v2\/categories?post=620208"},{"taxonomy":"post_tag","embeddable":true,"href":"https:\/\/villarrealcf.es\/val\/wp-json\/wp\/v2\/tags?post=620208"}],"curies":[{"name":"wp","href":"https:\/\/api.w.org\/{rel}","templated":true}]}}