{"id":619300,"date":"2026-01-29T12:48:27","date_gmt":"2026-01-29T11:48:27","guid":{"rendered":"https:\/\/villarrealcf.es\/horario-confirmado-para-el-getafe-villarreal-2\/"},"modified":"2026-02-06T15:42:18","modified_gmt":"2026-02-06T14:42:18","slug":"horari-confirmat-per-al-getafe-villarreal-2","status":"publish","type":"post","link":"https:\/\/villarrealcf.es\/val\/horari-confirmat-per-al-getafe-villarreal-2\/","title":{"rendered":"Horari confirmat per al Getafe-Villarreal"},"content":{"protected":false,"blocks":[{"type":"heading","level":2,"text":"El partit davant els \u2018azulones\u2019 es disputar\u00e0 el dissabte 14 de febrer, a les 16.15 hores"},{"type":"paragraph","text":"El Villarreal CF ja coneix l\u2019horari del partit corresponent a la jornada 24 de LALIGA EA Sports. Els groguets visitaran el Coliseum per a disputar un emocionant partit davant el Getafe CF el dissabte 14 de febrer, a les 16.15 hores."},{"type":"paragraph","text":"Per televisi\u00f3, el partit es podr\u00e0 seguir en directe a trav\u00e9s de DAZN."}],"structured":{"summary":{"text":"El partit davant els \u2018azulones\u2019 es disputar\u00e0 el dissabte 14 de febrer, a les 16.15 hores El Villarreal CF ja coneix l\u2019horari del partit corresponent a la jornada 24 de LALIGA EA Sports. Els groguets visitaran el Coliseum per a disputar un emocionant partit davant el Getafe CF el dissabte 14 de febrer, a les 16.15 hores. Per televisi\u00f3, el partit es podr\u00e0 seguir en directe a trav\u00e9s de DAZN.","headings":[{"type":"heading","level":2,"text":"El partit davant els \u2018azulones\u2019 es disputar\u00e0 el dissabte 14 de febrer, a les 16.15 hores"}],"buttons":[],"images":[],"counts":{"blocks":3,"headings":1,"texts":2,"buttons":0,"images":0}},"sections":[{"id":"section-1","title":"El partit davant els \u2018azulones\u2019 es disputar\u00e0 el dissabte 14 de febrer, a les 16.15 hores","text":"El partit davant els \u2018azulones\u2019 es disputar\u00e0 el dissabte 14 de febrer, a les 16.15 hores El Villarreal CF ja coneix l\u2019horari del partit corresponent a la jornada 24 de LALIGA EA Sports. Els groguets visitaran el Coliseum per a disputar un emocionant partit davant el Getafe CF el dissabte 14 de febrer, a les 16.15 hores. Per televisi\u00f3, el partit es podr\u00e0 seguir en directe a trav\u00e9s de DAZN.","headings":[{"type":"heading","level":2,"text":"El partit davant els \u2018azulones\u2019 es disputar\u00e0 el dissabte 14 de febrer, a les 16.15 hores"}],"texts":[{"type":"paragraph","text":"El Villarreal CF ja coneix l\u2019horari del partit corresponent a la jornada 24 de LALIGA EA Sports. Els groguets visitaran el Coliseum per a disputar un emocionant partit davant el Getafe CF el dissabte 14 de febrer, a les 16.15 hores."},{"type":"paragraph","text":"Per televisi\u00f3, el partit es podr\u00e0 seguir en directe a trav\u00e9s de DAZN."}],"buttons":[],"images":[],"widgets":[],"blocks":[{"type":"heading","level":2,"text":"El partit davant els \u2018azulones\u2019 es disputar\u00e0 el dissabte 14 de febrer, a les 16.15 hores"},{"type":"paragraph","text":"El Villarreal CF ja coneix l\u2019horari del partit corresponent a la jornada 24 de LALIGA EA Sports. Els groguets visitaran el Coliseum per a disputar un emocionant partit davant el Getafe CF el dissabte 14 de febrer, a les 16.15 hores."},{"type":"paragraph","text":"Per televisi\u00f3, el partit es podr\u00e0 seguir en directe a trav\u00e9s de DAZN."}]}],"hero":{"id":"section-1","title":"El partit davant els \u2018azulones\u2019 es disputar\u00e0 el dissabte 14 de febrer, a les 16.15 hores","text":"El partit davant els \u2018azulones\u2019 es disputar\u00e0 el dissabte 14 de febrer, a les 16.15 hores El Villarreal CF ja coneix l\u2019horari del partit corresponent a la jornada 24 de LALIGA EA Sports. Els groguets visitaran el Coliseum per a disputar un emocionant partit davant el Getafe CF el dissabte 14 de febrer, a les 16.15 hores. Per televisi\u00f3, el partit es podr\u00e0 seguir en directe a trav\u00e9s de DAZN.","headings":[{"type":"heading","level":2,"text":"El partit davant els \u2018azulones\u2019 es disputar\u00e0 el dissabte 14 de febrer, a les 16.15 hores"}],"texts":[{"type":"paragraph","text":"El Villarreal CF ja coneix l\u2019horari del partit corresponent a la jornada 24 de LALIGA EA Sports. Els groguets visitaran el Coliseum per a disputar un emocionant partit davant el Getafe CF el dissabte 14 de febrer, a les 16.15 hores."},{"type":"paragraph","text":"Per televisi\u00f3, el partit es podr\u00e0 seguir en directe a trav\u00e9s de DAZN."}],"buttons":[],"images":[],"widgets":[],"blocks":[{"type":"heading","level":2,"text":"El partit davant els \u2018azulones\u2019 es disputar\u00e0 el dissabte 14 de febrer, a les 16.15 hores"},{"type":"paragraph","text":"El Villarreal CF ja coneix l\u2019horari del partit corresponent a la jornada 24 de LALIGA EA Sports. Els groguets visitaran el Coliseum per a disputar un emocionant partit davant el Getafe CF el dissabte 14 de febrer, a les 16.15 hores."},{"type":"paragraph","text":"Per televisi\u00f3, el partit es podr\u00e0 seguir en directe a trav\u00e9s de DAZN."}]}},"sections":[{"id":"section-1","title":"El partit davant els \u2018azulones\u2019 es disputar\u00e0 el dissabte 14 de febrer, a les 16.15 hores","text":"El partit davant els \u2018azulones\u2019 es disputar\u00e0 el dissabte 14 de febrer, a les 16.15 hores El Villarreal CF ja coneix l\u2019horari del partit corresponent a la jornada 24 de LALIGA EA Sports. Els groguets visitaran el Coliseum per a disputar un emocionant partit davant el Getafe CF el dissabte 14 de febrer, a les 16.15 hores. Per televisi\u00f3, el partit es podr\u00e0 seguir en directe a trav\u00e9s de DAZN.","url":"","background_image":"","images":[],"videos":[],"links":[]}]},"excerpt":{"rendered":"El partit davant els &#8216;azulones&#8217; es disputar\u00e0 el dissabte 14 de febrer, a les 16.15 hores","protected":false},"author":29,"featured_media":619296,"comment_status":"closed","ping_status":"closed","sticky":false,"template":"","format":"standard","meta":{"_acf_changed":false,"footnotes":""},"categories":[13493,13493],"tags":[717,13555,9717,11150,14765,9278,716,9205,13556,13557],"acf":null,"lang":"val","translations":{"es":619287,"en":619299,"val":619300},"essential_grid":{"has_grid":false},"formatted_date":"January 29, 2026","modified_date":"February 6, 2026","permalink":"https:\/\/villarrealcf.es\/val\/horari-confirmat-per-al-getafe-villarreal-2\/","reading_time":1,"featured_media_data":{"id":619296,"title":"horario","caption":"","alt_text":"","description":"","mime_type":"image\/jpeg","source_url":"https:\/\/villarrealcf.es\/wp-content\/uploads\/2026\/01\/horario.jpg","sizes":{"thumbnail":{"url":"https:\/\/villarrealcf.es\/wp-content\/uploads\/2026\/01\/horario.jpg","width":1920,"height":1080},"medium":{"url":"https:\/\/villarrealcf.es\/wp-content\/uploads\/2026\/01\/horario.jpg","width":1920,"height":1080},"medium_large":{"url":"https:\/\/villarrealcf.es\/wp-content\/uploads\/2026\/01\/horario-768x432.jpg","width":768,"height":432},"large":{"url":"https:\/\/villarrealcf.es\/wp-content\/uploads\/2026\/01\/horario.jpg","width":788,"height":443},"1536x1536":{"url":"https:\/\/villarrealcf.es\/wp-content\/uploads\/2026\/01\/horario-1536x864.jpg","width":1536,"height":864},"2048x2048":{"url":"https:\/\/villarrealcf.es\/wp-content\/uploads\/2026\/01\/horario.jpg","width":1920,"height":1080},"tp-image-grid":{"url":"https:\/\/villarrealcf.es\/wp-content\/uploads\/2026\/01\/horario-700x700.jpg","width":700,"height":700},"size-bunyad-medium":{"url":"https:\/\/villarrealcf.es\/wp-content\/uploads\/2026\/01\/horario.jpg","width":1920,"height":1080},"sportspress-crop-medium":{"url":"https:\/\/villarrealcf.es\/wp-content\/uploads\/2026\/01\/horario-300x300.jpg","width":300,"height":300},"sportspress-fit-medium":{"url":"https:\/\/villarrealcf.es\/wp-content\/uploads\/2026\/01\/horario-300x169.jpg","width":300,"height":169},"sportspress-fit-icon":{"url":"https:\/\/villarrealcf.es\/wp-content\/uploads\/2026\/01\/horario-128x72.jpg","width":128,"height":72},"sportspress-fit-mini":{"url":"https:\/\/villarrealcf.es\/wp-content\/uploads\/2026\/01\/horario-32x18.jpg","width":32,"height":18},"bunyad-small":{"url":"https:\/\/villarrealcf.es\/wp-content\/uploads\/2026\/01\/horario-150x84.jpg","width":150,"height":84},"bunyad-medium":{"url":"https:\/\/villarrealcf.es\/wp-content\/uploads\/2026\/01\/horario-450x253.jpg","width":450,"height":253},"bunyad-full":{"url":"https:\/\/villarrealcf.es\/wp-content\/uploads\/2026\/01\/horario-1200x675.jpg","width":1200,"height":675},"bunyad-viewport":{"url":"https:\/\/villarrealcf.es\/wp-content\/uploads\/2026\/01\/horario.jpg","width":1920,"height":1080},"bunyad-768":{"url":"https:\/\/villarrealcf.es\/wp-content\/uploads\/2026\/01\/horario-768x432.jpg","width":768,"height":432},"full":{"url":"https:\/\/villarrealcf.es\/wp-content\/uploads\/2026\/01\/horario.jpg","width":1920,"height":1080}}},"author_data":{"id":"29","name":"Azahara Beroy","first_name":"Azahara","last_name":"Beroy","description":"","avatar_url":"https:\/\/secure.gravatar.com\/avatar\/91b979a91a1925e60814719244bbf7824af58ced5a6e2130c2611bde24439aa7?s=96&d=mm&r=g","acf":null},"taxonomies_data":{"category":[{"id":13493,"name":"Primer equip","slug":"primer-equip","acf":null},{"id":13493,"name":"Primer equip","slug":"primer-equip","acf":null}],"post_tag":[{"id":717,"name":"Football","slug":"football-d34","acf":null},{"id":13555,"name":"Futbol","slug":"futbol-val-2","acf":null},{"id":9717,"name":"Getafe CF","slug":"getafe-cf-val","acf":null},{"id":11150,"name":"Horario","slug":"horario-val","acf":null},{"id":14765,"name":"LaLiga EA Sports","slug":"laliga-ea-sports-val","acf":null},{"id":9278,"name":"primera division","slug":"primera-division-val","acf":null},{"id":716,"name":"Soccer","slug":"soccer-d105","acf":null},{"id":9205,"name":"Submarino","slug":"submarino-val","acf":null},{"id":13556,"name":"Submarino Amarillo","slug":"submarino-amarillo-val-2","acf":null},{"id":13557,"name":"Villarreal CF","slug":"villarreal-cf-val-2","acf":null}],"translation_priority":[{"id":735,"name":"Optional","slug":"optional-val","acf":null}]},"seo_full":{"native":{"title":"Horari confirmat per al Getafe-Villarreal - Web Oficial del Villarreal CF","description":"El partit davant els 'azulones' es disputar\u00e0 el dissabte 14 de febrer, a les 16.15 hores","canonical":"https:\/\/villarrealcf.es\/val\/horari-confirmat-per-al-getafe-villarreal-2\/"}},"_links":{"self":[{"href":"https:\/\/villarrealcf.es\/val\/wp-json\/wp\/v2\/posts\/619300","targetHints":{"allow":["GET"]}}],"collection":[{"href":"https:\/\/villarrealcf.es\/val\/wp-json\/wp\/v2\/posts"}],"about":[{"href":"https:\/\/villarrealcf.es\/val\/wp-json\/wp\/v2\/types\/post"}],"author":[{"embeddable":true,"href":"https:\/\/villarrealcf.es\/val\/wp-json\/wp\/v2\/users\/29"}],"replies":[{"embeddable":true,"href":"https:\/\/villarrealcf.es\/val\/wp-json\/wp\/v2\/comments?post=619300"}],"version-history":[{"count":2,"href":"https:\/\/villarrealcf.es\/val\/wp-json\/wp\/v2\/posts\/619300\/revisions"}],"predecessor-version":[{"id":620568,"href":"https:\/\/villarrealcf.es\/val\/wp-json\/wp\/v2\/posts\/619300\/revisions\/620568"}],"wp:featuredmedia":[{"embeddable":true,"href":"https:\/\/villarrealcf.es\/val\/wp-json\/wp\/v2\/media\/619296"}],"wp:attachment":[{"href":"https:\/\/villarrealcf.es\/val\/wp-json\/wp\/v2\/media?parent=619300"}],"wp:term":[{"taxonomy":"category","embeddable":true,"href":"https:\/\/villarrealcf.es\/val\/wp-json\/wp\/v2\/categories?post=619300"},{"taxonomy":"post_tag","embeddable":true,"href":"https:\/\/villarrealcf.es\/val\/wp-json\/wp\/v2\/tags?post=619300"}],"curies":[{"name":"wp","href":"https:\/\/api.w.org\/{rel}","templated":true}]}}