{"id":618582,"date":"2026-01-24T23:18:25","date_gmt":"2026-01-24T22:18:25","guid":{"rendered":"https:\/\/villarrealcf.es\/homenaje-a-pape-gueye-por-la-consecucion-de-la-copa-africa\/"},"modified":"2026-01-24T23:21:42","modified_gmt":"2026-01-24T22:21:42","slug":"homenatge-a-pape-gueye-per-la-consecucio-de-la-copa-africa","status":"publish","type":"post","link":"https:\/\/villarrealcf.es\/val\/homenatge-a-pape-gueye-per-la-consecucio-de-la-copa-africa\/","title":{"rendered":"Homenatge a Pape Gueye per la consecuci\u00f3 de la Copa \u00c0frica"},"content":{"protected":false,"blocks":[{"type":"heading","level":2,"text":"Marcos Senna li ha entregat una bota de cer\u00e0mica al centrecampista senegal\u00e9s, heroi de la final davant el Marroc"},{"type":"paragraph","text":"El Villarreal CF va preparar un bonic homenatge a Pape Gueye per la recent consecuci\u00f3 de la Copa \u00c0frica amb el Senegal. El futbolista senegal\u00e9s, que va mostrar la medalla i el trofeu de campi\u00f3 del torneig, va rebre una merescuda ovaci\u00f3 per part de l\u2019afici\u00f3 del Villarreal CF sobre la gespa de l\u2019Estadio de la Cer\u00e1mica, en els proleg\u00f2mens de l\u2019enfrontament davant els blancs."},{"type":"paragraph","text":"L\u2019ambaixador del club, Marcos Senna, li va fer entrega d\u2019una bota de cer\u00e0mica com a reconeixement a la seua gran actuaci\u00f3 amb el Senegal, amb el qual no sols es va proclamar campi\u00f3 continental, sin\u00f3 que tamb\u00e9 es va erigir en el gran protagonista de la final amb el seu gol\u00e0s davant el Marroc a Rabat."}],"structured":{"summary":{"text":"Marcos Senna li ha entregat una bota de cer\u00e0mica al centrecampista senegal\u00e9s, heroi de la final davant el Marroc El Villarreal CF va preparar un bonic homenatge a Pape Gueye per la recent consecuci\u00f3 de la Copa \u00c0frica amb el Senegal. El futbolista senegal\u00e9s, que va mostrar la medalla i el trofeu de campi\u00f3 del torneig, va rebre una merescuda ovaci\u00f3 per part de l\u2019afici\u00f3 del Villarreal CF sobre la gespa de l\u2019Estadio de la Cer\u00e1mica, en els proleg\u00f2mens de l\u2019enfrontament davant els blancs. L\u2019ambaixador del club, Marcos Senna, li va fer entrega d\u2019una bota de cer\u00e0mica com a reconeixement a la seua gran actuaci\u00f3 amb el Senegal, amb el qual no sols es va proclamar campi\u00f3 continental, sin\u00f3 que tamb\u00e9 es va erigir en el gran protagonista de la final amb el seu gol\u00e0s davant el Marroc a Rabat.","headings":[{"type":"heading","level":2,"text":"Marcos Senna li ha entregat una bota de cer\u00e0mica al centrecampista senegal\u00e9s, heroi de la final davant el Marroc"}],"buttons":[],"images":[],"counts":{"blocks":3,"headings":1,"texts":2,"buttons":0,"images":0}},"sections":[{"id":"section-1","title":"Marcos Senna li ha entregat una bota de cer\u00e0mica al centrecampista senegal\u00e9s, heroi de la final davant el Marroc","text":"Marcos Senna li ha entregat una bota de cer\u00e0mica al centrecampista senegal\u00e9s, heroi de la final davant el Marroc El Villarreal CF va preparar un bonic homenatge a Pape Gueye per la recent consecuci\u00f3 de la Copa \u00c0frica amb el Senegal. El futbolista senegal\u00e9s, que va mostrar la medalla i el trofeu de campi\u00f3 del torneig, va rebre una merescuda ovaci\u00f3 per part de l\u2019afici\u00f3 del Villarreal CF sobre la gespa de l\u2019Estadio de la Cer\u00e1mica, en els proleg\u00f2mens de l\u2019enfrontament davant els blancs. L\u2019ambaixador del club, Marcos Senna, li va fer entrega d\u2019una bota de cer\u00e0mica com a reconeixement a la seua gran actuaci\u00f3 amb el Senegal, amb el qual no sols es va proclamar campi\u00f3 continental, sin\u00f3 que tamb\u00e9 es va erigir en el gran protagonista de la final amb el seu gol\u00e0s davant el Marroc a Rabat.","headings":[{"type":"heading","level":2,"text":"Marcos Senna li ha entregat una bota de cer\u00e0mica al centrecampista senegal\u00e9s, heroi de la final davant el Marroc"}],"texts":[{"type":"paragraph","text":"El Villarreal CF va preparar un bonic homenatge a Pape Gueye per la recent consecuci\u00f3 de la Copa \u00c0frica amb el Senegal. El futbolista senegal\u00e9s, que va mostrar la medalla i el trofeu de campi\u00f3 del torneig, va rebre una merescuda ovaci\u00f3 per part de l\u2019afici\u00f3 del Villarreal CF sobre la gespa de l\u2019Estadio de la Cer\u00e1mica, en els proleg\u00f2mens de l\u2019enfrontament davant els blancs."},{"type":"paragraph","text":"L\u2019ambaixador del club, Marcos Senna, li va fer entrega d\u2019una bota de cer\u00e0mica com a reconeixement a la seua gran actuaci\u00f3 amb el Senegal, amb el qual no sols es va proclamar campi\u00f3 continental, sin\u00f3 que tamb\u00e9 es va erigir en el gran protagonista de la final amb el seu gol\u00e0s davant el Marroc a Rabat."}],"buttons":[],"images":[],"widgets":[],"blocks":[{"type":"heading","level":2,"text":"Marcos Senna li ha entregat una bota de cer\u00e0mica al centrecampista senegal\u00e9s, heroi de la final davant el Marroc"},{"type":"paragraph","text":"El Villarreal CF va preparar un bonic homenatge a Pape Gueye per la recent consecuci\u00f3 de la Copa \u00c0frica amb el Senegal. El futbolista senegal\u00e9s, que va mostrar la medalla i el trofeu de campi\u00f3 del torneig, va rebre una merescuda ovaci\u00f3 per part de l\u2019afici\u00f3 del Villarreal CF sobre la gespa de l\u2019Estadio de la Cer\u00e1mica, en els proleg\u00f2mens de l\u2019enfrontament davant els blancs."},{"type":"paragraph","text":"L\u2019ambaixador del club, Marcos Senna, li va fer entrega d\u2019una bota de cer\u00e0mica com a reconeixement a la seua gran actuaci\u00f3 amb el Senegal, amb el qual no sols es va proclamar campi\u00f3 continental, sin\u00f3 que tamb\u00e9 es va erigir en el gran protagonista de la final amb el seu gol\u00e0s davant el Marroc a Rabat."}]}],"hero":{"id":"section-1","title":"Marcos Senna li ha entregat una bota de cer\u00e0mica al centrecampista senegal\u00e9s, heroi de la final davant el Marroc","text":"Marcos Senna li ha entregat una bota de cer\u00e0mica al centrecampista senegal\u00e9s, heroi de la final davant el Marroc El Villarreal CF va preparar un bonic homenatge a Pape Gueye per la recent consecuci\u00f3 de la Copa \u00c0frica amb el Senegal. El futbolista senegal\u00e9s, que va mostrar la medalla i el trofeu de campi\u00f3 del torneig, va rebre una merescuda ovaci\u00f3 per part de l\u2019afici\u00f3 del Villarreal CF sobre la gespa de l\u2019Estadio de la Cer\u00e1mica, en els proleg\u00f2mens de l\u2019enfrontament davant els blancs. L\u2019ambaixador del club, Marcos Senna, li va fer entrega d\u2019una bota de cer\u00e0mica com a reconeixement a la seua gran actuaci\u00f3 amb el Senegal, amb el qual no sols es va proclamar campi\u00f3 continental, sin\u00f3 que tamb\u00e9 es va erigir en el gran protagonista de la final amb el seu gol\u00e0s davant el Marroc a Rabat.","headings":[{"type":"heading","level":2,"text":"Marcos Senna li ha entregat una bota de cer\u00e0mica al centrecampista senegal\u00e9s, heroi de la final davant el Marroc"}],"texts":[{"type":"paragraph","text":"El Villarreal CF va preparar un bonic homenatge a Pape Gueye per la recent consecuci\u00f3 de la Copa \u00c0frica amb el Senegal. El futbolista senegal\u00e9s, que va mostrar la medalla i el trofeu de campi\u00f3 del torneig, va rebre una merescuda ovaci\u00f3 per part de l\u2019afici\u00f3 del Villarreal CF sobre la gespa de l\u2019Estadio de la Cer\u00e1mica, en els proleg\u00f2mens de l\u2019enfrontament davant els blancs."},{"type":"paragraph","text":"L\u2019ambaixador del club, Marcos Senna, li va fer entrega d\u2019una bota de cer\u00e0mica com a reconeixement a la seua gran actuaci\u00f3 amb el Senegal, amb el qual no sols es va proclamar campi\u00f3 continental, sin\u00f3 que tamb\u00e9 es va erigir en el gran protagonista de la final amb el seu gol\u00e0s davant el Marroc a Rabat."}],"buttons":[],"images":[],"widgets":[],"blocks":[{"type":"heading","level":2,"text":"Marcos Senna li ha entregat una bota de cer\u00e0mica al centrecampista senegal\u00e9s, heroi de la final davant el Marroc"},{"type":"paragraph","text":"El Villarreal CF va preparar un bonic homenatge a Pape Gueye per la recent consecuci\u00f3 de la Copa \u00c0frica amb el Senegal. El futbolista senegal\u00e9s, que va mostrar la medalla i el trofeu de campi\u00f3 del torneig, va rebre una merescuda ovaci\u00f3 per part de l\u2019afici\u00f3 del Villarreal CF sobre la gespa de l\u2019Estadio de la Cer\u00e1mica, en els proleg\u00f2mens de l\u2019enfrontament davant els blancs."},{"type":"paragraph","text":"L\u2019ambaixador del club, Marcos Senna, li va fer entrega d\u2019una bota de cer\u00e0mica com a reconeixement a la seua gran actuaci\u00f3 amb el Senegal, amb el qual no sols es va proclamar campi\u00f3 continental, sin\u00f3 que tamb\u00e9 es va erigir en el gran protagonista de la final amb el seu gol\u00e0s davant el Marroc a Rabat."}]}},"sections":[{"id":"section-1","title":"Marcos Senna li ha entregat una bota de cer\u00e0mica al centrecampista senegal\u00e9s, heroi de la final davant el Marroc","text":"Marcos Senna li ha entregat una bota de cer\u00e0mica al centrecampista senegal\u00e9s, heroi de la final davant el Marroc El Villarreal CF va preparar un bonic homenatge a Pape Gueye per la recent consecuci\u00f3 de la Copa \u00c0frica amb el Senegal. El futbolista senegal\u00e9s, que va mostrar la medalla i el trofeu de campi\u00f3 del torneig, va rebre una merescuda ovaci\u00f3 per part de l\u2019afici\u00f3 del Villarreal CF sobre la gespa de l\u2019Estadio de la Cer\u00e1mica, en els proleg\u00f2mens de l\u2019enfrontament davant els blancs. L\u2019ambaixador del club, Marcos Senna, li va fer entrega d\u2019una bota de cer\u00e0mica com a reconeixement a la seua gran actuaci\u00f3 amb el Senegal, amb el qual no sols es va proclamar campi\u00f3 continental, sin\u00f3 que tamb\u00e9 es va erigir en el gran protagonista de la final amb el seu gol\u00e0s davant el Marroc a Rabat.","url":"","background_image":"","images":[],"videos":[],"links":[]}]},"excerpt":{"rendered":"Marcos Senna li ha entregat una bota de cer\u00e0mica al centrecampista senegal\u00e9s, heroi de la final davant el Marroc","protected":false},"author":25,"featured_media":618580,"comment_status":"closed","ping_status":"closed","sticky":false,"template":"","format":"standard","meta":{"_acf_changed":false,"footnotes":""},"categories":[13493,13493],"tags":[11429,9270,9673,9874,15773,9278,14593,716,9205,9627,9203],"acf":null,"lang":"val","translations":{"es":618577,"val":618582,"en":618583},"essential_grid":{"has_grid":false},"formatted_date":"January 24, 2026","modified_date":"January 24, 2026","permalink":"https:\/\/villarrealcf.es\/val\/homenatge-a-pape-gueye-per-la-consecucio-de-la-copa-africa\/","reading_time":1,"featured_media_data":{"id":618580,"title":"papegueye","caption":"","alt_text":"","description":"","mime_type":"image\/jpeg","source_url":"https:\/\/villarrealcf.es\/wp-content\/uploads\/2026\/01\/papegueye.jpg","sizes":{"thumbnail":{"url":"https:\/\/villarrealcf.es\/wp-content\/uploads\/2026\/01\/papegueye.jpg","width":1920,"height":1080},"medium":{"url":"https:\/\/villarrealcf.es\/wp-content\/uploads\/2026\/01\/papegueye.jpg","width":1920,"height":1080},"medium_large":{"url":"https:\/\/villarrealcf.es\/wp-content\/uploads\/2026\/01\/papegueye-768x432.jpg","width":768,"height":432},"large":{"url":"https:\/\/villarrealcf.es\/wp-content\/uploads\/2026\/01\/papegueye.jpg","width":788,"height":443},"1536x1536":{"url":"https:\/\/villarrealcf.es\/wp-content\/uploads\/2026\/01\/papegueye-1536x864.jpg","width":1536,"height":864},"2048x2048":{"url":"https:\/\/villarrealcf.es\/wp-content\/uploads\/2026\/01\/papegueye.jpg","width":1920,"height":1080},"tp-image-grid":{"url":"https:\/\/villarrealcf.es\/wp-content\/uploads\/2026\/01\/papegueye-700x700.jpg","width":700,"height":700},"size-bunyad-medium":{"url":"https:\/\/villarrealcf.es\/wp-content\/uploads\/2026\/01\/papegueye.jpg","width":1920,"height":1080},"sportspress-crop-medium":{"url":"https:\/\/villarrealcf.es\/wp-content\/uploads\/2026\/01\/papegueye-300x300.jpg","width":300,"height":300},"sportspress-fit-medium":{"url":"https:\/\/villarrealcf.es\/wp-content\/uploads\/2026\/01\/papegueye-300x169.jpg","width":300,"height":169},"sportspress-fit-icon":{"url":"https:\/\/villarrealcf.es\/wp-content\/uploads\/2026\/01\/papegueye-128x72.jpg","width":128,"height":72},"sportspress-fit-mini":{"url":"https:\/\/villarrealcf.es\/wp-content\/uploads\/2026\/01\/papegueye-32x18.jpg","width":32,"height":18},"bunyad-small":{"url":"https:\/\/villarrealcf.es\/wp-content\/uploads\/2026\/01\/papegueye-150x84.jpg","width":150,"height":84},"bunyad-medium":{"url":"https:\/\/villarrealcf.es\/wp-content\/uploads\/2026\/01\/papegueye-450x253.jpg","width":450,"height":253},"bunyad-full":{"url":"https:\/\/villarrealcf.es\/wp-content\/uploads\/2026\/01\/papegueye-1200x675.jpg","width":1200,"height":675},"bunyad-viewport":{"url":"https:\/\/villarrealcf.es\/wp-content\/uploads\/2026\/01\/papegueye.jpg","width":1920,"height":1080},"bunyad-768":{"url":"https:\/\/villarrealcf.es\/wp-content\/uploads\/2026\/01\/papegueye-768x432.jpg","width":768,"height":432},"full":{"url":"https:\/\/villarrealcf.es\/wp-content\/uploads\/2026\/01\/papegueye.jpg","width":1920,"height":1080}}},"author_data":{"id":"25","name":"Javier Ayuso","first_name":"Javier","last_name":"Ayuso","description":"","avatar_url":"https:\/\/secure.gravatar.com\/avatar\/fcf8894be45988fcce5bbff0efe1790d2a7f4ba57e2c7c898f5068154e696495?s=96&d=mm&r=g","acf":null},"taxonomies_data":{"category":[{"id":13493,"name":"Primer equip","slug":"primer-equip","acf":null},{"id":13493,"name":"Primer equip","slug":"primer-equip","acf":null}],"post_tag":[{"id":11429,"name":"Estadio de la Cer\u00e1mica","slug":"estadio-de-la-ceramica-val","acf":null},{"id":9270,"name":"Futbol","slug":"futbol-val","acf":null},{"id":9673,"name":"Homenaje","slug":"homenaje-val","acf":null},{"id":9874,"name":"Marcos Senna","slug":"marcos-senna-val","acf":null},{"id":15773,"name":"Pape Gueye","slug":"pape-gueye-val","acf":null},{"id":9278,"name":"primera division","slug":"primera-division-val","acf":null},{"id":14593,"name":"Senegal","slug":"senegal-2-val","acf":null},{"id":716,"name":"Soccer","slug":"soccer-d105","acf":null},{"id":9205,"name":"Submarino","slug":"submarino-val","acf":null},{"id":9627,"name":"Submarino Amarillo","slug":"submarino-amarillo-val","acf":null},{"id":9203,"name":"Villarreal CF","slug":"villarreal-cf-val","acf":null}],"translation_priority":[{"id":735,"name":"Optional","slug":"optional-val","acf":null}]},"seo_full":{"native":{"title":"Homenatge a Pape Gueye per la consecuci\u00f3 de la Copa \u00c0frica - Web Oficial del Villarreal CF","description":"Marcos Senna li ha entregat una bota de cer\u00e0mica al centrecampista senegal\u00e9s, heroi de la final davant el Marroc","canonical":"https:\/\/villarrealcf.es\/val\/homenatge-a-pape-gueye-per-la-consecucio-de-la-copa-africa\/"}},"_links":{"self":[{"href":"https:\/\/villarrealcf.es\/val\/wp-json\/wp\/v2\/posts\/618582","targetHints":{"allow":["GET"]}}],"collection":[{"href":"https:\/\/villarrealcf.es\/val\/wp-json\/wp\/v2\/posts"}],"about":[{"href":"https:\/\/villarrealcf.es\/val\/wp-json\/wp\/v2\/types\/post"}],"author":[{"embeddable":true,"href":"https:\/\/villarrealcf.es\/val\/wp-json\/wp\/v2\/users\/25"}],"replies":[{"embeddable":true,"href":"https:\/\/villarrealcf.es\/val\/wp-json\/wp\/v2\/comments?post=618582"}],"version-history":[{"count":1,"href":"https:\/\/villarrealcf.es\/val\/wp-json\/wp\/v2\/posts\/618582\/revisions"}],"predecessor-version":[{"id":618586,"href":"https:\/\/villarrealcf.es\/val\/wp-json\/wp\/v2\/posts\/618582\/revisions\/618586"}],"wp:featuredmedia":[{"embeddable":true,"href":"https:\/\/villarrealcf.es\/val\/wp-json\/wp\/v2\/media\/618580"}],"wp:attachment":[{"href":"https:\/\/villarrealcf.es\/val\/wp-json\/wp\/v2\/media?parent=618582"}],"wp:term":[{"taxonomy":"category","embeddable":true,"href":"https:\/\/villarrealcf.es\/val\/wp-json\/wp\/v2\/categories?post=618582"},{"taxonomy":"post_tag","embeddable":true,"href":"https:\/\/villarrealcf.es\/val\/wp-json\/wp\/v2\/tags?post=618582"}],"curies":[{"name":"wp","href":"https:\/\/api.w.org\/{rel}","templated":true}]}}