{"id":618405,"date":"2026-01-22T12:10:22","date_gmt":"2026-01-22T11:10:22","guid":{"rendered":"https:\/\/villarrealcf.es\/pape-gueye-regresa-triunfador\/"},"modified":"2026-01-22T17:48:04","modified_gmt":"2026-01-22T16:48:04","slug":"pape-gueye-torna-triomfant-a-vila-real","status":"publish","type":"post","link":"https:\/\/villarrealcf.es\/val\/pape-gueye-torna-triomfant-a-vila-real\/","title":{"rendered":"Pape Gueye torna triomfant a Vila-real"},"content":{"protected":false,"blocks":[{"type":"heading","level":2,"text":"El migcampista groguet s\u2019ha incorporat aquest dijous de nou als entrenaments del Villarreal despr\u00e9s d\u2019haver al\u00e7at la Copa \u00c0frica"},{"type":"paragraph","text":"Pape Gueye ha tornat aquest dijous a les files de l\u2019equip groguet despr\u00e9s d\u2019al\u00e7ar el t\u00edtol de l\u2019AFCON amb el Senegal. El futbolista senegal\u00e9s s\u2019exercitar\u00e0 aquest dijous amb els seus companys per a preparar el pr\u00f2xim partit dels groguets davant el Real Madrid, que es disputar\u00e0 aquest dissabte, a les 21.00 hores, a l\u2019Estadio de la Cer\u00e1mica."},{"type":"paragraph","text":"A la seua arribada a la Ciutat Esportiva Jos\u00e9 Manuel Llaneza, els seus companys d\u2019equip li han brindat una c\u00e0lida benvinguda despr\u00e9s del seu fant\u00e0stic trofeu continental."},{"type":"heading","level":2,"text":"Homenatge en la pr\u00e8via davant el Real Madrid"},{"type":"paragraph","text":"El Villarreal CF ret homenatge a Pape Gueye per la consecuci\u00f3 de la Copa \u00c0frica durant la pr\u00e8via del partit davant el Real Madrid (dissabte, 21.00h). En els proleg\u00f2mens, sobre la gespa, Marcos Senna far\u00e0 entrega d\u2019un detall institucional al futbolista senegal\u00e9s, mentre rep una merescuda ovaci\u00f3 per part de l\u2019afici\u00f3 del Submar\u00ed."},{"type":"heading","level":3,"text":"Heroi de la gran final a Rabat"},{"type":"paragraph","text":"Pape Gueye va ser el gran protagonista de la final. Un partit molt disputat i amb molts moments de tensi\u00f3 en el qual, despr\u00e9s d\u2019un penal fallat per la selecci\u00f3 marroquina en el temps de descompte, el senegal\u00e9s del Villarreal, Pape Gueye, ja en la pr\u00f2rroga, va fer caure la porteria rival en el minut 94 amb un aut\u00e8ntic gol\u00e0s digne d\u2019una final."},{"type":"paragraph","text":"I \u00e9s que aquest gol va ser la cirereta del past\u00eds d\u2019una competici\u00f3 incre\u00efble del migcampista groguet. Va disputar sis dels set partits que va jugar la selecci\u00f3 del Senegal, 506 minuts en total, i se\u2019n va anar amb tres gols: un en la final davant el Marroc i dos en els huitens de final contra el Sudan. Sens dubte, Pape va ser un jugador clau per a la selecci\u00f3 senegalesa en el seu cam\u00ed i culminaci\u00f3 de la Copa \u00c0frica."},{"type":"paragraph","text":"Despr\u00e9s d\u2019aconseguir el triomf al Marroc, es converteix en el quart jugador del Villarreal a al\u00e7ar el t\u00edtol de l\u2019AFCON. Anteriorment tamb\u00e9 ho van aconseguir Uche amb Nig\u00e8ria, Eric Bailly amb Costa d\u2019Ivori i Boulaye Dia amb el Senegal."}],"structured":{"summary":{"text":"El migcampista groguet s\u2019ha incorporat aquest dijous de nou als entrenaments del Villarreal despr\u00e9s d\u2019haver al\u00e7at la Copa \u00c0frica Pape Gueye ha tornat aquest dijous a les files de l\u2019equip groguet despr\u00e9s d\u2019al\u00e7ar el t\u00edtol de l\u2019AFCON amb el Senegal. El futbolista senegal\u00e9s s\u2019exercitar\u00e0 aquest dijous amb els seus companys per a preparar el pr\u00f2xim partit dels groguets davant el Real Madrid, que es disputar\u00e0 aquest dissabte, a les 21.00 hores, a l\u2019Estadio de la Cer\u00e1mica. A la seua arribada a la Ciutat Esportiva Jos\u00e9 Manuel Llaneza, els seus companys d\u2019equip li han brindat una c\u00e0lida benvinguda despr\u00e9s del seu fant\u00e0stic trofeu continental. Homenatge en la pr\u00e8via davant el Real Madrid El Villarreal CF ret homenatge a Pape Gueye per la consecuci\u00f3 de la Copa \u00c0frica durant la pr\u00e8via del partit davant el Real Madrid (dissabte, 21.00h). En els proleg\u00f2mens, sobre la gespa, Marcos Senna far\u00e0 entrega d\u2019un detall institucional al futbolista senegal\u00e9s, mentre rep una merescuda ovaci\u00f3 per part de l\u2019afici\u00f3 del Submar\u00ed. Heroi de la gran final a Rabat Pape Gueye va ser el gran protagonista de la final. Un partit molt disputat i amb molts moments de tensi\u00f3 en el qual, despr\u00e9s d\u2019un penal fallat per la selecci\u00f3 marroquina en el temps de descompte, el senegal\u00e9s del Villarreal, Pape Gueye, ja en la pr\u00f2rroga, va fer caure la porteria rival en el minut 94 amb un aut\u00e8ntic gol\u00e0s digne d\u2019una final. I \u00e9s que aquest gol va ser la cirereta del past\u00eds d\u2019una competici\u00f3 incre\u00efble del migcampista groguet. Va disputar sis dels set partits que va jugar la selecci\u00f3 del Senegal, 506 minuts en total, i se\u2019n va anar amb tres gols: un en la final davant el Marroc i dos en els huitens de final contra el Sudan. Sens dubte, Pape va ser un jugador clau per a la selecci\u00f3 senegalesa en el seu cam\u00ed i culminaci\u00f3 de la Copa \u00c0frica. Despr\u00e9s d\u2019aconseguir el triomf al Marroc, es converteix en el quart jugador del Villarreal a al\u00e7ar el t\u00edtol de l\u2019AFCON. Anteriorment tamb\u00e9 ho van aconseguir Uche amb Nig\u00e8ria, Eric Bailly amb Costa d\u2019Ivori i Boulaye Dia amb el Senegal.","headings":[{"type":"heading","level":2,"text":"El migcampista groguet s\u2019ha incorporat aquest dijous de nou als entrenaments del Villarreal despr\u00e9s d\u2019haver al\u00e7at la Copa \u00c0frica"},{"type":"heading","level":2,"text":"Homenatge en la pr\u00e8via davant el Real Madrid"},{"type":"heading","level":3,"text":"Heroi de la gran final a Rabat"}],"buttons":[],"images":[],"counts":{"blocks":9,"headings":3,"texts":6,"buttons":0,"images":0}},"sections":[{"id":"section-1","title":"El migcampista groguet s\u2019ha incorporat aquest dijous de nou als entrenaments del Villarreal despr\u00e9s d\u2019haver al\u00e7at la Copa \u00c0frica","text":"El migcampista groguet s\u2019ha incorporat aquest dijous de nou als entrenaments del Villarreal despr\u00e9s d\u2019haver al\u00e7at la Copa \u00c0frica Pape Gueye ha tornat aquest dijous a les files de l\u2019equip groguet despr\u00e9s d\u2019al\u00e7ar el t\u00edtol de l\u2019AFCON amb el Senegal. El futbolista senegal\u00e9s s\u2019exercitar\u00e0 aquest dijous amb els seus companys per a preparar el pr\u00f2xim partit dels groguets davant el Real Madrid, que es disputar\u00e0 aquest dissabte, a les 21.00 hores, a l\u2019Estadio de la Cer\u00e1mica. A la seua arribada a la Ciutat Esportiva Jos\u00e9 Manuel Llaneza, els seus companys d\u2019equip li han brindat una c\u00e0lida benvinguda despr\u00e9s del seu fant\u00e0stic trofeu continental.","headings":[{"type":"heading","level":2,"text":"El migcampista groguet s\u2019ha incorporat aquest dijous de nou als entrenaments del Villarreal despr\u00e9s d\u2019haver al\u00e7at la Copa \u00c0frica"}],"texts":[{"type":"paragraph","text":"Pape Gueye ha tornat aquest dijous a les files de l\u2019equip groguet despr\u00e9s d\u2019al\u00e7ar el t\u00edtol de l\u2019AFCON amb el Senegal. El futbolista senegal\u00e9s s\u2019exercitar\u00e0 aquest dijous amb els seus companys per a preparar el pr\u00f2xim partit dels groguets davant el Real Madrid, que es disputar\u00e0 aquest dissabte, a les 21.00 hores, a l\u2019Estadio de la Cer\u00e1mica."},{"type":"paragraph","text":"A la seua arribada a la Ciutat Esportiva Jos\u00e9 Manuel Llaneza, els seus companys d\u2019equip li han brindat una c\u00e0lida benvinguda despr\u00e9s del seu fant\u00e0stic trofeu continental."}],"buttons":[],"images":[],"widgets":[],"blocks":[{"type":"heading","level":2,"text":"El migcampista groguet s\u2019ha incorporat aquest dijous de nou als entrenaments del Villarreal despr\u00e9s d\u2019haver al\u00e7at la Copa \u00c0frica"},{"type":"paragraph","text":"Pape Gueye ha tornat aquest dijous a les files de l\u2019equip groguet despr\u00e9s d\u2019al\u00e7ar el t\u00edtol de l\u2019AFCON amb el Senegal. El futbolista senegal\u00e9s s\u2019exercitar\u00e0 aquest dijous amb els seus companys per a preparar el pr\u00f2xim partit dels groguets davant el Real Madrid, que es disputar\u00e0 aquest dissabte, a les 21.00 hores, a l\u2019Estadio de la Cer\u00e1mica."},{"type":"paragraph","text":"A la seua arribada a la Ciutat Esportiva Jos\u00e9 Manuel Llaneza, els seus companys d\u2019equip li han brindat una c\u00e0lida benvinguda despr\u00e9s del seu fant\u00e0stic trofeu continental."}]},{"id":"section-2","title":"Homenatge en la pr\u00e8via davant el Real Madrid","text":"Homenatge en la pr\u00e8via davant el Real Madrid El Villarreal CF ret homenatge a Pape Gueye per la consecuci\u00f3 de la Copa \u00c0frica durant la pr\u00e8via del partit davant el Real Madrid (dissabte, 21.00h). En els proleg\u00f2mens, sobre la gespa, Marcos Senna far\u00e0 entrega d\u2019un detall institucional al futbolista senegal\u00e9s, mentre rep una merescuda ovaci\u00f3 per part de l\u2019afici\u00f3 del Submar\u00ed.","headings":[{"type":"heading","level":2,"text":"Homenatge en la pr\u00e8via davant el Real Madrid"}],"texts":[{"type":"paragraph","text":"El Villarreal CF ret homenatge a Pape Gueye per la consecuci\u00f3 de la Copa \u00c0frica durant la pr\u00e8via del partit davant el Real Madrid (dissabte, 21.00h). En els proleg\u00f2mens, sobre la gespa, Marcos Senna far\u00e0 entrega d\u2019un detall institucional al futbolista senegal\u00e9s, mentre rep una merescuda ovaci\u00f3 per part de l\u2019afici\u00f3 del Submar\u00ed."}],"buttons":[],"images":[],"widgets":[],"blocks":[{"type":"heading","level":2,"text":"Homenatge en la pr\u00e8via davant el Real Madrid"},{"type":"paragraph","text":"El Villarreal CF ret homenatge a Pape Gueye per la consecuci\u00f3 de la Copa \u00c0frica durant la pr\u00e8via del partit davant el Real Madrid (dissabte, 21.00h). En els proleg\u00f2mens, sobre la gespa, Marcos Senna far\u00e0 entrega d\u2019un detall institucional al futbolista senegal\u00e9s, mentre rep una merescuda ovaci\u00f3 per part de l\u2019afici\u00f3 del Submar\u00ed."}]},{"id":"section-3","title":"Heroi de la gran final a Rabat","text":"Heroi de la gran final a Rabat Pape Gueye va ser el gran protagonista de la final. Un partit molt disputat i amb molts moments de tensi\u00f3 en el qual, despr\u00e9s d\u2019un penal fallat per la selecci\u00f3 marroquina en el temps de descompte, el senegal\u00e9s del Villarreal, Pape Gueye, ja en la pr\u00f2rroga, va fer caure la porteria rival en el minut 94 amb un aut\u00e8ntic gol\u00e0s digne d\u2019una final. I \u00e9s que aquest gol va ser la cirereta del past\u00eds d\u2019una competici\u00f3 incre\u00efble del migcampista groguet. Va disputar sis dels set partits que va jugar la selecci\u00f3 del Senegal, 506 minuts en total, i se\u2019n va anar amb tres gols: un en la final davant el Marroc i dos en els huitens de final contra el Sudan. Sens dubte, Pape va ser un jugador clau per a la selecci\u00f3 senegalesa en el seu cam\u00ed i culminaci\u00f3 de la Copa \u00c0frica. Despr\u00e9s d\u2019aconseguir el triomf al Marroc, es converteix en el quart jugador del Villarreal a al\u00e7ar el t\u00edtol de l\u2019AFCON. Anteriorment tamb\u00e9 ho van aconseguir Uche amb Nig\u00e8ria, Eric Bailly amb Costa d\u2019Ivori i Boulaye Dia amb el Senegal.","headings":[{"type":"heading","level":3,"text":"Heroi de la gran final a Rabat"}],"texts":[{"type":"paragraph","text":"Pape Gueye va ser el gran protagonista de la final. Un partit molt disputat i amb molts moments de tensi\u00f3 en el qual, despr\u00e9s d\u2019un penal fallat per la selecci\u00f3 marroquina en el temps de descompte, el senegal\u00e9s del Villarreal, Pape Gueye, ja en la pr\u00f2rroga, va fer caure la porteria rival en el minut 94 amb un aut\u00e8ntic gol\u00e0s digne d\u2019una final."},{"type":"paragraph","text":"I \u00e9s que aquest gol va ser la cirereta del past\u00eds d\u2019una competici\u00f3 incre\u00efble del migcampista groguet. Va disputar sis dels set partits que va jugar la selecci\u00f3 del Senegal, 506 minuts en total, i se\u2019n va anar amb tres gols: un en la final davant el Marroc i dos en els huitens de final contra el Sudan. Sens dubte, Pape va ser un jugador clau per a la selecci\u00f3 senegalesa en el seu cam\u00ed i culminaci\u00f3 de la Copa \u00c0frica."},{"type":"paragraph","text":"Despr\u00e9s d\u2019aconseguir el triomf al Marroc, es converteix en el quart jugador del Villarreal a al\u00e7ar el t\u00edtol de l\u2019AFCON. Anteriorment tamb\u00e9 ho van aconseguir Uche amb Nig\u00e8ria, Eric Bailly amb Costa d\u2019Ivori i Boulaye Dia amb el Senegal."}],"buttons":[],"images":[],"widgets":[],"blocks":[{"type":"heading","level":3,"text":"Heroi de la gran final a Rabat"},{"type":"paragraph","text":"Pape Gueye va ser el gran protagonista de la final. Un partit molt disputat i amb molts moments de tensi\u00f3 en el qual, despr\u00e9s d\u2019un penal fallat per la selecci\u00f3 marroquina en el temps de descompte, el senegal\u00e9s del Villarreal, Pape Gueye, ja en la pr\u00f2rroga, va fer caure la porteria rival en el minut 94 amb un aut\u00e8ntic gol\u00e0s digne d\u2019una final."},{"type":"paragraph","text":"I \u00e9s que aquest gol va ser la cirereta del past\u00eds d\u2019una competici\u00f3 incre\u00efble del migcampista groguet. Va disputar sis dels set partits que va jugar la selecci\u00f3 del Senegal, 506 minuts en total, i se\u2019n va anar amb tres gols: un en la final davant el Marroc i dos en els huitens de final contra el Sudan. Sens dubte, Pape va ser un jugador clau per a la selecci\u00f3 senegalesa en el seu cam\u00ed i culminaci\u00f3 de la Copa \u00c0frica."},{"type":"paragraph","text":"Despr\u00e9s d\u2019aconseguir el triomf al Marroc, es converteix en el quart jugador del Villarreal a al\u00e7ar el t\u00edtol de l\u2019AFCON. Anteriorment tamb\u00e9 ho van aconseguir Uche amb Nig\u00e8ria, Eric Bailly amb Costa d\u2019Ivori i Boulaye Dia amb el Senegal."}]}],"hero":{"id":"section-1","title":"El migcampista groguet s\u2019ha incorporat aquest dijous de nou als entrenaments del Villarreal despr\u00e9s d\u2019haver al\u00e7at la Copa \u00c0frica","text":"El migcampista groguet s\u2019ha incorporat aquest dijous de nou als entrenaments del Villarreal despr\u00e9s d\u2019haver al\u00e7at la Copa \u00c0frica Pape Gueye ha tornat aquest dijous a les files de l\u2019equip groguet despr\u00e9s d\u2019al\u00e7ar el t\u00edtol de l\u2019AFCON amb el Senegal. El futbolista senegal\u00e9s s\u2019exercitar\u00e0 aquest dijous amb els seus companys per a preparar el pr\u00f2xim partit dels groguets davant el Real Madrid, que es disputar\u00e0 aquest dissabte, a les 21.00 hores, a l\u2019Estadio de la Cer\u00e1mica. A la seua arribada a la Ciutat Esportiva Jos\u00e9 Manuel Llaneza, els seus companys d\u2019equip li han brindat una c\u00e0lida benvinguda despr\u00e9s del seu fant\u00e0stic trofeu continental.","headings":[{"type":"heading","level":2,"text":"El migcampista groguet s\u2019ha incorporat aquest dijous de nou als entrenaments del Villarreal despr\u00e9s d\u2019haver al\u00e7at la Copa \u00c0frica"}],"texts":[{"type":"paragraph","text":"Pape Gueye ha tornat aquest dijous a les files de l\u2019equip groguet despr\u00e9s d\u2019al\u00e7ar el t\u00edtol de l\u2019AFCON amb el Senegal. El futbolista senegal\u00e9s s\u2019exercitar\u00e0 aquest dijous amb els seus companys per a preparar el pr\u00f2xim partit dels groguets davant el Real Madrid, que es disputar\u00e0 aquest dissabte, a les 21.00 hores, a l\u2019Estadio de la Cer\u00e1mica."},{"type":"paragraph","text":"A la seua arribada a la Ciutat Esportiva Jos\u00e9 Manuel Llaneza, els seus companys d\u2019equip li han brindat una c\u00e0lida benvinguda despr\u00e9s del seu fant\u00e0stic trofeu continental."}],"buttons":[],"images":[],"widgets":[],"blocks":[{"type":"heading","level":2,"text":"El migcampista groguet s\u2019ha incorporat aquest dijous de nou als entrenaments del Villarreal despr\u00e9s d\u2019haver al\u00e7at la Copa \u00c0frica"},{"type":"paragraph","text":"Pape Gueye ha tornat aquest dijous a les files de l\u2019equip groguet despr\u00e9s d\u2019al\u00e7ar el t\u00edtol de l\u2019AFCON amb el Senegal. El futbolista senegal\u00e9s s\u2019exercitar\u00e0 aquest dijous amb els seus companys per a preparar el pr\u00f2xim partit dels groguets davant el Real Madrid, que es disputar\u00e0 aquest dissabte, a les 21.00 hores, a l\u2019Estadio de la Cer\u00e1mica."},{"type":"paragraph","text":"A la seua arribada a la Ciutat Esportiva Jos\u00e9 Manuel Llaneza, els seus companys d\u2019equip li han brindat una c\u00e0lida benvinguda despr\u00e9s del seu fant\u00e0stic trofeu continental."}]}},"sections":[{"id":"section-1","title":"El migcampista groguet s\u2019ha incorporat aquest dijous de nou als entrenaments del Villarreal despr\u00e9s d\u2019haver al\u00e7at la Copa \u00c0frica","text":"El migcampista groguet s\u2019ha incorporat aquest dijous de nou als entrenaments del Villarreal despr\u00e9s d\u2019haver al\u00e7at la Copa \u00c0frica Pape Gueye ha tornat aquest dijous a les files de l\u2019equip groguet despr\u00e9s d\u2019al\u00e7ar el t\u00edtol de l\u2019AFCON amb el Senegal. El futbolista senegal\u00e9s s\u2019exercitar\u00e0 aquest dijous amb els seus companys per a preparar el pr\u00f2xim partit dels groguets davant el Real Madrid, que es disputar\u00e0 aquest dissabte, a les 21.00 hores, a l\u2019Estadio de la Cer\u00e1mica. A la seua arribada a la Ciutat Esportiva Jos\u00e9 Manuel Llaneza, els seus companys d\u2019equip li han brindat una c\u00e0lida benvinguda despr\u00e9s del seu fant\u00e0stic trofeu continental.","url":"","background_image":"","images":[],"videos":[],"links":[]},{"id":"section-2","title":"Homenatge en la pr\u00e8via davant el Real Madrid","text":"Homenatge en la pr\u00e8via davant el Real Madrid El Villarreal CF ret homenatge a Pape Gueye per la consecuci\u00f3 de la Copa \u00c0frica durant la pr\u00e8via del partit davant el Real Madrid (dissabte, 21.00h). En els proleg\u00f2mens, sobre la gespa, Marcos Senna far\u00e0 entrega d\u2019un detall institucional al futbolista senegal\u00e9s, mentre rep una merescuda ovaci\u00f3 per part de l\u2019afici\u00f3 del Submar\u00ed.","url":"","background_image":"","images":[],"videos":[],"links":[]},{"id":"section-3","title":"Heroi de la gran final a Rabat","text":"Heroi de la gran final a Rabat Pape Gueye va ser el gran protagonista de la final. Un partit molt disputat i amb molts moments de tensi\u00f3 en el qual, despr\u00e9s d\u2019un penal fallat per la selecci\u00f3 marroquina en el temps de descompte, el senegal\u00e9s del Villarreal, Pape Gueye, ja en la pr\u00f2rroga, va fer caure la porteria rival en el minut 94 amb un aut\u00e8ntic gol\u00e0s digne d\u2019una final. I \u00e9s que aquest gol va ser la cirereta del past\u00eds d\u2019una competici\u00f3 incre\u00efble del migcampista groguet. Va disputar sis dels set partits que va jugar la selecci\u00f3 del Senegal, 506 minuts en total, i se\u2019n va anar amb tres gols: un en la final davant el Marroc i dos en els huitens de final contra el Sudan. Sens dubte, Pape va ser un jugador clau per a la selecci\u00f3 senegalesa en el seu cam\u00ed i culminaci\u00f3 de la Copa \u00c0frica. Despr\u00e9s d\u2019aconseguir el triomf al Marroc, es converteix en el quart jugador del Villarreal a al\u00e7ar el t\u00edtol de l\u2019AFCON. Anteriorment tamb\u00e9 ho van aconseguir Uche amb Nig\u00e8ria, Eric Bailly amb Costa d\u2019Ivori i Boulaye Dia amb el Senegal.","url":"","background_image":"","images":[],"videos":[],"links":[]}]},"excerpt":{"rendered":"El migcampista groguet s\u2019ha incorporat aquest dijous de nou als entrenaments del Villarreal despr\u00e9s d\u2019haver al\u00e7at la Copa \u00c0frica","protected":false},"author":29,"featured_media":618428,"comment_status":"closed","ping_status":"closed","sticky":false,"template":"","format":"standard","meta":{"_acf_changed":false,"footnotes":""},"categories":[13493],"tags":[15369,717,9270,11042,15773,9278,14000,716,9205,9627,9203],"acf":null,"lang":"val","translations":{"es":618394,"en":618404,"val":618405},"essential_grid":{"has_grid":false},"formatted_date":"January 22, 2026","modified_date":"January 22, 2026","permalink":"https:\/\/villarrealcf.es\/val\/pape-gueye-torna-triomfant-a-vila-real\/","reading_time":2,"featured_media_data":{"id":618428,"title":"Pape Gueye","caption":"","alt_text":"","description":"","mime_type":"image\/jpeg","source_url":"https:\/\/villarrealcf.es\/wp-content\/uploads\/2026\/01\/Pape-Gueye.jpg","sizes":{"thumbnail":{"url":"https:\/\/villarrealcf.es\/wp-content\/uploads\/2026\/01\/Pape-Gueye.jpg","width":1920,"height":1080},"medium":{"url":"https:\/\/villarrealcf.es\/wp-content\/uploads\/2026\/01\/Pape-Gueye.jpg","width":1920,"height":1080},"medium_large":{"url":"https:\/\/villarrealcf.es\/wp-content\/uploads\/2026\/01\/Pape-Gueye-768x432.jpg","width":768,"height":432},"large":{"url":"https:\/\/villarrealcf.es\/wp-content\/uploads\/2026\/01\/Pape-Gueye.jpg","width":788,"height":443},"1536x1536":{"url":"https:\/\/villarrealcf.es\/wp-content\/uploads\/2026\/01\/Pape-Gueye-1536x864.jpg","width":1536,"height":864},"2048x2048":{"url":"https:\/\/villarrealcf.es\/wp-content\/uploads\/2026\/01\/Pape-Gueye.jpg","width":1920,"height":1080},"tp-image-grid":{"url":"https:\/\/villarrealcf.es\/wp-content\/uploads\/2026\/01\/Pape-Gueye-700x700.jpg","width":700,"height":700},"size-bunyad-medium":{"url":"https:\/\/villarrealcf.es\/wp-content\/uploads\/2026\/01\/Pape-Gueye.jpg","width":1920,"height":1080},"sportspress-crop-medium":{"url":"https:\/\/villarrealcf.es\/wp-content\/uploads\/2026\/01\/Pape-Gueye-300x300.jpg","width":300,"height":300},"sportspress-fit-medium":{"url":"https:\/\/villarrealcf.es\/wp-content\/uploads\/2026\/01\/Pape-Gueye-300x169.jpg","width":300,"height":169},"sportspress-fit-icon":{"url":"https:\/\/villarrealcf.es\/wp-content\/uploads\/2026\/01\/Pape-Gueye-128x72.jpg","width":128,"height":72},"sportspress-fit-mini":{"url":"https:\/\/villarrealcf.es\/wp-content\/uploads\/2026\/01\/Pape-Gueye-32x18.jpg","width":32,"height":18},"bunyad-small":{"url":"https:\/\/villarrealcf.es\/wp-content\/uploads\/2026\/01\/Pape-Gueye-150x84.jpg","width":150,"height":84},"bunyad-medium":{"url":"https:\/\/villarrealcf.es\/wp-content\/uploads\/2026\/01\/Pape-Gueye-450x253.jpg","width":450,"height":253},"bunyad-full":{"url":"https:\/\/villarrealcf.es\/wp-content\/uploads\/2026\/01\/Pape-Gueye-1200x675.jpg","width":1200,"height":675},"bunyad-viewport":{"url":"https:\/\/villarrealcf.es\/wp-content\/uploads\/2026\/01\/Pape-Gueye.jpg","width":1920,"height":1080},"bunyad-768":{"url":"https:\/\/villarrealcf.es\/wp-content\/uploads\/2026\/01\/Pape-Gueye-768x432.jpg","width":768,"height":432},"full":{"url":"https:\/\/villarrealcf.es\/wp-content\/uploads\/2026\/01\/Pape-Gueye.jpg","width":1920,"height":1080}}},"author_data":{"id":"29","name":"Azahara Beroy","first_name":"Azahara","last_name":"Beroy","description":"","avatar_url":"https:\/\/secure.gravatar.com\/avatar\/91b979a91a1925e60814719244bbf7824af58ced5a6e2130c2611bde24439aa7?s=96&d=mm&r=g","acf":null},"taxonomies_data":{"category":[{"id":13493,"name":"Primer equip","slug":"primer-equip","acf":null}],"post_tag":[{"id":15369,"name":"Copa \u00c1frica","slug":"copa-africa-val","acf":null},{"id":717,"name":"Football","slug":"football-d34","acf":null},{"id":9270,"name":"Futbol","slug":"futbol-val","acf":null},{"id":11042,"name":"LaLiga","slug":"laliga-val","acf":null},{"id":15773,"name":"Pape Gueye","slug":"pape-gueye-val","acf":null},{"id":9278,"name":"primera division","slug":"primera-division-val","acf":null},{"id":14000,"name":"Real Madrid","slug":"real-madrid-2-val","acf":null},{"id":716,"name":"Soccer","slug":"soccer-d105","acf":null},{"id":9205,"name":"Submarino","slug":"submarino-val","acf":null},{"id":9627,"name":"Submarino Amarillo","slug":"submarino-amarillo-val","acf":null},{"id":9203,"name":"Villarreal CF","slug":"villarreal-cf-val","acf":null}],"translation_priority":[{"id":735,"name":"Optional","slug":"optional-val","acf":null}]},"seo_full":{"native":{"title":"Pape Gueye torna triomfant a Vila-real - Web Oficial del Villarreal CF","description":"El migcampista groguet s\u2019ha incorporat aquest dijous de nou als entrenaments del Villarreal despr\u00e9s d\u2019haver al\u00e7at la Copa \u00c0frica","canonical":"https:\/\/villarrealcf.es\/val\/pape-gueye-torna-triomfant-a-vila-real\/"}},"_links":{"self":[{"href":"https:\/\/villarrealcf.es\/val\/wp-json\/wp\/v2\/posts\/618405","targetHints":{"allow":["GET"]}}],"collection":[{"href":"https:\/\/villarrealcf.es\/val\/wp-json\/wp\/v2\/posts"}],"about":[{"href":"https:\/\/villarrealcf.es\/val\/wp-json\/wp\/v2\/types\/post"}],"author":[{"embeddable":true,"href":"https:\/\/villarrealcf.es\/val\/wp-json\/wp\/v2\/users\/29"}],"replies":[{"embeddable":true,"href":"https:\/\/villarrealcf.es\/val\/wp-json\/wp\/v2\/comments?post=618405"}],"version-history":[{"count":4,"href":"https:\/\/villarrealcf.es\/val\/wp-json\/wp\/v2\/posts\/618405\/revisions"}],"predecessor-version":[{"id":618430,"href":"https:\/\/villarrealcf.es\/val\/wp-json\/wp\/v2\/posts\/618405\/revisions\/618430"}],"wp:featuredmedia":[{"embeddable":true,"href":"https:\/\/villarrealcf.es\/val\/wp-json\/wp\/v2\/media\/618428"}],"wp:attachment":[{"href":"https:\/\/villarrealcf.es\/val\/wp-json\/wp\/v2\/media?parent=618405"}],"wp:term":[{"taxonomy":"category","embeddable":true,"href":"https:\/\/villarrealcf.es\/val\/wp-json\/wp\/v2\/categories?post=618405"},{"taxonomy":"post_tag","embeddable":true,"href":"https:\/\/villarrealcf.es\/val\/wp-json\/wp\/v2\/tags?post=618405"}],"curies":[{"name":"wp","href":"https:\/\/api.w.org\/{rel}","templated":true}]}}