{"id":618059,"date":"2026-01-19T16:53:17","date_gmt":"2026-01-19T15:53:17","guid":{"rendered":"https:\/\/villarrealcf.es\/horario-confirmado-para-el-levante-villarreal\/"},"modified":"2026-01-19T17:09:06","modified_gmt":"2026-01-19T16:09:06","slug":"horari-confirmat-per-al-levante-villarreal","status":"publish","type":"post","link":"https:\/\/villarrealcf.es\/val\/horari-confirmat-per-al-levante-villarreal\/","title":{"rendered":"Horari confirmat per al Levante-Villarreal"},"content":{"protected":false,"blocks":[{"type":"heading","level":2,"text":"El partit ajornat davant el conjunt granota es jugar\u00e0 el dimecres 18 de febrer, a les 20.00 hores"},{"type":"paragraph","text":"El Villarreal ja coneix l\u2019horari del partit ajornat corresponent a la jornada 16 de LALIGA EA Sports. Els groguets visitaran el Ciutat de Val\u00e8ncia per a disputar un emocionant derbi auton\u00f2mic davant el Levante UD el dimecres 18 de febrer, a les 20.00 hores. Per televisi\u00f3, el partit es podr\u00e0 veure en directe a trav\u00e9s de Movistar + LALIGA."}],"structured":{"summary":{"text":"El partit ajornat davant el conjunt granota es jugar\u00e0 el dimecres 18 de febrer, a les 20.00 hores El Villarreal ja coneix l\u2019horari del partit ajornat corresponent a la jornada 16 de LALIGA EA Sports. Els groguets visitaran el Ciutat de Val\u00e8ncia per a disputar un emocionant derbi auton\u00f2mic davant el Levante UD el dimecres 18 de febrer, a les 20.00 hores. Per televisi\u00f3, el partit es podr\u00e0 veure en directe a trav\u00e9s de Movistar + LALIGA.","headings":[{"type":"heading","level":2,"text":"El partit ajornat davant el conjunt granota es jugar\u00e0 el dimecres 18 de febrer, a les 20.00 hores"}],"buttons":[],"images":[],"counts":{"blocks":2,"headings":1,"texts":1,"buttons":0,"images":0}},"sections":[{"id":"section-1","title":"El partit ajornat davant el conjunt granota es jugar\u00e0 el dimecres 18 de febrer, a les 20.00 hores","text":"El partit ajornat davant el conjunt granota es jugar\u00e0 el dimecres 18 de febrer, a les 20.00 hores El Villarreal ja coneix l\u2019horari del partit ajornat corresponent a la jornada 16 de LALIGA EA Sports. Els groguets visitaran el Ciutat de Val\u00e8ncia per a disputar un emocionant derbi auton\u00f2mic davant el Levante UD el dimecres 18 de febrer, a les 20.00 hores. Per televisi\u00f3, el partit es podr\u00e0 veure en directe a trav\u00e9s de Movistar + LALIGA.","headings":[{"type":"heading","level":2,"text":"El partit ajornat davant el conjunt granota es jugar\u00e0 el dimecres 18 de febrer, a les 20.00 hores"}],"texts":[{"type":"paragraph","text":"El Villarreal ja coneix l\u2019horari del partit ajornat corresponent a la jornada 16 de LALIGA EA Sports. Els groguets visitaran el Ciutat de Val\u00e8ncia per a disputar un emocionant derbi auton\u00f2mic davant el Levante UD el dimecres 18 de febrer, a les 20.00 hores. Per televisi\u00f3, el partit es podr\u00e0 veure en directe a trav\u00e9s de Movistar + LALIGA."}],"buttons":[],"images":[],"widgets":[],"blocks":[{"type":"heading","level":2,"text":"El partit ajornat davant el conjunt granota es jugar\u00e0 el dimecres 18 de febrer, a les 20.00 hores"},{"type":"paragraph","text":"El Villarreal ja coneix l\u2019horari del partit ajornat corresponent a la jornada 16 de LALIGA EA Sports. Els groguets visitaran el Ciutat de Val\u00e8ncia per a disputar un emocionant derbi auton\u00f2mic davant el Levante UD el dimecres 18 de febrer, a les 20.00 hores. Per televisi\u00f3, el partit es podr\u00e0 veure en directe a trav\u00e9s de Movistar + LALIGA."}]}],"hero":{"id":"section-1","title":"El partit ajornat davant el conjunt granota es jugar\u00e0 el dimecres 18 de febrer, a les 20.00 hores","text":"El partit ajornat davant el conjunt granota es jugar\u00e0 el dimecres 18 de febrer, a les 20.00 hores El Villarreal ja coneix l\u2019horari del partit ajornat corresponent a la jornada 16 de LALIGA EA Sports. Els groguets visitaran el Ciutat de Val\u00e8ncia per a disputar un emocionant derbi auton\u00f2mic davant el Levante UD el dimecres 18 de febrer, a les 20.00 hores. Per televisi\u00f3, el partit es podr\u00e0 veure en directe a trav\u00e9s de Movistar + LALIGA.","headings":[{"type":"heading","level":2,"text":"El partit ajornat davant el conjunt granota es jugar\u00e0 el dimecres 18 de febrer, a les 20.00 hores"}],"texts":[{"type":"paragraph","text":"El Villarreal ja coneix l\u2019horari del partit ajornat corresponent a la jornada 16 de LALIGA EA Sports. Els groguets visitaran el Ciutat de Val\u00e8ncia per a disputar un emocionant derbi auton\u00f2mic davant el Levante UD el dimecres 18 de febrer, a les 20.00 hores. Per televisi\u00f3, el partit es podr\u00e0 veure en directe a trav\u00e9s de Movistar + LALIGA."}],"buttons":[],"images":[],"widgets":[],"blocks":[{"type":"heading","level":2,"text":"El partit ajornat davant el conjunt granota es jugar\u00e0 el dimecres 18 de febrer, a les 20.00 hores"},{"type":"paragraph","text":"El Villarreal ja coneix l\u2019horari del partit ajornat corresponent a la jornada 16 de LALIGA EA Sports. Els groguets visitaran el Ciutat de Val\u00e8ncia per a disputar un emocionant derbi auton\u00f2mic davant el Levante UD el dimecres 18 de febrer, a les 20.00 hores. Per televisi\u00f3, el partit es podr\u00e0 veure en directe a trav\u00e9s de Movistar + LALIGA."}]}},"sections":[{"id":"section-1","title":"El partit ajornat davant el conjunt granota es jugar\u00e0 el dimecres 18 de febrer, a les 20.00 hores","text":"El partit ajornat davant el conjunt granota es jugar\u00e0 el dimecres 18 de febrer, a les 20.00 hores El Villarreal ja coneix l\u2019horari del partit ajornat corresponent a la jornada 16 de LALIGA EA Sports. Els groguets visitaran el Ciutat de Val\u00e8ncia per a disputar un emocionant derbi auton\u00f2mic davant el Levante UD el dimecres 18 de febrer, a les 20.00 hores. Per televisi\u00f3, el partit es podr\u00e0 veure en directe a trav\u00e9s de Movistar + LALIGA.","url":"","background_image":"","images":[],"videos":[],"links":[]}]},"excerpt":{"rendered":"El partit ajornat davant el conjunt granota es jugar\u00e0 el dimecres 18 de febrer, a les 20.00 hores","protected":false},"author":29,"featured_media":618056,"comment_status":"closed","ping_status":"closed","sticky":false,"template":"","format":"standard","meta":{"_acf_changed":false,"footnotes":""},"categories":[13493,13493],"tags":[717,9270,11150,14765,9611,9278,716,9205,9627,9203],"acf":null,"lang":"val","translations":{"es":618053,"en":618058,"val":618059},"essential_grid":{"has_grid":false},"formatted_date":"January 19, 2026","modified_date":"January 19, 2026","permalink":"https:\/\/villarrealcf.es\/val\/horari-confirmat-per-al-levante-villarreal\/","reading_time":1,"featured_media_data":{"id":618056,"title":"20251122-VillarrealCF_RCDMallorca-128","caption":"","alt_text":"","description":"","mime_type":"image\/jpeg","source_url":"https:\/\/villarrealcf.es\/wp-content\/uploads\/2026\/01\/20251122-VillarrealCF_RCDMallorca-128.jpg","sizes":{"thumbnail":{"url":"https:\/\/villarrealcf.es\/wp-content\/uploads\/2026\/01\/20251122-VillarrealCF_RCDMallorca-128.jpg","width":1918,"height":1080},"medium":{"url":"https:\/\/villarrealcf.es\/wp-content\/uploads\/2026\/01\/20251122-VillarrealCF_RCDMallorca-128-1918x1080.jpg","width":1918,"height":1080},"medium_large":{"url":"https:\/\/villarrealcf.es\/wp-content\/uploads\/2026\/01\/20251122-VillarrealCF_RCDMallorca-128-768x432.jpg","width":768,"height":432},"large":{"url":"https:\/\/villarrealcf.es\/wp-content\/uploads\/2026\/01\/20251122-VillarrealCF_RCDMallorca-128-1918x1080.jpg","width":788,"height":444},"1536x1536":{"url":"https:\/\/villarrealcf.es\/wp-content\/uploads\/2026\/01\/20251122-VillarrealCF_RCDMallorca-128-1536x865.jpg","width":1536,"height":865},"2048x2048":{"url":"https:\/\/villarrealcf.es\/wp-content\/uploads\/2026\/01\/20251122-VillarrealCF_RCDMallorca-128.jpg","width":1920,"height":1081},"tp-image-grid":{"url":"https:\/\/villarrealcf.es\/wp-content\/uploads\/2026\/01\/20251122-VillarrealCF_RCDMallorca-128-700x700.jpg","width":700,"height":700},"size-bunyad-medium":{"url":"https:\/\/villarrealcf.es\/wp-content\/uploads\/2026\/01\/20251122-VillarrealCF_RCDMallorca-128-1918x1080.jpg","width":1918,"height":1080},"sportspress-crop-medium":{"url":"https:\/\/villarrealcf.es\/wp-content\/uploads\/2026\/01\/20251122-VillarrealCF_RCDMallorca-128-300x300.jpg","width":300,"height":300},"sportspress-fit-medium":{"url":"https:\/\/villarrealcf.es\/wp-content\/uploads\/2026\/01\/20251122-VillarrealCF_RCDMallorca-128-300x169.jpg","width":300,"height":169},"sportspress-fit-icon":{"url":"https:\/\/villarrealcf.es\/wp-content\/uploads\/2026\/01\/20251122-VillarrealCF_RCDMallorca-128-128x72.jpg","width":128,"height":72},"sportspress-fit-mini":{"url":"https:\/\/villarrealcf.es\/wp-content\/uploads\/2026\/01\/20251122-VillarrealCF_RCDMallorca-128-32x18.jpg","width":32,"height":18},"bunyad-small":{"url":"https:\/\/villarrealcf.es\/wp-content\/uploads\/2026\/01\/20251122-VillarrealCF_RCDMallorca-128-150x84.jpg","width":150,"height":84},"bunyad-medium":{"url":"https:\/\/villarrealcf.es\/wp-content\/uploads\/2026\/01\/20251122-VillarrealCF_RCDMallorca-128-450x253.jpg","width":450,"height":253},"bunyad-full":{"url":"https:\/\/villarrealcf.es\/wp-content\/uploads\/2026\/01\/20251122-VillarrealCF_RCDMallorca-128-1200x676.jpg","width":1200,"height":676},"bunyad-viewport":{"url":"https:\/\/villarrealcf.es\/wp-content\/uploads\/2026\/01\/20251122-VillarrealCF_RCDMallorca-128.jpg","width":1920,"height":1081},"bunyad-768":{"url":"https:\/\/villarrealcf.es\/wp-content\/uploads\/2026\/01\/20251122-VillarrealCF_RCDMallorca-128-768x432.jpg","width":768,"height":432},"full":{"url":"https:\/\/villarrealcf.es\/wp-content\/uploads\/2026\/01\/20251122-VillarrealCF_RCDMallorca-128.jpg","width":1920,"height":1081}}},"author_data":{"id":"29","name":"Azahara Beroy","first_name":"Azahara","last_name":"Beroy","description":"","avatar_url":"https:\/\/secure.gravatar.com\/avatar\/91b979a91a1925e60814719244bbf7824af58ced5a6e2130c2611bde24439aa7?s=96&d=mm&r=g","acf":null},"taxonomies_data":{"category":[{"id":13493,"name":"Primer equip","slug":"primer-equip","acf":null},{"id":13493,"name":"Primer equip","slug":"primer-equip","acf":null}],"post_tag":[{"id":717,"name":"Football","slug":"football-d34","acf":null},{"id":9270,"name":"Futbol","slug":"futbol-val","acf":null},{"id":11150,"name":"Horario","slug":"horario-val","acf":null},{"id":14765,"name":"LaLiga EA Sports","slug":"laliga-ea-sports-val","acf":null},{"id":9611,"name":"Levante UD","slug":"levante-ud-val","acf":null},{"id":9278,"name":"primera division","slug":"primera-division-val","acf":null},{"id":716,"name":"Soccer","slug":"soccer-d105","acf":null},{"id":9205,"name":"Submarino","slug":"submarino-val","acf":null},{"id":9627,"name":"Submarino Amarillo","slug":"submarino-amarillo-val","acf":null},{"id":9203,"name":"Villarreal CF","slug":"villarreal-cf-val","acf":null}],"translation_priority":[{"id":735,"name":"Optional","slug":"optional-val","acf":null}]},"seo_full":{"native":{"title":"Horari confirmat per al Levante-Villarreal - Web Oficial del Villarreal CF","description":"El partit ajornat davant el conjunt granota es jugar\u00e0 el dimecres 18 de febrer, a les 20.00 hores","canonical":"https:\/\/villarrealcf.es\/val\/horari-confirmat-per-al-levante-villarreal\/"}},"_links":{"self":[{"href":"https:\/\/villarrealcf.es\/val\/wp-json\/wp\/v2\/posts\/618059","targetHints":{"allow":["GET"]}}],"collection":[{"href":"https:\/\/villarrealcf.es\/val\/wp-json\/wp\/v2\/posts"}],"about":[{"href":"https:\/\/villarrealcf.es\/val\/wp-json\/wp\/v2\/types\/post"}],"author":[{"embeddable":true,"href":"https:\/\/villarrealcf.es\/val\/wp-json\/wp\/v2\/users\/29"}],"replies":[{"embeddable":true,"href":"https:\/\/villarrealcf.es\/val\/wp-json\/wp\/v2\/comments?post=618059"}],"version-history":[{"count":2,"href":"https:\/\/villarrealcf.es\/val\/wp-json\/wp\/v2\/posts\/618059\/revisions"}],"predecessor-version":[{"id":618068,"href":"https:\/\/villarrealcf.es\/val\/wp-json\/wp\/v2\/posts\/618059\/revisions\/618068"}],"wp:featuredmedia":[{"embeddable":true,"href":"https:\/\/villarrealcf.es\/val\/wp-json\/wp\/v2\/media\/618056"}],"wp:attachment":[{"href":"https:\/\/villarrealcf.es\/val\/wp-json\/wp\/v2\/media?parent=618059"}],"wp:term":[{"taxonomy":"category","embeddable":true,"href":"https:\/\/villarrealcf.es\/val\/wp-json\/wp\/v2\/categories?post=618059"},{"taxonomy":"post_tag","embeddable":true,"href":"https:\/\/villarrealcf.es\/val\/wp-json\/wp\/v2\/tags?post=618059"}],"curies":[{"name":"wp","href":"https:\/\/api.w.org\/{rel}","templated":true}]}}