{"id":615925,"date":"2025-12-31T10:47:19","date_gmt":"2025-12-31T09:47:19","guid":{"rendered":"https:\/\/villarrealcf.es\/las-mejores-fotos-del-campus-de-navidad\/"},"modified":"2025-12-31T11:17:20","modified_gmt":"2025-12-31T10:17:20","slug":"les-millors-fotos-del-campus-de-nadal-2025","status":"publish","type":"post","link":"https:\/\/villarrealcf.es\/val\/les-millors-fotos-del-campus-de-nadal-2025\/","title":{"rendered":"Les millors fotos del Campus de Nadal"},"content":{"protected":false,"blocks":[{"type":"heading","widget":"heading","level":2,"text":"M\u00e9s de 130 participants han gaudit del futbol a la Ciutat Esportiva Jos\u00e9 Manuel Llaneza\u200b"},{"type":"text","widget":"text-editor","text":"Gaudix de les millors fotografies del Campus de Nadal 2025:","paragraphs":["Gaudix de les millors fotografies del Campus de Nadal 2025:"]},{"type":"gallery","widget":"gallery","items":[{"url":"https:\/\/villarrealcf.es\/wp-content\/uploads\/2025\/12\/20251230-CampusNavidad-042.jpg","title":"20251230-CampusNavidad-042","thumbnail":"https:\/\/villarrealcf.es\/wp-content\/uploads\/2025\/12\/20251230-CampusNavidad-042-1620x1080.jpg","width":1620,"height":1080},{"url":"https:\/\/villarrealcf.es\/wp-content\/uploads\/2025\/12\/20251230-CampusNavidad-049.jpg","title":"20251230-CampusNavidad-049","thumbnail":"https:\/\/villarrealcf.es\/wp-content\/uploads\/2025\/12\/20251230-CampusNavidad-049-1620x1080.jpg","width":1620,"height":1080},{"url":"https:\/\/villarrealcf.es\/wp-content\/uploads\/2025\/12\/20251230-CampusNavidad-050.jpg","title":"20251230-CampusNavidad-050","thumbnail":"https:\/\/villarrealcf.es\/wp-content\/uploads\/2025\/12\/20251230-CampusNavidad-050-1620x1080.jpg","width":1620,"height":1080},{"url":"https:\/\/villarrealcf.es\/wp-content\/uploads\/2025\/12\/20251230-CampusNavidad-051.jpg","title":"20251230-CampusNavidad-051","thumbnail":"https:\/\/villarrealcf.es\/wp-content\/uploads\/2025\/12\/20251230-CampusNavidad-051-1620x1080.jpg","width":1620,"height":1080},{"url":"https:\/\/villarrealcf.es\/wp-content\/uploads\/2025\/12\/20251230-CampusNavidad-028.jpg","title":"20251230-CampusNavidad-028","thumbnail":"https:\/\/villarrealcf.es\/wp-content\/uploads\/2025\/12\/20251230-CampusNavidad-028-1620x1080.jpg","width":1620,"height":1080},{"url":"https:\/\/villarrealcf.es\/wp-content\/uploads\/2025\/12\/20251230-CampusNavidad-033.jpg","title":"20251230-CampusNavidad-033","thumbnail":"https:\/\/villarrealcf.es\/wp-content\/uploads\/2025\/12\/20251230-CampusNavidad-033-1620x1080.jpg","width":1620,"height":1080},{"url":"https:\/\/villarrealcf.es\/wp-content\/uploads\/2025\/12\/20251230-CampusNavidad-036.jpg","title":"20251230-CampusNavidad-036","thumbnail":"https:\/\/villarrealcf.es\/wp-content\/uploads\/2025\/12\/20251230-CampusNavidad-036-1620x1080.jpg","width":1620,"height":1080},{"url":"https:\/\/villarrealcf.es\/wp-content\/uploads\/2025\/12\/20251230-CampusNavidad-046.jpg","title":"20251230-CampusNavidad-046","thumbnail":"https:\/\/villarrealcf.es\/wp-content\/uploads\/2025\/12\/20251230-CampusNavidad-046-1620x1080.jpg","width":1620,"height":1080},{"url":"https:\/\/villarrealcf.es\/wp-content\/uploads\/2025\/12\/20251230-CampusNavidad-047.jpg","title":"20251230-CampusNavidad-047","thumbnail":"https:\/\/villarrealcf.es\/wp-content\/uploads\/2025\/12\/20251230-CampusNavidad-047-1620x1080.jpg","width":1620,"height":1080},{"url":"https:\/\/villarrealcf.es\/wp-content\/uploads\/2025\/12\/20251230-CampusNavidad-048.jpg","title":"20251230-CampusNavidad-048","thumbnail":"https:\/\/villarrealcf.es\/wp-content\/uploads\/2025\/12\/20251230-CampusNavidad-048-1620x1080.jpg","width":1620,"height":1080},{"url":"https:\/\/villarrealcf.es\/wp-content\/uploads\/2025\/12\/20251230-CampusNavidad-052.jpg","title":"20251230-CampusNavidad-052","thumbnail":"https:\/\/villarrealcf.es\/wp-content\/uploads\/2025\/12\/20251230-CampusNavidad-052-1620x1080.jpg","width":1620,"height":1080},{"url":"https:\/\/villarrealcf.es\/wp-content\/uploads\/2025\/12\/20251230-CampusNavidad-053.jpg","title":"20251230-CampusNavidad-053","thumbnail":"https:\/\/villarrealcf.es\/wp-content\/uploads\/2025\/12\/20251230-CampusNavidad-053-1620x1080.jpg","width":1620,"height":1080},{"url":"https:\/\/villarrealcf.es\/wp-content\/uploads\/2025\/12\/20251230-CampusNavidad-054.jpg","title":"20251230-CampusNavidad-054","thumbnail":"https:\/\/villarrealcf.es\/wp-content\/uploads\/2025\/12\/20251230-CampusNavidad-054-1620x1080.jpg","width":1620,"height":1080},{"url":"https:\/\/villarrealcf.es\/wp-content\/uploads\/2025\/12\/20251230-CampusNavidad-055.jpg","title":"20251230-CampusNavidad-055","thumbnail":"https:\/\/villarrealcf.es\/wp-content\/uploads\/2025\/12\/20251230-CampusNavidad-055-1620x1080.jpg","width":1620,"height":1080},{"url":"https:\/\/villarrealcf.es\/wp-content\/uploads\/2025\/12\/20251230-CampusNavidad-056.jpg","title":"20251230-CampusNavidad-056","thumbnail":"https:\/\/villarrealcf.es\/wp-content\/uploads\/2025\/12\/20251230-CampusNavidad-056-1620x1080.jpg","width":1620,"height":1080},{"url":"https:\/\/villarrealcf.es\/wp-content\/uploads\/2025\/12\/20251230-CampusNavidad-057.jpg","title":"20251230-CampusNavidad-057","thumbnail":"https:\/\/villarrealcf.es\/wp-content\/uploads\/2025\/12\/20251230-CampusNavidad-057-1620x1080.jpg","width":1620,"height":1080},{"url":"https:\/\/villarrealcf.es\/wp-content\/uploads\/2025\/12\/20251230-CampusNavidad-058.jpg","title":"20251230-CampusNavidad-058","thumbnail":"https:\/\/villarrealcf.es\/wp-content\/uploads\/2025\/12\/20251230-CampusNavidad-058-1620x1080.jpg","width":1620,"height":1080},{"url":"https:\/\/villarrealcf.es\/wp-content\/uploads\/2025\/12\/20251230-CampusNavidad-059.jpg","title":"20251230-CampusNavidad-059","thumbnail":"https:\/\/villarrealcf.es\/wp-content\/uploads\/2025\/12\/20251230-CampusNavidad-059-1620x1080.jpg","width":1620,"height":1080},{"url":"https:\/\/villarrealcf.es\/wp-content\/uploads\/2025\/12\/20251230-CampusNavidad-015.jpg","title":"20251230-CampusNavidad-015","thumbnail":"https:\/\/villarrealcf.es\/wp-content\/uploads\/2025\/12\/20251230-CampusNavidad-015-1620x1080.jpg","width":1620,"height":1080},{"url":"https:\/\/villarrealcf.es\/wp-content\/uploads\/2025\/12\/20251230-CampusNavidad-016.jpg","title":"20251230-CampusNavidad-016","thumbnail":"https:\/\/villarrealcf.es\/wp-content\/uploads\/2025\/12\/20251230-CampusNavidad-016-1620x1080.jpg","width":1620,"height":1080},{"url":"https:\/\/villarrealcf.es\/wp-content\/uploads\/2025\/12\/20251230-CampusNavidad-020.jpg","title":"20251230-CampusNavidad-020","thumbnail":"https:\/\/villarrealcf.es\/wp-content\/uploads\/2025\/12\/20251230-CampusNavidad-020-1620x1080.jpg","width":1620,"height":1080},{"url":"https:\/\/villarrealcf.es\/wp-content\/uploads\/2025\/12\/20251230-CampusNavidad-021.jpg","title":"20251230-CampusNavidad-021","thumbnail":"https:\/\/villarrealcf.es\/wp-content\/uploads\/2025\/12\/20251230-CampusNavidad-021-1620x1080.jpg","width":1620,"height":1080},{"url":"https:\/\/villarrealcf.es\/wp-content\/uploads\/2025\/12\/20251230-CampusNavidad-022.jpg","title":"20251230-CampusNavidad-022","thumbnail":"https:\/\/villarrealcf.es\/wp-content\/uploads\/2025\/12\/20251230-CampusNavidad-022-1620x1080.jpg","width":1620,"height":1080},{"url":"https:\/\/villarrealcf.es\/wp-content\/uploads\/2025\/12\/20251230-CampusNavidad-023.jpg","title":"20251230-CampusNavidad-023","thumbnail":"https:\/\/villarrealcf.es\/wp-content\/uploads\/2025\/12\/20251230-CampusNavidad-023-1620x1080.jpg","width":1620,"height":1080},{"url":"https:\/\/villarrealcf.es\/wp-content\/uploads\/2025\/12\/20251230-CampusNavidad-024.jpg","title":"20251230-CampusNavidad-024","thumbnail":"https:\/\/villarrealcf.es\/wp-content\/uploads\/2025\/12\/20251230-CampusNavidad-024-1620x1080.jpg","width":1620,"height":1080},{"url":"https:\/\/villarrealcf.es\/wp-content\/uploads\/2025\/12\/20251230-CampusNavidad-025.jpg","title":"20251230-CampusNavidad-025","thumbnail":"https:\/\/villarrealcf.es\/wp-content\/uploads\/2025\/12\/20251230-CampusNavidad-025-1620x1080.jpg","width":1620,"height":1080},{"url":"https:\/\/villarrealcf.es\/wp-content\/uploads\/2025\/12\/20251230-CampusNavidad-026.jpg","title":"20251230-CampusNavidad-026","thumbnail":"https:\/\/villarrealcf.es\/wp-content\/uploads\/2025\/12\/20251230-CampusNavidad-026-1620x1080.jpg","width":1620,"height":1080},{"url":"https:\/\/villarrealcf.es\/wp-content\/uploads\/2025\/12\/20251230-CampusNavidad-027.jpg","title":"20251230-CampusNavidad-027","thumbnail":"https:\/\/villarrealcf.es\/wp-content\/uploads\/2025\/12\/20251230-CampusNavidad-027-1620x1080.jpg","width":1620,"height":1080},{"url":"https:\/\/villarrealcf.es\/wp-content\/uploads\/2025\/12\/20251230-CampusNavidad-029.jpg","title":"20251230-CampusNavidad-029","thumbnail":"https:\/\/villarrealcf.es\/wp-content\/uploads\/2025\/12\/20251230-CampusNavidad-029-1620x1080.jpg","width":1620,"height":1080},{"url":"https:\/\/villarrealcf.es\/wp-content\/uploads\/2025\/12\/20251230-CampusNavidad-030.jpg","title":"20251230-CampusNavidad-030","thumbnail":"https:\/\/villarrealcf.es\/wp-content\/uploads\/2025\/12\/20251230-CampusNavidad-030-1620x1080.jpg","width":1620,"height":1080},{"url":"https:\/\/villarrealcf.es\/wp-content\/uploads\/2025\/12\/20251230-CampusNavidad-031.jpg","title":"20251230-CampusNavidad-031","thumbnail":"https:\/\/villarrealcf.es\/wp-content\/uploads\/2025\/12\/20251230-CampusNavidad-031-1620x1080.jpg","width":1620,"height":1080},{"url":"https:\/\/villarrealcf.es\/wp-content\/uploads\/2025\/12\/20251230-CampusNavidad-032.jpg","title":"20251230-CampusNavidad-032","thumbnail":"https:\/\/villarrealcf.es\/wp-content\/uploads\/2025\/12\/20251230-CampusNavidad-032-1620x1080.jpg","width":1620,"height":1080},{"url":"https:\/\/villarrealcf.es\/wp-content\/uploads\/2025\/12\/20251230-CampusNavidad-003.jpg","title":"20251230-CampusNavidad-003","thumbnail":"https:\/\/villarrealcf.es\/wp-content\/uploads\/2025\/12\/20251230-CampusNavidad-003-1620x1080.jpg","width":1620,"height":1080},{"url":"https:\/\/villarrealcf.es\/wp-content\/uploads\/2025\/12\/20251230-CampusNavidad-004.jpg","title":"20251230-CampusNavidad-004","thumbnail":"https:\/\/villarrealcf.es\/wp-content\/uploads\/2025\/12\/20251230-CampusNavidad-004-1620x1080.jpg","width":1620,"height":1080},{"url":"https:\/\/villarrealcf.es\/wp-content\/uploads\/2025\/12\/20251230-CampusNavidad-005.jpg","title":"20251230-CampusNavidad-005","thumbnail":"https:\/\/villarrealcf.es\/wp-content\/uploads\/2025\/12\/20251230-CampusNavidad-005-1620x1080.jpg","width":1620,"height":1080},{"url":"https:\/\/villarrealcf.es\/wp-content\/uploads\/2025\/12\/20251230-CampusNavidad-006.jpg","title":"20251230-CampusNavidad-006","thumbnail":"https:\/\/villarrealcf.es\/wp-content\/uploads\/2025\/12\/20251230-CampusNavidad-006-1620x1080.jpg","width":1620,"height":1080},{"url":"https:\/\/villarrealcf.es\/wp-content\/uploads\/2025\/12\/20251230-CampusNavidad-007.jpg","title":"20251230-CampusNavidad-007","thumbnail":"https:\/\/villarrealcf.es\/wp-content\/uploads\/2025\/12\/20251230-CampusNavidad-007-1620x1080.jpg","width":1620,"height":1080},{"url":"https:\/\/villarrealcf.es\/wp-content\/uploads\/2025\/12\/20251230-CampusNavidad-008.jpg","title":"20251230-CampusNavidad-008","thumbnail":"https:\/\/villarrealcf.es\/wp-content\/uploads\/2025\/12\/20251230-CampusNavidad-008-1620x1080.jpg","width":1620,"height":1080},{"url":"https:\/\/villarrealcf.es\/wp-content\/uploads\/2025\/12\/20251230-CampusNavidad-011.jpg","title":"20251230-CampusNavidad-011","thumbnail":"https:\/\/villarrealcf.es\/wp-content\/uploads\/2025\/12\/20251230-CampusNavidad-011-1620x1080.jpg","width":1620,"height":1080},{"url":"https:\/\/villarrealcf.es\/wp-content\/uploads\/2025\/12\/20251230-CampusNavidad-012.jpg","title":"20251230-CampusNavidad-012","thumbnail":"https:\/\/villarrealcf.es\/wp-content\/uploads\/2025\/12\/20251230-CampusNavidad-012-1620x1080.jpg","width":1620,"height":1080},{"url":"https:\/\/villarrealcf.es\/wp-content\/uploads\/2025\/12\/20251230-CampusNavidad-013.jpg","title":"20251230-CampusNavidad-013","thumbnail":"https:\/\/villarrealcf.es\/wp-content\/uploads\/2025\/12\/20251230-CampusNavidad-013-1620x1080.jpg","width":1620,"height":1080},{"url":"https:\/\/villarrealcf.es\/wp-content\/uploads\/2025\/12\/20251230-CampusNavidad-014.jpg","title":"20251230-CampusNavidad-014","thumbnail":"https:\/\/villarrealcf.es\/wp-content\/uploads\/2025\/12\/20251230-CampusNavidad-014-1620x1080.jpg","width":1620,"height":1080},{"url":"https:\/\/villarrealcf.es\/wp-content\/uploads\/2025\/12\/20251230-CampusNavidad-018.jpg","title":"20251230-CampusNavidad-018","thumbnail":"https:\/\/villarrealcf.es\/wp-content\/uploads\/2025\/12\/20251230-CampusNavidad-018-1620x1080.jpg","width":1620,"height":1080},{"url":"https:\/\/villarrealcf.es\/wp-content\/uploads\/2025\/12\/20251230-CampusNavidad-019.jpg","title":"20251230-CampusNavidad-019","thumbnail":"https:\/\/villarrealcf.es\/wp-content\/uploads\/2025\/12\/20251230-CampusNavidad-019-1620x1080.jpg","width":1620,"height":1080},{"url":"https:\/\/villarrealcf.es\/wp-content\/uploads\/2025\/12\/20251230-CampusNavidad-037.jpg","title":"20251230-CampusNavidad-037","thumbnail":"https:\/\/villarrealcf.es\/wp-content\/uploads\/2025\/12\/20251230-CampusNavidad-037-1620x1080.jpg","width":1620,"height":1080}]}],"structured":{"summary":{"text":"M\u00e9s de 130 participants han gaudit del futbol a la Ciutat Esportiva Jos\u00e9 Manuel Llaneza\u200b Gaudix de les millors fotografies del Campus de Nadal 2025:","headings":[{"type":"heading","widget":"heading","level":2,"text":"M\u00e9s de 130 participants han gaudit del futbol a la Ciutat Esportiva Jos\u00e9 Manuel Llaneza\u200b"}],"buttons":[],"images":[],"counts":{"blocks":3,"headings":1,"texts":1,"buttons":0,"images":0},"containers":2},"sections":[{"id":"3d954b2","type":"container","classes":["has-el-gap","el-gap-default","elementor-section","elementor-top-section","elementor-element","elementor-element-3d954b2","elementor-section-boxed","elementor-section-height-default"],"title":"M\u00e9s de 130 participants han gaudit del futbol a la Ciutat Esportiva Jos\u00e9 Manuel Llaneza\u200b","text":"M\u00e9s de 130 participants han gaudit del futbol a la Ciutat Esportiva Jos\u00e9 Manuel Llaneza\u200b Gaudix de les millors fotografies del Campus de Nadal 2025:","headings":[{"type":"heading","widget":"heading","level":2,"text":"M\u00e9s de 130 participants han gaudit del futbol a la Ciutat Esportiva Jos\u00e9 Manuel Llaneza\u200b"}],"texts":[{"type":"text","widget":"text-editor","text":"Gaudix de les millors fotografies del Campus de Nadal 2025:","paragraphs":["Gaudix de les millors fotografies del Campus de Nadal 2025:"]}],"buttons":[],"images":[],"widgets":["heading","text-editor"],"blocks":[{"type":"heading","widget":"heading","level":2,"text":"M\u00e9s de 130 participants han gaudit del futbol a la Ciutat Esportiva Jos\u00e9 Manuel Llaneza\u200b"},{"type":"text","widget":"text-editor","text":"Gaudix de les millors fotografies del Campus de Nadal 2025:","paragraphs":["Gaudix de les millors fotografies del Campus de Nadal 2025:"]}],"children":[]},{"id":"a66873b","type":"container","classes":["has-el-gap","el-gap-default","elementor-section","elementor-top-section","elementor-element","elementor-element-a66873b","elementor-section-boxed","elementor-section-height-default"],"title":"","text":"","headings":[],"texts":[],"buttons":[],"images":[],"widgets":["gallery"],"blocks":[{"type":"gallery","widget":"gallery","items":[{"url":"https:\/\/villarrealcf.es\/wp-content\/uploads\/2025\/12\/20251230-CampusNavidad-042.jpg","title":"20251230-CampusNavidad-042","thumbnail":"https:\/\/villarrealcf.es\/wp-content\/uploads\/2025\/12\/20251230-CampusNavidad-042-1620x1080.jpg","width":1620,"height":1080},{"url":"https:\/\/villarrealcf.es\/wp-content\/uploads\/2025\/12\/20251230-CampusNavidad-049.jpg","title":"20251230-CampusNavidad-049","thumbnail":"https:\/\/villarrealcf.es\/wp-content\/uploads\/2025\/12\/20251230-CampusNavidad-049-1620x1080.jpg","width":1620,"height":1080},{"url":"https:\/\/villarrealcf.es\/wp-content\/uploads\/2025\/12\/20251230-CampusNavidad-050.jpg","title":"20251230-CampusNavidad-050","thumbnail":"https:\/\/villarrealcf.es\/wp-content\/uploads\/2025\/12\/20251230-CampusNavidad-050-1620x1080.jpg","width":1620,"height":1080},{"url":"https:\/\/villarrealcf.es\/wp-content\/uploads\/2025\/12\/20251230-CampusNavidad-051.jpg","title":"20251230-CampusNavidad-051","thumbnail":"https:\/\/villarrealcf.es\/wp-content\/uploads\/2025\/12\/20251230-CampusNavidad-051-1620x1080.jpg","width":1620,"height":1080},{"url":"https:\/\/villarrealcf.es\/wp-content\/uploads\/2025\/12\/20251230-CampusNavidad-028.jpg","title":"20251230-CampusNavidad-028","thumbnail":"https:\/\/villarrealcf.es\/wp-content\/uploads\/2025\/12\/20251230-CampusNavidad-028-1620x1080.jpg","width":1620,"height":1080},{"url":"https:\/\/villarrealcf.es\/wp-content\/uploads\/2025\/12\/20251230-CampusNavidad-033.jpg","title":"20251230-CampusNavidad-033","thumbnail":"https:\/\/villarrealcf.es\/wp-content\/uploads\/2025\/12\/20251230-CampusNavidad-033-1620x1080.jpg","width":1620,"height":1080},{"url":"https:\/\/villarrealcf.es\/wp-content\/uploads\/2025\/12\/20251230-CampusNavidad-036.jpg","title":"20251230-CampusNavidad-036","thumbnail":"https:\/\/villarrealcf.es\/wp-content\/uploads\/2025\/12\/20251230-CampusNavidad-036-1620x1080.jpg","width":1620,"height":1080},{"url":"https:\/\/villarrealcf.es\/wp-content\/uploads\/2025\/12\/20251230-CampusNavidad-046.jpg","title":"20251230-CampusNavidad-046","thumbnail":"https:\/\/villarrealcf.es\/wp-content\/uploads\/2025\/12\/20251230-CampusNavidad-046-1620x1080.jpg","width":1620,"height":1080},{"url":"https:\/\/villarrealcf.es\/wp-content\/uploads\/2025\/12\/20251230-CampusNavidad-047.jpg","title":"20251230-CampusNavidad-047","thumbnail":"https:\/\/villarrealcf.es\/wp-content\/uploads\/2025\/12\/20251230-CampusNavidad-047-1620x1080.jpg","width":1620,"height":1080},{"url":"https:\/\/villarrealcf.es\/wp-content\/uploads\/2025\/12\/20251230-CampusNavidad-048.jpg","title":"20251230-CampusNavidad-048","thumbnail":"https:\/\/villarrealcf.es\/wp-content\/uploads\/2025\/12\/20251230-CampusNavidad-048-1620x1080.jpg","width":1620,"height":1080},{"url":"https:\/\/villarrealcf.es\/wp-content\/uploads\/2025\/12\/20251230-CampusNavidad-052.jpg","title":"20251230-CampusNavidad-052","thumbnail":"https:\/\/villarrealcf.es\/wp-content\/uploads\/2025\/12\/20251230-CampusNavidad-052-1620x1080.jpg","width":1620,"height":1080},{"url":"https:\/\/villarrealcf.es\/wp-content\/uploads\/2025\/12\/20251230-CampusNavidad-053.jpg","title":"20251230-CampusNavidad-053","thumbnail":"https:\/\/villarrealcf.es\/wp-content\/uploads\/2025\/12\/20251230-CampusNavidad-053-1620x1080.jpg","width":1620,"height":1080},{"url":"https:\/\/villarrealcf.es\/wp-content\/uploads\/2025\/12\/20251230-CampusNavidad-054.jpg","title":"20251230-CampusNavidad-054","thumbnail":"https:\/\/villarrealcf.es\/wp-content\/uploads\/2025\/12\/20251230-CampusNavidad-054-1620x1080.jpg","width":1620,"height":1080},{"url":"https:\/\/villarrealcf.es\/wp-content\/uploads\/2025\/12\/20251230-CampusNavidad-055.jpg","title":"20251230-CampusNavidad-055","thumbnail":"https:\/\/villarrealcf.es\/wp-content\/uploads\/2025\/12\/20251230-CampusNavidad-055-1620x1080.jpg","width":1620,"height":1080},{"url":"https:\/\/villarrealcf.es\/wp-content\/uploads\/2025\/12\/20251230-CampusNavidad-056.jpg","title":"20251230-CampusNavidad-056","thumbnail":"https:\/\/villarrealcf.es\/wp-content\/uploads\/2025\/12\/20251230-CampusNavidad-056-1620x1080.jpg","width":1620,"height":1080},{"url":"https:\/\/villarrealcf.es\/wp-content\/uploads\/2025\/12\/20251230-CampusNavidad-057.jpg","title":"20251230-CampusNavidad-057","thumbnail":"https:\/\/villarrealcf.es\/wp-content\/uploads\/2025\/12\/20251230-CampusNavidad-057-1620x1080.jpg","width":1620,"height":1080},{"url":"https:\/\/villarrealcf.es\/wp-content\/uploads\/2025\/12\/20251230-CampusNavidad-058.jpg","title":"20251230-CampusNavidad-058","thumbnail":"https:\/\/villarrealcf.es\/wp-content\/uploads\/2025\/12\/20251230-CampusNavidad-058-1620x1080.jpg","width":1620,"height":1080},{"url":"https:\/\/villarrealcf.es\/wp-content\/uploads\/2025\/12\/20251230-CampusNavidad-059.jpg","title":"20251230-CampusNavidad-059","thumbnail":"https:\/\/villarrealcf.es\/wp-content\/uploads\/2025\/12\/20251230-CampusNavidad-059-1620x1080.jpg","width":1620,"height":1080},{"url":"https:\/\/villarrealcf.es\/wp-content\/uploads\/2025\/12\/20251230-CampusNavidad-015.jpg","title":"20251230-CampusNavidad-015","thumbnail":"https:\/\/villarrealcf.es\/wp-content\/uploads\/2025\/12\/20251230-CampusNavidad-015-1620x1080.jpg","width":1620,"height":1080},{"url":"https:\/\/villarrealcf.es\/wp-content\/uploads\/2025\/12\/20251230-CampusNavidad-016.jpg","title":"20251230-CampusNavidad-016","thumbnail":"https:\/\/villarrealcf.es\/wp-content\/uploads\/2025\/12\/20251230-CampusNavidad-016-1620x1080.jpg","width":1620,"height":1080},{"url":"https:\/\/villarrealcf.es\/wp-content\/uploads\/2025\/12\/20251230-CampusNavidad-020.jpg","title":"20251230-CampusNavidad-020","thumbnail":"https:\/\/villarrealcf.es\/wp-content\/uploads\/2025\/12\/20251230-CampusNavidad-020-1620x1080.jpg","width":1620,"height":1080},{"url":"https:\/\/villarrealcf.es\/wp-content\/uploads\/2025\/12\/20251230-CampusNavidad-021.jpg","title":"20251230-CampusNavidad-021","thumbnail":"https:\/\/villarrealcf.es\/wp-content\/uploads\/2025\/12\/20251230-CampusNavidad-021-1620x1080.jpg","width":1620,"height":1080},{"url":"https:\/\/villarrealcf.es\/wp-content\/uploads\/2025\/12\/20251230-CampusNavidad-022.jpg","title":"20251230-CampusNavidad-022","thumbnail":"https:\/\/villarrealcf.es\/wp-content\/uploads\/2025\/12\/20251230-CampusNavidad-022-1620x1080.jpg","width":1620,"height":1080},{"url":"https:\/\/villarrealcf.es\/wp-content\/uploads\/2025\/12\/20251230-CampusNavidad-023.jpg","title":"20251230-CampusNavidad-023","thumbnail":"https:\/\/villarrealcf.es\/wp-content\/uploads\/2025\/12\/20251230-CampusNavidad-023-1620x1080.jpg","width":1620,"height":1080},{"url":"https:\/\/villarrealcf.es\/wp-content\/uploads\/2025\/12\/20251230-CampusNavidad-024.jpg","title":"20251230-CampusNavidad-024","thumbnail":"https:\/\/villarrealcf.es\/wp-content\/uploads\/2025\/12\/20251230-CampusNavidad-024-1620x1080.jpg","width":1620,"height":1080},{"url":"https:\/\/villarrealcf.es\/wp-content\/uploads\/2025\/12\/20251230-CampusNavidad-025.jpg","title":"20251230-CampusNavidad-025","thumbnail":"https:\/\/villarrealcf.es\/wp-content\/uploads\/2025\/12\/20251230-CampusNavidad-025-1620x1080.jpg","width":1620,"height":1080},{"url":"https:\/\/villarrealcf.es\/wp-content\/uploads\/2025\/12\/20251230-CampusNavidad-026.jpg","title":"20251230-CampusNavidad-026","thumbnail":"https:\/\/villarrealcf.es\/wp-content\/uploads\/2025\/12\/20251230-CampusNavidad-026-1620x1080.jpg","width":1620,"height":1080},{"url":"https:\/\/villarrealcf.es\/wp-content\/uploads\/2025\/12\/20251230-CampusNavidad-027.jpg","title":"20251230-CampusNavidad-027","thumbnail":"https:\/\/villarrealcf.es\/wp-content\/uploads\/2025\/12\/20251230-CampusNavidad-027-1620x1080.jpg","width":1620,"height":1080},{"url":"https:\/\/villarrealcf.es\/wp-content\/uploads\/2025\/12\/20251230-CampusNavidad-029.jpg","title":"20251230-CampusNavidad-029","thumbnail":"https:\/\/villarrealcf.es\/wp-content\/uploads\/2025\/12\/20251230-CampusNavidad-029-1620x1080.jpg","width":1620,"height":1080},{"url":"https:\/\/villarrealcf.es\/wp-content\/uploads\/2025\/12\/20251230-CampusNavidad-030.jpg","title":"20251230-CampusNavidad-030","thumbnail":"https:\/\/villarrealcf.es\/wp-content\/uploads\/2025\/12\/20251230-CampusNavidad-030-1620x1080.jpg","width":1620,"height":1080},{"url":"https:\/\/villarrealcf.es\/wp-content\/uploads\/2025\/12\/20251230-CampusNavidad-031.jpg","title":"20251230-CampusNavidad-031","thumbnail":"https:\/\/villarrealcf.es\/wp-content\/uploads\/2025\/12\/20251230-CampusNavidad-031-1620x1080.jpg","width":1620,"height":1080},{"url":"https:\/\/villarrealcf.es\/wp-content\/uploads\/2025\/12\/20251230-CampusNavidad-032.jpg","title":"20251230-CampusNavidad-032","thumbnail":"https:\/\/villarrealcf.es\/wp-content\/uploads\/2025\/12\/20251230-CampusNavidad-032-1620x1080.jpg","width":1620,"height":1080},{"url":"https:\/\/villarrealcf.es\/wp-content\/uploads\/2025\/12\/20251230-CampusNavidad-003.jpg","title":"20251230-CampusNavidad-003","thumbnail":"https:\/\/villarrealcf.es\/wp-content\/uploads\/2025\/12\/20251230-CampusNavidad-003-1620x1080.jpg","width":1620,"height":1080},{"url":"https:\/\/villarrealcf.es\/wp-content\/uploads\/2025\/12\/20251230-CampusNavidad-004.jpg","title":"20251230-CampusNavidad-004","thumbnail":"https:\/\/villarrealcf.es\/wp-content\/uploads\/2025\/12\/20251230-CampusNavidad-004-1620x1080.jpg","width":1620,"height":1080},{"url":"https:\/\/villarrealcf.es\/wp-content\/uploads\/2025\/12\/20251230-CampusNavidad-005.jpg","title":"20251230-CampusNavidad-005","thumbnail":"https:\/\/villarrealcf.es\/wp-content\/uploads\/2025\/12\/20251230-CampusNavidad-005-1620x1080.jpg","width":1620,"height":1080},{"url":"https:\/\/villarrealcf.es\/wp-content\/uploads\/2025\/12\/20251230-CampusNavidad-006.jpg","title":"20251230-CampusNavidad-006","thumbnail":"https:\/\/villarrealcf.es\/wp-content\/uploads\/2025\/12\/20251230-CampusNavidad-006-1620x1080.jpg","width":1620,"height":1080},{"url":"https:\/\/villarrealcf.es\/wp-content\/uploads\/2025\/12\/20251230-CampusNavidad-007.jpg","title":"20251230-CampusNavidad-007","thumbnail":"https:\/\/villarrealcf.es\/wp-content\/uploads\/2025\/12\/20251230-CampusNavidad-007-1620x1080.jpg","width":1620,"height":1080},{"url":"https:\/\/villarrealcf.es\/wp-content\/uploads\/2025\/12\/20251230-CampusNavidad-008.jpg","title":"20251230-CampusNavidad-008","thumbnail":"https:\/\/villarrealcf.es\/wp-content\/uploads\/2025\/12\/20251230-CampusNavidad-008-1620x1080.jpg","width":1620,"height":1080},{"url":"https:\/\/villarrealcf.es\/wp-content\/uploads\/2025\/12\/20251230-CampusNavidad-011.jpg","title":"20251230-CampusNavidad-011","thumbnail":"https:\/\/villarrealcf.es\/wp-content\/uploads\/2025\/12\/20251230-CampusNavidad-011-1620x1080.jpg","width":1620,"height":1080},{"url":"https:\/\/villarrealcf.es\/wp-content\/uploads\/2025\/12\/20251230-CampusNavidad-012.jpg","title":"20251230-CampusNavidad-012","thumbnail":"https:\/\/villarrealcf.es\/wp-content\/uploads\/2025\/12\/20251230-CampusNavidad-012-1620x1080.jpg","width":1620,"height":1080},{"url":"https:\/\/villarrealcf.es\/wp-content\/uploads\/2025\/12\/20251230-CampusNavidad-013.jpg","title":"20251230-CampusNavidad-013","thumbnail":"https:\/\/villarrealcf.es\/wp-content\/uploads\/2025\/12\/20251230-CampusNavidad-013-1620x1080.jpg","width":1620,"height":1080},{"url":"https:\/\/villarrealcf.es\/wp-content\/uploads\/2025\/12\/20251230-CampusNavidad-014.jpg","title":"20251230-CampusNavidad-014","thumbnail":"https:\/\/villarrealcf.es\/wp-content\/uploads\/2025\/12\/20251230-CampusNavidad-014-1620x1080.jpg","width":1620,"height":1080},{"url":"https:\/\/villarrealcf.es\/wp-content\/uploads\/2025\/12\/20251230-CampusNavidad-018.jpg","title":"20251230-CampusNavidad-018","thumbnail":"https:\/\/villarrealcf.es\/wp-content\/uploads\/2025\/12\/20251230-CampusNavidad-018-1620x1080.jpg","width":1620,"height":1080},{"url":"https:\/\/villarrealcf.es\/wp-content\/uploads\/2025\/12\/20251230-CampusNavidad-019.jpg","title":"20251230-CampusNavidad-019","thumbnail":"https:\/\/villarrealcf.es\/wp-content\/uploads\/2025\/12\/20251230-CampusNavidad-019-1620x1080.jpg","width":1620,"height":1080},{"url":"https:\/\/villarrealcf.es\/wp-content\/uploads\/2025\/12\/20251230-CampusNavidad-037.jpg","title":"20251230-CampusNavidad-037","thumbnail":"https:\/\/villarrealcf.es\/wp-content\/uploads\/2025\/12\/20251230-CampusNavidad-037-1620x1080.jpg","width":1620,"height":1080}]}],"children":[]}],"hero":{"id":"3d954b2","type":"container","classes":["has-el-gap","el-gap-default","elementor-section","elementor-top-section","elementor-element","elementor-element-3d954b2","elementor-section-boxed","elementor-section-height-default"],"title":"M\u00e9s de 130 participants han gaudit del futbol a la Ciutat Esportiva Jos\u00e9 Manuel Llaneza\u200b","text":"M\u00e9s de 130 participants han gaudit del futbol a la Ciutat Esportiva Jos\u00e9 Manuel Llaneza\u200b Gaudix de les millors fotografies del Campus de Nadal 2025:","headings":[{"type":"heading","widget":"heading","level":2,"text":"M\u00e9s de 130 participants han gaudit del futbol a la Ciutat Esportiva Jos\u00e9 Manuel Llaneza\u200b"}],"texts":[{"type":"text","widget":"text-editor","text":"Gaudix de les millors fotografies del Campus de Nadal 2025:","paragraphs":["Gaudix de les millors fotografies del Campus de Nadal 2025:"]}],"buttons":[],"images":[],"widgets":["heading","text-editor"],"blocks":[{"type":"heading","widget":"heading","level":2,"text":"M\u00e9s de 130 participants han gaudit del futbol a la Ciutat Esportiva Jos\u00e9 Manuel Llaneza\u200b"},{"type":"text","widget":"text-editor","text":"Gaudix de les millors fotografies del Campus de Nadal 2025:","paragraphs":["Gaudix de les millors fotografies del Campus de Nadal 2025:"]}],"children":[]}},"sections":[{"id":"3d954b2","title":"M\u00e9s de 130 participants han gaudit del futbol a la Ciutat Esportiva Jos\u00e9 Manuel Llaneza\u200b","text":"M\u00e9s de 130 participants han gaudit del futbol a la Ciutat Esportiva Jos\u00e9 Manuel Llaneza\u200b Gaudix de les millors fotografies del Campus de Nadal 2025:","url":"","background_image":"","images":[],"videos":[],"links":[]},{"id":"a66873b","title":"","text":"","url":"https:\/\/villarrealcf.es\/wp-content\/uploads\/2025\/12\/20251230-CampusNavidad-042.jpg","background_image":"","images":[],"videos":[],"links":[{"url":"https:\/\/villarrealcf.es\/wp-content\/uploads\/2025\/12\/20251230-CampusNavidad-042.jpg","text":"","target":""},{"url":"https:\/\/villarrealcf.es\/wp-content\/uploads\/2025\/12\/20251230-CampusNavidad-049.jpg","text":"","target":""},{"url":"https:\/\/villarrealcf.es\/wp-content\/uploads\/2025\/12\/20251230-CampusNavidad-050.jpg","text":"","target":""},{"url":"https:\/\/villarrealcf.es\/wp-content\/uploads\/2025\/12\/20251230-CampusNavidad-051.jpg","text":"","target":""},{"url":"https:\/\/villarrealcf.es\/wp-content\/uploads\/2025\/12\/20251230-CampusNavidad-028.jpg","text":"","target":""},{"url":"https:\/\/villarrealcf.es\/wp-content\/uploads\/2025\/12\/20251230-CampusNavidad-033.jpg","text":"","target":""},{"url":"https:\/\/villarrealcf.es\/wp-content\/uploads\/2025\/12\/20251230-CampusNavidad-036.jpg","text":"","target":""},{"url":"https:\/\/villarrealcf.es\/wp-content\/uploads\/2025\/12\/20251230-CampusNavidad-046.jpg","text":"","target":""},{"url":"https:\/\/villarrealcf.es\/wp-content\/uploads\/2025\/12\/20251230-CampusNavidad-047.jpg","text":"","target":""},{"url":"https:\/\/villarrealcf.es\/wp-content\/uploads\/2025\/12\/20251230-CampusNavidad-048.jpg","text":"","target":""},{"url":"https:\/\/villarrealcf.es\/wp-content\/uploads\/2025\/12\/20251230-CampusNavidad-052.jpg","text":"","target":""},{"url":"https:\/\/villarrealcf.es\/wp-content\/uploads\/2025\/12\/20251230-CampusNavidad-053.jpg","text":"","target":""},{"url":"https:\/\/villarrealcf.es\/wp-content\/uploads\/2025\/12\/20251230-CampusNavidad-054.jpg","text":"","target":""},{"url":"https:\/\/villarrealcf.es\/wp-content\/uploads\/2025\/12\/20251230-CampusNavidad-055.jpg","text":"","target":""},{"url":"https:\/\/villarrealcf.es\/wp-content\/uploads\/2025\/12\/20251230-CampusNavidad-056.jpg","text":"","target":""},{"url":"https:\/\/villarrealcf.es\/wp-content\/uploads\/2025\/12\/20251230-CampusNavidad-057.jpg","text":"","target":""},{"url":"https:\/\/villarrealcf.es\/wp-content\/uploads\/2025\/12\/20251230-CampusNavidad-058.jpg","text":"","target":""},{"url":"https:\/\/villarrealcf.es\/wp-content\/uploads\/2025\/12\/20251230-CampusNavidad-059.jpg","text":"","target":""},{"url":"https:\/\/villarrealcf.es\/wp-content\/uploads\/2025\/12\/20251230-CampusNavidad-015.jpg","text":"","target":""},{"url":"https:\/\/villarrealcf.es\/wp-content\/uploads\/2025\/12\/20251230-CampusNavidad-016.jpg","text":"","target":""},{"url":"https:\/\/villarrealcf.es\/wp-content\/uploads\/2025\/12\/20251230-CampusNavidad-020.jpg","text":"","target":""},{"url":"https:\/\/villarrealcf.es\/wp-content\/uploads\/2025\/12\/20251230-CampusNavidad-021.jpg","text":"","target":""},{"url":"https:\/\/villarrealcf.es\/wp-content\/uploads\/2025\/12\/20251230-CampusNavidad-022.jpg","text":"","target":""},{"url":"https:\/\/villarrealcf.es\/wp-content\/uploads\/2025\/12\/20251230-CampusNavidad-023.jpg","text":"","target":""},{"url":"https:\/\/villarrealcf.es\/wp-content\/uploads\/2025\/12\/20251230-CampusNavidad-024.jpg","text":"","target":""},{"url":"https:\/\/villarrealcf.es\/wp-content\/uploads\/2025\/12\/20251230-CampusNavidad-025.jpg","text":"","target":""},{"url":"https:\/\/villarrealcf.es\/wp-content\/uploads\/2025\/12\/20251230-CampusNavidad-026.jpg","text":"","target":""},{"url":"https:\/\/villarrealcf.es\/wp-content\/uploads\/2025\/12\/20251230-CampusNavidad-027.jpg","text":"","target":""},{"url":"https:\/\/villarrealcf.es\/wp-content\/uploads\/2025\/12\/20251230-CampusNavidad-029.jpg","text":"","target":""},{"url":"https:\/\/villarrealcf.es\/wp-content\/uploads\/2025\/12\/20251230-CampusNavidad-030.jpg","text":"","target":""},{"url":"https:\/\/villarrealcf.es\/wp-content\/uploads\/2025\/12\/20251230-CampusNavidad-031.jpg","text":"","target":""},{"url":"https:\/\/villarrealcf.es\/wp-content\/uploads\/2025\/12\/20251230-CampusNavidad-032.jpg","text":"","target":""},{"url":"https:\/\/villarrealcf.es\/wp-content\/uploads\/2025\/12\/20251230-CampusNavidad-003.jpg","text":"","target":""},{"url":"https:\/\/villarrealcf.es\/wp-content\/uploads\/2025\/12\/20251230-CampusNavidad-004.jpg","text":"","target":""},{"url":"https:\/\/villarrealcf.es\/wp-content\/uploads\/2025\/12\/20251230-CampusNavidad-005.jpg","text":"","target":""},{"url":"https:\/\/villarrealcf.es\/wp-content\/uploads\/2025\/12\/20251230-CampusNavidad-006.jpg","text":"","target":""},{"url":"https:\/\/villarrealcf.es\/wp-content\/uploads\/2025\/12\/20251230-CampusNavidad-007.jpg","text":"","target":""},{"url":"https:\/\/villarrealcf.es\/wp-content\/uploads\/2025\/12\/20251230-CampusNavidad-008.jpg","text":"","target":""},{"url":"https:\/\/villarrealcf.es\/wp-content\/uploads\/2025\/12\/20251230-CampusNavidad-011.jpg","text":"","target":""},{"url":"https:\/\/villarrealcf.es\/wp-content\/uploads\/2025\/12\/20251230-CampusNavidad-012.jpg","text":"","target":""},{"url":"https:\/\/villarrealcf.es\/wp-content\/uploads\/2025\/12\/20251230-CampusNavidad-013.jpg","text":"","target":""},{"url":"https:\/\/villarrealcf.es\/wp-content\/uploads\/2025\/12\/20251230-CampusNavidad-014.jpg","text":"","target":""},{"url":"https:\/\/villarrealcf.es\/wp-content\/uploads\/2025\/12\/20251230-CampusNavidad-018.jpg","text":"","target":""},{"url":"https:\/\/villarrealcf.es\/wp-content\/uploads\/2025\/12\/20251230-CampusNavidad-019.jpg","text":"","target":""},{"url":"https:\/\/villarrealcf.es\/wp-content\/uploads\/2025\/12\/20251230-CampusNavidad-037.jpg","text":"","target":""}]}]},"excerpt":{"rendered":"M\u00e9s de 130 participants han gaudit del futbol a la Ciutat Esportiva Jos\u00e9 Manuel Llaneza\u200b Gaudix de les millors fotografies del Campus de Nadal 2025:","protected":false},"author":25,"featured_media":615772,"comment_status":"closed","ping_status":"closed","sticky":false,"template":"","format":"standard","meta":{"_acf_changed":false,"footnotes":""},"categories":[13803],"tags":[13474,13416],"acf":null,"lang":"val","translations":{"es":615769,"en":615924,"val":615925},"essential_grid":{"has_grid":false},"formatted_date":"December 31, 2025","modified_date":"December 31, 2025","permalink":"https:\/\/villarrealcf.es\/val\/les-millors-fotos-del-campus-de-nadal-2025\/","reading_time":1,"featured_media_data":{"id":615772,"title":"mikautadze_navidad","caption":"","alt_text":"","description":"","mime_type":"image\/jpeg","source_url":"https:\/\/villarrealcf.es\/wp-content\/uploads\/2025\/12\/mikautadze_navidad.jpg","sizes":{"thumbnail":{"url":"https:\/\/villarrealcf.es\/wp-content\/uploads\/2025\/12\/mikautadze_navidad-1920x1080.jpg","width":1920,"height":1080},"medium":{"url":"https:\/\/villarrealcf.es\/wp-content\/uploads\/2025\/12\/mikautadze_navidad-1920x1080.jpg","width":1920,"height":1080},"medium_large":{"url":"https:\/\/villarrealcf.es\/wp-content\/uploads\/2025\/12\/mikautadze_navidad-768x432.jpg","width":768,"height":432},"large":{"url":"https:\/\/villarrealcf.es\/wp-content\/uploads\/2025\/12\/mikautadze_navidad-1920x1080.jpg","width":788,"height":443},"1536x1536":{"url":"https:\/\/villarrealcf.es\/wp-content\/uploads\/2025\/12\/mikautadze_navidad-1536x864.jpg","width":1536,"height":864},"2048x2048":{"url":"https:\/\/villarrealcf.es\/wp-content\/uploads\/2025\/12\/mikautadze_navidad-2048x1152.jpg","width":2048,"height":1152},"tp-image-grid":{"url":"https:\/\/villarrealcf.es\/wp-content\/uploads\/2025\/12\/mikautadze_navidad-700x700.jpg","width":700,"height":700},"size-bunyad-medium":{"url":"https:\/\/villarrealcf.es\/wp-content\/uploads\/2025\/12\/mikautadze_navidad-1920x1080.jpg","width":1920,"height":1080},"sportspress-crop-medium":{"url":"https:\/\/villarrealcf.es\/wp-content\/uploads\/2025\/12\/mikautadze_navidad-300x300.jpg","width":300,"height":300},"sportspress-fit-medium":{"url":"https:\/\/villarrealcf.es\/wp-content\/uploads\/2025\/12\/mikautadze_navidad-300x169.jpg","width":300,"height":169},"sportspress-fit-icon":{"url":"https:\/\/villarrealcf.es\/wp-content\/uploads\/2025\/12\/mikautadze_navidad-128x72.jpg","width":128,"height":72},"sportspress-fit-mini":{"url":"https:\/\/villarrealcf.es\/wp-content\/uploads\/2025\/12\/mikautadze_navidad-32x18.jpg","width":32,"height":18},"bunyad-small":{"url":"https:\/\/villarrealcf.es\/wp-content\/uploads\/2025\/12\/mikautadze_navidad-150x84.jpg","width":150,"height":84},"bunyad-medium":{"url":"https:\/\/villarrealcf.es\/wp-content\/uploads\/2025\/12\/mikautadze_navidad-450x253.jpg","width":450,"height":253},"bunyad-full":{"url":"https:\/\/villarrealcf.es\/wp-content\/uploads\/2025\/12\/mikautadze_navidad-1200x675.jpg","width":1200,"height":675},"bunyad-viewport":{"url":"https:\/\/villarrealcf.es\/wp-content\/uploads\/2025\/12\/mikautadze_navidad-2048x1152.jpg","width":2048,"height":1152},"bunyad-768":{"url":"https:\/\/villarrealcf.es\/wp-content\/uploads\/2025\/12\/mikautadze_navidad-768x432.jpg","width":768,"height":432},"full":{"url":"https:\/\/villarrealcf.es\/wp-content\/uploads\/2025\/12\/mikautadze_navidad.jpg","width":2835,"height":1594}}},"author_data":{"id":"25","name":"Javier Ayuso","first_name":"Javier","last_name":"Ayuso","description":"","avatar_url":"https:\/\/secure.gravatar.com\/avatar\/fcf8894be45988fcce5bbff0efe1790d2a7f4ba57e2c7c898f5068154e696495?s=96&d=mm&r=g","acf":null},"taxonomies_data":{"category":[{"id":13803,"name":"Futbol base","slug":"futbol-base-val-2","acf":null}],"post_tag":[{"id":13474,"name":"Galer\u00eda","slug":"galeria-val","acf":null},{"id":13416,"name":"Galer\u00eda F\u00fatbol Base","slug":"galeria-futbol-base-val","acf":null}],"translation_priority":[{"id":735,"name":"Optional","slug":"optional-val","acf":null}]},"seo_full":{"native":{"title":"Les millors fotos del Campus de Nadal - Web Oficial del Villarreal CF","description":"M\u00e9s de 130 participants han gaudit del futbol a la Ciutat Esportiva Jos\u00e9 Manuel Llaneza\u200b Gaudix de les millors fotografies&hellip;","canonical":"https:\/\/villarrealcf.es\/val\/les-millors-fotos-del-campus-de-nadal-2025\/"}},"_links":{"self":[{"href":"https:\/\/villarrealcf.es\/val\/wp-json\/wp\/v2\/posts\/615925","targetHints":{"allow":["GET"]}}],"collection":[{"href":"https:\/\/villarrealcf.es\/val\/wp-json\/wp\/v2\/posts"}],"about":[{"href":"https:\/\/villarrealcf.es\/val\/wp-json\/wp\/v2\/types\/post"}],"author":[{"embeddable":true,"href":"https:\/\/villarrealcf.es\/val\/wp-json\/wp\/v2\/users\/25"}],"replies":[{"embeddable":true,"href":"https:\/\/villarrealcf.es\/val\/wp-json\/wp\/v2\/comments?post=615925"}],"version-history":[{"count":5,"href":"https:\/\/villarrealcf.es\/val\/wp-json\/wp\/v2\/posts\/615925\/revisions"}],"predecessor-version":[{"id":615932,"href":"https:\/\/villarrealcf.es\/val\/wp-json\/wp\/v2\/posts\/615925\/revisions\/615932"}],"wp:featuredmedia":[{"embeddable":true,"href":"https:\/\/villarrealcf.es\/val\/wp-json\/wp\/v2\/media\/615772"}],"wp:attachment":[{"href":"https:\/\/villarrealcf.es\/val\/wp-json\/wp\/v2\/media?parent=615925"}],"wp:term":[{"taxonomy":"category","embeddable":true,"href":"https:\/\/villarrealcf.es\/val\/wp-json\/wp\/v2\/categories?post=615925"},{"taxonomy":"post_tag","embeddable":true,"href":"https:\/\/villarrealcf.es\/val\/wp-json\/wp\/v2\/tags?post=615925"}],"curies":[{"name":"wp","href":"https:\/\/api.w.org\/{rel}","templated":true}]}}