{"id":613713,"date":"2025-12-04T13:44:11","date_gmt":"2025-12-04T12:44:11","guid":{"rendered":"https:\/\/villarrealcf.es\/el-villarreal-a-doblegar-a-un-aguerrido-getafe\/"},"modified":"2025-12-05T13:21:49","modified_gmt":"2025-12-05T12:21:49","slug":"el-villarreal-a-doblegar-a-un-aguerrido-getafe","status":"publish","type":"post","link":"https:\/\/villarrealcf.es\/val\/el-villarreal-a-doblegar-a-un-aguerrido-getafe\/","title":{"rendered":"El Villarreal, a doblegar a un aguerrit Getafe"},"content":{"protected":false,"blocks":[{"type":"heading","level":2,"text":"El Submar\u00ed Groc s\u2019enfronta al conjunt madrileny amb l\u2019objectiu d\u2019allargar la millor arrancada de lliga de la seua hist\u00f2ria (dissabte, 14.00h)"},{"type":"paragraph","text":"Un partit llarg davant un rival inc\u00f2mode. El Villarreal CF rep aquest dissabte al Getafe CF a l\u2019Estadio de la Cer\u00e1mica amb l\u2019objectiu de prolongar la seua millor arrancada de lliga de la hist\u00f2ria en l\u2019elit (14.00 hores). El conjunt groguet, invicte a casa, cerca al costat de la seua afici\u00f3 la sisena vict\u00f2ria consecutiva en LaLiga."},{"type":"paragraph","text":"Els de Marcelino Garc\u00eda Toral arriben a aquest partit despr\u00e9s de dues vict\u00f2ries en els \u00faltims compassos. El triomf \u2018in extremis\u2019 davant la Real Sociedad diumenge passat. A m\u00e9s, el recent passe a la seg\u00fcent ronda copera despr\u00e9s dels penals en Lebrija amb Arnau Tenas com a protagonista final. Els de Marcelino sumaran un partit m\u00e9s al calendari de desembre despr\u00e9s de la classificaci\u00f3 davant l\u2019Atl\u00e9tico Antoniano."},{"type":"paragraph","text":"Per part seua, els de Jos\u00e9 Bordal\u00e1s tamb\u00e9 arriben al partit havent fet els deures en Copa del Rei, despr\u00e9s de derrotar al CD Navalcarnero remuntant un 2-0 en contra i guanyant en la pr\u00f2rroga 2-3. L\u2019equip azul\u00f3n \u00e9s set\u00e9 en Lliga amb 20 punts despr\u00e9s de 14 jornades disputades."},{"type":"paragraph","text":"Dades sobre el partit"},{"type":"paragraph","text":"Com a curiositat el primer partit de lliga en primera divisi\u00f3 entre tots dos, el va guanyar el conjunt groguet (1-2), el 12 de desembre de 2004. Entre els jugadors que han jugat en tots dos equips destaquen els seg\u00fcents noms, entre altres: Dani Parejo, Kiko Femen\u00eda, Moi G\u00f3mez o Gica Craioveanu."},{"type":"paragraph","text":"Comparativa dels \u2018cervells\u2019 de tots dos equips"}],"structured":{"summary":{"text":"El Submar\u00ed Groc s\u2019enfronta al conjunt madrileny amb l\u2019objectiu d\u2019allargar la millor arrancada de lliga de la seua hist\u00f2ria (dissabte, 14.00h) Un partit llarg davant un rival inc\u00f2mode. El Villarreal CF rep aquest dissabte al Getafe CF a l\u2019Estadio de la Cer\u00e1mica amb l\u2019objectiu de prolongar la seua millor arrancada de lliga de la hist\u00f2ria en l\u2019elit (14.00 hores). El conjunt groguet, invicte a casa, cerca al costat de la seua afici\u00f3 la sisena vict\u00f2ria consecutiva en LaLiga. Els de Marcelino Garc\u00eda Toral arriben a aquest partit despr\u00e9s de dues vict\u00f2ries en els \u00faltims compassos. El triomf \u2018in extremis\u2019 davant la Real Sociedad diumenge passat. A m\u00e9s, el recent passe a la seg\u00fcent ronda copera despr\u00e9s dels penals en Lebrija amb Arnau Tenas com a protagonista final. Els de Marcelino sumaran un partit m\u00e9s al calendari de desembre despr\u00e9s de la classificaci\u00f3 davant l\u2019Atl\u00e9tico Antoniano. Per part seua, els de Jos\u00e9 Bordal\u00e1s tamb\u00e9 arriben al partit havent fet els deures en Copa del Rei, despr\u00e9s de derrotar al CD Navalcarnero remuntant un 2-0 en contra i guanyant en la pr\u00f2rroga 2-3. L\u2019equip azul\u00f3n \u00e9s set\u00e9 en Lliga amb 20 punts despr\u00e9s de 14 jornades disputades. Dades sobre el partit Com a curiositat el primer partit de lliga en primera divisi\u00f3 entre tots dos, el va guanyar el conjunt groguet (1-2), el 12 de desembre de 2004. Entre els jugadors que han jugat en tots dos equips destaquen els seg\u00fcents noms, entre altres: Dani Parejo, Kiko Femen\u00eda, Moi G\u00f3mez o Gica Craioveanu. Comparativa dels \u2018cervells\u2019 de tots dos equips","headings":[{"type":"heading","level":2,"text":"El Submar\u00ed Groc s\u2019enfronta al conjunt madrileny amb l\u2019objectiu d\u2019allargar la millor arrancada de lliga de la seua hist\u00f2ria (dissabte, 14.00h)"}],"buttons":[],"images":[],"counts":{"blocks":7,"headings":1,"texts":6,"buttons":0,"images":0}},"sections":[{"id":"section-1","title":"El Submar\u00ed Groc s\u2019enfronta al conjunt madrileny amb l\u2019objectiu d\u2019allargar la millor arrancada de lliga de la seua hist\u00f2ria (dissabte, 14.00h)","text":"El Submar\u00ed Groc s\u2019enfronta al conjunt madrileny amb l\u2019objectiu d\u2019allargar la millor arrancada de lliga de la seua hist\u00f2ria (dissabte, 14.00h) Un partit llarg davant un rival inc\u00f2mode. El Villarreal CF rep aquest dissabte al Getafe CF a l\u2019Estadio de la Cer\u00e1mica amb l\u2019objectiu de prolongar la seua millor arrancada de lliga de la hist\u00f2ria en l\u2019elit (14.00 hores). El conjunt groguet, invicte a casa, cerca al costat de la seua afici\u00f3 la sisena vict\u00f2ria consecutiva en LaLiga. Els de Marcelino Garc\u00eda Toral arriben a aquest partit despr\u00e9s de dues vict\u00f2ries en els \u00faltims compassos. El triomf \u2018in extremis\u2019 davant la Real Sociedad diumenge passat. A m\u00e9s, el recent passe a la seg\u00fcent ronda copera despr\u00e9s dels penals en Lebrija amb Arnau Tenas com a protagonista final. Els de Marcelino sumaran un partit m\u00e9s al calendari de desembre despr\u00e9s de la classificaci\u00f3 davant l\u2019Atl\u00e9tico Antoniano. Per part seua, els de Jos\u00e9 Bordal\u00e1s tamb\u00e9 arriben al partit havent fet els deures en Copa del Rei, despr\u00e9s de derrotar al CD Navalcarnero remuntant un 2-0 en contra i guanyant en la pr\u00f2rroga 2-3. L\u2019equip azul\u00f3n \u00e9s set\u00e9 en Lliga amb 20 punts despr\u00e9s de 14 jornades disputades. Dades sobre el partit Com a curiositat el primer partit de lliga en primera divisi\u00f3 entre tots dos, el va guanyar el conjunt groguet (1-2), el 12 de desembre de 2004. Entre els jugadors que han jugat en tots dos equips destaquen els seg\u00fcents noms, entre altres: Dani Parejo, Kiko Femen\u00eda, Moi G\u00f3mez o Gica Craioveanu. Comparativa dels \u2018cervells\u2019 de tots dos equips","headings":[{"type":"heading","level":2,"text":"El Submar\u00ed Groc s\u2019enfronta al conjunt madrileny amb l\u2019objectiu d\u2019allargar la millor arrancada de lliga de la seua hist\u00f2ria (dissabte, 14.00h)"}],"texts":[{"type":"paragraph","text":"Un partit llarg davant un rival inc\u00f2mode. El Villarreal CF rep aquest dissabte al Getafe CF a l\u2019Estadio de la Cer\u00e1mica amb l\u2019objectiu de prolongar la seua millor arrancada de lliga de la hist\u00f2ria en l\u2019elit (14.00 hores). El conjunt groguet, invicte a casa, cerca al costat de la seua afici\u00f3 la sisena vict\u00f2ria consecutiva en LaLiga."},{"type":"paragraph","text":"Els de Marcelino Garc\u00eda Toral arriben a aquest partit despr\u00e9s de dues vict\u00f2ries en els \u00faltims compassos. El triomf \u2018in extremis\u2019 davant la Real Sociedad diumenge passat. A m\u00e9s, el recent passe a la seg\u00fcent ronda copera despr\u00e9s dels penals en Lebrija amb Arnau Tenas com a protagonista final. Els de Marcelino sumaran un partit m\u00e9s al calendari de desembre despr\u00e9s de la classificaci\u00f3 davant l\u2019Atl\u00e9tico Antoniano."},{"type":"paragraph","text":"Per part seua, els de Jos\u00e9 Bordal\u00e1s tamb\u00e9 arriben al partit havent fet els deures en Copa del Rei, despr\u00e9s de derrotar al CD Navalcarnero remuntant un 2-0 en contra i guanyant en la pr\u00f2rroga 2-3. L\u2019equip azul\u00f3n \u00e9s set\u00e9 en Lliga amb 20 punts despr\u00e9s de 14 jornades disputades."},{"type":"paragraph","text":"Dades sobre el partit"},{"type":"paragraph","text":"Com a curiositat el primer partit de lliga en primera divisi\u00f3 entre tots dos, el va guanyar el conjunt groguet (1-2), el 12 de desembre de 2004. Entre els jugadors que han jugat en tots dos equips destaquen els seg\u00fcents noms, entre altres: Dani Parejo, Kiko Femen\u00eda, Moi G\u00f3mez o Gica Craioveanu."},{"type":"paragraph","text":"Comparativa dels \u2018cervells\u2019 de tots dos equips"}],"buttons":[],"images":[],"widgets":[],"blocks":[{"type":"heading","level":2,"text":"El Submar\u00ed Groc s\u2019enfronta al conjunt madrileny amb l\u2019objectiu d\u2019allargar la millor arrancada de lliga de la seua hist\u00f2ria (dissabte, 14.00h)"},{"type":"paragraph","text":"Un partit llarg davant un rival inc\u00f2mode. El Villarreal CF rep aquest dissabte al Getafe CF a l\u2019Estadio de la Cer\u00e1mica amb l\u2019objectiu de prolongar la seua millor arrancada de lliga de la hist\u00f2ria en l\u2019elit (14.00 hores). El conjunt groguet, invicte a casa, cerca al costat de la seua afici\u00f3 la sisena vict\u00f2ria consecutiva en LaLiga."},{"type":"paragraph","text":"Els de Marcelino Garc\u00eda Toral arriben a aquest partit despr\u00e9s de dues vict\u00f2ries en els \u00faltims compassos. El triomf \u2018in extremis\u2019 davant la Real Sociedad diumenge passat. A m\u00e9s, el recent passe a la seg\u00fcent ronda copera despr\u00e9s dels penals en Lebrija amb Arnau Tenas com a protagonista final. Els de Marcelino sumaran un partit m\u00e9s al calendari de desembre despr\u00e9s de la classificaci\u00f3 davant l\u2019Atl\u00e9tico Antoniano."},{"type":"paragraph","text":"Per part seua, els de Jos\u00e9 Bordal\u00e1s tamb\u00e9 arriben al partit havent fet els deures en Copa del Rei, despr\u00e9s de derrotar al CD Navalcarnero remuntant un 2-0 en contra i guanyant en la pr\u00f2rroga 2-3. L\u2019equip azul\u00f3n \u00e9s set\u00e9 en Lliga amb 20 punts despr\u00e9s de 14 jornades disputades."},{"type":"paragraph","text":"Dades sobre el partit"},{"type":"paragraph","text":"Com a curiositat el primer partit de lliga en primera divisi\u00f3 entre tots dos, el va guanyar el conjunt groguet (1-2), el 12 de desembre de 2004. Entre els jugadors que han jugat en tots dos equips destaquen els seg\u00fcents noms, entre altres: Dani Parejo, Kiko Femen\u00eda, Moi G\u00f3mez o Gica Craioveanu."},{"type":"paragraph","text":"Comparativa dels \u2018cervells\u2019 de tots dos equips"}]}],"hero":{"id":"section-1","title":"El Submar\u00ed Groc s\u2019enfronta al conjunt madrileny amb l\u2019objectiu d\u2019allargar la millor arrancada de lliga de la seua hist\u00f2ria (dissabte, 14.00h)","text":"El Submar\u00ed Groc s\u2019enfronta al conjunt madrileny amb l\u2019objectiu d\u2019allargar la millor arrancada de lliga de la seua hist\u00f2ria (dissabte, 14.00h) Un partit llarg davant un rival inc\u00f2mode. El Villarreal CF rep aquest dissabte al Getafe CF a l\u2019Estadio de la Cer\u00e1mica amb l\u2019objectiu de prolongar la seua millor arrancada de lliga de la hist\u00f2ria en l\u2019elit (14.00 hores). El conjunt groguet, invicte a casa, cerca al costat de la seua afici\u00f3 la sisena vict\u00f2ria consecutiva en LaLiga. Els de Marcelino Garc\u00eda Toral arriben a aquest partit despr\u00e9s de dues vict\u00f2ries en els \u00faltims compassos. El triomf \u2018in extremis\u2019 davant la Real Sociedad diumenge passat. A m\u00e9s, el recent passe a la seg\u00fcent ronda copera despr\u00e9s dels penals en Lebrija amb Arnau Tenas com a protagonista final. Els de Marcelino sumaran un partit m\u00e9s al calendari de desembre despr\u00e9s de la classificaci\u00f3 davant l\u2019Atl\u00e9tico Antoniano. Per part seua, els de Jos\u00e9 Bordal\u00e1s tamb\u00e9 arriben al partit havent fet els deures en Copa del Rei, despr\u00e9s de derrotar al CD Navalcarnero remuntant un 2-0 en contra i guanyant en la pr\u00f2rroga 2-3. L\u2019equip azul\u00f3n \u00e9s set\u00e9 en Lliga amb 20 punts despr\u00e9s de 14 jornades disputades. Dades sobre el partit Com a curiositat el primer partit de lliga en primera divisi\u00f3 entre tots dos, el va guanyar el conjunt groguet (1-2), el 12 de desembre de 2004. Entre els jugadors que han jugat en tots dos equips destaquen els seg\u00fcents noms, entre altres: Dani Parejo, Kiko Femen\u00eda, Moi G\u00f3mez o Gica Craioveanu. Comparativa dels \u2018cervells\u2019 de tots dos equips","headings":[{"type":"heading","level":2,"text":"El Submar\u00ed Groc s\u2019enfronta al conjunt madrileny amb l\u2019objectiu d\u2019allargar la millor arrancada de lliga de la seua hist\u00f2ria (dissabte, 14.00h)"}],"texts":[{"type":"paragraph","text":"Un partit llarg davant un rival inc\u00f2mode. El Villarreal CF rep aquest dissabte al Getafe CF a l\u2019Estadio de la Cer\u00e1mica amb l\u2019objectiu de prolongar la seua millor arrancada de lliga de la hist\u00f2ria en l\u2019elit (14.00 hores). El conjunt groguet, invicte a casa, cerca al costat de la seua afici\u00f3 la sisena vict\u00f2ria consecutiva en LaLiga."},{"type":"paragraph","text":"Els de Marcelino Garc\u00eda Toral arriben a aquest partit despr\u00e9s de dues vict\u00f2ries en els \u00faltims compassos. El triomf \u2018in extremis\u2019 davant la Real Sociedad diumenge passat. A m\u00e9s, el recent passe a la seg\u00fcent ronda copera despr\u00e9s dels penals en Lebrija amb Arnau Tenas com a protagonista final. Els de Marcelino sumaran un partit m\u00e9s al calendari de desembre despr\u00e9s de la classificaci\u00f3 davant l\u2019Atl\u00e9tico Antoniano."},{"type":"paragraph","text":"Per part seua, els de Jos\u00e9 Bordal\u00e1s tamb\u00e9 arriben al partit havent fet els deures en Copa del Rei, despr\u00e9s de derrotar al CD Navalcarnero remuntant un 2-0 en contra i guanyant en la pr\u00f2rroga 2-3. L\u2019equip azul\u00f3n \u00e9s set\u00e9 en Lliga amb 20 punts despr\u00e9s de 14 jornades disputades."},{"type":"paragraph","text":"Dades sobre el partit"},{"type":"paragraph","text":"Com a curiositat el primer partit de lliga en primera divisi\u00f3 entre tots dos, el va guanyar el conjunt groguet (1-2), el 12 de desembre de 2004. Entre els jugadors que han jugat en tots dos equips destaquen els seg\u00fcents noms, entre altres: Dani Parejo, Kiko Femen\u00eda, Moi G\u00f3mez o Gica Craioveanu."},{"type":"paragraph","text":"Comparativa dels \u2018cervells\u2019 de tots dos equips"}],"buttons":[],"images":[],"widgets":[],"blocks":[{"type":"heading","level":2,"text":"El Submar\u00ed Groc s\u2019enfronta al conjunt madrileny amb l\u2019objectiu d\u2019allargar la millor arrancada de lliga de la seua hist\u00f2ria (dissabte, 14.00h)"},{"type":"paragraph","text":"Un partit llarg davant un rival inc\u00f2mode. El Villarreal CF rep aquest dissabte al Getafe CF a l\u2019Estadio de la Cer\u00e1mica amb l\u2019objectiu de prolongar la seua millor arrancada de lliga de la hist\u00f2ria en l\u2019elit (14.00 hores). El conjunt groguet, invicte a casa, cerca al costat de la seua afici\u00f3 la sisena vict\u00f2ria consecutiva en LaLiga."},{"type":"paragraph","text":"Els de Marcelino Garc\u00eda Toral arriben a aquest partit despr\u00e9s de dues vict\u00f2ries en els \u00faltims compassos. El triomf \u2018in extremis\u2019 davant la Real Sociedad diumenge passat. A m\u00e9s, el recent passe a la seg\u00fcent ronda copera despr\u00e9s dels penals en Lebrija amb Arnau Tenas com a protagonista final. Els de Marcelino sumaran un partit m\u00e9s al calendari de desembre despr\u00e9s de la classificaci\u00f3 davant l\u2019Atl\u00e9tico Antoniano."},{"type":"paragraph","text":"Per part seua, els de Jos\u00e9 Bordal\u00e1s tamb\u00e9 arriben al partit havent fet els deures en Copa del Rei, despr\u00e9s de derrotar al CD Navalcarnero remuntant un 2-0 en contra i guanyant en la pr\u00f2rroga 2-3. L\u2019equip azul\u00f3n \u00e9s set\u00e9 en Lliga amb 20 punts despr\u00e9s de 14 jornades disputades."},{"type":"paragraph","text":"Dades sobre el partit"},{"type":"paragraph","text":"Com a curiositat el primer partit de lliga en primera divisi\u00f3 entre tots dos, el va guanyar el conjunt groguet (1-2), el 12 de desembre de 2004. Entre els jugadors que han jugat en tots dos equips destaquen els seg\u00fcents noms, entre altres: Dani Parejo, Kiko Femen\u00eda, Moi G\u00f3mez o Gica Craioveanu."},{"type":"paragraph","text":"Comparativa dels \u2018cervells\u2019 de tots dos equips"}]}},"sections":[{"id":"section-1","title":"El Submar\u00ed Groc s\u2019enfronta al conjunt madrileny amb l\u2019objectiu d\u2019allargar la millor arrancada de lliga de la seua hist\u00f2ria (dissabte, 14.00h)","text":"El Submar\u00ed Groc s\u2019enfronta al conjunt madrileny amb l\u2019objectiu d\u2019allargar la millor arrancada de lliga de la seua hist\u00f2ria (dissabte, 14.00h) Un partit llarg davant un rival inc\u00f2mode. El Villarreal CF rep aquest dissabte al Getafe CF a l\u2019Estadio de la Cer\u00e1mica amb l\u2019objectiu de prolongar la seua millor arrancada de lliga de la hist\u00f2ria en l\u2019elit (14.00 hores). El conjunt groguet, invicte a casa, cerca al costat de la seua afici\u00f3 la sisena vict\u00f2ria consecutiva en LaLiga. Els de Marcelino Garc\u00eda Toral arriben a aquest partit despr\u00e9s de dues vict\u00f2ries en els \u00faltims compassos. El triomf \u2018in extremis\u2019 davant la Real Sociedad diumenge passat. A m\u00e9s, el recent passe a la seg\u00fcent ronda copera despr\u00e9s dels penals en Lebrija amb Arnau Tenas com a protagonista final. Els de Marcelino sumaran un partit m\u00e9s al calendari de desembre despr\u00e9s de la classificaci\u00f3 davant l\u2019Atl\u00e9tico Antoniano. Per part seua, els de Jos\u00e9 Bordal\u00e1s tamb\u00e9 arriben al partit havent fet els deures en Copa del Rei, despr\u00e9s de derrotar al CD Navalcarnero remuntant un 2-0 en contra i guanyant en la pr\u00f2rroga 2-3. L\u2019equip azul\u00f3n \u00e9s set\u00e9 en Lliga amb 20 punts despr\u00e9s de 14 jornades disputades. Dades sobre el partit Com a curiositat el primer partit de lliga en primera divisi\u00f3 entre tots dos, el va guanyar el conjunt groguet (1-2), el 12 de desembre de 2004. Entre els jugadors que han jugat en tots dos equips destaquen els seg\u00fcents noms, entre altres: Dani Parejo, Kiko Femen\u00eda, Moi G\u00f3mez o Gica Craioveanu. Comparativa dels \u2018cervells\u2019 de tots dos equips","url":"","background_image":"","images":[],"videos":[],"links":[]}]},"excerpt":{"rendered":"El Submar\u00ed Groc s&#8217;enfronta al conjunt madrileny amb l&#8217;objectiu d&#8217;allargar la millor arrancada de lliga de la seua hist\u00f2ria (dissabte, 14.00h)","protected":false},"author":22,"featured_media":613666,"comment_status":"closed","ping_status":"closed","sticky":false,"template":"","format":"standard","meta":{"_acf_changed":false,"footnotes":""},"categories":[13493,13493],"tags":[12489,11429,717,9270,9717,10366,11042,9219,9205,9627,9203],"acf":null,"lang":"val","translations":{"es":613656,"en":613658,"val":613713},"essential_grid":{"has_grid":false},"formatted_date":"December 4, 2025","modified_date":"December 5, 2025","permalink":"https:\/\/villarrealcf.es\/val\/el-villarreal-a-doblegar-a-un-aguerrido-getafe\/","reading_time":2,"featured_media_data":{"id":613666,"title":"VillarrealCF-GetafeCF-198","caption":"","alt_text":"","description":"","mime_type":"image\/jpeg","source_url":"https:\/\/villarrealcf.es\/wp-content\/uploads\/2025\/12\/VillarrealCF-GetafeCF-198.jpg","sizes":{"thumbnail":{"url":"https:\/\/villarrealcf.es\/wp-content\/uploads\/2025\/12\/VillarrealCF-GetafeCF-198.jpg","width":1920,"height":1080},"medium":{"url":"https:\/\/villarrealcf.es\/wp-content\/uploads\/2025\/12\/VillarrealCF-GetafeCF-198.jpg","width":1920,"height":1080},"medium_large":{"url":"https:\/\/villarrealcf.es\/wp-content\/uploads\/2025\/12\/VillarrealCF-GetafeCF-198-768x432.jpg","width":768,"height":432},"large":{"url":"https:\/\/villarrealcf.es\/wp-content\/uploads\/2025\/12\/VillarrealCF-GetafeCF-198.jpg","width":788,"height":443},"1536x1536":{"url":"https:\/\/villarrealcf.es\/wp-content\/uploads\/2025\/12\/VillarrealCF-GetafeCF-198-1536x864.jpg","width":1536,"height":864},"2048x2048":{"url":"https:\/\/villarrealcf.es\/wp-content\/uploads\/2025\/12\/VillarrealCF-GetafeCF-198.jpg","width":1920,"height":1080},"tp-image-grid":{"url":"https:\/\/villarrealcf.es\/wp-content\/uploads\/2025\/12\/VillarrealCF-GetafeCF-198-700x700.jpg","width":700,"height":700},"size-bunyad-medium":{"url":"https:\/\/villarrealcf.es\/wp-content\/uploads\/2025\/12\/VillarrealCF-GetafeCF-198.jpg","width":1920,"height":1080},"sportspress-crop-medium":{"url":"https:\/\/villarrealcf.es\/wp-content\/uploads\/2025\/12\/VillarrealCF-GetafeCF-198-300x300.jpg","width":300,"height":300},"sportspress-fit-medium":{"url":"https:\/\/villarrealcf.es\/wp-content\/uploads\/2025\/12\/VillarrealCF-GetafeCF-198-300x169.jpg","width":300,"height":169},"sportspress-fit-icon":{"url":"https:\/\/villarrealcf.es\/wp-content\/uploads\/2025\/12\/VillarrealCF-GetafeCF-198-128x72.jpg","width":128,"height":72},"sportspress-fit-mini":{"url":"https:\/\/villarrealcf.es\/wp-content\/uploads\/2025\/12\/VillarrealCF-GetafeCF-198-32x18.jpg","width":32,"height":18},"bunyad-small":{"url":"https:\/\/villarrealcf.es\/wp-content\/uploads\/2025\/12\/VillarrealCF-GetafeCF-198-150x84.jpg","width":150,"height":84},"bunyad-medium":{"url":"https:\/\/villarrealcf.es\/wp-content\/uploads\/2025\/12\/VillarrealCF-GetafeCF-198-450x253.jpg","width":450,"height":253},"bunyad-full":{"url":"https:\/\/villarrealcf.es\/wp-content\/uploads\/2025\/12\/VillarrealCF-GetafeCF-198-1200x675.jpg","width":1200,"height":675},"bunyad-viewport":{"url":"https:\/\/villarrealcf.es\/wp-content\/uploads\/2025\/12\/VillarrealCF-GetafeCF-198.jpg","width":1920,"height":1080},"bunyad-768":{"url":"https:\/\/villarrealcf.es\/wp-content\/uploads\/2025\/12\/VillarrealCF-GetafeCF-198-768x432.jpg","width":768,"height":432},"full":{"url":"https:\/\/villarrealcf.es\/wp-content\/uploads\/2025\/12\/VillarrealCF-GetafeCF-198.jpg","width":1920,"height":1080}}},"author_data":{"id":"22","name":"David Calder\u00f3n","first_name":"David","last_name":"Calder\u00f3n","description":"","avatar_url":"https:\/\/secure.gravatar.com\/avatar\/ca3914b05e6ff912415bb0b95a9fd87c2bbaf349c1fcd08d38cd4e6c56646e58?s=96&d=mm&r=g","acf":null},"taxonomies_data":{"category":[{"id":13493,"name":"Primer equip","slug":"primer-equip","acf":null},{"id":13493,"name":"Primer equip","slug":"primer-equip","acf":null}],"post_tag":[{"id":12489,"name":"Dani Parejo","slug":"dani-parejo-val","acf":null},{"id":11429,"name":"Estadio de la Cer\u00e1mica","slug":"estadio-de-la-ceramica-val","acf":null},{"id":717,"name":"Football","slug":"football-d34","acf":null},{"id":9270,"name":"Futbol","slug":"futbol-val","acf":null},{"id":9717,"name":"Getafe CF","slug":"getafe-cf-val","acf":null},{"id":10366,"name":"Jornada 14","slug":"jornada-14-val","acf":null},{"id":11042,"name":"LaLiga","slug":"laliga-val","acf":null},{"id":9219,"name":"Marcelino Garc\u00eda Toral","slug":"marcelino-garcia-toral-val","acf":null},{"id":9205,"name":"Submarino","slug":"submarino-val","acf":null},{"id":9627,"name":"Submarino Amarillo","slug":"submarino-amarillo-val","acf":null},{"id":9203,"name":"Villarreal CF","slug":"villarreal-cf-val","acf":null}],"translation_priority":[{"id":735,"name":"Optional","slug":"optional-val","acf":null}]},"seo_full":{"native":{"title":"El Villarreal, a doblegar a un aguerrit Getafe - Web Oficial del Villarreal CF","description":"El Submar\u00ed Groc s'enfronta al conjunt madrileny amb l'objectiu d'allargar la millor arrancada de lliga de la seua hist\u00f2ria (dissabte, 14.00h)","canonical":"https:\/\/villarrealcf.es\/val\/el-villarreal-a-doblegar-a-un-aguerrido-getafe\/"}},"_links":{"self":[{"href":"https:\/\/villarrealcf.es\/val\/wp-json\/wp\/v2\/posts\/613713","targetHints":{"allow":["GET"]}}],"collection":[{"href":"https:\/\/villarrealcf.es\/val\/wp-json\/wp\/v2\/posts"}],"about":[{"href":"https:\/\/villarrealcf.es\/val\/wp-json\/wp\/v2\/types\/post"}],"author":[{"embeddable":true,"href":"https:\/\/villarrealcf.es\/val\/wp-json\/wp\/v2\/users\/22"}],"replies":[{"embeddable":true,"href":"https:\/\/villarrealcf.es\/val\/wp-json\/wp\/v2\/comments?post=613713"}],"version-history":[{"count":1,"href":"https:\/\/villarrealcf.es\/val\/wp-json\/wp\/v2\/posts\/613713\/revisions"}],"predecessor-version":[{"id":613715,"href":"https:\/\/villarrealcf.es\/val\/wp-json\/wp\/v2\/posts\/613713\/revisions\/613715"}],"wp:featuredmedia":[{"embeddable":true,"href":"https:\/\/villarrealcf.es\/val\/wp-json\/wp\/v2\/media\/613666"}],"wp:attachment":[{"href":"https:\/\/villarrealcf.es\/val\/wp-json\/wp\/v2\/media?parent=613713"}],"wp:term":[{"taxonomy":"category","embeddable":true,"href":"https:\/\/villarrealcf.es\/val\/wp-json\/wp\/v2\/categories?post=613713"},{"taxonomy":"post_tag","embeddable":true,"href":"https:\/\/villarrealcf.es\/val\/wp-json\/wp\/v2\/tags?post=613713"}],"curies":[{"name":"wp","href":"https:\/\/api.w.org\/{rel}","templated":true}]}}