{"id":608339,"date":"2025-10-22T15:54:54","date_gmt":"2025-10-22T13:54:54","guid":{"rendered":"https:\/\/villarrealcf.es\/comunicado-oficial-partido-en-miami\/"},"modified":"2025-10-22T16:07:31","modified_gmt":"2025-10-22T14:07:31","slug":"comunicado-oficial-partido-en-miami","status":"publish","type":"post","link":"https:\/\/villarrealcf.es\/val\/comunicado-oficial-partido-en-miami\/","title":{"rendered":"Comunicat oficial: Partit a Miami"},"content":{"protected":false,"blocks":[{"type":"heading","level":2,"text":"El Villarreal CF expressa el seu malestar amb LaLiga per la seua gesti\u00f3 en l\u2019organitzaci\u00f3 de l\u2019encontre que s\u2019havia de disputar als Estats Units davant el FC Barcelona"},{"type":"paragraph","text":"El Villarreal CF vol expressar el seu profund malestar amb LaLiga per la mala gesti\u00f3 realitzada en l\u2019organitzaci\u00f3 del partit previst per a disputar-se a Miami davant el FC Barcelona el 20 de desembre, corresponent a la jornada 17, que finalment no es dur\u00e0 a terme als Estats Units."},{"type":"paragraph","text":"Com ja ha fet esta temporada en reiterades compareixences de premsa a trav\u00e9s del president de l\u2019entitat, Fernando Roig, i del conseller delegat, Fernando Roig Negueroles, el club desitja recordar amb detall tota la cronologia dels fets sobre este assumpte:"},{"type":"paragraph","text":"El projecte de jugar un partit de LaLiga fora d\u2019Espanya \u00e9s una iniciativa que naix de la pr\u00f2pia Lliga per a l\u2019expansi\u00f3 global de la competici\u00f3. LaLiga va proposar al Villarreal CF este estiu participar-hi i ser l\u2019amfitri\u00f3 d\u2019este encontre que es disputaria contra el FC Barcelona abans de l\u2019aturada nadalenca. El Villarreal CF, com ja ha expressat p\u00fablicament en reiterades ocasions, ho accepta perqu\u00e8 considera que este projecte \u00e9s molt bo per al creixement del club i, sobretot, per a contribuir al desenvolupament de la competici\u00f3, per\u00f2 exigeix dues condicions fonamentals i de compliment obligatori per a la seua realitzaci\u00f3:"},{"type":"list","style":"ol","items":["Que els diners destinats a esta iniciativa per LaLiga siguen per a compensar els abonats del Villarreal CF, que s\u00f3n els veritables afectats per perdre\u2019s un dels partits que ja tenen incl\u00f2s en el seu abonament, oferint-los la possibilitat de viatjar gratis a Miami per a veure el partit o retornant-los part dels diners de l\u2019abonament de la temporada.","Que cap dels dos clubs participants obtinga cap benefici econ\u00f2mic directe per part de LaLiga per disputar este partit, ja que els diners havien d\u2019anar destinats a compensar els abonats del Villarreal \u2014com s\u2019aclareix en el punt 1\u2014 i perqu\u00e8, a m\u00e9s, seria injust per a la resta de clubs de LaLiga."]},{"type":"paragraph","text":"LaLiga ent\u00e9n i accedeix a estes peticions i el Villarreal CF procedix a seguir les seues indicacions per a formalitzar la petici\u00f3 entre totes les parts, ja que ha de ser la pr\u00f2pia Lliga, com a organisme responsable i qui lidera esta iniciativa a tots els nivells, la que haja de sol\u00b7licitar tots els permisos corresponents i traslladar tota la informaci\u00f3 a la resta de clubs i als diferents organismes competents com la RFEF, la UEFA, la FIFA i l\u2019AFE."},{"type":"paragraph","text":"Des que es va comen\u00e7ar a considerar esta possibilitat a l\u2019estiu, entenent la complexitat log\u00edstica d\u2019un partit d\u2019esta dimensi\u00f3 i el que implica un despla\u00e7ament massiu d\u2019aficionats a un altre continent, el Villarreal CF es va posar a total disposici\u00f3 de LaLiga i li va insistir en la import\u00e0ncia de treballar amb antelaci\u00f3 i planificaci\u00f3 per a poder atendre totes les necessitats corresponents."},{"type":"paragraph","text":"En no haver-hi avan\u00e7os en el desenvolupament i l\u2019organitzaci\u00f3 per part de LaLiga, el Villarreal CF li ha transm\u00e9s la seua m\u00e0xima preocupaci\u00f3 en reiterades ocasions a este organisme i l\u2019ha instat a definir aspectes tan b\u00e0sics i fonamentals com la confirmaci\u00f3 de l\u2019horari del partit i la contractaci\u00f3 de l\u2019ag\u00e8ncia de viatges per a un despla\u00e7ament d\u2019esta envergadura, vitals per a poder comen\u00e7ar amb l\u2019organitzaci\u00f3. De fet, este dijous hi havia una reuni\u00f3 programada en la qual, si no es resolien estes q\u00fcestions de manera immediata, el club anava a retirar-se del projecte per no tindre les condicions m\u00ednimes garantides per a l\u2019organitzaci\u00f3."},{"type":"paragraph","text":"Ahir a la nit, minuts abans de l\u2019inici del partit entre el Villarreal CF i el Manchester City per la Liga de Campeones a l\u2019Estadio de la Cer\u00e1mica, el club va ser notificat per tel\u00e8fon per part de LaLiga que es cancel\u00b7lava el partit per decisi\u00f3 de l\u2019empresa promotora, per\u00f2 que era una informaci\u00f3 confidencial i es buscaria el millor moment per a comunicar-ho conjuntament, tal com s\u2019havia fet per a notificar la confirmaci\u00f3 del partit el 8 d\u2019octubre."},{"type":"paragraph","text":"No obstant aix\u00f2, minuts despr\u00e9s i per sorpresa de l\u2019entitat, LaLiga va decidir fer un comunicat unilateral per anunciar la cancel\u00b7laci\u00f3 d\u2019un encontre que implicava el Villarreal ni m\u00e9s ni menys que durant la disputa d\u2019un partit tan important per al club, mostrant una falta de respecte total i absoluta cap al club, aix\u00ed com una escassa sensibilitat i empatia."},{"type":"paragraph","text":"El Villarreal CF lamenta que LaLiga, com a organitzador, no haja liderat millor la gesti\u00f3 i que finalment no puga dur-se a terme el partit de LaLiga a Miami, perqu\u00e8 creu que \u00e9s una bona oportunitat per al creixement dels clubs i de LaLiga a nivell internacional. Per la seua part, la instituci\u00f3 continuar\u00e0 amb la seua pol\u00edtica i filosofia de seguir contribuint al progr\u00e9s del club i de la pr\u00f2pia competici\u00f3."}],"structured":{"summary":{"text":"El Villarreal CF expressa el seu malestar amb LaLiga per la seua gesti\u00f3 en l\u2019organitzaci\u00f3 de l\u2019encontre que s\u2019havia de disputar als Estats Units davant el FC Barcelona El Villarreal CF vol expressar el seu profund malestar amb LaLiga per la mala gesti\u00f3 realitzada en l\u2019organitzaci\u00f3 del partit previst per a disputar-se a Miami davant el FC Barcelona el 20 de desembre, corresponent a la jornada 17, que finalment no es dur\u00e0 a terme als Estats Units. Com ja ha fet esta temporada en reiterades compareixences de premsa a trav\u00e9s del president de l\u2019entitat, Fernando Roig, i del conseller delegat, Fernando Roig Negueroles, el club desitja recordar amb detall tota la cronologia dels fets sobre este assumpte: El projecte de jugar un partit de LaLiga fora d\u2019Espanya \u00e9s una iniciativa que naix de la pr\u00f2pia Lliga per a l\u2019expansi\u00f3 global de la competici\u00f3. LaLiga va proposar al Villarreal CF este estiu participar-hi i ser l\u2019amfitri\u00f3 d\u2019este encontre que es disputaria contra el FC Barcelona abans de l\u2019aturada nadalenca. El Villarreal CF, com ja ha expressat p\u00fablicament en reiterades ocasions, ho accepta perqu\u00e8 considera que este projecte \u00e9s molt bo per al creixement del club i, sobretot, per a contribuir al desenvolupament de la competici\u00f3, per\u00f2 exigeix dues condicions fonamentals i de compliment obligatori per a la seua realitzaci\u00f3: Que els diners destinats a esta iniciativa per LaLiga siguen per a compensar els abonats del Villarreal CF, que s\u00f3n els veritables afectats per perdre\u2019s un dels partits que ja tenen incl\u00f2s en el seu abonament, oferint-los la possibilitat de viatjar gratis a Miami per a veure el partit o retornant-los part dels diners de l\u2019abonament de la temporada. Que cap dels dos clubs participants obtinga cap benefici econ\u00f2mic directe per part de LaLiga per disputar este partit, ja que els diners havien d\u2019anar destinats a compensar els abonats del Villarreal \u2014com s\u2019aclareix en el punt 1\u2014 i perqu\u00e8, a m\u00e9s, seria injust per a la resta de clubs de LaLiga. LaLiga ent\u00e9n i accedeix a estes peticions i el Villarreal CF procedix a seguir les seues indicacions per a formalitzar la petici\u00f3 entre totes les parts, ja que ha de ser la pr\u00f2pia Lliga, com a organisme responsable i qui lidera esta iniciativa a tots els nivells, la que haja de sol\u00b7licitar tots els permisos corresponents i traslladar tota la informaci\u00f3 a la resta de clubs i als diferents organismes competents com la RFEF, la UEFA, la FIFA i l\u2019AFE. Des que es va comen\u00e7ar a considerar esta possibilitat a l\u2019estiu, entenent la complexitat log\u00edstica d\u2019un partit d\u2019esta dimensi\u00f3 i el que implica un despla\u00e7ament massiu d\u2019aficionats a un altre continent, el Villarreal CF es va posar a total disposici\u00f3 de LaLiga i li va insistir en la import\u00e0ncia de treballar amb antelaci\u00f3 i planificaci\u00f3 per a poder atendre totes les necessitats corresponents. En no haver-hi avan\u00e7os en el desenvolupament i l\u2019organitzaci\u00f3 per part de LaLiga, el Villarreal CF li ha transm\u00e9s la seua m\u00e0xima preocupaci\u00f3 en reiterades ocasions a este organisme i l\u2019ha instat a definir aspectes tan b\u00e0sics i fonamentals com la confirmaci\u00f3 de l\u2019horari del partit i la contractaci\u00f3 de l\u2019ag\u00e8ncia de viatges per a un despla\u00e7ament d\u2019esta envergadura, vitals per a poder comen\u00e7ar amb l\u2019organitzaci\u00f3. De fet, este dijous hi havia una reuni\u00f3 programada en la qual, si no es resolien estes q\u00fcestions de manera immediata, el club anava a retirar-se del projecte per no tindre les condicions m\u00ednimes garantides per a l\u2019organitzaci\u00f3. Ahir a la nit, minuts abans de l\u2019inici del partit entre el Villarreal CF i el Manchester City per la Liga de Campeones a l\u2019Estadio de la Cer\u00e1mica, el club va ser notificat per tel\u00e8fon per part de LaLiga que es cancel\u00b7lava el partit per decisi\u00f3 de l\u2019empresa promotora, per\u00f2 que era una informaci\u00f3 confidencial i es buscaria el millor moment per a comunicar-ho conjuntament, tal com s\u2019havia fet per a notificar la confirmaci\u00f3 del partit el 8 d\u2019octubre. No obstant aix\u00f2, minuts despr\u00e9s i per sorpresa de l\u2019entitat, LaLiga va decidir fer un comunicat unilateral per anunciar la cancel\u00b7laci\u00f3 d\u2019un encontre que implicava el Villarreal ni m\u00e9s ni menys que durant la disputa d\u2019un partit tan important per al club, mostrant una falta de respecte total i absoluta cap al club, aix\u00ed com una escassa sensibilitat i empatia. El Villarreal CF lamenta que LaLiga, com a organitzador, no haja liderat millor la gesti\u00f3 i que finalment no puga dur-se a terme el partit de LaLiga a Miami, perqu\u00e8 creu que \u00e9s una bona oportunitat per al creixement dels clubs i de LaLiga a nivell internacional. Per la seua part, la instituci\u00f3 continuar\u00e0 amb la seua pol\u00edtica i filosofia de seguir contribuint al progr\u00e9s del club i de la pr\u00f2pia competici\u00f3.","headings":[{"type":"heading","level":2,"text":"El Villarreal CF expressa el seu malestar amb LaLiga per la seua gesti\u00f3 en l\u2019organitzaci\u00f3 de l\u2019encontre que s\u2019havia de disputar als Estats Units davant el FC Barcelona"}],"buttons":[],"images":[],"counts":{"blocks":11,"headings":1,"texts":9,"buttons":0,"images":0}},"sections":[{"id":"section-1","title":"El Villarreal CF expressa el seu malestar amb LaLiga per la seua gesti\u00f3 en l\u2019organitzaci\u00f3 de l\u2019encontre que s\u2019havia de disputar als Estats Units davant el FC Barcelona","text":"El Villarreal CF expressa el seu malestar amb LaLiga per la seua gesti\u00f3 en l\u2019organitzaci\u00f3 de l\u2019encontre que s\u2019havia de disputar als Estats Units davant el FC Barcelona El Villarreal CF vol expressar el seu profund malestar amb LaLiga per la mala gesti\u00f3 realitzada en l\u2019organitzaci\u00f3 del partit previst per a disputar-se a Miami davant el FC Barcelona el 20 de desembre, corresponent a la jornada 17, que finalment no es dur\u00e0 a terme als Estats Units. Com ja ha fet esta temporada en reiterades compareixences de premsa a trav\u00e9s del president de l\u2019entitat, Fernando Roig, i del conseller delegat, Fernando Roig Negueroles, el club desitja recordar amb detall tota la cronologia dels fets sobre este assumpte: El projecte de jugar un partit de LaLiga fora d\u2019Espanya \u00e9s una iniciativa que naix de la pr\u00f2pia Lliga per a l\u2019expansi\u00f3 global de la competici\u00f3. LaLiga va proposar al Villarreal CF este estiu participar-hi i ser l\u2019amfitri\u00f3 d\u2019este encontre que es disputaria contra el FC Barcelona abans de l\u2019aturada nadalenca. El Villarreal CF, com ja ha expressat p\u00fablicament en reiterades ocasions, ho accepta perqu\u00e8 considera que este projecte \u00e9s molt bo per al creixement del club i, sobretot, per a contribuir al desenvolupament de la competici\u00f3, per\u00f2 exigeix dues condicions fonamentals i de compliment obligatori per a la seua realitzaci\u00f3: LaLiga ent\u00e9n i accedeix a estes peticions i el Villarreal CF procedix a seguir les seues indicacions per a formalitzar la petici\u00f3 entre totes les parts, ja que ha de ser la pr\u00f2pia Lliga, com a organisme responsable i qui lidera esta iniciativa a tots els nivells, la que haja de sol\u00b7licitar tots els permisos corresponents i traslladar tota la informaci\u00f3 a la resta de clubs i als diferents organismes competents com la RFEF, la UEFA, la FIFA i l\u2019AFE. Des que es va comen\u00e7ar a considerar esta possibilitat a l\u2019estiu, entenent la complexitat log\u00edstica d\u2019un partit d\u2019esta dimensi\u00f3 i el que implica un despla\u00e7ament massiu d\u2019aficionats a un altre continent, el Villarreal CF es va posar a total disposici\u00f3 de LaLiga i li va insistir en la import\u00e0ncia de treballar amb antelaci\u00f3 i planificaci\u00f3 per a poder atendre totes les necessitats corresponents. En no haver-hi avan\u00e7os en el desenvolupament i l\u2019organitzaci\u00f3 per part de LaLiga, el Villarreal CF li ha transm\u00e9s la seua m\u00e0xima preocupaci\u00f3 en reiterades ocasions a este organisme i l\u2019ha instat a definir aspectes tan b\u00e0sics i fonamentals com la confirmaci\u00f3 de l\u2019horari del partit i la contractaci\u00f3 de l\u2019ag\u00e8ncia de viatges per a un despla\u00e7ament d\u2019esta envergadura, vitals per a poder comen\u00e7ar amb l\u2019organitzaci\u00f3. De fet, este dijous hi havia una reuni\u00f3 programada en la qual, si no es resolien estes q\u00fcestions de manera immediata, el club anava a retirar-se del projecte per no tindre les condicions m\u00ednimes garantides per a l\u2019organitzaci\u00f3. Ahir a la nit, minuts abans de l\u2019inici del partit entre el Villarreal CF i el Manchester City per la Liga de Campeones a l\u2019Estadio de la Cer\u00e1mica, el club va ser notificat per tel\u00e8fon per part de LaLiga que es cancel\u00b7lava el partit per decisi\u00f3 de l\u2019empresa promotora, per\u00f2 que era una informaci\u00f3 confidencial i es buscaria el millor moment per a comunicar-ho conjuntament, tal com s\u2019havia fet per a notificar la confirmaci\u00f3 del partit el 8 d\u2019octubre. No obstant aix\u00f2, minuts despr\u00e9s i per sorpresa de l\u2019entitat, LaLiga va decidir fer un comunicat unilateral per anunciar la cancel\u00b7laci\u00f3 d\u2019un encontre que implicava el Villarreal ni m\u00e9s ni menys que durant la disputa d\u2019un partit tan important per al club, mostrant una falta de respecte total i absoluta cap al club, aix\u00ed com una escassa sensibilitat i empatia. El Villarreal CF lamenta que LaLiga, com a organitzador, no haja liderat millor la gesti\u00f3 i que finalment no puga dur-se a terme el partit de LaLiga a Miami, perqu\u00e8 creu que \u00e9s una bona oportunitat per al creixement dels clubs i de LaLiga a nivell internacional. Per la seua part, la instituci\u00f3 continuar\u00e0 amb la seua pol\u00edtica i filosofia de seguir contribuint al progr\u00e9s del club i de la pr\u00f2pia competici\u00f3.","headings":[{"type":"heading","level":2,"text":"El Villarreal CF expressa el seu malestar amb LaLiga per la seua gesti\u00f3 en l\u2019organitzaci\u00f3 de l\u2019encontre que s\u2019havia de disputar als Estats Units davant el FC Barcelona"}],"texts":[{"type":"paragraph","text":"El Villarreal CF vol expressar el seu profund malestar amb LaLiga per la mala gesti\u00f3 realitzada en l\u2019organitzaci\u00f3 del partit previst per a disputar-se a Miami davant el FC Barcelona el 20 de desembre, corresponent a la jornada 17, que finalment no es dur\u00e0 a terme als Estats Units."},{"type":"paragraph","text":"Com ja ha fet esta temporada en reiterades compareixences de premsa a trav\u00e9s del president de l\u2019entitat, Fernando Roig, i del conseller delegat, Fernando Roig Negueroles, el club desitja recordar amb detall tota la cronologia dels fets sobre este assumpte:"},{"type":"paragraph","text":"El projecte de jugar un partit de LaLiga fora d\u2019Espanya \u00e9s una iniciativa que naix de la pr\u00f2pia Lliga per a l\u2019expansi\u00f3 global de la competici\u00f3. LaLiga va proposar al Villarreal CF este estiu participar-hi i ser l\u2019amfitri\u00f3 d\u2019este encontre que es disputaria contra el FC Barcelona abans de l\u2019aturada nadalenca. El Villarreal CF, com ja ha expressat p\u00fablicament en reiterades ocasions, ho accepta perqu\u00e8 considera que este projecte \u00e9s molt bo per al creixement del club i, sobretot, per a contribuir al desenvolupament de la competici\u00f3, per\u00f2 exigeix dues condicions fonamentals i de compliment obligatori per a la seua realitzaci\u00f3:"},{"type":"paragraph","text":"LaLiga ent\u00e9n i accedeix a estes peticions i el Villarreal CF procedix a seguir les seues indicacions per a formalitzar la petici\u00f3 entre totes les parts, ja que ha de ser la pr\u00f2pia Lliga, com a organisme responsable i qui lidera esta iniciativa a tots els nivells, la que haja de sol\u00b7licitar tots els permisos corresponents i traslladar tota la informaci\u00f3 a la resta de clubs i als diferents organismes competents com la RFEF, la UEFA, la FIFA i l\u2019AFE."},{"type":"paragraph","text":"Des que es va comen\u00e7ar a considerar esta possibilitat a l\u2019estiu, entenent la complexitat log\u00edstica d\u2019un partit d\u2019esta dimensi\u00f3 i el que implica un despla\u00e7ament massiu d\u2019aficionats a un altre continent, el Villarreal CF es va posar a total disposici\u00f3 de LaLiga i li va insistir en la import\u00e0ncia de treballar amb antelaci\u00f3 i planificaci\u00f3 per a poder atendre totes les necessitats corresponents."},{"type":"paragraph","text":"En no haver-hi avan\u00e7os en el desenvolupament i l\u2019organitzaci\u00f3 per part de LaLiga, el Villarreal CF li ha transm\u00e9s la seua m\u00e0xima preocupaci\u00f3 en reiterades ocasions a este organisme i l\u2019ha instat a definir aspectes tan b\u00e0sics i fonamentals com la confirmaci\u00f3 de l\u2019horari del partit i la contractaci\u00f3 de l\u2019ag\u00e8ncia de viatges per a un despla\u00e7ament d\u2019esta envergadura, vitals per a poder comen\u00e7ar amb l\u2019organitzaci\u00f3. De fet, este dijous hi havia una reuni\u00f3 programada en la qual, si no es resolien estes q\u00fcestions de manera immediata, el club anava a retirar-se del projecte per no tindre les condicions m\u00ednimes garantides per a l\u2019organitzaci\u00f3."},{"type":"paragraph","text":"Ahir a la nit, minuts abans de l\u2019inici del partit entre el Villarreal CF i el Manchester City per la Liga de Campeones a l\u2019Estadio de la Cer\u00e1mica, el club va ser notificat per tel\u00e8fon per part de LaLiga que es cancel\u00b7lava el partit per decisi\u00f3 de l\u2019empresa promotora, per\u00f2 que era una informaci\u00f3 confidencial i es buscaria el millor moment per a comunicar-ho conjuntament, tal com s\u2019havia fet per a notificar la confirmaci\u00f3 del partit el 8 d\u2019octubre."},{"type":"paragraph","text":"No obstant aix\u00f2, minuts despr\u00e9s i per sorpresa de l\u2019entitat, LaLiga va decidir fer un comunicat unilateral per anunciar la cancel\u00b7laci\u00f3 d\u2019un encontre que implicava el Villarreal ni m\u00e9s ni menys que durant la disputa d\u2019un partit tan important per al club, mostrant una falta de respecte total i absoluta cap al club, aix\u00ed com una escassa sensibilitat i empatia."},{"type":"paragraph","text":"El Villarreal CF lamenta que LaLiga, com a organitzador, no haja liderat millor la gesti\u00f3 i que finalment no puga dur-se a terme el partit de LaLiga a Miami, perqu\u00e8 creu que \u00e9s una bona oportunitat per al creixement dels clubs i de LaLiga a nivell internacional. Per la seua part, la instituci\u00f3 continuar\u00e0 amb la seua pol\u00edtica i filosofia de seguir contribuint al progr\u00e9s del club i de la pr\u00f2pia competici\u00f3."}],"buttons":[],"images":[],"widgets":[],"blocks":[{"type":"heading","level":2,"text":"El Villarreal CF expressa el seu malestar amb LaLiga per la seua gesti\u00f3 en l\u2019organitzaci\u00f3 de l\u2019encontre que s\u2019havia de disputar als Estats Units davant el FC Barcelona"},{"type":"paragraph","text":"El Villarreal CF vol expressar el seu profund malestar amb LaLiga per la mala gesti\u00f3 realitzada en l\u2019organitzaci\u00f3 del partit previst per a disputar-se a Miami davant el FC Barcelona el 20 de desembre, corresponent a la jornada 17, que finalment no es dur\u00e0 a terme als Estats Units."},{"type":"paragraph","text":"Com ja ha fet esta temporada en reiterades compareixences de premsa a trav\u00e9s del president de l\u2019entitat, Fernando Roig, i del conseller delegat, Fernando Roig Negueroles, el club desitja recordar amb detall tota la cronologia dels fets sobre este assumpte:"},{"type":"paragraph","text":"El projecte de jugar un partit de LaLiga fora d\u2019Espanya \u00e9s una iniciativa que naix de la pr\u00f2pia Lliga per a l\u2019expansi\u00f3 global de la competici\u00f3. LaLiga va proposar al Villarreal CF este estiu participar-hi i ser l\u2019amfitri\u00f3 d\u2019este encontre que es disputaria contra el FC Barcelona abans de l\u2019aturada nadalenca. El Villarreal CF, com ja ha expressat p\u00fablicament en reiterades ocasions, ho accepta perqu\u00e8 considera que este projecte \u00e9s molt bo per al creixement del club i, sobretot, per a contribuir al desenvolupament de la competici\u00f3, per\u00f2 exigeix dues condicions fonamentals i de compliment obligatori per a la seua realitzaci\u00f3:"},{"type":"list","style":"ol","items":["Que els diners destinats a esta iniciativa per LaLiga siguen per a compensar els abonats del Villarreal CF, que s\u00f3n els veritables afectats per perdre\u2019s un dels partits que ja tenen incl\u00f2s en el seu abonament, oferint-los la possibilitat de viatjar gratis a Miami per a veure el partit o retornant-los part dels diners de l\u2019abonament de la temporada.","Que cap dels dos clubs participants obtinga cap benefici econ\u00f2mic directe per part de LaLiga per disputar este partit, ja que els diners havien d\u2019anar destinats a compensar els abonats del Villarreal \u2014com s\u2019aclareix en el punt 1\u2014 i perqu\u00e8, a m\u00e9s, seria injust per a la resta de clubs de LaLiga."]},{"type":"paragraph","text":"LaLiga ent\u00e9n i accedeix a estes peticions i el Villarreal CF procedix a seguir les seues indicacions per a formalitzar la petici\u00f3 entre totes les parts, ja que ha de ser la pr\u00f2pia Lliga, com a organisme responsable i qui lidera esta iniciativa a tots els nivells, la que haja de sol\u00b7licitar tots els permisos corresponents i traslladar tota la informaci\u00f3 a la resta de clubs i als diferents organismes competents com la RFEF, la UEFA, la FIFA i l\u2019AFE."},{"type":"paragraph","text":"Des que es va comen\u00e7ar a considerar esta possibilitat a l\u2019estiu, entenent la complexitat log\u00edstica d\u2019un partit d\u2019esta dimensi\u00f3 i el que implica un despla\u00e7ament massiu d\u2019aficionats a un altre continent, el Villarreal CF es va posar a total disposici\u00f3 de LaLiga i li va insistir en la import\u00e0ncia de treballar amb antelaci\u00f3 i planificaci\u00f3 per a poder atendre totes les necessitats corresponents."},{"type":"paragraph","text":"En no haver-hi avan\u00e7os en el desenvolupament i l\u2019organitzaci\u00f3 per part de LaLiga, el Villarreal CF li ha transm\u00e9s la seua m\u00e0xima preocupaci\u00f3 en reiterades ocasions a este organisme i l\u2019ha instat a definir aspectes tan b\u00e0sics i fonamentals com la confirmaci\u00f3 de l\u2019horari del partit i la contractaci\u00f3 de l\u2019ag\u00e8ncia de viatges per a un despla\u00e7ament d\u2019esta envergadura, vitals per a poder comen\u00e7ar amb l\u2019organitzaci\u00f3. De fet, este dijous hi havia una reuni\u00f3 programada en la qual, si no es resolien estes q\u00fcestions de manera immediata, el club anava a retirar-se del projecte per no tindre les condicions m\u00ednimes garantides per a l\u2019organitzaci\u00f3."},{"type":"paragraph","text":"Ahir a la nit, minuts abans de l\u2019inici del partit entre el Villarreal CF i el Manchester City per la Liga de Campeones a l\u2019Estadio de la Cer\u00e1mica, el club va ser notificat per tel\u00e8fon per part de LaLiga que es cancel\u00b7lava el partit per decisi\u00f3 de l\u2019empresa promotora, per\u00f2 que era una informaci\u00f3 confidencial i es buscaria el millor moment per a comunicar-ho conjuntament, tal com s\u2019havia fet per a notificar la confirmaci\u00f3 del partit el 8 d\u2019octubre."},{"type":"paragraph","text":"No obstant aix\u00f2, minuts despr\u00e9s i per sorpresa de l\u2019entitat, LaLiga va decidir fer un comunicat unilateral per anunciar la cancel\u00b7laci\u00f3 d\u2019un encontre que implicava el Villarreal ni m\u00e9s ni menys que durant la disputa d\u2019un partit tan important per al club, mostrant una falta de respecte total i absoluta cap al club, aix\u00ed com una escassa sensibilitat i empatia."},{"type":"paragraph","text":"El Villarreal CF lamenta que LaLiga, com a organitzador, no haja liderat millor la gesti\u00f3 i que finalment no puga dur-se a terme el partit de LaLiga a Miami, perqu\u00e8 creu que \u00e9s una bona oportunitat per al creixement dels clubs i de LaLiga a nivell internacional. Per la seua part, la instituci\u00f3 continuar\u00e0 amb la seua pol\u00edtica i filosofia de seguir contribuint al progr\u00e9s del club i de la pr\u00f2pia competici\u00f3."}]}],"hero":{"id":"section-1","title":"El Villarreal CF expressa el seu malestar amb LaLiga per la seua gesti\u00f3 en l\u2019organitzaci\u00f3 de l\u2019encontre que s\u2019havia de disputar als Estats Units davant el FC Barcelona","text":"El Villarreal CF expressa el seu malestar amb LaLiga per la seua gesti\u00f3 en l\u2019organitzaci\u00f3 de l\u2019encontre que s\u2019havia de disputar als Estats Units davant el FC Barcelona El Villarreal CF vol expressar el seu profund malestar amb LaLiga per la mala gesti\u00f3 realitzada en l\u2019organitzaci\u00f3 del partit previst per a disputar-se a Miami davant el FC Barcelona el 20 de desembre, corresponent a la jornada 17, que finalment no es dur\u00e0 a terme als Estats Units. Com ja ha fet esta temporada en reiterades compareixences de premsa a trav\u00e9s del president de l\u2019entitat, Fernando Roig, i del conseller delegat, Fernando Roig Negueroles, el club desitja recordar amb detall tota la cronologia dels fets sobre este assumpte: El projecte de jugar un partit de LaLiga fora d\u2019Espanya \u00e9s una iniciativa que naix de la pr\u00f2pia Lliga per a l\u2019expansi\u00f3 global de la competici\u00f3. LaLiga va proposar al Villarreal CF este estiu participar-hi i ser l\u2019amfitri\u00f3 d\u2019este encontre que es disputaria contra el FC Barcelona abans de l\u2019aturada nadalenca. El Villarreal CF, com ja ha expressat p\u00fablicament en reiterades ocasions, ho accepta perqu\u00e8 considera que este projecte \u00e9s molt bo per al creixement del club i, sobretot, per a contribuir al desenvolupament de la competici\u00f3, per\u00f2 exigeix dues condicions fonamentals i de compliment obligatori per a la seua realitzaci\u00f3: LaLiga ent\u00e9n i accedeix a estes peticions i el Villarreal CF procedix a seguir les seues indicacions per a formalitzar la petici\u00f3 entre totes les parts, ja que ha de ser la pr\u00f2pia Lliga, com a organisme responsable i qui lidera esta iniciativa a tots els nivells, la que haja de sol\u00b7licitar tots els permisos corresponents i traslladar tota la informaci\u00f3 a la resta de clubs i als diferents organismes competents com la RFEF, la UEFA, la FIFA i l\u2019AFE. Des que es va comen\u00e7ar a considerar esta possibilitat a l\u2019estiu, entenent la complexitat log\u00edstica d\u2019un partit d\u2019esta dimensi\u00f3 i el que implica un despla\u00e7ament massiu d\u2019aficionats a un altre continent, el Villarreal CF es va posar a total disposici\u00f3 de LaLiga i li va insistir en la import\u00e0ncia de treballar amb antelaci\u00f3 i planificaci\u00f3 per a poder atendre totes les necessitats corresponents. En no haver-hi avan\u00e7os en el desenvolupament i l\u2019organitzaci\u00f3 per part de LaLiga, el Villarreal CF li ha transm\u00e9s la seua m\u00e0xima preocupaci\u00f3 en reiterades ocasions a este organisme i l\u2019ha instat a definir aspectes tan b\u00e0sics i fonamentals com la confirmaci\u00f3 de l\u2019horari del partit i la contractaci\u00f3 de l\u2019ag\u00e8ncia de viatges per a un despla\u00e7ament d\u2019esta envergadura, vitals per a poder comen\u00e7ar amb l\u2019organitzaci\u00f3. De fet, este dijous hi havia una reuni\u00f3 programada en la qual, si no es resolien estes q\u00fcestions de manera immediata, el club anava a retirar-se del projecte per no tindre les condicions m\u00ednimes garantides per a l\u2019organitzaci\u00f3. Ahir a la nit, minuts abans de l\u2019inici del partit entre el Villarreal CF i el Manchester City per la Liga de Campeones a l\u2019Estadio de la Cer\u00e1mica, el club va ser notificat per tel\u00e8fon per part de LaLiga que es cancel\u00b7lava el partit per decisi\u00f3 de l\u2019empresa promotora, per\u00f2 que era una informaci\u00f3 confidencial i es buscaria el millor moment per a comunicar-ho conjuntament, tal com s\u2019havia fet per a notificar la confirmaci\u00f3 del partit el 8 d\u2019octubre. No obstant aix\u00f2, minuts despr\u00e9s i per sorpresa de l\u2019entitat, LaLiga va decidir fer un comunicat unilateral per anunciar la cancel\u00b7laci\u00f3 d\u2019un encontre que implicava el Villarreal ni m\u00e9s ni menys que durant la disputa d\u2019un partit tan important per al club, mostrant una falta de respecte total i absoluta cap al club, aix\u00ed com una escassa sensibilitat i empatia. El Villarreal CF lamenta que LaLiga, com a organitzador, no haja liderat millor la gesti\u00f3 i que finalment no puga dur-se a terme el partit de LaLiga a Miami, perqu\u00e8 creu que \u00e9s una bona oportunitat per al creixement dels clubs i de LaLiga a nivell internacional. Per la seua part, la instituci\u00f3 continuar\u00e0 amb la seua pol\u00edtica i filosofia de seguir contribuint al progr\u00e9s del club i de la pr\u00f2pia competici\u00f3.","headings":[{"type":"heading","level":2,"text":"El Villarreal CF expressa el seu malestar amb LaLiga per la seua gesti\u00f3 en l\u2019organitzaci\u00f3 de l\u2019encontre que s\u2019havia de disputar als Estats Units davant el FC Barcelona"}],"texts":[{"type":"paragraph","text":"El Villarreal CF vol expressar el seu profund malestar amb LaLiga per la mala gesti\u00f3 realitzada en l\u2019organitzaci\u00f3 del partit previst per a disputar-se a Miami davant el FC Barcelona el 20 de desembre, corresponent a la jornada 17, que finalment no es dur\u00e0 a terme als Estats Units."},{"type":"paragraph","text":"Com ja ha fet esta temporada en reiterades compareixences de premsa a trav\u00e9s del president de l\u2019entitat, Fernando Roig, i del conseller delegat, Fernando Roig Negueroles, el club desitja recordar amb detall tota la cronologia dels fets sobre este assumpte:"},{"type":"paragraph","text":"El projecte de jugar un partit de LaLiga fora d\u2019Espanya \u00e9s una iniciativa que naix de la pr\u00f2pia Lliga per a l\u2019expansi\u00f3 global de la competici\u00f3. LaLiga va proposar al Villarreal CF este estiu participar-hi i ser l\u2019amfitri\u00f3 d\u2019este encontre que es disputaria contra el FC Barcelona abans de l\u2019aturada nadalenca. El Villarreal CF, com ja ha expressat p\u00fablicament en reiterades ocasions, ho accepta perqu\u00e8 considera que este projecte \u00e9s molt bo per al creixement del club i, sobretot, per a contribuir al desenvolupament de la competici\u00f3, per\u00f2 exigeix dues condicions fonamentals i de compliment obligatori per a la seua realitzaci\u00f3:"},{"type":"paragraph","text":"LaLiga ent\u00e9n i accedeix a estes peticions i el Villarreal CF procedix a seguir les seues indicacions per a formalitzar la petici\u00f3 entre totes les parts, ja que ha de ser la pr\u00f2pia Lliga, com a organisme responsable i qui lidera esta iniciativa a tots els nivells, la que haja de sol\u00b7licitar tots els permisos corresponents i traslladar tota la informaci\u00f3 a la resta de clubs i als diferents organismes competents com la RFEF, la UEFA, la FIFA i l\u2019AFE."},{"type":"paragraph","text":"Des que es va comen\u00e7ar a considerar esta possibilitat a l\u2019estiu, entenent la complexitat log\u00edstica d\u2019un partit d\u2019esta dimensi\u00f3 i el que implica un despla\u00e7ament massiu d\u2019aficionats a un altre continent, el Villarreal CF es va posar a total disposici\u00f3 de LaLiga i li va insistir en la import\u00e0ncia de treballar amb antelaci\u00f3 i planificaci\u00f3 per a poder atendre totes les necessitats corresponents."},{"type":"paragraph","text":"En no haver-hi avan\u00e7os en el desenvolupament i l\u2019organitzaci\u00f3 per part de LaLiga, el Villarreal CF li ha transm\u00e9s la seua m\u00e0xima preocupaci\u00f3 en reiterades ocasions a este organisme i l\u2019ha instat a definir aspectes tan b\u00e0sics i fonamentals com la confirmaci\u00f3 de l\u2019horari del partit i la contractaci\u00f3 de l\u2019ag\u00e8ncia de viatges per a un despla\u00e7ament d\u2019esta envergadura, vitals per a poder comen\u00e7ar amb l\u2019organitzaci\u00f3. De fet, este dijous hi havia una reuni\u00f3 programada en la qual, si no es resolien estes q\u00fcestions de manera immediata, el club anava a retirar-se del projecte per no tindre les condicions m\u00ednimes garantides per a l\u2019organitzaci\u00f3."},{"type":"paragraph","text":"Ahir a la nit, minuts abans de l\u2019inici del partit entre el Villarreal CF i el Manchester City per la Liga de Campeones a l\u2019Estadio de la Cer\u00e1mica, el club va ser notificat per tel\u00e8fon per part de LaLiga que es cancel\u00b7lava el partit per decisi\u00f3 de l\u2019empresa promotora, per\u00f2 que era una informaci\u00f3 confidencial i es buscaria el millor moment per a comunicar-ho conjuntament, tal com s\u2019havia fet per a notificar la confirmaci\u00f3 del partit el 8 d\u2019octubre."},{"type":"paragraph","text":"No obstant aix\u00f2, minuts despr\u00e9s i per sorpresa de l\u2019entitat, LaLiga va decidir fer un comunicat unilateral per anunciar la cancel\u00b7laci\u00f3 d\u2019un encontre que implicava el Villarreal ni m\u00e9s ni menys que durant la disputa d\u2019un partit tan important per al club, mostrant una falta de respecte total i absoluta cap al club, aix\u00ed com una escassa sensibilitat i empatia."},{"type":"paragraph","text":"El Villarreal CF lamenta que LaLiga, com a organitzador, no haja liderat millor la gesti\u00f3 i que finalment no puga dur-se a terme el partit de LaLiga a Miami, perqu\u00e8 creu que \u00e9s una bona oportunitat per al creixement dels clubs i de LaLiga a nivell internacional. Per la seua part, la instituci\u00f3 continuar\u00e0 amb la seua pol\u00edtica i filosofia de seguir contribuint al progr\u00e9s del club i de la pr\u00f2pia competici\u00f3."}],"buttons":[],"images":[],"widgets":[],"blocks":[{"type":"heading","level":2,"text":"El Villarreal CF expressa el seu malestar amb LaLiga per la seua gesti\u00f3 en l\u2019organitzaci\u00f3 de l\u2019encontre que s\u2019havia de disputar als Estats Units davant el FC Barcelona"},{"type":"paragraph","text":"El Villarreal CF vol expressar el seu profund malestar amb LaLiga per la mala gesti\u00f3 realitzada en l\u2019organitzaci\u00f3 del partit previst per a disputar-se a Miami davant el FC Barcelona el 20 de desembre, corresponent a la jornada 17, que finalment no es dur\u00e0 a terme als Estats Units."},{"type":"paragraph","text":"Com ja ha fet esta temporada en reiterades compareixences de premsa a trav\u00e9s del president de l\u2019entitat, Fernando Roig, i del conseller delegat, Fernando Roig Negueroles, el club desitja recordar amb detall tota la cronologia dels fets sobre este assumpte:"},{"type":"paragraph","text":"El projecte de jugar un partit de LaLiga fora d\u2019Espanya \u00e9s una iniciativa que naix de la pr\u00f2pia Lliga per a l\u2019expansi\u00f3 global de la competici\u00f3. LaLiga va proposar al Villarreal CF este estiu participar-hi i ser l\u2019amfitri\u00f3 d\u2019este encontre que es disputaria contra el FC Barcelona abans de l\u2019aturada nadalenca. El Villarreal CF, com ja ha expressat p\u00fablicament en reiterades ocasions, ho accepta perqu\u00e8 considera que este projecte \u00e9s molt bo per al creixement del club i, sobretot, per a contribuir al desenvolupament de la competici\u00f3, per\u00f2 exigeix dues condicions fonamentals i de compliment obligatori per a la seua realitzaci\u00f3:"},{"type":"list","style":"ol","items":["Que els diners destinats a esta iniciativa per LaLiga siguen per a compensar els abonats del Villarreal CF, que s\u00f3n els veritables afectats per perdre\u2019s un dels partits que ja tenen incl\u00f2s en el seu abonament, oferint-los la possibilitat de viatjar gratis a Miami per a veure el partit o retornant-los part dels diners de l\u2019abonament de la temporada.","Que cap dels dos clubs participants obtinga cap benefici econ\u00f2mic directe per part de LaLiga per disputar este partit, ja que els diners havien d\u2019anar destinats a compensar els abonats del Villarreal \u2014com s\u2019aclareix en el punt 1\u2014 i perqu\u00e8, a m\u00e9s, seria injust per a la resta de clubs de LaLiga."]},{"type":"paragraph","text":"LaLiga ent\u00e9n i accedeix a estes peticions i el Villarreal CF procedix a seguir les seues indicacions per a formalitzar la petici\u00f3 entre totes les parts, ja que ha de ser la pr\u00f2pia Lliga, com a organisme responsable i qui lidera esta iniciativa a tots els nivells, la que haja de sol\u00b7licitar tots els permisos corresponents i traslladar tota la informaci\u00f3 a la resta de clubs i als diferents organismes competents com la RFEF, la UEFA, la FIFA i l\u2019AFE."},{"type":"paragraph","text":"Des que es va comen\u00e7ar a considerar esta possibilitat a l\u2019estiu, entenent la complexitat log\u00edstica d\u2019un partit d\u2019esta dimensi\u00f3 i el que implica un despla\u00e7ament massiu d\u2019aficionats a un altre continent, el Villarreal CF es va posar a total disposici\u00f3 de LaLiga i li va insistir en la import\u00e0ncia de treballar amb antelaci\u00f3 i planificaci\u00f3 per a poder atendre totes les necessitats corresponents."},{"type":"paragraph","text":"En no haver-hi avan\u00e7os en el desenvolupament i l\u2019organitzaci\u00f3 per part de LaLiga, el Villarreal CF li ha transm\u00e9s la seua m\u00e0xima preocupaci\u00f3 en reiterades ocasions a este organisme i l\u2019ha instat a definir aspectes tan b\u00e0sics i fonamentals com la confirmaci\u00f3 de l\u2019horari del partit i la contractaci\u00f3 de l\u2019ag\u00e8ncia de viatges per a un despla\u00e7ament d\u2019esta envergadura, vitals per a poder comen\u00e7ar amb l\u2019organitzaci\u00f3. De fet, este dijous hi havia una reuni\u00f3 programada en la qual, si no es resolien estes q\u00fcestions de manera immediata, el club anava a retirar-se del projecte per no tindre les condicions m\u00ednimes garantides per a l\u2019organitzaci\u00f3."},{"type":"paragraph","text":"Ahir a la nit, minuts abans de l\u2019inici del partit entre el Villarreal CF i el Manchester City per la Liga de Campeones a l\u2019Estadio de la Cer\u00e1mica, el club va ser notificat per tel\u00e8fon per part de LaLiga que es cancel\u00b7lava el partit per decisi\u00f3 de l\u2019empresa promotora, per\u00f2 que era una informaci\u00f3 confidencial i es buscaria el millor moment per a comunicar-ho conjuntament, tal com s\u2019havia fet per a notificar la confirmaci\u00f3 del partit el 8 d\u2019octubre."},{"type":"paragraph","text":"No obstant aix\u00f2, minuts despr\u00e9s i per sorpresa de l\u2019entitat, LaLiga va decidir fer un comunicat unilateral per anunciar la cancel\u00b7laci\u00f3 d\u2019un encontre que implicava el Villarreal ni m\u00e9s ni menys que durant la disputa d\u2019un partit tan important per al club, mostrant una falta de respecte total i absoluta cap al club, aix\u00ed com una escassa sensibilitat i empatia."},{"type":"paragraph","text":"El Villarreal CF lamenta que LaLiga, com a organitzador, no haja liderat millor la gesti\u00f3 i que finalment no puga dur-se a terme el partit de LaLiga a Miami, perqu\u00e8 creu que \u00e9s una bona oportunitat per al creixement dels clubs i de LaLiga a nivell internacional. Per la seua part, la instituci\u00f3 continuar\u00e0 amb la seua pol\u00edtica i filosofia de seguir contribuint al progr\u00e9s del club i de la pr\u00f2pia competici\u00f3."}]}},"sections":[{"id":"section-1","title":"El Villarreal CF expressa el seu malestar amb LaLiga per la seua gesti\u00f3 en l\u2019organitzaci\u00f3 de l\u2019encontre que s\u2019havia de disputar als Estats Units davant el FC Barcelona","text":"El Villarreal CF expressa el seu malestar amb LaLiga per la seua gesti\u00f3 en l\u2019organitzaci\u00f3 de l\u2019encontre que s\u2019havia de disputar als Estats Units davant el FC Barcelona El Villarreal CF vol expressar el seu profund malestar amb LaLiga per la mala gesti\u00f3 realitzada en l\u2019organitzaci\u00f3 del partit previst per a disputar-se a Miami davant el FC Barcelona el 20 de desembre, corresponent a la jornada 17, que finalment no es dur\u00e0 a terme als Estats Units. Com ja ha fet esta temporada en reiterades compareixences de premsa a trav\u00e9s del president de l\u2019entitat, Fernando Roig, i del conseller delegat, Fernando Roig Negueroles, el club desitja recordar amb detall tota la cronologia dels fets sobre este assumpte: El projecte de jugar un partit de LaLiga fora d\u2019Espanya \u00e9s una iniciativa que naix de la pr\u00f2pia Lliga per a l\u2019expansi\u00f3 global de la competici\u00f3. LaLiga va proposar al Villarreal CF este estiu participar-hi i ser l\u2019amfitri\u00f3 d\u2019este encontre que es disputaria contra el FC Barcelona abans de l\u2019aturada nadalenca. El Villarreal CF, com ja ha expressat p\u00fablicament en reiterades ocasions, ho accepta perqu\u00e8 considera que este projecte \u00e9s molt bo per al creixement del club i, sobretot, per a contribuir al desenvolupament de la competici\u00f3, per\u00f2 exigeix dues condicions fonamentals i de compliment obligatori per a la seua realitzaci\u00f3: LaLiga ent\u00e9n i accedeix a estes peticions i el Villarreal CF procedix a seguir les seues indicacions per a formalitzar la petici\u00f3 entre totes les parts, ja que ha de ser la pr\u00f2pia Lliga, com a organisme responsable i qui lidera esta iniciativa a tots els nivells, la que haja de sol\u00b7licitar tots els permisos corresponents i traslladar tota la informaci\u00f3 a la resta de clubs i als diferents organismes competents com la RFEF, la UEFA, la FIFA i l\u2019AFE. Des que es va comen\u00e7ar a considerar esta possibilitat a l\u2019estiu, entenent la complexitat log\u00edstica d\u2019un partit d\u2019esta dimensi\u00f3 i el que implica un despla\u00e7ament massiu d\u2019aficionats a un altre continent, el Villarreal CF es va posar a total disposici\u00f3 de LaLiga i li va insistir en la import\u00e0ncia de treballar amb antelaci\u00f3 i planificaci\u00f3 per a poder atendre totes les necessitats corresponents. En no haver-hi avan\u00e7os en el desenvolupament i l\u2019organitzaci\u00f3 per part de LaLiga, el Villarreal CF li ha transm\u00e9s la seua m\u00e0xima preocupaci\u00f3 en reiterades ocasions a este organisme i l\u2019ha instat a definir aspectes tan b\u00e0sics i fonamentals com la confirmaci\u00f3 de l\u2019horari del partit i la contractaci\u00f3 de l\u2019ag\u00e8ncia de viatges per a un despla\u00e7ament d\u2019esta envergadura, vitals per a poder comen\u00e7ar amb l\u2019organitzaci\u00f3. De fet, este dijous hi havia una reuni\u00f3 programada en la qual, si no es resolien estes q\u00fcestions de manera immediata, el club anava a retirar-se del projecte per no tindre les condicions m\u00ednimes garantides per a l\u2019organitzaci\u00f3. Ahir a la nit, minuts abans de l\u2019inici del partit entre el Villarreal CF i el Manchester City per la Liga de Campeones a l\u2019Estadio de la Cer\u00e1mica, el club va ser notificat per tel\u00e8fon per part de LaLiga que es cancel\u00b7lava el partit per decisi\u00f3 de l\u2019empresa promotora, per\u00f2 que era una informaci\u00f3 confidencial i es buscaria el millor moment per a comunicar-ho conjuntament, tal com s\u2019havia fet per a notificar la confirmaci\u00f3 del partit el 8 d\u2019octubre. No obstant aix\u00f2, minuts despr\u00e9s i per sorpresa de l\u2019entitat, LaLiga va decidir fer un comunicat unilateral per anunciar la cancel\u00b7laci\u00f3 d\u2019un encontre que implicava el Villarreal ni m\u00e9s ni menys que durant la disputa d\u2019un partit tan important per al club, mostrant una falta de respecte total i absoluta cap al club, aix\u00ed com una escassa sensibilitat i empatia. El Villarreal CF lamenta que LaLiga, com a organitzador, no haja liderat millor la gesti\u00f3 i que finalment no puga dur-se a terme el partit de LaLiga a Miami, perqu\u00e8 creu que \u00e9s una bona oportunitat per al creixement dels clubs i de LaLiga a nivell internacional. Per la seua part, la instituci\u00f3 continuar\u00e0 amb la seua pol\u00edtica i filosofia de seguir contribuint al progr\u00e9s del club i de la pr\u00f2pia competici\u00f3.","url":"","background_image":"","images":[],"videos":[],"links":[]}]},"excerpt":{"rendered":"El Villarreal CF expressa el seu malestar amb LaLiga per la seua gesti\u00f3 en l\u2019organitzaci\u00f3 de l\u2019encontre que s\u2019havia de disputar als Estats Units davant el FC Barcelona","protected":false},"author":25,"featured_media":608344,"comment_status":"closed","ping_status":"closed","sticky":false,"template":"","format":"standard","meta":{"_acf_changed":false,"footnotes":""},"categories":[13484],"tags":[9525,9540,9904,717,9270,11042,716,9205,9627,9203],"acf":null,"lang":"val","translations":{"es":608333,"en":608338,"val":608339},"essential_grid":{"has_grid":false},"formatted_date":"October 22, 2025","modified_date":"October 22, 2025","permalink":"https:\/\/villarrealcf.es\/val\/comunicado-oficial-partido-en-miami\/","reading_time":5,"featured_media_data":{"id":608344,"title":"Comunicado Oficial Villarreal","caption":"","alt_text":"","description":"","mime_type":"image\/jpeg","source_url":"https:\/\/villarrealcf.es\/wp-content\/uploads\/2025\/10\/Comunicado-Oficial-Villarreal-1.jpg","sizes":{"thumbnail":{"url":"https:\/\/villarrealcf.es\/wp-content\/uploads\/2025\/10\/Comunicado-Oficial-Villarreal-1.jpg","width":1920,"height":1080},"medium":{"url":"https:\/\/villarrealcf.es\/wp-content\/uploads\/2025\/10\/Comunicado-Oficial-Villarreal-1.jpg","width":1920,"height":1080},"medium_large":{"url":"https:\/\/villarrealcf.es\/wp-content\/uploads\/2025\/10\/Comunicado-Oficial-Villarreal-1-768x432.jpg","width":768,"height":432},"large":{"url":"https:\/\/villarrealcf.es\/wp-content\/uploads\/2025\/10\/Comunicado-Oficial-Villarreal-1.jpg","width":788,"height":443},"1536x1536":{"url":"https:\/\/villarrealcf.es\/wp-content\/uploads\/2025\/10\/Comunicado-Oficial-Villarreal-1-1536x864.jpg","width":1536,"height":864},"2048x2048":{"url":"https:\/\/villarrealcf.es\/wp-content\/uploads\/2025\/10\/Comunicado-Oficial-Villarreal-1.jpg","width":1920,"height":1080},"tp-image-grid":{"url":"https:\/\/villarrealcf.es\/wp-content\/uploads\/2025\/10\/Comunicado-Oficial-Villarreal-1-700x700.jpg","width":700,"height":700},"size-bunyad-medium":{"url":"https:\/\/villarrealcf.es\/wp-content\/uploads\/2025\/10\/Comunicado-Oficial-Villarreal-1.jpg","width":1920,"height":1080},"sportspress-crop-medium":{"url":"https:\/\/villarrealcf.es\/wp-content\/uploads\/2025\/10\/Comunicado-Oficial-Villarreal-1-300x300.jpg","width":300,"height":300},"sportspress-fit-medium":{"url":"https:\/\/villarrealcf.es\/wp-content\/uploads\/2025\/10\/Comunicado-Oficial-Villarreal-1-300x169.jpg","width":300,"height":169},"sportspress-fit-icon":{"url":"https:\/\/villarrealcf.es\/wp-content\/uploads\/2025\/10\/Comunicado-Oficial-Villarreal-1-128x72.jpg","width":128,"height":72},"sportspress-fit-mini":{"url":"https:\/\/villarrealcf.es\/wp-content\/uploads\/2025\/10\/Comunicado-Oficial-Villarreal-1-32x18.jpg","width":32,"height":18},"bunyad-small":{"url":"https:\/\/villarrealcf.es\/wp-content\/uploads\/2025\/10\/Comunicado-Oficial-Villarreal-1-150x84.jpg","width":150,"height":84},"bunyad-medium":{"url":"https:\/\/villarrealcf.es\/wp-content\/uploads\/2025\/10\/Comunicado-Oficial-Villarreal-1-450x253.jpg","width":450,"height":253},"bunyad-full":{"url":"https:\/\/villarrealcf.es\/wp-content\/uploads\/2025\/10\/Comunicado-Oficial-Villarreal-1-1200x675.jpg","width":1200,"height":675},"bunyad-viewport":{"url":"https:\/\/villarrealcf.es\/wp-content\/uploads\/2025\/10\/Comunicado-Oficial-Villarreal-1.jpg","width":1920,"height":1080},"bunyad-768":{"url":"https:\/\/villarrealcf.es\/wp-content\/uploads\/2025\/10\/Comunicado-Oficial-Villarreal-1-768x432.jpg","width":768,"height":432},"full":{"url":"https:\/\/villarrealcf.es\/wp-content\/uploads\/2025\/10\/Comunicado-Oficial-Villarreal-1.jpg","width":1920,"height":1080}}},"author_data":{"id":"25","name":"Javier Ayuso","first_name":"Javier","last_name":"Ayuso","description":"","avatar_url":"https:\/\/secure.gravatar.com\/avatar\/fcf8894be45988fcce5bbff0efe1790d2a7f4ba57e2c7c898f5068154e696495?s=96&d=mm&r=g","acf":null},"taxonomies_data":{"category":[{"id":13484,"name":"Club","slug":"club","acf":null}],"post_tag":[{"id":9525,"name":"FC Barcelona","slug":"fc-barcelona-val","acf":null},{"id":9540,"name":"Fernando Roig","slug":"fernando-roig-val","acf":null},{"id":9904,"name":"Fernando Roig Negueroles","slug":"fernando-roig-negueroles-val","acf":null},{"id":717,"name":"Football","slug":"football-d34","acf":null},{"id":9270,"name":"Futbol","slug":"futbol-val","acf":null},{"id":11042,"name":"LaLiga","slug":"laliga-val","acf":null},{"id":716,"name":"Soccer","slug":"soccer-d105","acf":null},{"id":9205,"name":"Submarino","slug":"submarino-val","acf":null},{"id":9627,"name":"Submarino Amarillo","slug":"submarino-amarillo-val","acf":null},{"id":9203,"name":"Villarreal CF","slug":"villarreal-cf-val","acf":null}],"translation_priority":[{"id":735,"name":"Optional","slug":"optional-val","acf":null}]},"seo_full":{"native":{"title":"Comunicat oficial: Partit a Miami - Web Oficial del Villarreal CF","description":"El Villarreal CF expressa el seu malestar amb LaLiga per la seua gesti\u00f3 en l\u2019organitzaci\u00f3 de l\u2019encontre que s\u2019havia de disputar als Estats Units davant el FC Barcelona","canonical":"https:\/\/villarrealcf.es\/val\/comunicado-oficial-partido-en-miami\/"}},"_links":{"self":[{"href":"https:\/\/villarrealcf.es\/val\/wp-json\/wp\/v2\/posts\/608339","targetHints":{"allow":["GET"]}}],"collection":[{"href":"https:\/\/villarrealcf.es\/val\/wp-json\/wp\/v2\/posts"}],"about":[{"href":"https:\/\/villarrealcf.es\/val\/wp-json\/wp\/v2\/types\/post"}],"author":[{"embeddable":true,"href":"https:\/\/villarrealcf.es\/val\/wp-json\/wp\/v2\/users\/25"}],"replies":[{"embeddable":true,"href":"https:\/\/villarrealcf.es\/val\/wp-json\/wp\/v2\/comments?post=608339"}],"version-history":[{"count":3,"href":"https:\/\/villarrealcf.es\/val\/wp-json\/wp\/v2\/posts\/608339\/revisions"}],"predecessor-version":[{"id":608347,"href":"https:\/\/villarrealcf.es\/val\/wp-json\/wp\/v2\/posts\/608339\/revisions\/608347"}],"wp:featuredmedia":[{"embeddable":true,"href":"https:\/\/villarrealcf.es\/val\/wp-json\/wp\/v2\/media\/608344"}],"wp:attachment":[{"href":"https:\/\/villarrealcf.es\/val\/wp-json\/wp\/v2\/media?parent=608339"}],"wp:term":[{"taxonomy":"category","embeddable":true,"href":"https:\/\/villarrealcf.es\/val\/wp-json\/wp\/v2\/categories?post=608339"},{"taxonomy":"post_tag","embeddable":true,"href":"https:\/\/villarrealcf.es\/val\/wp-json\/wp\/v2\/tags?post=608339"}],"curies":[{"name":"wp","href":"https:\/\/api.w.org\/{rel}","templated":true}]}}