{"id":604071,"date":"2025-09-08T20:47:00","date_gmt":"2025-09-08T18:47:00","guid":{"rendered":"https:\/\/villarrealcf.es\/primer-dia-de-georges-mikautadze-con-el-villarreal\/"},"modified":"2025-09-09T11:01:25","modified_gmt":"2025-09-09T09:01:25","slug":"primer-dia-de-georges-mikautadze-amb-el-villarreal","status":"publish","type":"post","link":"https:\/\/villarrealcf.es\/val\/primer-dia-de-georges-mikautadze-amb-el-villarreal\/","title":{"rendered":"Primer dia de Georges Mikautadze amb el Villarreal"},"content":{"protected":false,"blocks":[{"type":"text","widget":"text-editor","text":"El talent\u00f3s atacant georgi\u00e0 ja prepara, amb la resta dels seus companys, el partit davant l\u2019Atl\u00e9tico de Madrid","paragraphs":[]},{"type":"gallery","widget":"gallery","items":[{"url":"https:\/\/villarrealcf.es\/wp-content\/uploads\/2025\/09\/20250908-Entrenamiento_009.jpg","title":"20250908 - Entrenamiento_009","thumbnail":"https:\/\/villarrealcf.es\/wp-content\/uploads\/2025\/09\/20250908-Entrenamiento_009-1620x1080.jpg","width":1620,"height":1080},{"url":"https:\/\/villarrealcf.es\/wp-content\/uploads\/2025\/09\/20250908-Entrenamiento_003.jpg","title":"20250908 - Entrenamiento_003","thumbnail":"https:\/\/villarrealcf.es\/wp-content\/uploads\/2025\/09\/20250908-Entrenamiento_003-1620x1080.jpg","width":1620,"height":1080},{"url":"https:\/\/villarrealcf.es\/wp-content\/uploads\/2025\/09\/20250908-Entrenamiento_033.jpg","title":"20250908 - Entrenamiento_033","thumbnail":"https:\/\/villarrealcf.es\/wp-content\/uploads\/2025\/09\/20250908-Entrenamiento_033-1620x1080.jpg","width":1620,"height":1080},{"url":"https:\/\/villarrealcf.es\/wp-content\/uploads\/2025\/09\/20250908-Entrenamiento_006.jpg","title":"20250908 - Entrenamiento_006","thumbnail":"https:\/\/villarrealcf.es\/wp-content\/uploads\/2025\/09\/20250908-Entrenamiento_006-1620x1080.jpg","width":1620,"height":1080},{"url":"https:\/\/villarrealcf.es\/wp-content\/uploads\/2025\/09\/20250908-Entrenamiento_007.jpg","title":"20250908 - Entrenamiento_007","thumbnail":"https:\/\/villarrealcf.es\/wp-content\/uploads\/2025\/09\/20250908-Entrenamiento_007-1620x1080.jpg","width":1620,"height":1080},{"url":"https:\/\/villarrealcf.es\/wp-content\/uploads\/2025\/09\/20250908-Entrenamiento_042.jpg","title":"20250908 - Entrenamiento_042","thumbnail":"https:\/\/villarrealcf.es\/wp-content\/uploads\/2025\/09\/20250908-Entrenamiento_042-1620x1080.jpg","width":1620,"height":1080}]}],"structured":{"summary":{"text":"El talent\u00f3s atacant georgi\u00e0 ja prepara, amb la resta dels seus companys, el partit davant l\u2019Atl\u00e9tico de Madrid","headings":[],"buttons":[],"images":[],"counts":{"blocks":2,"headings":0,"texts":1,"buttons":0,"images":0},"containers":1},"sections":[{"id":"3e5d06b2","type":"container","classes":["elementor-section","elementor-top-section","elementor-element","elementor-element-3e5d06b2","elementor-section-boxed","elementor-section-height-default"],"title":"","text":"El talent\u00f3s atacant georgi\u00e0 ja prepara, amb la resta dels seus companys, el partit davant l\u2019Atl\u00e9tico de Madrid","headings":[],"texts":[{"type":"text","widget":"text-editor","text":"El talent\u00f3s atacant georgi\u00e0 ja prepara, amb la resta dels seus companys, el partit davant l\u2019Atl\u00e9tico de Madrid","paragraphs":[]}],"buttons":[],"images":[],"widgets":["text-editor","gallery"],"blocks":[{"type":"text","widget":"text-editor","text":"El talent\u00f3s atacant georgi\u00e0 ja prepara, amb la resta dels seus companys, el partit davant l\u2019Atl\u00e9tico de Madrid","paragraphs":[]},{"type":"gallery","widget":"gallery","items":[{"url":"https:\/\/villarrealcf.es\/wp-content\/uploads\/2025\/09\/20250908-Entrenamiento_009.jpg","title":"20250908 - Entrenamiento_009","thumbnail":"https:\/\/villarrealcf.es\/wp-content\/uploads\/2025\/09\/20250908-Entrenamiento_009-1620x1080.jpg","width":1620,"height":1080},{"url":"https:\/\/villarrealcf.es\/wp-content\/uploads\/2025\/09\/20250908-Entrenamiento_003.jpg","title":"20250908 - Entrenamiento_003","thumbnail":"https:\/\/villarrealcf.es\/wp-content\/uploads\/2025\/09\/20250908-Entrenamiento_003-1620x1080.jpg","width":1620,"height":1080},{"url":"https:\/\/villarrealcf.es\/wp-content\/uploads\/2025\/09\/20250908-Entrenamiento_033.jpg","title":"20250908 - Entrenamiento_033","thumbnail":"https:\/\/villarrealcf.es\/wp-content\/uploads\/2025\/09\/20250908-Entrenamiento_033-1620x1080.jpg","width":1620,"height":1080},{"url":"https:\/\/villarrealcf.es\/wp-content\/uploads\/2025\/09\/20250908-Entrenamiento_006.jpg","title":"20250908 - Entrenamiento_006","thumbnail":"https:\/\/villarrealcf.es\/wp-content\/uploads\/2025\/09\/20250908-Entrenamiento_006-1620x1080.jpg","width":1620,"height":1080},{"url":"https:\/\/villarrealcf.es\/wp-content\/uploads\/2025\/09\/20250908-Entrenamiento_007.jpg","title":"20250908 - Entrenamiento_007","thumbnail":"https:\/\/villarrealcf.es\/wp-content\/uploads\/2025\/09\/20250908-Entrenamiento_007-1620x1080.jpg","width":1620,"height":1080},{"url":"https:\/\/villarrealcf.es\/wp-content\/uploads\/2025\/09\/20250908-Entrenamiento_042.jpg","title":"20250908 - Entrenamiento_042","thumbnail":"https:\/\/villarrealcf.es\/wp-content\/uploads\/2025\/09\/20250908-Entrenamiento_042-1620x1080.jpg","width":1620,"height":1080}]}],"children":[]}],"hero":{"id":"3e5d06b2","type":"container","classes":["elementor-section","elementor-top-section","elementor-element","elementor-element-3e5d06b2","elementor-section-boxed","elementor-section-height-default"],"title":"","text":"El talent\u00f3s atacant georgi\u00e0 ja prepara, amb la resta dels seus companys, el partit davant l\u2019Atl\u00e9tico de Madrid","headings":[],"texts":[{"type":"text","widget":"text-editor","text":"El talent\u00f3s atacant georgi\u00e0 ja prepara, amb la resta dels seus companys, el partit davant l\u2019Atl\u00e9tico de Madrid","paragraphs":[]}],"buttons":[],"images":[],"widgets":["text-editor","gallery"],"blocks":[{"type":"text","widget":"text-editor","text":"El talent\u00f3s atacant georgi\u00e0 ja prepara, amb la resta dels seus companys, el partit davant l\u2019Atl\u00e9tico de Madrid","paragraphs":[]},{"type":"gallery","widget":"gallery","items":[{"url":"https:\/\/villarrealcf.es\/wp-content\/uploads\/2025\/09\/20250908-Entrenamiento_009.jpg","title":"20250908 - Entrenamiento_009","thumbnail":"https:\/\/villarrealcf.es\/wp-content\/uploads\/2025\/09\/20250908-Entrenamiento_009-1620x1080.jpg","width":1620,"height":1080},{"url":"https:\/\/villarrealcf.es\/wp-content\/uploads\/2025\/09\/20250908-Entrenamiento_003.jpg","title":"20250908 - Entrenamiento_003","thumbnail":"https:\/\/villarrealcf.es\/wp-content\/uploads\/2025\/09\/20250908-Entrenamiento_003-1620x1080.jpg","width":1620,"height":1080},{"url":"https:\/\/villarrealcf.es\/wp-content\/uploads\/2025\/09\/20250908-Entrenamiento_033.jpg","title":"20250908 - Entrenamiento_033","thumbnail":"https:\/\/villarrealcf.es\/wp-content\/uploads\/2025\/09\/20250908-Entrenamiento_033-1620x1080.jpg","width":1620,"height":1080},{"url":"https:\/\/villarrealcf.es\/wp-content\/uploads\/2025\/09\/20250908-Entrenamiento_006.jpg","title":"20250908 - Entrenamiento_006","thumbnail":"https:\/\/villarrealcf.es\/wp-content\/uploads\/2025\/09\/20250908-Entrenamiento_006-1620x1080.jpg","width":1620,"height":1080},{"url":"https:\/\/villarrealcf.es\/wp-content\/uploads\/2025\/09\/20250908-Entrenamiento_007.jpg","title":"20250908 - Entrenamiento_007","thumbnail":"https:\/\/villarrealcf.es\/wp-content\/uploads\/2025\/09\/20250908-Entrenamiento_007-1620x1080.jpg","width":1620,"height":1080},{"url":"https:\/\/villarrealcf.es\/wp-content\/uploads\/2025\/09\/20250908-Entrenamiento_042.jpg","title":"20250908 - Entrenamiento_042","thumbnail":"https:\/\/villarrealcf.es\/wp-content\/uploads\/2025\/09\/20250908-Entrenamiento_042-1620x1080.jpg","width":1620,"height":1080}]}],"children":[]}},"sections":[{"id":"3e5d06b2","title":"El talent\u00f3s atacant georgi\u00e0 ja prepara, amb la resta dels seus companys, el partit davant l\u2019Atl\u00e9tico de Madrid","text":"El talent\u00f3s atacant georgi\u00e0 ja prepara, amb la resta dels seus companys, el partit davant l\u2019Atl\u00e9tico de Madrid","url":"https:\/\/villarrealcf.es\/wp-content\/uploads\/2025\/09\/20250908-Entrenamiento_009.jpg","background_image":"","images":[],"videos":[],"links":[{"url":"https:\/\/villarrealcf.es\/wp-content\/uploads\/2025\/09\/20250908-Entrenamiento_009.jpg","text":"","target":""},{"url":"https:\/\/villarrealcf.es\/wp-content\/uploads\/2025\/09\/20250908-Entrenamiento_003.jpg","text":"","target":""},{"url":"https:\/\/villarrealcf.es\/wp-content\/uploads\/2025\/09\/20250908-Entrenamiento_033.jpg","text":"","target":""},{"url":"https:\/\/villarrealcf.es\/wp-content\/uploads\/2025\/09\/20250908-Entrenamiento_006.jpg","text":"","target":""},{"url":"https:\/\/villarrealcf.es\/wp-content\/uploads\/2025\/09\/20250908-Entrenamiento_007.jpg","text":"","target":""},{"url":"https:\/\/villarrealcf.es\/wp-content\/uploads\/2025\/09\/20250908-Entrenamiento_042.jpg","text":"","target":""}]}]},"excerpt":{"rendered":"El talent\u00f3s atacant georgi\u00e0 ja prepara, amb la resta dels seus companys, el partit davant l&#8217;Atl\u00e9tico de Madrid","protected":false},"author":25,"featured_media":604043,"comment_status":"closed","ping_status":"closed","sticky":false,"template":"","format":"standard","meta":{"_acf_changed":false,"footnotes":""},"categories":[13493],"tags":[717,9270,13411,16639,9278,716,9205,9627,9203],"acf":null,"lang":"val","translations":{"es":604039,"en":604070,"val":604071},"essential_grid":{"has_grid":false},"formatted_date":"September 8, 2025","modified_date":"September 9, 2025","permalink":"https:\/\/villarrealcf.es\/val\/primer-dia-de-georges-mikautadze-amb-el-villarreal\/","reading_time":1,"featured_media_data":{"id":604043,"title":"mikautadze_primer entrenamiento","caption":"","alt_text":"","description":"","mime_type":"image\/jpeg","source_url":"https:\/\/villarrealcf.es\/wp-content\/uploads\/2025\/09\/mikautadze_primer-entrenamiento.jpg","sizes":{"thumbnail":{"url":"https:\/\/villarrealcf.es\/wp-content\/uploads\/2025\/09\/mikautadze_primer-entrenamiento.jpg","width":1920,"height":1080},"medium":{"url":"https:\/\/villarrealcf.es\/wp-content\/uploads\/2025\/09\/mikautadze_primer-entrenamiento.jpg","width":1920,"height":1080},"medium_large":{"url":"https:\/\/villarrealcf.es\/wp-content\/uploads\/2025\/09\/mikautadze_primer-entrenamiento-768x432.jpg","width":768,"height":432},"large":{"url":"https:\/\/villarrealcf.es\/wp-content\/uploads\/2025\/09\/mikautadze_primer-entrenamiento.jpg","width":788,"height":443},"1536x1536":{"url":"https:\/\/villarrealcf.es\/wp-content\/uploads\/2025\/09\/mikautadze_primer-entrenamiento-1536x864.jpg","width":1536,"height":864},"2048x2048":{"url":"https:\/\/villarrealcf.es\/wp-content\/uploads\/2025\/09\/mikautadze_primer-entrenamiento.jpg","width":1920,"height":1080},"tp-image-grid":{"url":"https:\/\/villarrealcf.es\/wp-content\/uploads\/2025\/09\/mikautadze_primer-entrenamiento-700x700.jpg","width":700,"height":700},"size-bunyad-medium":{"url":"https:\/\/villarrealcf.es\/wp-content\/uploads\/2025\/09\/mikautadze_primer-entrenamiento.jpg","width":1920,"height":1080},"sportspress-crop-medium":{"url":"https:\/\/villarrealcf.es\/wp-content\/uploads\/2025\/09\/mikautadze_primer-entrenamiento-300x300.jpg","width":300,"height":300},"sportspress-fit-medium":{"url":"https:\/\/villarrealcf.es\/wp-content\/uploads\/2025\/09\/mikautadze_primer-entrenamiento-300x169.jpg","width":300,"height":169},"sportspress-fit-icon":{"url":"https:\/\/villarrealcf.es\/wp-content\/uploads\/2025\/09\/mikautadze_primer-entrenamiento-128x72.jpg","width":128,"height":72},"sportspress-fit-mini":{"url":"https:\/\/villarrealcf.es\/wp-content\/uploads\/2025\/09\/mikautadze_primer-entrenamiento-32x18.jpg","width":32,"height":18},"bunyad-small":{"url":"https:\/\/villarrealcf.es\/wp-content\/uploads\/2025\/09\/mikautadze_primer-entrenamiento-150x84.jpg","width":150,"height":84},"bunyad-medium":{"url":"https:\/\/villarrealcf.es\/wp-content\/uploads\/2025\/09\/mikautadze_primer-entrenamiento-450x253.jpg","width":450,"height":253},"bunyad-full":{"url":"https:\/\/villarrealcf.es\/wp-content\/uploads\/2025\/09\/mikautadze_primer-entrenamiento-1200x675.jpg","width":1200,"height":675},"bunyad-viewport":{"url":"https:\/\/villarrealcf.es\/wp-content\/uploads\/2025\/09\/mikautadze_primer-entrenamiento.jpg","width":1920,"height":1080},"bunyad-768":{"url":"https:\/\/villarrealcf.es\/wp-content\/uploads\/2025\/09\/mikautadze_primer-entrenamiento-768x432.jpg","width":768,"height":432},"full":{"url":"https:\/\/villarrealcf.es\/wp-content\/uploads\/2025\/09\/mikautadze_primer-entrenamiento.jpg","width":1920,"height":1080}}},"author_data":{"id":"25","name":"Javier Ayuso","first_name":"Javier","last_name":"Ayuso","description":"","avatar_url":"https:\/\/secure.gravatar.com\/avatar\/fcf8894be45988fcce5bbff0efe1790d2a7f4ba57e2c7c898f5068154e696495?s=96&d=mm&r=g","acf":null},"taxonomies_data":{"category":[{"id":13493,"name":"Primer equip","slug":"primer-equip","acf":null}],"post_tag":[{"id":717,"name":"Football","slug":"football-d34","acf":null},{"id":9270,"name":"Futbol","slug":"futbol-val","acf":null},{"id":13411,"name":"Galer\u00eda Primer Equipo","slug":"galeria-primer-equipo-val","acf":null},{"id":16639,"name":"Georges Mikautadze","slug":"georges-mikautadze-val","acf":null},{"id":9278,"name":"primera division","slug":"primera-division-val","acf":null},{"id":716,"name":"Soccer","slug":"soccer-d105","acf":null},{"id":9205,"name":"Submarino","slug":"submarino-val","acf":null},{"id":9627,"name":"Submarino Amarillo","slug":"submarino-amarillo-val","acf":null},{"id":9203,"name":"Villarreal CF","slug":"villarreal-cf-val","acf":null}],"translation_priority":[{"id":735,"name":"Optional","slug":"optional-val","acf":null}]},"seo_full":{"native":{"title":"Primer dia de Georges Mikautadze amb el Villarreal - Web Oficial del Villarreal CF","description":"El talent\u00f3s atacant georgi\u00e0 ja prepara, amb la resta dels seus companys, el partit davant l'Atl\u00e9tico de Madrid","canonical":"https:\/\/villarrealcf.es\/val\/primer-dia-de-georges-mikautadze-amb-el-villarreal\/"}},"_links":{"self":[{"href":"https:\/\/villarrealcf.es\/val\/wp-json\/wp\/v2\/posts\/604071","targetHints":{"allow":["GET"]}}],"collection":[{"href":"https:\/\/villarrealcf.es\/val\/wp-json\/wp\/v2\/posts"}],"about":[{"href":"https:\/\/villarrealcf.es\/val\/wp-json\/wp\/v2\/types\/post"}],"author":[{"embeddable":true,"href":"https:\/\/villarrealcf.es\/val\/wp-json\/wp\/v2\/users\/25"}],"replies":[{"embeddable":true,"href":"https:\/\/villarrealcf.es\/val\/wp-json\/wp\/v2\/comments?post=604071"}],"version-history":[{"count":5,"href":"https:\/\/villarrealcf.es\/val\/wp-json\/wp\/v2\/posts\/604071\/revisions"}],"predecessor-version":[{"id":604078,"href":"https:\/\/villarrealcf.es\/val\/wp-json\/wp\/v2\/posts\/604071\/revisions\/604078"}],"wp:featuredmedia":[{"embeddable":true,"href":"https:\/\/villarrealcf.es\/val\/wp-json\/wp\/v2\/media\/604043"}],"wp:attachment":[{"href":"https:\/\/villarrealcf.es\/val\/wp-json\/wp\/v2\/media?parent=604071"}],"wp:term":[{"taxonomy":"category","embeddable":true,"href":"https:\/\/villarrealcf.es\/val\/wp-json\/wp\/v2\/categories?post=604071"},{"taxonomy":"post_tag","embeddable":true,"href":"https:\/\/villarrealcf.es\/val\/wp-json\/wp\/v2\/tags?post=604071"}],"curies":[{"name":"wp","href":"https:\/\/api.w.org\/{rel}","templated":true}]}}