{"id":603560,"date":"2025-09-03T10:36:57","date_gmt":"2025-09-03T08:36:57","guid":{"rendered":"https:\/\/villarrealcf.es\/un-verano-de-champions-para-el-submarino\/"},"modified":"2025-09-03T10:42:15","modified_gmt":"2025-09-03T08:42:15","slug":"un-estiu-de-champions-per-al-submari","status":"publish","type":"post","link":"https:\/\/villarrealcf.es\/val\/un-estiu-de-champions-per-al-submari\/","title":{"rendered":"Un estiu de &#8216;Champions&#8217; per al Submar\u00ed"},"content":{"protected":false,"blocks":[{"type":"heading","level":2,"text":"El Villarreal ha tancat deu incorporacions i dos renovacions clau per a afrontar una temporada exigent"},{"type":"paragraph","text":"El Villarreal CF ha fet un gran esfor\u00e7 per a armar una de les plantilles amb major nivell de la seua hist\u00f2ria, amb el prop\u00f2sit de ser competitius en una campanya tan il\u00b7lusionant com exigent, en la qual el Submar\u00ed participar\u00e0 en LALIGA, la Champions League i la Copa del Rei."},{"type":"paragraph","text":"El retorn a la m\u00e0xima competici\u00f3 continental era un important est\u00edmul per al conjunt de Marcelino, que havia d\u2019armar una plantilla \u00e0mplia per a afrontar un calendari amb quasi mig centenar de trobades confirmades."},{"type":"paragraph","text":"En el cap\u00edtol d\u2019eixides, Kiko Femen\u00eda, Ra\u00fal Albiol i Eric Bailly van concloure la seua vinculaci\u00f3 amb el Submar\u00ed, mentres que Denis Su\u00e1rez i Ramon Terrats van posar rumb al Deportivo Alav\u00e9s i RCD Espanyol. Danjuma i Etta Eyong ara s\u00f3n futbolistes del Valencia i Levante, respectivament. Tamb\u00e9 van tancar la seua etapa com groguets Yeremy Pino, Thierno Barry i \u00c1lex Baena. Els dos primers van marxar al futbol angl\u00e9s, mentres que li d\u2019Almeria va marxar traspassat a l\u2019Atl\u00e8tic de Madrid."},{"type":"paragraph","text":"Amb tot aix\u00f2, el Submar\u00ed es va refor\u00e7ar amb l\u2019arribada de tres grans defenses: Renato Veiga, Santiago Mouri\u00f1o i Rafa Mar\u00edn. Tres futbolistes j\u00f3vens amb gran potencial i que atresoren experi\u00e8ncia en el futbol europeu."},{"type":"paragraph","text":"En el centre del camp, Alberto Moleiro i Thomas Partey van apuntalar una l\u00ednia medul\u00b7lar que ja comptava amb grans efectius."},{"type":"paragraph","text":"En la porteria, va arribar Arnau Tenas, un portera jove i amb experi\u00e8ncia continental, mentres que en el front d\u2019atac Tajon Buchanan, Manor Solomon, Tani Oluwaseyi i Georges Mikautadze van posar la guinda a una plantilla \u00e0mplia i amb alternatives als ordes de Marcelino Garc\u00eda Toral."},{"type":"paragraph","text":"Renovacions top de Foyth i Pepe"},{"type":"paragraph","text":"El Villarreal CF tamb\u00e9 ha tancat este estiu la renovaci\u00f3 de Juan Foyth i Nico Pepe, dos peces claus en l\u2019equip de Marcelino Garc\u00eda Toral."},{"type":"paragraph","text":"El defensa argent\u00ed ha prolongat la seua vinculaci\u00f3 amb el Submar\u00ed fins a 2029, consolidant-se com un dels l\u00edders i capitans del conjunt groguet. Per part seua, l\u2019ivori\u00e0 est\u00e0 trobant la seua millor versi\u00f3 als ordes de Marcelino. Ha renovat el seu contracte amb el Villarreal fins a 2028."},{"type":"image","url":"https:\/\/villarrealcf.es\/wp-content\/uploads\/2025\/09\/Linea-Fichajes-2-864x1080.jpg","alt":"","width":864,"height":1080,"srcset":"https:\/\/villarrealcf.es\/wp-content\/uploads\/2025\/09\/Linea-Fichajes-2-864x1080.jpg 864w, https:\/\/villarrealcf.es\/wp-content\/uploads\/2025\/09\/Linea-Fichajes-2-864x1080.jpg 1920w, https:\/\/villarrealcf.es\/wp-content\/uploads\/2025\/09\/Linea-Fichajes-2-240x300.jpg 240w, https:\/\/villarrealcf.es\/wp-content\/uploads\/2025\/09\/Linea-Fichajes-2-102x128.jpg 102w, https:\/\/villarrealcf.es\/wp-content\/uploads\/2025\/09\/Linea-Fichajes-2-26x32.jpg 26w, https:\/\/villarrealcf.es\/wp-content\/uploads\/2025\/09\/Linea-Fichajes-2-150x188.jpg 150w, https:\/\/villarrealcf.es\/wp-content\/uploads\/2025\/09\/Linea-Fichajes-2-864x1080.jpg 1920w, https:\/\/villarrealcf.es\/wp-content\/uploads\/2025\/09\/Linea-Fichajes-2.jpg 1080w, https:\/\/villarrealcf.es\/wp-content\/uploads\/2025\/09\/Linea-Fichajes-2-864x1080.jpg 1920w, https:\/\/villarrealcf.es\/wp-content\/uploads\/2025\/09\/Linea-Fichajes-2-864x1080.jpg 1920w","sizes":"auto, (max-width: 864px) 100vw, 864px"}],"structured":{"summary":{"text":"El Villarreal ha tancat deu incorporacions i dos renovacions clau per a afrontar una temporada exigent El Villarreal CF ha fet un gran esfor\u00e7 per a armar una de les plantilles amb major nivell de la seua hist\u00f2ria, amb el prop\u00f2sit de ser competitius en una campanya tan il\u00b7lusionant com exigent, en la qual el Submar\u00ed participar\u00e0 en LALIGA, la Champions League i la Copa del Rei. El retorn a la m\u00e0xima competici\u00f3 continental era un important est\u00edmul per al conjunt de Marcelino, que havia d\u2019armar una plantilla \u00e0mplia per a afrontar un calendari amb quasi mig centenar de trobades confirmades. En el cap\u00edtol d\u2019eixides, Kiko Femen\u00eda, Ra\u00fal Albiol i Eric Bailly van concloure la seua vinculaci\u00f3 amb el Submar\u00ed, mentres que Denis Su\u00e1rez i Ramon Terrats van posar rumb al Deportivo Alav\u00e9s i RCD Espanyol. Danjuma i Etta Eyong ara s\u00f3n futbolistes del Valencia i Levante, respectivament. Tamb\u00e9 van tancar la seua etapa com groguets Yeremy Pino, Thierno Barry i \u00c1lex Baena. Els dos primers van marxar al futbol angl\u00e9s, mentres que li d\u2019Almeria va marxar traspassat a l\u2019Atl\u00e8tic de Madrid. Amb tot aix\u00f2, el Submar\u00ed es va refor\u00e7ar amb l\u2019arribada de tres grans defenses: Renato Veiga, Santiago Mouri\u00f1o i Rafa Mar\u00edn. Tres futbolistes j\u00f3vens amb gran potencial i que atresoren experi\u00e8ncia en el futbol europeu. En el centre del camp, Alberto Moleiro i Thomas Partey van apuntalar una l\u00ednia medul\u00b7lar que ja comptava amb grans efectius. En la porteria, va arribar Arnau Tenas, un portera jove i amb experi\u00e8ncia continental, mentres que en el front d\u2019atac Tajon Buchanan, Manor Solomon, Tani Oluwaseyi i Georges Mikautadze van posar la guinda a una plantilla \u00e0mplia i amb alternatives als ordes de Marcelino Garc\u00eda Toral. Renovacions top de Foyth i Pepe El Villarreal CF tamb\u00e9 ha tancat este estiu la renovaci\u00f3 de Juan Foyth i Nico Pepe, dos peces claus en l\u2019equip de Marcelino Garc\u00eda Toral. El defensa argent\u00ed ha prolongat la seua vinculaci\u00f3 amb el Submar\u00ed fins a 2029, consolidant-se com un dels l\u00edders i capitans del conjunt groguet. Per part seua, l\u2019ivori\u00e0 est\u00e0 trobant la seua millor versi\u00f3 als ordes de Marcelino. Ha renovat el seu contracte amb el Villarreal fins a 2028.","headings":[{"type":"heading","level":2,"text":"El Villarreal ha tancat deu incorporacions i dos renovacions clau per a afrontar una temporada exigent"}],"buttons":[],"images":[{"type":"image","url":"https:\/\/villarrealcf.es\/wp-content\/uploads\/2025\/09\/Linea-Fichajes-2-864x1080.jpg","alt":"","width":864,"height":1080,"srcset":"https:\/\/villarrealcf.es\/wp-content\/uploads\/2025\/09\/Linea-Fichajes-2-864x1080.jpg 864w, https:\/\/villarrealcf.es\/wp-content\/uploads\/2025\/09\/Linea-Fichajes-2-864x1080.jpg 1920w, https:\/\/villarrealcf.es\/wp-content\/uploads\/2025\/09\/Linea-Fichajes-2-240x300.jpg 240w, https:\/\/villarrealcf.es\/wp-content\/uploads\/2025\/09\/Linea-Fichajes-2-102x128.jpg 102w, https:\/\/villarrealcf.es\/wp-content\/uploads\/2025\/09\/Linea-Fichajes-2-26x32.jpg 26w, https:\/\/villarrealcf.es\/wp-content\/uploads\/2025\/09\/Linea-Fichajes-2-150x188.jpg 150w, https:\/\/villarrealcf.es\/wp-content\/uploads\/2025\/09\/Linea-Fichajes-2-864x1080.jpg 1920w, https:\/\/villarrealcf.es\/wp-content\/uploads\/2025\/09\/Linea-Fichajes-2.jpg 1080w, https:\/\/villarrealcf.es\/wp-content\/uploads\/2025\/09\/Linea-Fichajes-2-864x1080.jpg 1920w, https:\/\/villarrealcf.es\/wp-content\/uploads\/2025\/09\/Linea-Fichajes-2-864x1080.jpg 1920w","sizes":"auto, (max-width: 864px) 100vw, 864px"}],"counts":{"blocks":11,"headings":1,"texts":9,"buttons":0,"images":1}},"sections":[{"id":"section-1","title":"El Villarreal ha tancat deu incorporacions i dos renovacions clau per a afrontar una temporada exigent","text":"El Villarreal ha tancat deu incorporacions i dos renovacions clau per a afrontar una temporada exigent El Villarreal CF ha fet un gran esfor\u00e7 per a armar una de les plantilles amb major nivell de la seua hist\u00f2ria, amb el prop\u00f2sit de ser competitius en una campanya tan il\u00b7lusionant com exigent, en la qual el Submar\u00ed participar\u00e0 en LALIGA, la Champions League i la Copa del Rei. El retorn a la m\u00e0xima competici\u00f3 continental era un important est\u00edmul per al conjunt de Marcelino, que havia d\u2019armar una plantilla \u00e0mplia per a afrontar un calendari amb quasi mig centenar de trobades confirmades. En el cap\u00edtol d\u2019eixides, Kiko Femen\u00eda, Ra\u00fal Albiol i Eric Bailly van concloure la seua vinculaci\u00f3 amb el Submar\u00ed, mentres que Denis Su\u00e1rez i Ramon Terrats van posar rumb al Deportivo Alav\u00e9s i RCD Espanyol. Danjuma i Etta Eyong ara s\u00f3n futbolistes del Valencia i Levante, respectivament. Tamb\u00e9 van tancar la seua etapa com groguets Yeremy Pino, Thierno Barry i \u00c1lex Baena. Els dos primers van marxar al futbol angl\u00e9s, mentres que li d\u2019Almeria va marxar traspassat a l\u2019Atl\u00e8tic de Madrid. Amb tot aix\u00f2, el Submar\u00ed es va refor\u00e7ar amb l\u2019arribada de tres grans defenses: Renato Veiga, Santiago Mouri\u00f1o i Rafa Mar\u00edn. Tres futbolistes j\u00f3vens amb gran potencial i que atresoren experi\u00e8ncia en el futbol europeu. En el centre del camp, Alberto Moleiro i Thomas Partey van apuntalar una l\u00ednia medul\u00b7lar que ja comptava amb grans efectius. En la porteria, va arribar Arnau Tenas, un portera jove i amb experi\u00e8ncia continental, mentres que en el front d\u2019atac Tajon Buchanan, Manor Solomon, Tani Oluwaseyi i Georges Mikautadze van posar la guinda a una plantilla \u00e0mplia i amb alternatives als ordes de Marcelino Garc\u00eda Toral. Renovacions top de Foyth i Pepe El Villarreal CF tamb\u00e9 ha tancat este estiu la renovaci\u00f3 de Juan Foyth i Nico Pepe, dos peces claus en l\u2019equip de Marcelino Garc\u00eda Toral. El defensa argent\u00ed ha prolongat la seua vinculaci\u00f3 amb el Submar\u00ed fins a 2029, consolidant-se com un dels l\u00edders i capitans del conjunt groguet. Per part seua, l\u2019ivori\u00e0 est\u00e0 trobant la seua millor versi\u00f3 als ordes de Marcelino. Ha renovat el seu contracte amb el Villarreal fins a 2028.","headings":[{"type":"heading","level":2,"text":"El Villarreal ha tancat deu incorporacions i dos renovacions clau per a afrontar una temporada exigent"}],"texts":[{"type":"paragraph","text":"El Villarreal CF ha fet un gran esfor\u00e7 per a armar una de les plantilles amb major nivell de la seua hist\u00f2ria, amb el prop\u00f2sit de ser competitius en una campanya tan il\u00b7lusionant com exigent, en la qual el Submar\u00ed participar\u00e0 en LALIGA, la Champions League i la Copa del Rei."},{"type":"paragraph","text":"El retorn a la m\u00e0xima competici\u00f3 continental era un important est\u00edmul per al conjunt de Marcelino, que havia d\u2019armar una plantilla \u00e0mplia per a afrontar un calendari amb quasi mig centenar de trobades confirmades."},{"type":"paragraph","text":"En el cap\u00edtol d\u2019eixides, Kiko Femen\u00eda, Ra\u00fal Albiol i Eric Bailly van concloure la seua vinculaci\u00f3 amb el Submar\u00ed, mentres que Denis Su\u00e1rez i Ramon Terrats van posar rumb al Deportivo Alav\u00e9s i RCD Espanyol. Danjuma i Etta Eyong ara s\u00f3n futbolistes del Valencia i Levante, respectivament. Tamb\u00e9 van tancar la seua etapa com groguets Yeremy Pino, Thierno Barry i \u00c1lex Baena. Els dos primers van marxar al futbol angl\u00e9s, mentres que li d\u2019Almeria va marxar traspassat a l\u2019Atl\u00e8tic de Madrid."},{"type":"paragraph","text":"Amb tot aix\u00f2, el Submar\u00ed es va refor\u00e7ar amb l\u2019arribada de tres grans defenses: Renato Veiga, Santiago Mouri\u00f1o i Rafa Mar\u00edn. Tres futbolistes j\u00f3vens amb gran potencial i que atresoren experi\u00e8ncia en el futbol europeu."},{"type":"paragraph","text":"En el centre del camp, Alberto Moleiro i Thomas Partey van apuntalar una l\u00ednia medul\u00b7lar que ja comptava amb grans efectius."},{"type":"paragraph","text":"En la porteria, va arribar Arnau Tenas, un portera jove i amb experi\u00e8ncia continental, mentres que en el front d\u2019atac Tajon Buchanan, Manor Solomon, Tani Oluwaseyi i Georges Mikautadze van posar la guinda a una plantilla \u00e0mplia i amb alternatives als ordes de Marcelino Garc\u00eda Toral."},{"type":"paragraph","text":"Renovacions top de Foyth i Pepe"},{"type":"paragraph","text":"El Villarreal CF tamb\u00e9 ha tancat este estiu la renovaci\u00f3 de Juan Foyth i Nico Pepe, dos peces claus en l\u2019equip de Marcelino Garc\u00eda Toral."},{"type":"paragraph","text":"El defensa argent\u00ed ha prolongat la seua vinculaci\u00f3 amb el Submar\u00ed fins a 2029, consolidant-se com un dels l\u00edders i capitans del conjunt groguet. Per part seua, l\u2019ivori\u00e0 est\u00e0 trobant la seua millor versi\u00f3 als ordes de Marcelino. Ha renovat el seu contracte amb el Villarreal fins a 2028."}],"buttons":[],"images":[{"type":"image","url":"https:\/\/villarrealcf.es\/wp-content\/uploads\/2025\/09\/Linea-Fichajes-2-864x1080.jpg","alt":"","width":864,"height":1080,"srcset":"https:\/\/villarrealcf.es\/wp-content\/uploads\/2025\/09\/Linea-Fichajes-2-864x1080.jpg 864w, https:\/\/villarrealcf.es\/wp-content\/uploads\/2025\/09\/Linea-Fichajes-2-864x1080.jpg 1920w, https:\/\/villarrealcf.es\/wp-content\/uploads\/2025\/09\/Linea-Fichajes-2-240x300.jpg 240w, https:\/\/villarrealcf.es\/wp-content\/uploads\/2025\/09\/Linea-Fichajes-2-102x128.jpg 102w, https:\/\/villarrealcf.es\/wp-content\/uploads\/2025\/09\/Linea-Fichajes-2-26x32.jpg 26w, https:\/\/villarrealcf.es\/wp-content\/uploads\/2025\/09\/Linea-Fichajes-2-150x188.jpg 150w, https:\/\/villarrealcf.es\/wp-content\/uploads\/2025\/09\/Linea-Fichajes-2-864x1080.jpg 1920w, https:\/\/villarrealcf.es\/wp-content\/uploads\/2025\/09\/Linea-Fichajes-2.jpg 1080w, https:\/\/villarrealcf.es\/wp-content\/uploads\/2025\/09\/Linea-Fichajes-2-864x1080.jpg 1920w, https:\/\/villarrealcf.es\/wp-content\/uploads\/2025\/09\/Linea-Fichajes-2-864x1080.jpg 1920w","sizes":"auto, (max-width: 864px) 100vw, 864px"}],"widgets":[],"blocks":[{"type":"heading","level":2,"text":"El Villarreal ha tancat deu incorporacions i dos renovacions clau per a afrontar una temporada exigent"},{"type":"paragraph","text":"El Villarreal CF ha fet un gran esfor\u00e7 per a armar una de les plantilles amb major nivell de la seua hist\u00f2ria, amb el prop\u00f2sit de ser competitius en una campanya tan il\u00b7lusionant com exigent, en la qual el Submar\u00ed participar\u00e0 en LALIGA, la Champions League i la Copa del Rei."},{"type":"paragraph","text":"El retorn a la m\u00e0xima competici\u00f3 continental era un important est\u00edmul per al conjunt de Marcelino, que havia d\u2019armar una plantilla \u00e0mplia per a afrontar un calendari amb quasi mig centenar de trobades confirmades."},{"type":"paragraph","text":"En el cap\u00edtol d\u2019eixides, Kiko Femen\u00eda, Ra\u00fal Albiol i Eric Bailly van concloure la seua vinculaci\u00f3 amb el Submar\u00ed, mentres que Denis Su\u00e1rez i Ramon Terrats van posar rumb al Deportivo Alav\u00e9s i RCD Espanyol. Danjuma i Etta Eyong ara s\u00f3n futbolistes del Valencia i Levante, respectivament. Tamb\u00e9 van tancar la seua etapa com groguets Yeremy Pino, Thierno Barry i \u00c1lex Baena. Els dos primers van marxar al futbol angl\u00e9s, mentres que li d\u2019Almeria va marxar traspassat a l\u2019Atl\u00e8tic de Madrid."},{"type":"paragraph","text":"Amb tot aix\u00f2, el Submar\u00ed es va refor\u00e7ar amb l\u2019arribada de tres grans defenses: Renato Veiga, Santiago Mouri\u00f1o i Rafa Mar\u00edn. Tres futbolistes j\u00f3vens amb gran potencial i que atresoren experi\u00e8ncia en el futbol europeu."},{"type":"paragraph","text":"En el centre del camp, Alberto Moleiro i Thomas Partey van apuntalar una l\u00ednia medul\u00b7lar que ja comptava amb grans efectius."},{"type":"paragraph","text":"En la porteria, va arribar Arnau Tenas, un portera jove i amb experi\u00e8ncia continental, mentres que en el front d\u2019atac Tajon Buchanan, Manor Solomon, Tani Oluwaseyi i Georges Mikautadze van posar la guinda a una plantilla \u00e0mplia i amb alternatives als ordes de Marcelino Garc\u00eda Toral."},{"type":"paragraph","text":"Renovacions top de Foyth i Pepe"},{"type":"paragraph","text":"El Villarreal CF tamb\u00e9 ha tancat este estiu la renovaci\u00f3 de Juan Foyth i Nico Pepe, dos peces claus en l\u2019equip de Marcelino Garc\u00eda Toral."},{"type":"paragraph","text":"El defensa argent\u00ed ha prolongat la seua vinculaci\u00f3 amb el Submar\u00ed fins a 2029, consolidant-se com un dels l\u00edders i capitans del conjunt groguet. Per part seua, l\u2019ivori\u00e0 est\u00e0 trobant la seua millor versi\u00f3 als ordes de Marcelino. Ha renovat el seu contracte amb el Villarreal fins a 2028."},{"type":"image","url":"https:\/\/villarrealcf.es\/wp-content\/uploads\/2025\/09\/Linea-Fichajes-2-864x1080.jpg","alt":"","width":864,"height":1080,"srcset":"https:\/\/villarrealcf.es\/wp-content\/uploads\/2025\/09\/Linea-Fichajes-2-864x1080.jpg 864w, https:\/\/villarrealcf.es\/wp-content\/uploads\/2025\/09\/Linea-Fichajes-2-864x1080.jpg 1920w, https:\/\/villarrealcf.es\/wp-content\/uploads\/2025\/09\/Linea-Fichajes-2-240x300.jpg 240w, https:\/\/villarrealcf.es\/wp-content\/uploads\/2025\/09\/Linea-Fichajes-2-102x128.jpg 102w, https:\/\/villarrealcf.es\/wp-content\/uploads\/2025\/09\/Linea-Fichajes-2-26x32.jpg 26w, https:\/\/villarrealcf.es\/wp-content\/uploads\/2025\/09\/Linea-Fichajes-2-150x188.jpg 150w, https:\/\/villarrealcf.es\/wp-content\/uploads\/2025\/09\/Linea-Fichajes-2-864x1080.jpg 1920w, https:\/\/villarrealcf.es\/wp-content\/uploads\/2025\/09\/Linea-Fichajes-2.jpg 1080w, https:\/\/villarrealcf.es\/wp-content\/uploads\/2025\/09\/Linea-Fichajes-2-864x1080.jpg 1920w, https:\/\/villarrealcf.es\/wp-content\/uploads\/2025\/09\/Linea-Fichajes-2-864x1080.jpg 1920w","sizes":"auto, (max-width: 864px) 100vw, 864px"}]}],"hero":{"id":"section-1","title":"El Villarreal ha tancat deu incorporacions i dos renovacions clau per a afrontar una temporada exigent","text":"El Villarreal ha tancat deu incorporacions i dos renovacions clau per a afrontar una temporada exigent El Villarreal CF ha fet un gran esfor\u00e7 per a armar una de les plantilles amb major nivell de la seua hist\u00f2ria, amb el prop\u00f2sit de ser competitius en una campanya tan il\u00b7lusionant com exigent, en la qual el Submar\u00ed participar\u00e0 en LALIGA, la Champions League i la Copa del Rei. El retorn a la m\u00e0xima competici\u00f3 continental era un important est\u00edmul per al conjunt de Marcelino, que havia d\u2019armar una plantilla \u00e0mplia per a afrontar un calendari amb quasi mig centenar de trobades confirmades. En el cap\u00edtol d\u2019eixides, Kiko Femen\u00eda, Ra\u00fal Albiol i Eric Bailly van concloure la seua vinculaci\u00f3 amb el Submar\u00ed, mentres que Denis Su\u00e1rez i Ramon Terrats van posar rumb al Deportivo Alav\u00e9s i RCD Espanyol. Danjuma i Etta Eyong ara s\u00f3n futbolistes del Valencia i Levante, respectivament. Tamb\u00e9 van tancar la seua etapa com groguets Yeremy Pino, Thierno Barry i \u00c1lex Baena. Els dos primers van marxar al futbol angl\u00e9s, mentres que li d\u2019Almeria va marxar traspassat a l\u2019Atl\u00e8tic de Madrid. Amb tot aix\u00f2, el Submar\u00ed es va refor\u00e7ar amb l\u2019arribada de tres grans defenses: Renato Veiga, Santiago Mouri\u00f1o i Rafa Mar\u00edn. Tres futbolistes j\u00f3vens amb gran potencial i que atresoren experi\u00e8ncia en el futbol europeu. En el centre del camp, Alberto Moleiro i Thomas Partey van apuntalar una l\u00ednia medul\u00b7lar que ja comptava amb grans efectius. En la porteria, va arribar Arnau Tenas, un portera jove i amb experi\u00e8ncia continental, mentres que en el front d\u2019atac Tajon Buchanan, Manor Solomon, Tani Oluwaseyi i Georges Mikautadze van posar la guinda a una plantilla \u00e0mplia i amb alternatives als ordes de Marcelino Garc\u00eda Toral. Renovacions top de Foyth i Pepe El Villarreal CF tamb\u00e9 ha tancat este estiu la renovaci\u00f3 de Juan Foyth i Nico Pepe, dos peces claus en l\u2019equip de Marcelino Garc\u00eda Toral. El defensa argent\u00ed ha prolongat la seua vinculaci\u00f3 amb el Submar\u00ed fins a 2029, consolidant-se com un dels l\u00edders i capitans del conjunt groguet. Per part seua, l\u2019ivori\u00e0 est\u00e0 trobant la seua millor versi\u00f3 als ordes de Marcelino. Ha renovat el seu contracte amb el Villarreal fins a 2028.","headings":[{"type":"heading","level":2,"text":"El Villarreal ha tancat deu incorporacions i dos renovacions clau per a afrontar una temporada exigent"}],"texts":[{"type":"paragraph","text":"El Villarreal CF ha fet un gran esfor\u00e7 per a armar una de les plantilles amb major nivell de la seua hist\u00f2ria, amb el prop\u00f2sit de ser competitius en una campanya tan il\u00b7lusionant com exigent, en la qual el Submar\u00ed participar\u00e0 en LALIGA, la Champions League i la Copa del Rei."},{"type":"paragraph","text":"El retorn a la m\u00e0xima competici\u00f3 continental era un important est\u00edmul per al conjunt de Marcelino, que havia d\u2019armar una plantilla \u00e0mplia per a afrontar un calendari amb quasi mig centenar de trobades confirmades."},{"type":"paragraph","text":"En el cap\u00edtol d\u2019eixides, Kiko Femen\u00eda, Ra\u00fal Albiol i Eric Bailly van concloure la seua vinculaci\u00f3 amb el Submar\u00ed, mentres que Denis Su\u00e1rez i Ramon Terrats van posar rumb al Deportivo Alav\u00e9s i RCD Espanyol. Danjuma i Etta Eyong ara s\u00f3n futbolistes del Valencia i Levante, respectivament. Tamb\u00e9 van tancar la seua etapa com groguets Yeremy Pino, Thierno Barry i \u00c1lex Baena. Els dos primers van marxar al futbol angl\u00e9s, mentres que li d\u2019Almeria va marxar traspassat a l\u2019Atl\u00e8tic de Madrid."},{"type":"paragraph","text":"Amb tot aix\u00f2, el Submar\u00ed es va refor\u00e7ar amb l\u2019arribada de tres grans defenses: Renato Veiga, Santiago Mouri\u00f1o i Rafa Mar\u00edn. Tres futbolistes j\u00f3vens amb gran potencial i que atresoren experi\u00e8ncia en el futbol europeu."},{"type":"paragraph","text":"En el centre del camp, Alberto Moleiro i Thomas Partey van apuntalar una l\u00ednia medul\u00b7lar que ja comptava amb grans efectius."},{"type":"paragraph","text":"En la porteria, va arribar Arnau Tenas, un portera jove i amb experi\u00e8ncia continental, mentres que en el front d\u2019atac Tajon Buchanan, Manor Solomon, Tani Oluwaseyi i Georges Mikautadze van posar la guinda a una plantilla \u00e0mplia i amb alternatives als ordes de Marcelino Garc\u00eda Toral."},{"type":"paragraph","text":"Renovacions top de Foyth i Pepe"},{"type":"paragraph","text":"El Villarreal CF tamb\u00e9 ha tancat este estiu la renovaci\u00f3 de Juan Foyth i Nico Pepe, dos peces claus en l\u2019equip de Marcelino Garc\u00eda Toral."},{"type":"paragraph","text":"El defensa argent\u00ed ha prolongat la seua vinculaci\u00f3 amb el Submar\u00ed fins a 2029, consolidant-se com un dels l\u00edders i capitans del conjunt groguet. Per part seua, l\u2019ivori\u00e0 est\u00e0 trobant la seua millor versi\u00f3 als ordes de Marcelino. Ha renovat el seu contracte amb el Villarreal fins a 2028."}],"buttons":[],"images":[{"type":"image","url":"https:\/\/villarrealcf.es\/wp-content\/uploads\/2025\/09\/Linea-Fichajes-2-864x1080.jpg","alt":"","width":864,"height":1080,"srcset":"https:\/\/villarrealcf.es\/wp-content\/uploads\/2025\/09\/Linea-Fichajes-2-864x1080.jpg 864w, https:\/\/villarrealcf.es\/wp-content\/uploads\/2025\/09\/Linea-Fichajes-2-864x1080.jpg 1920w, https:\/\/villarrealcf.es\/wp-content\/uploads\/2025\/09\/Linea-Fichajes-2-240x300.jpg 240w, https:\/\/villarrealcf.es\/wp-content\/uploads\/2025\/09\/Linea-Fichajes-2-102x128.jpg 102w, https:\/\/villarrealcf.es\/wp-content\/uploads\/2025\/09\/Linea-Fichajes-2-26x32.jpg 26w, https:\/\/villarrealcf.es\/wp-content\/uploads\/2025\/09\/Linea-Fichajes-2-150x188.jpg 150w, https:\/\/villarrealcf.es\/wp-content\/uploads\/2025\/09\/Linea-Fichajes-2-864x1080.jpg 1920w, https:\/\/villarrealcf.es\/wp-content\/uploads\/2025\/09\/Linea-Fichajes-2.jpg 1080w, https:\/\/villarrealcf.es\/wp-content\/uploads\/2025\/09\/Linea-Fichajes-2-864x1080.jpg 1920w, https:\/\/villarrealcf.es\/wp-content\/uploads\/2025\/09\/Linea-Fichajes-2-864x1080.jpg 1920w","sizes":"auto, (max-width: 864px) 100vw, 864px"}],"widgets":[],"blocks":[{"type":"heading","level":2,"text":"El Villarreal ha tancat deu incorporacions i dos renovacions clau per a afrontar una temporada exigent"},{"type":"paragraph","text":"El Villarreal CF ha fet un gran esfor\u00e7 per a armar una de les plantilles amb major nivell de la seua hist\u00f2ria, amb el prop\u00f2sit de ser competitius en una campanya tan il\u00b7lusionant com exigent, en la qual el Submar\u00ed participar\u00e0 en LALIGA, la Champions League i la Copa del Rei."},{"type":"paragraph","text":"El retorn a la m\u00e0xima competici\u00f3 continental era un important est\u00edmul per al conjunt de Marcelino, que havia d\u2019armar una plantilla \u00e0mplia per a afrontar un calendari amb quasi mig centenar de trobades confirmades."},{"type":"paragraph","text":"En el cap\u00edtol d\u2019eixides, Kiko Femen\u00eda, Ra\u00fal Albiol i Eric Bailly van concloure la seua vinculaci\u00f3 amb el Submar\u00ed, mentres que Denis Su\u00e1rez i Ramon Terrats van posar rumb al Deportivo Alav\u00e9s i RCD Espanyol. Danjuma i Etta Eyong ara s\u00f3n futbolistes del Valencia i Levante, respectivament. Tamb\u00e9 van tancar la seua etapa com groguets Yeremy Pino, Thierno Barry i \u00c1lex Baena. Els dos primers van marxar al futbol angl\u00e9s, mentres que li d\u2019Almeria va marxar traspassat a l\u2019Atl\u00e8tic de Madrid."},{"type":"paragraph","text":"Amb tot aix\u00f2, el Submar\u00ed es va refor\u00e7ar amb l\u2019arribada de tres grans defenses: Renato Veiga, Santiago Mouri\u00f1o i Rafa Mar\u00edn. Tres futbolistes j\u00f3vens amb gran potencial i que atresoren experi\u00e8ncia en el futbol europeu."},{"type":"paragraph","text":"En el centre del camp, Alberto Moleiro i Thomas Partey van apuntalar una l\u00ednia medul\u00b7lar que ja comptava amb grans efectius."},{"type":"paragraph","text":"En la porteria, va arribar Arnau Tenas, un portera jove i amb experi\u00e8ncia continental, mentres que en el front d\u2019atac Tajon Buchanan, Manor Solomon, Tani Oluwaseyi i Georges Mikautadze van posar la guinda a una plantilla \u00e0mplia i amb alternatives als ordes de Marcelino Garc\u00eda Toral."},{"type":"paragraph","text":"Renovacions top de Foyth i Pepe"},{"type":"paragraph","text":"El Villarreal CF tamb\u00e9 ha tancat este estiu la renovaci\u00f3 de Juan Foyth i Nico Pepe, dos peces claus en l\u2019equip de Marcelino Garc\u00eda Toral."},{"type":"paragraph","text":"El defensa argent\u00ed ha prolongat la seua vinculaci\u00f3 amb el Submar\u00ed fins a 2029, consolidant-se com un dels l\u00edders i capitans del conjunt groguet. Per part seua, l\u2019ivori\u00e0 est\u00e0 trobant la seua millor versi\u00f3 als ordes de Marcelino. Ha renovat el seu contracte amb el Villarreal fins a 2028."},{"type":"image","url":"https:\/\/villarrealcf.es\/wp-content\/uploads\/2025\/09\/Linea-Fichajes-2-864x1080.jpg","alt":"","width":864,"height":1080,"srcset":"https:\/\/villarrealcf.es\/wp-content\/uploads\/2025\/09\/Linea-Fichajes-2-864x1080.jpg 864w, https:\/\/villarrealcf.es\/wp-content\/uploads\/2025\/09\/Linea-Fichajes-2-864x1080.jpg 1920w, https:\/\/villarrealcf.es\/wp-content\/uploads\/2025\/09\/Linea-Fichajes-2-240x300.jpg 240w, https:\/\/villarrealcf.es\/wp-content\/uploads\/2025\/09\/Linea-Fichajes-2-102x128.jpg 102w, https:\/\/villarrealcf.es\/wp-content\/uploads\/2025\/09\/Linea-Fichajes-2-26x32.jpg 26w, https:\/\/villarrealcf.es\/wp-content\/uploads\/2025\/09\/Linea-Fichajes-2-150x188.jpg 150w, https:\/\/villarrealcf.es\/wp-content\/uploads\/2025\/09\/Linea-Fichajes-2-864x1080.jpg 1920w, https:\/\/villarrealcf.es\/wp-content\/uploads\/2025\/09\/Linea-Fichajes-2.jpg 1080w, https:\/\/villarrealcf.es\/wp-content\/uploads\/2025\/09\/Linea-Fichajes-2-864x1080.jpg 1920w, https:\/\/villarrealcf.es\/wp-content\/uploads\/2025\/09\/Linea-Fichajes-2-864x1080.jpg 1920w","sizes":"auto, (max-width: 864px) 100vw, 864px"}]}},"sections":[{"id":"section-1","title":"El Villarreal ha tancat deu incorporacions i dos renovacions clau per a afrontar una temporada exigent","text":"El Villarreal ha tancat deu incorporacions i dos renovacions clau per a afrontar una temporada exigent El Villarreal CF ha fet un gran esfor\u00e7 per a armar una de les plantilles amb major nivell de la seua hist\u00f2ria, amb el prop\u00f2sit de ser competitius en una campanya tan il\u00b7lusionant com exigent, en la qual el Submar\u00ed participar\u00e0 en LALIGA, la Champions League i la Copa del Rei. El retorn a la m\u00e0xima competici\u00f3 continental era un important est\u00edmul per al conjunt de Marcelino, que havia d\u2019armar una plantilla \u00e0mplia per a afrontar un calendari amb quasi mig centenar de trobades confirmades. En el cap\u00edtol d\u2019eixides, Kiko Femen\u00eda, Ra\u00fal Albiol i Eric Bailly van concloure la seua vinculaci\u00f3 amb el Submar\u00ed, mentres que Denis Su\u00e1rez i Ramon Terrats van posar rumb al Deportivo Alav\u00e9s i RCD Espanyol. Danjuma i Etta Eyong ara s\u00f3n futbolistes del Valencia i Levante, respectivament. Tamb\u00e9 van tancar la seua etapa com groguets Yeremy Pino, Thierno Barry i \u00c1lex Baena. Els dos primers van marxar al futbol angl\u00e9s, mentres que li d\u2019Almeria va marxar traspassat a l\u2019Atl\u00e8tic de Madrid. Amb tot aix\u00f2, el Submar\u00ed es va refor\u00e7ar amb l\u2019arribada de tres grans defenses: Renato Veiga, Santiago Mouri\u00f1o i Rafa Mar\u00edn. Tres futbolistes j\u00f3vens amb gran potencial i que atresoren experi\u00e8ncia en el futbol europeu. En el centre del camp, Alberto Moleiro i Thomas Partey van apuntalar una l\u00ednia medul\u00b7lar que ja comptava amb grans efectius. En la porteria, va arribar Arnau Tenas, un portera jove i amb experi\u00e8ncia continental, mentres que en el front d\u2019atac Tajon Buchanan, Manor Solomon, Tani Oluwaseyi i Georges Mikautadze van posar la guinda a una plantilla \u00e0mplia i amb alternatives als ordes de Marcelino Garc\u00eda Toral. Renovacions top de Foyth i Pepe El Villarreal CF tamb\u00e9 ha tancat este estiu la renovaci\u00f3 de Juan Foyth i Nico Pepe, dos peces claus en l\u2019equip de Marcelino Garc\u00eda Toral. El defensa argent\u00ed ha prolongat la seua vinculaci\u00f3 amb el Submar\u00ed fins a 2029, consolidant-se com un dels l\u00edders i capitans del conjunt groguet. Per part seua, l\u2019ivori\u00e0 est\u00e0 trobant la seua millor versi\u00f3 als ordes de Marcelino. Ha renovat el seu contracte amb el Villarreal fins a 2028.","url":"","background_image":"","images":[{"type":"image","url":"https:\/\/villarrealcf.es\/wp-content\/uploads\/2025\/09\/Linea-Fichajes-2-864x1080.jpg","alt":"","width":864,"height":1080,"srcset":"https:\/\/villarrealcf.es\/wp-content\/uploads\/2025\/09\/Linea-Fichajes-2-864x1080.jpg 864w, https:\/\/villarrealcf.es\/wp-content\/uploads\/2025\/09\/Linea-Fichajes-2-864x1080.jpg 1920w, https:\/\/villarrealcf.es\/wp-content\/uploads\/2025\/09\/Linea-Fichajes-2-240x300.jpg 240w, https:\/\/villarrealcf.es\/wp-content\/uploads\/2025\/09\/Linea-Fichajes-2-102x128.jpg 102w, https:\/\/villarrealcf.es\/wp-content\/uploads\/2025\/09\/Linea-Fichajes-2-26x32.jpg 26w, https:\/\/villarrealcf.es\/wp-content\/uploads\/2025\/09\/Linea-Fichajes-2-150x188.jpg 150w, https:\/\/villarrealcf.es\/wp-content\/uploads\/2025\/09\/Linea-Fichajes-2-864x1080.jpg 1920w, https:\/\/villarrealcf.es\/wp-content\/uploads\/2025\/09\/Linea-Fichajes-2.jpg 1080w, https:\/\/villarrealcf.es\/wp-content\/uploads\/2025\/09\/Linea-Fichajes-2-864x1080.jpg 1920w, https:\/\/villarrealcf.es\/wp-content\/uploads\/2025\/09\/Linea-Fichajes-2-864x1080.jpg 1920w","sizes":"auto, (max-width: 864px) 100vw, 864px"}],"videos":[],"links":[]}]},"excerpt":{"rendered":"El Villarreal ha tancat deu incorporacions i dos renovacions clau per a afrontar una temporada exigent","protected":false},"author":25,"featured_media":603552,"comment_status":"closed","ping_status":"closed","sticky":false,"template":"","format":"standard","meta":{"_acf_changed":false,"footnotes":""},"categories":[13493],"tags":[10576,9250,717,9270,11042,9278,716,9205,9627,9203],"acf":null,"lang":"val","translations":{"es":603548,"en":603559,"val":603560},"essential_grid":{"has_grid":false},"formatted_date":"September 3, 2025","modified_date":"September 3, 2025","permalink":"https:\/\/villarrealcf.es\/val\/un-estiu-de-champions-per-al-submari\/","reading_time":2,"featured_media_data":{"id":603552,"title":"GeorgesMikautadze","caption":"","alt_text":"","description":"","mime_type":"image\/jpeg","source_url":"https:\/\/villarrealcf.es\/wp-content\/uploads\/2025\/09\/GeorgesMikautadze.jpg","sizes":{"thumbnail":{"url":"https:\/\/villarrealcf.es\/wp-content\/uploads\/2025\/09\/GeorgesMikautadze.jpg","width":1920,"height":1080},"medium":{"url":"https:\/\/villarrealcf.es\/wp-content\/uploads\/2025\/09\/GeorgesMikautadze.jpg","width":1920,"height":1080},"medium_large":{"url":"https:\/\/villarrealcf.es\/wp-content\/uploads\/2025\/09\/GeorgesMikautadze-768x432.jpg","width":768,"height":432},"large":{"url":"https:\/\/villarrealcf.es\/wp-content\/uploads\/2025\/09\/GeorgesMikautadze.jpg","width":788,"height":443},"1536x1536":{"url":"https:\/\/villarrealcf.es\/wp-content\/uploads\/2025\/09\/GeorgesMikautadze-1536x864.jpg","width":1536,"height":864},"2048x2048":{"url":"https:\/\/villarrealcf.es\/wp-content\/uploads\/2025\/09\/GeorgesMikautadze.jpg","width":1920,"height":1080},"tp-image-grid":{"url":"https:\/\/villarrealcf.es\/wp-content\/uploads\/2025\/09\/GeorgesMikautadze-700x700.jpg","width":700,"height":700},"size-bunyad-medium":{"url":"https:\/\/villarrealcf.es\/wp-content\/uploads\/2025\/09\/GeorgesMikautadze.jpg","width":1920,"height":1080},"sportspress-crop-medium":{"url":"https:\/\/villarrealcf.es\/wp-content\/uploads\/2025\/09\/GeorgesMikautadze-300x300.jpg","width":300,"height":300},"sportspress-fit-medium":{"url":"https:\/\/villarrealcf.es\/wp-content\/uploads\/2025\/09\/GeorgesMikautadze-300x169.jpg","width":300,"height":169},"sportspress-fit-icon":{"url":"https:\/\/villarrealcf.es\/wp-content\/uploads\/2025\/09\/GeorgesMikautadze-128x72.jpg","width":128,"height":72},"sportspress-fit-mini":{"url":"https:\/\/villarrealcf.es\/wp-content\/uploads\/2025\/09\/GeorgesMikautadze-32x18.jpg","width":32,"height":18},"bunyad-small":{"url":"https:\/\/villarrealcf.es\/wp-content\/uploads\/2025\/09\/GeorgesMikautadze-150x84.jpg","width":150,"height":84},"bunyad-medium":{"url":"https:\/\/villarrealcf.es\/wp-content\/uploads\/2025\/09\/GeorgesMikautadze-450x253.jpg","width":450,"height":253},"bunyad-full":{"url":"https:\/\/villarrealcf.es\/wp-content\/uploads\/2025\/09\/GeorgesMikautadze-1200x675.jpg","width":1200,"height":675},"bunyad-viewport":{"url":"https:\/\/villarrealcf.es\/wp-content\/uploads\/2025\/09\/GeorgesMikautadze.jpg","width":1920,"height":1080},"bunyad-768":{"url":"https:\/\/villarrealcf.es\/wp-content\/uploads\/2025\/09\/GeorgesMikautadze-768x432.jpg","width":768,"height":432},"full":{"url":"https:\/\/villarrealcf.es\/wp-content\/uploads\/2025\/09\/GeorgesMikautadze.jpg","width":1920,"height":1080}}},"author_data":{"id":"25","name":"Javier Ayuso","first_name":"Javier","last_name":"Ayuso","description":"","avatar_url":"https:\/\/secure.gravatar.com\/avatar\/fcf8894be45988fcce5bbff0efe1790d2a7f4ba57e2c7c898f5068154e696495?s=96&d=mm&r=g","acf":null},"taxonomies_data":{"category":[{"id":13493,"name":"Primer equip","slug":"primer-equip","acf":null}],"post_tag":[{"id":10576,"name":"Champions League","slug":"champions-league-val","acf":null},{"id":9250,"name":"Copa del Rey","slug":"copa-del-rey-val","acf":null},{"id":717,"name":"Football","slug":"football-d34","acf":null},{"id":9270,"name":"Futbol","slug":"futbol-val","acf":null},{"id":11042,"name":"LaLiga","slug":"laliga-val","acf":null},{"id":9278,"name":"primera division","slug":"primera-division-val","acf":null},{"id":716,"name":"Soccer","slug":"soccer-d105","acf":null},{"id":9205,"name":"Submarino","slug":"submarino-val","acf":null},{"id":9627,"name":"Submarino Amarillo","slug":"submarino-amarillo-val","acf":null},{"id":9203,"name":"Villarreal CF","slug":"villarreal-cf-val","acf":null}],"translation_priority":[{"id":735,"name":"Optional","slug":"optional-val","acf":null}]},"seo_full":{"native":{"title":"Un estiu de &#8216;Champions&#8217; per al Submar\u00ed - Web Oficial del Villarreal CF","description":"El Villarreal ha tancat deu incorporacions i dos renovacions clau per a afrontar una temporada exigent","canonical":"https:\/\/villarrealcf.es\/val\/un-estiu-de-champions-per-al-submari\/"}},"_links":{"self":[{"href":"https:\/\/villarrealcf.es\/val\/wp-json\/wp\/v2\/posts\/603560","targetHints":{"allow":["GET"]}}],"collection":[{"href":"https:\/\/villarrealcf.es\/val\/wp-json\/wp\/v2\/posts"}],"about":[{"href":"https:\/\/villarrealcf.es\/val\/wp-json\/wp\/v2\/types\/post"}],"author":[{"embeddable":true,"href":"https:\/\/villarrealcf.es\/val\/wp-json\/wp\/v2\/users\/25"}],"replies":[{"embeddable":true,"href":"https:\/\/villarrealcf.es\/val\/wp-json\/wp\/v2\/comments?post=603560"}],"version-history":[{"count":1,"href":"https:\/\/villarrealcf.es\/val\/wp-json\/wp\/v2\/posts\/603560\/revisions"}],"predecessor-version":[{"id":603562,"href":"https:\/\/villarrealcf.es\/val\/wp-json\/wp\/v2\/posts\/603560\/revisions\/603562"}],"wp:featuredmedia":[{"embeddable":true,"href":"https:\/\/villarrealcf.es\/val\/wp-json\/wp\/v2\/media\/603552"}],"wp:attachment":[{"href":"https:\/\/villarrealcf.es\/val\/wp-json\/wp\/v2\/media?parent=603560"}],"wp:term":[{"taxonomy":"category","embeddable":true,"href":"https:\/\/villarrealcf.es\/val\/wp-json\/wp\/v2\/categories?post=603560"},{"taxonomy":"post_tag","embeddable":true,"href":"https:\/\/villarrealcf.es\/val\/wp-json\/wp\/v2\/tags?post=603560"}],"curies":[{"name":"wp","href":"https:\/\/api.w.org\/{rel}","templated":true}]}}