{"id":602302,"date":"2025-08-26T18:59:41","date_gmt":"2025-08-26T16:59:41","guid":{"rendered":"https:\/\/villarrealcf.es\/parte-medico-pau-cabanes\/"},"modified":"2025-08-26T19:02:04","modified_gmt":"2025-08-26T17:02:04","slug":"comunicat-medic-pau-cabanes","status":"publish","type":"post","link":"https:\/\/villarrealcf.es\/val\/comunicat-medic-pau-cabanes\/","title":{"rendered":"Comunicat m\u00e8dic: Pau Cabanes"},"content":{"protected":false,"blocks":[{"type":"heading","level":2,"text":"El futbolista burrianense ha patit un trencament de lligament creuat anterior del seu genoll dret"},{"type":"paragraph","text":"Pau Cabanes ha patit un trencament de lligament creuat anterior en el genoll de la seua cama dreta, tal com han confirmat les proves m\u00e8diques a les quals s\u2019ha sotm\u00e9s el futbolista, despr\u00e9s de veure\u2019s obligat a abandonar la sessi\u00f3 d\u2019entrenament matinal del Villarreal B que ha tingut lloc este dimarts a la Ciutat Esportiva Jos\u00e9 Manuel Llaneza."},{"type":"paragraph","text":"En els pr\u00f2xims dies, el futbolista burrianense ser\u00e0 intervingut quir\u00fargicament."},{"type":"paragraph","text":"Molt \u00e0nim, Pau!"},{"type":"image","url":"https:\/\/villarrealcf.es\/wp-content\/uploads\/2025\/08\/image-3.png","alt":"","width":760,"height":84,"srcset":"https:\/\/villarrealcf.es\/wp-content\/uploads\/2025\/08\/image-3.png 760w, https:\/\/villarrealcf.es\/wp-content\/uploads\/2025\/08\/image-3.png 1920w, https:\/\/villarrealcf.es\/wp-content\/uploads\/2025\/08\/image-3.png 1920w, https:\/\/villarrealcf.es\/wp-content\/uploads\/2025\/08\/image-3-32x4.png 32w, https:\/\/villarrealcf.es\/wp-content\/uploads\/2025\/08\/image-3-150x17.png 150w, https:\/\/villarrealcf.es\/wp-content\/uploads\/2025\/08\/image-3.png 1920w, https:\/\/villarrealcf.es\/wp-content\/uploads\/2025\/08\/image-3.png 1920w","sizes":"auto, (max-width: 760px) 100vw, 760px"}],"structured":{"summary":{"text":"El futbolista burrianense ha patit un trencament de lligament creuat anterior del seu genoll dret Pau Cabanes ha patit un trencament de lligament creuat anterior en el genoll de la seua cama dreta, tal com han confirmat les proves m\u00e8diques a les quals s\u2019ha sotm\u00e9s el futbolista, despr\u00e9s de veure\u2019s obligat a abandonar la sessi\u00f3 d\u2019entrenament matinal del Villarreal B que ha tingut lloc este dimarts a la Ciutat Esportiva Jos\u00e9 Manuel Llaneza. En els pr\u00f2xims dies, el futbolista burrianense ser\u00e0 intervingut quir\u00fargicament. Molt \u00e0nim, Pau!","headings":[{"type":"heading","level":2,"text":"El futbolista burrianense ha patit un trencament de lligament creuat anterior del seu genoll dret"}],"buttons":[],"images":[{"type":"image","url":"https:\/\/villarrealcf.es\/wp-content\/uploads\/2025\/08\/image-3.png","alt":"","width":760,"height":84,"srcset":"https:\/\/villarrealcf.es\/wp-content\/uploads\/2025\/08\/image-3.png 760w, https:\/\/villarrealcf.es\/wp-content\/uploads\/2025\/08\/image-3.png 1920w, https:\/\/villarrealcf.es\/wp-content\/uploads\/2025\/08\/image-3.png 1920w, https:\/\/villarrealcf.es\/wp-content\/uploads\/2025\/08\/image-3-32x4.png 32w, https:\/\/villarrealcf.es\/wp-content\/uploads\/2025\/08\/image-3-150x17.png 150w, https:\/\/villarrealcf.es\/wp-content\/uploads\/2025\/08\/image-3.png 1920w, https:\/\/villarrealcf.es\/wp-content\/uploads\/2025\/08\/image-3.png 1920w","sizes":"auto, (max-width: 760px) 100vw, 760px"}],"counts":{"blocks":5,"headings":1,"texts":3,"buttons":0,"images":1}},"sections":[{"id":"section-1","title":"El futbolista burrianense ha patit un trencament de lligament creuat anterior del seu genoll dret","text":"El futbolista burrianense ha patit un trencament de lligament creuat anterior del seu genoll dret Pau Cabanes ha patit un trencament de lligament creuat anterior en el genoll de la seua cama dreta, tal com han confirmat les proves m\u00e8diques a les quals s\u2019ha sotm\u00e9s el futbolista, despr\u00e9s de veure\u2019s obligat a abandonar la sessi\u00f3 d\u2019entrenament matinal del Villarreal B que ha tingut lloc este dimarts a la Ciutat Esportiva Jos\u00e9 Manuel Llaneza. En els pr\u00f2xims dies, el futbolista burrianense ser\u00e0 intervingut quir\u00fargicament. Molt \u00e0nim, Pau!","headings":[{"type":"heading","level":2,"text":"El futbolista burrianense ha patit un trencament de lligament creuat anterior del seu genoll dret"}],"texts":[{"type":"paragraph","text":"Pau Cabanes ha patit un trencament de lligament creuat anterior en el genoll de la seua cama dreta, tal com han confirmat les proves m\u00e8diques a les quals s\u2019ha sotm\u00e9s el futbolista, despr\u00e9s de veure\u2019s obligat a abandonar la sessi\u00f3 d\u2019entrenament matinal del Villarreal B que ha tingut lloc este dimarts a la Ciutat Esportiva Jos\u00e9 Manuel Llaneza."},{"type":"paragraph","text":"En els pr\u00f2xims dies, el futbolista burrianense ser\u00e0 intervingut quir\u00fargicament."},{"type":"paragraph","text":"Molt \u00e0nim, Pau!"}],"buttons":[],"images":[{"type":"image","url":"https:\/\/villarrealcf.es\/wp-content\/uploads\/2025\/08\/image-3.png","alt":"","width":760,"height":84,"srcset":"https:\/\/villarrealcf.es\/wp-content\/uploads\/2025\/08\/image-3.png 760w, https:\/\/villarrealcf.es\/wp-content\/uploads\/2025\/08\/image-3.png 1920w, https:\/\/villarrealcf.es\/wp-content\/uploads\/2025\/08\/image-3.png 1920w, https:\/\/villarrealcf.es\/wp-content\/uploads\/2025\/08\/image-3-32x4.png 32w, https:\/\/villarrealcf.es\/wp-content\/uploads\/2025\/08\/image-3-150x17.png 150w, https:\/\/villarrealcf.es\/wp-content\/uploads\/2025\/08\/image-3.png 1920w, https:\/\/villarrealcf.es\/wp-content\/uploads\/2025\/08\/image-3.png 1920w","sizes":"auto, (max-width: 760px) 100vw, 760px"}],"widgets":[],"blocks":[{"type":"heading","level":2,"text":"El futbolista burrianense ha patit un trencament de lligament creuat anterior del seu genoll dret"},{"type":"paragraph","text":"Pau Cabanes ha patit un trencament de lligament creuat anterior en el genoll de la seua cama dreta, tal com han confirmat les proves m\u00e8diques a les quals s\u2019ha sotm\u00e9s el futbolista, despr\u00e9s de veure\u2019s obligat a abandonar la sessi\u00f3 d\u2019entrenament matinal del Villarreal B que ha tingut lloc este dimarts a la Ciutat Esportiva Jos\u00e9 Manuel Llaneza."},{"type":"paragraph","text":"En els pr\u00f2xims dies, el futbolista burrianense ser\u00e0 intervingut quir\u00fargicament."},{"type":"paragraph","text":"Molt \u00e0nim, Pau!"},{"type":"image","url":"https:\/\/villarrealcf.es\/wp-content\/uploads\/2025\/08\/image-3.png","alt":"","width":760,"height":84,"srcset":"https:\/\/villarrealcf.es\/wp-content\/uploads\/2025\/08\/image-3.png 760w, https:\/\/villarrealcf.es\/wp-content\/uploads\/2025\/08\/image-3.png 1920w, https:\/\/villarrealcf.es\/wp-content\/uploads\/2025\/08\/image-3.png 1920w, https:\/\/villarrealcf.es\/wp-content\/uploads\/2025\/08\/image-3-32x4.png 32w, https:\/\/villarrealcf.es\/wp-content\/uploads\/2025\/08\/image-3-150x17.png 150w, https:\/\/villarrealcf.es\/wp-content\/uploads\/2025\/08\/image-3.png 1920w, https:\/\/villarrealcf.es\/wp-content\/uploads\/2025\/08\/image-3.png 1920w","sizes":"auto, (max-width: 760px) 100vw, 760px"}]}],"hero":{"id":"section-1","title":"El futbolista burrianense ha patit un trencament de lligament creuat anterior del seu genoll dret","text":"El futbolista burrianense ha patit un trencament de lligament creuat anterior del seu genoll dret Pau Cabanes ha patit un trencament de lligament creuat anterior en el genoll de la seua cama dreta, tal com han confirmat les proves m\u00e8diques a les quals s\u2019ha sotm\u00e9s el futbolista, despr\u00e9s de veure\u2019s obligat a abandonar la sessi\u00f3 d\u2019entrenament matinal del Villarreal B que ha tingut lloc este dimarts a la Ciutat Esportiva Jos\u00e9 Manuel Llaneza. En els pr\u00f2xims dies, el futbolista burrianense ser\u00e0 intervingut quir\u00fargicament. Molt \u00e0nim, Pau!","headings":[{"type":"heading","level":2,"text":"El futbolista burrianense ha patit un trencament de lligament creuat anterior del seu genoll dret"}],"texts":[{"type":"paragraph","text":"Pau Cabanes ha patit un trencament de lligament creuat anterior en el genoll de la seua cama dreta, tal com han confirmat les proves m\u00e8diques a les quals s\u2019ha sotm\u00e9s el futbolista, despr\u00e9s de veure\u2019s obligat a abandonar la sessi\u00f3 d\u2019entrenament matinal del Villarreal B que ha tingut lloc este dimarts a la Ciutat Esportiva Jos\u00e9 Manuel Llaneza."},{"type":"paragraph","text":"En els pr\u00f2xims dies, el futbolista burrianense ser\u00e0 intervingut quir\u00fargicament."},{"type":"paragraph","text":"Molt \u00e0nim, Pau!"}],"buttons":[],"images":[{"type":"image","url":"https:\/\/villarrealcf.es\/wp-content\/uploads\/2025\/08\/image-3.png","alt":"","width":760,"height":84,"srcset":"https:\/\/villarrealcf.es\/wp-content\/uploads\/2025\/08\/image-3.png 760w, https:\/\/villarrealcf.es\/wp-content\/uploads\/2025\/08\/image-3.png 1920w, https:\/\/villarrealcf.es\/wp-content\/uploads\/2025\/08\/image-3.png 1920w, https:\/\/villarrealcf.es\/wp-content\/uploads\/2025\/08\/image-3-32x4.png 32w, https:\/\/villarrealcf.es\/wp-content\/uploads\/2025\/08\/image-3-150x17.png 150w, https:\/\/villarrealcf.es\/wp-content\/uploads\/2025\/08\/image-3.png 1920w, https:\/\/villarrealcf.es\/wp-content\/uploads\/2025\/08\/image-3.png 1920w","sizes":"auto, (max-width: 760px) 100vw, 760px"}],"widgets":[],"blocks":[{"type":"heading","level":2,"text":"El futbolista burrianense ha patit un trencament de lligament creuat anterior del seu genoll dret"},{"type":"paragraph","text":"Pau Cabanes ha patit un trencament de lligament creuat anterior en el genoll de la seua cama dreta, tal com han confirmat les proves m\u00e8diques a les quals s\u2019ha sotm\u00e9s el futbolista, despr\u00e9s de veure\u2019s obligat a abandonar la sessi\u00f3 d\u2019entrenament matinal del Villarreal B que ha tingut lloc este dimarts a la Ciutat Esportiva Jos\u00e9 Manuel Llaneza."},{"type":"paragraph","text":"En els pr\u00f2xims dies, el futbolista burrianense ser\u00e0 intervingut quir\u00fargicament."},{"type":"paragraph","text":"Molt \u00e0nim, Pau!"},{"type":"image","url":"https:\/\/villarrealcf.es\/wp-content\/uploads\/2025\/08\/image-3.png","alt":"","width":760,"height":84,"srcset":"https:\/\/villarrealcf.es\/wp-content\/uploads\/2025\/08\/image-3.png 760w, https:\/\/villarrealcf.es\/wp-content\/uploads\/2025\/08\/image-3.png 1920w, https:\/\/villarrealcf.es\/wp-content\/uploads\/2025\/08\/image-3.png 1920w, https:\/\/villarrealcf.es\/wp-content\/uploads\/2025\/08\/image-3-32x4.png 32w, https:\/\/villarrealcf.es\/wp-content\/uploads\/2025\/08\/image-3-150x17.png 150w, https:\/\/villarrealcf.es\/wp-content\/uploads\/2025\/08\/image-3.png 1920w, https:\/\/villarrealcf.es\/wp-content\/uploads\/2025\/08\/image-3.png 1920w","sizes":"auto, (max-width: 760px) 100vw, 760px"}]}},"sections":[{"id":"section-1","title":"El futbolista burrianense ha patit un trencament de lligament creuat anterior del seu genoll dret","text":"El futbolista burrianense ha patit un trencament de lligament creuat anterior del seu genoll dret Pau Cabanes ha patit un trencament de lligament creuat anterior en el genoll de la seua cama dreta, tal com han confirmat les proves m\u00e8diques a les quals s\u2019ha sotm\u00e9s el futbolista, despr\u00e9s de veure\u2019s obligat a abandonar la sessi\u00f3 d\u2019entrenament matinal del Villarreal B que ha tingut lloc este dimarts a la Ciutat Esportiva Jos\u00e9 Manuel Llaneza. En els pr\u00f2xims dies, el futbolista burrianense ser\u00e0 intervingut quir\u00fargicament. Molt \u00e0nim, Pau!","url":"","background_image":"","images":[{"type":"image","url":"https:\/\/villarrealcf.es\/wp-content\/uploads\/2025\/08\/image-3.png","alt":"","width":760,"height":84,"srcset":"https:\/\/villarrealcf.es\/wp-content\/uploads\/2025\/08\/image-3.png 760w, https:\/\/villarrealcf.es\/wp-content\/uploads\/2025\/08\/image-3.png 1920w, https:\/\/villarrealcf.es\/wp-content\/uploads\/2025\/08\/image-3.png 1920w, https:\/\/villarrealcf.es\/wp-content\/uploads\/2025\/08\/image-3-32x4.png 32w, https:\/\/villarrealcf.es\/wp-content\/uploads\/2025\/08\/image-3-150x17.png 150w, https:\/\/villarrealcf.es\/wp-content\/uploads\/2025\/08\/image-3.png 1920w, https:\/\/villarrealcf.es\/wp-content\/uploads\/2025\/08\/image-3.png 1920w","sizes":"auto, (max-width: 760px) 100vw, 760px"}],"videos":[],"links":[]}]},"excerpt":{"rendered":"El futbolista burrianense ha patit un trencament de lligament creuat anterior del seu genoll dret","protected":false},"author":25,"featured_media":602299,"comment_status":"closed","ping_status":"closed","sticky":false,"template":"","format":"standard","meta":{"_acf_changed":false,"footnotes":""},"categories":[13952],"tags":[10899,9366,10325,9358,717,16198,9227,15155,716,9205,13556,13557],"acf":null,"lang":"val","translations":{"es":602293,"en":602301,"val":602302},"essential_grid":{"has_grid":false},"formatted_date":"August 26, 2025","modified_date":"August 26, 2025","permalink":"https:\/\/villarrealcf.es\/val\/comunicat-medic-pau-cabanes\/","reading_time":1,"featured_media_data":{"id":602299,"title":"CABANES","caption":"CABANES","alt_text":"","description":"","mime_type":"image\/jpeg","source_url":"https:\/\/villarrealcf.es\/wp-content\/uploads\/2025\/08\/PauCabanesASISA.jpg","sizes":{"thumbnail":{"url":"https:\/\/villarrealcf.es\/wp-content\/uploads\/2025\/08\/PauCabanesASISA.jpg","width":1920,"height":1080},"medium":{"url":"https:\/\/villarrealcf.es\/wp-content\/uploads\/2025\/08\/PauCabanesASISA.jpg","width":1920,"height":1080},"medium_large":{"url":"https:\/\/villarrealcf.es\/wp-content\/uploads\/2025\/08\/PauCabanesASISA-768x432.jpg","width":768,"height":432},"large":{"url":"https:\/\/villarrealcf.es\/wp-content\/uploads\/2025\/08\/PauCabanesASISA.jpg","width":788,"height":443},"1536x1536":{"url":"https:\/\/villarrealcf.es\/wp-content\/uploads\/2025\/08\/PauCabanesASISA-1536x864.jpg","width":1536,"height":864},"2048x2048":{"url":"https:\/\/villarrealcf.es\/wp-content\/uploads\/2025\/08\/PauCabanesASISA.jpg","width":1920,"height":1080},"tp-image-grid":{"url":"https:\/\/villarrealcf.es\/wp-content\/uploads\/2025\/08\/PauCabanesASISA-700x700.jpg","width":700,"height":700},"size-bunyad-medium":{"url":"https:\/\/villarrealcf.es\/wp-content\/uploads\/2025\/08\/PauCabanesASISA.jpg","width":1920,"height":1080},"sportspress-crop-medium":{"url":"https:\/\/villarrealcf.es\/wp-content\/uploads\/2025\/08\/PauCabanesASISA-300x300.jpg","width":300,"height":300},"sportspress-fit-medium":{"url":"https:\/\/villarrealcf.es\/wp-content\/uploads\/2025\/08\/PauCabanesASISA-300x169.jpg","width":300,"height":169},"sportspress-fit-icon":{"url":"https:\/\/villarrealcf.es\/wp-content\/uploads\/2025\/08\/PauCabanesASISA-128x72.jpg","width":128,"height":72},"sportspress-fit-mini":{"url":"https:\/\/villarrealcf.es\/wp-content\/uploads\/2025\/08\/PauCabanesASISA-32x18.jpg","width":32,"height":18},"bunyad-small":{"url":"https:\/\/villarrealcf.es\/wp-content\/uploads\/2025\/08\/PauCabanesASISA-150x84.jpg","width":150,"height":84},"bunyad-medium":{"url":"https:\/\/villarrealcf.es\/wp-content\/uploads\/2025\/08\/PauCabanesASISA-450x253.jpg","width":450,"height":253},"bunyad-full":{"url":"https:\/\/villarrealcf.es\/wp-content\/uploads\/2025\/08\/PauCabanesASISA-1200x675.jpg","width":1200,"height":675},"bunyad-viewport":{"url":"https:\/\/villarrealcf.es\/wp-content\/uploads\/2025\/08\/PauCabanesASISA.jpg","width":1920,"height":1080},"bunyad-768":{"url":"https:\/\/villarrealcf.es\/wp-content\/uploads\/2025\/08\/PauCabanesASISA-768x432.jpg","width":768,"height":432},"full":{"url":"https:\/\/villarrealcf.es\/wp-content\/uploads\/2025\/08\/PauCabanesASISA.jpg","width":1920,"height":1080}}},"author_data":{"id":"25","name":"Javier Ayuso","first_name":"Javier","last_name":"Ayuso","description":"","avatar_url":"https:\/\/secure.gravatar.com\/avatar\/fcf8894be45988fcce5bbff0efe1790d2a7f4ba57e2c7c898f5068154e696495?s=96&d=mm&r=g","acf":null},"taxonomies_data":{"category":[{"id":13952,"name":"Comunicat m\u00e8dic","slug":"parte-medico-val","acf":null}],"post_tag":[{"id":10899,"name":"Asisa","slug":"asisa-val","acf":null},{"id":9366,"name":"Cantera","slug":"cantera-val","acf":null},{"id":10325,"name":"Cantera Grogueta","slug":"cantera-grogueta-val","acf":null},{"id":9358,"name":"Comunitat m\u00e8dic","slug":"parte-medico-val","acf":null},{"id":717,"name":"Football","slug":"football-d34","acf":null},{"id":16198,"name":"F\u00fatbol","slug":"futbol-3-val","acf":null},{"id":9227,"name":"F\u00fatbol Base","slug":"futbol-base-val","acf":null},{"id":15155,"name":"Pau Cabanes","slug":"pau-cabanes-val","acf":null},{"id":716,"name":"Soccer","slug":"soccer-d105","acf":null},{"id":9205,"name":"Submarino","slug":"submarino-val","acf":null},{"id":13556,"name":"Submarino Amarillo","slug":"submarino-amarillo-val-2","acf":null},{"id":13557,"name":"Villarreal CF","slug":"villarreal-cf-val-2","acf":null}],"translation_priority":[{"id":735,"name":"Optional","slug":"optional-val","acf":null}]},"seo_full":{"native":{"title":"Comunicat m\u00e8dic: Pau Cabanes - Web Oficial del Villarreal CF","description":"El futbolista burrianense ha patit un trencament de lligament creuat anterior del seu genoll dret","canonical":"https:\/\/villarrealcf.es\/val\/comunicat-medic-pau-cabanes\/"}},"_links":{"self":[{"href":"https:\/\/villarrealcf.es\/val\/wp-json\/wp\/v2\/posts\/602302","targetHints":{"allow":["GET"]}}],"collection":[{"href":"https:\/\/villarrealcf.es\/val\/wp-json\/wp\/v2\/posts"}],"about":[{"href":"https:\/\/villarrealcf.es\/val\/wp-json\/wp\/v2\/types\/post"}],"author":[{"embeddable":true,"href":"https:\/\/villarrealcf.es\/val\/wp-json\/wp\/v2\/users\/25"}],"replies":[{"embeddable":true,"href":"https:\/\/villarrealcf.es\/val\/wp-json\/wp\/v2\/comments?post=602302"}],"version-history":[{"count":1,"href":"https:\/\/villarrealcf.es\/val\/wp-json\/wp\/v2\/posts\/602302\/revisions"}],"predecessor-version":[{"id":602304,"href":"https:\/\/villarrealcf.es\/val\/wp-json\/wp\/v2\/posts\/602302\/revisions\/602304"}],"wp:featuredmedia":[{"embeddable":true,"href":"https:\/\/villarrealcf.es\/val\/wp-json\/wp\/v2\/media\/602299"}],"wp:attachment":[{"href":"https:\/\/villarrealcf.es\/val\/wp-json\/wp\/v2\/media?parent=602302"}],"wp:term":[{"taxonomy":"category","embeddable":true,"href":"https:\/\/villarrealcf.es\/val\/wp-json\/wp\/v2\/categories?post=602302"},{"taxonomy":"post_tag","embeddable":true,"href":"https:\/\/villarrealcf.es\/val\/wp-json\/wp\/v2\/tags?post=602302"}],"curies":[{"name":"wp","href":"https:\/\/api.w.org\/{rel}","templated":true}]}}