{"id":600241,"date":"2025-08-13T15:24:20","date_gmt":"2025-08-13T13:24:20","guid":{"rendered":"https:\/\/villarrealcf.es\/las-mejores-imagenes-de-la-presentacion-de-santiago-mourino\/"},"modified":"2025-08-13T16:08:12","modified_gmt":"2025-08-13T14:08:12","slug":"les-millors-imatges-de-la-presentacio-de-santiago-mourino","status":"publish","type":"post","link":"https:\/\/villarrealcf.es\/val\/les-millors-imatges-de-la-presentacio-de-santiago-mourino\/","title":{"rendered":"Les millors imatges de la presentaci\u00f3 de Santiago Mouri\u00f1o"},"content":{"protected":false,"blocks":[{"type":"heading","widget":"heading","level":2,"text":"El futbolista uruguai\u00e0 ha sigut presentat este dimecres com a jugador oficial del Villarreal CF"},{"type":"gallery","widget":"gallery","items":[{"url":"https:\/\/villarrealcf.es\/wp-content\/uploads\/2025\/08\/20250813-Present-Santiago-Mourino-002.jpg","title":"","thumbnail":"https:\/\/villarrealcf.es\/wp-content\/uploads\/2025\/08\/20250813-Present-Santiago-Mourino-002.jpg","width":2742,"height":1542},{"url":"https:\/\/villarrealcf.es\/wp-content\/uploads\/2025\/08\/20250813-Present-Santiago-Mourino-013.jpg","title":"","thumbnail":"https:\/\/villarrealcf.es\/wp-content\/uploads\/2025\/08\/20250813-Present-Santiago-Mourino-013.jpg","width":1400,"height":1751},{"url":"https:\/\/villarrealcf.es\/wp-content\/uploads\/2025\/08\/20250813-Present-Santiago-Mourino-028.jpg","title":"","thumbnail":"https:\/\/villarrealcf.es\/wp-content\/uploads\/2025\/08\/20250813-Present-Santiago-Mourino-028.jpg","width":1920,"height":1080},{"url":"https:\/\/villarrealcf.es\/wp-content\/uploads\/2025\/08\/20250813-Present-Santiago-Mourino-012.jpg","title":"","thumbnail":"https:\/\/villarrealcf.es\/wp-content\/uploads\/2025\/08\/20250813-Present-Santiago-Mourino-012.jpg","width":2584,"height":1775},{"url":"https:\/\/villarrealcf.es\/wp-content\/uploads\/2025\/08\/20250813-Present-Santiago-Mourino-011.jpg","title":"","thumbnail":"https:\/\/villarrealcf.es\/wp-content\/uploads\/2025\/08\/20250813-Present-Santiago-Mourino-011.jpg","width":1417,"height":1772},{"url":"https:\/\/villarrealcf.es\/wp-content\/uploads\/2025\/08\/20250813-Present-Santiago-Mourino-004.jpg","title":"","thumbnail":"https:\/\/villarrealcf.es\/wp-content\/uploads\/2025\/08\/20250813-Present-Santiago-Mourino-004.jpg","width":2362,"height":1575},{"url":"https:\/\/villarrealcf.es\/wp-content\/uploads\/2025\/08\/20250813-Present-Santiago-Mourino-029.jpg","title":"","thumbnail":"https:\/\/villarrealcf.es\/wp-content\/uploads\/2025\/08\/20250813-Present-Santiago-Mourino-029.jpg","width":2408,"height":1632},{"url":"https:\/\/villarrealcf.es\/wp-content\/uploads\/2025\/08\/20250813-Present-Santiago-Mourino-034.jpg","title":"","thumbnail":"https:\/\/villarrealcf.es\/wp-content\/uploads\/2025\/08\/20250813-Present-Santiago-Mourino-034.jpg","width":1291,"height":1808},{"url":"https:\/\/villarrealcf.es\/wp-content\/uploads\/2025\/08\/20250813-Present-Santiago-Mourino-007.jpg","title":"","thumbnail":"https:\/\/villarrealcf.es\/wp-content\/uploads\/2025\/08\/20250813-Present-Santiago-Mourino-007.jpg","width":1998,"height":1575}]}],"structured":{"summary":{"text":"El futbolista uruguai\u00e0 ha sigut presentat este dimecres com a jugador oficial del Villarreal CF","headings":[{"type":"heading","widget":"heading","level":2,"text":"El futbolista uruguai\u00e0 ha sigut presentat este dimecres com a jugador oficial del Villarreal CF"}],"buttons":[],"images":[],"counts":{"blocks":2,"headings":1,"texts":0,"buttons":0,"images":0},"containers":1},"sections":[{"id":"346ee35","type":"container","classes":["elementor-section","elementor-top-section","elementor-element","elementor-element-346ee35","elementor-section-boxed","elementor-section-height-default"],"title":"El futbolista uruguai\u00e0 ha sigut presentat este dimecres com a jugador oficial del Villarreal CF","text":"El futbolista uruguai\u00e0 ha sigut presentat este dimecres com a jugador oficial del Villarreal CF","headings":[{"type":"heading","widget":"heading","level":2,"text":"El futbolista uruguai\u00e0 ha sigut presentat este dimecres com a jugador oficial del Villarreal CF"}],"texts":[],"buttons":[],"images":[],"widgets":["heading","gallery"],"blocks":[{"type":"heading","widget":"heading","level":2,"text":"El futbolista uruguai\u00e0 ha sigut presentat este dimecres com a jugador oficial del Villarreal CF"},{"type":"gallery","widget":"gallery","items":[{"url":"https:\/\/villarrealcf.es\/wp-content\/uploads\/2025\/08\/20250813-Present-Santiago-Mourino-002.jpg","title":"","thumbnail":"https:\/\/villarrealcf.es\/wp-content\/uploads\/2025\/08\/20250813-Present-Santiago-Mourino-002.jpg","width":2742,"height":1542},{"url":"https:\/\/villarrealcf.es\/wp-content\/uploads\/2025\/08\/20250813-Present-Santiago-Mourino-013.jpg","title":"","thumbnail":"https:\/\/villarrealcf.es\/wp-content\/uploads\/2025\/08\/20250813-Present-Santiago-Mourino-013.jpg","width":1400,"height":1751},{"url":"https:\/\/villarrealcf.es\/wp-content\/uploads\/2025\/08\/20250813-Present-Santiago-Mourino-028.jpg","title":"","thumbnail":"https:\/\/villarrealcf.es\/wp-content\/uploads\/2025\/08\/20250813-Present-Santiago-Mourino-028.jpg","width":1920,"height":1080},{"url":"https:\/\/villarrealcf.es\/wp-content\/uploads\/2025\/08\/20250813-Present-Santiago-Mourino-012.jpg","title":"","thumbnail":"https:\/\/villarrealcf.es\/wp-content\/uploads\/2025\/08\/20250813-Present-Santiago-Mourino-012.jpg","width":2584,"height":1775},{"url":"https:\/\/villarrealcf.es\/wp-content\/uploads\/2025\/08\/20250813-Present-Santiago-Mourino-011.jpg","title":"","thumbnail":"https:\/\/villarrealcf.es\/wp-content\/uploads\/2025\/08\/20250813-Present-Santiago-Mourino-011.jpg","width":1417,"height":1772},{"url":"https:\/\/villarrealcf.es\/wp-content\/uploads\/2025\/08\/20250813-Present-Santiago-Mourino-004.jpg","title":"","thumbnail":"https:\/\/villarrealcf.es\/wp-content\/uploads\/2025\/08\/20250813-Present-Santiago-Mourino-004.jpg","width":2362,"height":1575},{"url":"https:\/\/villarrealcf.es\/wp-content\/uploads\/2025\/08\/20250813-Present-Santiago-Mourino-029.jpg","title":"","thumbnail":"https:\/\/villarrealcf.es\/wp-content\/uploads\/2025\/08\/20250813-Present-Santiago-Mourino-029.jpg","width":2408,"height":1632},{"url":"https:\/\/villarrealcf.es\/wp-content\/uploads\/2025\/08\/20250813-Present-Santiago-Mourino-034.jpg","title":"","thumbnail":"https:\/\/villarrealcf.es\/wp-content\/uploads\/2025\/08\/20250813-Present-Santiago-Mourino-034.jpg","width":1291,"height":1808},{"url":"https:\/\/villarrealcf.es\/wp-content\/uploads\/2025\/08\/20250813-Present-Santiago-Mourino-007.jpg","title":"","thumbnail":"https:\/\/villarrealcf.es\/wp-content\/uploads\/2025\/08\/20250813-Present-Santiago-Mourino-007.jpg","width":1998,"height":1575}]}],"children":[]}],"hero":{"id":"346ee35","type":"container","classes":["elementor-section","elementor-top-section","elementor-element","elementor-element-346ee35","elementor-section-boxed","elementor-section-height-default"],"title":"El futbolista uruguai\u00e0 ha sigut presentat este dimecres com a jugador oficial del Villarreal CF","text":"El futbolista uruguai\u00e0 ha sigut presentat este dimecres com a jugador oficial del Villarreal CF","headings":[{"type":"heading","widget":"heading","level":2,"text":"El futbolista uruguai\u00e0 ha sigut presentat este dimecres com a jugador oficial del Villarreal CF"}],"texts":[],"buttons":[],"images":[],"widgets":["heading","gallery"],"blocks":[{"type":"heading","widget":"heading","level":2,"text":"El futbolista uruguai\u00e0 ha sigut presentat este dimecres com a jugador oficial del Villarreal CF"},{"type":"gallery","widget":"gallery","items":[{"url":"https:\/\/villarrealcf.es\/wp-content\/uploads\/2025\/08\/20250813-Present-Santiago-Mourino-002.jpg","title":"","thumbnail":"https:\/\/villarrealcf.es\/wp-content\/uploads\/2025\/08\/20250813-Present-Santiago-Mourino-002.jpg","width":2742,"height":1542},{"url":"https:\/\/villarrealcf.es\/wp-content\/uploads\/2025\/08\/20250813-Present-Santiago-Mourino-013.jpg","title":"","thumbnail":"https:\/\/villarrealcf.es\/wp-content\/uploads\/2025\/08\/20250813-Present-Santiago-Mourino-013.jpg","width":1400,"height":1751},{"url":"https:\/\/villarrealcf.es\/wp-content\/uploads\/2025\/08\/20250813-Present-Santiago-Mourino-028.jpg","title":"","thumbnail":"https:\/\/villarrealcf.es\/wp-content\/uploads\/2025\/08\/20250813-Present-Santiago-Mourino-028.jpg","width":1920,"height":1080},{"url":"https:\/\/villarrealcf.es\/wp-content\/uploads\/2025\/08\/20250813-Present-Santiago-Mourino-012.jpg","title":"","thumbnail":"https:\/\/villarrealcf.es\/wp-content\/uploads\/2025\/08\/20250813-Present-Santiago-Mourino-012.jpg","width":2584,"height":1775},{"url":"https:\/\/villarrealcf.es\/wp-content\/uploads\/2025\/08\/20250813-Present-Santiago-Mourino-011.jpg","title":"","thumbnail":"https:\/\/villarrealcf.es\/wp-content\/uploads\/2025\/08\/20250813-Present-Santiago-Mourino-011.jpg","width":1417,"height":1772},{"url":"https:\/\/villarrealcf.es\/wp-content\/uploads\/2025\/08\/20250813-Present-Santiago-Mourino-004.jpg","title":"","thumbnail":"https:\/\/villarrealcf.es\/wp-content\/uploads\/2025\/08\/20250813-Present-Santiago-Mourino-004.jpg","width":2362,"height":1575},{"url":"https:\/\/villarrealcf.es\/wp-content\/uploads\/2025\/08\/20250813-Present-Santiago-Mourino-029.jpg","title":"","thumbnail":"https:\/\/villarrealcf.es\/wp-content\/uploads\/2025\/08\/20250813-Present-Santiago-Mourino-029.jpg","width":2408,"height":1632},{"url":"https:\/\/villarrealcf.es\/wp-content\/uploads\/2025\/08\/20250813-Present-Santiago-Mourino-034.jpg","title":"","thumbnail":"https:\/\/villarrealcf.es\/wp-content\/uploads\/2025\/08\/20250813-Present-Santiago-Mourino-034.jpg","width":1291,"height":1808},{"url":"https:\/\/villarrealcf.es\/wp-content\/uploads\/2025\/08\/20250813-Present-Santiago-Mourino-007.jpg","title":"","thumbnail":"https:\/\/villarrealcf.es\/wp-content\/uploads\/2025\/08\/20250813-Present-Santiago-Mourino-007.jpg","width":1998,"height":1575}]}],"children":[]}},"sections":[{"id":"346ee35","title":"El futbolista uruguai\u00e0 ha sigut presentat este dimecres com a jugador oficial del Villarreal CF","text":"El futbolista uruguai\u00e0 ha sigut presentat este dimecres com a jugador oficial del Villarreal CF","url":"https:\/\/villarrealcf.es\/wp-content\/uploads\/2025\/08\/20250813-Present-Santiago-Mourino-002.jpg","background_image":"","images":[],"videos":[],"links":[{"url":"https:\/\/villarrealcf.es\/wp-content\/uploads\/2025\/08\/20250813-Present-Santiago-Mourino-002.jpg","text":"","target":""},{"url":"https:\/\/villarrealcf.es\/wp-content\/uploads\/2025\/08\/20250813-Present-Santiago-Mourino-013.jpg","text":"","target":""},{"url":"https:\/\/villarrealcf.es\/wp-content\/uploads\/2025\/08\/20250813-Present-Santiago-Mourino-028.jpg","text":"","target":""},{"url":"https:\/\/villarrealcf.es\/wp-content\/uploads\/2025\/08\/20250813-Present-Santiago-Mourino-012.jpg","text":"","target":""},{"url":"https:\/\/villarrealcf.es\/wp-content\/uploads\/2025\/08\/20250813-Present-Santiago-Mourino-011.jpg","text":"","target":""},{"url":"https:\/\/villarrealcf.es\/wp-content\/uploads\/2025\/08\/20250813-Present-Santiago-Mourino-004.jpg","text":"","target":""},{"url":"https:\/\/villarrealcf.es\/wp-content\/uploads\/2025\/08\/20250813-Present-Santiago-Mourino-029.jpg","text":"","target":""},{"url":"https:\/\/villarrealcf.es\/wp-content\/uploads\/2025\/08\/20250813-Present-Santiago-Mourino-034.jpg","text":"","target":""},{"url":"https:\/\/villarrealcf.es\/wp-content\/uploads\/2025\/08\/20250813-Present-Santiago-Mourino-007.jpg","text":"","target":""}]}]},"excerpt":{"rendered":"El futbolista uruguai\u00e0 ha sigut presentat este dimecres com a jugador oficial del Villarreal CF","protected":false},"author":50,"featured_media":600228,"comment_status":"closed","ping_status":"closed","sticky":false,"template":"","format":"standard","meta":{"_acf_changed":false,"footnotes":""},"categories":[13493],"tags":[717,9270,13411,13427,16583,716,9205,9627,9203],"acf":null,"lang":"val","translations":{"es":600187,"en":600240,"val":600241},"essential_grid":{"has_grid":false},"formatted_date":"August 13, 2025","modified_date":"August 13, 2025","permalink":"https:\/\/villarrealcf.es\/val\/les-millors-imatges-de-la-presentacio-de-santiago-mourino\/","reading_time":1,"featured_media_data":{"id":600228,"title":"20250813- Present Santiago Mouri\u00f1o - 018","caption":"","alt_text":"","description":"","mime_type":"image\/jpeg","source_url":"https:\/\/villarrealcf.es\/wp-content\/uploads\/2025\/08\/20250813-Present-Santiago-Mourino-018.jpg","sizes":{"thumbnail":{"url":"https:\/\/villarrealcf.es\/wp-content\/uploads\/2025\/08\/20250813-Present-Santiago-Mourino-018.jpg","width":1920,"height":1079},"medium":{"url":"https:\/\/villarrealcf.es\/wp-content\/uploads\/2025\/08\/20250813-Present-Santiago-Mourino-018.jpg","width":1920,"height":1079},"medium_large":{"url":"https:\/\/villarrealcf.es\/wp-content\/uploads\/2025\/08\/20250813-Present-Santiago-Mourino-018-768x432.jpg","width":768,"height":432},"large":{"url":"https:\/\/villarrealcf.es\/wp-content\/uploads\/2025\/08\/20250813-Present-Santiago-Mourino-018.jpg","width":788,"height":443},"1536x1536":{"url":"https:\/\/villarrealcf.es\/wp-content\/uploads\/2025\/08\/20250813-Present-Santiago-Mourino-018-1536x864.jpg","width":1536,"height":864},"2048x2048":{"url":"https:\/\/villarrealcf.es\/wp-content\/uploads\/2025\/08\/20250813-Present-Santiago-Mourino-018.jpg","width":1921,"height":1080},"tp-image-grid":{"url":"https:\/\/villarrealcf.es\/wp-content\/uploads\/2025\/08\/20250813-Present-Santiago-Mourino-018-700x700.jpg","width":700,"height":700},"size-bunyad-medium":{"url":"https:\/\/villarrealcf.es\/wp-content\/uploads\/2025\/08\/20250813-Present-Santiago-Mourino-018.jpg","width":1920,"height":1079},"sportspress-crop-medium":{"url":"https:\/\/villarrealcf.es\/wp-content\/uploads\/2025\/08\/20250813-Present-Santiago-Mourino-018-300x300.jpg","width":300,"height":300},"sportspress-fit-medium":{"url":"https:\/\/villarrealcf.es\/wp-content\/uploads\/2025\/08\/20250813-Present-Santiago-Mourino-018-300x169.jpg","width":300,"height":169},"sportspress-fit-icon":{"url":"https:\/\/villarrealcf.es\/wp-content\/uploads\/2025\/08\/20250813-Present-Santiago-Mourino-018-128x72.jpg","width":128,"height":72},"sportspress-fit-mini":{"url":"https:\/\/villarrealcf.es\/wp-content\/uploads\/2025\/08\/20250813-Present-Santiago-Mourino-018-32x18.jpg","width":32,"height":18},"bunyad-small":{"url":"https:\/\/villarrealcf.es\/wp-content\/uploads\/2025\/08\/20250813-Present-Santiago-Mourino-018-150x84.jpg","width":150,"height":84},"bunyad-medium":{"url":"https:\/\/villarrealcf.es\/wp-content\/uploads\/2025\/08\/20250813-Present-Santiago-Mourino-018-450x253.jpg","width":450,"height":253},"bunyad-full":{"url":"https:\/\/villarrealcf.es\/wp-content\/uploads\/2025\/08\/20250813-Present-Santiago-Mourino-018-1200x675.jpg","width":1200,"height":675},"bunyad-viewport":{"url":"https:\/\/villarrealcf.es\/wp-content\/uploads\/2025\/08\/20250813-Present-Santiago-Mourino-018.jpg","width":1921,"height":1080},"bunyad-768":{"url":"https:\/\/villarrealcf.es\/wp-content\/uploads\/2025\/08\/20250813-Present-Santiago-Mourino-018-768x432.jpg","width":768,"height":432},"full":{"url":"https:\/\/villarrealcf.es\/wp-content\/uploads\/2025\/08\/20250813-Present-Santiago-Mourino-018.jpg","width":1921,"height":1080}}},"author_data":{"id":"50","name":"Gonzalo Rodriguez","first_name":"Gonzalo","last_name":"Rodriguez","description":"","avatar_url":"https:\/\/secure.gravatar.com\/avatar\/c4f230e0ea78e63ddeaecca36e50bacb0c36d435210e3a46c31d699223d391de?s=96&d=mm&r=g","acf":null},"taxonomies_data":{"category":[{"id":13493,"name":"Primer equip","slug":"primer-equip","acf":null}],"post_tag":[{"id":717,"name":"Football","slug":"football-d34","acf":null},{"id":9270,"name":"Futbol","slug":"futbol-val","acf":null},{"id":13411,"name":"Galer\u00eda Primer Equipo","slug":"galeria-primer-equipo-val","acf":null},{"id":13427,"name":"Primer Equipo","slug":"primer-equipo-val","acf":null},{"id":16583,"name":"Santiago Mouri\u00f1o","slug":"santiago-mourino-val","acf":null},{"id":716,"name":"Soccer","slug":"soccer-d105","acf":null},{"id":9205,"name":"Submarino","slug":"submarino-val","acf":null},{"id":9627,"name":"Submarino Amarillo","slug":"submarino-amarillo-val","acf":null},{"id":9203,"name":"Villarreal CF","slug":"villarreal-cf-val","acf":null}],"translation_priority":[{"id":735,"name":"Optional","slug":"optional-val","acf":null}]},"seo_full":{"native":{"title":"Les millors imatges de la presentaci\u00f3 de Santiago Mouri\u00f1o - Web Oficial del Villarreal CF","description":"El futbolista uruguai\u00e0 ha sigut presentat este dimecres com a jugador oficial del Villarreal CF","canonical":"https:\/\/villarrealcf.es\/val\/les-millors-imatges-de-la-presentacio-de-santiago-mourino\/"}},"_links":{"self":[{"href":"https:\/\/villarrealcf.es\/val\/wp-json\/wp\/v2\/posts\/600241","targetHints":{"allow":["GET"]}}],"collection":[{"href":"https:\/\/villarrealcf.es\/val\/wp-json\/wp\/v2\/posts"}],"about":[{"href":"https:\/\/villarrealcf.es\/val\/wp-json\/wp\/v2\/types\/post"}],"author":[{"embeddable":true,"href":"https:\/\/villarrealcf.es\/val\/wp-json\/wp\/v2\/users\/50"}],"replies":[{"embeddable":true,"href":"https:\/\/villarrealcf.es\/val\/wp-json\/wp\/v2\/comments?post=600241"}],"version-history":[{"count":4,"href":"https:\/\/villarrealcf.es\/val\/wp-json\/wp\/v2\/posts\/600241\/revisions"}],"predecessor-version":[{"id":600258,"href":"https:\/\/villarrealcf.es\/val\/wp-json\/wp\/v2\/posts\/600241\/revisions\/600258"}],"wp:featuredmedia":[{"embeddable":true,"href":"https:\/\/villarrealcf.es\/val\/wp-json\/wp\/v2\/media\/600228"}],"wp:attachment":[{"href":"https:\/\/villarrealcf.es\/val\/wp-json\/wp\/v2\/media?parent=600241"}],"wp:term":[{"taxonomy":"category","embeddable":true,"href":"https:\/\/villarrealcf.es\/val\/wp-json\/wp\/v2\/categories?post=600241"},{"taxonomy":"post_tag","embeddable":true,"href":"https:\/\/villarrealcf.es\/val\/wp-json\/wp\/v2\/tags?post=600241"}],"curies":[{"name":"wp","href":"https:\/\/api.w.org\/{rel}","templated":true}]}}