{"id":598877,"date":"2025-08-01T15:21:01","date_gmt":"2025-08-01T13:21:01","guid":{"rendered":"https:\/\/villarrealcf.es\/venta-de-entradas-para-el-trofeo-de-la-ceramica\/"},"modified":"2025-08-01T15:26:33","modified_gmt":"2025-08-01T13:26:33","slug":"venda-dentrades-per-al-trofeu-de-la-ceramica","status":"publish","type":"post","link":"https:\/\/villarrealcf.es\/val\/venda-dentrades-per-al-trofeu-de-la-ceramica\/","title":{"rendered":"Venda d&#8217;entrades per al Trofeu de la Cer\u00e0mica"},"content":{"protected":false,"blocks":[{"type":"heading","level":2,"text":"Els abonats accediran gratis al partit davant l\u2019Aston Villa FC (10 d\u2019agost, 21.00h)"},{"type":"paragraph","text":"El Villarreal CF ha activat la venda d\u2019entrades en l\u00ednia per al Trofeu de la Cer\u00e0mica, que enfrontar\u00e0 al Submar\u00ed davant l\u2019Aston Villa FC el diumenge 10 d\u2019agost, a les 21.00 hores, en l\u2019Estadio de la Cer\u00e1mica."},{"type":"paragraph","text":"Cal destacar que el partit davant el conjunt angl\u00e9s est\u00e0 incl\u00f2s en l\u2019abonament de la temporada 2025\/26, per la qual cosa els abonats no hauran de pagar per a gaudir del matx de presentaci\u00f3."},{"type":"paragraph","text":"Els aficionats que no siguen abonats i vulguen gaudir del dol davant l\u2019equip \u2018vil\u00e0\u2019 poden comprar la seua entrada en l\u00ednia. Els preus per zones s\u00f3n els seg\u00fcents:"},{"type":"list","style":"ul","items":["Graderia Alta Nord: 35 euros (+2,5\u20ac de despeses de gesti\u00f3)","Fons Nord: 45 euros (+2,5\u20ac dg)","Fons Sud: 45 euros (+2,5\u20ac dg)","Prefer\u00e8ncia: 55 euros (+2,5\u20ac dg)","Tribuna: 80 euros (+2,5\u20ac dg)","Super Tribuna: 165 euros (+2,5\u20ac dg)"]},{"type":"link","url":"https:\/\/tickets.oneboxtds.com\/villarrealcf_entradas\/select\/2567847?viewCode=V_EstadiodelaCermica","text":"venda d\u2019entrades","target":"_blank"}],"structured":{"summary":{"text":"Els abonats accediran gratis al partit davant l\u2019Aston Villa FC (10 d\u2019agost, 21.00h) El Villarreal CF ha activat la venda d\u2019entrades en l\u00ednia per al Trofeu de la Cer\u00e0mica, que enfrontar\u00e0 al Submar\u00ed davant l\u2019Aston Villa FC el diumenge 10 d\u2019agost, a les 21.00 hores, en l\u2019Estadio de la Cer\u00e1mica. Cal destacar que el partit davant el conjunt angl\u00e9s est\u00e0 incl\u00f2s en l\u2019abonament de la temporada 2025\/26, per la qual cosa els abonats no hauran de pagar per a gaudir del matx de presentaci\u00f3. Els aficionats que no siguen abonats i vulguen gaudir del dol davant l\u2019equip \u2018vil\u00e0\u2019 poden comprar la seua entrada en l\u00ednia. Els preus per zones s\u00f3n els seg\u00fcents: Graderia Alta Nord: 35 euros (+2,5\u20ac de despeses de gesti\u00f3) Fons Nord: 45 euros (+2,5\u20ac dg) Fons Sud: 45 euros (+2,5\u20ac dg) Prefer\u00e8ncia: 55 euros (+2,5\u20ac dg) Tribuna: 80 euros (+2,5\u20ac dg) Super Tribuna: 165 euros (+2,5\u20ac dg) venda d\u2019entrades","headings":[{"type":"heading","level":2,"text":"Els abonats accediran gratis al partit davant l\u2019Aston Villa FC (10 d\u2019agost, 21.00h)"}],"buttons":[],"images":[],"counts":{"blocks":6,"headings":1,"texts":3,"buttons":0,"images":0}},"sections":[{"id":"section-1","title":"Els abonats accediran gratis al partit davant l\u2019Aston Villa FC (10 d\u2019agost, 21.00h)","text":"Els abonats accediran gratis al partit davant l\u2019Aston Villa FC (10 d\u2019agost, 21.00h) El Villarreal CF ha activat la venda d\u2019entrades en l\u00ednia per al Trofeu de la Cer\u00e0mica, que enfrontar\u00e0 al Submar\u00ed davant l\u2019Aston Villa FC el diumenge 10 d\u2019agost, a les 21.00 hores, en l\u2019Estadio de la Cer\u00e1mica. Cal destacar que el partit davant el conjunt angl\u00e9s est\u00e0 incl\u00f2s en l\u2019abonament de la temporada 2025\/26, per la qual cosa els abonats no hauran de pagar per a gaudir del matx de presentaci\u00f3. Els aficionats que no siguen abonats i vulguen gaudir del dol davant l\u2019equip \u2018vil\u00e0\u2019 poden comprar la seua entrada en l\u00ednia. Els preus per zones s\u00f3n els seg\u00fcents:","headings":[{"type":"heading","level":2,"text":"Els abonats accediran gratis al partit davant l\u2019Aston Villa FC (10 d\u2019agost, 21.00h)"}],"texts":[{"type":"paragraph","text":"El Villarreal CF ha activat la venda d\u2019entrades en l\u00ednia per al Trofeu de la Cer\u00e0mica, que enfrontar\u00e0 al Submar\u00ed davant l\u2019Aston Villa FC el diumenge 10 d\u2019agost, a les 21.00 hores, en l\u2019Estadio de la Cer\u00e1mica."},{"type":"paragraph","text":"Cal destacar que el partit davant el conjunt angl\u00e9s est\u00e0 incl\u00f2s en l\u2019abonament de la temporada 2025\/26, per la qual cosa els abonats no hauran de pagar per a gaudir del matx de presentaci\u00f3."},{"type":"paragraph","text":"Els aficionats que no siguen abonats i vulguen gaudir del dol davant l\u2019equip \u2018vil\u00e0\u2019 poden comprar la seua entrada en l\u00ednia. Els preus per zones s\u00f3n els seg\u00fcents:"}],"buttons":[],"images":[],"widgets":[],"blocks":[{"type":"heading","level":2,"text":"Els abonats accediran gratis al partit davant l\u2019Aston Villa FC (10 d\u2019agost, 21.00h)"},{"type":"paragraph","text":"El Villarreal CF ha activat la venda d\u2019entrades en l\u00ednia per al Trofeu de la Cer\u00e0mica, que enfrontar\u00e0 al Submar\u00ed davant l\u2019Aston Villa FC el diumenge 10 d\u2019agost, a les 21.00 hores, en l\u2019Estadio de la Cer\u00e1mica."},{"type":"paragraph","text":"Cal destacar que el partit davant el conjunt angl\u00e9s est\u00e0 incl\u00f2s en l\u2019abonament de la temporada 2025\/26, per la qual cosa els abonats no hauran de pagar per a gaudir del matx de presentaci\u00f3."},{"type":"paragraph","text":"Els aficionats que no siguen abonats i vulguen gaudir del dol davant l\u2019equip \u2018vil\u00e0\u2019 poden comprar la seua entrada en l\u00ednia. Els preus per zones s\u00f3n els seg\u00fcents:"},{"type":"list","style":"ul","items":["Graderia Alta Nord: 35 euros (+2,5\u20ac de despeses de gesti\u00f3)","Fons Nord: 45 euros (+2,5\u20ac dg)","Fons Sud: 45 euros (+2,5\u20ac dg)","Prefer\u00e8ncia: 55 euros (+2,5\u20ac dg)","Tribuna: 80 euros (+2,5\u20ac dg)","Super Tribuna: 165 euros (+2,5\u20ac dg)"]},{"type":"link","url":"https:\/\/tickets.oneboxtds.com\/villarrealcf_entradas\/select\/2567847?viewCode=V_EstadiodelaCermica","text":"venda d\u2019entrades","target":"_blank"}]}],"hero":{"id":"section-1","title":"Els abonats accediran gratis al partit davant l\u2019Aston Villa FC (10 d\u2019agost, 21.00h)","text":"Els abonats accediran gratis al partit davant l\u2019Aston Villa FC (10 d\u2019agost, 21.00h) El Villarreal CF ha activat la venda d\u2019entrades en l\u00ednia per al Trofeu de la Cer\u00e0mica, que enfrontar\u00e0 al Submar\u00ed davant l\u2019Aston Villa FC el diumenge 10 d\u2019agost, a les 21.00 hores, en l\u2019Estadio de la Cer\u00e1mica. Cal destacar que el partit davant el conjunt angl\u00e9s est\u00e0 incl\u00f2s en l\u2019abonament de la temporada 2025\/26, per la qual cosa els abonats no hauran de pagar per a gaudir del matx de presentaci\u00f3. Els aficionats que no siguen abonats i vulguen gaudir del dol davant l\u2019equip \u2018vil\u00e0\u2019 poden comprar la seua entrada en l\u00ednia. Els preus per zones s\u00f3n els seg\u00fcents:","headings":[{"type":"heading","level":2,"text":"Els abonats accediran gratis al partit davant l\u2019Aston Villa FC (10 d\u2019agost, 21.00h)"}],"texts":[{"type":"paragraph","text":"El Villarreal CF ha activat la venda d\u2019entrades en l\u00ednia per al Trofeu de la Cer\u00e0mica, que enfrontar\u00e0 al Submar\u00ed davant l\u2019Aston Villa FC el diumenge 10 d\u2019agost, a les 21.00 hores, en l\u2019Estadio de la Cer\u00e1mica."},{"type":"paragraph","text":"Cal destacar que el partit davant el conjunt angl\u00e9s est\u00e0 incl\u00f2s en l\u2019abonament de la temporada 2025\/26, per la qual cosa els abonats no hauran de pagar per a gaudir del matx de presentaci\u00f3."},{"type":"paragraph","text":"Els aficionats que no siguen abonats i vulguen gaudir del dol davant l\u2019equip \u2018vil\u00e0\u2019 poden comprar la seua entrada en l\u00ednia. Els preus per zones s\u00f3n els seg\u00fcents:"}],"buttons":[],"images":[],"widgets":[],"blocks":[{"type":"heading","level":2,"text":"Els abonats accediran gratis al partit davant l\u2019Aston Villa FC (10 d\u2019agost, 21.00h)"},{"type":"paragraph","text":"El Villarreal CF ha activat la venda d\u2019entrades en l\u00ednia per al Trofeu de la Cer\u00e0mica, que enfrontar\u00e0 al Submar\u00ed davant l\u2019Aston Villa FC el diumenge 10 d\u2019agost, a les 21.00 hores, en l\u2019Estadio de la Cer\u00e1mica."},{"type":"paragraph","text":"Cal destacar que el partit davant el conjunt angl\u00e9s est\u00e0 incl\u00f2s en l\u2019abonament de la temporada 2025\/26, per la qual cosa els abonats no hauran de pagar per a gaudir del matx de presentaci\u00f3."},{"type":"paragraph","text":"Els aficionats que no siguen abonats i vulguen gaudir del dol davant l\u2019equip \u2018vil\u00e0\u2019 poden comprar la seua entrada en l\u00ednia. Els preus per zones s\u00f3n els seg\u00fcents:"},{"type":"list","style":"ul","items":["Graderia Alta Nord: 35 euros (+2,5\u20ac de despeses de gesti\u00f3)","Fons Nord: 45 euros (+2,5\u20ac dg)","Fons Sud: 45 euros (+2,5\u20ac dg)","Prefer\u00e8ncia: 55 euros (+2,5\u20ac dg)","Tribuna: 80 euros (+2,5\u20ac dg)","Super Tribuna: 165 euros (+2,5\u20ac dg)"]},{"type":"link","url":"https:\/\/tickets.oneboxtds.com\/villarrealcf_entradas\/select\/2567847?viewCode=V_EstadiodelaCermica","text":"venda d\u2019entrades","target":"_blank"}]}},"sections":[{"id":"section-1","title":"Els abonats accediran gratis al partit davant l\u2019Aston Villa FC (10 d\u2019agost, 21.00h)","text":"Els abonats accediran gratis al partit davant l\u2019Aston Villa FC (10 d\u2019agost, 21.00h) El Villarreal CF ha activat la venda d\u2019entrades en l\u00ednia per al Trofeu de la Cer\u00e0mica, que enfrontar\u00e0 al Submar\u00ed davant l\u2019Aston Villa FC el diumenge 10 d\u2019agost, a les 21.00 hores, en l\u2019Estadio de la Cer\u00e1mica. Cal destacar que el partit davant el conjunt angl\u00e9s est\u00e0 incl\u00f2s en l\u2019abonament de la temporada 2025\/26, per la qual cosa els abonats no hauran de pagar per a gaudir del matx de presentaci\u00f3. Els aficionats que no siguen abonats i vulguen gaudir del dol davant l\u2019equip \u2018vil\u00e0\u2019 poden comprar la seua entrada en l\u00ednia. Els preus per zones s\u00f3n els seg\u00fcents:","url":"https:\/\/tickets.oneboxtds.com\/villarrealcf_entradas\/select\/2567847?viewCode=V_EstadiodelaCermica","background_image":"","images":[],"videos":[],"links":[{"type":"link","url":"https:\/\/tickets.oneboxtds.com\/villarrealcf_entradas\/select\/2567847?viewCode=V_EstadiodelaCermica","text":"venda d\u2019entrades","target":"_blank"}]}]},"excerpt":{"rendered":"Els abonats accediran gratis al partit davant l&#8217;Aston Villa FC (10 d&#8217;agost, 21.00h)","protected":false},"author":25,"featured_media":598873,"comment_status":"closed","ping_status":"closed","sticky":false,"template":"","format":"standard","meta":{"_acf_changed":false,"footnotes":""},"categories":[13493],"tags":[13864,11429,717,9270,716,9205,9627,14194,9203],"acf":null,"lang":"val","translations":{"es":598870,"en":598876,"val":598877},"essential_grid":{"has_grid":false},"formatted_date":"August 1, 2025","modified_date":"August 1, 2025","permalink":"https:\/\/villarrealcf.es\/val\/venda-dentrades-per-al-trofeu-de-la-ceramica\/","reading_time":1,"featured_media_data":{"id":598873,"title":"AFICION\rGRADA\rCELEBRACION CHAMPIONS","caption":"AFICION\rGRADA\rCELEBRACION CHAMPIONS","alt_text":"","description":"","mime_type":"image\/jpeg","source_url":"https:\/\/villarrealcf.es\/wp-content\/uploads\/2025\/08\/VentaAstonVilla.jpg","sizes":{"thumbnail":{"url":"https:\/\/villarrealcf.es\/wp-content\/uploads\/2025\/08\/VentaAstonVilla.jpg","width":1920,"height":1080},"medium":{"url":"https:\/\/villarrealcf.es\/wp-content\/uploads\/2025\/08\/VentaAstonVilla.jpg","width":1920,"height":1080},"medium_large":{"url":"https:\/\/villarrealcf.es\/wp-content\/uploads\/2025\/08\/VentaAstonVilla-768x432.jpg","width":768,"height":432},"large":{"url":"https:\/\/villarrealcf.es\/wp-content\/uploads\/2025\/08\/VentaAstonVilla.jpg","width":788,"height":443},"1536x1536":{"url":"https:\/\/villarrealcf.es\/wp-content\/uploads\/2025\/08\/VentaAstonVilla-1536x864.jpg","width":1536,"height":864},"2048x2048":{"url":"https:\/\/villarrealcf.es\/wp-content\/uploads\/2025\/08\/VentaAstonVilla.jpg","width":1920,"height":1080},"tp-image-grid":{"url":"https:\/\/villarrealcf.es\/wp-content\/uploads\/2025\/08\/VentaAstonVilla-700x700.jpg","width":700,"height":700},"size-bunyad-medium":{"url":"https:\/\/villarrealcf.es\/wp-content\/uploads\/2025\/08\/VentaAstonVilla.jpg","width":1920,"height":1080},"sportspress-crop-medium":{"url":"https:\/\/villarrealcf.es\/wp-content\/uploads\/2025\/08\/VentaAstonVilla-300x300.jpg","width":300,"height":300},"sportspress-fit-medium":{"url":"https:\/\/villarrealcf.es\/wp-content\/uploads\/2025\/08\/VentaAstonVilla-300x169.jpg","width":300,"height":169},"sportspress-fit-icon":{"url":"https:\/\/villarrealcf.es\/wp-content\/uploads\/2025\/08\/VentaAstonVilla-128x72.jpg","width":128,"height":72},"sportspress-fit-mini":{"url":"https:\/\/villarrealcf.es\/wp-content\/uploads\/2025\/08\/VentaAstonVilla-32x18.jpg","width":32,"height":18},"bunyad-small":{"url":"https:\/\/villarrealcf.es\/wp-content\/uploads\/2025\/08\/VentaAstonVilla-150x84.jpg","width":150,"height":84},"bunyad-medium":{"url":"https:\/\/villarrealcf.es\/wp-content\/uploads\/2025\/08\/VentaAstonVilla-450x253.jpg","width":450,"height":253},"bunyad-full":{"url":"https:\/\/villarrealcf.es\/wp-content\/uploads\/2025\/08\/VentaAstonVilla-1200x675.jpg","width":1200,"height":675},"bunyad-viewport":{"url":"https:\/\/villarrealcf.es\/wp-content\/uploads\/2025\/08\/VentaAstonVilla.jpg","width":1920,"height":1080},"bunyad-768":{"url":"https:\/\/villarrealcf.es\/wp-content\/uploads\/2025\/08\/VentaAstonVilla-768x432.jpg","width":768,"height":432},"full":{"url":"https:\/\/villarrealcf.es\/wp-content\/uploads\/2025\/08\/VentaAstonVilla.jpg","width":1920,"height":1080}}},"author_data":{"id":"25","name":"Javier Ayuso","first_name":"Javier","last_name":"Ayuso","description":"","avatar_url":"https:\/\/secure.gravatar.com\/avatar\/fcf8894be45988fcce5bbff0efe1790d2a7f4ba57e2c7c898f5068154e696495?s=96&d=mm&r=g","acf":null},"taxonomies_data":{"category":[{"id":13493,"name":"Primer equip","slug":"primer-equip","acf":null}],"post_tag":[{"id":13864,"name":"Aston Villa FC","slug":"aston-villa-fc-val","acf":null},{"id":11429,"name":"Estadio de la Cer\u00e1mica","slug":"estadio-de-la-ceramica-val","acf":null},{"id":717,"name":"Football","slug":"football-d34","acf":null},{"id":9270,"name":"Futbol","slug":"futbol-val","acf":null},{"id":716,"name":"Soccer","slug":"soccer-d105","acf":null},{"id":9205,"name":"Submarino","slug":"submarino-val","acf":null},{"id":9627,"name":"Submarino Amarillo","slug":"submarino-amarillo-val","acf":null},{"id":14194,"name":"Venta de entradas","slug":"venta-de-entradas-2-val","acf":null},{"id":9203,"name":"Villarreal CF","slug":"villarreal-cf-val","acf":null}],"translation_priority":[{"id":735,"name":"Optional","slug":"optional-val","acf":null}]},"seo_full":{"native":{"title":"Venda d&#8217;entrades per al Trofeu de la Cer\u00e0mica - Web Oficial del Villarreal CF","description":"Els abonats accediran gratis al partit davant l'Aston Villa FC (10 d'agost, 21.00h)","canonical":"https:\/\/villarrealcf.es\/val\/venda-dentrades-per-al-trofeu-de-la-ceramica\/"}},"_links":{"self":[{"href":"https:\/\/villarrealcf.es\/val\/wp-json\/wp\/v2\/posts\/598877","targetHints":{"allow":["GET"]}}],"collection":[{"href":"https:\/\/villarrealcf.es\/val\/wp-json\/wp\/v2\/posts"}],"about":[{"href":"https:\/\/villarrealcf.es\/val\/wp-json\/wp\/v2\/types\/post"}],"author":[{"embeddable":true,"href":"https:\/\/villarrealcf.es\/val\/wp-json\/wp\/v2\/users\/25"}],"replies":[{"embeddable":true,"href":"https:\/\/villarrealcf.es\/val\/wp-json\/wp\/v2\/comments?post=598877"}],"version-history":[{"count":1,"href":"https:\/\/villarrealcf.es\/val\/wp-json\/wp\/v2\/posts\/598877\/revisions"}],"predecessor-version":[{"id":598881,"href":"https:\/\/villarrealcf.es\/val\/wp-json\/wp\/v2\/posts\/598877\/revisions\/598881"}],"wp:featuredmedia":[{"embeddable":true,"href":"https:\/\/villarrealcf.es\/val\/wp-json\/wp\/v2\/media\/598873"}],"wp:attachment":[{"href":"https:\/\/villarrealcf.es\/val\/wp-json\/wp\/v2\/media?parent=598877"}],"wp:term":[{"taxonomy":"category","embeddable":true,"href":"https:\/\/villarrealcf.es\/val\/wp-json\/wp\/v2\/categories?post=598877"},{"taxonomy":"post_tag","embeddable":true,"href":"https:\/\/villarrealcf.es\/val\/wp-json\/wp\/v2\/tags?post=598877"}],"curies":[{"name":"wp","href":"https:\/\/api.w.org\/{rel}","templated":true}]}}