{"id":598840,"date":"2025-08-01T13:11:42","date_gmt":"2025-08-01T11:11:42","guid":{"rendered":"https:\/\/villarrealcf.es\/el-primer-entrenamiento-de-mourino-en-el-villarreal\/"},"modified":"2025-08-01T13:22:30","modified_gmt":"2025-08-01T11:22:30","slug":"el-primer-entrenamiento-de-mourino-en-el-villarreal","status":"publish","type":"post","link":"https:\/\/villarrealcf.es\/val\/el-primer-entrenamiento-de-mourino-en-el-villarreal\/","title":{"rendered":"El primer entrenament de Mouri\u00f1o amb el Villarreal"},"content":{"protected":false,"blocks":[{"type":"text","widget":"text-editor","text":"El defensa hisp\u00e0-uruguai\u00e0 s\u2019ha exercitat per primera vegada als ordes de Marcelino Garc\u00eda Toral a Oviedo","paragraphs":[]},{"type":"gallery","widget":"gallery","items":[{"url":"https:\/\/villarrealcf.es\/wp-content\/uploads\/2025\/08\/20250801-Entrenamiento-Oviedo-004.jpg","title":"","thumbnail":"https:\/\/villarrealcf.es\/wp-content\/uploads\/2025\/08\/20250801-Entrenamiento-Oviedo-004.jpg","width":2835,"height":1890},{"url":"https:\/\/villarrealcf.es\/wp-content\/uploads\/2025\/08\/20250801-Entrenamiento-Oviedo-005.jpg","title":"","thumbnail":"https:\/\/villarrealcf.es\/wp-content\/uploads\/2025\/08\/20250801-Entrenamiento-Oviedo-005.jpg","width":2835,"height":1890},{"url":"https:\/\/villarrealcf.es\/wp-content\/uploads\/2025\/08\/20250801-Entrenamiento-Oviedo-003.jpg","title":"","thumbnail":"https:\/\/villarrealcf.es\/wp-content\/uploads\/2025\/08\/20250801-Entrenamiento-Oviedo-003.jpg","width":2835,"height":1890},{"url":"https:\/\/villarrealcf.es\/wp-content\/uploads\/2025\/08\/20250801-Entrenamiento-Oviedo-037.jpg","title":"","thumbnail":"https:\/\/villarrealcf.es\/wp-content\/uploads\/2025\/08\/20250801-Entrenamiento-Oviedo-037.jpg","width":2835,"height":1890},{"url":"https:\/\/villarrealcf.es\/wp-content\/uploads\/2025\/08\/20250801-Entrenamiento-Oviedo-007.jpg","title":"","thumbnail":"https:\/\/villarrealcf.es\/wp-content\/uploads\/2025\/08\/20250801-Entrenamiento-Oviedo-007.jpg","width":2835,"height":1890},{"url":"https:\/\/villarrealcf.es\/wp-content\/uploads\/2025\/08\/20250801-Entrenamiento-Oviedo-011.jpg","title":"","thumbnail":"https:\/\/villarrealcf.es\/wp-content\/uploads\/2025\/08\/20250801-Entrenamiento-Oviedo-011.jpg","width":2835,"height":1890},{"url":"https:\/\/villarrealcf.es\/wp-content\/uploads\/2025\/08\/20250801-Entrenamiento-Oviedo-017.jpg","title":"","thumbnail":"https:\/\/villarrealcf.es\/wp-content\/uploads\/2025\/08\/20250801-Entrenamiento-Oviedo-017.jpg","width":2835,"height":1890},{"url":"https:\/\/villarrealcf.es\/wp-content\/uploads\/2025\/08\/20250801-Entrenamiento-Oviedo-023.jpg","title":"","thumbnail":"https:\/\/villarrealcf.es\/wp-content\/uploads\/2025\/08\/20250801-Entrenamiento-Oviedo-023.jpg","width":2835,"height":1890},{"url":"https:\/\/villarrealcf.es\/wp-content\/uploads\/2025\/08\/20250801-Entrenamiento-Oviedo-025.jpg","title":"","thumbnail":"https:\/\/villarrealcf.es\/wp-content\/uploads\/2025\/08\/20250801-Entrenamiento-Oviedo-025.jpg","width":2835,"height":1890},{"url":"https:\/\/villarrealcf.es\/wp-content\/uploads\/2025\/08\/20250801-Entrenamiento-Oviedo-026.jpg","title":"","thumbnail":"https:\/\/villarrealcf.es\/wp-content\/uploads\/2025\/08\/20250801-Entrenamiento-Oviedo-026.jpg","width":2835,"height":1890},{"url":"https:\/\/villarrealcf.es\/wp-content\/uploads\/2025\/08\/20250801-Entrenamiento-Oviedo-033.jpg","title":"","thumbnail":"https:\/\/villarrealcf.es\/wp-content\/uploads\/2025\/08\/20250801-Entrenamiento-Oviedo-033.jpg","width":2835,"height":1890},{"url":"https:\/\/villarrealcf.es\/wp-content\/uploads\/2025\/08\/20250801-Entrenamiento-Oviedo-034.jpg","title":"","thumbnail":"https:\/\/villarrealcf.es\/wp-content\/uploads\/2025\/08\/20250801-Entrenamiento-Oviedo-034.jpg","width":2835,"height":1890},{"url":"https:\/\/villarrealcf.es\/wp-content\/uploads\/2025\/08\/20250801-Entrenamiento-Oviedo-006.jpg","title":"","thumbnail":"https:\/\/villarrealcf.es\/wp-content\/uploads\/2025\/08\/20250801-Entrenamiento-Oviedo-006.jpg","width":2835,"height":1890}]}],"structured":{"summary":{"text":"El defensa hisp\u00e0-uruguai\u00e0 s\u2019ha exercitat per primera vegada als ordes de Marcelino Garc\u00eda Toral a Oviedo","headings":[],"buttons":[],"images":[],"counts":{"blocks":2,"headings":0,"texts":1,"buttons":0,"images":0},"containers":2},"sections":[{"id":"2d01588a","type":"container","classes":["elementor-section","elementor-top-section","elementor-element","elementor-element-2d01588a","elementor-section-boxed","elementor-section-height-default"],"title":"","text":"El defensa hisp\u00e0-uruguai\u00e0 s\u2019ha exercitat per primera vegada als ordes de Marcelino Garc\u00eda Toral a Oviedo","headings":[],"texts":[{"type":"text","widget":"text-editor","text":"El defensa hisp\u00e0-uruguai\u00e0 s\u2019ha exercitat per primera vegada als ordes de Marcelino Garc\u00eda Toral a Oviedo","paragraphs":[]}],"buttons":[],"images":[],"widgets":["text-editor"],"blocks":[{"type":"text","widget":"text-editor","text":"El defensa hisp\u00e0-uruguai\u00e0 s\u2019ha exercitat per primera vegada als ordes de Marcelino Garc\u00eda Toral a Oviedo","paragraphs":[]}],"children":[]},{"id":"9995a04","type":"container","classes":["has-el-gap","el-gap-default","elementor-section","elementor-top-section","elementor-element","elementor-element-9995a04","elementor-section-boxed","elementor-section-height-default"],"title":"","text":"","headings":[],"texts":[],"buttons":[],"images":[],"widgets":["gallery"],"blocks":[{"type":"gallery","widget":"gallery","items":[{"url":"https:\/\/villarrealcf.es\/wp-content\/uploads\/2025\/08\/20250801-Entrenamiento-Oviedo-004.jpg","title":"","thumbnail":"https:\/\/villarrealcf.es\/wp-content\/uploads\/2025\/08\/20250801-Entrenamiento-Oviedo-004.jpg","width":2835,"height":1890},{"url":"https:\/\/villarrealcf.es\/wp-content\/uploads\/2025\/08\/20250801-Entrenamiento-Oviedo-005.jpg","title":"","thumbnail":"https:\/\/villarrealcf.es\/wp-content\/uploads\/2025\/08\/20250801-Entrenamiento-Oviedo-005.jpg","width":2835,"height":1890},{"url":"https:\/\/villarrealcf.es\/wp-content\/uploads\/2025\/08\/20250801-Entrenamiento-Oviedo-003.jpg","title":"","thumbnail":"https:\/\/villarrealcf.es\/wp-content\/uploads\/2025\/08\/20250801-Entrenamiento-Oviedo-003.jpg","width":2835,"height":1890},{"url":"https:\/\/villarrealcf.es\/wp-content\/uploads\/2025\/08\/20250801-Entrenamiento-Oviedo-037.jpg","title":"","thumbnail":"https:\/\/villarrealcf.es\/wp-content\/uploads\/2025\/08\/20250801-Entrenamiento-Oviedo-037.jpg","width":2835,"height":1890},{"url":"https:\/\/villarrealcf.es\/wp-content\/uploads\/2025\/08\/20250801-Entrenamiento-Oviedo-007.jpg","title":"","thumbnail":"https:\/\/villarrealcf.es\/wp-content\/uploads\/2025\/08\/20250801-Entrenamiento-Oviedo-007.jpg","width":2835,"height":1890},{"url":"https:\/\/villarrealcf.es\/wp-content\/uploads\/2025\/08\/20250801-Entrenamiento-Oviedo-011.jpg","title":"","thumbnail":"https:\/\/villarrealcf.es\/wp-content\/uploads\/2025\/08\/20250801-Entrenamiento-Oviedo-011.jpg","width":2835,"height":1890},{"url":"https:\/\/villarrealcf.es\/wp-content\/uploads\/2025\/08\/20250801-Entrenamiento-Oviedo-017.jpg","title":"","thumbnail":"https:\/\/villarrealcf.es\/wp-content\/uploads\/2025\/08\/20250801-Entrenamiento-Oviedo-017.jpg","width":2835,"height":1890},{"url":"https:\/\/villarrealcf.es\/wp-content\/uploads\/2025\/08\/20250801-Entrenamiento-Oviedo-023.jpg","title":"","thumbnail":"https:\/\/villarrealcf.es\/wp-content\/uploads\/2025\/08\/20250801-Entrenamiento-Oviedo-023.jpg","width":2835,"height":1890},{"url":"https:\/\/villarrealcf.es\/wp-content\/uploads\/2025\/08\/20250801-Entrenamiento-Oviedo-025.jpg","title":"","thumbnail":"https:\/\/villarrealcf.es\/wp-content\/uploads\/2025\/08\/20250801-Entrenamiento-Oviedo-025.jpg","width":2835,"height":1890},{"url":"https:\/\/villarrealcf.es\/wp-content\/uploads\/2025\/08\/20250801-Entrenamiento-Oviedo-026.jpg","title":"","thumbnail":"https:\/\/villarrealcf.es\/wp-content\/uploads\/2025\/08\/20250801-Entrenamiento-Oviedo-026.jpg","width":2835,"height":1890},{"url":"https:\/\/villarrealcf.es\/wp-content\/uploads\/2025\/08\/20250801-Entrenamiento-Oviedo-033.jpg","title":"","thumbnail":"https:\/\/villarrealcf.es\/wp-content\/uploads\/2025\/08\/20250801-Entrenamiento-Oviedo-033.jpg","width":2835,"height":1890},{"url":"https:\/\/villarrealcf.es\/wp-content\/uploads\/2025\/08\/20250801-Entrenamiento-Oviedo-034.jpg","title":"","thumbnail":"https:\/\/villarrealcf.es\/wp-content\/uploads\/2025\/08\/20250801-Entrenamiento-Oviedo-034.jpg","width":2835,"height":1890},{"url":"https:\/\/villarrealcf.es\/wp-content\/uploads\/2025\/08\/20250801-Entrenamiento-Oviedo-006.jpg","title":"","thumbnail":"https:\/\/villarrealcf.es\/wp-content\/uploads\/2025\/08\/20250801-Entrenamiento-Oviedo-006.jpg","width":2835,"height":1890}]}],"children":[]}],"hero":{"id":"2d01588a","type":"container","classes":["elementor-section","elementor-top-section","elementor-element","elementor-element-2d01588a","elementor-section-boxed","elementor-section-height-default"],"title":"","text":"El defensa hisp\u00e0-uruguai\u00e0 s\u2019ha exercitat per primera vegada als ordes de Marcelino Garc\u00eda Toral a Oviedo","headings":[],"texts":[{"type":"text","widget":"text-editor","text":"El defensa hisp\u00e0-uruguai\u00e0 s\u2019ha exercitat per primera vegada als ordes de Marcelino Garc\u00eda Toral a Oviedo","paragraphs":[]}],"buttons":[],"images":[],"widgets":["text-editor"],"blocks":[{"type":"text","widget":"text-editor","text":"El defensa hisp\u00e0-uruguai\u00e0 s\u2019ha exercitat per primera vegada als ordes de Marcelino Garc\u00eda Toral a Oviedo","paragraphs":[]}],"children":[]}},"sections":[{"id":"2d01588a","title":"El defensa hisp\u00e0-uruguai\u00e0 s\u2019ha exercitat per primera vegada als ordes de Marcelino Garc\u00eda Toral a Oviedo","text":"El defensa hisp\u00e0-uruguai\u00e0 s\u2019ha exercitat per primera vegada als ordes de Marcelino Garc\u00eda Toral a Oviedo","url":"","background_image":"","images":[],"videos":[],"links":[]},{"id":"9995a04","title":"","text":"","url":"https:\/\/villarrealcf.es\/wp-content\/uploads\/2025\/08\/20250801-Entrenamiento-Oviedo-004.jpg","background_image":"","images":[],"videos":[],"links":[{"url":"https:\/\/villarrealcf.es\/wp-content\/uploads\/2025\/08\/20250801-Entrenamiento-Oviedo-004.jpg","text":"","target":""},{"url":"https:\/\/villarrealcf.es\/wp-content\/uploads\/2025\/08\/20250801-Entrenamiento-Oviedo-005.jpg","text":"","target":""},{"url":"https:\/\/villarrealcf.es\/wp-content\/uploads\/2025\/08\/20250801-Entrenamiento-Oviedo-003.jpg","text":"","target":""},{"url":"https:\/\/villarrealcf.es\/wp-content\/uploads\/2025\/08\/20250801-Entrenamiento-Oviedo-037.jpg","text":"","target":""},{"url":"https:\/\/villarrealcf.es\/wp-content\/uploads\/2025\/08\/20250801-Entrenamiento-Oviedo-007.jpg","text":"","target":""},{"url":"https:\/\/villarrealcf.es\/wp-content\/uploads\/2025\/08\/20250801-Entrenamiento-Oviedo-011.jpg","text":"","target":""},{"url":"https:\/\/villarrealcf.es\/wp-content\/uploads\/2025\/08\/20250801-Entrenamiento-Oviedo-017.jpg","text":"","target":""},{"url":"https:\/\/villarrealcf.es\/wp-content\/uploads\/2025\/08\/20250801-Entrenamiento-Oviedo-023.jpg","text":"","target":""},{"url":"https:\/\/villarrealcf.es\/wp-content\/uploads\/2025\/08\/20250801-Entrenamiento-Oviedo-025.jpg","text":"","target":""},{"url":"https:\/\/villarrealcf.es\/wp-content\/uploads\/2025\/08\/20250801-Entrenamiento-Oviedo-026.jpg","text":"","target":""},{"url":"https:\/\/villarrealcf.es\/wp-content\/uploads\/2025\/08\/20250801-Entrenamiento-Oviedo-033.jpg","text":"","target":""},{"url":"https:\/\/villarrealcf.es\/wp-content\/uploads\/2025\/08\/20250801-Entrenamiento-Oviedo-034.jpg","text":"","target":""},{"url":"https:\/\/villarrealcf.es\/wp-content\/uploads\/2025\/08\/20250801-Entrenamiento-Oviedo-006.jpg","text":"","target":""}]}]},"excerpt":{"rendered":"El defensa hisp\u00e0-uruguai\u00e0 s&#8217;ha exercitat per primera vegada als ordes de Marcelino Garc\u00eda Toral a Oviedo","protected":false},"author":25,"featured_media":598792,"comment_status":"closed","ping_status":"closed","sticky":false,"template":"","format":"standard","meta":{"_acf_changed":false,"footnotes":""},"categories":[13493],"tags":[717,9270,13411,9278,13975,16583,9205,9627,9203],"acf":null,"lang":"val","translations":{"es":598789,"en":598839,"val":598840},"essential_grid":{"has_grid":false},"formatted_date":"August 1, 2025","modified_date":"August 1, 2025","permalink":"https:\/\/villarrealcf.es\/val\/el-primer-entrenamiento-de-mourino-en-el-villarreal\/","reading_time":1,"featured_media_data":{"id":598792,"title":"SANTIAGO MOURI\u00d1O","caption":"","alt_text":"","description":"","mime_type":"image\/jpeg","source_url":"https:\/\/villarrealcf.es\/wp-content\/uploads\/2025\/08\/SANTIAGO-MOURINO.jpg","sizes":{"thumbnail":{"url":"https:\/\/villarrealcf.es\/wp-content\/uploads\/2025\/08\/SANTIAGO-MOURINO.jpg","width":1920,"height":1080},"medium":{"url":"https:\/\/villarrealcf.es\/wp-content\/uploads\/2025\/08\/SANTIAGO-MOURINO.jpg","width":1920,"height":1080},"medium_large":{"url":"https:\/\/villarrealcf.es\/wp-content\/uploads\/2025\/08\/SANTIAGO-MOURINO-768x432.jpg","width":768,"height":432},"large":{"url":"https:\/\/villarrealcf.es\/wp-content\/uploads\/2025\/08\/SANTIAGO-MOURINO.jpg","width":788,"height":443},"1536x1536":{"url":"https:\/\/villarrealcf.es\/wp-content\/uploads\/2025\/08\/SANTIAGO-MOURINO-1536x864.jpg","width":1536,"height":864},"2048x2048":{"url":"https:\/\/villarrealcf.es\/wp-content\/uploads\/2025\/08\/SANTIAGO-MOURINO.jpg","width":1920,"height":1080},"tp-image-grid":{"url":"https:\/\/villarrealcf.es\/wp-content\/uploads\/2025\/08\/SANTIAGO-MOURINO-700x700.jpg","width":700,"height":700},"size-bunyad-medium":{"url":"https:\/\/villarrealcf.es\/wp-content\/uploads\/2025\/08\/SANTIAGO-MOURINO.jpg","width":1920,"height":1080},"sportspress-crop-medium":{"url":"https:\/\/villarrealcf.es\/wp-content\/uploads\/2025\/08\/SANTIAGO-MOURINO-300x300.jpg","width":300,"height":300},"sportspress-fit-medium":{"url":"https:\/\/villarrealcf.es\/wp-content\/uploads\/2025\/08\/SANTIAGO-MOURINO-300x169.jpg","width":300,"height":169},"sportspress-fit-icon":{"url":"https:\/\/villarrealcf.es\/wp-content\/uploads\/2025\/08\/SANTIAGO-MOURINO-128x72.jpg","width":128,"height":72},"sportspress-fit-mini":{"url":"https:\/\/villarrealcf.es\/wp-content\/uploads\/2025\/08\/SANTIAGO-MOURINO-32x18.jpg","width":32,"height":18},"bunyad-small":{"url":"https:\/\/villarrealcf.es\/wp-content\/uploads\/2025\/08\/SANTIAGO-MOURINO-150x84.jpg","width":150,"height":84},"bunyad-medium":{"url":"https:\/\/villarrealcf.es\/wp-content\/uploads\/2025\/08\/SANTIAGO-MOURINO-450x253.jpg","width":450,"height":253},"bunyad-full":{"url":"https:\/\/villarrealcf.es\/wp-content\/uploads\/2025\/08\/SANTIAGO-MOURINO-1200x675.jpg","width":1200,"height":675},"bunyad-viewport":{"url":"https:\/\/villarrealcf.es\/wp-content\/uploads\/2025\/08\/SANTIAGO-MOURINO.jpg","width":1920,"height":1080},"bunyad-768":{"url":"https:\/\/villarrealcf.es\/wp-content\/uploads\/2025\/08\/SANTIAGO-MOURINO-768x432.jpg","width":768,"height":432},"full":{"url":"https:\/\/villarrealcf.es\/wp-content\/uploads\/2025\/08\/SANTIAGO-MOURINO.jpg","width":1920,"height":1080}}},"author_data":{"id":"25","name":"Javier Ayuso","first_name":"Javier","last_name":"Ayuso","description":"","avatar_url":"https:\/\/secure.gravatar.com\/avatar\/fcf8894be45988fcce5bbff0efe1790d2a7f4ba57e2c7c898f5068154e696495?s=96&d=mm&r=g","acf":null},"taxonomies_data":{"category":[{"id":13493,"name":"Primer equip","slug":"primer-equip","acf":null}],"post_tag":[{"id":717,"name":"Football","slug":"football-d34","acf":null},{"id":9270,"name":"Futbol","slug":"futbol-val","acf":null},{"id":13411,"name":"Galer\u00eda Primer Equipo","slug":"galeria-primer-equipo-val","acf":null},{"id":9278,"name":"primera division","slug":"primera-division-val","acf":null},{"id":13975,"name":"Real Oviedo","slug":"real-oviedo-2-val","acf":null},{"id":16583,"name":"Santiago Mouri\u00f1o","slug":"santiago-mourino-val","acf":null},{"id":9205,"name":"Submarino","slug":"submarino-val","acf":null},{"id":9627,"name":"Submarino Amarillo","slug":"submarino-amarillo-val","acf":null},{"id":9203,"name":"Villarreal CF","slug":"villarreal-cf-val","acf":null}],"translation_priority":[{"id":735,"name":"Optional","slug":"optional-val","acf":null}]},"seo_full":{"native":{"title":"El primer entrenament de Mouri\u00f1o amb el Villarreal - Web Oficial del Villarreal CF","description":"El defensa hisp\u00e0-uruguai\u00e0 s'ha exercitat per primera vegada als ordes de Marcelino Garc\u00eda Toral a Oviedo","canonical":"https:\/\/villarrealcf.es\/val\/el-primer-entrenamiento-de-mourino-en-el-villarreal\/"}},"_links":{"self":[{"href":"https:\/\/villarrealcf.es\/val\/wp-json\/wp\/v2\/posts\/598840","targetHints":{"allow":["GET"]}}],"collection":[{"href":"https:\/\/villarrealcf.es\/val\/wp-json\/wp\/v2\/posts"}],"about":[{"href":"https:\/\/villarrealcf.es\/val\/wp-json\/wp\/v2\/types\/post"}],"author":[{"embeddable":true,"href":"https:\/\/villarrealcf.es\/val\/wp-json\/wp\/v2\/users\/25"}],"replies":[{"embeddable":true,"href":"https:\/\/villarrealcf.es\/val\/wp-json\/wp\/v2\/comments?post=598840"}],"version-history":[{"count":5,"href":"https:\/\/villarrealcf.es\/val\/wp-json\/wp\/v2\/posts\/598840\/revisions"}],"predecessor-version":[{"id":598846,"href":"https:\/\/villarrealcf.es\/val\/wp-json\/wp\/v2\/posts\/598840\/revisions\/598846"}],"wp:featuredmedia":[{"embeddable":true,"href":"https:\/\/villarrealcf.es\/val\/wp-json\/wp\/v2\/media\/598792"}],"wp:attachment":[{"href":"https:\/\/villarrealcf.es\/val\/wp-json\/wp\/v2\/media?parent=598840"}],"wp:term":[{"taxonomy":"category","embeddable":true,"href":"https:\/\/villarrealcf.es\/val\/wp-json\/wp\/v2\/categories?post=598840"},{"taxonomy":"post_tag","embeddable":true,"href":"https:\/\/villarrealcf.es\/val\/wp-json\/wp\/v2\/tags?post=598840"}],"curies":[{"name":"wp","href":"https:\/\/api.w.org\/{rel}","templated":true}]}}