{"id":596702,"date":"2025-07-10T21:01:16","date_gmt":"2025-07-10T19:01:16","guid":{"rendered":"https:\/\/villarrealcf.es\/las-mejores-imagenes-del-entrenamiento-a-puerta-abierta\/"},"modified":"2025-07-11T11:04:06","modified_gmt":"2025-07-11T09:04:06","slug":"les-millors-imatges-de-lentrenament-a-portes-obertes","status":"publish","type":"post","link":"https:\/\/villarrealcf.es\/val\/les-millors-imatges-de-lentrenament-a-portes-obertes\/","title":{"rendered":"Les millors imatges de l&#8217;entrenament a portes obertes"},"content":{"protected":false,"blocks":[{"type":"heading","level":2,"text":"Diversos centenars d\u2019aficionats van gaudir de la primera sessi\u00f3 de treball del Submar\u00ed Groc"},{"type":"paragraph","text":"L\u2019afici\u00f3 grogueta ha gaudit este dijous del primer entrenament del Villarreal CF. Una sessi\u00f3 de portes obertes a la qual han acudit diversos centenars de seguidors grocs, que s\u2019ho han passat en gran durant la sessi\u00f3 vespertina i han tingut l\u2019oportunitat d\u2019aconseguir la firma dels seus \u00eddols i fer-se una fotografia amb ells."},{"type":"video","kind":"iframe","url":"https:\/\/www.youtube.com\/embed\/piy-HFuRtds?feature=oembed","poster":""},{"type":"paragraph","text":"A m\u00e9s, els aficionats han tingut l\u2019oportunitat de veure sobre la gespa a les dos noves incorporacions del Villarreal CF: Alberto Moleiro i Rafa Mar\u00edn."},{"type":"paragraph","text":"Equip i afici\u00f3 demostren la seua unitat i comprom\u00eds davant la il\u00b7lusionant temporada 2025\/2026 que tenen per davant."}],"structured":{"summary":{"text":"Diversos centenars d\u2019aficionats van gaudir de la primera sessi\u00f3 de treball del Submar\u00ed Groc L\u2019afici\u00f3 grogueta ha gaudit este dijous del primer entrenament del Villarreal CF. Una sessi\u00f3 de portes obertes a la qual han acudit diversos centenars de seguidors grocs, que s\u2019ho han passat en gran durant la sessi\u00f3 vespertina i han tingut l\u2019oportunitat d\u2019aconseguir la firma dels seus \u00eddols i fer-se una fotografia amb ells. A m\u00e9s, els aficionats han tingut l\u2019oportunitat de veure sobre la gespa a les dos noves incorporacions del Villarreal CF: Alberto Moleiro i Rafa Mar\u00edn. Equip i afici\u00f3 demostren la seua unitat i comprom\u00eds davant la il\u00b7lusionant temporada 2025\/2026 que tenen per davant.","headings":[{"type":"heading","level":2,"text":"Diversos centenars d\u2019aficionats van gaudir de la primera sessi\u00f3 de treball del Submar\u00ed Groc"}],"buttons":[],"images":[],"counts":{"blocks":5,"headings":1,"texts":3,"buttons":0,"images":0}},"sections":[{"id":"section-1","title":"Diversos centenars d\u2019aficionats van gaudir de la primera sessi\u00f3 de treball del Submar\u00ed Groc","text":"Diversos centenars d\u2019aficionats van gaudir de la primera sessi\u00f3 de treball del Submar\u00ed Groc L\u2019afici\u00f3 grogueta ha gaudit este dijous del primer entrenament del Villarreal CF. Una sessi\u00f3 de portes obertes a la qual han acudit diversos centenars de seguidors grocs, que s\u2019ho han passat en gran durant la sessi\u00f3 vespertina i han tingut l\u2019oportunitat d\u2019aconseguir la firma dels seus \u00eddols i fer-se una fotografia amb ells. A m\u00e9s, els aficionats han tingut l\u2019oportunitat de veure sobre la gespa a les dos noves incorporacions del Villarreal CF: Alberto Moleiro i Rafa Mar\u00edn. Equip i afici\u00f3 demostren la seua unitat i comprom\u00eds davant la il\u00b7lusionant temporada 2025\/2026 que tenen per davant.","headings":[{"type":"heading","level":2,"text":"Diversos centenars d\u2019aficionats van gaudir de la primera sessi\u00f3 de treball del Submar\u00ed Groc"}],"texts":[{"type":"paragraph","text":"L\u2019afici\u00f3 grogueta ha gaudit este dijous del primer entrenament del Villarreal CF. Una sessi\u00f3 de portes obertes a la qual han acudit diversos centenars de seguidors grocs, que s\u2019ho han passat en gran durant la sessi\u00f3 vespertina i han tingut l\u2019oportunitat d\u2019aconseguir la firma dels seus \u00eddols i fer-se una fotografia amb ells."},{"type":"paragraph","text":"A m\u00e9s, els aficionats han tingut l\u2019oportunitat de veure sobre la gespa a les dos noves incorporacions del Villarreal CF: Alberto Moleiro i Rafa Mar\u00edn."},{"type":"paragraph","text":"Equip i afici\u00f3 demostren la seua unitat i comprom\u00eds davant la il\u00b7lusionant temporada 2025\/2026 que tenen per davant."}],"buttons":[],"images":[],"widgets":[],"blocks":[{"type":"heading","level":2,"text":"Diversos centenars d\u2019aficionats van gaudir de la primera sessi\u00f3 de treball del Submar\u00ed Groc"},{"type":"paragraph","text":"L\u2019afici\u00f3 grogueta ha gaudit este dijous del primer entrenament del Villarreal CF. Una sessi\u00f3 de portes obertes a la qual han acudit diversos centenars de seguidors grocs, que s\u2019ho han passat en gran durant la sessi\u00f3 vespertina i han tingut l\u2019oportunitat d\u2019aconseguir la firma dels seus \u00eddols i fer-se una fotografia amb ells."},{"type":"video","kind":"iframe","url":"https:\/\/www.youtube.com\/embed\/piy-HFuRtds?feature=oembed","poster":""},{"type":"paragraph","text":"A m\u00e9s, els aficionats han tingut l\u2019oportunitat de veure sobre la gespa a les dos noves incorporacions del Villarreal CF: Alberto Moleiro i Rafa Mar\u00edn."},{"type":"paragraph","text":"Equip i afici\u00f3 demostren la seua unitat i comprom\u00eds davant la il\u00b7lusionant temporada 2025\/2026 que tenen per davant."}]}],"hero":{"id":"section-1","title":"Diversos centenars d\u2019aficionats van gaudir de la primera sessi\u00f3 de treball del Submar\u00ed Groc","text":"Diversos centenars d\u2019aficionats van gaudir de la primera sessi\u00f3 de treball del Submar\u00ed Groc L\u2019afici\u00f3 grogueta ha gaudit este dijous del primer entrenament del Villarreal CF. Una sessi\u00f3 de portes obertes a la qual han acudit diversos centenars de seguidors grocs, que s\u2019ho han passat en gran durant la sessi\u00f3 vespertina i han tingut l\u2019oportunitat d\u2019aconseguir la firma dels seus \u00eddols i fer-se una fotografia amb ells. A m\u00e9s, els aficionats han tingut l\u2019oportunitat de veure sobre la gespa a les dos noves incorporacions del Villarreal CF: Alberto Moleiro i Rafa Mar\u00edn. Equip i afici\u00f3 demostren la seua unitat i comprom\u00eds davant la il\u00b7lusionant temporada 2025\/2026 que tenen per davant.","headings":[{"type":"heading","level":2,"text":"Diversos centenars d\u2019aficionats van gaudir de la primera sessi\u00f3 de treball del Submar\u00ed Groc"}],"texts":[{"type":"paragraph","text":"L\u2019afici\u00f3 grogueta ha gaudit este dijous del primer entrenament del Villarreal CF. Una sessi\u00f3 de portes obertes a la qual han acudit diversos centenars de seguidors grocs, que s\u2019ho han passat en gran durant la sessi\u00f3 vespertina i han tingut l\u2019oportunitat d\u2019aconseguir la firma dels seus \u00eddols i fer-se una fotografia amb ells."},{"type":"paragraph","text":"A m\u00e9s, els aficionats han tingut l\u2019oportunitat de veure sobre la gespa a les dos noves incorporacions del Villarreal CF: Alberto Moleiro i Rafa Mar\u00edn."},{"type":"paragraph","text":"Equip i afici\u00f3 demostren la seua unitat i comprom\u00eds davant la il\u00b7lusionant temporada 2025\/2026 que tenen per davant."}],"buttons":[],"images":[],"widgets":[],"blocks":[{"type":"heading","level":2,"text":"Diversos centenars d\u2019aficionats van gaudir de la primera sessi\u00f3 de treball del Submar\u00ed Groc"},{"type":"paragraph","text":"L\u2019afici\u00f3 grogueta ha gaudit este dijous del primer entrenament del Villarreal CF. Una sessi\u00f3 de portes obertes a la qual han acudit diversos centenars de seguidors grocs, que s\u2019ho han passat en gran durant la sessi\u00f3 vespertina i han tingut l\u2019oportunitat d\u2019aconseguir la firma dels seus \u00eddols i fer-se una fotografia amb ells."},{"type":"video","kind":"iframe","url":"https:\/\/www.youtube.com\/embed\/piy-HFuRtds?feature=oembed","poster":""},{"type":"paragraph","text":"A m\u00e9s, els aficionats han tingut l\u2019oportunitat de veure sobre la gespa a les dos noves incorporacions del Villarreal CF: Alberto Moleiro i Rafa Mar\u00edn."},{"type":"paragraph","text":"Equip i afici\u00f3 demostren la seua unitat i comprom\u00eds davant la il\u00b7lusionant temporada 2025\/2026 que tenen per davant."}]}},"sections":[{"id":"section-1","title":"Diversos centenars d\u2019aficionats van gaudir de la primera sessi\u00f3 de treball del Submar\u00ed Groc","text":"Diversos centenars d\u2019aficionats van gaudir de la primera sessi\u00f3 de treball del Submar\u00ed Groc L\u2019afici\u00f3 grogueta ha gaudit este dijous del primer entrenament del Villarreal CF. Una sessi\u00f3 de portes obertes a la qual han acudit diversos centenars de seguidors grocs, que s\u2019ho han passat en gran durant la sessi\u00f3 vespertina i han tingut l\u2019oportunitat d\u2019aconseguir la firma dels seus \u00eddols i fer-se una fotografia amb ells. A m\u00e9s, els aficionats han tingut l\u2019oportunitat de veure sobre la gespa a les dos noves incorporacions del Villarreal CF: Alberto Moleiro i Rafa Mar\u00edn. Equip i afici\u00f3 demostren la seua unitat i comprom\u00eds davant la il\u00b7lusionant temporada 2025\/2026 que tenen per davant.","url":"","background_image":"","images":[],"videos":[{"type":"video","kind":"iframe","url":"https:\/\/www.youtube.com\/embed\/piy-HFuRtds?feature=oembed","poster":""}],"links":[]}]},"excerpt":{"rendered":"Diversos centenars d&#8217;aficionats van gaudir de la primera sessi\u00f3 de treball del Submar\u00ed Groc","protected":false},"author":50,"featured_media":596759,"comment_status":"closed","ping_status":"closed","sticky":false,"template":"","format":"standard","meta":{"_acf_changed":false,"footnotes":""},"categories":[13493],"tags":[15792,717,9270,13411,13781,716,9205,9627,9203],"acf":null,"lang":"val","translations":{"es":596477,"val":596702,"en":596705},"essential_grid":{"has_grid":false},"formatted_date":"July 10, 2025","modified_date":"July 11, 2025","permalink":"https:\/\/villarrealcf.es\/val\/les-millors-imatges-de-lentrenament-a-portes-obertes\/","reading_time":1,"featured_media_data":{"id":596759,"title":"20250710-Primer Entrenamiento-003","caption":"","alt_text":"","description":"","mime_type":"image\/jpeg","source_url":"https:\/\/villarrealcf.es\/wp-content\/uploads\/2025\/07\/20250710-Primer-Entrenamiento-003.jpg","sizes":{"thumbnail":{"url":"https:\/\/villarrealcf.es\/wp-content\/uploads\/2025\/07\/20250710-Primer-Entrenamiento-003-1920x1080.jpg","width":1920,"height":1080},"medium":{"url":"https:\/\/villarrealcf.es\/wp-content\/uploads\/2025\/07\/20250710-Primer-Entrenamiento-003-1920x1078.jpg","width":1920,"height":1078},"medium_large":{"url":"https:\/\/villarrealcf.es\/wp-content\/uploads\/2025\/07\/20250710-Primer-Entrenamiento-003-768x431.jpg","width":768,"height":431},"large":{"url":"https:\/\/villarrealcf.es\/wp-content\/uploads\/2025\/07\/20250710-Primer-Entrenamiento-003-1920x1078.jpg","width":788,"height":442},"1536x1536":{"url":"https:\/\/villarrealcf.es\/wp-content\/uploads\/2025\/07\/20250710-Primer-Entrenamiento-003-1536x863.jpg","width":1536,"height":863},"2048x2048":{"url":"https:\/\/villarrealcf.es\/wp-content\/uploads\/2025\/07\/20250710-Primer-Entrenamiento-003-2048x1150.jpg","width":2048,"height":1150},"tp-image-grid":{"url":"https:\/\/villarrealcf.es\/wp-content\/uploads\/2025\/07\/20250710-Primer-Entrenamiento-003-700x700.jpg","width":700,"height":700},"size-bunyad-medium":{"url":"https:\/\/villarrealcf.es\/wp-content\/uploads\/2025\/07\/20250710-Primer-Entrenamiento-003-1920x1078.jpg","width":1920,"height":1078},"sportspress-crop-medium":{"url":"https:\/\/villarrealcf.es\/wp-content\/uploads\/2025\/07\/20250710-Primer-Entrenamiento-003-300x300.jpg","width":300,"height":300},"sportspress-fit-medium":{"url":"https:\/\/villarrealcf.es\/wp-content\/uploads\/2025\/07\/20250710-Primer-Entrenamiento-003-300x168.jpg","width":300,"height":168},"sportspress-fit-icon":{"url":"https:\/\/villarrealcf.es\/wp-content\/uploads\/2025\/07\/20250710-Primer-Entrenamiento-003-128x72.jpg","width":128,"height":72},"sportspress-fit-mini":{"url":"https:\/\/villarrealcf.es\/wp-content\/uploads\/2025\/07\/20250710-Primer-Entrenamiento-003-32x18.jpg","width":32,"height":18},"bunyad-small":{"url":"https:\/\/villarrealcf.es\/wp-content\/uploads\/2025\/07\/20250710-Primer-Entrenamiento-003-150x84.jpg","width":150,"height":84},"bunyad-medium":{"url":"https:\/\/villarrealcf.es\/wp-content\/uploads\/2025\/07\/20250710-Primer-Entrenamiento-003-450x253.jpg","width":450,"height":253},"bunyad-full":{"url":"https:\/\/villarrealcf.es\/wp-content\/uploads\/2025\/07\/20250710-Primer-Entrenamiento-003-1200x674.jpg","width":1200,"height":674},"bunyad-viewport":{"url":"https:\/\/villarrealcf.es\/wp-content\/uploads\/2025\/07\/20250710-Primer-Entrenamiento-003-2048x1150.jpg","width":2048,"height":1150},"bunyad-768":{"url":"https:\/\/villarrealcf.es\/wp-content\/uploads\/2025\/07\/20250710-Primer-Entrenamiento-003-768x431.jpg","width":768,"height":431},"full":{"url":"https:\/\/villarrealcf.es\/wp-content\/uploads\/2025\/07\/20250710-Primer-Entrenamiento-003.jpg","width":2769,"height":1555}}},"author_data":{"id":"50","name":"Gonzalo Rodriguez","first_name":"Gonzalo","last_name":"Rodriguez","description":"","avatar_url":"https:\/\/secure.gravatar.com\/avatar\/c4f230e0ea78e63ddeaecca36e50bacb0c36d435210e3a46c31d699223d391de?s=96&d=mm&r=g","acf":null},"taxonomies_data":{"category":[{"id":13493,"name":"Primer equip","slug":"primer-equip","acf":null}],"post_tag":[{"id":15792,"name":"Entrenamiento a puerta abierta","slug":"entrenamiento-a-puerta-abierta-val","acf":null},{"id":717,"name":"Football","slug":"football-d34","acf":null},{"id":9270,"name":"Futbol","slug":"futbol-val","acf":null},{"id":13411,"name":"Galer\u00eda Primer Equipo","slug":"galeria-primer-equipo-val","acf":null},{"id":13781,"name":"Sin categorizar","slug":"sin-categorizar-val","acf":null},{"id":716,"name":"Soccer","slug":"soccer-d105","acf":null},{"id":9205,"name":"Submarino","slug":"submarino-val","acf":null},{"id":9627,"name":"Submarino Amarillo","slug":"submarino-amarillo-val","acf":null},{"id":9203,"name":"Villarreal CF","slug":"villarreal-cf-val","acf":null}],"translation_priority":[{"id":735,"name":"Optional","slug":"optional-val","acf":null}]},"seo_full":{"native":{"title":"Les millors imatges de l&#8217;entrenament a portes obertes - Web Oficial del Villarreal CF","description":"Diversos centenars d'aficionats van gaudir de la primera sessi\u00f3 de treball del Submar\u00ed Groc","canonical":"https:\/\/villarrealcf.es\/val\/les-millors-imatges-de-lentrenament-a-portes-obertes\/"}},"_links":{"self":[{"href":"https:\/\/villarrealcf.es\/val\/wp-json\/wp\/v2\/posts\/596702","targetHints":{"allow":["GET"]}}],"collection":[{"href":"https:\/\/villarrealcf.es\/val\/wp-json\/wp\/v2\/posts"}],"about":[{"href":"https:\/\/villarrealcf.es\/val\/wp-json\/wp\/v2\/types\/post"}],"author":[{"embeddable":true,"href":"https:\/\/villarrealcf.es\/val\/wp-json\/wp\/v2\/users\/50"}],"replies":[{"embeddable":true,"href":"https:\/\/villarrealcf.es\/val\/wp-json\/wp\/v2\/comments?post=596702"}],"version-history":[{"count":2,"href":"https:\/\/villarrealcf.es\/val\/wp-json\/wp\/v2\/posts\/596702\/revisions"}],"predecessor-version":[{"id":596816,"href":"https:\/\/villarrealcf.es\/val\/wp-json\/wp\/v2\/posts\/596702\/revisions\/596816"}],"wp:featuredmedia":[{"embeddable":true,"href":"https:\/\/villarrealcf.es\/val\/wp-json\/wp\/v2\/media\/596759"}],"wp:attachment":[{"href":"https:\/\/villarrealcf.es\/val\/wp-json\/wp\/v2\/media?parent=596702"}],"wp:term":[{"taxonomy":"category","embeddable":true,"href":"https:\/\/villarrealcf.es\/val\/wp-json\/wp\/v2\/categories?post=596702"},{"taxonomy":"post_tag","embeddable":true,"href":"https:\/\/villarrealcf.es\/val\/wp-json\/wp\/v2\/tags?post=596702"}],"curies":[{"name":"wp","href":"https:\/\/api.w.org\/{rel}","templated":true}]}}