{"id":595747,"date":"2025-07-04T12:26:17","date_gmt":"2025-07-04T10:26:17","guid":{"rendered":"https:\/\/villarrealcf.es\/el-villarreal-cf-confirma-dos-nuevos-amistosos\/"},"modified":"2025-07-04T13:22:47","modified_gmt":"2025-07-04T11:22:47","slug":"el-villarreal-cf-confirma-dos-nous-amistosos","status":"publish","type":"post","link":"https:\/\/villarrealcf.es\/val\/el-villarreal-cf-confirma-dos-nous-amistosos\/","title":{"rendered":"El Villarreal CF confirma dos nous amistosos"},"content":{"protected":false,"blocks":[{"type":"heading","level":2,"text":"Els grocs obriran la pretemporada davant l\u2019FC Basel (19 de juliol) i Saint Gallen FC (22 de juliol)"},{"type":"paragraph","text":"El Villarreal CF ha confirmat dos nous amistosos de pretemporada. El conjunt groc obrir\u00e0 els partits de preparaci\u00f3 enfrontant-se al FC Basel el dissabte 19 de juliol, a les 18.00 hores, en l\u2019Estadi Schnabelholz (Altach) i, posteriorment, enfront del Saint Gallen FC el dimarts 22 de juliol, a les 19.00 hores, en el Kybunpark (Saint Gallen). Els dos dols es disputaran durant l\u2019stage de temporada que realitzar\u00e0 l\u2019equip del 17 al 25 de juliol en Saint Gallen (Su\u00efssa)."},{"type":"paragraph","text":"El Submar\u00ed torna de les vacacions dilluns que ve 7 de juliol per a sotmetre\u2019s a les proves m\u00e8diques, corresponents a l\u2019inici de la pretemporada, que tindran lloc tamb\u00e9 el dimarts 8 i dimecres 9 de juliol. El primer entrenament als ordes de Marcelino ser\u00e0 el dijous 10 de juliol."},{"type":"paragraph","text":"A m\u00e9s, cal destacar que el Submar\u00ed ja t\u00e9 confirmats altres quatre compromisos amistosos de pretemporada, que queda configurada fins a la data de la manera seg\u00fcent:"},{"type":"list","style":"ul","items":["Stage en Saint Gallen (17-25 de juliol)","FC Basel-Villarreal CF: dissabte 19 de juliol, a les 18.00 hores, en l\u2019Estadi Schnabelholz (Altach)","Saint Gallen FC-Villarreal CF: dimarts 22 de juliol, a les 19.00 hores, en el Kybunpark (Saint Gallen)","Sporting CP-Villarreal CF: divendres 25 de juliol, a les 20.30 hores, en l\u2019Estadi Nacional do Jamor","Villarreal CF-Genoa CFC: dijous 31 de juliol, a les 19.00 hores, en l\u2019Estadi Carlos Tartiere","Real Oviedo-Villarreal CF: dijous 31 de juliol, a les 21.00 hores, en l\u2019Estadi Carlos Tartiere","Leeds United FC-Villarreal CF: dissabte 2 d\u2019agost, a les 16.00 hores en Elland Road"]}],"structured":{"summary":{"text":"Els grocs obriran la pretemporada davant l\u2019FC Basel (19 de juliol) i Saint Gallen FC (22 de juliol) El Villarreal CF ha confirmat dos nous amistosos de pretemporada. El conjunt groc obrir\u00e0 els partits de preparaci\u00f3 enfrontant-se al FC Basel el dissabte 19 de juliol, a les 18.00 hores, en l\u2019Estadi Schnabelholz (Altach) i, posteriorment, enfront del Saint Gallen FC el dimarts 22 de juliol, a les 19.00 hores, en el Kybunpark (Saint Gallen). Els dos dols es disputaran durant l\u2019stage de temporada que realitzar\u00e0 l\u2019equip del 17 al 25 de juliol en Saint Gallen (Su\u00efssa). El Submar\u00ed torna de les vacacions dilluns que ve 7 de juliol per a sotmetre\u2019s a les proves m\u00e8diques, corresponents a l\u2019inici de la pretemporada, que tindran lloc tamb\u00e9 el dimarts 8 i dimecres 9 de juliol. El primer entrenament als ordes de Marcelino ser\u00e0 el dijous 10 de juliol. A m\u00e9s, cal destacar que el Submar\u00ed ja t\u00e9 confirmats altres quatre compromisos amistosos de pretemporada, que queda configurada fins a la data de la manera seg\u00fcent: Stage en Saint Gallen (17-25 de juliol) FC Basel-Villarreal CF: dissabte 19 de juliol, a les 18.00 hores, en l\u2019Estadi Schnabelholz (Altach) Saint Gallen FC-Villarreal CF: dimarts 22 de juliol, a les 19.00 hores, en el Kybunpark (Saint Gallen) Sporting CP-Villarreal CF: divendres 25 de juliol, a les 20.30 hores, en l\u2019Estadi Nacional do Jamor Villarreal CF-Genoa CFC: dijous 31 de juliol, a les 19.00 hores, en l\u2019Estadi Carlos Tartiere Real Oviedo-Villarreal CF: dijous 31 de juliol, a les 21.00 hores, en l\u2019Estadi Carlos Tartiere Leeds United FC-Villarreal CF: dissabte 2 d\u2019agost, a les 16.00 hores en Elland Road","headings":[{"type":"heading","level":2,"text":"Els grocs obriran la pretemporada davant l\u2019FC Basel (19 de juliol) i Saint Gallen FC (22 de juliol)"}],"buttons":[],"images":[],"counts":{"blocks":5,"headings":1,"texts":3,"buttons":0,"images":0}},"sections":[{"id":"section-1","title":"Els grocs obriran la pretemporada davant l\u2019FC Basel (19 de juliol) i Saint Gallen FC (22 de juliol)","text":"Els grocs obriran la pretemporada davant l\u2019FC Basel (19 de juliol) i Saint Gallen FC (22 de juliol) El Villarreal CF ha confirmat dos nous amistosos de pretemporada. El conjunt groc obrir\u00e0 els partits de preparaci\u00f3 enfrontant-se al FC Basel el dissabte 19 de juliol, a les 18.00 hores, en l\u2019Estadi Schnabelholz (Altach) i, posteriorment, enfront del Saint Gallen FC el dimarts 22 de juliol, a les 19.00 hores, en el Kybunpark (Saint Gallen). Els dos dols es disputaran durant l\u2019stage de temporada que realitzar\u00e0 l\u2019equip del 17 al 25 de juliol en Saint Gallen (Su\u00efssa). El Submar\u00ed torna de les vacacions dilluns que ve 7 de juliol per a sotmetre\u2019s a les proves m\u00e8diques, corresponents a l\u2019inici de la pretemporada, que tindran lloc tamb\u00e9 el dimarts 8 i dimecres 9 de juliol. El primer entrenament als ordes de Marcelino ser\u00e0 el dijous 10 de juliol. A m\u00e9s, cal destacar que el Submar\u00ed ja t\u00e9 confirmats altres quatre compromisos amistosos de pretemporada, que queda configurada fins a la data de la manera seg\u00fcent:","headings":[{"type":"heading","level":2,"text":"Els grocs obriran la pretemporada davant l\u2019FC Basel (19 de juliol) i Saint Gallen FC (22 de juliol)"}],"texts":[{"type":"paragraph","text":"El Villarreal CF ha confirmat dos nous amistosos de pretemporada. El conjunt groc obrir\u00e0 els partits de preparaci\u00f3 enfrontant-se al FC Basel el dissabte 19 de juliol, a les 18.00 hores, en l\u2019Estadi Schnabelholz (Altach) i, posteriorment, enfront del Saint Gallen FC el dimarts 22 de juliol, a les 19.00 hores, en el Kybunpark (Saint Gallen). Els dos dols es disputaran durant l\u2019stage de temporada que realitzar\u00e0 l\u2019equip del 17 al 25 de juliol en Saint Gallen (Su\u00efssa)."},{"type":"paragraph","text":"El Submar\u00ed torna de les vacacions dilluns que ve 7 de juliol per a sotmetre\u2019s a les proves m\u00e8diques, corresponents a l\u2019inici de la pretemporada, que tindran lloc tamb\u00e9 el dimarts 8 i dimecres 9 de juliol. El primer entrenament als ordes de Marcelino ser\u00e0 el dijous 10 de juliol."},{"type":"paragraph","text":"A m\u00e9s, cal destacar que el Submar\u00ed ja t\u00e9 confirmats altres quatre compromisos amistosos de pretemporada, que queda configurada fins a la data de la manera seg\u00fcent:"}],"buttons":[],"images":[],"widgets":[],"blocks":[{"type":"heading","level":2,"text":"Els grocs obriran la pretemporada davant l\u2019FC Basel (19 de juliol) i Saint Gallen FC (22 de juliol)"},{"type":"paragraph","text":"El Villarreal CF ha confirmat dos nous amistosos de pretemporada. El conjunt groc obrir\u00e0 els partits de preparaci\u00f3 enfrontant-se al FC Basel el dissabte 19 de juliol, a les 18.00 hores, en l\u2019Estadi Schnabelholz (Altach) i, posteriorment, enfront del Saint Gallen FC el dimarts 22 de juliol, a les 19.00 hores, en el Kybunpark (Saint Gallen). Els dos dols es disputaran durant l\u2019stage de temporada que realitzar\u00e0 l\u2019equip del 17 al 25 de juliol en Saint Gallen (Su\u00efssa)."},{"type":"paragraph","text":"El Submar\u00ed torna de les vacacions dilluns que ve 7 de juliol per a sotmetre\u2019s a les proves m\u00e8diques, corresponents a l\u2019inici de la pretemporada, que tindran lloc tamb\u00e9 el dimarts 8 i dimecres 9 de juliol. El primer entrenament als ordes de Marcelino ser\u00e0 el dijous 10 de juliol."},{"type":"paragraph","text":"A m\u00e9s, cal destacar que el Submar\u00ed ja t\u00e9 confirmats altres quatre compromisos amistosos de pretemporada, que queda configurada fins a la data de la manera seg\u00fcent:"},{"type":"list","style":"ul","items":["Stage en Saint Gallen (17-25 de juliol)","FC Basel-Villarreal CF: dissabte 19 de juliol, a les 18.00 hores, en l\u2019Estadi Schnabelholz (Altach)","Saint Gallen FC-Villarreal CF: dimarts 22 de juliol, a les 19.00 hores, en el Kybunpark (Saint Gallen)","Sporting CP-Villarreal CF: divendres 25 de juliol, a les 20.30 hores, en l\u2019Estadi Nacional do Jamor","Villarreal CF-Genoa CFC: dijous 31 de juliol, a les 19.00 hores, en l\u2019Estadi Carlos Tartiere","Real Oviedo-Villarreal CF: dijous 31 de juliol, a les 21.00 hores, en l\u2019Estadi Carlos Tartiere","Leeds United FC-Villarreal CF: dissabte 2 d\u2019agost, a les 16.00 hores en Elland Road"]}]}],"hero":{"id":"section-1","title":"Els grocs obriran la pretemporada davant l\u2019FC Basel (19 de juliol) i Saint Gallen FC (22 de juliol)","text":"Els grocs obriran la pretemporada davant l\u2019FC Basel (19 de juliol) i Saint Gallen FC (22 de juliol) El Villarreal CF ha confirmat dos nous amistosos de pretemporada. El conjunt groc obrir\u00e0 els partits de preparaci\u00f3 enfrontant-se al FC Basel el dissabte 19 de juliol, a les 18.00 hores, en l\u2019Estadi Schnabelholz (Altach) i, posteriorment, enfront del Saint Gallen FC el dimarts 22 de juliol, a les 19.00 hores, en el Kybunpark (Saint Gallen). Els dos dols es disputaran durant l\u2019stage de temporada que realitzar\u00e0 l\u2019equip del 17 al 25 de juliol en Saint Gallen (Su\u00efssa). El Submar\u00ed torna de les vacacions dilluns que ve 7 de juliol per a sotmetre\u2019s a les proves m\u00e8diques, corresponents a l\u2019inici de la pretemporada, que tindran lloc tamb\u00e9 el dimarts 8 i dimecres 9 de juliol. El primer entrenament als ordes de Marcelino ser\u00e0 el dijous 10 de juliol. A m\u00e9s, cal destacar que el Submar\u00ed ja t\u00e9 confirmats altres quatre compromisos amistosos de pretemporada, que queda configurada fins a la data de la manera seg\u00fcent:","headings":[{"type":"heading","level":2,"text":"Els grocs obriran la pretemporada davant l\u2019FC Basel (19 de juliol) i Saint Gallen FC (22 de juliol)"}],"texts":[{"type":"paragraph","text":"El Villarreal CF ha confirmat dos nous amistosos de pretemporada. El conjunt groc obrir\u00e0 els partits de preparaci\u00f3 enfrontant-se al FC Basel el dissabte 19 de juliol, a les 18.00 hores, en l\u2019Estadi Schnabelholz (Altach) i, posteriorment, enfront del Saint Gallen FC el dimarts 22 de juliol, a les 19.00 hores, en el Kybunpark (Saint Gallen). Els dos dols es disputaran durant l\u2019stage de temporada que realitzar\u00e0 l\u2019equip del 17 al 25 de juliol en Saint Gallen (Su\u00efssa)."},{"type":"paragraph","text":"El Submar\u00ed torna de les vacacions dilluns que ve 7 de juliol per a sotmetre\u2019s a les proves m\u00e8diques, corresponents a l\u2019inici de la pretemporada, que tindran lloc tamb\u00e9 el dimarts 8 i dimecres 9 de juliol. El primer entrenament als ordes de Marcelino ser\u00e0 el dijous 10 de juliol."},{"type":"paragraph","text":"A m\u00e9s, cal destacar que el Submar\u00ed ja t\u00e9 confirmats altres quatre compromisos amistosos de pretemporada, que queda configurada fins a la data de la manera seg\u00fcent:"}],"buttons":[],"images":[],"widgets":[],"blocks":[{"type":"heading","level":2,"text":"Els grocs obriran la pretemporada davant l\u2019FC Basel (19 de juliol) i Saint Gallen FC (22 de juliol)"},{"type":"paragraph","text":"El Villarreal CF ha confirmat dos nous amistosos de pretemporada. El conjunt groc obrir\u00e0 els partits de preparaci\u00f3 enfrontant-se al FC Basel el dissabte 19 de juliol, a les 18.00 hores, en l\u2019Estadi Schnabelholz (Altach) i, posteriorment, enfront del Saint Gallen FC el dimarts 22 de juliol, a les 19.00 hores, en el Kybunpark (Saint Gallen). Els dos dols es disputaran durant l\u2019stage de temporada que realitzar\u00e0 l\u2019equip del 17 al 25 de juliol en Saint Gallen (Su\u00efssa)."},{"type":"paragraph","text":"El Submar\u00ed torna de les vacacions dilluns que ve 7 de juliol per a sotmetre\u2019s a les proves m\u00e8diques, corresponents a l\u2019inici de la pretemporada, que tindran lloc tamb\u00e9 el dimarts 8 i dimecres 9 de juliol. El primer entrenament als ordes de Marcelino ser\u00e0 el dijous 10 de juliol."},{"type":"paragraph","text":"A m\u00e9s, cal destacar que el Submar\u00ed ja t\u00e9 confirmats altres quatre compromisos amistosos de pretemporada, que queda configurada fins a la data de la manera seg\u00fcent:"},{"type":"list","style":"ul","items":["Stage en Saint Gallen (17-25 de juliol)","FC Basel-Villarreal CF: dissabte 19 de juliol, a les 18.00 hores, en l\u2019Estadi Schnabelholz (Altach)","Saint Gallen FC-Villarreal CF: dimarts 22 de juliol, a les 19.00 hores, en el Kybunpark (Saint Gallen)","Sporting CP-Villarreal CF: divendres 25 de juliol, a les 20.30 hores, en l\u2019Estadi Nacional do Jamor","Villarreal CF-Genoa CFC: dijous 31 de juliol, a les 19.00 hores, en l\u2019Estadi Carlos Tartiere","Real Oviedo-Villarreal CF: dijous 31 de juliol, a les 21.00 hores, en l\u2019Estadi Carlos Tartiere","Leeds United FC-Villarreal CF: dissabte 2 d\u2019agost, a les 16.00 hores en Elland Road"]}]}},"sections":[{"id":"section-1","title":"Els grocs obriran la pretemporada davant l\u2019FC Basel (19 de juliol) i Saint Gallen FC (22 de juliol)","text":"Els grocs obriran la pretemporada davant l\u2019FC Basel (19 de juliol) i Saint Gallen FC (22 de juliol) El Villarreal CF ha confirmat dos nous amistosos de pretemporada. El conjunt groc obrir\u00e0 els partits de preparaci\u00f3 enfrontant-se al FC Basel el dissabte 19 de juliol, a les 18.00 hores, en l\u2019Estadi Schnabelholz (Altach) i, posteriorment, enfront del Saint Gallen FC el dimarts 22 de juliol, a les 19.00 hores, en el Kybunpark (Saint Gallen). Els dos dols es disputaran durant l\u2019stage de temporada que realitzar\u00e0 l\u2019equip del 17 al 25 de juliol en Saint Gallen (Su\u00efssa). El Submar\u00ed torna de les vacacions dilluns que ve 7 de juliol per a sotmetre\u2019s a les proves m\u00e8diques, corresponents a l\u2019inici de la pretemporada, que tindran lloc tamb\u00e9 el dimarts 8 i dimecres 9 de juliol. El primer entrenament als ordes de Marcelino ser\u00e0 el dijous 10 de juliol. A m\u00e9s, cal destacar que el Submar\u00ed ja t\u00e9 confirmats altres quatre compromisos amistosos de pretemporada, que queda configurada fins a la data de la manera seg\u00fcent:","url":"","background_image":"","images":[],"videos":[],"links":[]}]},"excerpt":{"rendered":"Els grocs obriran la pretemporada davant l&#8217;FC Basel (19 de juliol) i Saint Gallen FC (22 de juliol)","protected":false},"author":25,"featured_media":595739,"comment_status":"closed","ping_status":"closed","sticky":false,"template":"","format":"standard","meta":{"_acf_changed":false,"footnotes":""},"categories":[13493],"tags":[16516,717,9270,9278,16517,13781,716,9205,9627,9203],"acf":null,"lang":"val","translations":{"es":595734,"val":595747,"en":595782},"essential_grid":{"has_grid":false},"formatted_date":"July 4, 2025","modified_date":"July 4, 2025","permalink":"https:\/\/villarrealcf.es\/val\/el-villarreal-cf-confirma-dos-nous-amistosos\/","reading_time":2,"featured_media_data":{"id":595739,"title":"GRUPO\rEQUIPO","caption":"GRUPO\rEQUIPO","alt_text":"","description":"","mime_type":"image\/jpeg","source_url":"https:\/\/villarrealcf.es\/wp-content\/uploads\/2025\/07\/EntrenamientoVillarreal.jpg","sizes":{"thumbnail":{"url":"https:\/\/villarrealcf.es\/wp-content\/uploads\/2025\/07\/EntrenamientoVillarreal.jpg","width":1920,"height":1080},"medium":{"url":"https:\/\/villarrealcf.es\/wp-content\/uploads\/2025\/07\/EntrenamientoVillarreal.jpg","width":1920,"height":1080},"medium_large":{"url":"https:\/\/villarrealcf.es\/wp-content\/uploads\/2025\/07\/EntrenamientoVillarreal-768x432.jpg","width":768,"height":432},"large":{"url":"https:\/\/villarrealcf.es\/wp-content\/uploads\/2025\/07\/EntrenamientoVillarreal.jpg","width":788,"height":443},"1536x1536":{"url":"https:\/\/villarrealcf.es\/wp-content\/uploads\/2025\/07\/EntrenamientoVillarreal-1536x864.jpg","width":1536,"height":864},"2048x2048":{"url":"https:\/\/villarrealcf.es\/wp-content\/uploads\/2025\/07\/EntrenamientoVillarreal.jpg","width":1920,"height":1080},"tp-image-grid":{"url":"https:\/\/villarrealcf.es\/wp-content\/uploads\/2025\/07\/EntrenamientoVillarreal-700x700.jpg","width":700,"height":700},"size-bunyad-medium":{"url":"https:\/\/villarrealcf.es\/wp-content\/uploads\/2025\/07\/EntrenamientoVillarreal.jpg","width":1920,"height":1080},"sportspress-crop-medium":{"url":"https:\/\/villarrealcf.es\/wp-content\/uploads\/2025\/07\/EntrenamientoVillarreal-300x300.jpg","width":300,"height":300},"sportspress-fit-medium":{"url":"https:\/\/villarrealcf.es\/wp-content\/uploads\/2025\/07\/EntrenamientoVillarreal-300x169.jpg","width":300,"height":169},"sportspress-fit-icon":{"url":"https:\/\/villarrealcf.es\/wp-content\/uploads\/2025\/07\/EntrenamientoVillarreal-128x72.jpg","width":128,"height":72},"sportspress-fit-mini":{"url":"https:\/\/villarrealcf.es\/wp-content\/uploads\/2025\/07\/EntrenamientoVillarreal-32x18.jpg","width":32,"height":18},"bunyad-small":{"url":"https:\/\/villarrealcf.es\/wp-content\/uploads\/2025\/07\/EntrenamientoVillarreal-150x84.jpg","width":150,"height":84},"bunyad-medium":{"url":"https:\/\/villarrealcf.es\/wp-content\/uploads\/2025\/07\/EntrenamientoVillarreal-450x253.jpg","width":450,"height":253},"bunyad-full":{"url":"https:\/\/villarrealcf.es\/wp-content\/uploads\/2025\/07\/EntrenamientoVillarreal-1200x675.jpg","width":1200,"height":675},"bunyad-viewport":{"url":"https:\/\/villarrealcf.es\/wp-content\/uploads\/2025\/07\/EntrenamientoVillarreal.jpg","width":1920,"height":1080},"bunyad-768":{"url":"https:\/\/villarrealcf.es\/wp-content\/uploads\/2025\/07\/EntrenamientoVillarreal-768x432.jpg","width":768,"height":432},"full":{"url":"https:\/\/villarrealcf.es\/wp-content\/uploads\/2025\/07\/EntrenamientoVillarreal.jpg","width":1920,"height":1080}}},"author_data":{"id":"25","name":"Javier Ayuso","first_name":"Javier","last_name":"Ayuso","description":"","avatar_url":"https:\/\/secure.gravatar.com\/avatar\/fcf8894be45988fcce5bbff0efe1790d2a7f4ba57e2c7c898f5068154e696495?s=96&d=mm&r=g","acf":null},"taxonomies_data":{"category":[{"id":13493,"name":"Primer equip","slug":"primer-equip","acf":null}],"post_tag":[{"id":16516,"name":"FC Basel","slug":"fc-basel-val","acf":null},{"id":717,"name":"Football","slug":"football-d34","acf":null},{"id":9270,"name":"Futbol","slug":"futbol-val","acf":null},{"id":9278,"name":"primera division","slug":"primera-division-val","acf":null},{"id":16517,"name":"Saint Gallen","slug":"saint-gallen-val","acf":null},{"id":13781,"name":"Sin categorizar","slug":"sin-categorizar-val","acf":null},{"id":716,"name":"Soccer","slug":"soccer-d105","acf":null},{"id":9205,"name":"Submarino","slug":"submarino-val","acf":null},{"id":9627,"name":"Submarino Amarillo","slug":"submarino-amarillo-val","acf":null},{"id":9203,"name":"Villarreal CF","slug":"villarreal-cf-val","acf":null}],"translation_priority":[{"id":735,"name":"Optional","slug":"optional-val","acf":null}]},"seo_full":{"native":{"title":"El Villarreal CF confirma dos nous amistosos - Web Oficial del Villarreal CF","description":"Els grocs obriran la pretemporada davant l'FC Basel (19 de juliol) i Saint Gallen FC (22 de juliol)","canonical":"https:\/\/villarrealcf.es\/val\/el-villarreal-cf-confirma-dos-nous-amistosos\/"}},"_links":{"self":[{"href":"https:\/\/villarrealcf.es\/val\/wp-json\/wp\/v2\/posts\/595747","targetHints":{"allow":["GET"]}}],"collection":[{"href":"https:\/\/villarrealcf.es\/val\/wp-json\/wp\/v2\/posts"}],"about":[{"href":"https:\/\/villarrealcf.es\/val\/wp-json\/wp\/v2\/types\/post"}],"author":[{"embeddable":true,"href":"https:\/\/villarrealcf.es\/val\/wp-json\/wp\/v2\/users\/25"}],"replies":[{"embeddable":true,"href":"https:\/\/villarrealcf.es\/val\/wp-json\/wp\/v2\/comments?post=595747"}],"version-history":[{"count":0,"href":"https:\/\/villarrealcf.es\/val\/wp-json\/wp\/v2\/posts\/595747\/revisions"}],"wp:featuredmedia":[{"embeddable":true,"href":"https:\/\/villarrealcf.es\/val\/wp-json\/wp\/v2\/media\/595739"}],"wp:attachment":[{"href":"https:\/\/villarrealcf.es\/val\/wp-json\/wp\/v2\/media?parent=595747"}],"wp:term":[{"taxonomy":"category","embeddable":true,"href":"https:\/\/villarrealcf.es\/val\/wp-json\/wp\/v2\/categories?post=595747"},{"taxonomy":"post_tag","embeddable":true,"href":"https:\/\/villarrealcf.es\/val\/wp-json\/wp\/v2\/tags?post=595747"}],"curies":[{"name":"wp","href":"https:\/\/api.w.org\/{rel}","templated":true}]}}