{"id":595512,"date":"2025-07-03T10:25:00","date_gmt":"2025-07-03T08:25:00","guid":{"rendered":"https:\/\/villarrealcf.es\/rafa-marin-supera-la-revision-medica\/"},"modified":"2025-07-03T11:39:25","modified_gmt":"2025-07-03T09:39:25","slug":"rafa-marin-supera-la-revisio-medica","status":"publish","type":"post","link":"https:\/\/villarrealcf.es\/val\/rafa-marin-supera-la-revisio-medica\/","title":{"rendered":"Rafa Mar\u00edn supera la revisi\u00f3 m\u00e8dica"},"content":{"protected":false,"blocks":[{"type":"heading","level":2,"text":"El defensa sevill\u00e0 s\u2019ha sotm\u00e9s als controls m\u00e8dics sota la supervisi\u00f3 d\u2019ASISA"},{"type":"paragraph","text":"La recent incorporaci\u00f3 del Villarreal CF, Rafa Mar\u00edn, ha superat les pertinents proves m\u00e8diques sota la supervisi\u00f3 d\u2019ASISA, prove\u00efdor m\u00e8dic oficial del club."},{"type":"paragraph","text":"Comprom\u00eds amb la salut i l\u2019esport"},{"type":"paragraph","text":"ASISA mant\u00e9 com una de les seues senyes d\u2019identitat m\u00e9s recognoscibles un comprom\u00eds s\u00f2lid amb el mecenatge i el patrocini de multitud d\u2019activitats socials, culturals i esportives. Per aix\u00f2, l\u2019asseguradora mant\u00e9 un fort vincle amb el foment de l\u2019educaci\u00f3 i els h\u00e0bits de vida saludables. Este comprom\u00eds es materialitza a trav\u00e9s del suport i el patrocini a diferents organitzacions i clubs esportius, amb l\u2019objectiu de la promoci\u00f3 de l\u2019esport des de la base i el suport a j\u00f3vens esportistes."},{"type":"image","url":"https:\/\/villarrealcf.es\/wp-content\/uploads\/2025\/07\/image.png","alt":"","width":760,"height":84,"srcset":"https:\/\/villarrealcf.es\/wp-content\/uploads\/2025\/07\/image.png 760w, https:\/\/villarrealcf.es\/wp-content\/uploads\/2025\/07\/image.png 1920w, https:\/\/villarrealcf.es\/wp-content\/uploads\/2025\/07\/image.png 1920w, https:\/\/villarrealcf.es\/wp-content\/uploads\/2025\/07\/image-32x4.png 32w, https:\/\/villarrealcf.es\/wp-content\/uploads\/2025\/07\/image-150x17.png 150w, https:\/\/villarrealcf.es\/wp-content\/uploads\/2025\/07\/image.png 1920w, https:\/\/villarrealcf.es\/wp-content\/uploads\/2025\/07\/image.png 1920w","sizes":"auto, (max-width: 760px) 100vw, 760px"}],"structured":{"summary":{"text":"El defensa sevill\u00e0 s\u2019ha sotm\u00e9s als controls m\u00e8dics sota la supervisi\u00f3 d\u2019ASISA La recent incorporaci\u00f3 del Villarreal CF, Rafa Mar\u00edn, ha superat les pertinents proves m\u00e8diques sota la supervisi\u00f3 d\u2019ASISA, prove\u00efdor m\u00e8dic oficial del club. Comprom\u00eds amb la salut i l\u2019esport ASISA mant\u00e9 com una de les seues senyes d\u2019identitat m\u00e9s recognoscibles un comprom\u00eds s\u00f2lid amb el mecenatge i el patrocini de multitud d\u2019activitats socials, culturals i esportives. Per aix\u00f2, l\u2019asseguradora mant\u00e9 un fort vincle amb el foment de l\u2019educaci\u00f3 i els h\u00e0bits de vida saludables. Este comprom\u00eds es materialitza a trav\u00e9s del suport i el patrocini a diferents organitzacions i clubs esportius, amb l\u2019objectiu de la promoci\u00f3 de l\u2019esport des de la base i el suport a j\u00f3vens esportistes.","headings":[{"type":"heading","level":2,"text":"El defensa sevill\u00e0 s\u2019ha sotm\u00e9s als controls m\u00e8dics sota la supervisi\u00f3 d\u2019ASISA"}],"buttons":[],"images":[{"type":"image","url":"https:\/\/villarrealcf.es\/wp-content\/uploads\/2025\/07\/image.png","alt":"","width":760,"height":84,"srcset":"https:\/\/villarrealcf.es\/wp-content\/uploads\/2025\/07\/image.png 760w, https:\/\/villarrealcf.es\/wp-content\/uploads\/2025\/07\/image.png 1920w, https:\/\/villarrealcf.es\/wp-content\/uploads\/2025\/07\/image.png 1920w, https:\/\/villarrealcf.es\/wp-content\/uploads\/2025\/07\/image-32x4.png 32w, https:\/\/villarrealcf.es\/wp-content\/uploads\/2025\/07\/image-150x17.png 150w, https:\/\/villarrealcf.es\/wp-content\/uploads\/2025\/07\/image.png 1920w, https:\/\/villarrealcf.es\/wp-content\/uploads\/2025\/07\/image.png 1920w","sizes":"auto, (max-width: 760px) 100vw, 760px"}],"counts":{"blocks":5,"headings":1,"texts":3,"buttons":0,"images":1}},"sections":[{"id":"section-1","title":"El defensa sevill\u00e0 s\u2019ha sotm\u00e9s als controls m\u00e8dics sota la supervisi\u00f3 d\u2019ASISA","text":"El defensa sevill\u00e0 s\u2019ha sotm\u00e9s als controls m\u00e8dics sota la supervisi\u00f3 d\u2019ASISA La recent incorporaci\u00f3 del Villarreal CF, Rafa Mar\u00edn, ha superat les pertinents proves m\u00e8diques sota la supervisi\u00f3 d\u2019ASISA, prove\u00efdor m\u00e8dic oficial del club. Comprom\u00eds amb la salut i l\u2019esport ASISA mant\u00e9 com una de les seues senyes d\u2019identitat m\u00e9s recognoscibles un comprom\u00eds s\u00f2lid amb el mecenatge i el patrocini de multitud d\u2019activitats socials, culturals i esportives. Per aix\u00f2, l\u2019asseguradora mant\u00e9 un fort vincle amb el foment de l\u2019educaci\u00f3 i els h\u00e0bits de vida saludables. Este comprom\u00eds es materialitza a trav\u00e9s del suport i el patrocini a diferents organitzacions i clubs esportius, amb l\u2019objectiu de la promoci\u00f3 de l\u2019esport des de la base i el suport a j\u00f3vens esportistes.","headings":[{"type":"heading","level":2,"text":"El defensa sevill\u00e0 s\u2019ha sotm\u00e9s als controls m\u00e8dics sota la supervisi\u00f3 d\u2019ASISA"}],"texts":[{"type":"paragraph","text":"La recent incorporaci\u00f3 del Villarreal CF, Rafa Mar\u00edn, ha superat les pertinents proves m\u00e8diques sota la supervisi\u00f3 d\u2019ASISA, prove\u00efdor m\u00e8dic oficial del club."},{"type":"paragraph","text":"Comprom\u00eds amb la salut i l\u2019esport"},{"type":"paragraph","text":"ASISA mant\u00e9 com una de les seues senyes d\u2019identitat m\u00e9s recognoscibles un comprom\u00eds s\u00f2lid amb el mecenatge i el patrocini de multitud d\u2019activitats socials, culturals i esportives. Per aix\u00f2, l\u2019asseguradora mant\u00e9 un fort vincle amb el foment de l\u2019educaci\u00f3 i els h\u00e0bits de vida saludables. Este comprom\u00eds es materialitza a trav\u00e9s del suport i el patrocini a diferents organitzacions i clubs esportius, amb l\u2019objectiu de la promoci\u00f3 de l\u2019esport des de la base i el suport a j\u00f3vens esportistes."}],"buttons":[],"images":[{"type":"image","url":"https:\/\/villarrealcf.es\/wp-content\/uploads\/2025\/07\/image.png","alt":"","width":760,"height":84,"srcset":"https:\/\/villarrealcf.es\/wp-content\/uploads\/2025\/07\/image.png 760w, https:\/\/villarrealcf.es\/wp-content\/uploads\/2025\/07\/image.png 1920w, https:\/\/villarrealcf.es\/wp-content\/uploads\/2025\/07\/image.png 1920w, https:\/\/villarrealcf.es\/wp-content\/uploads\/2025\/07\/image-32x4.png 32w, https:\/\/villarrealcf.es\/wp-content\/uploads\/2025\/07\/image-150x17.png 150w, https:\/\/villarrealcf.es\/wp-content\/uploads\/2025\/07\/image.png 1920w, https:\/\/villarrealcf.es\/wp-content\/uploads\/2025\/07\/image.png 1920w","sizes":"auto, (max-width: 760px) 100vw, 760px"}],"widgets":[],"blocks":[{"type":"heading","level":2,"text":"El defensa sevill\u00e0 s\u2019ha sotm\u00e9s als controls m\u00e8dics sota la supervisi\u00f3 d\u2019ASISA"},{"type":"paragraph","text":"La recent incorporaci\u00f3 del Villarreal CF, Rafa Mar\u00edn, ha superat les pertinents proves m\u00e8diques sota la supervisi\u00f3 d\u2019ASISA, prove\u00efdor m\u00e8dic oficial del club."},{"type":"paragraph","text":"Comprom\u00eds amb la salut i l\u2019esport"},{"type":"paragraph","text":"ASISA mant\u00e9 com una de les seues senyes d\u2019identitat m\u00e9s recognoscibles un comprom\u00eds s\u00f2lid amb el mecenatge i el patrocini de multitud d\u2019activitats socials, culturals i esportives. Per aix\u00f2, l\u2019asseguradora mant\u00e9 un fort vincle amb el foment de l\u2019educaci\u00f3 i els h\u00e0bits de vida saludables. Este comprom\u00eds es materialitza a trav\u00e9s del suport i el patrocini a diferents organitzacions i clubs esportius, amb l\u2019objectiu de la promoci\u00f3 de l\u2019esport des de la base i el suport a j\u00f3vens esportistes."},{"type":"image","url":"https:\/\/villarrealcf.es\/wp-content\/uploads\/2025\/07\/image.png","alt":"","width":760,"height":84,"srcset":"https:\/\/villarrealcf.es\/wp-content\/uploads\/2025\/07\/image.png 760w, https:\/\/villarrealcf.es\/wp-content\/uploads\/2025\/07\/image.png 1920w, https:\/\/villarrealcf.es\/wp-content\/uploads\/2025\/07\/image.png 1920w, https:\/\/villarrealcf.es\/wp-content\/uploads\/2025\/07\/image-32x4.png 32w, https:\/\/villarrealcf.es\/wp-content\/uploads\/2025\/07\/image-150x17.png 150w, https:\/\/villarrealcf.es\/wp-content\/uploads\/2025\/07\/image.png 1920w, https:\/\/villarrealcf.es\/wp-content\/uploads\/2025\/07\/image.png 1920w","sizes":"auto, (max-width: 760px) 100vw, 760px"}]}],"hero":{"id":"section-1","title":"El defensa sevill\u00e0 s\u2019ha sotm\u00e9s als controls m\u00e8dics sota la supervisi\u00f3 d\u2019ASISA","text":"El defensa sevill\u00e0 s\u2019ha sotm\u00e9s als controls m\u00e8dics sota la supervisi\u00f3 d\u2019ASISA La recent incorporaci\u00f3 del Villarreal CF, Rafa Mar\u00edn, ha superat les pertinents proves m\u00e8diques sota la supervisi\u00f3 d\u2019ASISA, prove\u00efdor m\u00e8dic oficial del club. Comprom\u00eds amb la salut i l\u2019esport ASISA mant\u00e9 com una de les seues senyes d\u2019identitat m\u00e9s recognoscibles un comprom\u00eds s\u00f2lid amb el mecenatge i el patrocini de multitud d\u2019activitats socials, culturals i esportives. Per aix\u00f2, l\u2019asseguradora mant\u00e9 un fort vincle amb el foment de l\u2019educaci\u00f3 i els h\u00e0bits de vida saludables. Este comprom\u00eds es materialitza a trav\u00e9s del suport i el patrocini a diferents organitzacions i clubs esportius, amb l\u2019objectiu de la promoci\u00f3 de l\u2019esport des de la base i el suport a j\u00f3vens esportistes.","headings":[{"type":"heading","level":2,"text":"El defensa sevill\u00e0 s\u2019ha sotm\u00e9s als controls m\u00e8dics sota la supervisi\u00f3 d\u2019ASISA"}],"texts":[{"type":"paragraph","text":"La recent incorporaci\u00f3 del Villarreal CF, Rafa Mar\u00edn, ha superat les pertinents proves m\u00e8diques sota la supervisi\u00f3 d\u2019ASISA, prove\u00efdor m\u00e8dic oficial del club."},{"type":"paragraph","text":"Comprom\u00eds amb la salut i l\u2019esport"},{"type":"paragraph","text":"ASISA mant\u00e9 com una de les seues senyes d\u2019identitat m\u00e9s recognoscibles un comprom\u00eds s\u00f2lid amb el mecenatge i el patrocini de multitud d\u2019activitats socials, culturals i esportives. Per aix\u00f2, l\u2019asseguradora mant\u00e9 un fort vincle amb el foment de l\u2019educaci\u00f3 i els h\u00e0bits de vida saludables. Este comprom\u00eds es materialitza a trav\u00e9s del suport i el patrocini a diferents organitzacions i clubs esportius, amb l\u2019objectiu de la promoci\u00f3 de l\u2019esport des de la base i el suport a j\u00f3vens esportistes."}],"buttons":[],"images":[{"type":"image","url":"https:\/\/villarrealcf.es\/wp-content\/uploads\/2025\/07\/image.png","alt":"","width":760,"height":84,"srcset":"https:\/\/villarrealcf.es\/wp-content\/uploads\/2025\/07\/image.png 760w, https:\/\/villarrealcf.es\/wp-content\/uploads\/2025\/07\/image.png 1920w, https:\/\/villarrealcf.es\/wp-content\/uploads\/2025\/07\/image.png 1920w, https:\/\/villarrealcf.es\/wp-content\/uploads\/2025\/07\/image-32x4.png 32w, https:\/\/villarrealcf.es\/wp-content\/uploads\/2025\/07\/image-150x17.png 150w, https:\/\/villarrealcf.es\/wp-content\/uploads\/2025\/07\/image.png 1920w, https:\/\/villarrealcf.es\/wp-content\/uploads\/2025\/07\/image.png 1920w","sizes":"auto, (max-width: 760px) 100vw, 760px"}],"widgets":[],"blocks":[{"type":"heading","level":2,"text":"El defensa sevill\u00e0 s\u2019ha sotm\u00e9s als controls m\u00e8dics sota la supervisi\u00f3 d\u2019ASISA"},{"type":"paragraph","text":"La recent incorporaci\u00f3 del Villarreal CF, Rafa Mar\u00edn, ha superat les pertinents proves m\u00e8diques sota la supervisi\u00f3 d\u2019ASISA, prove\u00efdor m\u00e8dic oficial del club."},{"type":"paragraph","text":"Comprom\u00eds amb la salut i l\u2019esport"},{"type":"paragraph","text":"ASISA mant\u00e9 com una de les seues senyes d\u2019identitat m\u00e9s recognoscibles un comprom\u00eds s\u00f2lid amb el mecenatge i el patrocini de multitud d\u2019activitats socials, culturals i esportives. Per aix\u00f2, l\u2019asseguradora mant\u00e9 un fort vincle amb el foment de l\u2019educaci\u00f3 i els h\u00e0bits de vida saludables. Este comprom\u00eds es materialitza a trav\u00e9s del suport i el patrocini a diferents organitzacions i clubs esportius, amb l\u2019objectiu de la promoci\u00f3 de l\u2019esport des de la base i el suport a j\u00f3vens esportistes."},{"type":"image","url":"https:\/\/villarrealcf.es\/wp-content\/uploads\/2025\/07\/image.png","alt":"","width":760,"height":84,"srcset":"https:\/\/villarrealcf.es\/wp-content\/uploads\/2025\/07\/image.png 760w, https:\/\/villarrealcf.es\/wp-content\/uploads\/2025\/07\/image.png 1920w, https:\/\/villarrealcf.es\/wp-content\/uploads\/2025\/07\/image.png 1920w, https:\/\/villarrealcf.es\/wp-content\/uploads\/2025\/07\/image-32x4.png 32w, https:\/\/villarrealcf.es\/wp-content\/uploads\/2025\/07\/image-150x17.png 150w, https:\/\/villarrealcf.es\/wp-content\/uploads\/2025\/07\/image.png 1920w, https:\/\/villarrealcf.es\/wp-content\/uploads\/2025\/07\/image.png 1920w","sizes":"auto, (max-width: 760px) 100vw, 760px"}]}},"sections":[{"id":"section-1","title":"El defensa sevill\u00e0 s\u2019ha sotm\u00e9s als controls m\u00e8dics sota la supervisi\u00f3 d\u2019ASISA","text":"El defensa sevill\u00e0 s\u2019ha sotm\u00e9s als controls m\u00e8dics sota la supervisi\u00f3 d\u2019ASISA La recent incorporaci\u00f3 del Villarreal CF, Rafa Mar\u00edn, ha superat les pertinents proves m\u00e8diques sota la supervisi\u00f3 d\u2019ASISA, prove\u00efdor m\u00e8dic oficial del club. Comprom\u00eds amb la salut i l\u2019esport ASISA mant\u00e9 com una de les seues senyes d\u2019identitat m\u00e9s recognoscibles un comprom\u00eds s\u00f2lid amb el mecenatge i el patrocini de multitud d\u2019activitats socials, culturals i esportives. Per aix\u00f2, l\u2019asseguradora mant\u00e9 un fort vincle amb el foment de l\u2019educaci\u00f3 i els h\u00e0bits de vida saludables. Este comprom\u00eds es materialitza a trav\u00e9s del suport i el patrocini a diferents organitzacions i clubs esportius, amb l\u2019objectiu de la promoci\u00f3 de l\u2019esport des de la base i el suport a j\u00f3vens esportistes.","url":"","background_image":"","images":[{"type":"image","url":"https:\/\/villarrealcf.es\/wp-content\/uploads\/2025\/07\/image.png","alt":"","width":760,"height":84,"srcset":"https:\/\/villarrealcf.es\/wp-content\/uploads\/2025\/07\/image.png 760w, https:\/\/villarrealcf.es\/wp-content\/uploads\/2025\/07\/image.png 1920w, https:\/\/villarrealcf.es\/wp-content\/uploads\/2025\/07\/image.png 1920w, https:\/\/villarrealcf.es\/wp-content\/uploads\/2025\/07\/image-32x4.png 32w, https:\/\/villarrealcf.es\/wp-content\/uploads\/2025\/07\/image-150x17.png 150w, https:\/\/villarrealcf.es\/wp-content\/uploads\/2025\/07\/image.png 1920w, https:\/\/villarrealcf.es\/wp-content\/uploads\/2025\/07\/image.png 1920w","sizes":"auto, (max-width: 760px) 100vw, 760px"}],"videos":[],"links":[]}]},"excerpt":{"rendered":"El defensa sevill\u00e0 s&#8217;ha sotm\u00e9s als controls m\u00e8dics sota la supervisi\u00f3 d&#8217;ASISA","protected":false},"author":25,"featured_media":595505,"comment_status":"closed","ping_status":"closed","sticky":false,"template":"","format":"standard","meta":{"_acf_changed":false,"footnotes":""},"categories":[13493],"tags":[10899,717,9270,9278,16512,10089,716,9205,9627,9203],"acf":null,"lang":"val","translations":{"es":595502,"val":595512,"en":595513},"essential_grid":{"has_grid":false},"formatted_date":"July 3, 2025","modified_date":"July 3, 2025","permalink":"https:\/\/villarrealcf.es\/val\/rafa-marin-supera-la-revisio-medica\/","reading_time":1,"featured_media_data":{"id":595505,"title":"Rafa Marin ASISA","caption":"","alt_text":"","description":"","mime_type":"image\/jpeg","source_url":"https:\/\/villarrealcf.es\/wp-content\/uploads\/2025\/07\/Rafa-Marin-ASISA.jpg","sizes":{"thumbnail":{"url":"https:\/\/villarrealcf.es\/wp-content\/uploads\/2025\/07\/Rafa-Marin-ASISA.jpg","width":1920,"height":1080},"medium":{"url":"https:\/\/villarrealcf.es\/wp-content\/uploads\/2025\/07\/Rafa-Marin-ASISA.jpg","width":1920,"height":1080},"medium_large":{"url":"https:\/\/villarrealcf.es\/wp-content\/uploads\/2025\/07\/Rafa-Marin-ASISA-768x432.jpg","width":768,"height":432},"large":{"url":"https:\/\/villarrealcf.es\/wp-content\/uploads\/2025\/07\/Rafa-Marin-ASISA.jpg","width":788,"height":443},"1536x1536":{"url":"https:\/\/villarrealcf.es\/wp-content\/uploads\/2025\/07\/Rafa-Marin-ASISA-1536x864.jpg","width":1536,"height":864},"2048x2048":{"url":"https:\/\/villarrealcf.es\/wp-content\/uploads\/2025\/07\/Rafa-Marin-ASISA.jpg","width":1920,"height":1080},"tp-image-grid":{"url":"https:\/\/villarrealcf.es\/wp-content\/uploads\/2025\/07\/Rafa-Marin-ASISA-700x700.jpg","width":700,"height":700},"size-bunyad-medium":{"url":"https:\/\/villarrealcf.es\/wp-content\/uploads\/2025\/07\/Rafa-Marin-ASISA.jpg","width":1920,"height":1080},"sportspress-crop-medium":{"url":"https:\/\/villarrealcf.es\/wp-content\/uploads\/2025\/07\/Rafa-Marin-ASISA-300x300.jpg","width":300,"height":300},"sportspress-fit-medium":{"url":"https:\/\/villarrealcf.es\/wp-content\/uploads\/2025\/07\/Rafa-Marin-ASISA-300x169.jpg","width":300,"height":169},"sportspress-fit-icon":{"url":"https:\/\/villarrealcf.es\/wp-content\/uploads\/2025\/07\/Rafa-Marin-ASISA-128x72.jpg","width":128,"height":72},"sportspress-fit-mini":{"url":"https:\/\/villarrealcf.es\/wp-content\/uploads\/2025\/07\/Rafa-Marin-ASISA-32x18.jpg","width":32,"height":18},"bunyad-small":{"url":"https:\/\/villarrealcf.es\/wp-content\/uploads\/2025\/07\/Rafa-Marin-ASISA-150x84.jpg","width":150,"height":84},"bunyad-medium":{"url":"https:\/\/villarrealcf.es\/wp-content\/uploads\/2025\/07\/Rafa-Marin-ASISA-450x253.jpg","width":450,"height":253},"bunyad-full":{"url":"https:\/\/villarrealcf.es\/wp-content\/uploads\/2025\/07\/Rafa-Marin-ASISA-1200x675.jpg","width":1200,"height":675},"bunyad-viewport":{"url":"https:\/\/villarrealcf.es\/wp-content\/uploads\/2025\/07\/Rafa-Marin-ASISA.jpg","width":1920,"height":1080},"bunyad-768":{"url":"https:\/\/villarrealcf.es\/wp-content\/uploads\/2025\/07\/Rafa-Marin-ASISA-768x432.jpg","width":768,"height":432},"full":{"url":"https:\/\/villarrealcf.es\/wp-content\/uploads\/2025\/07\/Rafa-Marin-ASISA.jpg","width":1920,"height":1080}}},"author_data":{"id":"25","name":"Javier Ayuso","first_name":"Javier","last_name":"Ayuso","description":"","avatar_url":"https:\/\/secure.gravatar.com\/avatar\/fcf8894be45988fcce5bbff0efe1790d2a7f4ba57e2c7c898f5068154e696495?s=96&d=mm&r=g","acf":null},"taxonomies_data":{"category":[{"id":13493,"name":"Primer equip","slug":"primer-equip","acf":null}],"post_tag":[{"id":10899,"name":"Asisa","slug":"asisa-val","acf":null},{"id":717,"name":"Football","slug":"football-d34","acf":null},{"id":9270,"name":"Futbol","slug":"futbol-val","acf":null},{"id":9278,"name":"primera division","slug":"primera-division-val","acf":null},{"id":16512,"name":"Rafa Mar\u00edn","slug":"rafa-marin-val","acf":null},{"id":10089,"name":"Revisi\u00f3n M\u00e9dica","slug":"revision-medica-val","acf":null},{"id":716,"name":"Soccer","slug":"soccer-d105","acf":null},{"id":9205,"name":"Submarino","slug":"submarino-val","acf":null},{"id":9627,"name":"Submarino Amarillo","slug":"submarino-amarillo-val","acf":null},{"id":9203,"name":"Villarreal CF","slug":"villarreal-cf-val","acf":null}],"translation_priority":[{"id":735,"name":"Optional","slug":"optional-val","acf":null}]},"seo_full":{"native":{"title":"Rafa Mar\u00edn supera la revisi\u00f3 m\u00e8dica - Web Oficial del Villarreal CF","description":"El defensa sevill\u00e0 s'ha sotm\u00e9s als controls m\u00e8dics sota la supervisi\u00f3 d'ASISA","canonical":"https:\/\/villarrealcf.es\/val\/rafa-marin-supera-la-revisio-medica\/"}},"_links":{"self":[{"href":"https:\/\/villarrealcf.es\/val\/wp-json\/wp\/v2\/posts\/595512","targetHints":{"allow":["GET"]}}],"collection":[{"href":"https:\/\/villarrealcf.es\/val\/wp-json\/wp\/v2\/posts"}],"about":[{"href":"https:\/\/villarrealcf.es\/val\/wp-json\/wp\/v2\/types\/post"}],"author":[{"embeddable":true,"href":"https:\/\/villarrealcf.es\/val\/wp-json\/wp\/v2\/users\/25"}],"replies":[{"embeddable":true,"href":"https:\/\/villarrealcf.es\/val\/wp-json\/wp\/v2\/comments?post=595512"}],"version-history":[{"count":0,"href":"https:\/\/villarrealcf.es\/val\/wp-json\/wp\/v2\/posts\/595512\/revisions"}],"wp:featuredmedia":[{"embeddable":true,"href":"https:\/\/villarrealcf.es\/val\/wp-json\/wp\/v2\/media\/595505"}],"wp:attachment":[{"href":"https:\/\/villarrealcf.es\/val\/wp-json\/wp\/v2\/media?parent=595512"}],"wp:term":[{"taxonomy":"category","embeddable":true,"href":"https:\/\/villarrealcf.es\/val\/wp-json\/wp\/v2\/categories?post=595512"},{"taxonomy":"post_tag","embeddable":true,"href":"https:\/\/villarrealcf.es\/val\/wp-json\/wp\/v2\/tags?post=595512"}],"curies":[{"name":"wp","href":"https:\/\/api.w.org\/{rel}","templated":true}]}}