{"id":595472,"date":"2025-07-03T10:46:25","date_gmt":"2025-07-03T08:46:25","guid":{"rendered":"https:\/\/villarrealcf.es\/rafa-marin-ya-es-groguet\/"},"modified":"2025-07-03T10:51:10","modified_gmt":"2025-07-03T08:51:10","slug":"rafa-marin-ya-es-groguet","status":"publish","type":"post","link":"https:\/\/villarrealcf.es\/val\/rafa-marin-ya-es-groguet\/","title":{"rendered":"Rafa Mar\u00edn ja \u00e9s groguet"},"content":{"protected":false,"blocks":[{"type":"heading","level":2,"text":"El defensa sevill\u00e0 jugar\u00e0 cedit en el Submar\u00ed durant la temporada 2025\/26"},{"type":"paragraph","text":"El Villarreal CF i el SSC Napoli han aconseguit un acord de cessi\u00f3 per Rafa Mar\u00edn, que jugar\u00e0 com groguet durant la pr\u00f2xima temporada 2025\/26. L\u2019acord de cessi\u00f3 pel futbolista sevill\u00e0 contempla opci\u00f3 de compra."},{"type":"paragraph","text":"Rafael Mar\u00edn Zamora (Guadajoz, Sevilla, 19 de maig de 2002) \u00e9s un jove defensa central destre d\u2019imponent talla i gran capacitat f\u00edsica. \u00c9s expeditiu en defensa i poder\u00f3s en el joc aeri. Destaca per la seua facilitat per a robar la pilota i la seua fortalesa en l\u2019un contra un. Tamb\u00e9 atresora un fant\u00e0stic despla\u00e7ament en llarg."},{"type":"paragraph","text":"El jove defensa sevill\u00e0 s\u2019ha forjat en les categories inferiors del Real Madrid. En la campanya 2023\/24, va jugar com cedit en el Deportivo Alav\u00e9s, on es va erigir en una pe\u00e7a clau de l\u2019equip, disputant 42 partits oficials en l\u2019elit del futbol espanyol."},{"type":"paragraph","text":"Despr\u00e9s del seu fant\u00e0stic rendiment en el conjunt babazorro, Mar\u00edn va recalar en el SSC Napoli, conjunt amb el qual tan sols va jugar sis partits durant la passada campanya, malgrat proclamar-se campi\u00f3 de la S\u00e8rie A."}],"structured":{"summary":{"text":"El defensa sevill\u00e0 jugar\u00e0 cedit en el Submar\u00ed durant la temporada 2025\/26 El Villarreal CF i el SSC Napoli han aconseguit un acord de cessi\u00f3 per Rafa Mar\u00edn, que jugar\u00e0 com groguet durant la pr\u00f2xima temporada 2025\/26. L\u2019acord de cessi\u00f3 pel futbolista sevill\u00e0 contempla opci\u00f3 de compra. Rafael Mar\u00edn Zamora (Guadajoz, Sevilla, 19 de maig de 2002) \u00e9s un jove defensa central destre d\u2019imponent talla i gran capacitat f\u00edsica. \u00c9s expeditiu en defensa i poder\u00f3s en el joc aeri. Destaca per la seua facilitat per a robar la pilota i la seua fortalesa en l\u2019un contra un. Tamb\u00e9 atresora un fant\u00e0stic despla\u00e7ament en llarg. El jove defensa sevill\u00e0 s\u2019ha forjat en les categories inferiors del Real Madrid. En la campanya 2023\/24, va jugar com cedit en el Deportivo Alav\u00e9s, on es va erigir en una pe\u00e7a clau de l\u2019equip, disputant 42 partits oficials en l\u2019elit del futbol espanyol. Despr\u00e9s del seu fant\u00e0stic rendiment en el conjunt babazorro, Mar\u00edn va recalar en el SSC Napoli, conjunt amb el qual tan sols va jugar sis partits durant la passada campanya, malgrat proclamar-se campi\u00f3 de la S\u00e8rie A.","headings":[{"type":"heading","level":2,"text":"El defensa sevill\u00e0 jugar\u00e0 cedit en el Submar\u00ed durant la temporada 2025\/26"}],"buttons":[],"images":[],"counts":{"blocks":5,"headings":1,"texts":4,"buttons":0,"images":0}},"sections":[{"id":"section-1","title":"El defensa sevill\u00e0 jugar\u00e0 cedit en el Submar\u00ed durant la temporada 2025\/26","text":"El defensa sevill\u00e0 jugar\u00e0 cedit en el Submar\u00ed durant la temporada 2025\/26 El Villarreal CF i el SSC Napoli han aconseguit un acord de cessi\u00f3 per Rafa Mar\u00edn, que jugar\u00e0 com groguet durant la pr\u00f2xima temporada 2025\/26. L\u2019acord de cessi\u00f3 pel futbolista sevill\u00e0 contempla opci\u00f3 de compra. Rafael Mar\u00edn Zamora (Guadajoz, Sevilla, 19 de maig de 2002) \u00e9s un jove defensa central destre d\u2019imponent talla i gran capacitat f\u00edsica. \u00c9s expeditiu en defensa i poder\u00f3s en el joc aeri. Destaca per la seua facilitat per a robar la pilota i la seua fortalesa en l\u2019un contra un. Tamb\u00e9 atresora un fant\u00e0stic despla\u00e7ament en llarg. El jove defensa sevill\u00e0 s\u2019ha forjat en les categories inferiors del Real Madrid. En la campanya 2023\/24, va jugar com cedit en el Deportivo Alav\u00e9s, on es va erigir en una pe\u00e7a clau de l\u2019equip, disputant 42 partits oficials en l\u2019elit del futbol espanyol. Despr\u00e9s del seu fant\u00e0stic rendiment en el conjunt babazorro, Mar\u00edn va recalar en el SSC Napoli, conjunt amb el qual tan sols va jugar sis partits durant la passada campanya, malgrat proclamar-se campi\u00f3 de la S\u00e8rie A.","headings":[{"type":"heading","level":2,"text":"El defensa sevill\u00e0 jugar\u00e0 cedit en el Submar\u00ed durant la temporada 2025\/26"}],"texts":[{"type":"paragraph","text":"El Villarreal CF i el SSC Napoli han aconseguit un acord de cessi\u00f3 per Rafa Mar\u00edn, que jugar\u00e0 com groguet durant la pr\u00f2xima temporada 2025\/26. L\u2019acord de cessi\u00f3 pel futbolista sevill\u00e0 contempla opci\u00f3 de compra."},{"type":"paragraph","text":"Rafael Mar\u00edn Zamora (Guadajoz, Sevilla, 19 de maig de 2002) \u00e9s un jove defensa central destre d\u2019imponent talla i gran capacitat f\u00edsica. \u00c9s expeditiu en defensa i poder\u00f3s en el joc aeri. Destaca per la seua facilitat per a robar la pilota i la seua fortalesa en l\u2019un contra un. Tamb\u00e9 atresora un fant\u00e0stic despla\u00e7ament en llarg."},{"type":"paragraph","text":"El jove defensa sevill\u00e0 s\u2019ha forjat en les categories inferiors del Real Madrid. En la campanya 2023\/24, va jugar com cedit en el Deportivo Alav\u00e9s, on es va erigir en una pe\u00e7a clau de l\u2019equip, disputant 42 partits oficials en l\u2019elit del futbol espanyol."},{"type":"paragraph","text":"Despr\u00e9s del seu fant\u00e0stic rendiment en el conjunt babazorro, Mar\u00edn va recalar en el SSC Napoli, conjunt amb el qual tan sols va jugar sis partits durant la passada campanya, malgrat proclamar-se campi\u00f3 de la S\u00e8rie A."}],"buttons":[],"images":[],"widgets":[],"blocks":[{"type":"heading","level":2,"text":"El defensa sevill\u00e0 jugar\u00e0 cedit en el Submar\u00ed durant la temporada 2025\/26"},{"type":"paragraph","text":"El Villarreal CF i el SSC Napoli han aconseguit un acord de cessi\u00f3 per Rafa Mar\u00edn, que jugar\u00e0 com groguet durant la pr\u00f2xima temporada 2025\/26. L\u2019acord de cessi\u00f3 pel futbolista sevill\u00e0 contempla opci\u00f3 de compra."},{"type":"paragraph","text":"Rafael Mar\u00edn Zamora (Guadajoz, Sevilla, 19 de maig de 2002) \u00e9s un jove defensa central destre d\u2019imponent talla i gran capacitat f\u00edsica. \u00c9s expeditiu en defensa i poder\u00f3s en el joc aeri. Destaca per la seua facilitat per a robar la pilota i la seua fortalesa en l\u2019un contra un. Tamb\u00e9 atresora un fant\u00e0stic despla\u00e7ament en llarg."},{"type":"paragraph","text":"El jove defensa sevill\u00e0 s\u2019ha forjat en les categories inferiors del Real Madrid. En la campanya 2023\/24, va jugar com cedit en el Deportivo Alav\u00e9s, on es va erigir en una pe\u00e7a clau de l\u2019equip, disputant 42 partits oficials en l\u2019elit del futbol espanyol."},{"type":"paragraph","text":"Despr\u00e9s del seu fant\u00e0stic rendiment en el conjunt babazorro, Mar\u00edn va recalar en el SSC Napoli, conjunt amb el qual tan sols va jugar sis partits durant la passada campanya, malgrat proclamar-se campi\u00f3 de la S\u00e8rie A."}]}],"hero":{"id":"section-1","title":"El defensa sevill\u00e0 jugar\u00e0 cedit en el Submar\u00ed durant la temporada 2025\/26","text":"El defensa sevill\u00e0 jugar\u00e0 cedit en el Submar\u00ed durant la temporada 2025\/26 El Villarreal CF i el SSC Napoli han aconseguit un acord de cessi\u00f3 per Rafa Mar\u00edn, que jugar\u00e0 com groguet durant la pr\u00f2xima temporada 2025\/26. L\u2019acord de cessi\u00f3 pel futbolista sevill\u00e0 contempla opci\u00f3 de compra. Rafael Mar\u00edn Zamora (Guadajoz, Sevilla, 19 de maig de 2002) \u00e9s un jove defensa central destre d\u2019imponent talla i gran capacitat f\u00edsica. \u00c9s expeditiu en defensa i poder\u00f3s en el joc aeri. Destaca per la seua facilitat per a robar la pilota i la seua fortalesa en l\u2019un contra un. Tamb\u00e9 atresora un fant\u00e0stic despla\u00e7ament en llarg. El jove defensa sevill\u00e0 s\u2019ha forjat en les categories inferiors del Real Madrid. En la campanya 2023\/24, va jugar com cedit en el Deportivo Alav\u00e9s, on es va erigir en una pe\u00e7a clau de l\u2019equip, disputant 42 partits oficials en l\u2019elit del futbol espanyol. Despr\u00e9s del seu fant\u00e0stic rendiment en el conjunt babazorro, Mar\u00edn va recalar en el SSC Napoli, conjunt amb el qual tan sols va jugar sis partits durant la passada campanya, malgrat proclamar-se campi\u00f3 de la S\u00e8rie A.","headings":[{"type":"heading","level":2,"text":"El defensa sevill\u00e0 jugar\u00e0 cedit en el Submar\u00ed durant la temporada 2025\/26"}],"texts":[{"type":"paragraph","text":"El Villarreal CF i el SSC Napoli han aconseguit un acord de cessi\u00f3 per Rafa Mar\u00edn, que jugar\u00e0 com groguet durant la pr\u00f2xima temporada 2025\/26. L\u2019acord de cessi\u00f3 pel futbolista sevill\u00e0 contempla opci\u00f3 de compra."},{"type":"paragraph","text":"Rafael Mar\u00edn Zamora (Guadajoz, Sevilla, 19 de maig de 2002) \u00e9s un jove defensa central destre d\u2019imponent talla i gran capacitat f\u00edsica. \u00c9s expeditiu en defensa i poder\u00f3s en el joc aeri. Destaca per la seua facilitat per a robar la pilota i la seua fortalesa en l\u2019un contra un. Tamb\u00e9 atresora un fant\u00e0stic despla\u00e7ament en llarg."},{"type":"paragraph","text":"El jove defensa sevill\u00e0 s\u2019ha forjat en les categories inferiors del Real Madrid. En la campanya 2023\/24, va jugar com cedit en el Deportivo Alav\u00e9s, on es va erigir en una pe\u00e7a clau de l\u2019equip, disputant 42 partits oficials en l\u2019elit del futbol espanyol."},{"type":"paragraph","text":"Despr\u00e9s del seu fant\u00e0stic rendiment en el conjunt babazorro, Mar\u00edn va recalar en el SSC Napoli, conjunt amb el qual tan sols va jugar sis partits durant la passada campanya, malgrat proclamar-se campi\u00f3 de la S\u00e8rie A."}],"buttons":[],"images":[],"widgets":[],"blocks":[{"type":"heading","level":2,"text":"El defensa sevill\u00e0 jugar\u00e0 cedit en el Submar\u00ed durant la temporada 2025\/26"},{"type":"paragraph","text":"El Villarreal CF i el SSC Napoli han aconseguit un acord de cessi\u00f3 per Rafa Mar\u00edn, que jugar\u00e0 com groguet durant la pr\u00f2xima temporada 2025\/26. L\u2019acord de cessi\u00f3 pel futbolista sevill\u00e0 contempla opci\u00f3 de compra."},{"type":"paragraph","text":"Rafael Mar\u00edn Zamora (Guadajoz, Sevilla, 19 de maig de 2002) \u00e9s un jove defensa central destre d\u2019imponent talla i gran capacitat f\u00edsica. \u00c9s expeditiu en defensa i poder\u00f3s en el joc aeri. Destaca per la seua facilitat per a robar la pilota i la seua fortalesa en l\u2019un contra un. Tamb\u00e9 atresora un fant\u00e0stic despla\u00e7ament en llarg."},{"type":"paragraph","text":"El jove defensa sevill\u00e0 s\u2019ha forjat en les categories inferiors del Real Madrid. En la campanya 2023\/24, va jugar com cedit en el Deportivo Alav\u00e9s, on es va erigir en una pe\u00e7a clau de l\u2019equip, disputant 42 partits oficials en l\u2019elit del futbol espanyol."},{"type":"paragraph","text":"Despr\u00e9s del seu fant\u00e0stic rendiment en el conjunt babazorro, Mar\u00edn va recalar en el SSC Napoli, conjunt amb el qual tan sols va jugar sis partits durant la passada campanya, malgrat proclamar-se campi\u00f3 de la S\u00e8rie A."}]}},"sections":[{"id":"section-1","title":"El defensa sevill\u00e0 jugar\u00e0 cedit en el Submar\u00ed durant la temporada 2025\/26","text":"El defensa sevill\u00e0 jugar\u00e0 cedit en el Submar\u00ed durant la temporada 2025\/26 El Villarreal CF i el SSC Napoli han aconseguit un acord de cessi\u00f3 per Rafa Mar\u00edn, que jugar\u00e0 com groguet durant la pr\u00f2xima temporada 2025\/26. L\u2019acord de cessi\u00f3 pel futbolista sevill\u00e0 contempla opci\u00f3 de compra. Rafael Mar\u00edn Zamora (Guadajoz, Sevilla, 19 de maig de 2002) \u00e9s un jove defensa central destre d\u2019imponent talla i gran capacitat f\u00edsica. \u00c9s expeditiu en defensa i poder\u00f3s en el joc aeri. Destaca per la seua facilitat per a robar la pilota i la seua fortalesa en l\u2019un contra un. Tamb\u00e9 atresora un fant\u00e0stic despla\u00e7ament en llarg. El jove defensa sevill\u00e0 s\u2019ha forjat en les categories inferiors del Real Madrid. En la campanya 2023\/24, va jugar com cedit en el Deportivo Alav\u00e9s, on es va erigir en una pe\u00e7a clau de l\u2019equip, disputant 42 partits oficials en l\u2019elit del futbol espanyol. Despr\u00e9s del seu fant\u00e0stic rendiment en el conjunt babazorro, Mar\u00edn va recalar en el SSC Napoli, conjunt amb el qual tan sols va jugar sis partits durant la passada campanya, malgrat proclamar-se campi\u00f3 de la S\u00e8rie A.","url":"","background_image":"","images":[],"videos":[],"links":[]}]},"excerpt":{"rendered":"El defensa sevill\u00e0 jugar\u00e0 cedit en el Submar\u00ed durant la temporada 2025\/26","protected":false},"author":25,"featured_media":595470,"comment_status":"closed","ping_status":"closed","sticky":false,"template":"","format":"standard","meta":{"_acf_changed":false,"footnotes":""},"categories":[13493],"tags":[10059,717,9270,9278,16512,716,13885,9205,9627,9203],"acf":null,"lang":"val","translations":{"es":595467,"val":595472,"en":595477},"essential_grid":{"has_grid":false},"formatted_date":"July 3, 2025","modified_date":"July 3, 2025","permalink":"https:\/\/villarrealcf.es\/val\/rafa-marin-ya-es-groguet\/","reading_time":1,"featured_media_data":{"id":595470,"title":"Rafa Marin","caption":"","alt_text":"","description":"","mime_type":"image\/jpeg","source_url":"https:\/\/villarrealcf.es\/wp-content\/uploads\/2025\/07\/Rafa-Marin.jpg","sizes":{"thumbnail":{"url":"https:\/\/villarrealcf.es\/wp-content\/uploads\/2025\/07\/Rafa-Marin.jpg","width":1920,"height":1080},"medium":{"url":"https:\/\/villarrealcf.es\/wp-content\/uploads\/2025\/07\/Rafa-Marin.jpg","width":1920,"height":1080},"medium_large":{"url":"https:\/\/villarrealcf.es\/wp-content\/uploads\/2025\/07\/Rafa-Marin-768x432.jpg","width":768,"height":432},"large":{"url":"https:\/\/villarrealcf.es\/wp-content\/uploads\/2025\/07\/Rafa-Marin.jpg","width":788,"height":443},"1536x1536":{"url":"https:\/\/villarrealcf.es\/wp-content\/uploads\/2025\/07\/Rafa-Marin-1536x864.jpg","width":1536,"height":864},"2048x2048":{"url":"https:\/\/villarrealcf.es\/wp-content\/uploads\/2025\/07\/Rafa-Marin.jpg","width":1920,"height":1080},"tp-image-grid":{"url":"https:\/\/villarrealcf.es\/wp-content\/uploads\/2025\/07\/Rafa-Marin-700x700.jpg","width":700,"height":700},"size-bunyad-medium":{"url":"https:\/\/villarrealcf.es\/wp-content\/uploads\/2025\/07\/Rafa-Marin.jpg","width":1920,"height":1080},"sportspress-crop-medium":{"url":"https:\/\/villarrealcf.es\/wp-content\/uploads\/2025\/07\/Rafa-Marin-300x300.jpg","width":300,"height":300},"sportspress-fit-medium":{"url":"https:\/\/villarrealcf.es\/wp-content\/uploads\/2025\/07\/Rafa-Marin-300x169.jpg","width":300,"height":169},"sportspress-fit-icon":{"url":"https:\/\/villarrealcf.es\/wp-content\/uploads\/2025\/07\/Rafa-Marin-128x72.jpg","width":128,"height":72},"sportspress-fit-mini":{"url":"https:\/\/villarrealcf.es\/wp-content\/uploads\/2025\/07\/Rafa-Marin-32x18.jpg","width":32,"height":18},"bunyad-small":{"url":"https:\/\/villarrealcf.es\/wp-content\/uploads\/2025\/07\/Rafa-Marin-150x84.jpg","width":150,"height":84},"bunyad-medium":{"url":"https:\/\/villarrealcf.es\/wp-content\/uploads\/2025\/07\/Rafa-Marin-450x253.jpg","width":450,"height":253},"bunyad-full":{"url":"https:\/\/villarrealcf.es\/wp-content\/uploads\/2025\/07\/Rafa-Marin-1200x675.jpg","width":1200,"height":675},"bunyad-viewport":{"url":"https:\/\/villarrealcf.es\/wp-content\/uploads\/2025\/07\/Rafa-Marin.jpg","width":1920,"height":1080},"bunyad-768":{"url":"https:\/\/villarrealcf.es\/wp-content\/uploads\/2025\/07\/Rafa-Marin-768x432.jpg","width":768,"height":432},"full":{"url":"https:\/\/villarrealcf.es\/wp-content\/uploads\/2025\/07\/Rafa-Marin.jpg","width":1920,"height":1080}}},"author_data":{"id":"25","name":"Javier Ayuso","first_name":"Javier","last_name":"Ayuso","description":"","avatar_url":"https:\/\/secure.gravatar.com\/avatar\/fcf8894be45988fcce5bbff0efe1790d2a7f4ba57e2c7c898f5068154e696495?s=96&d=mm&r=g","acf":null},"taxonomies_data":{"category":[{"id":13493,"name":"Primer equip","slug":"primer-equip","acf":null}],"post_tag":[{"id":10059,"name":"Fichaje","slug":"fichaje-val","acf":null},{"id":717,"name":"Football","slug":"football-d34","acf":null},{"id":9270,"name":"Futbol","slug":"futbol-val","acf":null},{"id":9278,"name":"primera division","slug":"primera-division-val","acf":null},{"id":16512,"name":"Rafa Mar\u00edn","slug":"rafa-marin-val","acf":null},{"id":716,"name":"Soccer","slug":"soccer-d105","acf":null},{"id":13885,"name":"SSC N\u00e1poles","slug":"ssc-napoles-val","acf":null},{"id":9205,"name":"Submarino","slug":"submarino-val","acf":null},{"id":9627,"name":"Submarino Amarillo","slug":"submarino-amarillo-val","acf":null},{"id":9203,"name":"Villarreal CF","slug":"villarreal-cf-val","acf":null}],"translation_priority":[{"id":735,"name":"Optional","slug":"optional-val","acf":null}]},"seo_full":{"native":{"title":"Rafa Mar\u00edn ja \u00e9s groguet - Web Oficial del Villarreal CF","description":"El defensa sevill\u00e0 jugar\u00e0 cedit en el Submar\u00ed durant la temporada 2025\/26","canonical":"https:\/\/villarrealcf.es\/val\/rafa-marin-ya-es-groguet\/"}},"_links":{"self":[{"href":"https:\/\/villarrealcf.es\/val\/wp-json\/wp\/v2\/posts\/595472","targetHints":{"allow":["GET"]}}],"collection":[{"href":"https:\/\/villarrealcf.es\/val\/wp-json\/wp\/v2\/posts"}],"about":[{"href":"https:\/\/villarrealcf.es\/val\/wp-json\/wp\/v2\/types\/post"}],"author":[{"embeddable":true,"href":"https:\/\/villarrealcf.es\/val\/wp-json\/wp\/v2\/users\/25"}],"replies":[{"embeddable":true,"href":"https:\/\/villarrealcf.es\/val\/wp-json\/wp\/v2\/comments?post=595472"}],"version-history":[{"count":0,"href":"https:\/\/villarrealcf.es\/val\/wp-json\/wp\/v2\/posts\/595472\/revisions"}],"wp:featuredmedia":[{"embeddable":true,"href":"https:\/\/villarrealcf.es\/val\/wp-json\/wp\/v2\/media\/595470"}],"wp:attachment":[{"href":"https:\/\/villarrealcf.es\/val\/wp-json\/wp\/v2\/media?parent=595472"}],"wp:term":[{"taxonomy":"category","embeddable":true,"href":"https:\/\/villarrealcf.es\/val\/wp-json\/wp\/v2\/categories?post=595472"},{"taxonomy":"post_tag","embeddable":true,"href":"https:\/\/villarrealcf.es\/val\/wp-json\/wp\/v2\/tags?post=595472"}],"curies":[{"name":"wp","href":"https:\/\/api.w.org\/{rel}","templated":true}]}}