{"id":595234,"date":"2025-07-01T12:31:57","date_gmt":"2025-07-01T10:31:57","guid":{"rendered":"https:\/\/villarrealcf.es\/los-cinco-goleadores-mas-jovenes-de-la-historia-del-villarreal-en-primera-division\/"},"modified":"2025-07-01T12:37:54","modified_gmt":"2025-07-01T10:37:54","slug":"los-cinco-goleadores-mas-jovenes-de-la-historia-del-villarreal-en-primera-division","status":"publish","type":"post","link":"https:\/\/villarrealcf.es\/val\/los-cinco-goleadores-mas-jovenes-de-la-historia-del-villarreal-en-primera-division\/","title":{"rendered":"Els cinc golejadors m\u00e9s j\u00f3vens de la hist\u00f2ria del Villarreal en Primera Divisi\u00f3"},"content":{"protected":false,"blocks":[{"type":"heading","level":2,"text":"Xisco Nadal lidera este curi\u00f3s llistat de preco\u00e7os talents groguets"},{"type":"paragraph","text":"Quins s\u00f3n els cinc golejadors m\u00e9s j\u00f3vens de la hist\u00f2ria del Villarreal CF en Primera Divisi\u00f3? Xisco Nadal lidera esta llista de preco\u00e7os talents groguets."},{"type":"paragraph","text":"Descobreix-ho ara mateix \ud83d\udc47\ud83c\udffb!"},{"type":"video","kind":"iframe","url":"https:\/\/www.youtube.com\/embed\/Kjz7kXinhkY?feature=oembed","poster":""}],"structured":{"summary":{"text":"Xisco Nadal lidera este curi\u00f3s llistat de preco\u00e7os talents groguets Quins s\u00f3n els cinc golejadors m\u00e9s j\u00f3vens de la hist\u00f2ria del Villarreal CF en Primera Divisi\u00f3? Xisco Nadal lidera esta llista de preco\u00e7os talents groguets. Descobreix-ho ara mateix \ud83d\udc47\ud83c\udffb!","headings":[{"type":"heading","level":2,"text":"Xisco Nadal lidera este curi\u00f3s llistat de preco\u00e7os talents groguets"}],"buttons":[],"images":[],"counts":{"blocks":4,"headings":1,"texts":2,"buttons":0,"images":0}},"sections":[{"id":"section-1","title":"Xisco Nadal lidera este curi\u00f3s llistat de preco\u00e7os talents groguets","text":"Xisco Nadal lidera este curi\u00f3s llistat de preco\u00e7os talents groguets Quins s\u00f3n els cinc golejadors m\u00e9s j\u00f3vens de la hist\u00f2ria del Villarreal CF en Primera Divisi\u00f3? Xisco Nadal lidera esta llista de preco\u00e7os talents groguets. Descobreix-ho ara mateix \ud83d\udc47\ud83c\udffb!","headings":[{"type":"heading","level":2,"text":"Xisco Nadal lidera este curi\u00f3s llistat de preco\u00e7os talents groguets"}],"texts":[{"type":"paragraph","text":"Quins s\u00f3n els cinc golejadors m\u00e9s j\u00f3vens de la hist\u00f2ria del Villarreal CF en Primera Divisi\u00f3? Xisco Nadal lidera esta llista de preco\u00e7os talents groguets."},{"type":"paragraph","text":"Descobreix-ho ara mateix \ud83d\udc47\ud83c\udffb!"}],"buttons":[],"images":[],"widgets":[],"blocks":[{"type":"heading","level":2,"text":"Xisco Nadal lidera este curi\u00f3s llistat de preco\u00e7os talents groguets"},{"type":"paragraph","text":"Quins s\u00f3n els cinc golejadors m\u00e9s j\u00f3vens de la hist\u00f2ria del Villarreal CF en Primera Divisi\u00f3? Xisco Nadal lidera esta llista de preco\u00e7os talents groguets."},{"type":"paragraph","text":"Descobreix-ho ara mateix \ud83d\udc47\ud83c\udffb!"},{"type":"video","kind":"iframe","url":"https:\/\/www.youtube.com\/embed\/Kjz7kXinhkY?feature=oembed","poster":""}]}],"hero":{"id":"section-1","title":"Xisco Nadal lidera este curi\u00f3s llistat de preco\u00e7os talents groguets","text":"Xisco Nadal lidera este curi\u00f3s llistat de preco\u00e7os talents groguets Quins s\u00f3n els cinc golejadors m\u00e9s j\u00f3vens de la hist\u00f2ria del Villarreal CF en Primera Divisi\u00f3? Xisco Nadal lidera esta llista de preco\u00e7os talents groguets. Descobreix-ho ara mateix \ud83d\udc47\ud83c\udffb!","headings":[{"type":"heading","level":2,"text":"Xisco Nadal lidera este curi\u00f3s llistat de preco\u00e7os talents groguets"}],"texts":[{"type":"paragraph","text":"Quins s\u00f3n els cinc golejadors m\u00e9s j\u00f3vens de la hist\u00f2ria del Villarreal CF en Primera Divisi\u00f3? Xisco Nadal lidera esta llista de preco\u00e7os talents groguets."},{"type":"paragraph","text":"Descobreix-ho ara mateix \ud83d\udc47\ud83c\udffb!"}],"buttons":[],"images":[],"widgets":[],"blocks":[{"type":"heading","level":2,"text":"Xisco Nadal lidera este curi\u00f3s llistat de preco\u00e7os talents groguets"},{"type":"paragraph","text":"Quins s\u00f3n els cinc golejadors m\u00e9s j\u00f3vens de la hist\u00f2ria del Villarreal CF en Primera Divisi\u00f3? Xisco Nadal lidera esta llista de preco\u00e7os talents groguets."},{"type":"paragraph","text":"Descobreix-ho ara mateix \ud83d\udc47\ud83c\udffb!"},{"type":"video","kind":"iframe","url":"https:\/\/www.youtube.com\/embed\/Kjz7kXinhkY?feature=oembed","poster":""}]}},"sections":[{"id":"section-1","title":"Xisco Nadal lidera este curi\u00f3s llistat de preco\u00e7os talents groguets","text":"Xisco Nadal lidera este curi\u00f3s llistat de preco\u00e7os talents groguets Quins s\u00f3n els cinc golejadors m\u00e9s j\u00f3vens de la hist\u00f2ria del Villarreal CF en Primera Divisi\u00f3? Xisco Nadal lidera esta llista de preco\u00e7os talents groguets. Descobreix-ho ara mateix \ud83d\udc47\ud83c\udffb!","url":"","background_image":"","images":[],"videos":[{"type":"video","kind":"iframe","url":"https:\/\/www.youtube.com\/embed\/Kjz7kXinhkY?feature=oembed","poster":""}],"links":[]}]},"excerpt":{"rendered":"Xisco Nadal lidera este curi\u00f3s llistat de preco\u00e7os talents groguets","protected":false},"author":25,"featured_media":595231,"comment_status":"closed","ping_status":"closed","sticky":false,"template":"","format":"standard","meta":{"_acf_changed":false,"footnotes":""},"categories":[13493],"tags":[15684,16497,717,9270,16498,9278,716,9205,9627,9203,11320,12622],"acf":null,"lang":"val","translations":{"es":595227,"en":595233,"val":595234},"essential_grid":{"has_grid":false},"formatted_date":"July 1, 2025","modified_date":"July 1, 2025","permalink":"https:\/\/villarrealcf.es\/val\/los-cinco-goleadores-mas-jovenes-de-la-historia-del-villarreal-en-primera-division\/","reading_time":1,"featured_media_data":{"id":595231,"title":"XiscoNadal","caption":"","alt_text":"","description":"","mime_type":"image\/jpeg","source_url":"https:\/\/villarrealcf.es\/wp-content\/uploads\/2025\/07\/XiscoNadal.jpg","sizes":{"thumbnail":{"url":"https:\/\/villarrealcf.es\/wp-content\/uploads\/2025\/07\/XiscoNadal.jpg","width":1920,"height":1079},"medium":{"url":"https:\/\/villarrealcf.es\/wp-content\/uploads\/2025\/07\/XiscoNadal.jpg","width":1920,"height":1079},"medium_large":{"url":"https:\/\/villarrealcf.es\/wp-content\/uploads\/2025\/07\/XiscoNadal-768x432.jpg","width":768,"height":432},"large":{"url":"https:\/\/villarrealcf.es\/wp-content\/uploads\/2025\/07\/XiscoNadal.jpg","width":788,"height":443},"1536x1536":{"url":"https:\/\/villarrealcf.es\/wp-content\/uploads\/2025\/07\/XiscoNadal-1536x863.jpg","width":1536,"height":863},"2048x2048":{"url":"https:\/\/villarrealcf.es\/wp-content\/uploads\/2025\/07\/XiscoNadal.jpg","width":1920,"height":1079},"tp-image-grid":{"url":"https:\/\/villarrealcf.es\/wp-content\/uploads\/2025\/07\/XiscoNadal-700x700.jpg","width":700,"height":700},"size-bunyad-medium":{"url":"https:\/\/villarrealcf.es\/wp-content\/uploads\/2025\/07\/XiscoNadal.jpg","width":1920,"height":1079},"sportspress-crop-medium":{"url":"https:\/\/villarrealcf.es\/wp-content\/uploads\/2025\/07\/XiscoNadal-300x300.jpg","width":300,"height":300},"sportspress-fit-medium":{"url":"https:\/\/villarrealcf.es\/wp-content\/uploads\/2025\/07\/XiscoNadal-300x169.jpg","width":300,"height":169},"sportspress-fit-icon":{"url":"https:\/\/villarrealcf.es\/wp-content\/uploads\/2025\/07\/XiscoNadal-128x72.jpg","width":128,"height":72},"sportspress-fit-mini":{"url":"https:\/\/villarrealcf.es\/wp-content\/uploads\/2025\/07\/XiscoNadal-32x18.jpg","width":32,"height":18},"bunyad-small":{"url":"https:\/\/villarrealcf.es\/wp-content\/uploads\/2025\/07\/XiscoNadal-150x84.jpg","width":150,"height":84},"bunyad-medium":{"url":"https:\/\/villarrealcf.es\/wp-content\/uploads\/2025\/07\/XiscoNadal-450x253.jpg","width":450,"height":253},"bunyad-full":{"url":"https:\/\/villarrealcf.es\/wp-content\/uploads\/2025\/07\/XiscoNadal-1200x674.jpg","width":1200,"height":674},"bunyad-viewport":{"url":"https:\/\/villarrealcf.es\/wp-content\/uploads\/2025\/07\/XiscoNadal.jpg","width":1920,"height":1079},"bunyad-768":{"url":"https:\/\/villarrealcf.es\/wp-content\/uploads\/2025\/07\/XiscoNadal-768x432.jpg","width":768,"height":432},"full":{"url":"https:\/\/villarrealcf.es\/wp-content\/uploads\/2025\/07\/XiscoNadal.jpg","width":1920,"height":1079}}},"author_data":{"id":"25","name":"Javier Ayuso","first_name":"Javier","last_name":"Ayuso","description":"","avatar_url":"https:\/\/secure.gravatar.com\/avatar\/fcf8894be45988fcce5bbff0efe1790d2a7f4ba57e2c7c898f5068154e696495?s=96&d=mm&r=g","acf":null},"taxonomies_data":{"category":[{"id":13493,"name":"Primer equip","slug":"primer-equip","acf":null}],"post_tag":[{"id":15684,"name":"C\u00e9sar Arzo","slug":"cesar-arzo-val","acf":null},{"id":16497,"name":"Fer Ni\u00f1o","slug":"fer-nino-2-val-2","acf":null},{"id":717,"name":"Football","slug":"football-d34","acf":null},{"id":9270,"name":"Futbol","slug":"futbol-val","acf":null},{"id":16498,"name":"Jozy Altidore","slug":"jozy-altidore-val","acf":null},{"id":9278,"name":"primera division","slug":"primera-division-val","acf":null},{"id":716,"name":"Soccer","slug":"soccer-d105","acf":null},{"id":9205,"name":"Submarino","slug":"submarino-val","acf":null},{"id":9627,"name":"Submarino Amarillo","slug":"submarino-amarillo-val","acf":null},{"id":9203,"name":"Villarreal CF","slug":"villarreal-cf-val","acf":null},{"id":11320,"name":"Xisco Nadal","slug":"xisco-nadal-val","acf":null},{"id":12622,"name":"Yeremy Pino","slug":"yeremy-pino-val","acf":null}],"translation_priority":[{"id":735,"name":"Optional","slug":"optional-val","acf":null}]},"seo_full":{"native":{"title":"Els cinc golejadors m\u00e9s j\u00f3vens de la hist\u00f2ria del Villarreal en Primera Divisi\u00f3 - Web Oficial del Villarreal CF","description":"Xisco Nadal lidera este curi\u00f3s llistat de preco\u00e7os talents groguets","canonical":"https:\/\/villarrealcf.es\/val\/los-cinco-goleadores-mas-jovenes-de-la-historia-del-villarreal-en-primera-division\/"}},"_links":{"self":[{"href":"https:\/\/villarrealcf.es\/val\/wp-json\/wp\/v2\/posts\/595234","targetHints":{"allow":["GET"]}}],"collection":[{"href":"https:\/\/villarrealcf.es\/val\/wp-json\/wp\/v2\/posts"}],"about":[{"href":"https:\/\/villarrealcf.es\/val\/wp-json\/wp\/v2\/types\/post"}],"author":[{"embeddable":true,"href":"https:\/\/villarrealcf.es\/val\/wp-json\/wp\/v2\/users\/25"}],"replies":[{"embeddable":true,"href":"https:\/\/villarrealcf.es\/val\/wp-json\/wp\/v2\/comments?post=595234"}],"version-history":[{"count":0,"href":"https:\/\/villarrealcf.es\/val\/wp-json\/wp\/v2\/posts\/595234\/revisions"}],"wp:featuredmedia":[{"embeddable":true,"href":"https:\/\/villarrealcf.es\/val\/wp-json\/wp\/v2\/media\/595231"}],"wp:attachment":[{"href":"https:\/\/villarrealcf.es\/val\/wp-json\/wp\/v2\/media?parent=595234"}],"wp:term":[{"taxonomy":"category","embeddable":true,"href":"https:\/\/villarrealcf.es\/val\/wp-json\/wp\/v2\/categories?post=595234"},{"taxonomy":"post_tag","embeddable":true,"href":"https:\/\/villarrealcf.es\/val\/wp-json\/wp\/v2\/tags?post=595234"}],"curies":[{"name":"wp","href":"https:\/\/api.w.org\/{rel}","templated":true}]}}