{"id":595089,"date":"2025-07-02T14:47:00","date_gmt":"2025-07-02T12:47:00","guid":{"rendered":"https:\/\/villarrealcf.es\/comunicado-oficial-alex-baena-2\/"},"modified":"2025-07-02T15:21:06","modified_gmt":"2025-07-02T13:21:06","slug":"comunicat-oficial-alex-baena-traspas","status":"publish","type":"post","link":"https:\/\/villarrealcf.es\/val\/comunicat-oficial-alex-baena-traspas\/","title":{"rendered":"Comunicat oficial: \u00c1lex Baena"},"content":{"protected":false,"blocks":[{"type":"heading","level":2,"text":"El Villarreal CF ha acordat amb l\u2019Atl\u00e9tico de Madrid el trasp\u00e0s del futbolista d\u2019Almeria"},{"type":"paragraph","text":"El Villarreal CF i l\u2019Atl\u00e9tico de Madrid han aconseguit un acord de trasp\u00e0s per \u00c1lex Baena, que jugar\u00e0 en l\u2019equip blanc-i-vermell a partir de la temporada 2025\/26."},{"type":"paragraph","text":"D\u2019esta manera, el futbolista d\u2019Almeria diu adeu a la qual ha sigut la seua casa durant els \u00faltims 13 anys, on s\u2019ha forjat com a futbolista, ha guanyat la UEFA Europa League i s\u2019ha convertit en un jugador de primer nivell, consolidant-se com a internacional amb la Selecci\u00f3 Espanyola."},{"type":"paragraph","text":"El seu pas pel Villarreal va comen\u00e7ar en 2012, quan va recalar en el club per a formar-se en les categories inferiors. Despr\u00e9s de complir totes les etapes des d\u2019alevins, va fer el salt al primer equip, on es va destapar com un excepcional talent. Va debutar en la campanya 2019\/20 i a l\u2019any seg\u00fcent va formar part de l\u2019hist\u00f2ric grup que va al\u00e7ar el t\u00edtol de la UEFA Europa League."},{"type":"paragraph","text":"Des de llavors, el migcampista de Roquetas de Mar ha anat creixent fins a convertir-se en un futbolista molt important per al Villarreal CF. En els \u00faltims anys, ha sigut un dels m\u00e0xims assistents de les principals lligues europees i s\u2019ha fet un lloc en la Selecci\u00f3 Espanyola, amb la qual l\u2019any passat va guanyar l\u2019Eurocopa i els JJOO de Par\u00eds."},{"type":"paragraph","text":"Durant la passada campanya, va ser una pe\u00e7a clau per a la classificaci\u00f3 del Submar\u00ed a la UEFA Champions League."},{"type":"paragraph","text":"El club li agra\u00efx el seu lliurament, dedicaci\u00f3 i professionalitat durant la seua llarga i exitosa etapa com a futbolista groguet. Tamb\u00e9 el seu comprom\u00eds per haver def\u00e9s amb el m\u00e0xim orgull i passi\u00f3 els colors del Villarreal CF. Per tot aix\u00f2, l\u2019entitat li desitja la major de les sorts en la seua nova aventura professional."},{"type":"paragraph","text":"Esta sempre ser\u00e0 la teua casa, \u00c1lex."},{"type":"video","kind":"iframe","url":"https:\/\/www.youtube.com\/embed\/wSEmxqEZpDU?feature=oembed","poster":""}],"structured":{"summary":{"text":"El Villarreal CF ha acordat amb l\u2019Atl\u00e9tico de Madrid el trasp\u00e0s del futbolista d\u2019Almeria El Villarreal CF i l\u2019Atl\u00e9tico de Madrid han aconseguit un acord de trasp\u00e0s per \u00c1lex Baena, que jugar\u00e0 en l\u2019equip blanc-i-vermell a partir de la temporada 2025\/26. D\u2019esta manera, el futbolista d\u2019Almeria diu adeu a la qual ha sigut la seua casa durant els \u00faltims 13 anys, on s\u2019ha forjat com a futbolista, ha guanyat la UEFA Europa League i s\u2019ha convertit en un jugador de primer nivell, consolidant-se com a internacional amb la Selecci\u00f3 Espanyola. El seu pas pel Villarreal va comen\u00e7ar en 2012, quan va recalar en el club per a formar-se en les categories inferiors. Despr\u00e9s de complir totes les etapes des d\u2019alevins, va fer el salt al primer equip, on es va destapar com un excepcional talent. Va debutar en la campanya 2019\/20 i a l\u2019any seg\u00fcent va formar part de l\u2019hist\u00f2ric grup que va al\u00e7ar el t\u00edtol de la UEFA Europa League. Des de llavors, el migcampista de Roquetas de Mar ha anat creixent fins a convertir-se en un futbolista molt important per al Villarreal CF. En els \u00faltims anys, ha sigut un dels m\u00e0xims assistents de les principals lligues europees i s\u2019ha fet un lloc en la Selecci\u00f3 Espanyola, amb la qual l\u2019any passat va guanyar l\u2019Eurocopa i els JJOO de Par\u00eds. Durant la passada campanya, va ser una pe\u00e7a clau per a la classificaci\u00f3 del Submar\u00ed a la UEFA Champions League. El club li agra\u00efx el seu lliurament, dedicaci\u00f3 i professionalitat durant la seua llarga i exitosa etapa com a futbolista groguet. Tamb\u00e9 el seu comprom\u00eds per haver def\u00e9s amb el m\u00e0xim orgull i passi\u00f3 els colors del Villarreal CF. Per tot aix\u00f2, l\u2019entitat li desitja la major de les sorts en la seua nova aventura professional. Esta sempre ser\u00e0 la teua casa, \u00c1lex.","headings":[{"type":"heading","level":2,"text":"El Villarreal CF ha acordat amb l\u2019Atl\u00e9tico de Madrid el trasp\u00e0s del futbolista d\u2019Almeria"}],"buttons":[],"images":[],"counts":{"blocks":9,"headings":1,"texts":7,"buttons":0,"images":0}},"sections":[{"id":"section-1","title":"El Villarreal CF ha acordat amb l\u2019Atl\u00e9tico de Madrid el trasp\u00e0s del futbolista d\u2019Almeria","text":"El Villarreal CF ha acordat amb l\u2019Atl\u00e9tico de Madrid el trasp\u00e0s del futbolista d\u2019Almeria El Villarreal CF i l\u2019Atl\u00e9tico de Madrid han aconseguit un acord de trasp\u00e0s per \u00c1lex Baena, que jugar\u00e0 en l\u2019equip blanc-i-vermell a partir de la temporada 2025\/26. D\u2019esta manera, el futbolista d\u2019Almeria diu adeu a la qual ha sigut la seua casa durant els \u00faltims 13 anys, on s\u2019ha forjat com a futbolista, ha guanyat la UEFA Europa League i s\u2019ha convertit en un jugador de primer nivell, consolidant-se com a internacional amb la Selecci\u00f3 Espanyola. El seu pas pel Villarreal va comen\u00e7ar en 2012, quan va recalar en el club per a formar-se en les categories inferiors. Despr\u00e9s de complir totes les etapes des d\u2019alevins, va fer el salt al primer equip, on es va destapar com un excepcional talent. Va debutar en la campanya 2019\/20 i a l\u2019any seg\u00fcent va formar part de l\u2019hist\u00f2ric grup que va al\u00e7ar el t\u00edtol de la UEFA Europa League. Des de llavors, el migcampista de Roquetas de Mar ha anat creixent fins a convertir-se en un futbolista molt important per al Villarreal CF. En els \u00faltims anys, ha sigut un dels m\u00e0xims assistents de les principals lligues europees i s\u2019ha fet un lloc en la Selecci\u00f3 Espanyola, amb la qual l\u2019any passat va guanyar l\u2019Eurocopa i els JJOO de Par\u00eds. Durant la passada campanya, va ser una pe\u00e7a clau per a la classificaci\u00f3 del Submar\u00ed a la UEFA Champions League. El club li agra\u00efx el seu lliurament, dedicaci\u00f3 i professionalitat durant la seua llarga i exitosa etapa com a futbolista groguet. Tamb\u00e9 el seu comprom\u00eds per haver def\u00e9s amb el m\u00e0xim orgull i passi\u00f3 els colors del Villarreal CF. Per tot aix\u00f2, l\u2019entitat li desitja la major de les sorts en la seua nova aventura professional. Esta sempre ser\u00e0 la teua casa, \u00c1lex.","headings":[{"type":"heading","level":2,"text":"El Villarreal CF ha acordat amb l\u2019Atl\u00e9tico de Madrid el trasp\u00e0s del futbolista d\u2019Almeria"}],"texts":[{"type":"paragraph","text":"El Villarreal CF i l\u2019Atl\u00e9tico de Madrid han aconseguit un acord de trasp\u00e0s per \u00c1lex Baena, que jugar\u00e0 en l\u2019equip blanc-i-vermell a partir de la temporada 2025\/26."},{"type":"paragraph","text":"D\u2019esta manera, el futbolista d\u2019Almeria diu adeu a la qual ha sigut la seua casa durant els \u00faltims 13 anys, on s\u2019ha forjat com a futbolista, ha guanyat la UEFA Europa League i s\u2019ha convertit en un jugador de primer nivell, consolidant-se com a internacional amb la Selecci\u00f3 Espanyola."},{"type":"paragraph","text":"El seu pas pel Villarreal va comen\u00e7ar en 2012, quan va recalar en el club per a formar-se en les categories inferiors. Despr\u00e9s de complir totes les etapes des d\u2019alevins, va fer el salt al primer equip, on es va destapar com un excepcional talent. Va debutar en la campanya 2019\/20 i a l\u2019any seg\u00fcent va formar part de l\u2019hist\u00f2ric grup que va al\u00e7ar el t\u00edtol de la UEFA Europa League."},{"type":"paragraph","text":"Des de llavors, el migcampista de Roquetas de Mar ha anat creixent fins a convertir-se en un futbolista molt important per al Villarreal CF. En els \u00faltims anys, ha sigut un dels m\u00e0xims assistents de les principals lligues europees i s\u2019ha fet un lloc en la Selecci\u00f3 Espanyola, amb la qual l\u2019any passat va guanyar l\u2019Eurocopa i els JJOO de Par\u00eds."},{"type":"paragraph","text":"Durant la passada campanya, va ser una pe\u00e7a clau per a la classificaci\u00f3 del Submar\u00ed a la UEFA Champions League."},{"type":"paragraph","text":"El club li agra\u00efx el seu lliurament, dedicaci\u00f3 i professionalitat durant la seua llarga i exitosa etapa com a futbolista groguet. Tamb\u00e9 el seu comprom\u00eds per haver def\u00e9s amb el m\u00e0xim orgull i passi\u00f3 els colors del Villarreal CF. Per tot aix\u00f2, l\u2019entitat li desitja la major de les sorts en la seua nova aventura professional."},{"type":"paragraph","text":"Esta sempre ser\u00e0 la teua casa, \u00c1lex."}],"buttons":[],"images":[],"widgets":[],"blocks":[{"type":"heading","level":2,"text":"El Villarreal CF ha acordat amb l\u2019Atl\u00e9tico de Madrid el trasp\u00e0s del futbolista d\u2019Almeria"},{"type":"paragraph","text":"El Villarreal CF i l\u2019Atl\u00e9tico de Madrid han aconseguit un acord de trasp\u00e0s per \u00c1lex Baena, que jugar\u00e0 en l\u2019equip blanc-i-vermell a partir de la temporada 2025\/26."},{"type":"paragraph","text":"D\u2019esta manera, el futbolista d\u2019Almeria diu adeu a la qual ha sigut la seua casa durant els \u00faltims 13 anys, on s\u2019ha forjat com a futbolista, ha guanyat la UEFA Europa League i s\u2019ha convertit en un jugador de primer nivell, consolidant-se com a internacional amb la Selecci\u00f3 Espanyola."},{"type":"paragraph","text":"El seu pas pel Villarreal va comen\u00e7ar en 2012, quan va recalar en el club per a formar-se en les categories inferiors. Despr\u00e9s de complir totes les etapes des d\u2019alevins, va fer el salt al primer equip, on es va destapar com un excepcional talent. Va debutar en la campanya 2019\/20 i a l\u2019any seg\u00fcent va formar part de l\u2019hist\u00f2ric grup que va al\u00e7ar el t\u00edtol de la UEFA Europa League."},{"type":"paragraph","text":"Des de llavors, el migcampista de Roquetas de Mar ha anat creixent fins a convertir-se en un futbolista molt important per al Villarreal CF. En els \u00faltims anys, ha sigut un dels m\u00e0xims assistents de les principals lligues europees i s\u2019ha fet un lloc en la Selecci\u00f3 Espanyola, amb la qual l\u2019any passat va guanyar l\u2019Eurocopa i els JJOO de Par\u00eds."},{"type":"paragraph","text":"Durant la passada campanya, va ser una pe\u00e7a clau per a la classificaci\u00f3 del Submar\u00ed a la UEFA Champions League."},{"type":"paragraph","text":"El club li agra\u00efx el seu lliurament, dedicaci\u00f3 i professionalitat durant la seua llarga i exitosa etapa com a futbolista groguet. Tamb\u00e9 el seu comprom\u00eds per haver def\u00e9s amb el m\u00e0xim orgull i passi\u00f3 els colors del Villarreal CF. Per tot aix\u00f2, l\u2019entitat li desitja la major de les sorts en la seua nova aventura professional."},{"type":"paragraph","text":"Esta sempre ser\u00e0 la teua casa, \u00c1lex."},{"type":"video","kind":"iframe","url":"https:\/\/www.youtube.com\/embed\/wSEmxqEZpDU?feature=oembed","poster":""}]}],"hero":{"id":"section-1","title":"El Villarreal CF ha acordat amb l\u2019Atl\u00e9tico de Madrid el trasp\u00e0s del futbolista d\u2019Almeria","text":"El Villarreal CF ha acordat amb l\u2019Atl\u00e9tico de Madrid el trasp\u00e0s del futbolista d\u2019Almeria El Villarreal CF i l\u2019Atl\u00e9tico de Madrid han aconseguit un acord de trasp\u00e0s per \u00c1lex Baena, que jugar\u00e0 en l\u2019equip blanc-i-vermell a partir de la temporada 2025\/26. D\u2019esta manera, el futbolista d\u2019Almeria diu adeu a la qual ha sigut la seua casa durant els \u00faltims 13 anys, on s\u2019ha forjat com a futbolista, ha guanyat la UEFA Europa League i s\u2019ha convertit en un jugador de primer nivell, consolidant-se com a internacional amb la Selecci\u00f3 Espanyola. El seu pas pel Villarreal va comen\u00e7ar en 2012, quan va recalar en el club per a formar-se en les categories inferiors. Despr\u00e9s de complir totes les etapes des d\u2019alevins, va fer el salt al primer equip, on es va destapar com un excepcional talent. Va debutar en la campanya 2019\/20 i a l\u2019any seg\u00fcent va formar part de l\u2019hist\u00f2ric grup que va al\u00e7ar el t\u00edtol de la UEFA Europa League. Des de llavors, el migcampista de Roquetas de Mar ha anat creixent fins a convertir-se en un futbolista molt important per al Villarreal CF. En els \u00faltims anys, ha sigut un dels m\u00e0xims assistents de les principals lligues europees i s\u2019ha fet un lloc en la Selecci\u00f3 Espanyola, amb la qual l\u2019any passat va guanyar l\u2019Eurocopa i els JJOO de Par\u00eds. Durant la passada campanya, va ser una pe\u00e7a clau per a la classificaci\u00f3 del Submar\u00ed a la UEFA Champions League. El club li agra\u00efx el seu lliurament, dedicaci\u00f3 i professionalitat durant la seua llarga i exitosa etapa com a futbolista groguet. Tamb\u00e9 el seu comprom\u00eds per haver def\u00e9s amb el m\u00e0xim orgull i passi\u00f3 els colors del Villarreal CF. Per tot aix\u00f2, l\u2019entitat li desitja la major de les sorts en la seua nova aventura professional. Esta sempre ser\u00e0 la teua casa, \u00c1lex.","headings":[{"type":"heading","level":2,"text":"El Villarreal CF ha acordat amb l\u2019Atl\u00e9tico de Madrid el trasp\u00e0s del futbolista d\u2019Almeria"}],"texts":[{"type":"paragraph","text":"El Villarreal CF i l\u2019Atl\u00e9tico de Madrid han aconseguit un acord de trasp\u00e0s per \u00c1lex Baena, que jugar\u00e0 en l\u2019equip blanc-i-vermell a partir de la temporada 2025\/26."},{"type":"paragraph","text":"D\u2019esta manera, el futbolista d\u2019Almeria diu adeu a la qual ha sigut la seua casa durant els \u00faltims 13 anys, on s\u2019ha forjat com a futbolista, ha guanyat la UEFA Europa League i s\u2019ha convertit en un jugador de primer nivell, consolidant-se com a internacional amb la Selecci\u00f3 Espanyola."},{"type":"paragraph","text":"El seu pas pel Villarreal va comen\u00e7ar en 2012, quan va recalar en el club per a formar-se en les categories inferiors. Despr\u00e9s de complir totes les etapes des d\u2019alevins, va fer el salt al primer equip, on es va destapar com un excepcional talent. Va debutar en la campanya 2019\/20 i a l\u2019any seg\u00fcent va formar part de l\u2019hist\u00f2ric grup que va al\u00e7ar el t\u00edtol de la UEFA Europa League."},{"type":"paragraph","text":"Des de llavors, el migcampista de Roquetas de Mar ha anat creixent fins a convertir-se en un futbolista molt important per al Villarreal CF. En els \u00faltims anys, ha sigut un dels m\u00e0xims assistents de les principals lligues europees i s\u2019ha fet un lloc en la Selecci\u00f3 Espanyola, amb la qual l\u2019any passat va guanyar l\u2019Eurocopa i els JJOO de Par\u00eds."},{"type":"paragraph","text":"Durant la passada campanya, va ser una pe\u00e7a clau per a la classificaci\u00f3 del Submar\u00ed a la UEFA Champions League."},{"type":"paragraph","text":"El club li agra\u00efx el seu lliurament, dedicaci\u00f3 i professionalitat durant la seua llarga i exitosa etapa com a futbolista groguet. Tamb\u00e9 el seu comprom\u00eds per haver def\u00e9s amb el m\u00e0xim orgull i passi\u00f3 els colors del Villarreal CF. Per tot aix\u00f2, l\u2019entitat li desitja la major de les sorts en la seua nova aventura professional."},{"type":"paragraph","text":"Esta sempre ser\u00e0 la teua casa, \u00c1lex."}],"buttons":[],"images":[],"widgets":[],"blocks":[{"type":"heading","level":2,"text":"El Villarreal CF ha acordat amb l\u2019Atl\u00e9tico de Madrid el trasp\u00e0s del futbolista d\u2019Almeria"},{"type":"paragraph","text":"El Villarreal CF i l\u2019Atl\u00e9tico de Madrid han aconseguit un acord de trasp\u00e0s per \u00c1lex Baena, que jugar\u00e0 en l\u2019equip blanc-i-vermell a partir de la temporada 2025\/26."},{"type":"paragraph","text":"D\u2019esta manera, el futbolista d\u2019Almeria diu adeu a la qual ha sigut la seua casa durant els \u00faltims 13 anys, on s\u2019ha forjat com a futbolista, ha guanyat la UEFA Europa League i s\u2019ha convertit en un jugador de primer nivell, consolidant-se com a internacional amb la Selecci\u00f3 Espanyola."},{"type":"paragraph","text":"El seu pas pel Villarreal va comen\u00e7ar en 2012, quan va recalar en el club per a formar-se en les categories inferiors. Despr\u00e9s de complir totes les etapes des d\u2019alevins, va fer el salt al primer equip, on es va destapar com un excepcional talent. Va debutar en la campanya 2019\/20 i a l\u2019any seg\u00fcent va formar part de l\u2019hist\u00f2ric grup que va al\u00e7ar el t\u00edtol de la UEFA Europa League."},{"type":"paragraph","text":"Des de llavors, el migcampista de Roquetas de Mar ha anat creixent fins a convertir-se en un futbolista molt important per al Villarreal CF. En els \u00faltims anys, ha sigut un dels m\u00e0xims assistents de les principals lligues europees i s\u2019ha fet un lloc en la Selecci\u00f3 Espanyola, amb la qual l\u2019any passat va guanyar l\u2019Eurocopa i els JJOO de Par\u00eds."},{"type":"paragraph","text":"Durant la passada campanya, va ser una pe\u00e7a clau per a la classificaci\u00f3 del Submar\u00ed a la UEFA Champions League."},{"type":"paragraph","text":"El club li agra\u00efx el seu lliurament, dedicaci\u00f3 i professionalitat durant la seua llarga i exitosa etapa com a futbolista groguet. Tamb\u00e9 el seu comprom\u00eds per haver def\u00e9s amb el m\u00e0xim orgull i passi\u00f3 els colors del Villarreal CF. Per tot aix\u00f2, l\u2019entitat li desitja la major de les sorts en la seua nova aventura professional."},{"type":"paragraph","text":"Esta sempre ser\u00e0 la teua casa, \u00c1lex."},{"type":"video","kind":"iframe","url":"https:\/\/www.youtube.com\/embed\/wSEmxqEZpDU?feature=oembed","poster":""}]}},"sections":[{"id":"section-1","title":"El Villarreal CF ha acordat amb l\u2019Atl\u00e9tico de Madrid el trasp\u00e0s del futbolista d\u2019Almeria","text":"El Villarreal CF ha acordat amb l\u2019Atl\u00e9tico de Madrid el trasp\u00e0s del futbolista d\u2019Almeria El Villarreal CF i l\u2019Atl\u00e9tico de Madrid han aconseguit un acord de trasp\u00e0s per \u00c1lex Baena, que jugar\u00e0 en l\u2019equip blanc-i-vermell a partir de la temporada 2025\/26. D\u2019esta manera, el futbolista d\u2019Almeria diu adeu a la qual ha sigut la seua casa durant els \u00faltims 13 anys, on s\u2019ha forjat com a futbolista, ha guanyat la UEFA Europa League i s\u2019ha convertit en un jugador de primer nivell, consolidant-se com a internacional amb la Selecci\u00f3 Espanyola. El seu pas pel Villarreal va comen\u00e7ar en 2012, quan va recalar en el club per a formar-se en les categories inferiors. Despr\u00e9s de complir totes les etapes des d\u2019alevins, va fer el salt al primer equip, on es va destapar com un excepcional talent. Va debutar en la campanya 2019\/20 i a l\u2019any seg\u00fcent va formar part de l\u2019hist\u00f2ric grup que va al\u00e7ar el t\u00edtol de la UEFA Europa League. Des de llavors, el migcampista de Roquetas de Mar ha anat creixent fins a convertir-se en un futbolista molt important per al Villarreal CF. En els \u00faltims anys, ha sigut un dels m\u00e0xims assistents de les principals lligues europees i s\u2019ha fet un lloc en la Selecci\u00f3 Espanyola, amb la qual l\u2019any passat va guanyar l\u2019Eurocopa i els JJOO de Par\u00eds. Durant la passada campanya, va ser una pe\u00e7a clau per a la classificaci\u00f3 del Submar\u00ed a la UEFA Champions League. El club li agra\u00efx el seu lliurament, dedicaci\u00f3 i professionalitat durant la seua llarga i exitosa etapa com a futbolista groguet. Tamb\u00e9 el seu comprom\u00eds per haver def\u00e9s amb el m\u00e0xim orgull i passi\u00f3 els colors del Villarreal CF. Per tot aix\u00f2, l\u2019entitat li desitja la major de les sorts en la seua nova aventura professional. Esta sempre ser\u00e0 la teua casa, \u00c1lex.","url":"","background_image":"","images":[],"videos":[{"type":"video","kind":"iframe","url":"https:\/\/www.youtube.com\/embed\/wSEmxqEZpDU?feature=oembed","poster":""}],"links":[]}]},"excerpt":{"rendered":"El Villarreal CF ha acordat amb l&#8217;Atl\u00e9tico de Madrid el trasp\u00e0s del futbolista d&#8217;Almeria","protected":false},"author":25,"featured_media":595379,"comment_status":"closed","ping_status":"closed","sticky":false,"template":"","format":"standard","meta":{"_acf_changed":false,"footnotes":""},"categories":[13493],"tags":[14014,9366,10325,717,9270,9227,716,9205,9627,9203],"acf":null,"lang":"val","translations":{"es":595083,"val":595089,"en":595094},"essential_grid":{"has_grid":false},"formatted_date":"July 2, 2025","modified_date":"July 2, 2025","permalink":"https:\/\/villarrealcf.es\/val\/comunicat-oficial-alex-baena-traspas\/","reading_time":2,"featured_media_data":{"id":595379,"title":"ALEX BAENA GOL","caption":"ALEX BAENA GOL","alt_text":"","description":"","mime_type":"image\/jpeg","source_url":"https:\/\/villarrealcf.es\/wp-content\/uploads\/2025\/06\/AlexBaena_Comunicado.jpg","sizes":{"thumbnail":{"url":"https:\/\/villarrealcf.es\/wp-content\/uploads\/2025\/06\/AlexBaena_Comunicado.jpg","width":1920,"height":1080},"medium":{"url":"https:\/\/villarrealcf.es\/wp-content\/uploads\/2025\/06\/AlexBaena_Comunicado.jpg","width":1920,"height":1080},"medium_large":{"url":"https:\/\/villarrealcf.es\/wp-content\/uploads\/2025\/06\/AlexBaena_Comunicado-768x432.jpg","width":768,"height":432},"large":{"url":"https:\/\/villarrealcf.es\/wp-content\/uploads\/2025\/06\/AlexBaena_Comunicado.jpg","width":788,"height":443},"1536x1536":{"url":"https:\/\/villarrealcf.es\/wp-content\/uploads\/2025\/06\/AlexBaena_Comunicado-1536x864.jpg","width":1536,"height":864},"2048x2048":{"url":"https:\/\/villarrealcf.es\/wp-content\/uploads\/2025\/06\/AlexBaena_Comunicado.jpg","width":1920,"height":1080},"tp-image-grid":{"url":"https:\/\/villarrealcf.es\/wp-content\/uploads\/2025\/06\/AlexBaena_Comunicado-700x700.jpg","width":700,"height":700},"size-bunyad-medium":{"url":"https:\/\/villarrealcf.es\/wp-content\/uploads\/2025\/06\/AlexBaena_Comunicado.jpg","width":1920,"height":1080},"sportspress-crop-medium":{"url":"https:\/\/villarrealcf.es\/wp-content\/uploads\/2025\/06\/AlexBaena_Comunicado-300x300.jpg","width":300,"height":300},"sportspress-fit-medium":{"url":"https:\/\/villarrealcf.es\/wp-content\/uploads\/2025\/06\/AlexBaena_Comunicado-300x169.jpg","width":300,"height":169},"sportspress-fit-icon":{"url":"https:\/\/villarrealcf.es\/wp-content\/uploads\/2025\/06\/AlexBaena_Comunicado-128x72.jpg","width":128,"height":72},"sportspress-fit-mini":{"url":"https:\/\/villarrealcf.es\/wp-content\/uploads\/2025\/06\/AlexBaena_Comunicado-32x18.jpg","width":32,"height":18},"bunyad-small":{"url":"https:\/\/villarrealcf.es\/wp-content\/uploads\/2025\/06\/AlexBaena_Comunicado-150x84.jpg","width":150,"height":84},"bunyad-medium":{"url":"https:\/\/villarrealcf.es\/wp-content\/uploads\/2025\/06\/AlexBaena_Comunicado-450x253.jpg","width":450,"height":253},"bunyad-full":{"url":"https:\/\/villarrealcf.es\/wp-content\/uploads\/2025\/06\/AlexBaena_Comunicado-1200x675.jpg","width":1200,"height":675},"bunyad-viewport":{"url":"https:\/\/villarrealcf.es\/wp-content\/uploads\/2025\/06\/AlexBaena_Comunicado.jpg","width":1920,"height":1080},"bunyad-768":{"url":"https:\/\/villarrealcf.es\/wp-content\/uploads\/2025\/06\/AlexBaena_Comunicado-768x432.jpg","width":768,"height":432},"full":{"url":"https:\/\/villarrealcf.es\/wp-content\/uploads\/2025\/06\/AlexBaena_Comunicado.jpg","width":1920,"height":1080}}},"author_data":{"id":"25","name":"Javier Ayuso","first_name":"Javier","last_name":"Ayuso","description":"","avatar_url":"https:\/\/secure.gravatar.com\/avatar\/fcf8894be45988fcce5bbff0efe1790d2a7f4ba57e2c7c898f5068154e696495?s=96&d=mm&r=g","acf":null},"taxonomies_data":{"category":[{"id":13493,"name":"Primer equip","slug":"primer-equip","acf":null}],"post_tag":[{"id":14014,"name":"\u00c1lex Baena","slug":"alex-baena-2-val","acf":null},{"id":9366,"name":"Cantera","slug":"cantera-val","acf":null},{"id":10325,"name":"Cantera Grogueta","slug":"cantera-grogueta-val","acf":null},{"id":717,"name":"Football","slug":"football-d34","acf":null},{"id":9270,"name":"Futbol","slug":"futbol-val","acf":null},{"id":9227,"name":"F\u00fatbol Base","slug":"futbol-base-val","acf":null},{"id":716,"name":"Soccer","slug":"soccer-d105","acf":null},{"id":9205,"name":"Submarino","slug":"submarino-val","acf":null},{"id":9627,"name":"Submarino Amarillo","slug":"submarino-amarillo-val","acf":null},{"id":9203,"name":"Villarreal CF","slug":"villarreal-cf-val","acf":null}],"translation_priority":[{"id":735,"name":"Optional","slug":"optional-val","acf":null}]},"seo_full":{"native":{"title":"Comunicat oficial: \u00c1lex Baena - Web Oficial del Villarreal CF","description":"El Villarreal CF ha acordat amb l'Atl\u00e9tico de Madrid el trasp\u00e0s del futbolista d'Almeria","canonical":"https:\/\/villarrealcf.es\/val\/comunicat-oficial-alex-baena-traspas\/"}},"_links":{"self":[{"href":"https:\/\/villarrealcf.es\/val\/wp-json\/wp\/v2\/posts\/595089","targetHints":{"allow":["GET"]}}],"collection":[{"href":"https:\/\/villarrealcf.es\/val\/wp-json\/wp\/v2\/posts"}],"about":[{"href":"https:\/\/villarrealcf.es\/val\/wp-json\/wp\/v2\/types\/post"}],"author":[{"embeddable":true,"href":"https:\/\/villarrealcf.es\/val\/wp-json\/wp\/v2\/users\/25"}],"replies":[{"embeddable":true,"href":"https:\/\/villarrealcf.es\/val\/wp-json\/wp\/v2\/comments?post=595089"}],"version-history":[{"count":0,"href":"https:\/\/villarrealcf.es\/val\/wp-json\/wp\/v2\/posts\/595089\/revisions"}],"wp:featuredmedia":[{"embeddable":true,"href":"https:\/\/villarrealcf.es\/val\/wp-json\/wp\/v2\/media\/595379"}],"wp:attachment":[{"href":"https:\/\/villarrealcf.es\/val\/wp-json\/wp\/v2\/media?parent=595089"}],"wp:term":[{"taxonomy":"category","embeddable":true,"href":"https:\/\/villarrealcf.es\/val\/wp-json\/wp\/v2\/categories?post=595089"},{"taxonomy":"post_tag","embeddable":true,"href":"https:\/\/villarrealcf.es\/val\/wp-json\/wp\/v2\/tags?post=595089"}],"curies":[{"name":"wp","href":"https:\/\/api.w.org\/{rel}","templated":true}]}}