{"id":594129,"date":"2025-06-17T12:36:50","date_gmt":"2025-06-17T10:36:50","guid":{"rendered":"https:\/\/villarrealcf.es\/alberto-moleiro-ya-es-groguet\/"},"modified":"2025-06-17T13:29:20","modified_gmt":"2025-06-17T11:29:20","slug":"alberto-moleiro-ja-es-groguet","status":"publish","type":"post","link":"https:\/\/villarrealcf.es\/val\/alberto-moleiro-ja-es-groguet\/","title":{"rendered":"Alberto Moleiro ja \u00e9s groguet"},"content":{"protected":false,"blocks":[{"type":"heading","level":2,"text":"El migcampista de Tenerife jugar\u00e0 al Villarreal CF durant les pr\u00f2ximes cinc temporades"},{"type":"paragraph","text":"El Villarreal CF i la UD Las Palmas han aconseguit un acord de trasp\u00e0s per Alberto Moleiro, que jugar\u00e0 com groguet durant les pr\u00f2ximes cinc temporades, fins a juny de 2030."},{"type":"paragraph","text":"En l\u2019actualitat, el migcampista de Tenerife es troba concentrat amb la Selecci\u00f3 Espanyola Sub-21, que est\u00e0 disputant l\u2019Europeu de la categoria a Eslov\u00e0quia."},{"type":"video","kind":"iframe","url":"https:\/\/www.youtube.com\/embed\/m2vT7Ridjgc?feature=oembed","poster":""},{"type":"paragraph","text":"Talent canari per al Submar\u00ed"},{"type":"paragraph","text":"Alberto Moleiro Gonz\u00e1lez (Santa Cruz de Tenerife, 30 de setembre de 2003) \u00e9s un migcampista jove, talent\u00f3s i de gran qualitat. \u00c9s un futbolista destre, amb capacitat per a marcar difer\u00e8ncies a trav\u00e9s de la seua visi\u00f3 de joc i habilitat per a superar l\u00ednies gr\u00e0cies a la seua desborde."},{"type":"paragraph","text":"Pot actuar per la banda esquerra o com mitjapunta. A m\u00e9s del seu profund enteniment del joc, atresora una gran arribada i facilitat per a culminar accions ofensives."},{"type":"paragraph","text":"El de Tenerife, format en les categories inferiors de la UD Las Palmas, ha jugat un total de 147 partits amb el conjunt \u2018p\u00edo-p\u00edo\u2019, marcant 13 gols i repartint 14 assist\u00e8ncies. A m\u00e9s, \u00e9s internacional amb les categories inferiors de la Selecci\u00f3 Espanyola. Ha jugat un total d\u201911 partits amb el combinat Sub-21 i, anteriorment, 8 compromisos amb la Sub-19."},{"type":"paragraph","text":"Benvingut, Moleiro!"}],"structured":{"summary":{"text":"El migcampista de Tenerife jugar\u00e0 al Villarreal CF durant les pr\u00f2ximes cinc temporades El Villarreal CF i la UD Las Palmas han aconseguit un acord de trasp\u00e0s per Alberto Moleiro, que jugar\u00e0 com groguet durant les pr\u00f2ximes cinc temporades, fins a juny de 2030. En l\u2019actualitat, el migcampista de Tenerife es troba concentrat amb la Selecci\u00f3 Espanyola Sub-21, que est\u00e0 disputant l\u2019Europeu de la categoria a Eslov\u00e0quia. Talent canari per al Submar\u00ed Alberto Moleiro Gonz\u00e1lez (Santa Cruz de Tenerife, 30 de setembre de 2003) \u00e9s un migcampista jove, talent\u00f3s i de gran qualitat. \u00c9s un futbolista destre, amb capacitat per a marcar difer\u00e8ncies a trav\u00e9s de la seua visi\u00f3 de joc i habilitat per a superar l\u00ednies gr\u00e0cies a la seua desborde. Pot actuar per la banda esquerra o com mitjapunta. A m\u00e9s del seu profund enteniment del joc, atresora una gran arribada i facilitat per a culminar accions ofensives. El de Tenerife, format en les categories inferiors de la UD Las Palmas, ha jugat un total de 147 partits amb el conjunt \u2018p\u00edo-p\u00edo\u2019, marcant 13 gols i repartint 14 assist\u00e8ncies. A m\u00e9s, \u00e9s internacional amb les categories inferiors de la Selecci\u00f3 Espanyola. Ha jugat un total d\u201911 partits amb el combinat Sub-21 i, anteriorment, 8 compromisos amb la Sub-19. Benvingut, Moleiro!","headings":[{"type":"heading","level":2,"text":"El migcampista de Tenerife jugar\u00e0 al Villarreal CF durant les pr\u00f2ximes cinc temporades"}],"buttons":[],"images":[],"counts":{"blocks":9,"headings":1,"texts":7,"buttons":0,"images":0}},"sections":[{"id":"section-1","title":"El migcampista de Tenerife jugar\u00e0 al Villarreal CF durant les pr\u00f2ximes cinc temporades","text":"El migcampista de Tenerife jugar\u00e0 al Villarreal CF durant les pr\u00f2ximes cinc temporades El Villarreal CF i la UD Las Palmas han aconseguit un acord de trasp\u00e0s per Alberto Moleiro, que jugar\u00e0 com groguet durant les pr\u00f2ximes cinc temporades, fins a juny de 2030. En l\u2019actualitat, el migcampista de Tenerife es troba concentrat amb la Selecci\u00f3 Espanyola Sub-21, que est\u00e0 disputant l\u2019Europeu de la categoria a Eslov\u00e0quia. Talent canari per al Submar\u00ed Alberto Moleiro Gonz\u00e1lez (Santa Cruz de Tenerife, 30 de setembre de 2003) \u00e9s un migcampista jove, talent\u00f3s i de gran qualitat. \u00c9s un futbolista destre, amb capacitat per a marcar difer\u00e8ncies a trav\u00e9s de la seua visi\u00f3 de joc i habilitat per a superar l\u00ednies gr\u00e0cies a la seua desborde. Pot actuar per la banda esquerra o com mitjapunta. A m\u00e9s del seu profund enteniment del joc, atresora una gran arribada i facilitat per a culminar accions ofensives. El de Tenerife, format en les categories inferiors de la UD Las Palmas, ha jugat un total de 147 partits amb el conjunt \u2018p\u00edo-p\u00edo\u2019, marcant 13 gols i repartint 14 assist\u00e8ncies. A m\u00e9s, \u00e9s internacional amb les categories inferiors de la Selecci\u00f3 Espanyola. Ha jugat un total d\u201911 partits amb el combinat Sub-21 i, anteriorment, 8 compromisos amb la Sub-19. Benvingut, Moleiro!","headings":[{"type":"heading","level":2,"text":"El migcampista de Tenerife jugar\u00e0 al Villarreal CF durant les pr\u00f2ximes cinc temporades"}],"texts":[{"type":"paragraph","text":"El Villarreal CF i la UD Las Palmas han aconseguit un acord de trasp\u00e0s per Alberto Moleiro, que jugar\u00e0 com groguet durant les pr\u00f2ximes cinc temporades, fins a juny de 2030."},{"type":"paragraph","text":"En l\u2019actualitat, el migcampista de Tenerife es troba concentrat amb la Selecci\u00f3 Espanyola Sub-21, que est\u00e0 disputant l\u2019Europeu de la categoria a Eslov\u00e0quia."},{"type":"paragraph","text":"Talent canari per al Submar\u00ed"},{"type":"paragraph","text":"Alberto Moleiro Gonz\u00e1lez (Santa Cruz de Tenerife, 30 de setembre de 2003) \u00e9s un migcampista jove, talent\u00f3s i de gran qualitat. \u00c9s un futbolista destre, amb capacitat per a marcar difer\u00e8ncies a trav\u00e9s de la seua visi\u00f3 de joc i habilitat per a superar l\u00ednies gr\u00e0cies a la seua desborde."},{"type":"paragraph","text":"Pot actuar per la banda esquerra o com mitjapunta. A m\u00e9s del seu profund enteniment del joc, atresora una gran arribada i facilitat per a culminar accions ofensives."},{"type":"paragraph","text":"El de Tenerife, format en les categories inferiors de la UD Las Palmas, ha jugat un total de 147 partits amb el conjunt \u2018p\u00edo-p\u00edo\u2019, marcant 13 gols i repartint 14 assist\u00e8ncies. A m\u00e9s, \u00e9s internacional amb les categories inferiors de la Selecci\u00f3 Espanyola. Ha jugat un total d\u201911 partits amb el combinat Sub-21 i, anteriorment, 8 compromisos amb la Sub-19."},{"type":"paragraph","text":"Benvingut, Moleiro!"}],"buttons":[],"images":[],"widgets":[],"blocks":[{"type":"heading","level":2,"text":"El migcampista de Tenerife jugar\u00e0 al Villarreal CF durant les pr\u00f2ximes cinc temporades"},{"type":"paragraph","text":"El Villarreal CF i la UD Las Palmas han aconseguit un acord de trasp\u00e0s per Alberto Moleiro, que jugar\u00e0 com groguet durant les pr\u00f2ximes cinc temporades, fins a juny de 2030."},{"type":"paragraph","text":"En l\u2019actualitat, el migcampista de Tenerife es troba concentrat amb la Selecci\u00f3 Espanyola Sub-21, que est\u00e0 disputant l\u2019Europeu de la categoria a Eslov\u00e0quia."},{"type":"video","kind":"iframe","url":"https:\/\/www.youtube.com\/embed\/m2vT7Ridjgc?feature=oembed","poster":""},{"type":"paragraph","text":"Talent canari per al Submar\u00ed"},{"type":"paragraph","text":"Alberto Moleiro Gonz\u00e1lez (Santa Cruz de Tenerife, 30 de setembre de 2003) \u00e9s un migcampista jove, talent\u00f3s i de gran qualitat. \u00c9s un futbolista destre, amb capacitat per a marcar difer\u00e8ncies a trav\u00e9s de la seua visi\u00f3 de joc i habilitat per a superar l\u00ednies gr\u00e0cies a la seua desborde."},{"type":"paragraph","text":"Pot actuar per la banda esquerra o com mitjapunta. A m\u00e9s del seu profund enteniment del joc, atresora una gran arribada i facilitat per a culminar accions ofensives."},{"type":"paragraph","text":"El de Tenerife, format en les categories inferiors de la UD Las Palmas, ha jugat un total de 147 partits amb el conjunt \u2018p\u00edo-p\u00edo\u2019, marcant 13 gols i repartint 14 assist\u00e8ncies. A m\u00e9s, \u00e9s internacional amb les categories inferiors de la Selecci\u00f3 Espanyola. Ha jugat un total d\u201911 partits amb el combinat Sub-21 i, anteriorment, 8 compromisos amb la Sub-19."},{"type":"paragraph","text":"Benvingut, Moleiro!"}]}],"hero":{"id":"section-1","title":"El migcampista de Tenerife jugar\u00e0 al Villarreal CF durant les pr\u00f2ximes cinc temporades","text":"El migcampista de Tenerife jugar\u00e0 al Villarreal CF durant les pr\u00f2ximes cinc temporades El Villarreal CF i la UD Las Palmas han aconseguit un acord de trasp\u00e0s per Alberto Moleiro, que jugar\u00e0 com groguet durant les pr\u00f2ximes cinc temporades, fins a juny de 2030. En l\u2019actualitat, el migcampista de Tenerife es troba concentrat amb la Selecci\u00f3 Espanyola Sub-21, que est\u00e0 disputant l\u2019Europeu de la categoria a Eslov\u00e0quia. Talent canari per al Submar\u00ed Alberto Moleiro Gonz\u00e1lez (Santa Cruz de Tenerife, 30 de setembre de 2003) \u00e9s un migcampista jove, talent\u00f3s i de gran qualitat. \u00c9s un futbolista destre, amb capacitat per a marcar difer\u00e8ncies a trav\u00e9s de la seua visi\u00f3 de joc i habilitat per a superar l\u00ednies gr\u00e0cies a la seua desborde. Pot actuar per la banda esquerra o com mitjapunta. A m\u00e9s del seu profund enteniment del joc, atresora una gran arribada i facilitat per a culminar accions ofensives. El de Tenerife, format en les categories inferiors de la UD Las Palmas, ha jugat un total de 147 partits amb el conjunt \u2018p\u00edo-p\u00edo\u2019, marcant 13 gols i repartint 14 assist\u00e8ncies. A m\u00e9s, \u00e9s internacional amb les categories inferiors de la Selecci\u00f3 Espanyola. Ha jugat un total d\u201911 partits amb el combinat Sub-21 i, anteriorment, 8 compromisos amb la Sub-19. Benvingut, Moleiro!","headings":[{"type":"heading","level":2,"text":"El migcampista de Tenerife jugar\u00e0 al Villarreal CF durant les pr\u00f2ximes cinc temporades"}],"texts":[{"type":"paragraph","text":"El Villarreal CF i la UD Las Palmas han aconseguit un acord de trasp\u00e0s per Alberto Moleiro, que jugar\u00e0 com groguet durant les pr\u00f2ximes cinc temporades, fins a juny de 2030."},{"type":"paragraph","text":"En l\u2019actualitat, el migcampista de Tenerife es troba concentrat amb la Selecci\u00f3 Espanyola Sub-21, que est\u00e0 disputant l\u2019Europeu de la categoria a Eslov\u00e0quia."},{"type":"paragraph","text":"Talent canari per al Submar\u00ed"},{"type":"paragraph","text":"Alberto Moleiro Gonz\u00e1lez (Santa Cruz de Tenerife, 30 de setembre de 2003) \u00e9s un migcampista jove, talent\u00f3s i de gran qualitat. \u00c9s un futbolista destre, amb capacitat per a marcar difer\u00e8ncies a trav\u00e9s de la seua visi\u00f3 de joc i habilitat per a superar l\u00ednies gr\u00e0cies a la seua desborde."},{"type":"paragraph","text":"Pot actuar per la banda esquerra o com mitjapunta. A m\u00e9s del seu profund enteniment del joc, atresora una gran arribada i facilitat per a culminar accions ofensives."},{"type":"paragraph","text":"El de Tenerife, format en les categories inferiors de la UD Las Palmas, ha jugat un total de 147 partits amb el conjunt \u2018p\u00edo-p\u00edo\u2019, marcant 13 gols i repartint 14 assist\u00e8ncies. A m\u00e9s, \u00e9s internacional amb les categories inferiors de la Selecci\u00f3 Espanyola. Ha jugat un total d\u201911 partits amb el combinat Sub-21 i, anteriorment, 8 compromisos amb la Sub-19."},{"type":"paragraph","text":"Benvingut, Moleiro!"}],"buttons":[],"images":[],"widgets":[],"blocks":[{"type":"heading","level":2,"text":"El migcampista de Tenerife jugar\u00e0 al Villarreal CF durant les pr\u00f2ximes cinc temporades"},{"type":"paragraph","text":"El Villarreal CF i la UD Las Palmas han aconseguit un acord de trasp\u00e0s per Alberto Moleiro, que jugar\u00e0 com groguet durant les pr\u00f2ximes cinc temporades, fins a juny de 2030."},{"type":"paragraph","text":"En l\u2019actualitat, el migcampista de Tenerife es troba concentrat amb la Selecci\u00f3 Espanyola Sub-21, que est\u00e0 disputant l\u2019Europeu de la categoria a Eslov\u00e0quia."},{"type":"video","kind":"iframe","url":"https:\/\/www.youtube.com\/embed\/m2vT7Ridjgc?feature=oembed","poster":""},{"type":"paragraph","text":"Talent canari per al Submar\u00ed"},{"type":"paragraph","text":"Alberto Moleiro Gonz\u00e1lez (Santa Cruz de Tenerife, 30 de setembre de 2003) \u00e9s un migcampista jove, talent\u00f3s i de gran qualitat. \u00c9s un futbolista destre, amb capacitat per a marcar difer\u00e8ncies a trav\u00e9s de la seua visi\u00f3 de joc i habilitat per a superar l\u00ednies gr\u00e0cies a la seua desborde."},{"type":"paragraph","text":"Pot actuar per la banda esquerra o com mitjapunta. A m\u00e9s del seu profund enteniment del joc, atresora una gran arribada i facilitat per a culminar accions ofensives."},{"type":"paragraph","text":"El de Tenerife, format en les categories inferiors de la UD Las Palmas, ha jugat un total de 147 partits amb el conjunt \u2018p\u00edo-p\u00edo\u2019, marcant 13 gols i repartint 14 assist\u00e8ncies. A m\u00e9s, \u00e9s internacional amb les categories inferiors de la Selecci\u00f3 Espanyola. Ha jugat un total d\u201911 partits amb el combinat Sub-21 i, anteriorment, 8 compromisos amb la Sub-19."},{"type":"paragraph","text":"Benvingut, Moleiro!"}]}},"sections":[{"id":"section-1","title":"El migcampista de Tenerife jugar\u00e0 al Villarreal CF durant les pr\u00f2ximes cinc temporades","text":"El migcampista de Tenerife jugar\u00e0 al Villarreal CF durant les pr\u00f2ximes cinc temporades El Villarreal CF i la UD Las Palmas han aconseguit un acord de trasp\u00e0s per Alberto Moleiro, que jugar\u00e0 com groguet durant les pr\u00f2ximes cinc temporades, fins a juny de 2030. En l\u2019actualitat, el migcampista de Tenerife es troba concentrat amb la Selecci\u00f3 Espanyola Sub-21, que est\u00e0 disputant l\u2019Europeu de la categoria a Eslov\u00e0quia. Talent canari per al Submar\u00ed Alberto Moleiro Gonz\u00e1lez (Santa Cruz de Tenerife, 30 de setembre de 2003) \u00e9s un migcampista jove, talent\u00f3s i de gran qualitat. \u00c9s un futbolista destre, amb capacitat per a marcar difer\u00e8ncies a trav\u00e9s de la seua visi\u00f3 de joc i habilitat per a superar l\u00ednies gr\u00e0cies a la seua desborde. Pot actuar per la banda esquerra o com mitjapunta. A m\u00e9s del seu profund enteniment del joc, atresora una gran arribada i facilitat per a culminar accions ofensives. El de Tenerife, format en les categories inferiors de la UD Las Palmas, ha jugat un total de 147 partits amb el conjunt \u2018p\u00edo-p\u00edo\u2019, marcant 13 gols i repartint 14 assist\u00e8ncies. A m\u00e9s, \u00e9s internacional amb les categories inferiors de la Selecci\u00f3 Espanyola. Ha jugat un total d\u201911 partits amb el combinat Sub-21 i, anteriorment, 8 compromisos amb la Sub-19. Benvingut, Moleiro!","url":"","background_image":"","images":[],"videos":[{"type":"video","kind":"iframe","url":"https:\/\/www.youtube.com\/embed\/m2vT7Ridjgc?feature=oembed","poster":""}],"links":[]}]},"excerpt":{"rendered":"El migcampista de Tenerife jugar\u00e0 al Villarreal CF durant les pr\u00f2ximes cinc temporades","protected":false},"author":29,"featured_media":594127,"comment_status":"closed","ping_status":"closed","sticky":false,"template":"","format":"standard","meta":{"_acf_changed":false,"footnotes":""},"categories":[13493],"tags":[16474,10059,717,16198,13427,9278,716,9205,13556,13557],"acf":null,"lang":"val","translations":{"es":594123,"val":594129,"en":594134},"essential_grid":{"has_grid":false},"formatted_date":"June 17, 2025","modified_date":"June 17, 2025","permalink":"https:\/\/villarrealcf.es\/val\/alberto-moleiro-ja-es-groguet\/","reading_time":2,"featured_media_data":{"id":594127,"title":"L\u00ednea Fichajes 1920x1080","caption":"","alt_text":"","description":"","mime_type":"image\/jpeg","source_url":"https:\/\/villarrealcf.es\/wp-content\/uploads\/2025\/06\/Linea-Fichajes-1920x1080-1.jpg","sizes":{"thumbnail":{"url":"https:\/\/villarrealcf.es\/wp-content\/uploads\/2025\/06\/Linea-Fichajes-1920x1080-1.jpg","width":1920,"height":1080},"medium":{"url":"https:\/\/villarrealcf.es\/wp-content\/uploads\/2025\/06\/Linea-Fichajes-1920x1080-1.jpg","width":1920,"height":1080},"medium_large":{"url":"https:\/\/villarrealcf.es\/wp-content\/uploads\/2025\/06\/Linea-Fichajes-1920x1080-1-768x432.jpg","width":768,"height":432},"large":{"url":"https:\/\/villarrealcf.es\/wp-content\/uploads\/2025\/06\/Linea-Fichajes-1920x1080-1.jpg","width":788,"height":443},"1536x1536":{"url":"https:\/\/villarrealcf.es\/wp-content\/uploads\/2025\/06\/Linea-Fichajes-1920x1080-1-1536x864.jpg","width":1536,"height":864},"2048x2048":{"url":"https:\/\/villarrealcf.es\/wp-content\/uploads\/2025\/06\/Linea-Fichajes-1920x1080-1.jpg","width":1920,"height":1080},"tp-image-grid":{"url":"https:\/\/villarrealcf.es\/wp-content\/uploads\/2025\/06\/Linea-Fichajes-1920x1080-1-700x700.jpg","width":700,"height":700},"size-bunyad-medium":{"url":"https:\/\/villarrealcf.es\/wp-content\/uploads\/2025\/06\/Linea-Fichajes-1920x1080-1.jpg","width":1920,"height":1080},"sportspress-crop-medium":{"url":"https:\/\/villarrealcf.es\/wp-content\/uploads\/2025\/06\/Linea-Fichajes-1920x1080-1-300x300.jpg","width":300,"height":300},"sportspress-fit-medium":{"url":"https:\/\/villarrealcf.es\/wp-content\/uploads\/2025\/06\/Linea-Fichajes-1920x1080-1-300x169.jpg","width":300,"height":169},"sportspress-fit-icon":{"url":"https:\/\/villarrealcf.es\/wp-content\/uploads\/2025\/06\/Linea-Fichajes-1920x1080-1-128x72.jpg","width":128,"height":72},"sportspress-fit-mini":{"url":"https:\/\/villarrealcf.es\/wp-content\/uploads\/2025\/06\/Linea-Fichajes-1920x1080-1-32x18.jpg","width":32,"height":18},"bunyad-small":{"url":"https:\/\/villarrealcf.es\/wp-content\/uploads\/2025\/06\/Linea-Fichajes-1920x1080-1-150x84.jpg","width":150,"height":84},"bunyad-medium":{"url":"https:\/\/villarrealcf.es\/wp-content\/uploads\/2025\/06\/Linea-Fichajes-1920x1080-1-450x253.jpg","width":450,"height":253},"bunyad-full":{"url":"https:\/\/villarrealcf.es\/wp-content\/uploads\/2025\/06\/Linea-Fichajes-1920x1080-1-1200x675.jpg","width":1200,"height":675},"bunyad-viewport":{"url":"https:\/\/villarrealcf.es\/wp-content\/uploads\/2025\/06\/Linea-Fichajes-1920x1080-1.jpg","width":1920,"height":1080},"bunyad-768":{"url":"https:\/\/villarrealcf.es\/wp-content\/uploads\/2025\/06\/Linea-Fichajes-1920x1080-1-768x432.jpg","width":768,"height":432},"full":{"url":"https:\/\/villarrealcf.es\/wp-content\/uploads\/2025\/06\/Linea-Fichajes-1920x1080-1.jpg","width":1920,"height":1080}}},"author_data":{"id":"29","name":"Azahara Beroy","first_name":"Azahara","last_name":"Beroy","description":"","avatar_url":"https:\/\/secure.gravatar.com\/avatar\/91b979a91a1925e60814719244bbf7824af58ced5a6e2130c2611bde24439aa7?s=96&d=mm&r=g","acf":null},"taxonomies_data":{"category":[{"id":13493,"name":"Primer equip","slug":"primer-equip","acf":null}],"post_tag":[{"id":16474,"name":"Alberto Moleiro","slug":"alberto-moleiro-val","acf":null},{"id":10059,"name":"Fichaje","slug":"fichaje-val","acf":null},{"id":717,"name":"Football","slug":"football-d34","acf":null},{"id":16198,"name":"F\u00fatbol","slug":"futbol-3-val","acf":null},{"id":13427,"name":"Primer Equipo","slug":"primer-equipo-val","acf":null},{"id":9278,"name":"primera division","slug":"primera-division-val","acf":null},{"id":716,"name":"Soccer","slug":"soccer-d105","acf":null},{"id":9205,"name":"Submarino","slug":"submarino-val","acf":null},{"id":13556,"name":"Submarino Amarillo","slug":"submarino-amarillo-val-2","acf":null},{"id":13557,"name":"Villarreal CF","slug":"villarreal-cf-val-2","acf":null}],"translation_priority":[{"id":735,"name":"Optional","slug":"optional-val","acf":null}]},"seo_full":{"native":{"title":"Alberto Moleiro ja \u00e9s groguet - Web Oficial del Villarreal CF","description":"El migcampista de Tenerife jugar\u00e0 al Villarreal CF durant les pr\u00f2ximes cinc temporades","canonical":"https:\/\/villarrealcf.es\/val\/alberto-moleiro-ja-es-groguet\/"}},"_links":{"self":[{"href":"https:\/\/villarrealcf.es\/val\/wp-json\/wp\/v2\/posts\/594129","targetHints":{"allow":["GET"]}}],"collection":[{"href":"https:\/\/villarrealcf.es\/val\/wp-json\/wp\/v2\/posts"}],"about":[{"href":"https:\/\/villarrealcf.es\/val\/wp-json\/wp\/v2\/types\/post"}],"author":[{"embeddable":true,"href":"https:\/\/villarrealcf.es\/val\/wp-json\/wp\/v2\/users\/29"}],"replies":[{"embeddable":true,"href":"https:\/\/villarrealcf.es\/val\/wp-json\/wp\/v2\/comments?post=594129"}],"version-history":[{"count":0,"href":"https:\/\/villarrealcf.es\/val\/wp-json\/wp\/v2\/posts\/594129\/revisions"}],"wp:featuredmedia":[{"embeddable":true,"href":"https:\/\/villarrealcf.es\/val\/wp-json\/wp\/v2\/media\/594127"}],"wp:attachment":[{"href":"https:\/\/villarrealcf.es\/val\/wp-json\/wp\/v2\/media?parent=594129"}],"wp:term":[{"taxonomy":"category","embeddable":true,"href":"https:\/\/villarrealcf.es\/val\/wp-json\/wp\/v2\/categories?post=594129"},{"taxonomy":"post_tag","embeddable":true,"href":"https:\/\/villarrealcf.es\/val\/wp-json\/wp\/v2\/tags?post=594129"}],"curies":[{"name":"wp","href":"https:\/\/api.w.org\/{rel}","templated":true}]}}