{"id":593261,"date":"2025-06-10T13:33:31","date_gmt":"2025-06-10T11:33:31","guid":{"rendered":"https:\/\/villarrealcf.es\/los-jovenes-abanderados-de-marcelino\/"},"modified":"2025-06-10T15:57:34","modified_gmt":"2025-06-10T13:57:34","slug":"els-jovens-abanderats-de-marcelino-2","status":"publish","type":"post","link":"https:\/\/villarrealcf.es\/val\/els-jovens-abanderats-de-marcelino-2\/","title":{"rendered":"Marcelino &#8216;abandera&#8217; el projecte del futbol base del Villarreal CF"},"content":{"protected":false,"blocks":[{"type":"heading","level":2,"text":"El t\u00e8cnic asturi\u00e0 ha fet debutar a huit jugadors de la Cantera Grogueta esta temporada"},{"type":"paragraph","text":"Amb el debut de Daniel Requena en l\u2019\u00faltima jornada enfront del Sevilla FC, Marcelino Garc\u00eda Toral emmarca la temporada en la qual ha fet debutar a m\u00e9s j\u00f3vens de la cantera del Submar\u00ed, superant aix\u00ed a la 2014\/2015, durant la seua anterior etapa, en la qual es van estrenar set jugadors amb el primer equip. Un d\u2019ells seguix en la plantilla actual com una aut\u00e8ntica llegenda, Alfonso Pedraza, que va poder complir el seu partit n\u00famero 200 amb el conjunt groguet en l\u2019enfrontament davant els andalusos."},{"type":"paragraph","text":"Des de la temporada 2017\/18 no debutaven tants jugadors. L\u2019asturi\u00e0 ha sabut donar amb la tecla esta temporada per a classificar a l\u2019equip a la Champions, en un curs en el qual els efectius del filial han tingut una certa rellev\u00e0ncia per a aconseguir este objectiu. La irrupci\u00f3 de Pau Cabanes en l\u2019elit, la consolidaci\u00f3 de Pau Navarro en el Submar\u00ed i l\u2019aportaci\u00f3 providencial de Etta Eyong en el tram final del campionat. El camerun\u00e9s va marcar un gol decisiu contra el Girona. Una brillant cabotada en l\u2019\u00faltim sospir en ple cl\u00edmax de la batalla per la m\u00e0xima competici\u00f3 europea."},{"type":"paragraph","text":"Tots els j\u00f3vens triats per Marcelino"},{"type":"paragraph","text":"En les seues dos etapes com a t\u00e8cnic groguet, Marcelino ha donat l\u2019oportunitat a desenes de j\u00f3vens talents de la prol\u00edfica Cantera Grogueta. Este curs han sigut huit els triats per l\u2019asturi\u00e0 per a vestir la samarreta del Villarreal: Pau Navarro (26\/09\/2024), Pau Cabanes (30\/09\/2024), Jean Yves Valou (29\/10\/2024), Alassane Diatta (04\/12\/25), Thiago Ojeda (18\/12\/2024), Arnau Sol\u00e0 (13\/04\/2025), Etta Eyong (20\/04\/2025) i Daniel Requena (25\/05\/2025)."},{"type":"paragraph","text":"D\u2019altra banda, en la seua anterior estada com a m\u00edster del Submar\u00ed, l\u2019asturi\u00e0 va fer debutar en la temporada 2013\/2014 a Edu Ramos (14-12-2013) i Nahuel Leiva (13-01-2014), en la temporada 2014\/2015, a Adri\u00e1n Mar\u00edn (28-08-2014), Jos\u00e9 Naranjo (04-12-2014), Israel Port (04-12-2014), Sergio Marcos (15-02-2015), Alfonso Pedraza (05-04-2015), Fran Sol (25-04-2015), i Aleix Garc\u00eda (23-05-2015), i finalment en la 2015\/16, a Miguel\u00f3n Llambrich (03-12-2015) i a l\u2019actual pilota d\u2019or Rodrigo Hern\u00e1ndez (17-12-2015)."}],"structured":{"summary":{"text":"El t\u00e8cnic asturi\u00e0 ha fet debutar a huit jugadors de la Cantera Grogueta esta temporada Amb el debut de Daniel Requena en l\u2019\u00faltima jornada enfront del Sevilla FC, Marcelino Garc\u00eda Toral emmarca la temporada en la qual ha fet debutar a m\u00e9s j\u00f3vens de la cantera del Submar\u00ed, superant aix\u00ed a la 2014\/2015, durant la seua anterior etapa, en la qual es van estrenar set jugadors amb el primer equip. Un d\u2019ells seguix en la plantilla actual com una aut\u00e8ntica llegenda, Alfonso Pedraza, que va poder complir el seu partit n\u00famero 200 amb el conjunt groguet en l\u2019enfrontament davant els andalusos. Des de la temporada 2017\/18 no debutaven tants jugadors. L\u2019asturi\u00e0 ha sabut donar amb la tecla esta temporada per a classificar a l\u2019equip a la Champions, en un curs en el qual els efectius del filial han tingut una certa rellev\u00e0ncia per a aconseguir este objectiu. La irrupci\u00f3 de Pau Cabanes en l\u2019elit, la consolidaci\u00f3 de Pau Navarro en el Submar\u00ed i l\u2019aportaci\u00f3 providencial de Etta Eyong en el tram final del campionat. El camerun\u00e9s va marcar un gol decisiu contra el Girona. Una brillant cabotada en l\u2019\u00faltim sospir en ple cl\u00edmax de la batalla per la m\u00e0xima competici\u00f3 europea. Tots els j\u00f3vens triats per Marcelino En les seues dos etapes com a t\u00e8cnic groguet, Marcelino ha donat l\u2019oportunitat a desenes de j\u00f3vens talents de la prol\u00edfica Cantera Grogueta. Este curs han sigut huit els triats per l\u2019asturi\u00e0 per a vestir la samarreta del Villarreal: Pau Navarro (26\/09\/2024), Pau Cabanes (30\/09\/2024), Jean Yves Valou (29\/10\/2024), Alassane Diatta (04\/12\/25), Thiago Ojeda (18\/12\/2024), Arnau Sol\u00e0 (13\/04\/2025), Etta Eyong (20\/04\/2025) i Daniel Requena (25\/05\/2025). D\u2019altra banda, en la seua anterior estada com a m\u00edster del Submar\u00ed, l\u2019asturi\u00e0 va fer debutar en la temporada 2013\/2014 a Edu Ramos (14-12-2013) i Nahuel Leiva (13-01-2014), en la temporada 2014\/2015, a Adri\u00e1n Mar\u00edn (28-08-2014), Jos\u00e9 Naranjo (04-12-2014), Israel Port (04-12-2014), Sergio Marcos (15-02-2015), Alfonso Pedraza (05-04-2015), Fran Sol (25-04-2015), i Aleix Garc\u00eda (23-05-2015), i finalment en la 2015\/16, a Miguel\u00f3n Llambrich (03-12-2015) i a l\u2019actual pilota d\u2019or Rodrigo Hern\u00e1ndez (17-12-2015).","headings":[{"type":"heading","level":2,"text":"El t\u00e8cnic asturi\u00e0 ha fet debutar a huit jugadors de la Cantera Grogueta esta temporada"}],"buttons":[],"images":[],"counts":{"blocks":6,"headings":1,"texts":5,"buttons":0,"images":0}},"sections":[{"id":"section-1","title":"El t\u00e8cnic asturi\u00e0 ha fet debutar a huit jugadors de la Cantera Grogueta esta temporada","text":"El t\u00e8cnic asturi\u00e0 ha fet debutar a huit jugadors de la Cantera Grogueta esta temporada Amb el debut de Daniel Requena en l\u2019\u00faltima jornada enfront del Sevilla FC, Marcelino Garc\u00eda Toral emmarca la temporada en la qual ha fet debutar a m\u00e9s j\u00f3vens de la cantera del Submar\u00ed, superant aix\u00ed a la 2014\/2015, durant la seua anterior etapa, en la qual es van estrenar set jugadors amb el primer equip. Un d\u2019ells seguix en la plantilla actual com una aut\u00e8ntica llegenda, Alfonso Pedraza, que va poder complir el seu partit n\u00famero 200 amb el conjunt groguet en l\u2019enfrontament davant els andalusos. Des de la temporada 2017\/18 no debutaven tants jugadors. L\u2019asturi\u00e0 ha sabut donar amb la tecla esta temporada per a classificar a l\u2019equip a la Champions, en un curs en el qual els efectius del filial han tingut una certa rellev\u00e0ncia per a aconseguir este objectiu. La irrupci\u00f3 de Pau Cabanes en l\u2019elit, la consolidaci\u00f3 de Pau Navarro en el Submar\u00ed i l\u2019aportaci\u00f3 providencial de Etta Eyong en el tram final del campionat. El camerun\u00e9s va marcar un gol decisiu contra el Girona. Una brillant cabotada en l\u2019\u00faltim sospir en ple cl\u00edmax de la batalla per la m\u00e0xima competici\u00f3 europea. Tots els j\u00f3vens triats per Marcelino En les seues dos etapes com a t\u00e8cnic groguet, Marcelino ha donat l\u2019oportunitat a desenes de j\u00f3vens talents de la prol\u00edfica Cantera Grogueta. Este curs han sigut huit els triats per l\u2019asturi\u00e0 per a vestir la samarreta del Villarreal: Pau Navarro (26\/09\/2024), Pau Cabanes (30\/09\/2024), Jean Yves Valou (29\/10\/2024), Alassane Diatta (04\/12\/25), Thiago Ojeda (18\/12\/2024), Arnau Sol\u00e0 (13\/04\/2025), Etta Eyong (20\/04\/2025) i Daniel Requena (25\/05\/2025). D\u2019altra banda, en la seua anterior estada com a m\u00edster del Submar\u00ed, l\u2019asturi\u00e0 va fer debutar en la temporada 2013\/2014 a Edu Ramos (14-12-2013) i Nahuel Leiva (13-01-2014), en la temporada 2014\/2015, a Adri\u00e1n Mar\u00edn (28-08-2014), Jos\u00e9 Naranjo (04-12-2014), Israel Port (04-12-2014), Sergio Marcos (15-02-2015), Alfonso Pedraza (05-04-2015), Fran Sol (25-04-2015), i Aleix Garc\u00eda (23-05-2015), i finalment en la 2015\/16, a Miguel\u00f3n Llambrich (03-12-2015) i a l\u2019actual pilota d\u2019or Rodrigo Hern\u00e1ndez (17-12-2015).","headings":[{"type":"heading","level":2,"text":"El t\u00e8cnic asturi\u00e0 ha fet debutar a huit jugadors de la Cantera Grogueta esta temporada"}],"texts":[{"type":"paragraph","text":"Amb el debut de Daniel Requena en l\u2019\u00faltima jornada enfront del Sevilla FC, Marcelino Garc\u00eda Toral emmarca la temporada en la qual ha fet debutar a m\u00e9s j\u00f3vens de la cantera del Submar\u00ed, superant aix\u00ed a la 2014\/2015, durant la seua anterior etapa, en la qual es van estrenar set jugadors amb el primer equip. Un d\u2019ells seguix en la plantilla actual com una aut\u00e8ntica llegenda, Alfonso Pedraza, que va poder complir el seu partit n\u00famero 200 amb el conjunt groguet en l\u2019enfrontament davant els andalusos."},{"type":"paragraph","text":"Des de la temporada 2017\/18 no debutaven tants jugadors. L\u2019asturi\u00e0 ha sabut donar amb la tecla esta temporada per a classificar a l\u2019equip a la Champions, en un curs en el qual els efectius del filial han tingut una certa rellev\u00e0ncia per a aconseguir este objectiu. La irrupci\u00f3 de Pau Cabanes en l\u2019elit, la consolidaci\u00f3 de Pau Navarro en el Submar\u00ed i l\u2019aportaci\u00f3 providencial de Etta Eyong en el tram final del campionat. El camerun\u00e9s va marcar un gol decisiu contra el Girona. Una brillant cabotada en l\u2019\u00faltim sospir en ple cl\u00edmax de la batalla per la m\u00e0xima competici\u00f3 europea."},{"type":"paragraph","text":"Tots els j\u00f3vens triats per Marcelino"},{"type":"paragraph","text":"En les seues dos etapes com a t\u00e8cnic groguet, Marcelino ha donat l\u2019oportunitat a desenes de j\u00f3vens talents de la prol\u00edfica Cantera Grogueta. Este curs han sigut huit els triats per l\u2019asturi\u00e0 per a vestir la samarreta del Villarreal: Pau Navarro (26\/09\/2024), Pau Cabanes (30\/09\/2024), Jean Yves Valou (29\/10\/2024), Alassane Diatta (04\/12\/25), Thiago Ojeda (18\/12\/2024), Arnau Sol\u00e0 (13\/04\/2025), Etta Eyong (20\/04\/2025) i Daniel Requena (25\/05\/2025)."},{"type":"paragraph","text":"D\u2019altra banda, en la seua anterior estada com a m\u00edster del Submar\u00ed, l\u2019asturi\u00e0 va fer debutar en la temporada 2013\/2014 a Edu Ramos (14-12-2013) i Nahuel Leiva (13-01-2014), en la temporada 2014\/2015, a Adri\u00e1n Mar\u00edn (28-08-2014), Jos\u00e9 Naranjo (04-12-2014), Israel Port (04-12-2014), Sergio Marcos (15-02-2015), Alfonso Pedraza (05-04-2015), Fran Sol (25-04-2015), i Aleix Garc\u00eda (23-05-2015), i finalment en la 2015\/16, a Miguel\u00f3n Llambrich (03-12-2015) i a l\u2019actual pilota d\u2019or Rodrigo Hern\u00e1ndez (17-12-2015)."}],"buttons":[],"images":[],"widgets":[],"blocks":[{"type":"heading","level":2,"text":"El t\u00e8cnic asturi\u00e0 ha fet debutar a huit jugadors de la Cantera Grogueta esta temporada"},{"type":"paragraph","text":"Amb el debut de Daniel Requena en l\u2019\u00faltima jornada enfront del Sevilla FC, Marcelino Garc\u00eda Toral emmarca la temporada en la qual ha fet debutar a m\u00e9s j\u00f3vens de la cantera del Submar\u00ed, superant aix\u00ed a la 2014\/2015, durant la seua anterior etapa, en la qual es van estrenar set jugadors amb el primer equip. Un d\u2019ells seguix en la plantilla actual com una aut\u00e8ntica llegenda, Alfonso Pedraza, que va poder complir el seu partit n\u00famero 200 amb el conjunt groguet en l\u2019enfrontament davant els andalusos."},{"type":"paragraph","text":"Des de la temporada 2017\/18 no debutaven tants jugadors. L\u2019asturi\u00e0 ha sabut donar amb la tecla esta temporada per a classificar a l\u2019equip a la Champions, en un curs en el qual els efectius del filial han tingut una certa rellev\u00e0ncia per a aconseguir este objectiu. La irrupci\u00f3 de Pau Cabanes en l\u2019elit, la consolidaci\u00f3 de Pau Navarro en el Submar\u00ed i l\u2019aportaci\u00f3 providencial de Etta Eyong en el tram final del campionat. El camerun\u00e9s va marcar un gol decisiu contra el Girona. Una brillant cabotada en l\u2019\u00faltim sospir en ple cl\u00edmax de la batalla per la m\u00e0xima competici\u00f3 europea."},{"type":"paragraph","text":"Tots els j\u00f3vens triats per Marcelino"},{"type":"paragraph","text":"En les seues dos etapes com a t\u00e8cnic groguet, Marcelino ha donat l\u2019oportunitat a desenes de j\u00f3vens talents de la prol\u00edfica Cantera Grogueta. Este curs han sigut huit els triats per l\u2019asturi\u00e0 per a vestir la samarreta del Villarreal: Pau Navarro (26\/09\/2024), Pau Cabanes (30\/09\/2024), Jean Yves Valou (29\/10\/2024), Alassane Diatta (04\/12\/25), Thiago Ojeda (18\/12\/2024), Arnau Sol\u00e0 (13\/04\/2025), Etta Eyong (20\/04\/2025) i Daniel Requena (25\/05\/2025)."},{"type":"paragraph","text":"D\u2019altra banda, en la seua anterior estada com a m\u00edster del Submar\u00ed, l\u2019asturi\u00e0 va fer debutar en la temporada 2013\/2014 a Edu Ramos (14-12-2013) i Nahuel Leiva (13-01-2014), en la temporada 2014\/2015, a Adri\u00e1n Mar\u00edn (28-08-2014), Jos\u00e9 Naranjo (04-12-2014), Israel Port (04-12-2014), Sergio Marcos (15-02-2015), Alfonso Pedraza (05-04-2015), Fran Sol (25-04-2015), i Aleix Garc\u00eda (23-05-2015), i finalment en la 2015\/16, a Miguel\u00f3n Llambrich (03-12-2015) i a l\u2019actual pilota d\u2019or Rodrigo Hern\u00e1ndez (17-12-2015)."}]}],"hero":{"id":"section-1","title":"El t\u00e8cnic asturi\u00e0 ha fet debutar a huit jugadors de la Cantera Grogueta esta temporada","text":"El t\u00e8cnic asturi\u00e0 ha fet debutar a huit jugadors de la Cantera Grogueta esta temporada Amb el debut de Daniel Requena en l\u2019\u00faltima jornada enfront del Sevilla FC, Marcelino Garc\u00eda Toral emmarca la temporada en la qual ha fet debutar a m\u00e9s j\u00f3vens de la cantera del Submar\u00ed, superant aix\u00ed a la 2014\/2015, durant la seua anterior etapa, en la qual es van estrenar set jugadors amb el primer equip. Un d\u2019ells seguix en la plantilla actual com una aut\u00e8ntica llegenda, Alfonso Pedraza, que va poder complir el seu partit n\u00famero 200 amb el conjunt groguet en l\u2019enfrontament davant els andalusos. Des de la temporada 2017\/18 no debutaven tants jugadors. L\u2019asturi\u00e0 ha sabut donar amb la tecla esta temporada per a classificar a l\u2019equip a la Champions, en un curs en el qual els efectius del filial han tingut una certa rellev\u00e0ncia per a aconseguir este objectiu. La irrupci\u00f3 de Pau Cabanes en l\u2019elit, la consolidaci\u00f3 de Pau Navarro en el Submar\u00ed i l\u2019aportaci\u00f3 providencial de Etta Eyong en el tram final del campionat. El camerun\u00e9s va marcar un gol decisiu contra el Girona. Una brillant cabotada en l\u2019\u00faltim sospir en ple cl\u00edmax de la batalla per la m\u00e0xima competici\u00f3 europea. Tots els j\u00f3vens triats per Marcelino En les seues dos etapes com a t\u00e8cnic groguet, Marcelino ha donat l\u2019oportunitat a desenes de j\u00f3vens talents de la prol\u00edfica Cantera Grogueta. Este curs han sigut huit els triats per l\u2019asturi\u00e0 per a vestir la samarreta del Villarreal: Pau Navarro (26\/09\/2024), Pau Cabanes (30\/09\/2024), Jean Yves Valou (29\/10\/2024), Alassane Diatta (04\/12\/25), Thiago Ojeda (18\/12\/2024), Arnau Sol\u00e0 (13\/04\/2025), Etta Eyong (20\/04\/2025) i Daniel Requena (25\/05\/2025). D\u2019altra banda, en la seua anterior estada com a m\u00edster del Submar\u00ed, l\u2019asturi\u00e0 va fer debutar en la temporada 2013\/2014 a Edu Ramos (14-12-2013) i Nahuel Leiva (13-01-2014), en la temporada 2014\/2015, a Adri\u00e1n Mar\u00edn (28-08-2014), Jos\u00e9 Naranjo (04-12-2014), Israel Port (04-12-2014), Sergio Marcos (15-02-2015), Alfonso Pedraza (05-04-2015), Fran Sol (25-04-2015), i Aleix Garc\u00eda (23-05-2015), i finalment en la 2015\/16, a Miguel\u00f3n Llambrich (03-12-2015) i a l\u2019actual pilota d\u2019or Rodrigo Hern\u00e1ndez (17-12-2015).","headings":[{"type":"heading","level":2,"text":"El t\u00e8cnic asturi\u00e0 ha fet debutar a huit jugadors de la Cantera Grogueta esta temporada"}],"texts":[{"type":"paragraph","text":"Amb el debut de Daniel Requena en l\u2019\u00faltima jornada enfront del Sevilla FC, Marcelino Garc\u00eda Toral emmarca la temporada en la qual ha fet debutar a m\u00e9s j\u00f3vens de la cantera del Submar\u00ed, superant aix\u00ed a la 2014\/2015, durant la seua anterior etapa, en la qual es van estrenar set jugadors amb el primer equip. Un d\u2019ells seguix en la plantilla actual com una aut\u00e8ntica llegenda, Alfonso Pedraza, que va poder complir el seu partit n\u00famero 200 amb el conjunt groguet en l\u2019enfrontament davant els andalusos."},{"type":"paragraph","text":"Des de la temporada 2017\/18 no debutaven tants jugadors. L\u2019asturi\u00e0 ha sabut donar amb la tecla esta temporada per a classificar a l\u2019equip a la Champions, en un curs en el qual els efectius del filial han tingut una certa rellev\u00e0ncia per a aconseguir este objectiu. La irrupci\u00f3 de Pau Cabanes en l\u2019elit, la consolidaci\u00f3 de Pau Navarro en el Submar\u00ed i l\u2019aportaci\u00f3 providencial de Etta Eyong en el tram final del campionat. El camerun\u00e9s va marcar un gol decisiu contra el Girona. Una brillant cabotada en l\u2019\u00faltim sospir en ple cl\u00edmax de la batalla per la m\u00e0xima competici\u00f3 europea."},{"type":"paragraph","text":"Tots els j\u00f3vens triats per Marcelino"},{"type":"paragraph","text":"En les seues dos etapes com a t\u00e8cnic groguet, Marcelino ha donat l\u2019oportunitat a desenes de j\u00f3vens talents de la prol\u00edfica Cantera Grogueta. Este curs han sigut huit els triats per l\u2019asturi\u00e0 per a vestir la samarreta del Villarreal: Pau Navarro (26\/09\/2024), Pau Cabanes (30\/09\/2024), Jean Yves Valou (29\/10\/2024), Alassane Diatta (04\/12\/25), Thiago Ojeda (18\/12\/2024), Arnau Sol\u00e0 (13\/04\/2025), Etta Eyong (20\/04\/2025) i Daniel Requena (25\/05\/2025)."},{"type":"paragraph","text":"D\u2019altra banda, en la seua anterior estada com a m\u00edster del Submar\u00ed, l\u2019asturi\u00e0 va fer debutar en la temporada 2013\/2014 a Edu Ramos (14-12-2013) i Nahuel Leiva (13-01-2014), en la temporada 2014\/2015, a Adri\u00e1n Mar\u00edn (28-08-2014), Jos\u00e9 Naranjo (04-12-2014), Israel Port (04-12-2014), Sergio Marcos (15-02-2015), Alfonso Pedraza (05-04-2015), Fran Sol (25-04-2015), i Aleix Garc\u00eda (23-05-2015), i finalment en la 2015\/16, a Miguel\u00f3n Llambrich (03-12-2015) i a l\u2019actual pilota d\u2019or Rodrigo Hern\u00e1ndez (17-12-2015)."}],"buttons":[],"images":[],"widgets":[],"blocks":[{"type":"heading","level":2,"text":"El t\u00e8cnic asturi\u00e0 ha fet debutar a huit jugadors de la Cantera Grogueta esta temporada"},{"type":"paragraph","text":"Amb el debut de Daniel Requena en l\u2019\u00faltima jornada enfront del Sevilla FC, Marcelino Garc\u00eda Toral emmarca la temporada en la qual ha fet debutar a m\u00e9s j\u00f3vens de la cantera del Submar\u00ed, superant aix\u00ed a la 2014\/2015, durant la seua anterior etapa, en la qual es van estrenar set jugadors amb el primer equip. Un d\u2019ells seguix en la plantilla actual com una aut\u00e8ntica llegenda, Alfonso Pedraza, que va poder complir el seu partit n\u00famero 200 amb el conjunt groguet en l\u2019enfrontament davant els andalusos."},{"type":"paragraph","text":"Des de la temporada 2017\/18 no debutaven tants jugadors. L\u2019asturi\u00e0 ha sabut donar amb la tecla esta temporada per a classificar a l\u2019equip a la Champions, en un curs en el qual els efectius del filial han tingut una certa rellev\u00e0ncia per a aconseguir este objectiu. La irrupci\u00f3 de Pau Cabanes en l\u2019elit, la consolidaci\u00f3 de Pau Navarro en el Submar\u00ed i l\u2019aportaci\u00f3 providencial de Etta Eyong en el tram final del campionat. El camerun\u00e9s va marcar un gol decisiu contra el Girona. Una brillant cabotada en l\u2019\u00faltim sospir en ple cl\u00edmax de la batalla per la m\u00e0xima competici\u00f3 europea."},{"type":"paragraph","text":"Tots els j\u00f3vens triats per Marcelino"},{"type":"paragraph","text":"En les seues dos etapes com a t\u00e8cnic groguet, Marcelino ha donat l\u2019oportunitat a desenes de j\u00f3vens talents de la prol\u00edfica Cantera Grogueta. Este curs han sigut huit els triats per l\u2019asturi\u00e0 per a vestir la samarreta del Villarreal: Pau Navarro (26\/09\/2024), Pau Cabanes (30\/09\/2024), Jean Yves Valou (29\/10\/2024), Alassane Diatta (04\/12\/25), Thiago Ojeda (18\/12\/2024), Arnau Sol\u00e0 (13\/04\/2025), Etta Eyong (20\/04\/2025) i Daniel Requena (25\/05\/2025)."},{"type":"paragraph","text":"D\u2019altra banda, en la seua anterior estada com a m\u00edster del Submar\u00ed, l\u2019asturi\u00e0 va fer debutar en la temporada 2013\/2014 a Edu Ramos (14-12-2013) i Nahuel Leiva (13-01-2014), en la temporada 2014\/2015, a Adri\u00e1n Mar\u00edn (28-08-2014), Jos\u00e9 Naranjo (04-12-2014), Israel Port (04-12-2014), Sergio Marcos (15-02-2015), Alfonso Pedraza (05-04-2015), Fran Sol (25-04-2015), i Aleix Garc\u00eda (23-05-2015), i finalment en la 2015\/16, a Miguel\u00f3n Llambrich (03-12-2015) i a l\u2019actual pilota d\u2019or Rodrigo Hern\u00e1ndez (17-12-2015)."}]}},"sections":[{"id":"section-1","title":"El t\u00e8cnic asturi\u00e0 ha fet debutar a huit jugadors de la Cantera Grogueta esta temporada","text":"El t\u00e8cnic asturi\u00e0 ha fet debutar a huit jugadors de la Cantera Grogueta esta temporada Amb el debut de Daniel Requena en l\u2019\u00faltima jornada enfront del Sevilla FC, Marcelino Garc\u00eda Toral emmarca la temporada en la qual ha fet debutar a m\u00e9s j\u00f3vens de la cantera del Submar\u00ed, superant aix\u00ed a la 2014\/2015, durant la seua anterior etapa, en la qual es van estrenar set jugadors amb el primer equip. Un d\u2019ells seguix en la plantilla actual com una aut\u00e8ntica llegenda, Alfonso Pedraza, que va poder complir el seu partit n\u00famero 200 amb el conjunt groguet en l\u2019enfrontament davant els andalusos. Des de la temporada 2017\/18 no debutaven tants jugadors. L\u2019asturi\u00e0 ha sabut donar amb la tecla esta temporada per a classificar a l\u2019equip a la Champions, en un curs en el qual els efectius del filial han tingut una certa rellev\u00e0ncia per a aconseguir este objectiu. La irrupci\u00f3 de Pau Cabanes en l\u2019elit, la consolidaci\u00f3 de Pau Navarro en el Submar\u00ed i l\u2019aportaci\u00f3 providencial de Etta Eyong en el tram final del campionat. El camerun\u00e9s va marcar un gol decisiu contra el Girona. Una brillant cabotada en l\u2019\u00faltim sospir en ple cl\u00edmax de la batalla per la m\u00e0xima competici\u00f3 europea. Tots els j\u00f3vens triats per Marcelino En les seues dos etapes com a t\u00e8cnic groguet, Marcelino ha donat l\u2019oportunitat a desenes de j\u00f3vens talents de la prol\u00edfica Cantera Grogueta. Este curs han sigut huit els triats per l\u2019asturi\u00e0 per a vestir la samarreta del Villarreal: Pau Navarro (26\/09\/2024), Pau Cabanes (30\/09\/2024), Jean Yves Valou (29\/10\/2024), Alassane Diatta (04\/12\/25), Thiago Ojeda (18\/12\/2024), Arnau Sol\u00e0 (13\/04\/2025), Etta Eyong (20\/04\/2025) i Daniel Requena (25\/05\/2025). D\u2019altra banda, en la seua anterior estada com a m\u00edster del Submar\u00ed, l\u2019asturi\u00e0 va fer debutar en la temporada 2013\/2014 a Edu Ramos (14-12-2013) i Nahuel Leiva (13-01-2014), en la temporada 2014\/2015, a Adri\u00e1n Mar\u00edn (28-08-2014), Jos\u00e9 Naranjo (04-12-2014), Israel Port (04-12-2014), Sergio Marcos (15-02-2015), Alfonso Pedraza (05-04-2015), Fran Sol (25-04-2015), i Aleix Garc\u00eda (23-05-2015), i finalment en la 2015\/16, a Miguel\u00f3n Llambrich (03-12-2015) i a l\u2019actual pilota d\u2019or Rodrigo Hern\u00e1ndez (17-12-2015).","url":"","background_image":"","images":[],"videos":[],"links":[]}]},"excerpt":{"rendered":"El t\u00e8cnic asturi\u00e0 ha fet debutar a huit jugadors de la Cantera Grogueta esta temporada","protected":false},"author":1,"featured_media":591609,"comment_status":"closed","ping_status":"closed","sticky":false,"template":"","format":"standard","meta":{"_acf_changed":false,"footnotes":""},"categories":[13493],"tags":[10509,15050,15959,717,9270,10917,15363,16068,716,9205,9627,9203],"acf":null,"lang":"val","translations":{"es":591606,"val":593261,"en":593271},"essential_grid":{"has_grid":false},"formatted_date":"June 10, 2025","modified_date":"June 10, 2025","permalink":"https:\/\/villarrealcf.es\/val\/els-jovens-abanderats-de-marcelino-2\/","reading_time":2,"featured_media_data":{"id":591609,"title":"VillarrealCF-SevillaFC-361","caption":"","alt_text":"","description":"","mime_type":"image\/jpeg","source_url":"https:\/\/villarrealcf.es\/wp-content\/uploads\/2025\/05\/VillarrealCF-SevillaFC-361.jpg","sizes":{"thumbnail":{"url":"https:\/\/villarrealcf.es\/wp-content\/uploads\/2025\/05\/VillarrealCF-SevillaFC-361-1920x1080.jpg","width":1920,"height":1080},"medium":{"url":"https:\/\/villarrealcf.es\/wp-content\/uploads\/2025\/05\/VillarrealCF-SevillaFC-361-1620x1080.jpg","width":1620,"height":1080},"medium_large":{"url":"https:\/\/villarrealcf.es\/wp-content\/uploads\/2025\/05\/VillarrealCF-SevillaFC-361-768x512.jpg","width":768,"height":512},"large":{"url":"https:\/\/villarrealcf.es\/wp-content\/uploads\/2025\/05\/VillarrealCF-SevillaFC-361-1620x1080.jpg","width":788,"height":525},"1536x1536":{"url":"https:\/\/villarrealcf.es\/wp-content\/uploads\/2025\/05\/VillarrealCF-SevillaFC-361-1536x1024.jpg","width":1536,"height":1024},"2048x2048":{"url":"https:\/\/villarrealcf.es\/wp-content\/uploads\/2025\/05\/VillarrealCF-SevillaFC-361-2048x1365.jpg","width":2048,"height":1365},"tp-image-grid":{"url":"https:\/\/villarrealcf.es\/wp-content\/uploads\/2025\/05\/VillarrealCF-SevillaFC-361-700x700.jpg","width":700,"height":700},"size-bunyad-medium":{"url":"https:\/\/villarrealcf.es\/wp-content\/uploads\/2025\/05\/VillarrealCF-SevillaFC-361-1620x1080.jpg","width":1620,"height":1080},"sportspress-crop-medium":{"url":"https:\/\/villarrealcf.es\/wp-content\/uploads\/2025\/05\/VillarrealCF-SevillaFC-361-300x300.jpg","width":300,"height":300},"sportspress-fit-medium":{"url":"https:\/\/villarrealcf.es\/wp-content\/uploads\/2025\/05\/VillarrealCF-SevillaFC-361-300x200.jpg","width":300,"height":200},"sportspress-fit-icon":{"url":"https:\/\/villarrealcf.es\/wp-content\/uploads\/2025\/05\/VillarrealCF-SevillaFC-361-128x85.jpg","width":128,"height":85},"sportspress-fit-mini":{"url":"https:\/\/villarrealcf.es\/wp-content\/uploads\/2025\/05\/VillarrealCF-SevillaFC-361-32x21.jpg","width":32,"height":21},"bunyad-small":{"url":"https:\/\/villarrealcf.es\/wp-content\/uploads\/2025\/05\/VillarrealCF-SevillaFC-361-150x100.jpg","width":150,"height":100},"bunyad-medium":{"url":"https:\/\/villarrealcf.es\/wp-content\/uploads\/2025\/05\/VillarrealCF-SevillaFC-361-450x300.jpg","width":450,"height":300},"bunyad-full":{"url":"https:\/\/villarrealcf.es\/wp-content\/uploads\/2025\/05\/VillarrealCF-SevillaFC-361-1200x800.jpg","width":1200,"height":800},"bunyad-viewport":{"url":"https:\/\/villarrealcf.es\/wp-content\/uploads\/2025\/05\/VillarrealCF-SevillaFC-361-2048x1365.jpg","width":2048,"height":1365},"bunyad-768":{"url":"https:\/\/villarrealcf.es\/wp-content\/uploads\/2025\/05\/VillarrealCF-SevillaFC-361-768x512.jpg","width":768,"height":512},"full":{"url":"https:\/\/villarrealcf.es\/wp-content\/uploads\/2025\/05\/VillarrealCF-SevillaFC-361.jpg","width":2835,"height":1890}}},"author_data":{"id":"1","name":"root_envidea","first_name":"Villarreal CF","last_name":"","description":"","avatar_url":"https:\/\/secure.gravatar.com\/avatar\/48f95f42a3ccc324f3a3458e4b9e6fb070b083e99d388e170c1afb061fa99b63?s=96&d=mm&r=g","acf":null},"taxonomies_data":{"category":[{"id":13493,"name":"Primer equip","slug":"primer-equip","acf":null}],"post_tag":[{"id":10509,"name":"Alfonso Pedraza","slug":"alfonso-pedraza-val","acf":null},{"id":15050,"name":"Dani Requena","slug":"dani-requena-2-val","acf":null},{"id":15959,"name":"Etta Eyong","slug":"etta-eyong-val","acf":null},{"id":717,"name":"Football","slug":"football-d34","acf":null},{"id":9270,"name":"Futbol","slug":"futbol-val","acf":null},{"id":10917,"name":"Marcelino","slug":"marcelino-val","acf":null},{"id":15363,"name":"Pau Navarro","slug":"pau-navarro-val","acf":null},{"id":16068,"name":"Rodrigo Hern\u00e1ndez","slug":"rodrigo-hernandez-val","acf":null},{"id":716,"name":"Soccer","slug":"soccer-d105","acf":null},{"id":9205,"name":"Submarino","slug":"submarino-val","acf":null},{"id":9627,"name":"Submarino Amarillo","slug":"submarino-amarillo-val","acf":null},{"id":9203,"name":"Villarreal CF","slug":"villarreal-cf-val","acf":null}],"translation_priority":[{"id":735,"name":"Optional","slug":"optional-val","acf":null}]},"seo_full":{"native":{"title":"Marcelino &#8216;abandera&#8217; el projecte del futbol base del Villarreal CF - Web Oficial del Villarreal CF","description":"El t\u00e8cnic asturi\u00e0 ha fet debutar a huit jugadors de la Cantera Grogueta esta temporada","canonical":"https:\/\/villarrealcf.es\/val\/els-jovens-abanderats-de-marcelino-2\/"}},"_links":{"self":[{"href":"https:\/\/villarrealcf.es\/val\/wp-json\/wp\/v2\/posts\/593261","targetHints":{"allow":["GET"]}}],"collection":[{"href":"https:\/\/villarrealcf.es\/val\/wp-json\/wp\/v2\/posts"}],"about":[{"href":"https:\/\/villarrealcf.es\/val\/wp-json\/wp\/v2\/types\/post"}],"author":[{"embeddable":true,"href":"https:\/\/villarrealcf.es\/val\/wp-json\/wp\/v2\/users\/1"}],"replies":[{"embeddable":true,"href":"https:\/\/villarrealcf.es\/val\/wp-json\/wp\/v2\/comments?post=593261"}],"version-history":[{"count":0,"href":"https:\/\/villarrealcf.es\/val\/wp-json\/wp\/v2\/posts\/593261\/revisions"}],"wp:featuredmedia":[{"embeddable":true,"href":"https:\/\/villarrealcf.es\/val\/wp-json\/wp\/v2\/media\/591609"}],"wp:attachment":[{"href":"https:\/\/villarrealcf.es\/val\/wp-json\/wp\/v2\/media?parent=593261"}],"wp:term":[{"taxonomy":"category","embeddable":true,"href":"https:\/\/villarrealcf.es\/val\/wp-json\/wp\/v2\/categories?post=593261"},{"taxonomy":"post_tag","embeddable":true,"href":"https:\/\/villarrealcf.es\/val\/wp-json\/wp\/v2\/tags?post=593261"}],"curies":[{"name":"wp","href":"https:\/\/api.w.org\/{rel}","templated":true}]}}