{"id":593213,"date":"2025-06-10T10:17:46","date_gmt":"2025-06-10T08:17:46","guid":{"rendered":"https:\/\/villarrealcf.es\/el-villarreal-volvera-al-trabajo-el-7-de-julio\/"},"modified":"2025-06-10T10:13:11","modified_gmt":"2025-06-10T08:13:11","slug":"el-villarreal-volvera-al-trabajo-el-7-de-julio","status":"publish","type":"post","link":"https:\/\/villarrealcf.es\/val\/el-villarreal-volvera-al-trabajo-el-7-de-julio\/","title":{"rendered":"El Villarreal tornar\u00e0 al treball el 7 de juliol"},"content":{"protected":false,"blocks":[{"type":"heading","level":2,"text":"El Submar\u00ed ja t\u00e9 confirmats quatre amistosos de pretemporada, dos dels quals formen part d\u2019un triangular a Oviedo"},{"type":"paragraph","text":"La primera plantilla del Villarreal CF tornar\u00e0 al treball dilluns que ve, 7 de juliol. Els tres primers dies (7, 8 i 9 de juliol) estaran destinats a realitzar les pertinents proves m\u00e8diques als jugadors, que aniran acudint per grups a la Ciutat Esportiva Jos\u00e9 Manuel Llaneza. El primer entrenament sobre la gespa, als ordes de Marcelino Garc\u00eda Toral, es dur\u00e0 a terme el dijous, 10 de juliol en un horari encara per determinar."},{"type":"paragraph","text":"A m\u00e9s, cal destacar que el Submar\u00ed ja t\u00e9 confirmats quatre compromisos amistosos de pretemporada, dos dels quals formen part d\u2019un torneig triangular a Oviedo. S\u00f3n els seg\u00fcents:"},{"type":"paragraph","text":"Divendres, 25 de juliol:"},{"type":"paragraph","text":"\u2022 Sporting Clube de Portugal-Villarreal CF a l\u2019Estadi Nacional do Jamor (horari per confirmar)."},{"type":"paragraph","text":"Dijous, 31 de juliol: triangular Real Oviedo, Genoa CFC i Villarreal CF."},{"type":"paragraph","text":"\u2022 Villarreal CF-Genoa CFC a l\u2019Estadi Carlos Tartiere (19.00 hores)."},{"type":"paragraph","text":"\u2022 Real Oviedo-Villarreal CF a l\u2019Estadi Carlos Tartiere (21.00 hores)."},{"type":"paragraph","text":"Dissabte, 2 d\u2019agost:"},{"type":"paragraph","text":"\u2022 Leeds United FC-Villarreal CF a Elland Road (16.00 hores a Espanya)."},{"type":"paragraph","text":"Pr\u00f2ximament es donaran a con\u00e9ixer m\u00e9s partits de preparaci\u00f3 del Villarreal CF."}],"structured":{"summary":{"text":"El Submar\u00ed ja t\u00e9 confirmats quatre amistosos de pretemporada, dos dels quals formen part d\u2019un triangular a Oviedo La primera plantilla del Villarreal CF tornar\u00e0 al treball dilluns que ve, 7 de juliol. Els tres primers dies (7, 8 i 9 de juliol) estaran destinats a realitzar les pertinents proves m\u00e8diques als jugadors, que aniran acudint per grups a la Ciutat Esportiva Jos\u00e9 Manuel Llaneza. El primer entrenament sobre la gespa, als ordes de Marcelino Garc\u00eda Toral, es dur\u00e0 a terme el dijous, 10 de juliol en un horari encara per determinar. A m\u00e9s, cal destacar que el Submar\u00ed ja t\u00e9 confirmats quatre compromisos amistosos de pretemporada, dos dels quals formen part d\u2019un torneig triangular a Oviedo. S\u00f3n els seg\u00fcents: Divendres, 25 de juliol: \u2022 Sporting Clube de Portugal-Villarreal CF a l\u2019Estadi Nacional do Jamor (horari per confirmar). Dijous, 31 de juliol: triangular Real Oviedo, Genoa CFC i Villarreal CF. \u2022 Villarreal CF-Genoa CFC a l\u2019Estadi Carlos Tartiere (19.00 hores). \u2022 Real Oviedo-Villarreal CF a l\u2019Estadi Carlos Tartiere (21.00 hores). Dissabte, 2 d\u2019agost: \u2022 Leeds United FC-Villarreal CF a Elland Road (16.00 hores a Espanya). Pr\u00f2ximament es donaran a con\u00e9ixer m\u00e9s partits de preparaci\u00f3 del Villarreal CF.","headings":[{"type":"heading","level":2,"text":"El Submar\u00ed ja t\u00e9 confirmats quatre amistosos de pretemporada, dos dels quals formen part d\u2019un triangular a Oviedo"}],"buttons":[],"images":[],"counts":{"blocks":11,"headings":1,"texts":10,"buttons":0,"images":0}},"sections":[{"id":"section-1","title":"El Submar\u00ed ja t\u00e9 confirmats quatre amistosos de pretemporada, dos dels quals formen part d\u2019un triangular a Oviedo","text":"El Submar\u00ed ja t\u00e9 confirmats quatre amistosos de pretemporada, dos dels quals formen part d\u2019un triangular a Oviedo La primera plantilla del Villarreal CF tornar\u00e0 al treball dilluns que ve, 7 de juliol. Els tres primers dies (7, 8 i 9 de juliol) estaran destinats a realitzar les pertinents proves m\u00e8diques als jugadors, que aniran acudint per grups a la Ciutat Esportiva Jos\u00e9 Manuel Llaneza. El primer entrenament sobre la gespa, als ordes de Marcelino Garc\u00eda Toral, es dur\u00e0 a terme el dijous, 10 de juliol en un horari encara per determinar. A m\u00e9s, cal destacar que el Submar\u00ed ja t\u00e9 confirmats quatre compromisos amistosos de pretemporada, dos dels quals formen part d\u2019un torneig triangular a Oviedo. S\u00f3n els seg\u00fcents: Divendres, 25 de juliol: \u2022 Sporting Clube de Portugal-Villarreal CF a l\u2019Estadi Nacional do Jamor (horari per confirmar). Dijous, 31 de juliol: triangular Real Oviedo, Genoa CFC i Villarreal CF. \u2022 Villarreal CF-Genoa CFC a l\u2019Estadi Carlos Tartiere (19.00 hores). \u2022 Real Oviedo-Villarreal CF a l\u2019Estadi Carlos Tartiere (21.00 hores). Dissabte, 2 d\u2019agost: \u2022 Leeds United FC-Villarreal CF a Elland Road (16.00 hores a Espanya). Pr\u00f2ximament es donaran a con\u00e9ixer m\u00e9s partits de preparaci\u00f3 del Villarreal CF.","headings":[{"type":"heading","level":2,"text":"El Submar\u00ed ja t\u00e9 confirmats quatre amistosos de pretemporada, dos dels quals formen part d\u2019un triangular a Oviedo"}],"texts":[{"type":"paragraph","text":"La primera plantilla del Villarreal CF tornar\u00e0 al treball dilluns que ve, 7 de juliol. Els tres primers dies (7, 8 i 9 de juliol) estaran destinats a realitzar les pertinents proves m\u00e8diques als jugadors, que aniran acudint per grups a la Ciutat Esportiva Jos\u00e9 Manuel Llaneza. El primer entrenament sobre la gespa, als ordes de Marcelino Garc\u00eda Toral, es dur\u00e0 a terme el dijous, 10 de juliol en un horari encara per determinar."},{"type":"paragraph","text":"A m\u00e9s, cal destacar que el Submar\u00ed ja t\u00e9 confirmats quatre compromisos amistosos de pretemporada, dos dels quals formen part d\u2019un torneig triangular a Oviedo. S\u00f3n els seg\u00fcents:"},{"type":"paragraph","text":"Divendres, 25 de juliol:"},{"type":"paragraph","text":"\u2022 Sporting Clube de Portugal-Villarreal CF a l\u2019Estadi Nacional do Jamor (horari per confirmar)."},{"type":"paragraph","text":"Dijous, 31 de juliol: triangular Real Oviedo, Genoa CFC i Villarreal CF."},{"type":"paragraph","text":"\u2022 Villarreal CF-Genoa CFC a l\u2019Estadi Carlos Tartiere (19.00 hores)."},{"type":"paragraph","text":"\u2022 Real Oviedo-Villarreal CF a l\u2019Estadi Carlos Tartiere (21.00 hores)."},{"type":"paragraph","text":"Dissabte, 2 d\u2019agost:"},{"type":"paragraph","text":"\u2022 Leeds United FC-Villarreal CF a Elland Road (16.00 hores a Espanya)."},{"type":"paragraph","text":"Pr\u00f2ximament es donaran a con\u00e9ixer m\u00e9s partits de preparaci\u00f3 del Villarreal CF."}],"buttons":[],"images":[],"widgets":[],"blocks":[{"type":"heading","level":2,"text":"El Submar\u00ed ja t\u00e9 confirmats quatre amistosos de pretemporada, dos dels quals formen part d\u2019un triangular a Oviedo"},{"type":"paragraph","text":"La primera plantilla del Villarreal CF tornar\u00e0 al treball dilluns que ve, 7 de juliol. Els tres primers dies (7, 8 i 9 de juliol) estaran destinats a realitzar les pertinents proves m\u00e8diques als jugadors, que aniran acudint per grups a la Ciutat Esportiva Jos\u00e9 Manuel Llaneza. El primer entrenament sobre la gespa, als ordes de Marcelino Garc\u00eda Toral, es dur\u00e0 a terme el dijous, 10 de juliol en un horari encara per determinar."},{"type":"paragraph","text":"A m\u00e9s, cal destacar que el Submar\u00ed ja t\u00e9 confirmats quatre compromisos amistosos de pretemporada, dos dels quals formen part d\u2019un torneig triangular a Oviedo. S\u00f3n els seg\u00fcents:"},{"type":"paragraph","text":"Divendres, 25 de juliol:"},{"type":"paragraph","text":"\u2022 Sporting Clube de Portugal-Villarreal CF a l\u2019Estadi Nacional do Jamor (horari per confirmar)."},{"type":"paragraph","text":"Dijous, 31 de juliol: triangular Real Oviedo, Genoa CFC i Villarreal CF."},{"type":"paragraph","text":"\u2022 Villarreal CF-Genoa CFC a l\u2019Estadi Carlos Tartiere (19.00 hores)."},{"type":"paragraph","text":"\u2022 Real Oviedo-Villarreal CF a l\u2019Estadi Carlos Tartiere (21.00 hores)."},{"type":"paragraph","text":"Dissabte, 2 d\u2019agost:"},{"type":"paragraph","text":"\u2022 Leeds United FC-Villarreal CF a Elland Road (16.00 hores a Espanya)."},{"type":"paragraph","text":"Pr\u00f2ximament es donaran a con\u00e9ixer m\u00e9s partits de preparaci\u00f3 del Villarreal CF."}]}],"hero":{"id":"section-1","title":"El Submar\u00ed ja t\u00e9 confirmats quatre amistosos de pretemporada, dos dels quals formen part d\u2019un triangular a Oviedo","text":"El Submar\u00ed ja t\u00e9 confirmats quatre amistosos de pretemporada, dos dels quals formen part d\u2019un triangular a Oviedo La primera plantilla del Villarreal CF tornar\u00e0 al treball dilluns que ve, 7 de juliol. Els tres primers dies (7, 8 i 9 de juliol) estaran destinats a realitzar les pertinents proves m\u00e8diques als jugadors, que aniran acudint per grups a la Ciutat Esportiva Jos\u00e9 Manuel Llaneza. El primer entrenament sobre la gespa, als ordes de Marcelino Garc\u00eda Toral, es dur\u00e0 a terme el dijous, 10 de juliol en un horari encara per determinar. A m\u00e9s, cal destacar que el Submar\u00ed ja t\u00e9 confirmats quatre compromisos amistosos de pretemporada, dos dels quals formen part d\u2019un torneig triangular a Oviedo. S\u00f3n els seg\u00fcents: Divendres, 25 de juliol: \u2022 Sporting Clube de Portugal-Villarreal CF a l\u2019Estadi Nacional do Jamor (horari per confirmar). Dijous, 31 de juliol: triangular Real Oviedo, Genoa CFC i Villarreal CF. \u2022 Villarreal CF-Genoa CFC a l\u2019Estadi Carlos Tartiere (19.00 hores). \u2022 Real Oviedo-Villarreal CF a l\u2019Estadi Carlos Tartiere (21.00 hores). Dissabte, 2 d\u2019agost: \u2022 Leeds United FC-Villarreal CF a Elland Road (16.00 hores a Espanya). Pr\u00f2ximament es donaran a con\u00e9ixer m\u00e9s partits de preparaci\u00f3 del Villarreal CF.","headings":[{"type":"heading","level":2,"text":"El Submar\u00ed ja t\u00e9 confirmats quatre amistosos de pretemporada, dos dels quals formen part d\u2019un triangular a Oviedo"}],"texts":[{"type":"paragraph","text":"La primera plantilla del Villarreal CF tornar\u00e0 al treball dilluns que ve, 7 de juliol. Els tres primers dies (7, 8 i 9 de juliol) estaran destinats a realitzar les pertinents proves m\u00e8diques als jugadors, que aniran acudint per grups a la Ciutat Esportiva Jos\u00e9 Manuel Llaneza. El primer entrenament sobre la gespa, als ordes de Marcelino Garc\u00eda Toral, es dur\u00e0 a terme el dijous, 10 de juliol en un horari encara per determinar."},{"type":"paragraph","text":"A m\u00e9s, cal destacar que el Submar\u00ed ja t\u00e9 confirmats quatre compromisos amistosos de pretemporada, dos dels quals formen part d\u2019un torneig triangular a Oviedo. S\u00f3n els seg\u00fcents:"},{"type":"paragraph","text":"Divendres, 25 de juliol:"},{"type":"paragraph","text":"\u2022 Sporting Clube de Portugal-Villarreal CF a l\u2019Estadi Nacional do Jamor (horari per confirmar)."},{"type":"paragraph","text":"Dijous, 31 de juliol: triangular Real Oviedo, Genoa CFC i Villarreal CF."},{"type":"paragraph","text":"\u2022 Villarreal CF-Genoa CFC a l\u2019Estadi Carlos Tartiere (19.00 hores)."},{"type":"paragraph","text":"\u2022 Real Oviedo-Villarreal CF a l\u2019Estadi Carlos Tartiere (21.00 hores)."},{"type":"paragraph","text":"Dissabte, 2 d\u2019agost:"},{"type":"paragraph","text":"\u2022 Leeds United FC-Villarreal CF a Elland Road (16.00 hores a Espanya)."},{"type":"paragraph","text":"Pr\u00f2ximament es donaran a con\u00e9ixer m\u00e9s partits de preparaci\u00f3 del Villarreal CF."}],"buttons":[],"images":[],"widgets":[],"blocks":[{"type":"heading","level":2,"text":"El Submar\u00ed ja t\u00e9 confirmats quatre amistosos de pretemporada, dos dels quals formen part d\u2019un triangular a Oviedo"},{"type":"paragraph","text":"La primera plantilla del Villarreal CF tornar\u00e0 al treball dilluns que ve, 7 de juliol. Els tres primers dies (7, 8 i 9 de juliol) estaran destinats a realitzar les pertinents proves m\u00e8diques als jugadors, que aniran acudint per grups a la Ciutat Esportiva Jos\u00e9 Manuel Llaneza. El primer entrenament sobre la gespa, als ordes de Marcelino Garc\u00eda Toral, es dur\u00e0 a terme el dijous, 10 de juliol en un horari encara per determinar."},{"type":"paragraph","text":"A m\u00e9s, cal destacar que el Submar\u00ed ja t\u00e9 confirmats quatre compromisos amistosos de pretemporada, dos dels quals formen part d\u2019un torneig triangular a Oviedo. S\u00f3n els seg\u00fcents:"},{"type":"paragraph","text":"Divendres, 25 de juliol:"},{"type":"paragraph","text":"\u2022 Sporting Clube de Portugal-Villarreal CF a l\u2019Estadi Nacional do Jamor (horari per confirmar)."},{"type":"paragraph","text":"Dijous, 31 de juliol: triangular Real Oviedo, Genoa CFC i Villarreal CF."},{"type":"paragraph","text":"\u2022 Villarreal CF-Genoa CFC a l\u2019Estadi Carlos Tartiere (19.00 hores)."},{"type":"paragraph","text":"\u2022 Real Oviedo-Villarreal CF a l\u2019Estadi Carlos Tartiere (21.00 hores)."},{"type":"paragraph","text":"Dissabte, 2 d\u2019agost:"},{"type":"paragraph","text":"\u2022 Leeds United FC-Villarreal CF a Elland Road (16.00 hores a Espanya)."},{"type":"paragraph","text":"Pr\u00f2ximament es donaran a con\u00e9ixer m\u00e9s partits de preparaci\u00f3 del Villarreal CF."}]}},"sections":[{"id":"section-1","title":"El Submar\u00ed ja t\u00e9 confirmats quatre amistosos de pretemporada, dos dels quals formen part d\u2019un triangular a Oviedo","text":"El Submar\u00ed ja t\u00e9 confirmats quatre amistosos de pretemporada, dos dels quals formen part d\u2019un triangular a Oviedo La primera plantilla del Villarreal CF tornar\u00e0 al treball dilluns que ve, 7 de juliol. Els tres primers dies (7, 8 i 9 de juliol) estaran destinats a realitzar les pertinents proves m\u00e8diques als jugadors, que aniran acudint per grups a la Ciutat Esportiva Jos\u00e9 Manuel Llaneza. El primer entrenament sobre la gespa, als ordes de Marcelino Garc\u00eda Toral, es dur\u00e0 a terme el dijous, 10 de juliol en un horari encara per determinar. A m\u00e9s, cal destacar que el Submar\u00ed ja t\u00e9 confirmats quatre compromisos amistosos de pretemporada, dos dels quals formen part d\u2019un torneig triangular a Oviedo. S\u00f3n els seg\u00fcents: Divendres, 25 de juliol: \u2022 Sporting Clube de Portugal-Villarreal CF a l\u2019Estadi Nacional do Jamor (horari per confirmar). Dijous, 31 de juliol: triangular Real Oviedo, Genoa CFC i Villarreal CF. \u2022 Villarreal CF-Genoa CFC a l\u2019Estadi Carlos Tartiere (19.00 hores). \u2022 Real Oviedo-Villarreal CF a l\u2019Estadi Carlos Tartiere (21.00 hores). Dissabte, 2 d\u2019agost: \u2022 Leeds United FC-Villarreal CF a Elland Road (16.00 hores a Espanya). Pr\u00f2ximament es donaran a con\u00e9ixer m\u00e9s partits de preparaci\u00f3 del Villarreal CF.","url":"","background_image":"","images":[],"videos":[],"links":[]}]},"excerpt":{"rendered":"El Submar\u00ed ja t\u00e9 confirmats quatre amistosos de pretemporada, dos dels quals formen part d&#8217;un triangular a Oviedo","protected":false},"author":23,"featured_media":593219,"comment_status":"closed","ping_status":"closed","sticky":false,"template":"","format":"standard","meta":{"_acf_changed":false,"footnotes":""},"categories":[13493],"tags":[9402,14361,11486,717,16198,9219,13781,716,9205,13556,13557,5058],"acf":null,"lang":"val","translations":{"es":593208,"val":593213,"en":593224},"essential_grid":{"has_grid":false},"formatted_date":"June 10, 2025","modified_date":"June 10, 2025","permalink":"https:\/\/villarrealcf.es\/val\/el-villarreal-volvera-al-trabajo-el-7-de-julio\/","reading_time":1,"featured_media_data":{"id":593219,"title":"GRUPO","caption":"GRUPO","alt_text":"","description":"","mime_type":"image\/jpeg","source_url":"https:\/\/villarrealcf.es\/wp-content\/uploads\/2025\/06\/20250521-Entrenamiento-024.jpg","sizes":{"thumbnail":{"url":"https:\/\/villarrealcf.es\/wp-content\/uploads\/2025\/06\/20250521-Entrenamiento-024-1920x1080.jpg","width":1920,"height":1080},"medium":{"url":"https:\/\/villarrealcf.es\/wp-content\/uploads\/2025\/06\/20250521-Entrenamiento-024-1920x1080.jpg","width":1920,"height":1080},"medium_large":{"url":"https:\/\/villarrealcf.es\/wp-content\/uploads\/2025\/06\/20250521-Entrenamiento-024-768x432.jpg","width":768,"height":432},"large":{"url":"https:\/\/villarrealcf.es\/wp-content\/uploads\/2025\/06\/20250521-Entrenamiento-024-1920x1080.jpg","width":788,"height":443},"1536x1536":{"url":"https:\/\/villarrealcf.es\/wp-content\/uploads\/2025\/06\/20250521-Entrenamiento-024-1536x864.jpg","width":1536,"height":864},"2048x2048":{"url":"https:\/\/villarrealcf.es\/wp-content\/uploads\/2025\/06\/20250521-Entrenamiento-024-2048x1152.jpg","width":2048,"height":1152},"tp-image-grid":{"url":"https:\/\/villarrealcf.es\/wp-content\/uploads\/2025\/06\/20250521-Entrenamiento-024-700x700.jpg","width":700,"height":700},"size-bunyad-medium":{"url":"https:\/\/villarrealcf.es\/wp-content\/uploads\/2025\/06\/20250521-Entrenamiento-024-1920x1080.jpg","width":1920,"height":1080},"sportspress-crop-medium":{"url":"https:\/\/villarrealcf.es\/wp-content\/uploads\/2025\/06\/20250521-Entrenamiento-024-300x300.jpg","width":300,"height":300},"sportspress-fit-medium":{"url":"https:\/\/villarrealcf.es\/wp-content\/uploads\/2025\/06\/20250521-Entrenamiento-024-300x169.jpg","width":300,"height":169},"sportspress-fit-icon":{"url":"https:\/\/villarrealcf.es\/wp-content\/uploads\/2025\/06\/20250521-Entrenamiento-024-128x72.jpg","width":128,"height":72},"sportspress-fit-mini":{"url":"https:\/\/villarrealcf.es\/wp-content\/uploads\/2025\/06\/20250521-Entrenamiento-024-32x18.jpg","width":32,"height":18},"bunyad-small":{"url":"https:\/\/villarrealcf.es\/wp-content\/uploads\/2025\/06\/20250521-Entrenamiento-024-150x84.jpg","width":150,"height":84},"bunyad-medium":{"url":"https:\/\/villarrealcf.es\/wp-content\/uploads\/2025\/06\/20250521-Entrenamiento-024-450x253.jpg","width":450,"height":253},"bunyad-full":{"url":"https:\/\/villarrealcf.es\/wp-content\/uploads\/2025\/06\/20250521-Entrenamiento-024-1200x675.jpg","width":1200,"height":675},"bunyad-viewport":{"url":"https:\/\/villarrealcf.es\/wp-content\/uploads\/2025\/06\/20250521-Entrenamiento-024-2048x1152.jpg","width":2048,"height":1152},"bunyad-768":{"url":"https:\/\/villarrealcf.es\/wp-content\/uploads\/2025\/06\/20250521-Entrenamiento-024-768x432.jpg","width":768,"height":432},"full":{"url":"https:\/\/villarrealcf.es\/wp-content\/uploads\/2025\/06\/20250521-Entrenamiento-024.jpg","width":2316,"height":1303}}},"author_data":{"id":"23","name":"Fran Segovia","first_name":"Fran","last_name":"Segovia","description":"","avatar_url":"https:\/\/secure.gravatar.com\/avatar\/9ec849b3b9cb451091f0a96d7943b1c6be26a8d6fd3b94d5b5bfd496b2536c42?s=96&d=mm&r=g","acf":null},"taxonomies_data":{"category":[{"id":13493,"name":"Primer equip","slug":"primer-equip","acf":null}],"post_tag":[{"id":9402,"name":"Amistoso","slug":"amistoso-val","acf":null},{"id":14361,"name":"Ciudad Deportiva Jos\u00e9 Manuel Llaneza","slug":"ciudad-deportiva-jose-manuel-llaneza-2-val","acf":null},{"id":11486,"name":"Entrenamiento","slug":"entrenamiento-val","acf":null},{"id":717,"name":"Football","slug":"football-d34","acf":null},{"id":16198,"name":"F\u00fatbol","slug":"futbol-3-val","acf":null},{"id":9219,"name":"Marcelino Garc\u00eda Toral","slug":"marcelino-garcia-toral-val","acf":null},{"id":13781,"name":"Sin categorizar","slug":"sin-categorizar-val","acf":null},{"id":716,"name":"Soccer","slug":"soccer-d105","acf":null},{"id":9205,"name":"Submarino","slug":"submarino-val","acf":null},{"id":13556,"name":"Submarino Amarillo","slug":"submarino-amarillo-val-2","acf":null},{"id":13557,"name":"Villarreal CF","slug":"villarreal-cf-val-2","acf":null},{"id":5058,"name":"Vuelta al Trabajo","slug":"vuelta-al-trabajo","acf":null}],"translation_priority":[{"id":735,"name":"Optional","slug":"optional-val","acf":null}]},"seo_full":{"native":{"title":"El Villarreal tornar\u00e0 al treball el 7 de juliol - Web Oficial del Villarreal CF","description":"El Submar\u00ed ja t\u00e9 confirmats quatre amistosos de pretemporada, dos dels quals formen part d'un triangular a Oviedo","canonical":"https:\/\/villarrealcf.es\/val\/el-villarreal-volvera-al-trabajo-el-7-de-julio\/"}},"_links":{"self":[{"href":"https:\/\/villarrealcf.es\/val\/wp-json\/wp\/v2\/posts\/593213","targetHints":{"allow":["GET"]}}],"collection":[{"href":"https:\/\/villarrealcf.es\/val\/wp-json\/wp\/v2\/posts"}],"about":[{"href":"https:\/\/villarrealcf.es\/val\/wp-json\/wp\/v2\/types\/post"}],"author":[{"embeddable":true,"href":"https:\/\/villarrealcf.es\/val\/wp-json\/wp\/v2\/users\/23"}],"replies":[{"embeddable":true,"href":"https:\/\/villarrealcf.es\/val\/wp-json\/wp\/v2\/comments?post=593213"}],"version-history":[{"count":0,"href":"https:\/\/villarrealcf.es\/val\/wp-json\/wp\/v2\/posts\/593213\/revisions"}],"wp:featuredmedia":[{"embeddable":true,"href":"https:\/\/villarrealcf.es\/val\/wp-json\/wp\/v2\/media\/593219"}],"wp:attachment":[{"href":"https:\/\/villarrealcf.es\/val\/wp-json\/wp\/v2\/media?parent=593213"}],"wp:term":[{"taxonomy":"category","embeddable":true,"href":"https:\/\/villarrealcf.es\/val\/wp-json\/wp\/v2\/categories?post=593213"},{"taxonomy":"post_tag","embeddable":true,"href":"https:\/\/villarrealcf.es\/val\/wp-json\/wp\/v2\/tags?post=593213"}],"curies":[{"name":"wp","href":"https:\/\/api.w.org\/{rel}","templated":true}]}}