{"id":592272,"date":"2025-06-02T11:22:50","date_gmt":"2025-06-02T09:22:50","guid":{"rendered":"https:\/\/villarrealcf.es\/el-submarino-es-por-primera-vez-campeon-de-laliga-genuine\/"},"modified":"2025-06-02T12:47:31","modified_gmt":"2025-06-02T10:47:31","slug":"el-submarino-es-por-primera-vez-campeon-de-laliga-genuine","status":"publish","type":"post","link":"https:\/\/villarrealcf.es\/val\/el-submarino-es-por-primera-vez-campeon-de-laliga-genuine\/","title":{"rendered":"\u00a1Campions de LALIGA Genuine!"},"content":{"protected":false,"blocks":[{"type":"heading","level":2,"text":"El Villarreal EDI al\u00e7a el trofeu de la lliga Compa\u00f1erismo en la fase final disputada a Bilbao"},{"type":"paragraph","text":"El Villarreal EDI ha culminat LALIGA Genuine en gran despr\u00e9s dels seus \u00faltims tres triomfs en la fase final de la competici\u00f3, que li han valgut per a fer-se amb el t\u00edtol de la lliga Compa\u00f1erismo a Bilbao."},{"type":"paragraph","text":"Els groguets aconseguixen coronar-se abans de res pron\u00f2stic, passant en esta \u00faltima fase de quart a primer classificat. Per a aix\u00f2 han hagut de guanyar a l\u2019amfitri\u00f3, l\u2019Athletic Club Fundazioa, al qual anava l\u00edder en eixe moment, el Fundaci\u00f3n Club Atl\u00e9tico de Madrid i a la Real Sociedad. Un cap de setmana immaculat en una competici\u00f3 molt especial i reconeguda en el futbol inclusiu del nostre pa\u00eds."},{"type":"paragraph","text":"Els 16 magn\u00edfics protagonistes d\u2019este t\u00edtol hist\u00f2ric s\u00f3n els seg\u00fcents: Adri\u00e1n Centelles, Ismael Montiel, Javier Ruiz, Eric Villegas, Jos\u00e9 Gonzalbo, Jos\u00e9 Manuel Vicent, Iv\u00e1n Mengual, Marc Gimeno, Miguel \u00c1ngel Archela, Francisco Pinel, David Garc\u00eda, David Pliego, \u00d3scar Conesa, Iv\u00e1n Centelles, Juan V\u00edctor, Andr\u00e9s Sanchez i Juan Ram\u00f3n Lara. Per\u00f2 este assoliment no hauria sigut possible sense el treball, el carinyo i la dedicaci\u00f3 dels t\u00e8cnics Ana Roig, Sonia Alc\u00f3n, Rafael Juli\u00e1n i Marta Cadis."},{"type":"paragraph","text":"Un t\u00edtol que significa molt"},{"type":"paragraph","text":"Des del primer moment, el Villarreal CF ha posat la seua confian\u00e7a i ha estat estat involucrat en este projecte. El Submar\u00ed va ser un dels clubs fundadors de LALIGA Genuine, sent a m\u00e9s el seu primer amfitri\u00f3, en acollir la fase inaugural de la primera edici\u00f3 d\u2019este torneig a la Ciutat Esportiva Jos\u00e9 Manuel Llaneza a l\u2019octubre de 2017. Les instal\u00b7lacions groguetas van albergar tamb\u00e9 la seu final en la temporada 2022\/2023 i esta temporada van fer el propi en la tercera fase del torneig."},{"type":"paragraph","text":"Este premi \u00e9s un merescut reconeixement al treball i esfor\u00e7 que s\u2019ha fet des del club per a fer un equip EDI inclusiu amb jugadors ambiciosos i amb ganes de passar-s\u2019ho b\u00e9. Els jugadors ho van celebrar amb il\u00b7lusi\u00f3 a Bilbao durant el lliurament de premis i m\u00e9s tard van fer el propi a Vila-real, quan van arribar amb la copa a la Ciutat Esportiva Jos\u00e9 Manuel Llaneza en la qual van tindre una fant\u00e0stica recepci\u00f3 amb canticos, banderes i balls per a celebrar este t\u00edtol tan especial al costat de l\u2019afici\u00f3 grogueta."},{"type":"paragraph","text":"Amb este excepcional final de temporada, el Villarreal aconseguix l\u2019objectiu de tots els seus equips, aconseguida la perman\u00e8ncia en l\u2019equip femen\u00ed, amb un final fat\u00eddic que va culminar en l\u2019\u00faltim sospir amb un gol de Claudia Ense\u00f1at en el minut 90; la salvaci\u00f3 del Villarreal B, tamb\u00e9 en l\u2019\u00faltim tram de la temporada; la classificaci\u00f3 per a la Champions del primer equip, quedant quint classificat; i finalment, la coronaci\u00f3 de l\u2019equip EDI. Una temporada hist\u00f2rica per a emmarcar i recordar sempre."}],"structured":{"summary":{"text":"El Villarreal EDI al\u00e7a el trofeu de la lliga Compa\u00f1erismo en la fase final disputada a Bilbao El Villarreal EDI ha culminat LALIGA Genuine en gran despr\u00e9s dels seus \u00faltims tres triomfs en la fase final de la competici\u00f3, que li han valgut per a fer-se amb el t\u00edtol de la lliga Compa\u00f1erismo a Bilbao. Els groguets aconseguixen coronar-se abans de res pron\u00f2stic, passant en esta \u00faltima fase de quart a primer classificat. Per a aix\u00f2 han hagut de guanyar a l\u2019amfitri\u00f3, l\u2019Athletic Club Fundazioa, al qual anava l\u00edder en eixe moment, el Fundaci\u00f3n Club Atl\u00e9tico de Madrid i a la Real Sociedad. Un cap de setmana immaculat en una competici\u00f3 molt especial i reconeguda en el futbol inclusiu del nostre pa\u00eds. Els 16 magn\u00edfics protagonistes d\u2019este t\u00edtol hist\u00f2ric s\u00f3n els seg\u00fcents: Adri\u00e1n Centelles, Ismael Montiel, Javier Ruiz, Eric Villegas, Jos\u00e9 Gonzalbo, Jos\u00e9 Manuel Vicent, Iv\u00e1n Mengual, Marc Gimeno, Miguel \u00c1ngel Archela, Francisco Pinel, David Garc\u00eda, David Pliego, \u00d3scar Conesa, Iv\u00e1n Centelles, Juan V\u00edctor, Andr\u00e9s Sanchez i Juan Ram\u00f3n Lara. Per\u00f2 este assoliment no hauria sigut possible sense el treball, el carinyo i la dedicaci\u00f3 dels t\u00e8cnics Ana Roig, Sonia Alc\u00f3n, Rafael Juli\u00e1n i Marta Cadis. Un t\u00edtol que significa molt Des del primer moment, el Villarreal CF ha posat la seua confian\u00e7a i ha estat estat involucrat en este projecte. El Submar\u00ed va ser un dels clubs fundadors de LALIGA Genuine, sent a m\u00e9s el seu primer amfitri\u00f3, en acollir la fase inaugural de la primera edici\u00f3 d\u2019este torneig a la Ciutat Esportiva Jos\u00e9 Manuel Llaneza a l\u2019octubre de 2017. Les instal\u00b7lacions groguetas van albergar tamb\u00e9 la seu final en la temporada 2022\/2023 i esta temporada van fer el propi en la tercera fase del torneig. Este premi \u00e9s un merescut reconeixement al treball i esfor\u00e7 que s\u2019ha fet des del club per a fer un equip EDI inclusiu amb jugadors ambiciosos i amb ganes de passar-s\u2019ho b\u00e9. Els jugadors ho van celebrar amb il\u00b7lusi\u00f3 a Bilbao durant el lliurament de premis i m\u00e9s tard van fer el propi a Vila-real, quan van arribar amb la copa a la Ciutat Esportiva Jos\u00e9 Manuel Llaneza en la qual van tindre una fant\u00e0stica recepci\u00f3 amb canticos, banderes i balls per a celebrar este t\u00edtol tan especial al costat de l\u2019afici\u00f3 grogueta. Amb este excepcional final de temporada, el Villarreal aconseguix l\u2019objectiu de tots els seus equips, aconseguida la perman\u00e8ncia en l\u2019equip femen\u00ed, amb un final fat\u00eddic que va culminar en l\u2019\u00faltim sospir amb un gol de Claudia Ense\u00f1at en el minut 90; la salvaci\u00f3 del Villarreal B, tamb\u00e9 en l\u2019\u00faltim tram de la temporada; la classificaci\u00f3 per a la Champions del primer equip, quedant quint classificat; i finalment, la coronaci\u00f3 de l\u2019equip EDI. Una temporada hist\u00f2rica per a emmarcar i recordar sempre.","headings":[{"type":"heading","level":2,"text":"El Villarreal EDI al\u00e7a el trofeu de la lliga Compa\u00f1erismo en la fase final disputada a Bilbao"}],"buttons":[],"images":[],"counts":{"blocks":8,"headings":1,"texts":7,"buttons":0,"images":0}},"sections":[{"id":"section-1","title":"El Villarreal EDI al\u00e7a el trofeu de la lliga Compa\u00f1erismo en la fase final disputada a Bilbao","text":"El Villarreal EDI al\u00e7a el trofeu de la lliga Compa\u00f1erismo en la fase final disputada a Bilbao El Villarreal EDI ha culminat LALIGA Genuine en gran despr\u00e9s dels seus \u00faltims tres triomfs en la fase final de la competici\u00f3, que li han valgut per a fer-se amb el t\u00edtol de la lliga Compa\u00f1erismo a Bilbao. Els groguets aconseguixen coronar-se abans de res pron\u00f2stic, passant en esta \u00faltima fase de quart a primer classificat. Per a aix\u00f2 han hagut de guanyar a l\u2019amfitri\u00f3, l\u2019Athletic Club Fundazioa, al qual anava l\u00edder en eixe moment, el Fundaci\u00f3n Club Atl\u00e9tico de Madrid i a la Real Sociedad. Un cap de setmana immaculat en una competici\u00f3 molt especial i reconeguda en el futbol inclusiu del nostre pa\u00eds. Els 16 magn\u00edfics protagonistes d\u2019este t\u00edtol hist\u00f2ric s\u00f3n els seg\u00fcents: Adri\u00e1n Centelles, Ismael Montiel, Javier Ruiz, Eric Villegas, Jos\u00e9 Gonzalbo, Jos\u00e9 Manuel Vicent, Iv\u00e1n Mengual, Marc Gimeno, Miguel \u00c1ngel Archela, Francisco Pinel, David Garc\u00eda, David Pliego, \u00d3scar Conesa, Iv\u00e1n Centelles, Juan V\u00edctor, Andr\u00e9s Sanchez i Juan Ram\u00f3n Lara. Per\u00f2 este assoliment no hauria sigut possible sense el treball, el carinyo i la dedicaci\u00f3 dels t\u00e8cnics Ana Roig, Sonia Alc\u00f3n, Rafael Juli\u00e1n i Marta Cadis. Un t\u00edtol que significa molt Des del primer moment, el Villarreal CF ha posat la seua confian\u00e7a i ha estat estat involucrat en este projecte. El Submar\u00ed va ser un dels clubs fundadors de LALIGA Genuine, sent a m\u00e9s el seu primer amfitri\u00f3, en acollir la fase inaugural de la primera edici\u00f3 d\u2019este torneig a la Ciutat Esportiva Jos\u00e9 Manuel Llaneza a l\u2019octubre de 2017. Les instal\u00b7lacions groguetas van albergar tamb\u00e9 la seu final en la temporada 2022\/2023 i esta temporada van fer el propi en la tercera fase del torneig. Este premi \u00e9s un merescut reconeixement al treball i esfor\u00e7 que s\u2019ha fet des del club per a fer un equip EDI inclusiu amb jugadors ambiciosos i amb ganes de passar-s\u2019ho b\u00e9. Els jugadors ho van celebrar amb il\u00b7lusi\u00f3 a Bilbao durant el lliurament de premis i m\u00e9s tard van fer el propi a Vila-real, quan van arribar amb la copa a la Ciutat Esportiva Jos\u00e9 Manuel Llaneza en la qual van tindre una fant\u00e0stica recepci\u00f3 amb canticos, banderes i balls per a celebrar este t\u00edtol tan especial al costat de l\u2019afici\u00f3 grogueta. Amb este excepcional final de temporada, el Villarreal aconseguix l\u2019objectiu de tots els seus equips, aconseguida la perman\u00e8ncia en l\u2019equip femen\u00ed, amb un final fat\u00eddic que va culminar en l\u2019\u00faltim sospir amb un gol de Claudia Ense\u00f1at en el minut 90; la salvaci\u00f3 del Villarreal B, tamb\u00e9 en l\u2019\u00faltim tram de la temporada; la classificaci\u00f3 per a la Champions del primer equip, quedant quint classificat; i finalment, la coronaci\u00f3 de l\u2019equip EDI. Una temporada hist\u00f2rica per a emmarcar i recordar sempre.","headings":[{"type":"heading","level":2,"text":"El Villarreal EDI al\u00e7a el trofeu de la lliga Compa\u00f1erismo en la fase final disputada a Bilbao"}],"texts":[{"type":"paragraph","text":"El Villarreal EDI ha culminat LALIGA Genuine en gran despr\u00e9s dels seus \u00faltims tres triomfs en la fase final de la competici\u00f3, que li han valgut per a fer-se amb el t\u00edtol de la lliga Compa\u00f1erismo a Bilbao."},{"type":"paragraph","text":"Els groguets aconseguixen coronar-se abans de res pron\u00f2stic, passant en esta \u00faltima fase de quart a primer classificat. Per a aix\u00f2 han hagut de guanyar a l\u2019amfitri\u00f3, l\u2019Athletic Club Fundazioa, al qual anava l\u00edder en eixe moment, el Fundaci\u00f3n Club Atl\u00e9tico de Madrid i a la Real Sociedad. Un cap de setmana immaculat en una competici\u00f3 molt especial i reconeguda en el futbol inclusiu del nostre pa\u00eds."},{"type":"paragraph","text":"Els 16 magn\u00edfics protagonistes d\u2019este t\u00edtol hist\u00f2ric s\u00f3n els seg\u00fcents: Adri\u00e1n Centelles, Ismael Montiel, Javier Ruiz, Eric Villegas, Jos\u00e9 Gonzalbo, Jos\u00e9 Manuel Vicent, Iv\u00e1n Mengual, Marc Gimeno, Miguel \u00c1ngel Archela, Francisco Pinel, David Garc\u00eda, David Pliego, \u00d3scar Conesa, Iv\u00e1n Centelles, Juan V\u00edctor, Andr\u00e9s Sanchez i Juan Ram\u00f3n Lara. Per\u00f2 este assoliment no hauria sigut possible sense el treball, el carinyo i la dedicaci\u00f3 dels t\u00e8cnics Ana Roig, Sonia Alc\u00f3n, Rafael Juli\u00e1n i Marta Cadis."},{"type":"paragraph","text":"Un t\u00edtol que significa molt"},{"type":"paragraph","text":"Des del primer moment, el Villarreal CF ha posat la seua confian\u00e7a i ha estat estat involucrat en este projecte. El Submar\u00ed va ser un dels clubs fundadors de LALIGA Genuine, sent a m\u00e9s el seu primer amfitri\u00f3, en acollir la fase inaugural de la primera edici\u00f3 d\u2019este torneig a la Ciutat Esportiva Jos\u00e9 Manuel Llaneza a l\u2019octubre de 2017. Les instal\u00b7lacions groguetas van albergar tamb\u00e9 la seu final en la temporada 2022\/2023 i esta temporada van fer el propi en la tercera fase del torneig."},{"type":"paragraph","text":"Este premi \u00e9s un merescut reconeixement al treball i esfor\u00e7 que s\u2019ha fet des del club per a fer un equip EDI inclusiu amb jugadors ambiciosos i amb ganes de passar-s\u2019ho b\u00e9. Els jugadors ho van celebrar amb il\u00b7lusi\u00f3 a Bilbao durant el lliurament de premis i m\u00e9s tard van fer el propi a Vila-real, quan van arribar amb la copa a la Ciutat Esportiva Jos\u00e9 Manuel Llaneza en la qual van tindre una fant\u00e0stica recepci\u00f3 amb canticos, banderes i balls per a celebrar este t\u00edtol tan especial al costat de l\u2019afici\u00f3 grogueta."},{"type":"paragraph","text":"Amb este excepcional final de temporada, el Villarreal aconseguix l\u2019objectiu de tots els seus equips, aconseguida la perman\u00e8ncia en l\u2019equip femen\u00ed, amb un final fat\u00eddic que va culminar en l\u2019\u00faltim sospir amb un gol de Claudia Ense\u00f1at en el minut 90; la salvaci\u00f3 del Villarreal B, tamb\u00e9 en l\u2019\u00faltim tram de la temporada; la classificaci\u00f3 per a la Champions del primer equip, quedant quint classificat; i finalment, la coronaci\u00f3 de l\u2019equip EDI. Una temporada hist\u00f2rica per a emmarcar i recordar sempre."}],"buttons":[],"images":[],"widgets":[],"blocks":[{"type":"heading","level":2,"text":"El Villarreal EDI al\u00e7a el trofeu de la lliga Compa\u00f1erismo en la fase final disputada a Bilbao"},{"type":"paragraph","text":"El Villarreal EDI ha culminat LALIGA Genuine en gran despr\u00e9s dels seus \u00faltims tres triomfs en la fase final de la competici\u00f3, que li han valgut per a fer-se amb el t\u00edtol de la lliga Compa\u00f1erismo a Bilbao."},{"type":"paragraph","text":"Els groguets aconseguixen coronar-se abans de res pron\u00f2stic, passant en esta \u00faltima fase de quart a primer classificat. Per a aix\u00f2 han hagut de guanyar a l\u2019amfitri\u00f3, l\u2019Athletic Club Fundazioa, al qual anava l\u00edder en eixe moment, el Fundaci\u00f3n Club Atl\u00e9tico de Madrid i a la Real Sociedad. Un cap de setmana immaculat en una competici\u00f3 molt especial i reconeguda en el futbol inclusiu del nostre pa\u00eds."},{"type":"paragraph","text":"Els 16 magn\u00edfics protagonistes d\u2019este t\u00edtol hist\u00f2ric s\u00f3n els seg\u00fcents: Adri\u00e1n Centelles, Ismael Montiel, Javier Ruiz, Eric Villegas, Jos\u00e9 Gonzalbo, Jos\u00e9 Manuel Vicent, Iv\u00e1n Mengual, Marc Gimeno, Miguel \u00c1ngel Archela, Francisco Pinel, David Garc\u00eda, David Pliego, \u00d3scar Conesa, Iv\u00e1n Centelles, Juan V\u00edctor, Andr\u00e9s Sanchez i Juan Ram\u00f3n Lara. Per\u00f2 este assoliment no hauria sigut possible sense el treball, el carinyo i la dedicaci\u00f3 dels t\u00e8cnics Ana Roig, Sonia Alc\u00f3n, Rafael Juli\u00e1n i Marta Cadis."},{"type":"paragraph","text":"Un t\u00edtol que significa molt"},{"type":"paragraph","text":"Des del primer moment, el Villarreal CF ha posat la seua confian\u00e7a i ha estat estat involucrat en este projecte. El Submar\u00ed va ser un dels clubs fundadors de LALIGA Genuine, sent a m\u00e9s el seu primer amfitri\u00f3, en acollir la fase inaugural de la primera edici\u00f3 d\u2019este torneig a la Ciutat Esportiva Jos\u00e9 Manuel Llaneza a l\u2019octubre de 2017. Les instal\u00b7lacions groguetas van albergar tamb\u00e9 la seu final en la temporada 2022\/2023 i esta temporada van fer el propi en la tercera fase del torneig."},{"type":"paragraph","text":"Este premi \u00e9s un merescut reconeixement al treball i esfor\u00e7 que s\u2019ha fet des del club per a fer un equip EDI inclusiu amb jugadors ambiciosos i amb ganes de passar-s\u2019ho b\u00e9. Els jugadors ho van celebrar amb il\u00b7lusi\u00f3 a Bilbao durant el lliurament de premis i m\u00e9s tard van fer el propi a Vila-real, quan van arribar amb la copa a la Ciutat Esportiva Jos\u00e9 Manuel Llaneza en la qual van tindre una fant\u00e0stica recepci\u00f3 amb canticos, banderes i balls per a celebrar este t\u00edtol tan especial al costat de l\u2019afici\u00f3 grogueta."},{"type":"paragraph","text":"Amb este excepcional final de temporada, el Villarreal aconseguix l\u2019objectiu de tots els seus equips, aconseguida la perman\u00e8ncia en l\u2019equip femen\u00ed, amb un final fat\u00eddic que va culminar en l\u2019\u00faltim sospir amb un gol de Claudia Ense\u00f1at en el minut 90; la salvaci\u00f3 del Villarreal B, tamb\u00e9 en l\u2019\u00faltim tram de la temporada; la classificaci\u00f3 per a la Champions del primer equip, quedant quint classificat; i finalment, la coronaci\u00f3 de l\u2019equip EDI. Una temporada hist\u00f2rica per a emmarcar i recordar sempre."}]}],"hero":{"id":"section-1","title":"El Villarreal EDI al\u00e7a el trofeu de la lliga Compa\u00f1erismo en la fase final disputada a Bilbao","text":"El Villarreal EDI al\u00e7a el trofeu de la lliga Compa\u00f1erismo en la fase final disputada a Bilbao El Villarreal EDI ha culminat LALIGA Genuine en gran despr\u00e9s dels seus \u00faltims tres triomfs en la fase final de la competici\u00f3, que li han valgut per a fer-se amb el t\u00edtol de la lliga Compa\u00f1erismo a Bilbao. Els groguets aconseguixen coronar-se abans de res pron\u00f2stic, passant en esta \u00faltima fase de quart a primer classificat. Per a aix\u00f2 han hagut de guanyar a l\u2019amfitri\u00f3, l\u2019Athletic Club Fundazioa, al qual anava l\u00edder en eixe moment, el Fundaci\u00f3n Club Atl\u00e9tico de Madrid i a la Real Sociedad. Un cap de setmana immaculat en una competici\u00f3 molt especial i reconeguda en el futbol inclusiu del nostre pa\u00eds. Els 16 magn\u00edfics protagonistes d\u2019este t\u00edtol hist\u00f2ric s\u00f3n els seg\u00fcents: Adri\u00e1n Centelles, Ismael Montiel, Javier Ruiz, Eric Villegas, Jos\u00e9 Gonzalbo, Jos\u00e9 Manuel Vicent, Iv\u00e1n Mengual, Marc Gimeno, Miguel \u00c1ngel Archela, Francisco Pinel, David Garc\u00eda, David Pliego, \u00d3scar Conesa, Iv\u00e1n Centelles, Juan V\u00edctor, Andr\u00e9s Sanchez i Juan Ram\u00f3n Lara. Per\u00f2 este assoliment no hauria sigut possible sense el treball, el carinyo i la dedicaci\u00f3 dels t\u00e8cnics Ana Roig, Sonia Alc\u00f3n, Rafael Juli\u00e1n i Marta Cadis. Un t\u00edtol que significa molt Des del primer moment, el Villarreal CF ha posat la seua confian\u00e7a i ha estat estat involucrat en este projecte. El Submar\u00ed va ser un dels clubs fundadors de LALIGA Genuine, sent a m\u00e9s el seu primer amfitri\u00f3, en acollir la fase inaugural de la primera edici\u00f3 d\u2019este torneig a la Ciutat Esportiva Jos\u00e9 Manuel Llaneza a l\u2019octubre de 2017. Les instal\u00b7lacions groguetas van albergar tamb\u00e9 la seu final en la temporada 2022\/2023 i esta temporada van fer el propi en la tercera fase del torneig. Este premi \u00e9s un merescut reconeixement al treball i esfor\u00e7 que s\u2019ha fet des del club per a fer un equip EDI inclusiu amb jugadors ambiciosos i amb ganes de passar-s\u2019ho b\u00e9. Els jugadors ho van celebrar amb il\u00b7lusi\u00f3 a Bilbao durant el lliurament de premis i m\u00e9s tard van fer el propi a Vila-real, quan van arribar amb la copa a la Ciutat Esportiva Jos\u00e9 Manuel Llaneza en la qual van tindre una fant\u00e0stica recepci\u00f3 amb canticos, banderes i balls per a celebrar este t\u00edtol tan especial al costat de l\u2019afici\u00f3 grogueta. Amb este excepcional final de temporada, el Villarreal aconseguix l\u2019objectiu de tots els seus equips, aconseguida la perman\u00e8ncia en l\u2019equip femen\u00ed, amb un final fat\u00eddic que va culminar en l\u2019\u00faltim sospir amb un gol de Claudia Ense\u00f1at en el minut 90; la salvaci\u00f3 del Villarreal B, tamb\u00e9 en l\u2019\u00faltim tram de la temporada; la classificaci\u00f3 per a la Champions del primer equip, quedant quint classificat; i finalment, la coronaci\u00f3 de l\u2019equip EDI. Una temporada hist\u00f2rica per a emmarcar i recordar sempre.","headings":[{"type":"heading","level":2,"text":"El Villarreal EDI al\u00e7a el trofeu de la lliga Compa\u00f1erismo en la fase final disputada a Bilbao"}],"texts":[{"type":"paragraph","text":"El Villarreal EDI ha culminat LALIGA Genuine en gran despr\u00e9s dels seus \u00faltims tres triomfs en la fase final de la competici\u00f3, que li han valgut per a fer-se amb el t\u00edtol de la lliga Compa\u00f1erismo a Bilbao."},{"type":"paragraph","text":"Els groguets aconseguixen coronar-se abans de res pron\u00f2stic, passant en esta \u00faltima fase de quart a primer classificat. Per a aix\u00f2 han hagut de guanyar a l\u2019amfitri\u00f3, l\u2019Athletic Club Fundazioa, al qual anava l\u00edder en eixe moment, el Fundaci\u00f3n Club Atl\u00e9tico de Madrid i a la Real Sociedad. Un cap de setmana immaculat en una competici\u00f3 molt especial i reconeguda en el futbol inclusiu del nostre pa\u00eds."},{"type":"paragraph","text":"Els 16 magn\u00edfics protagonistes d\u2019este t\u00edtol hist\u00f2ric s\u00f3n els seg\u00fcents: Adri\u00e1n Centelles, Ismael Montiel, Javier Ruiz, Eric Villegas, Jos\u00e9 Gonzalbo, Jos\u00e9 Manuel Vicent, Iv\u00e1n Mengual, Marc Gimeno, Miguel \u00c1ngel Archela, Francisco Pinel, David Garc\u00eda, David Pliego, \u00d3scar Conesa, Iv\u00e1n Centelles, Juan V\u00edctor, Andr\u00e9s Sanchez i Juan Ram\u00f3n Lara. Per\u00f2 este assoliment no hauria sigut possible sense el treball, el carinyo i la dedicaci\u00f3 dels t\u00e8cnics Ana Roig, Sonia Alc\u00f3n, Rafael Juli\u00e1n i Marta Cadis."},{"type":"paragraph","text":"Un t\u00edtol que significa molt"},{"type":"paragraph","text":"Des del primer moment, el Villarreal CF ha posat la seua confian\u00e7a i ha estat estat involucrat en este projecte. El Submar\u00ed va ser un dels clubs fundadors de LALIGA Genuine, sent a m\u00e9s el seu primer amfitri\u00f3, en acollir la fase inaugural de la primera edici\u00f3 d\u2019este torneig a la Ciutat Esportiva Jos\u00e9 Manuel Llaneza a l\u2019octubre de 2017. Les instal\u00b7lacions groguetas van albergar tamb\u00e9 la seu final en la temporada 2022\/2023 i esta temporada van fer el propi en la tercera fase del torneig."},{"type":"paragraph","text":"Este premi \u00e9s un merescut reconeixement al treball i esfor\u00e7 que s\u2019ha fet des del club per a fer un equip EDI inclusiu amb jugadors ambiciosos i amb ganes de passar-s\u2019ho b\u00e9. Els jugadors ho van celebrar amb il\u00b7lusi\u00f3 a Bilbao durant el lliurament de premis i m\u00e9s tard van fer el propi a Vila-real, quan van arribar amb la copa a la Ciutat Esportiva Jos\u00e9 Manuel Llaneza en la qual van tindre una fant\u00e0stica recepci\u00f3 amb canticos, banderes i balls per a celebrar este t\u00edtol tan especial al costat de l\u2019afici\u00f3 grogueta."},{"type":"paragraph","text":"Amb este excepcional final de temporada, el Villarreal aconseguix l\u2019objectiu de tots els seus equips, aconseguida la perman\u00e8ncia en l\u2019equip femen\u00ed, amb un final fat\u00eddic que va culminar en l\u2019\u00faltim sospir amb un gol de Claudia Ense\u00f1at en el minut 90; la salvaci\u00f3 del Villarreal B, tamb\u00e9 en l\u2019\u00faltim tram de la temporada; la classificaci\u00f3 per a la Champions del primer equip, quedant quint classificat; i finalment, la coronaci\u00f3 de l\u2019equip EDI. Una temporada hist\u00f2rica per a emmarcar i recordar sempre."}],"buttons":[],"images":[],"widgets":[],"blocks":[{"type":"heading","level":2,"text":"El Villarreal EDI al\u00e7a el trofeu de la lliga Compa\u00f1erismo en la fase final disputada a Bilbao"},{"type":"paragraph","text":"El Villarreal EDI ha culminat LALIGA Genuine en gran despr\u00e9s dels seus \u00faltims tres triomfs en la fase final de la competici\u00f3, que li han valgut per a fer-se amb el t\u00edtol de la lliga Compa\u00f1erismo a Bilbao."},{"type":"paragraph","text":"Els groguets aconseguixen coronar-se abans de res pron\u00f2stic, passant en esta \u00faltima fase de quart a primer classificat. Per a aix\u00f2 han hagut de guanyar a l\u2019amfitri\u00f3, l\u2019Athletic Club Fundazioa, al qual anava l\u00edder en eixe moment, el Fundaci\u00f3n Club Atl\u00e9tico de Madrid i a la Real Sociedad. Un cap de setmana immaculat en una competici\u00f3 molt especial i reconeguda en el futbol inclusiu del nostre pa\u00eds."},{"type":"paragraph","text":"Els 16 magn\u00edfics protagonistes d\u2019este t\u00edtol hist\u00f2ric s\u00f3n els seg\u00fcents: Adri\u00e1n Centelles, Ismael Montiel, Javier Ruiz, Eric Villegas, Jos\u00e9 Gonzalbo, Jos\u00e9 Manuel Vicent, Iv\u00e1n Mengual, Marc Gimeno, Miguel \u00c1ngel Archela, Francisco Pinel, David Garc\u00eda, David Pliego, \u00d3scar Conesa, Iv\u00e1n Centelles, Juan V\u00edctor, Andr\u00e9s Sanchez i Juan Ram\u00f3n Lara. Per\u00f2 este assoliment no hauria sigut possible sense el treball, el carinyo i la dedicaci\u00f3 dels t\u00e8cnics Ana Roig, Sonia Alc\u00f3n, Rafael Juli\u00e1n i Marta Cadis."},{"type":"paragraph","text":"Un t\u00edtol que significa molt"},{"type":"paragraph","text":"Des del primer moment, el Villarreal CF ha posat la seua confian\u00e7a i ha estat estat involucrat en este projecte. El Submar\u00ed va ser un dels clubs fundadors de LALIGA Genuine, sent a m\u00e9s el seu primer amfitri\u00f3, en acollir la fase inaugural de la primera edici\u00f3 d\u2019este torneig a la Ciutat Esportiva Jos\u00e9 Manuel Llaneza a l\u2019octubre de 2017. Les instal\u00b7lacions groguetas van albergar tamb\u00e9 la seu final en la temporada 2022\/2023 i esta temporada van fer el propi en la tercera fase del torneig."},{"type":"paragraph","text":"Este premi \u00e9s un merescut reconeixement al treball i esfor\u00e7 que s\u2019ha fet des del club per a fer un equip EDI inclusiu amb jugadors ambiciosos i amb ganes de passar-s\u2019ho b\u00e9. Els jugadors ho van celebrar amb il\u00b7lusi\u00f3 a Bilbao durant el lliurament de premis i m\u00e9s tard van fer el propi a Vila-real, quan van arribar amb la copa a la Ciutat Esportiva Jos\u00e9 Manuel Llaneza en la qual van tindre una fant\u00e0stica recepci\u00f3 amb canticos, banderes i balls per a celebrar este t\u00edtol tan especial al costat de l\u2019afici\u00f3 grogueta."},{"type":"paragraph","text":"Amb este excepcional final de temporada, el Villarreal aconseguix l\u2019objectiu de tots els seus equips, aconseguida la perman\u00e8ncia en l\u2019equip femen\u00ed, amb un final fat\u00eddic que va culminar en l\u2019\u00faltim sospir amb un gol de Claudia Ense\u00f1at en el minut 90; la salvaci\u00f3 del Villarreal B, tamb\u00e9 en l\u2019\u00faltim tram de la temporada; la classificaci\u00f3 per a la Champions del primer equip, quedant quint classificat; i finalment, la coronaci\u00f3 de l\u2019equip EDI. Una temporada hist\u00f2rica per a emmarcar i recordar sempre."}]}},"sections":[{"id":"section-1","title":"El Villarreal EDI al\u00e7a el trofeu de la lliga Compa\u00f1erismo en la fase final disputada a Bilbao","text":"El Villarreal EDI al\u00e7a el trofeu de la lliga Compa\u00f1erismo en la fase final disputada a Bilbao El Villarreal EDI ha culminat LALIGA Genuine en gran despr\u00e9s dels seus \u00faltims tres triomfs en la fase final de la competici\u00f3, que li han valgut per a fer-se amb el t\u00edtol de la lliga Compa\u00f1erismo a Bilbao. Els groguets aconseguixen coronar-se abans de res pron\u00f2stic, passant en esta \u00faltima fase de quart a primer classificat. Per a aix\u00f2 han hagut de guanyar a l\u2019amfitri\u00f3, l\u2019Athletic Club Fundazioa, al qual anava l\u00edder en eixe moment, el Fundaci\u00f3n Club Atl\u00e9tico de Madrid i a la Real Sociedad. Un cap de setmana immaculat en una competici\u00f3 molt especial i reconeguda en el futbol inclusiu del nostre pa\u00eds. Els 16 magn\u00edfics protagonistes d\u2019este t\u00edtol hist\u00f2ric s\u00f3n els seg\u00fcents: Adri\u00e1n Centelles, Ismael Montiel, Javier Ruiz, Eric Villegas, Jos\u00e9 Gonzalbo, Jos\u00e9 Manuel Vicent, Iv\u00e1n Mengual, Marc Gimeno, Miguel \u00c1ngel Archela, Francisco Pinel, David Garc\u00eda, David Pliego, \u00d3scar Conesa, Iv\u00e1n Centelles, Juan V\u00edctor, Andr\u00e9s Sanchez i Juan Ram\u00f3n Lara. Per\u00f2 este assoliment no hauria sigut possible sense el treball, el carinyo i la dedicaci\u00f3 dels t\u00e8cnics Ana Roig, Sonia Alc\u00f3n, Rafael Juli\u00e1n i Marta Cadis. Un t\u00edtol que significa molt Des del primer moment, el Villarreal CF ha posat la seua confian\u00e7a i ha estat estat involucrat en este projecte. El Submar\u00ed va ser un dels clubs fundadors de LALIGA Genuine, sent a m\u00e9s el seu primer amfitri\u00f3, en acollir la fase inaugural de la primera edici\u00f3 d\u2019este torneig a la Ciutat Esportiva Jos\u00e9 Manuel Llaneza a l\u2019octubre de 2017. Les instal\u00b7lacions groguetas van albergar tamb\u00e9 la seu final en la temporada 2022\/2023 i esta temporada van fer el propi en la tercera fase del torneig. Este premi \u00e9s un merescut reconeixement al treball i esfor\u00e7 que s\u2019ha fet des del club per a fer un equip EDI inclusiu amb jugadors ambiciosos i amb ganes de passar-s\u2019ho b\u00e9. Els jugadors ho van celebrar amb il\u00b7lusi\u00f3 a Bilbao durant el lliurament de premis i m\u00e9s tard van fer el propi a Vila-real, quan van arribar amb la copa a la Ciutat Esportiva Jos\u00e9 Manuel Llaneza en la qual van tindre una fant\u00e0stica recepci\u00f3 amb canticos, banderes i balls per a celebrar este t\u00edtol tan especial al costat de l\u2019afici\u00f3 grogueta. Amb este excepcional final de temporada, el Villarreal aconseguix l\u2019objectiu de tots els seus equips, aconseguida la perman\u00e8ncia en l\u2019equip femen\u00ed, amb un final fat\u00eddic que va culminar en l\u2019\u00faltim sospir amb un gol de Claudia Ense\u00f1at en el minut 90; la salvaci\u00f3 del Villarreal B, tamb\u00e9 en l\u2019\u00faltim tram de la temporada; la classificaci\u00f3 per a la Champions del primer equip, quedant quint classificat; i finalment, la coronaci\u00f3 de l\u2019equip EDI. Una temporada hist\u00f2rica per a emmarcar i recordar sempre.","url":"","background_image":"","images":[],"videos":[],"links":[]}]},"excerpt":{"rendered":"El Villarreal EDI al\u00e7a el trofeu de la lliga Compa\u00f1erismo en la fase final disputada a Bilbao","protected":false},"author":1,"featured_media":592267,"comment_status":"closed","ping_status":"closed","sticky":false,"template":"","format":"standard","meta":{"_acf_changed":false,"footnotes":""},"categories":[13509],"tags":[9639,9242,9244,717,9270,14306,716,9205,9627,9203,14655],"acf":null,"lang":"val","translations":{"es":592261,"val":592272,"en":592306},"essential_grid":{"has_grid":false},"formatted_date":"June 2, 2025","modified_date":"June 2, 2025","permalink":"https:\/\/villarrealcf.es\/val\/el-submarino-es-por-primera-vez-campeon-de-laliga-genuine\/","reading_time":3,"featured_media_data":{"id":592267,"title":"LALIGA GENUINE","caption":"","alt_text":"","description":"","mime_type":"image\/jpeg","source_url":"https:\/\/villarrealcf.es\/wp-content\/uploads\/2025\/06\/LALIGA-GENUINE.jpg","sizes":{"thumbnail":{"url":"https:\/\/villarrealcf.es\/wp-content\/uploads\/2025\/06\/LALIGA-GENUINE.jpg","width":1920,"height":1080},"medium":{"url":"https:\/\/villarrealcf.es\/wp-content\/uploads\/2025\/06\/LALIGA-GENUINE.jpg","width":1920,"height":1080},"medium_large":{"url":"https:\/\/villarrealcf.es\/wp-content\/uploads\/2025\/06\/LALIGA-GENUINE-768x432.jpg","width":768,"height":432},"large":{"url":"https:\/\/villarrealcf.es\/wp-content\/uploads\/2025\/06\/LALIGA-GENUINE.jpg","width":788,"height":443},"1536x1536":{"url":"https:\/\/villarrealcf.es\/wp-content\/uploads\/2025\/06\/LALIGA-GENUINE-1536x864.jpg","width":1536,"height":864},"2048x2048":{"url":"https:\/\/villarrealcf.es\/wp-content\/uploads\/2025\/06\/LALIGA-GENUINE.jpg","width":1920,"height":1080},"tp-image-grid":{"url":"https:\/\/villarrealcf.es\/wp-content\/uploads\/2025\/06\/LALIGA-GENUINE-700x700.jpg","width":700,"height":700},"size-bunyad-medium":{"url":"https:\/\/villarrealcf.es\/wp-content\/uploads\/2025\/06\/LALIGA-GENUINE.jpg","width":1920,"height":1080},"sportspress-crop-medium":{"url":"https:\/\/villarrealcf.es\/wp-content\/uploads\/2025\/06\/LALIGA-GENUINE-300x300.jpg","width":300,"height":300},"sportspress-fit-medium":{"url":"https:\/\/villarrealcf.es\/wp-content\/uploads\/2025\/06\/LALIGA-GENUINE-300x169.jpg","width":300,"height":169},"sportspress-fit-icon":{"url":"https:\/\/villarrealcf.es\/wp-content\/uploads\/2025\/06\/LALIGA-GENUINE-128x72.jpg","width":128,"height":72},"sportspress-fit-mini":{"url":"https:\/\/villarrealcf.es\/wp-content\/uploads\/2025\/06\/LALIGA-GENUINE-32x18.jpg","width":32,"height":18},"bunyad-small":{"url":"https:\/\/villarrealcf.es\/wp-content\/uploads\/2025\/06\/LALIGA-GENUINE-150x84.jpg","width":150,"height":84},"bunyad-medium":{"url":"https:\/\/villarrealcf.es\/wp-content\/uploads\/2025\/06\/LALIGA-GENUINE-450x253.jpg","width":450,"height":253},"bunyad-full":{"url":"https:\/\/villarrealcf.es\/wp-content\/uploads\/2025\/06\/LALIGA-GENUINE-1200x675.jpg","width":1200,"height":675},"bunyad-viewport":{"url":"https:\/\/villarrealcf.es\/wp-content\/uploads\/2025\/06\/LALIGA-GENUINE.jpg","width":1920,"height":1080},"bunyad-768":{"url":"https:\/\/villarrealcf.es\/wp-content\/uploads\/2025\/06\/LALIGA-GENUINE-768x432.jpg","width":768,"height":432},"full":{"url":"https:\/\/villarrealcf.es\/wp-content\/uploads\/2025\/06\/LALIGA-GENUINE.jpg","width":1920,"height":1080}}},"author_data":{"id":"1","name":"root_envidea","first_name":"Villarreal CF","last_name":"","description":"","avatar_url":"https:\/\/secure.gravatar.com\/avatar\/48f95f42a3ccc324f3a3458e4b9e6fb070b083e99d388e170c1afb061fa99b63?s=96&d=mm&r=g","acf":null},"taxonomies_data":{"category":[{"id":13509,"name":"Endavant","slug":"endavant-val","acf":null}],"post_tag":[{"id":9639,"name":"Athletic Club de Bilbao","slug":"athletic-club-de-bilbao-val","acf":null},{"id":9242,"name":"Endavant","slug":"endavant-val-2","acf":null},{"id":9244,"name":"Endavant Solidaritat","slug":"endavant-solidaritat-val-2","acf":null},{"id":717,"name":"Football","slug":"football-d34","acf":null},{"id":9270,"name":"Futbol","slug":"futbol-val","acf":null},{"id":14306,"name":"Sin categorizar","slug":"sin-categorizar-val-6","acf":null},{"id":716,"name":"Soccer","slug":"soccer-d105","acf":null},{"id":9205,"name":"Submarino","slug":"submarino-val","acf":null},{"id":9627,"name":"Submarino Amarillo","slug":"submarino-amarillo-val","acf":null},{"id":9203,"name":"Villarreal CF","slug":"villarreal-cf-val","acf":null},{"id":14655,"name":"Villarreal EDI","slug":"villarreal-edi-val","acf":null}],"translation_priority":[{"id":735,"name":"Optional","slug":"optional-val","acf":null}]},"seo_full":{"native":{"title":"\u00a1Campions de LALIGA Genuine! - Web Oficial del Villarreal CF","description":"El Villarreal EDI al\u00e7a el trofeu de la lliga Compa\u00f1erismo en la fase final disputada a Bilbao","canonical":"https:\/\/villarrealcf.es\/val\/el-submarino-es-por-primera-vez-campeon-de-laliga-genuine\/"}},"_links":{"self":[{"href":"https:\/\/villarrealcf.es\/val\/wp-json\/wp\/v2\/posts\/592272","targetHints":{"allow":["GET"]}}],"collection":[{"href":"https:\/\/villarrealcf.es\/val\/wp-json\/wp\/v2\/posts"}],"about":[{"href":"https:\/\/villarrealcf.es\/val\/wp-json\/wp\/v2\/types\/post"}],"author":[{"embeddable":true,"href":"https:\/\/villarrealcf.es\/val\/wp-json\/wp\/v2\/users\/1"}],"replies":[{"embeddable":true,"href":"https:\/\/villarrealcf.es\/val\/wp-json\/wp\/v2\/comments?post=592272"}],"version-history":[{"count":0,"href":"https:\/\/villarrealcf.es\/val\/wp-json\/wp\/v2\/posts\/592272\/revisions"}],"wp:featuredmedia":[{"embeddable":true,"href":"https:\/\/villarrealcf.es\/val\/wp-json\/wp\/v2\/media\/592267"}],"wp:attachment":[{"href":"https:\/\/villarrealcf.es\/val\/wp-json\/wp\/v2\/media?parent=592272"}],"wp:term":[{"taxonomy":"category","embeddable":true,"href":"https:\/\/villarrealcf.es\/val\/wp-json\/wp\/v2\/categories?post=592272"},{"taxonomy":"post_tag","embeddable":true,"href":"https:\/\/villarrealcf.es\/val\/wp-json\/wp\/v2\/tags?post=592272"}],"curies":[{"name":"wp","href":"https:\/\/api.w.org\/{rel}","templated":true}]}}