{"id":591590,"date":"2025-05-26T12:33:53","date_gmt":"2025-05-26T10:33:53","guid":{"rendered":"https:\/\/villarrealcf.es\/yeremy-y-baena-convocados-para-la-final-four-de-la-nations-league\/"},"modified":"2025-05-26T12:39:22","modified_gmt":"2025-05-26T10:39:22","slug":"yeremy-i-baena-convocats-per-a-la-final-four-de-la-nations-league","status":"publish","type":"post","link":"https:\/\/villarrealcf.es\/val\/yeremy-i-baena-convocats-per-a-la-final-four-de-la-nations-league\/","title":{"rendered":"Yeremy i Baena, convocats per a la Final Four de la Nations League"},"content":{"protected":false,"blocks":[{"type":"heading","level":2,"text":"Els futbolistes grocs representaran a Espanya en les semifinals davant Fran\u00e7a (5 de juny)"},{"type":"paragraph","text":"Els jugadors del Villarreal Yeremy Pino i \u00c1lex Baena han rebut la trucada de la Selecci\u00f3 Espanyola per a jugar la Final Four de la UEFA Nations League, que enfrontar\u00e0 en semifinals al combinat nacional contra la Selecci\u00f3 Francesa. El partit es disputar\u00e0 el dijous 5 de juny, a les 21.00 hores, a Stuttgart (Alemanya)."},{"type":"paragraph","text":"Si el conjunt de Luis de la Fuente aconseguix la final, s\u2019enfrontaria al guanyador de l\u2019enfrontament entre Portugal i Alemanya. La final se celebrar\u00e0 el diumenge 8 de juny a la ciutat germ\u00e0nica de Munic."}],"structured":{"summary":{"text":"Els futbolistes grocs representaran a Espanya en les semifinals davant Fran\u00e7a (5 de juny) Els jugadors del Villarreal Yeremy Pino i \u00c1lex Baena han rebut la trucada de la Selecci\u00f3 Espanyola per a jugar la Final Four de la UEFA Nations League, que enfrontar\u00e0 en semifinals al combinat nacional contra la Selecci\u00f3 Francesa. El partit es disputar\u00e0 el dijous 5 de juny, a les 21.00 hores, a Stuttgart (Alemanya). Si el conjunt de Luis de la Fuente aconseguix la final, s\u2019enfrontaria al guanyador de l\u2019enfrontament entre Portugal i Alemanya. La final se celebrar\u00e0 el diumenge 8 de juny a la ciutat germ\u00e0nica de Munic.","headings":[{"type":"heading","level":2,"text":"Els futbolistes grocs representaran a Espanya en les semifinals davant Fran\u00e7a (5 de juny)"}],"buttons":[],"images":[],"counts":{"blocks":3,"headings":1,"texts":2,"buttons":0,"images":0}},"sections":[{"id":"section-1","title":"Els futbolistes grocs representaran a Espanya en les semifinals davant Fran\u00e7a (5 de juny)","text":"Els futbolistes grocs representaran a Espanya en les semifinals davant Fran\u00e7a (5 de juny) Els jugadors del Villarreal Yeremy Pino i \u00c1lex Baena han rebut la trucada de la Selecci\u00f3 Espanyola per a jugar la Final Four de la UEFA Nations League, que enfrontar\u00e0 en semifinals al combinat nacional contra la Selecci\u00f3 Francesa. El partit es disputar\u00e0 el dijous 5 de juny, a les 21.00 hores, a Stuttgart (Alemanya). Si el conjunt de Luis de la Fuente aconseguix la final, s\u2019enfrontaria al guanyador de l\u2019enfrontament entre Portugal i Alemanya. La final se celebrar\u00e0 el diumenge 8 de juny a la ciutat germ\u00e0nica de Munic.","headings":[{"type":"heading","level":2,"text":"Els futbolistes grocs representaran a Espanya en les semifinals davant Fran\u00e7a (5 de juny)"}],"texts":[{"type":"paragraph","text":"Els jugadors del Villarreal Yeremy Pino i \u00c1lex Baena han rebut la trucada de la Selecci\u00f3 Espanyola per a jugar la Final Four de la UEFA Nations League, que enfrontar\u00e0 en semifinals al combinat nacional contra la Selecci\u00f3 Francesa. El partit es disputar\u00e0 el dijous 5 de juny, a les 21.00 hores, a Stuttgart (Alemanya)."},{"type":"paragraph","text":"Si el conjunt de Luis de la Fuente aconseguix la final, s\u2019enfrontaria al guanyador de l\u2019enfrontament entre Portugal i Alemanya. La final se celebrar\u00e0 el diumenge 8 de juny a la ciutat germ\u00e0nica de Munic."}],"buttons":[],"images":[],"widgets":[],"blocks":[{"type":"heading","level":2,"text":"Els futbolistes grocs representaran a Espanya en les semifinals davant Fran\u00e7a (5 de juny)"},{"type":"paragraph","text":"Els jugadors del Villarreal Yeremy Pino i \u00c1lex Baena han rebut la trucada de la Selecci\u00f3 Espanyola per a jugar la Final Four de la UEFA Nations League, que enfrontar\u00e0 en semifinals al combinat nacional contra la Selecci\u00f3 Francesa. El partit es disputar\u00e0 el dijous 5 de juny, a les 21.00 hores, a Stuttgart (Alemanya)."},{"type":"paragraph","text":"Si el conjunt de Luis de la Fuente aconseguix la final, s\u2019enfrontaria al guanyador de l\u2019enfrontament entre Portugal i Alemanya. La final se celebrar\u00e0 el diumenge 8 de juny a la ciutat germ\u00e0nica de Munic."}]}],"hero":{"id":"section-1","title":"Els futbolistes grocs representaran a Espanya en les semifinals davant Fran\u00e7a (5 de juny)","text":"Els futbolistes grocs representaran a Espanya en les semifinals davant Fran\u00e7a (5 de juny) Els jugadors del Villarreal Yeremy Pino i \u00c1lex Baena han rebut la trucada de la Selecci\u00f3 Espanyola per a jugar la Final Four de la UEFA Nations League, que enfrontar\u00e0 en semifinals al combinat nacional contra la Selecci\u00f3 Francesa. El partit es disputar\u00e0 el dijous 5 de juny, a les 21.00 hores, a Stuttgart (Alemanya). Si el conjunt de Luis de la Fuente aconseguix la final, s\u2019enfrontaria al guanyador de l\u2019enfrontament entre Portugal i Alemanya. La final se celebrar\u00e0 el diumenge 8 de juny a la ciutat germ\u00e0nica de Munic.","headings":[{"type":"heading","level":2,"text":"Els futbolistes grocs representaran a Espanya en les semifinals davant Fran\u00e7a (5 de juny)"}],"texts":[{"type":"paragraph","text":"Els jugadors del Villarreal Yeremy Pino i \u00c1lex Baena han rebut la trucada de la Selecci\u00f3 Espanyola per a jugar la Final Four de la UEFA Nations League, que enfrontar\u00e0 en semifinals al combinat nacional contra la Selecci\u00f3 Francesa. El partit es disputar\u00e0 el dijous 5 de juny, a les 21.00 hores, a Stuttgart (Alemanya)."},{"type":"paragraph","text":"Si el conjunt de Luis de la Fuente aconseguix la final, s\u2019enfrontaria al guanyador de l\u2019enfrontament entre Portugal i Alemanya. La final se celebrar\u00e0 el diumenge 8 de juny a la ciutat germ\u00e0nica de Munic."}],"buttons":[],"images":[],"widgets":[],"blocks":[{"type":"heading","level":2,"text":"Els futbolistes grocs representaran a Espanya en les semifinals davant Fran\u00e7a (5 de juny)"},{"type":"paragraph","text":"Els jugadors del Villarreal Yeremy Pino i \u00c1lex Baena han rebut la trucada de la Selecci\u00f3 Espanyola per a jugar la Final Four de la UEFA Nations League, que enfrontar\u00e0 en semifinals al combinat nacional contra la Selecci\u00f3 Francesa. El partit es disputar\u00e0 el dijous 5 de juny, a les 21.00 hores, a Stuttgart (Alemanya)."},{"type":"paragraph","text":"Si el conjunt de Luis de la Fuente aconseguix la final, s\u2019enfrontaria al guanyador de l\u2019enfrontament entre Portugal i Alemanya. La final se celebrar\u00e0 el diumenge 8 de juny a la ciutat germ\u00e0nica de Munic."}]}},"sections":[{"id":"section-1","title":"Els futbolistes grocs representaran a Espanya en les semifinals davant Fran\u00e7a (5 de juny)","text":"Els futbolistes grocs representaran a Espanya en les semifinals davant Fran\u00e7a (5 de juny) Els jugadors del Villarreal Yeremy Pino i \u00c1lex Baena han rebut la trucada de la Selecci\u00f3 Espanyola per a jugar la Final Four de la UEFA Nations League, que enfrontar\u00e0 en semifinals al combinat nacional contra la Selecci\u00f3 Francesa. El partit es disputar\u00e0 el dijous 5 de juny, a les 21.00 hores, a Stuttgart (Alemanya). Si el conjunt de Luis de la Fuente aconseguix la final, s\u2019enfrontaria al guanyador de l\u2019enfrontament entre Portugal i Alemanya. La final se celebrar\u00e0 el diumenge 8 de juny a la ciutat germ\u00e0nica de Munic.","url":"","background_image":"","images":[],"videos":[],"links":[]}]},"excerpt":{"rendered":"Els futbolistes grocs representaran a Espanya en les semifinals davant Fran\u00e7a (5 de juny)","protected":false},"author":25,"featured_media":591588,"comment_status":"closed","ping_status":"closed","sticky":false,"template":"","format":"standard","meta":{"_acf_changed":false,"footnotes":""},"categories":[13493],"tags":[14014,717,9270,9278,9380,716,9205,9627,14576,9203,12622],"acf":null,"lang":"val","translations":{"es":591585,"val":591590,"en":591603},"essential_grid":{"has_grid":false},"formatted_date":"May 26, 2025","modified_date":"May 26, 2025","permalink":"https:\/\/villarrealcf.es\/val\/yeremy-i-baena-convocats-per-a-la-final-four-de-la-nations-league\/","reading_time":1,"featured_media_data":{"id":591588,"title":"baena yeremy","caption":"baena yeremy","alt_text":"","description":"","mime_type":"image\/jpeg","source_url":"https:\/\/villarrealcf.es\/wp-content\/uploads\/2025\/05\/YeremyBaena.jpg","sizes":{"thumbnail":{"url":"https:\/\/villarrealcf.es\/wp-content\/uploads\/2025\/05\/YeremyBaena.jpg","width":1920,"height":1080},"medium":{"url":"https:\/\/villarrealcf.es\/wp-content\/uploads\/2025\/05\/YeremyBaena.jpg","width":1920,"height":1080},"medium_large":{"url":"https:\/\/villarrealcf.es\/wp-content\/uploads\/2025\/05\/YeremyBaena-768x432.jpg","width":768,"height":432},"large":{"url":"https:\/\/villarrealcf.es\/wp-content\/uploads\/2025\/05\/YeremyBaena.jpg","width":788,"height":443},"1536x1536":{"url":"https:\/\/villarrealcf.es\/wp-content\/uploads\/2025\/05\/YeremyBaena-1536x864.jpg","width":1536,"height":864},"2048x2048":{"url":"https:\/\/villarrealcf.es\/wp-content\/uploads\/2025\/05\/YeremyBaena.jpg","width":1920,"height":1080},"tp-image-grid":{"url":"https:\/\/villarrealcf.es\/wp-content\/uploads\/2025\/05\/YeremyBaena-700x700.jpg","width":700,"height":700},"size-bunyad-medium":{"url":"https:\/\/villarrealcf.es\/wp-content\/uploads\/2025\/05\/YeremyBaena.jpg","width":1920,"height":1080},"sportspress-crop-medium":{"url":"https:\/\/villarrealcf.es\/wp-content\/uploads\/2025\/05\/YeremyBaena-300x300.jpg","width":300,"height":300},"sportspress-fit-medium":{"url":"https:\/\/villarrealcf.es\/wp-content\/uploads\/2025\/05\/YeremyBaena-300x169.jpg","width":300,"height":169},"sportspress-fit-icon":{"url":"https:\/\/villarrealcf.es\/wp-content\/uploads\/2025\/05\/YeremyBaena-128x72.jpg","width":128,"height":72},"sportspress-fit-mini":{"url":"https:\/\/villarrealcf.es\/wp-content\/uploads\/2025\/05\/YeremyBaena-32x18.jpg","width":32,"height":18},"bunyad-small":{"url":"https:\/\/villarrealcf.es\/wp-content\/uploads\/2025\/05\/YeremyBaena-150x84.jpg","width":150,"height":84},"bunyad-medium":{"url":"https:\/\/villarrealcf.es\/wp-content\/uploads\/2025\/05\/YeremyBaena-450x253.jpg","width":450,"height":253},"bunyad-full":{"url":"https:\/\/villarrealcf.es\/wp-content\/uploads\/2025\/05\/YeremyBaena-1200x675.jpg","width":1200,"height":675},"bunyad-viewport":{"url":"https:\/\/villarrealcf.es\/wp-content\/uploads\/2025\/05\/YeremyBaena.jpg","width":1920,"height":1080},"bunyad-768":{"url":"https:\/\/villarrealcf.es\/wp-content\/uploads\/2025\/05\/YeremyBaena-768x432.jpg","width":768,"height":432},"full":{"url":"https:\/\/villarrealcf.es\/wp-content\/uploads\/2025\/05\/YeremyBaena.jpg","width":1920,"height":1080}}},"author_data":{"id":"25","name":"Javier Ayuso","first_name":"Javier","last_name":"Ayuso","description":"","avatar_url":"https:\/\/secure.gravatar.com\/avatar\/fcf8894be45988fcce5bbff0efe1790d2a7f4ba57e2c7c898f5068154e696495?s=96&d=mm&r=g","acf":null},"taxonomies_data":{"category":[{"id":13493,"name":"Primer equip","slug":"primer-equip","acf":null}],"post_tag":[{"id":14014,"name":"\u00c1lex Baena","slug":"alex-baena-2-val","acf":null},{"id":717,"name":"Football","slug":"football-d34","acf":null},{"id":9270,"name":"Futbol","slug":"futbol-val","acf":null},{"id":9278,"name":"primera division","slug":"primera-division-val","acf":null},{"id":9380,"name":"Selecci\u00f3n Espa\u00f1ola","slug":"seleccion-espanola-val","acf":null},{"id":716,"name":"Soccer","slug":"soccer-d105","acf":null},{"id":9205,"name":"Submarino","slug":"submarino-val","acf":null},{"id":9627,"name":"Submarino Amarillo","slug":"submarino-amarillo-val","acf":null},{"id":14576,"name":"Uefa Nations League","slug":"uefa-nations-league-2-val","acf":null},{"id":9203,"name":"Villarreal CF","slug":"villarreal-cf-val","acf":null},{"id":12622,"name":"Yeremy Pino","slug":"yeremy-pino-val","acf":null}],"translation_priority":[{"id":735,"name":"Optional","slug":"optional-val","acf":null}]},"seo_full":{"native":{"title":"Yeremy i Baena, convocats per a la Final Four de la Nations League - Web Oficial del Villarreal CF","description":"Els futbolistes grocs representaran a Espanya en les semifinals davant Fran\u00e7a (5 de juny)","canonical":"https:\/\/villarrealcf.es\/val\/yeremy-i-baena-convocats-per-a-la-final-four-de-la-nations-league\/"}},"_links":{"self":[{"href":"https:\/\/villarrealcf.es\/val\/wp-json\/wp\/v2\/posts\/591590","targetHints":{"allow":["GET"]}}],"collection":[{"href":"https:\/\/villarrealcf.es\/val\/wp-json\/wp\/v2\/posts"}],"about":[{"href":"https:\/\/villarrealcf.es\/val\/wp-json\/wp\/v2\/types\/post"}],"author":[{"embeddable":true,"href":"https:\/\/villarrealcf.es\/val\/wp-json\/wp\/v2\/users\/25"}],"replies":[{"embeddable":true,"href":"https:\/\/villarrealcf.es\/val\/wp-json\/wp\/v2\/comments?post=591590"}],"version-history":[{"count":0,"href":"https:\/\/villarrealcf.es\/val\/wp-json\/wp\/v2\/posts\/591590\/revisions"}],"wp:featuredmedia":[{"embeddable":true,"href":"https:\/\/villarrealcf.es\/val\/wp-json\/wp\/v2\/media\/591588"}],"wp:attachment":[{"href":"https:\/\/villarrealcf.es\/val\/wp-json\/wp\/v2\/media?parent=591590"}],"wp:term":[{"taxonomy":"category","embeddable":true,"href":"https:\/\/villarrealcf.es\/val\/wp-json\/wp\/v2\/categories?post=591590"},{"taxonomy":"post_tag","embeddable":true,"href":"https:\/\/villarrealcf.es\/val\/wp-json\/wp\/v2\/tags?post=591590"}],"curies":[{"name":"wp","href":"https:\/\/api.w.org\/{rel}","templated":true}]}}