{"id":589927,"date":"2025-05-12T11:01:11","date_gmt":"2025-05-12T09:01:11","guid":{"rendered":"https:\/\/villarrealcf.es\/las-mejores-imagenes-del-i-memorial-jose-manuel-llaneza\/"},"modified":"2025-05-12T12:05:58","modified_gmt":"2025-05-12T10:05:58","slug":"les-millors-imatges-del-i-memorial-jose-manuel-llaneza","status":"publish","type":"post","link":"https:\/\/villarrealcf.es\/val\/les-millors-imatges-del-i-memorial-jose-manuel-llaneza\/","title":{"rendered":"Les millors imatges del I Memorial Jos\u00e9 Manuel Llaneza"},"content":{"protected":false,"blocks":[{"type":"text","widget":"text-editor","text":"Els veterans del Villarreal i el Valencia van disputar dos amistosos solidaris en el Mini Estadi en benefici de ASPANION","paragraphs":[]},{"type":"text","widget":"text-editor","text":"Els equips de veterans mascul\u00ed i femen\u00ed del Villarreal CF i el Valencia CF van jugar aquest passat diumenge 11 de maig dos partits amistosos de car\u00e0cter solidari a favor de ASPANION en el Mini Estadi de la Ciutat Esportiva, amb motiu del I Memorial Jos\u00e9 Manuel Llaneza, organitzat per l\u2019Associaci\u00f3 d\u2019Exfutbolistes del Villarreal CF. El conjunt femen\u00ed groguet va caure en el seu partit davant el Valencia CF (0-4); mentre que el conjunt mascul\u00ed va empatar el seu partit (3-3) gr\u00e0cies als gols d\u2019Adri\u00e0 Granell \u2018Papi\u2019 i el doblet de V\u00edctor Fern\u00e1ndez \u2018El Chingu\u2019.","paragraphs":["Els equips de veterans mascul\u00ed i femen\u00ed del Villarreal CF i el Valencia CF van jugar aquest passat diumenge 11 de maig dos partits amistosos de car\u00e0cter solidari a favor de ASPANION en el Mini Estadi de la Ciutat Esportiva, amb motiu del I Memorial Jos\u00e9 Manuel Llaneza, organitzat per l\u2019Associaci\u00f3 d\u2019Exfutbolistes del Villarreal CF.","El conjunt femen\u00ed groguet va caure en el seu partit davant el Valencia CF (0-4); mentre que el conjunt mascul\u00ed va empatar el seu partit (3-3) gr\u00e0cies als gols d\u2019Adri\u00e0 Granell \u2018Papi\u2019 i el doblet de V\u00edctor Fern\u00e1ndez \u2018El Chingu\u2019."]},{"type":"gallery","widget":"gallery","items":[{"url":"https:\/\/villarrealcf.es\/wp-content\/uploads\/2025\/05\/Memorial-Jose-Manuel-Llaneza-001.jpg","title":"Memorial Jose Manuel Llaneza-001","thumbnail":"https:\/\/villarrealcf.es\/wp-content\/uploads\/2025\/05\/Memorial-Jose-Manuel-Llaneza-001.jpg","width":2835,"height":1890},{"url":"https:\/\/villarrealcf.es\/wp-content\/uploads\/2025\/05\/Memorial-Jose-Manuel-Llaneza-025.jpg","title":"Memorial Jose Manuel Llaneza-025","thumbnail":"https:\/\/villarrealcf.es\/wp-content\/uploads\/2025\/05\/Memorial-Jose-Manuel-Llaneza-025.jpg","width":2835,"height":1890},{"url":"https:\/\/villarrealcf.es\/wp-content\/uploads\/2025\/05\/Memorial-Jose-Manuel-Llaneza-024.jpg","title":"Memorial Jose Manuel Llaneza-024","thumbnail":"https:\/\/villarrealcf.es\/wp-content\/uploads\/2025\/05\/Memorial-Jose-Manuel-Llaneza-024.jpg","width":2835,"height":1890},{"url":"https:\/\/villarrealcf.es\/wp-content\/uploads\/2025\/05\/Memorial-Jose-Manuel-Llaneza-023.jpg","title":"Memorial Jose Manuel Llaneza-023","thumbnail":"https:\/\/villarrealcf.es\/wp-content\/uploads\/2025\/05\/Memorial-Jose-Manuel-Llaneza-023.jpg","width":2835,"height":1890},{"url":"https:\/\/villarrealcf.es\/wp-content\/uploads\/2025\/05\/Memorial-Jose-Manuel-Llaneza-022.jpg","title":"Memorial Jose Manuel Llaneza-022","thumbnail":"https:\/\/villarrealcf.es\/wp-content\/uploads\/2025\/05\/Memorial-Jose-Manuel-Llaneza-022.jpg","width":2835,"height":1890},{"url":"https:\/\/villarrealcf.es\/wp-content\/uploads\/2025\/05\/Memorial-Jose-Manuel-Llaneza-021.jpg","title":"Memorial Jose Manuel Llaneza-021","thumbnail":"https:\/\/villarrealcf.es\/wp-content\/uploads\/2025\/05\/Memorial-Jose-Manuel-Llaneza-021.jpg","width":2835,"height":1890},{"url":"https:\/\/villarrealcf.es\/wp-content\/uploads\/2025\/05\/Memorial-Jose-Manuel-Llaneza-020.jpg","title":"Memorial Jose Manuel Llaneza-020","thumbnail":"https:\/\/villarrealcf.es\/wp-content\/uploads\/2025\/05\/Memorial-Jose-Manuel-Llaneza-020.jpg","width":2835,"height":1890},{"url":"https:\/\/villarrealcf.es\/wp-content\/uploads\/2025\/05\/Memorial-Jose-Manuel-Llaneza-19.jpg","title":"Memorial Jose Manuel Llaneza-19","thumbnail":"https:\/\/villarrealcf.es\/wp-content\/uploads\/2025\/05\/Memorial-Jose-Manuel-Llaneza-19.jpg","width":2835,"height":1890},{"url":"https:\/\/villarrealcf.es\/wp-content\/uploads\/2025\/05\/Memorial-Jose-Manuel-Llaneza-018.jpg","title":"Memorial Jose Manuel Llaneza-018","thumbnail":"https:\/\/villarrealcf.es\/wp-content\/uploads\/2025\/05\/Memorial-Jose-Manuel-Llaneza-018.jpg","width":2835,"height":1890},{"url":"https:\/\/villarrealcf.es\/wp-content\/uploads\/2025\/05\/Memorial-Jose-Manuel-Llaneza-017.jpg","title":"Memorial Jose Manuel Llaneza-017","thumbnail":"https:\/\/villarrealcf.es\/wp-content\/uploads\/2025\/05\/Memorial-Jose-Manuel-Llaneza-017.jpg","width":2835,"height":1890},{"url":"https:\/\/villarrealcf.es\/wp-content\/uploads\/2025\/05\/Memorial-Jose-Manuel-Llaneza-016.jpg","title":"Memorial Jose Manuel Llaneza-016","thumbnail":"https:\/\/villarrealcf.es\/wp-content\/uploads\/2025\/05\/Memorial-Jose-Manuel-Llaneza-016.jpg","width":2835,"height":1890},{"url":"https:\/\/villarrealcf.es\/wp-content\/uploads\/2025\/05\/Memorial-Jose-Manuel-Llaneza-015.jpg","title":"Memorial Jose Manuel Llaneza-015","thumbnail":"https:\/\/villarrealcf.es\/wp-content\/uploads\/2025\/05\/Memorial-Jose-Manuel-Llaneza-015.jpg","width":2835,"height":1890},{"url":"https:\/\/villarrealcf.es\/wp-content\/uploads\/2025\/05\/Memorial-Jose-Manuel-Llaneza-014.jpg","title":"Memorial Jose Manuel Llaneza-014","thumbnail":"https:\/\/villarrealcf.es\/wp-content\/uploads\/2025\/05\/Memorial-Jose-Manuel-Llaneza-014.jpg","width":2835,"height":1890},{"url":"https:\/\/villarrealcf.es\/wp-content\/uploads\/2025\/05\/Memorial-Jose-Manuel-Llaneza-013.jpg","title":"Memorial Jose Manuel Llaneza-013","thumbnail":"https:\/\/villarrealcf.es\/wp-content\/uploads\/2025\/05\/Memorial-Jose-Manuel-Llaneza-013.jpg","width":2835,"height":1890},{"url":"https:\/\/villarrealcf.es\/wp-content\/uploads\/2025\/05\/Memorial-Jose-Manuel-Llaneza-012.jpg","title":"Memorial Jose Manuel Llaneza-012","thumbnail":"https:\/\/villarrealcf.es\/wp-content\/uploads\/2025\/05\/Memorial-Jose-Manuel-Llaneza-012.jpg","width":2835,"height":1890},{"url":"https:\/\/villarrealcf.es\/wp-content\/uploads\/2025\/05\/Memorial-Jose-Manuel-Llaneza-011.jpg","title":"Memorial Jose Manuel Llaneza-011","thumbnail":"https:\/\/villarrealcf.es\/wp-content\/uploads\/2025\/05\/Memorial-Jose-Manuel-Llaneza-011.jpg","width":2835,"height":1890},{"url":"https:\/\/villarrealcf.es\/wp-content\/uploads\/2025\/05\/Memorial-Jose-Manuel-Llaneza-010.jpg","title":"Memorial Jose Manuel Llaneza-010","thumbnail":"https:\/\/villarrealcf.es\/wp-content\/uploads\/2025\/05\/Memorial-Jose-Manuel-Llaneza-010.jpg","width":2835,"height":1890},{"url":"https:\/\/villarrealcf.es\/wp-content\/uploads\/2025\/05\/Memorial-Jose-Manuel-Llaneza-009.jpg","title":"Memorial Jose Manuel Llaneza-009","thumbnail":"https:\/\/villarrealcf.es\/wp-content\/uploads\/2025\/05\/Memorial-Jose-Manuel-Llaneza-009.jpg","width":2835,"height":1890},{"url":"https:\/\/villarrealcf.es\/wp-content\/uploads\/2025\/05\/Memorial-Jose-Manuel-Llaneza-008.jpg","title":"Memorial Jose Manuel Llaneza-008","thumbnail":"https:\/\/villarrealcf.es\/wp-content\/uploads\/2025\/05\/Memorial-Jose-Manuel-Llaneza-008.jpg","width":2835,"height":1890},{"url":"https:\/\/villarrealcf.es\/wp-content\/uploads\/2025\/05\/Memorial-Jose-Manuel-Llaneza-006.jpg","title":"Memorial Jose Manuel Llaneza-006","thumbnail":"https:\/\/villarrealcf.es\/wp-content\/uploads\/2025\/05\/Memorial-Jose-Manuel-Llaneza-006.jpg","width":2835,"height":1890},{"url":"https:\/\/villarrealcf.es\/wp-content\/uploads\/2025\/05\/Memorial-Jose-Manuel-Llaneza-005.jpg","title":"Memorial Jose Manuel Llaneza-005","thumbnail":"https:\/\/villarrealcf.es\/wp-content\/uploads\/2025\/05\/Memorial-Jose-Manuel-Llaneza-005.jpg","width":2835,"height":1890},{"url":"https:\/\/villarrealcf.es\/wp-content\/uploads\/2025\/05\/Memorial-Jose-Manuel-Llaneza-004.jpg","title":"Memorial Jose Manuel Llaneza-004","thumbnail":"https:\/\/villarrealcf.es\/wp-content\/uploads\/2025\/05\/Memorial-Jose-Manuel-Llaneza-004.jpg","width":2835,"height":1890},{"url":"https:\/\/villarrealcf.es\/wp-content\/uploads\/2025\/05\/Memorial-Jose-Manuel-Llaneza-003.jpg","title":"Memorial Jose Manuel Llaneza-003","thumbnail":"https:\/\/villarrealcf.es\/wp-content\/uploads\/2025\/05\/Memorial-Jose-Manuel-Llaneza-003.jpg","width":2835,"height":1890},{"url":"https:\/\/villarrealcf.es\/wp-content\/uploads\/2025\/05\/Memorial-Jose-Manuel-Llaneza-002.jpg","title":"Memorial Jose Manuel Llaneza-002","thumbnail":"https:\/\/villarrealcf.es\/wp-content\/uploads\/2025\/05\/Memorial-Jose-Manuel-Llaneza-002.jpg","width":2835,"height":1890}]}],"structured":{"summary":{"text":"Els veterans del Villarreal i el Valencia van disputar dos amistosos solidaris en el Mini Estadi en benefici de ASPANION Els equips de veterans mascul\u00ed i femen\u00ed del Villarreal CF i el Valencia CF van jugar aquest passat diumenge 11 de maig dos partits amistosos de car\u00e0cter solidari a favor de ASPANION en el Mini Estadi de la Ciutat Esportiva, amb motiu del I Memorial Jos\u00e9 Manuel Llaneza, organitzat per l\u2019Associaci\u00f3 d\u2019Exfutbolistes del Villarreal CF. El conjunt femen\u00ed groguet va caure en el seu partit davant el Valencia CF (0-4); mentre que el conjunt mascul\u00ed va empatar el seu partit (3-3) gr\u00e0cies als gols d\u2019Adri\u00e0 Granell \u2018Papi\u2019 i el doblet de V\u00edctor Fern\u00e1ndez \u2018El Chingu\u2019.","headings":[],"buttons":[],"images":[],"counts":{"blocks":3,"headings":0,"texts":2,"buttons":0,"images":0},"containers":3},"sections":[{"id":"7f92db4e","type":"container","classes":["elementor-section","elementor-top-section","elementor-element","elementor-element-7f92db4e","elementor-section-boxed","elementor-section-height-default"],"title":"","text":"Els veterans del Villarreal i el Valencia van disputar dos amistosos solidaris en el Mini Estadi en benefici de ASPANION","headings":[],"texts":[{"type":"text","widget":"text-editor","text":"Els veterans del Villarreal i el Valencia van disputar dos amistosos solidaris en el Mini Estadi en benefici de ASPANION","paragraphs":[]}],"buttons":[],"images":[],"widgets":["text-editor"],"blocks":[{"type":"text","widget":"text-editor","text":"Els veterans del Villarreal i el Valencia van disputar dos amistosos solidaris en el Mini Estadi en benefici de ASPANION","paragraphs":[]}],"children":[]},{"id":"4361722","type":"container","classes":["has-el-gap","el-gap-default","elementor-section","elementor-top-section","elementor-element","elementor-element-4361722","elementor-section-boxed","elementor-section-height-default"],"title":"","text":"Els equips de veterans mascul\u00ed i femen\u00ed del Villarreal CF i el Valencia CF van jugar aquest passat diumenge 11 de maig dos partits amistosos de car\u00e0cter solidari a favor de ASPANION en el Mini Estadi de la Ciutat Esportiva, amb motiu del I Memorial Jos\u00e9 Manuel Llaneza, organitzat per l\u2019Associaci\u00f3 d\u2019Exfutbolistes del Villarreal CF. El conjunt femen\u00ed groguet va caure en el seu partit davant el Valencia CF (0-4); mentre que el conjunt mascul\u00ed va empatar el seu partit (3-3) gr\u00e0cies als gols d\u2019Adri\u00e0 Granell \u2018Papi\u2019 i el doblet de V\u00edctor Fern\u00e1ndez \u2018El Chingu\u2019.","headings":[],"texts":[{"type":"text","widget":"text-editor","text":"Els equips de veterans mascul\u00ed i femen\u00ed del Villarreal CF i el Valencia CF van jugar aquest passat diumenge 11 de maig dos partits amistosos de car\u00e0cter solidari a favor de ASPANION en el Mini Estadi de la Ciutat Esportiva, amb motiu del I Memorial Jos\u00e9 Manuel Llaneza, organitzat per l\u2019Associaci\u00f3 d\u2019Exfutbolistes del Villarreal CF. El conjunt femen\u00ed groguet va caure en el seu partit davant el Valencia CF (0-4); mentre que el conjunt mascul\u00ed va empatar el seu partit (3-3) gr\u00e0cies als gols d\u2019Adri\u00e0 Granell \u2018Papi\u2019 i el doblet de V\u00edctor Fern\u00e1ndez \u2018El Chingu\u2019.","paragraphs":["Els equips de veterans mascul\u00ed i femen\u00ed del Villarreal CF i el Valencia CF van jugar aquest passat diumenge 11 de maig dos partits amistosos de car\u00e0cter solidari a favor de ASPANION en el Mini Estadi de la Ciutat Esportiva, amb motiu del I Memorial Jos\u00e9 Manuel Llaneza, organitzat per l\u2019Associaci\u00f3 d\u2019Exfutbolistes del Villarreal CF.","El conjunt femen\u00ed groguet va caure en el seu partit davant el Valencia CF (0-4); mentre que el conjunt mascul\u00ed va empatar el seu partit (3-3) gr\u00e0cies als gols d\u2019Adri\u00e0 Granell \u2018Papi\u2019 i el doblet de V\u00edctor Fern\u00e1ndez \u2018El Chingu\u2019."]}],"buttons":[],"images":[],"widgets":["text-editor"],"blocks":[{"type":"text","widget":"text-editor","text":"Els equips de veterans mascul\u00ed i femen\u00ed del Villarreal CF i el Valencia CF van jugar aquest passat diumenge 11 de maig dos partits amistosos de car\u00e0cter solidari a favor de ASPANION en el Mini Estadi de la Ciutat Esportiva, amb motiu del I Memorial Jos\u00e9 Manuel Llaneza, organitzat per l\u2019Associaci\u00f3 d\u2019Exfutbolistes del Villarreal CF. El conjunt femen\u00ed groguet va caure en el seu partit davant el Valencia CF (0-4); mentre que el conjunt mascul\u00ed va empatar el seu partit (3-3) gr\u00e0cies als gols d\u2019Adri\u00e0 Granell \u2018Papi\u2019 i el doblet de V\u00edctor Fern\u00e1ndez \u2018El Chingu\u2019.","paragraphs":["Els equips de veterans mascul\u00ed i femen\u00ed del Villarreal CF i el Valencia CF van jugar aquest passat diumenge 11 de maig dos partits amistosos de car\u00e0cter solidari a favor de ASPANION en el Mini Estadi de la Ciutat Esportiva, amb motiu del I Memorial Jos\u00e9 Manuel Llaneza, organitzat per l\u2019Associaci\u00f3 d\u2019Exfutbolistes del Villarreal CF.","El conjunt femen\u00ed groguet va caure en el seu partit davant el Valencia CF (0-4); mentre que el conjunt mascul\u00ed va empatar el seu partit (3-3) gr\u00e0cies als gols d\u2019Adri\u00e0 Granell \u2018Papi\u2019 i el doblet de V\u00edctor Fern\u00e1ndez \u2018El Chingu\u2019."]}],"children":[]},{"id":"6c2df9c","type":"container","classes":["has-el-gap","el-gap-default","elementor-section","elementor-top-section","elementor-element","elementor-element-6c2df9c","elementor-section-boxed","elementor-section-height-default"],"title":"","text":"","headings":[],"texts":[],"buttons":[],"images":[],"widgets":["gallery"],"blocks":[{"type":"gallery","widget":"gallery","items":[{"url":"https:\/\/villarrealcf.es\/wp-content\/uploads\/2025\/05\/Memorial-Jose-Manuel-Llaneza-001.jpg","title":"Memorial Jose Manuel Llaneza-001","thumbnail":"https:\/\/villarrealcf.es\/wp-content\/uploads\/2025\/05\/Memorial-Jose-Manuel-Llaneza-001.jpg","width":2835,"height":1890},{"url":"https:\/\/villarrealcf.es\/wp-content\/uploads\/2025\/05\/Memorial-Jose-Manuel-Llaneza-025.jpg","title":"Memorial Jose Manuel Llaneza-025","thumbnail":"https:\/\/villarrealcf.es\/wp-content\/uploads\/2025\/05\/Memorial-Jose-Manuel-Llaneza-025.jpg","width":2835,"height":1890},{"url":"https:\/\/villarrealcf.es\/wp-content\/uploads\/2025\/05\/Memorial-Jose-Manuel-Llaneza-024.jpg","title":"Memorial Jose Manuel Llaneza-024","thumbnail":"https:\/\/villarrealcf.es\/wp-content\/uploads\/2025\/05\/Memorial-Jose-Manuel-Llaneza-024.jpg","width":2835,"height":1890},{"url":"https:\/\/villarrealcf.es\/wp-content\/uploads\/2025\/05\/Memorial-Jose-Manuel-Llaneza-023.jpg","title":"Memorial Jose Manuel Llaneza-023","thumbnail":"https:\/\/villarrealcf.es\/wp-content\/uploads\/2025\/05\/Memorial-Jose-Manuel-Llaneza-023.jpg","width":2835,"height":1890},{"url":"https:\/\/villarrealcf.es\/wp-content\/uploads\/2025\/05\/Memorial-Jose-Manuel-Llaneza-022.jpg","title":"Memorial Jose Manuel Llaneza-022","thumbnail":"https:\/\/villarrealcf.es\/wp-content\/uploads\/2025\/05\/Memorial-Jose-Manuel-Llaneza-022.jpg","width":2835,"height":1890},{"url":"https:\/\/villarrealcf.es\/wp-content\/uploads\/2025\/05\/Memorial-Jose-Manuel-Llaneza-021.jpg","title":"Memorial Jose Manuel Llaneza-021","thumbnail":"https:\/\/villarrealcf.es\/wp-content\/uploads\/2025\/05\/Memorial-Jose-Manuel-Llaneza-021.jpg","width":2835,"height":1890},{"url":"https:\/\/villarrealcf.es\/wp-content\/uploads\/2025\/05\/Memorial-Jose-Manuel-Llaneza-020.jpg","title":"Memorial Jose Manuel Llaneza-020","thumbnail":"https:\/\/villarrealcf.es\/wp-content\/uploads\/2025\/05\/Memorial-Jose-Manuel-Llaneza-020.jpg","width":2835,"height":1890},{"url":"https:\/\/villarrealcf.es\/wp-content\/uploads\/2025\/05\/Memorial-Jose-Manuel-Llaneza-19.jpg","title":"Memorial Jose Manuel Llaneza-19","thumbnail":"https:\/\/villarrealcf.es\/wp-content\/uploads\/2025\/05\/Memorial-Jose-Manuel-Llaneza-19.jpg","width":2835,"height":1890},{"url":"https:\/\/villarrealcf.es\/wp-content\/uploads\/2025\/05\/Memorial-Jose-Manuel-Llaneza-018.jpg","title":"Memorial Jose Manuel Llaneza-018","thumbnail":"https:\/\/villarrealcf.es\/wp-content\/uploads\/2025\/05\/Memorial-Jose-Manuel-Llaneza-018.jpg","width":2835,"height":1890},{"url":"https:\/\/villarrealcf.es\/wp-content\/uploads\/2025\/05\/Memorial-Jose-Manuel-Llaneza-017.jpg","title":"Memorial Jose Manuel Llaneza-017","thumbnail":"https:\/\/villarrealcf.es\/wp-content\/uploads\/2025\/05\/Memorial-Jose-Manuel-Llaneza-017.jpg","width":2835,"height":1890},{"url":"https:\/\/villarrealcf.es\/wp-content\/uploads\/2025\/05\/Memorial-Jose-Manuel-Llaneza-016.jpg","title":"Memorial Jose Manuel Llaneza-016","thumbnail":"https:\/\/villarrealcf.es\/wp-content\/uploads\/2025\/05\/Memorial-Jose-Manuel-Llaneza-016.jpg","width":2835,"height":1890},{"url":"https:\/\/villarrealcf.es\/wp-content\/uploads\/2025\/05\/Memorial-Jose-Manuel-Llaneza-015.jpg","title":"Memorial Jose Manuel Llaneza-015","thumbnail":"https:\/\/villarrealcf.es\/wp-content\/uploads\/2025\/05\/Memorial-Jose-Manuel-Llaneza-015.jpg","width":2835,"height":1890},{"url":"https:\/\/villarrealcf.es\/wp-content\/uploads\/2025\/05\/Memorial-Jose-Manuel-Llaneza-014.jpg","title":"Memorial Jose Manuel Llaneza-014","thumbnail":"https:\/\/villarrealcf.es\/wp-content\/uploads\/2025\/05\/Memorial-Jose-Manuel-Llaneza-014.jpg","width":2835,"height":1890},{"url":"https:\/\/villarrealcf.es\/wp-content\/uploads\/2025\/05\/Memorial-Jose-Manuel-Llaneza-013.jpg","title":"Memorial Jose Manuel Llaneza-013","thumbnail":"https:\/\/villarrealcf.es\/wp-content\/uploads\/2025\/05\/Memorial-Jose-Manuel-Llaneza-013.jpg","width":2835,"height":1890},{"url":"https:\/\/villarrealcf.es\/wp-content\/uploads\/2025\/05\/Memorial-Jose-Manuel-Llaneza-012.jpg","title":"Memorial Jose Manuel Llaneza-012","thumbnail":"https:\/\/villarrealcf.es\/wp-content\/uploads\/2025\/05\/Memorial-Jose-Manuel-Llaneza-012.jpg","width":2835,"height":1890},{"url":"https:\/\/villarrealcf.es\/wp-content\/uploads\/2025\/05\/Memorial-Jose-Manuel-Llaneza-011.jpg","title":"Memorial Jose Manuel Llaneza-011","thumbnail":"https:\/\/villarrealcf.es\/wp-content\/uploads\/2025\/05\/Memorial-Jose-Manuel-Llaneza-011.jpg","width":2835,"height":1890},{"url":"https:\/\/villarrealcf.es\/wp-content\/uploads\/2025\/05\/Memorial-Jose-Manuel-Llaneza-010.jpg","title":"Memorial Jose Manuel Llaneza-010","thumbnail":"https:\/\/villarrealcf.es\/wp-content\/uploads\/2025\/05\/Memorial-Jose-Manuel-Llaneza-010.jpg","width":2835,"height":1890},{"url":"https:\/\/villarrealcf.es\/wp-content\/uploads\/2025\/05\/Memorial-Jose-Manuel-Llaneza-009.jpg","title":"Memorial Jose Manuel Llaneza-009","thumbnail":"https:\/\/villarrealcf.es\/wp-content\/uploads\/2025\/05\/Memorial-Jose-Manuel-Llaneza-009.jpg","width":2835,"height":1890},{"url":"https:\/\/villarrealcf.es\/wp-content\/uploads\/2025\/05\/Memorial-Jose-Manuel-Llaneza-008.jpg","title":"Memorial Jose Manuel Llaneza-008","thumbnail":"https:\/\/villarrealcf.es\/wp-content\/uploads\/2025\/05\/Memorial-Jose-Manuel-Llaneza-008.jpg","width":2835,"height":1890},{"url":"https:\/\/villarrealcf.es\/wp-content\/uploads\/2025\/05\/Memorial-Jose-Manuel-Llaneza-006.jpg","title":"Memorial Jose Manuel Llaneza-006","thumbnail":"https:\/\/villarrealcf.es\/wp-content\/uploads\/2025\/05\/Memorial-Jose-Manuel-Llaneza-006.jpg","width":2835,"height":1890},{"url":"https:\/\/villarrealcf.es\/wp-content\/uploads\/2025\/05\/Memorial-Jose-Manuel-Llaneza-005.jpg","title":"Memorial Jose Manuel Llaneza-005","thumbnail":"https:\/\/villarrealcf.es\/wp-content\/uploads\/2025\/05\/Memorial-Jose-Manuel-Llaneza-005.jpg","width":2835,"height":1890},{"url":"https:\/\/villarrealcf.es\/wp-content\/uploads\/2025\/05\/Memorial-Jose-Manuel-Llaneza-004.jpg","title":"Memorial Jose Manuel Llaneza-004","thumbnail":"https:\/\/villarrealcf.es\/wp-content\/uploads\/2025\/05\/Memorial-Jose-Manuel-Llaneza-004.jpg","width":2835,"height":1890},{"url":"https:\/\/villarrealcf.es\/wp-content\/uploads\/2025\/05\/Memorial-Jose-Manuel-Llaneza-003.jpg","title":"Memorial Jose Manuel Llaneza-003","thumbnail":"https:\/\/villarrealcf.es\/wp-content\/uploads\/2025\/05\/Memorial-Jose-Manuel-Llaneza-003.jpg","width":2835,"height":1890},{"url":"https:\/\/villarrealcf.es\/wp-content\/uploads\/2025\/05\/Memorial-Jose-Manuel-Llaneza-002.jpg","title":"Memorial Jose Manuel Llaneza-002","thumbnail":"https:\/\/villarrealcf.es\/wp-content\/uploads\/2025\/05\/Memorial-Jose-Manuel-Llaneza-002.jpg","width":2835,"height":1890}]}],"children":[]}],"hero":{"id":"7f92db4e","type":"container","classes":["elementor-section","elementor-top-section","elementor-element","elementor-element-7f92db4e","elementor-section-boxed","elementor-section-height-default"],"title":"","text":"Els veterans del Villarreal i el Valencia van disputar dos amistosos solidaris en el Mini Estadi en benefici de ASPANION","headings":[],"texts":[{"type":"text","widget":"text-editor","text":"Els veterans del Villarreal i el Valencia van disputar dos amistosos solidaris en el Mini Estadi en benefici de ASPANION","paragraphs":[]}],"buttons":[],"images":[],"widgets":["text-editor"],"blocks":[{"type":"text","widget":"text-editor","text":"Els veterans del Villarreal i el Valencia van disputar dos amistosos solidaris en el Mini Estadi en benefici de ASPANION","paragraphs":[]}],"children":[]}},"sections":[{"id":"7f92db4e","title":"Els veterans del Villarreal i el Valencia van disputar dos amistosos solidaris en el Mini Estadi en benefici de ASPANION","text":"Els veterans del Villarreal i el Valencia van disputar dos amistosos solidaris en el Mini Estadi en benefici de ASPANION","url":"","background_image":"","images":[],"videos":[],"links":[]},{"id":"4361722","title":"Els equips de veterans mascul\u00ed i femen\u00ed del Villarreal CF i el Valencia CF van jugar aquest passat diumenge 11 de maig dos partits amistosos de car\u00e0cter solidari a favor de ASPANION en el Mini Estadi de la Ciutat Esportiva, amb motiu del I Memorial Jos\u00e9 Manuel Llaneza, organitzat per l\u2019Associaci\u00f3 d\u2019Exfutbolistes del Villarreal CF. El conjunt femen\u00ed groguet va caure en el seu partit davant el Valencia CF (0-4); mentre que el conjunt mascul\u00ed va empatar el seu partit (3-3) gr\u00e0cies als gols d\u2019Adri\u00e0 Granell \u2018Papi\u2019 i el doblet de V\u00edctor Fern\u00e1ndez \u2018El Chingu\u2019.","text":"Els equips de veterans mascul\u00ed i femen\u00ed del Villarreal CF i el Valencia CF van jugar aquest passat diumenge 11 de maig dos partits amistosos de car\u00e0cter solidari a favor de ASPANION en el Mini Estadi de la Ciutat Esportiva, amb motiu del I Memorial Jos\u00e9 Manuel Llaneza, organitzat per l\u2019Associaci\u00f3 d\u2019Exfutbolistes del Villarreal CF. El conjunt femen\u00ed groguet va caure en el seu partit davant el Valencia CF (0-4); mentre que el conjunt mascul\u00ed va empatar el seu partit (3-3) gr\u00e0cies als gols d\u2019Adri\u00e0 Granell \u2018Papi\u2019 i el doblet de V\u00edctor Fern\u00e1ndez \u2018El Chingu\u2019.","url":"","background_image":"","images":[],"videos":[],"links":[]},{"id":"6c2df9c","title":"","text":"","url":"https:\/\/villarrealcf.es\/wp-content\/uploads\/2025\/05\/Memorial-Jose-Manuel-Llaneza-001.jpg","background_image":"","images":[],"videos":[],"links":[{"url":"https:\/\/villarrealcf.es\/wp-content\/uploads\/2025\/05\/Memorial-Jose-Manuel-Llaneza-001.jpg","text":"","target":""},{"url":"https:\/\/villarrealcf.es\/wp-content\/uploads\/2025\/05\/Memorial-Jose-Manuel-Llaneza-025.jpg","text":"","target":""},{"url":"https:\/\/villarrealcf.es\/wp-content\/uploads\/2025\/05\/Memorial-Jose-Manuel-Llaneza-024.jpg","text":"","target":""},{"url":"https:\/\/villarrealcf.es\/wp-content\/uploads\/2025\/05\/Memorial-Jose-Manuel-Llaneza-023.jpg","text":"","target":""},{"url":"https:\/\/villarrealcf.es\/wp-content\/uploads\/2025\/05\/Memorial-Jose-Manuel-Llaneza-022.jpg","text":"","target":""},{"url":"https:\/\/villarrealcf.es\/wp-content\/uploads\/2025\/05\/Memorial-Jose-Manuel-Llaneza-021.jpg","text":"","target":""},{"url":"https:\/\/villarrealcf.es\/wp-content\/uploads\/2025\/05\/Memorial-Jose-Manuel-Llaneza-020.jpg","text":"","target":""},{"url":"https:\/\/villarrealcf.es\/wp-content\/uploads\/2025\/05\/Memorial-Jose-Manuel-Llaneza-19.jpg","text":"","target":""},{"url":"https:\/\/villarrealcf.es\/wp-content\/uploads\/2025\/05\/Memorial-Jose-Manuel-Llaneza-018.jpg","text":"","target":""},{"url":"https:\/\/villarrealcf.es\/wp-content\/uploads\/2025\/05\/Memorial-Jose-Manuel-Llaneza-017.jpg","text":"","target":""},{"url":"https:\/\/villarrealcf.es\/wp-content\/uploads\/2025\/05\/Memorial-Jose-Manuel-Llaneza-016.jpg","text":"","target":""},{"url":"https:\/\/villarrealcf.es\/wp-content\/uploads\/2025\/05\/Memorial-Jose-Manuel-Llaneza-015.jpg","text":"","target":""},{"url":"https:\/\/villarrealcf.es\/wp-content\/uploads\/2025\/05\/Memorial-Jose-Manuel-Llaneza-014.jpg","text":"","target":""},{"url":"https:\/\/villarrealcf.es\/wp-content\/uploads\/2025\/05\/Memorial-Jose-Manuel-Llaneza-013.jpg","text":"","target":""},{"url":"https:\/\/villarrealcf.es\/wp-content\/uploads\/2025\/05\/Memorial-Jose-Manuel-Llaneza-012.jpg","text":"","target":""},{"url":"https:\/\/villarrealcf.es\/wp-content\/uploads\/2025\/05\/Memorial-Jose-Manuel-Llaneza-011.jpg","text":"","target":""},{"url":"https:\/\/villarrealcf.es\/wp-content\/uploads\/2025\/05\/Memorial-Jose-Manuel-Llaneza-010.jpg","text":"","target":""},{"url":"https:\/\/villarrealcf.es\/wp-content\/uploads\/2025\/05\/Memorial-Jose-Manuel-Llaneza-009.jpg","text":"","target":""},{"url":"https:\/\/villarrealcf.es\/wp-content\/uploads\/2025\/05\/Memorial-Jose-Manuel-Llaneza-008.jpg","text":"","target":""},{"url":"https:\/\/villarrealcf.es\/wp-content\/uploads\/2025\/05\/Memorial-Jose-Manuel-Llaneza-006.jpg","text":"","target":""},{"url":"https:\/\/villarrealcf.es\/wp-content\/uploads\/2025\/05\/Memorial-Jose-Manuel-Llaneza-005.jpg","text":"","target":""},{"url":"https:\/\/villarrealcf.es\/wp-content\/uploads\/2025\/05\/Memorial-Jose-Manuel-Llaneza-004.jpg","text":"","target":""},{"url":"https:\/\/villarrealcf.es\/wp-content\/uploads\/2025\/05\/Memorial-Jose-Manuel-Llaneza-003.jpg","text":"","target":""},{"url":"https:\/\/villarrealcf.es\/wp-content\/uploads\/2025\/05\/Memorial-Jose-Manuel-Llaneza-002.jpg","text":"","target":""}]}]},"excerpt":{"rendered":"Los veteranos del Villarreal y el Valencia disputaron dos amistosos solidarios en el Mini Estadi en beneficio de ASPANION","protected":false},"author":29,"featured_media":589827,"comment_status":"closed","ping_status":"closed","sticky":false,"template":"","format":"standard","meta":{"_acf_changed":false,"footnotes":""},"categories":[13509],"tags":[14715,9890,14361,9242,9244,717,16198,13420,9428,716,9205,13556,9607,13557],"acf":null,"lang":"val","translations":{"es":589822,"val":589927,"en":589962},"essential_grid":{"has_grid":false},"formatted_date":"May 12, 2025","modified_date":"May 12, 2025","permalink":"https:\/\/villarrealcf.es\/val\/les-millors-imatges-del-i-memorial-jose-manuel-llaneza\/","reading_time":1,"featured_media_data":{"id":589827,"title":"Portada-MemorialJMLlaneza","caption":"","alt_text":"","description":"","mime_type":"image\/jpeg","source_url":"https:\/\/villarrealcf.es\/wp-content\/uploads\/2025\/05\/Portada-MemorialJMLlaneza.jpg","sizes":{"thumbnail":{"url":"https:\/\/villarrealcf.es\/wp-content\/uploads\/2025\/05\/Portada-MemorialJMLlaneza.jpg","width":1920,"height":1080},"medium":{"url":"https:\/\/villarrealcf.es\/wp-content\/uploads\/2025\/05\/Portada-MemorialJMLlaneza.jpg","width":1920,"height":1080},"medium_large":{"url":"https:\/\/villarrealcf.es\/wp-content\/uploads\/2025\/05\/Portada-MemorialJMLlaneza-768x432.jpg","width":768,"height":432},"large":{"url":"https:\/\/villarrealcf.es\/wp-content\/uploads\/2025\/05\/Portada-MemorialJMLlaneza.jpg","width":788,"height":443},"1536x1536":{"url":"https:\/\/villarrealcf.es\/wp-content\/uploads\/2025\/05\/Portada-MemorialJMLlaneza-1536x864.jpg","width":1536,"height":864},"2048x2048":{"url":"https:\/\/villarrealcf.es\/wp-content\/uploads\/2025\/05\/Portada-MemorialJMLlaneza.jpg","width":1920,"height":1080},"tp-image-grid":{"url":"https:\/\/villarrealcf.es\/wp-content\/uploads\/2025\/05\/Portada-MemorialJMLlaneza-700x700.jpg","width":700,"height":700},"size-bunyad-medium":{"url":"https:\/\/villarrealcf.es\/wp-content\/uploads\/2025\/05\/Portada-MemorialJMLlaneza.jpg","width":1920,"height":1080},"sportspress-crop-medium":{"url":"https:\/\/villarrealcf.es\/wp-content\/uploads\/2025\/05\/Portada-MemorialJMLlaneza-300x300.jpg","width":300,"height":300},"sportspress-fit-medium":{"url":"https:\/\/villarrealcf.es\/wp-content\/uploads\/2025\/05\/Portada-MemorialJMLlaneza-300x169.jpg","width":300,"height":169},"sportspress-fit-icon":{"url":"https:\/\/villarrealcf.es\/wp-content\/uploads\/2025\/05\/Portada-MemorialJMLlaneza-128x72.jpg","width":128,"height":72},"sportspress-fit-mini":{"url":"https:\/\/villarrealcf.es\/wp-content\/uploads\/2025\/05\/Portada-MemorialJMLlaneza-32x18.jpg","width":32,"height":18},"bunyad-small":{"url":"https:\/\/villarrealcf.es\/wp-content\/uploads\/2025\/05\/Portada-MemorialJMLlaneza-150x84.jpg","width":150,"height":84},"bunyad-medium":{"url":"https:\/\/villarrealcf.es\/wp-content\/uploads\/2025\/05\/Portada-MemorialJMLlaneza-450x253.jpg","width":450,"height":253},"bunyad-full":{"url":"https:\/\/villarrealcf.es\/wp-content\/uploads\/2025\/05\/Portada-MemorialJMLlaneza-1200x675.jpg","width":1200,"height":675},"bunyad-viewport":{"url":"https:\/\/villarrealcf.es\/wp-content\/uploads\/2025\/05\/Portada-MemorialJMLlaneza.jpg","width":1920,"height":1080},"bunyad-768":{"url":"https:\/\/villarrealcf.es\/wp-content\/uploads\/2025\/05\/Portada-MemorialJMLlaneza-768x432.jpg","width":768,"height":432},"full":{"url":"https:\/\/villarrealcf.es\/wp-content\/uploads\/2025\/05\/Portada-MemorialJMLlaneza.jpg","width":1920,"height":1080}}},"author_data":{"id":"29","name":"Azahara Beroy","first_name":"Azahara","last_name":"Beroy","description":"","avatar_url":"https:\/\/secure.gravatar.com\/avatar\/91b979a91a1925e60814719244bbf7824af58ced5a6e2130c2611bde24439aa7?s=96&d=mm&r=g","acf":null},"taxonomies_data":{"category":[{"id":13509,"name":"Endavant","slug":"endavant-val","acf":null}],"post_tag":[{"id":14715,"name":"AEV","slug":"aev-val","acf":null},{"id":9890,"name":"ASPANION","slug":"aspanion-val","acf":null},{"id":14361,"name":"Ciudad Deportiva Jos\u00e9 Manuel Llaneza","slug":"ciudad-deportiva-jose-manuel-llaneza-2-val","acf":null},{"id":9242,"name":"Endavant","slug":"endavant-val-2","acf":null},{"id":9244,"name":"Endavant Solidaritat","slug":"endavant-solidaritat-val-2","acf":null},{"id":717,"name":"Football","slug":"football-d34","acf":null},{"id":16198,"name":"F\u00fatbol","slug":"futbol-3-val","acf":null},{"id":13420,"name":"Galer\u00eda Endavant","slug":"galeria-endavant-val","acf":null},{"id":9428,"name":"Mini Estadi","slug":"mini-estadi-val","acf":null},{"id":716,"name":"Soccer","slug":"soccer-d105","acf":null},{"id":9205,"name":"Submarino","slug":"submarino-val","acf":null},{"id":13556,"name":"Submarino Amarillo","slug":"submarino-amarillo-val-2","acf":null},{"id":9607,"name":"Valencia CF","slug":"valencia-cf-val","acf":null},{"id":13557,"name":"Villarreal CF","slug":"villarreal-cf-val-2","acf":null}],"translation_priority":[{"id":735,"name":"Optional","slug":"optional-val","acf":null}]},"seo_full":{"native":{"title":"Les millors imatges del I Memorial Jos\u00e9 Manuel Llaneza - Web Oficial del Villarreal CF","description":"Los veteranos del Villarreal y el Valencia disputaron dos amistosos solidarios en el Mini Estadi en beneficio de ASPANION","canonical":"https:\/\/villarrealcf.es\/val\/les-millors-imatges-del-i-memorial-jose-manuel-llaneza\/"}},"_links":{"self":[{"href":"https:\/\/villarrealcf.es\/val\/wp-json\/wp\/v2\/posts\/589927","targetHints":{"allow":["GET"]}}],"collection":[{"href":"https:\/\/villarrealcf.es\/val\/wp-json\/wp\/v2\/posts"}],"about":[{"href":"https:\/\/villarrealcf.es\/val\/wp-json\/wp\/v2\/types\/post"}],"author":[{"embeddable":true,"href":"https:\/\/villarrealcf.es\/val\/wp-json\/wp\/v2\/users\/29"}],"replies":[{"embeddable":true,"href":"https:\/\/villarrealcf.es\/val\/wp-json\/wp\/v2\/comments?post=589927"}],"version-history":[{"count":0,"href":"https:\/\/villarrealcf.es\/val\/wp-json\/wp\/v2\/posts\/589927\/revisions"}],"wp:featuredmedia":[{"embeddable":true,"href":"https:\/\/villarrealcf.es\/val\/wp-json\/wp\/v2\/media\/589827"}],"wp:attachment":[{"href":"https:\/\/villarrealcf.es\/val\/wp-json\/wp\/v2\/media?parent=589927"}],"wp:term":[{"taxonomy":"category","embeddable":true,"href":"https:\/\/villarrealcf.es\/val\/wp-json\/wp\/v2\/categories?post=589927"},{"taxonomy":"post_tag","embeddable":true,"href":"https:\/\/villarrealcf.es\/val\/wp-json\/wp\/v2\/tags?post=589927"}],"curies":[{"name":"wp","href":"https:\/\/api.w.org\/{rel}","templated":true}]}}