{"id":589833,"date":"2025-05-12T11:03:10","date_gmt":"2025-05-12T09:03:10","guid":{"rendered":"https:\/\/villarrealcf.es\/definida-la-final-del-ix-trofeu-villarreal-cf-de-pilota-valenciana\/"},"modified":"2025-05-12T11:07:59","modified_gmt":"2025-05-12T09:07:59","slug":"definida-la-final-de-lix-trofeu-villarreal-cf-de-pilota-valenciana","status":"publish","type":"post","link":"https:\/\/villarrealcf.es\/val\/definida-la-final-de-lix-trofeu-villarreal-cf-de-pilota-valenciana\/","title":{"rendered":"Definida la final de l&#8217;IX Trofeu Villarreal CF de pilota valenciana"},"content":{"protected":false,"blocks":[{"type":"heading","level":2,"text":"Nacho i Diego jugaran contra Puchol II i Tom\u00e0s II este dissabte a les 17.00h en el Trinquet de Vila-real"},{"type":"paragraph","text":"L\u2019IX Trofeu Villarreal CF de pilota valenciana ja coneix als seus finalistes. Nacho i Diego jugaran contra la dupla formada per Puchol II i Tom\u00e0s II en la gran final del torneig, que es jugar\u00e0 el dissabte a les 17.00 hores en el Trinquet Salvador Sagols de Vila-real."},{"type":"paragraph","text":"En semifinals, Nacho i Diego van v\u00e9ncer 60-50 a Marc i Conillet, mentres que Puchol II i Tom\u00e0s II es van imposar a Hilari i J. Salvador per 60-40 en dos vibrants partides."},{"type":"paragraph","text":"Per part seua, la partida pel tercer i quart lloc, que enfrontar\u00e0 a Marc i Conillet contra Hilari i J. Salvador, es jugar\u00e0 a partir de les 18.30 hores al Salvador Sagols."},{"type":"paragraph","text":"Tot un cl\u00e0ssic d\u2019Endavant Esports"},{"type":"paragraph","text":"El Trofeu de Pilota Valenciana, organitzada per la Federaci\u00f3 de Pilota Valenciana, en col\u00b7laboraci\u00f3 amb el Villarreal CF, \u00e9s una de les sis competicions que formen part del programa Endavant Esports, vertical del projecte de RSC i sostenibilitat del club, dirigit a l\u2019impuls i foment de l\u2019esport provincial."}],"structured":{"summary":{"text":"Nacho i Diego jugaran contra Puchol II i Tom\u00e0s II este dissabte a les 17.00h en el Trinquet de Vila-real L\u2019IX Trofeu Villarreal CF de pilota valenciana ja coneix als seus finalistes. Nacho i Diego jugaran contra la dupla formada per Puchol II i Tom\u00e0s II en la gran final del torneig, que es jugar\u00e0 el dissabte a les 17.00 hores en el Trinquet Salvador Sagols de Vila-real. En semifinals, Nacho i Diego van v\u00e9ncer 60-50 a Marc i Conillet, mentres que Puchol II i Tom\u00e0s II es van imposar a Hilari i J. Salvador per 60-40 en dos vibrants partides. Per part seua, la partida pel tercer i quart lloc, que enfrontar\u00e0 a Marc i Conillet contra Hilari i J. Salvador, es jugar\u00e0 a partir de les 18.30 hores al Salvador Sagols. Tot un cl\u00e0ssic d\u2019Endavant Esports El Trofeu de Pilota Valenciana, organitzada per la Federaci\u00f3 de Pilota Valenciana, en col\u00b7laboraci\u00f3 amb el Villarreal CF, \u00e9s una de les sis competicions que formen part del programa Endavant Esports, vertical del projecte de RSC i sostenibilitat del club, dirigit a l\u2019impuls i foment de l\u2019esport provincial.","headings":[{"type":"heading","level":2,"text":"Nacho i Diego jugaran contra Puchol II i Tom\u00e0s II este dissabte a les 17.00h en el Trinquet de Vila-real"}],"buttons":[],"images":[],"counts":{"blocks":6,"headings":1,"texts":5,"buttons":0,"images":0}},"sections":[{"id":"section-1","title":"Nacho i Diego jugaran contra Puchol II i Tom\u00e0s II este dissabte a les 17.00h en el Trinquet de Vila-real","text":"Nacho i Diego jugaran contra Puchol II i Tom\u00e0s II este dissabte a les 17.00h en el Trinquet de Vila-real L\u2019IX Trofeu Villarreal CF de pilota valenciana ja coneix als seus finalistes. Nacho i Diego jugaran contra la dupla formada per Puchol II i Tom\u00e0s II en la gran final del torneig, que es jugar\u00e0 el dissabte a les 17.00 hores en el Trinquet Salvador Sagols de Vila-real. En semifinals, Nacho i Diego van v\u00e9ncer 60-50 a Marc i Conillet, mentres que Puchol II i Tom\u00e0s II es van imposar a Hilari i J. Salvador per 60-40 en dos vibrants partides. Per part seua, la partida pel tercer i quart lloc, que enfrontar\u00e0 a Marc i Conillet contra Hilari i J. Salvador, es jugar\u00e0 a partir de les 18.30 hores al Salvador Sagols. Tot un cl\u00e0ssic d\u2019Endavant Esports El Trofeu de Pilota Valenciana, organitzada per la Federaci\u00f3 de Pilota Valenciana, en col\u00b7laboraci\u00f3 amb el Villarreal CF, \u00e9s una de les sis competicions que formen part del programa Endavant Esports, vertical del projecte de RSC i sostenibilitat del club, dirigit a l\u2019impuls i foment de l\u2019esport provincial.","headings":[{"type":"heading","level":2,"text":"Nacho i Diego jugaran contra Puchol II i Tom\u00e0s II este dissabte a les 17.00h en el Trinquet de Vila-real"}],"texts":[{"type":"paragraph","text":"L\u2019IX Trofeu Villarreal CF de pilota valenciana ja coneix als seus finalistes. Nacho i Diego jugaran contra la dupla formada per Puchol II i Tom\u00e0s II en la gran final del torneig, que es jugar\u00e0 el dissabte a les 17.00 hores en el Trinquet Salvador Sagols de Vila-real."},{"type":"paragraph","text":"En semifinals, Nacho i Diego van v\u00e9ncer 60-50 a Marc i Conillet, mentres que Puchol II i Tom\u00e0s II es van imposar a Hilari i J. Salvador per 60-40 en dos vibrants partides."},{"type":"paragraph","text":"Per part seua, la partida pel tercer i quart lloc, que enfrontar\u00e0 a Marc i Conillet contra Hilari i J. Salvador, es jugar\u00e0 a partir de les 18.30 hores al Salvador Sagols."},{"type":"paragraph","text":"Tot un cl\u00e0ssic d\u2019Endavant Esports"},{"type":"paragraph","text":"El Trofeu de Pilota Valenciana, organitzada per la Federaci\u00f3 de Pilota Valenciana, en col\u00b7laboraci\u00f3 amb el Villarreal CF, \u00e9s una de les sis competicions que formen part del programa Endavant Esports, vertical del projecte de RSC i sostenibilitat del club, dirigit a l\u2019impuls i foment de l\u2019esport provincial."}],"buttons":[],"images":[],"widgets":[],"blocks":[{"type":"heading","level":2,"text":"Nacho i Diego jugaran contra Puchol II i Tom\u00e0s II este dissabte a les 17.00h en el Trinquet de Vila-real"},{"type":"paragraph","text":"L\u2019IX Trofeu Villarreal CF de pilota valenciana ja coneix als seus finalistes. Nacho i Diego jugaran contra la dupla formada per Puchol II i Tom\u00e0s II en la gran final del torneig, que es jugar\u00e0 el dissabte a les 17.00 hores en el Trinquet Salvador Sagols de Vila-real."},{"type":"paragraph","text":"En semifinals, Nacho i Diego van v\u00e9ncer 60-50 a Marc i Conillet, mentres que Puchol II i Tom\u00e0s II es van imposar a Hilari i J. Salvador per 60-40 en dos vibrants partides."},{"type":"paragraph","text":"Per part seua, la partida pel tercer i quart lloc, que enfrontar\u00e0 a Marc i Conillet contra Hilari i J. Salvador, es jugar\u00e0 a partir de les 18.30 hores al Salvador Sagols."},{"type":"paragraph","text":"Tot un cl\u00e0ssic d\u2019Endavant Esports"},{"type":"paragraph","text":"El Trofeu de Pilota Valenciana, organitzada per la Federaci\u00f3 de Pilota Valenciana, en col\u00b7laboraci\u00f3 amb el Villarreal CF, \u00e9s una de les sis competicions que formen part del programa Endavant Esports, vertical del projecte de RSC i sostenibilitat del club, dirigit a l\u2019impuls i foment de l\u2019esport provincial."}]}],"hero":{"id":"section-1","title":"Nacho i Diego jugaran contra Puchol II i Tom\u00e0s II este dissabte a les 17.00h en el Trinquet de Vila-real","text":"Nacho i Diego jugaran contra Puchol II i Tom\u00e0s II este dissabte a les 17.00h en el Trinquet de Vila-real L\u2019IX Trofeu Villarreal CF de pilota valenciana ja coneix als seus finalistes. Nacho i Diego jugaran contra la dupla formada per Puchol II i Tom\u00e0s II en la gran final del torneig, que es jugar\u00e0 el dissabte a les 17.00 hores en el Trinquet Salvador Sagols de Vila-real. En semifinals, Nacho i Diego van v\u00e9ncer 60-50 a Marc i Conillet, mentres que Puchol II i Tom\u00e0s II es van imposar a Hilari i J. Salvador per 60-40 en dos vibrants partides. Per part seua, la partida pel tercer i quart lloc, que enfrontar\u00e0 a Marc i Conillet contra Hilari i J. Salvador, es jugar\u00e0 a partir de les 18.30 hores al Salvador Sagols. Tot un cl\u00e0ssic d\u2019Endavant Esports El Trofeu de Pilota Valenciana, organitzada per la Federaci\u00f3 de Pilota Valenciana, en col\u00b7laboraci\u00f3 amb el Villarreal CF, \u00e9s una de les sis competicions que formen part del programa Endavant Esports, vertical del projecte de RSC i sostenibilitat del club, dirigit a l\u2019impuls i foment de l\u2019esport provincial.","headings":[{"type":"heading","level":2,"text":"Nacho i Diego jugaran contra Puchol II i Tom\u00e0s II este dissabte a les 17.00h en el Trinquet de Vila-real"}],"texts":[{"type":"paragraph","text":"L\u2019IX Trofeu Villarreal CF de pilota valenciana ja coneix als seus finalistes. Nacho i Diego jugaran contra la dupla formada per Puchol II i Tom\u00e0s II en la gran final del torneig, que es jugar\u00e0 el dissabte a les 17.00 hores en el Trinquet Salvador Sagols de Vila-real."},{"type":"paragraph","text":"En semifinals, Nacho i Diego van v\u00e9ncer 60-50 a Marc i Conillet, mentres que Puchol II i Tom\u00e0s II es van imposar a Hilari i J. Salvador per 60-40 en dos vibrants partides."},{"type":"paragraph","text":"Per part seua, la partida pel tercer i quart lloc, que enfrontar\u00e0 a Marc i Conillet contra Hilari i J. Salvador, es jugar\u00e0 a partir de les 18.30 hores al Salvador Sagols."},{"type":"paragraph","text":"Tot un cl\u00e0ssic d\u2019Endavant Esports"},{"type":"paragraph","text":"El Trofeu de Pilota Valenciana, organitzada per la Federaci\u00f3 de Pilota Valenciana, en col\u00b7laboraci\u00f3 amb el Villarreal CF, \u00e9s una de les sis competicions que formen part del programa Endavant Esports, vertical del projecte de RSC i sostenibilitat del club, dirigit a l\u2019impuls i foment de l\u2019esport provincial."}],"buttons":[],"images":[],"widgets":[],"blocks":[{"type":"heading","level":2,"text":"Nacho i Diego jugaran contra Puchol II i Tom\u00e0s II este dissabte a les 17.00h en el Trinquet de Vila-real"},{"type":"paragraph","text":"L\u2019IX Trofeu Villarreal CF de pilota valenciana ja coneix als seus finalistes. Nacho i Diego jugaran contra la dupla formada per Puchol II i Tom\u00e0s II en la gran final del torneig, que es jugar\u00e0 el dissabte a les 17.00 hores en el Trinquet Salvador Sagols de Vila-real."},{"type":"paragraph","text":"En semifinals, Nacho i Diego van v\u00e9ncer 60-50 a Marc i Conillet, mentres que Puchol II i Tom\u00e0s II es van imposar a Hilari i J. Salvador per 60-40 en dos vibrants partides."},{"type":"paragraph","text":"Per part seua, la partida pel tercer i quart lloc, que enfrontar\u00e0 a Marc i Conillet contra Hilari i J. Salvador, es jugar\u00e0 a partir de les 18.30 hores al Salvador Sagols."},{"type":"paragraph","text":"Tot un cl\u00e0ssic d\u2019Endavant Esports"},{"type":"paragraph","text":"El Trofeu de Pilota Valenciana, organitzada per la Federaci\u00f3 de Pilota Valenciana, en col\u00b7laboraci\u00f3 amb el Villarreal CF, \u00e9s una de les sis competicions que formen part del programa Endavant Esports, vertical del projecte de RSC i sostenibilitat del club, dirigit a l\u2019impuls i foment de l\u2019esport provincial."}]}},"sections":[{"id":"section-1","title":"Nacho i Diego jugaran contra Puchol II i Tom\u00e0s II este dissabte a les 17.00h en el Trinquet de Vila-real","text":"Nacho i Diego jugaran contra Puchol II i Tom\u00e0s II este dissabte a les 17.00h en el Trinquet de Vila-real L\u2019IX Trofeu Villarreal CF de pilota valenciana ja coneix als seus finalistes. Nacho i Diego jugaran contra la dupla formada per Puchol II i Tom\u00e0s II en la gran final del torneig, que es jugar\u00e0 el dissabte a les 17.00 hores en el Trinquet Salvador Sagols de Vila-real. En semifinals, Nacho i Diego van v\u00e9ncer 60-50 a Marc i Conillet, mentres que Puchol II i Tom\u00e0s II es van imposar a Hilari i J. Salvador per 60-40 en dos vibrants partides. Per part seua, la partida pel tercer i quart lloc, que enfrontar\u00e0 a Marc i Conillet contra Hilari i J. Salvador, es jugar\u00e0 a partir de les 18.30 hores al Salvador Sagols. Tot un cl\u00e0ssic d\u2019Endavant Esports El Trofeu de Pilota Valenciana, organitzada per la Federaci\u00f3 de Pilota Valenciana, en col\u00b7laboraci\u00f3 amb el Villarreal CF, \u00e9s una de les sis competicions que formen part del programa Endavant Esports, vertical del projecte de RSC i sostenibilitat del club, dirigit a l\u2019impuls i foment de l\u2019esport provincial.","url":"","background_image":"","images":[],"videos":[],"links":[]}]},"excerpt":{"rendered":"Nacho y Diego jugar\u00e1n contra Puchol II y Tom\u00e0s II este s\u00e1bado a las 17.00h en el Trinquet de Vila-real","protected":false},"author":25,"featured_media":589831,"comment_status":"closed","ping_status":"closed","sticky":false,"template":"","format":"standard","meta":{"_acf_changed":false,"footnotes":""},"categories":[13509],"tags":[9242,9294,16198,716,9205,13556,14486,13557],"acf":null,"lang":"val","translations":{"es":589824,"val":589833,"en":589969},"essential_grid":{"has_grid":false},"formatted_date":"May 12, 2025","modified_date":"May 12, 2025","permalink":"https:\/\/villarrealcf.es\/val\/definida-la-final-de-lix-trofeu-villarreal-cf-de-pilota-valenciana\/","reading_time":1,"featured_media_data":{"id":589831,"title":"TrofeuPilotaVillarreal","caption":"","alt_text":"","description":"","mime_type":"image\/jpeg","source_url":"https:\/\/villarrealcf.es\/wp-content\/uploads\/2025\/05\/TrofeuPilotaVillarreal.jpg","sizes":{"thumbnail":{"url":"https:\/\/villarrealcf.es\/wp-content\/uploads\/2025\/05\/TrofeuPilotaVillarreal.jpg","width":1920,"height":1080},"medium":{"url":"https:\/\/villarrealcf.es\/wp-content\/uploads\/2025\/05\/TrofeuPilotaVillarreal.jpg","width":1920,"height":1080},"medium_large":{"url":"https:\/\/villarrealcf.es\/wp-content\/uploads\/2025\/05\/TrofeuPilotaVillarreal-768x432.jpg","width":768,"height":432},"large":{"url":"https:\/\/villarrealcf.es\/wp-content\/uploads\/2025\/05\/TrofeuPilotaVillarreal.jpg","width":788,"height":443},"1536x1536":{"url":"https:\/\/villarrealcf.es\/wp-content\/uploads\/2025\/05\/TrofeuPilotaVillarreal-1536x864.jpg","width":1536,"height":864},"2048x2048":{"url":"https:\/\/villarrealcf.es\/wp-content\/uploads\/2025\/05\/TrofeuPilotaVillarreal.jpg","width":1920,"height":1080},"tp-image-grid":{"url":"https:\/\/villarrealcf.es\/wp-content\/uploads\/2025\/05\/TrofeuPilotaVillarreal-700x700.jpg","width":700,"height":700},"size-bunyad-medium":{"url":"https:\/\/villarrealcf.es\/wp-content\/uploads\/2025\/05\/TrofeuPilotaVillarreal.jpg","width":1920,"height":1080},"sportspress-crop-medium":{"url":"https:\/\/villarrealcf.es\/wp-content\/uploads\/2025\/05\/TrofeuPilotaVillarreal-300x300.jpg","width":300,"height":300},"sportspress-fit-medium":{"url":"https:\/\/villarrealcf.es\/wp-content\/uploads\/2025\/05\/TrofeuPilotaVillarreal-300x169.jpg","width":300,"height":169},"sportspress-fit-icon":{"url":"https:\/\/villarrealcf.es\/wp-content\/uploads\/2025\/05\/TrofeuPilotaVillarreal-128x72.jpg","width":128,"height":72},"sportspress-fit-mini":{"url":"https:\/\/villarrealcf.es\/wp-content\/uploads\/2025\/05\/TrofeuPilotaVillarreal-32x18.jpg","width":32,"height":18},"bunyad-small":{"url":"https:\/\/villarrealcf.es\/wp-content\/uploads\/2025\/05\/TrofeuPilotaVillarreal-150x84.jpg","width":150,"height":84},"bunyad-medium":{"url":"https:\/\/villarrealcf.es\/wp-content\/uploads\/2025\/05\/TrofeuPilotaVillarreal-450x253.jpg","width":450,"height":253},"bunyad-full":{"url":"https:\/\/villarrealcf.es\/wp-content\/uploads\/2025\/05\/TrofeuPilotaVillarreal-1200x675.jpg","width":1200,"height":675},"bunyad-viewport":{"url":"https:\/\/villarrealcf.es\/wp-content\/uploads\/2025\/05\/TrofeuPilotaVillarreal.jpg","width":1920,"height":1080},"bunyad-768":{"url":"https:\/\/villarrealcf.es\/wp-content\/uploads\/2025\/05\/TrofeuPilotaVillarreal-768x432.jpg","width":768,"height":432},"full":{"url":"https:\/\/villarrealcf.es\/wp-content\/uploads\/2025\/05\/TrofeuPilotaVillarreal.jpg","width":1920,"height":1080}}},"author_data":{"id":"25","name":"Javier Ayuso","first_name":"Javier","last_name":"Ayuso","description":"","avatar_url":"https:\/\/secure.gravatar.com\/avatar\/fcf8894be45988fcce5bbff0efe1790d2a7f4ba57e2c7c898f5068154e696495?s=96&d=mm&r=g","acf":null},"taxonomies_data":{"category":[{"id":13509,"name":"Endavant","slug":"endavant-val","acf":null}],"post_tag":[{"id":9242,"name":"Endavant","slug":"endavant-val-2","acf":null},{"id":9294,"name":"Endavant Esports","slug":"endavant-esports-val-2","acf":null},{"id":16198,"name":"F\u00fatbol","slug":"futbol-3-val","acf":null},{"id":716,"name":"Soccer","slug":"soccer-d105","acf":null},{"id":9205,"name":"Submarino","slug":"submarino-val","acf":null},{"id":13556,"name":"Submarino Amarillo","slug":"submarino-amarillo-val-2","acf":null},{"id":14486,"name":"Trofeu Villarreal CF","slug":"trofeu-villarreal-cf-2-val","acf":null},{"id":13557,"name":"Villarreal CF","slug":"villarreal-cf-val-2","acf":null}],"translation_priority":[{"id":735,"name":"Optional","slug":"optional-val","acf":null}]},"seo_full":{"native":{"title":"Definida la final de l&#8217;IX Trofeu Villarreal CF de pilota valenciana - Web Oficial del Villarreal CF","description":"Nacho y Diego jugar\u00e1n contra Puchol II y Tom\u00e0s II este s\u00e1bado a las 17.00h en el Trinquet de Vila-real","canonical":"https:\/\/villarrealcf.es\/val\/definida-la-final-de-lix-trofeu-villarreal-cf-de-pilota-valenciana\/"}},"_links":{"self":[{"href":"https:\/\/villarrealcf.es\/val\/wp-json\/wp\/v2\/posts\/589833","targetHints":{"allow":["GET"]}}],"collection":[{"href":"https:\/\/villarrealcf.es\/val\/wp-json\/wp\/v2\/posts"}],"about":[{"href":"https:\/\/villarrealcf.es\/val\/wp-json\/wp\/v2\/types\/post"}],"author":[{"embeddable":true,"href":"https:\/\/villarrealcf.es\/val\/wp-json\/wp\/v2\/users\/25"}],"replies":[{"embeddable":true,"href":"https:\/\/villarrealcf.es\/val\/wp-json\/wp\/v2\/comments?post=589833"}],"version-history":[{"count":0,"href":"https:\/\/villarrealcf.es\/val\/wp-json\/wp\/v2\/posts\/589833\/revisions"}],"wp:featuredmedia":[{"embeddable":true,"href":"https:\/\/villarrealcf.es\/val\/wp-json\/wp\/v2\/media\/589831"}],"wp:attachment":[{"href":"https:\/\/villarrealcf.es\/val\/wp-json\/wp\/v2\/media?parent=589833"}],"wp:term":[{"taxonomy":"category","embeddable":true,"href":"https:\/\/villarrealcf.es\/val\/wp-json\/wp\/v2\/categories?post=589833"},{"taxonomy":"post_tag","embeddable":true,"href":"https:\/\/villarrealcf.es\/val\/wp-json\/wp\/v2\/tags?post=589833"}],"curies":[{"name":"wp","href":"https:\/\/api.w.org\/{rel}","templated":true}]}}