{"id":589790,"date":"2025-05-10T22:36:23","date_gmt":"2025-05-10T20:36:23","guid":{"rendered":"https:\/\/villarrealcf.es\/?p=589790"},"modified":"2025-05-12T10:38:18","modified_gmt":"2025-05-12T08:38:18","slug":"estic-molt-felic-pels-jugadors-el-club-i-laficio","status":"publish","type":"post","link":"https:\/\/villarrealcf.es\/val\/estic-molt-felic-pels-jugadors-el-club-i-laficio\/","title":{"rendered":"\u201cEstic molt feli\u00e7 pels jugadors, el club i l&#8217;afici\u00f3\u201d"},"content":{"protected":false,"blocks":[{"type":"heading","level":2,"text":"Marcelino destaca la import\u00e0ncia clau del triomf davant el Girona (0-1)"},{"type":"paragraph","text":"L\u2019entrenador del Villarreal, Marcelino Garc\u00eda Toral, va destacar la import\u00e0ncia del triomf d\u2019aquest dissabte davant el Girona (0-1): \u201c\u00c9s per a celebrar perqu\u00e8 aquest partit fora de casa, guanyar-lo mancant tres jornades ens posa en una situaci\u00f3 molt bona. Sab\u00edem l\u2019important que era i ho corrobora que eixim per ell. Estic molt feli\u00e7 per tots els jugadors, pel club i pels aficionats. Els donem les gr\u00e0cies per estar hui ac\u00ed amb nosaltres\u201d."},{"type":"paragraph","text":"L\u2019asturi\u00e0 va explicar que, despr\u00e9s del vist en el terreny de joc, els grocs van fer m\u00e8rits de sobres per a emportar-se els tres punts. \u201cJa en la primera part considere que mereix\u00edem anar amb avantatge. Davant un equip que normalment genera molt, nom\u00e9s els recorde l\u2019ocasi\u00f3 final en el c\u00f3rner. I nosaltres vam tindre moltes. En quatre dies tornem a la baralla perqu\u00e8 els rivals ens exigeixen guanyar cada partit\u201d."},{"type":"paragraph","text":"Quant als aficionats groguets despla\u00e7ats, el t\u00e8cnic va voler tindre un record especial per a ells: \u201cL\u2019altre dia vam tindre suport incondicional. Hui tamb\u00e9 han sigut ac\u00ed i els donem les gr\u00e0cies. Ser ac\u00ed \u00e9s treball de tots, tamb\u00e9 d\u2019ells. Queden tres batalles i cal anar d\u2019una en una\u201d."}],"structured":{"summary":{"text":"Marcelino destaca la import\u00e0ncia clau del triomf davant el Girona (0-1) L\u2019entrenador del Villarreal, Marcelino Garc\u00eda Toral, va destacar la import\u00e0ncia del triomf d\u2019aquest dissabte davant el Girona (0-1): \u201c\u00c9s per a celebrar perqu\u00e8 aquest partit fora de casa, guanyar-lo mancant tres jornades ens posa en una situaci\u00f3 molt bona. Sab\u00edem l\u2019important que era i ho corrobora que eixim per ell. Estic molt feli\u00e7 per tots els jugadors, pel club i pels aficionats. Els donem les gr\u00e0cies per estar hui ac\u00ed amb nosaltres\u201d. L\u2019asturi\u00e0 va explicar que, despr\u00e9s del vist en el terreny de joc, els grocs van fer m\u00e8rits de sobres per a emportar-se els tres punts. \u201cJa en la primera part considere que mereix\u00edem anar amb avantatge. Davant un equip que normalment genera molt, nom\u00e9s els recorde l\u2019ocasi\u00f3 final en el c\u00f3rner. I nosaltres vam tindre moltes. En quatre dies tornem a la baralla perqu\u00e8 els rivals ens exigeixen guanyar cada partit\u201d. Quant als aficionats groguets despla\u00e7ats, el t\u00e8cnic va voler tindre un record especial per a ells: \u201cL\u2019altre dia vam tindre suport incondicional. Hui tamb\u00e9 han sigut ac\u00ed i els donem les gr\u00e0cies. Ser ac\u00ed \u00e9s treball de tots, tamb\u00e9 d\u2019ells. Queden tres batalles i cal anar d\u2019una en una\u201d.","headings":[{"type":"heading","level":2,"text":"Marcelino destaca la import\u00e0ncia clau del triomf davant el Girona (0-1)"}],"buttons":[],"images":[],"counts":{"blocks":4,"headings":1,"texts":3,"buttons":0,"images":0}},"sections":[{"id":"section-1","title":"Marcelino destaca la import\u00e0ncia clau del triomf davant el Girona (0-1)","text":"Marcelino destaca la import\u00e0ncia clau del triomf davant el Girona (0-1) L\u2019entrenador del Villarreal, Marcelino Garc\u00eda Toral, va destacar la import\u00e0ncia del triomf d\u2019aquest dissabte davant el Girona (0-1): \u201c\u00c9s per a celebrar perqu\u00e8 aquest partit fora de casa, guanyar-lo mancant tres jornades ens posa en una situaci\u00f3 molt bona. Sab\u00edem l\u2019important que era i ho corrobora que eixim per ell. Estic molt feli\u00e7 per tots els jugadors, pel club i pels aficionats. Els donem les gr\u00e0cies per estar hui ac\u00ed amb nosaltres\u201d. L\u2019asturi\u00e0 va explicar que, despr\u00e9s del vist en el terreny de joc, els grocs van fer m\u00e8rits de sobres per a emportar-se els tres punts. \u201cJa en la primera part considere que mereix\u00edem anar amb avantatge. Davant un equip que normalment genera molt, nom\u00e9s els recorde l\u2019ocasi\u00f3 final en el c\u00f3rner. I nosaltres vam tindre moltes. En quatre dies tornem a la baralla perqu\u00e8 els rivals ens exigeixen guanyar cada partit\u201d. Quant als aficionats groguets despla\u00e7ats, el t\u00e8cnic va voler tindre un record especial per a ells: \u201cL\u2019altre dia vam tindre suport incondicional. Hui tamb\u00e9 han sigut ac\u00ed i els donem les gr\u00e0cies. Ser ac\u00ed \u00e9s treball de tots, tamb\u00e9 d\u2019ells. Queden tres batalles i cal anar d\u2019una en una\u201d.","headings":[{"type":"heading","level":2,"text":"Marcelino destaca la import\u00e0ncia clau del triomf davant el Girona (0-1)"}],"texts":[{"type":"paragraph","text":"L\u2019entrenador del Villarreal, Marcelino Garc\u00eda Toral, va destacar la import\u00e0ncia del triomf d\u2019aquest dissabte davant el Girona (0-1): \u201c\u00c9s per a celebrar perqu\u00e8 aquest partit fora de casa, guanyar-lo mancant tres jornades ens posa en una situaci\u00f3 molt bona. Sab\u00edem l\u2019important que era i ho corrobora que eixim per ell. Estic molt feli\u00e7 per tots els jugadors, pel club i pels aficionats. Els donem les gr\u00e0cies per estar hui ac\u00ed amb nosaltres\u201d."},{"type":"paragraph","text":"L\u2019asturi\u00e0 va explicar que, despr\u00e9s del vist en el terreny de joc, els grocs van fer m\u00e8rits de sobres per a emportar-se els tres punts. \u201cJa en la primera part considere que mereix\u00edem anar amb avantatge. Davant un equip que normalment genera molt, nom\u00e9s els recorde l\u2019ocasi\u00f3 final en el c\u00f3rner. I nosaltres vam tindre moltes. En quatre dies tornem a la baralla perqu\u00e8 els rivals ens exigeixen guanyar cada partit\u201d."},{"type":"paragraph","text":"Quant als aficionats groguets despla\u00e7ats, el t\u00e8cnic va voler tindre un record especial per a ells: \u201cL\u2019altre dia vam tindre suport incondicional. Hui tamb\u00e9 han sigut ac\u00ed i els donem les gr\u00e0cies. Ser ac\u00ed \u00e9s treball de tots, tamb\u00e9 d\u2019ells. Queden tres batalles i cal anar d\u2019una en una\u201d."}],"buttons":[],"images":[],"widgets":[],"blocks":[{"type":"heading","level":2,"text":"Marcelino destaca la import\u00e0ncia clau del triomf davant el Girona (0-1)"},{"type":"paragraph","text":"L\u2019entrenador del Villarreal, Marcelino Garc\u00eda Toral, va destacar la import\u00e0ncia del triomf d\u2019aquest dissabte davant el Girona (0-1): \u201c\u00c9s per a celebrar perqu\u00e8 aquest partit fora de casa, guanyar-lo mancant tres jornades ens posa en una situaci\u00f3 molt bona. Sab\u00edem l\u2019important que era i ho corrobora que eixim per ell. Estic molt feli\u00e7 per tots els jugadors, pel club i pels aficionats. Els donem les gr\u00e0cies per estar hui ac\u00ed amb nosaltres\u201d."},{"type":"paragraph","text":"L\u2019asturi\u00e0 va explicar que, despr\u00e9s del vist en el terreny de joc, els grocs van fer m\u00e8rits de sobres per a emportar-se els tres punts. \u201cJa en la primera part considere que mereix\u00edem anar amb avantatge. Davant un equip que normalment genera molt, nom\u00e9s els recorde l\u2019ocasi\u00f3 final en el c\u00f3rner. I nosaltres vam tindre moltes. En quatre dies tornem a la baralla perqu\u00e8 els rivals ens exigeixen guanyar cada partit\u201d."},{"type":"paragraph","text":"Quant als aficionats groguets despla\u00e7ats, el t\u00e8cnic va voler tindre un record especial per a ells: \u201cL\u2019altre dia vam tindre suport incondicional. Hui tamb\u00e9 han sigut ac\u00ed i els donem les gr\u00e0cies. Ser ac\u00ed \u00e9s treball de tots, tamb\u00e9 d\u2019ells. Queden tres batalles i cal anar d\u2019una en una\u201d."}]}],"hero":{"id":"section-1","title":"Marcelino destaca la import\u00e0ncia clau del triomf davant el Girona (0-1)","text":"Marcelino destaca la import\u00e0ncia clau del triomf davant el Girona (0-1) L\u2019entrenador del Villarreal, Marcelino Garc\u00eda Toral, va destacar la import\u00e0ncia del triomf d\u2019aquest dissabte davant el Girona (0-1): \u201c\u00c9s per a celebrar perqu\u00e8 aquest partit fora de casa, guanyar-lo mancant tres jornades ens posa en una situaci\u00f3 molt bona. Sab\u00edem l\u2019important que era i ho corrobora que eixim per ell. Estic molt feli\u00e7 per tots els jugadors, pel club i pels aficionats. Els donem les gr\u00e0cies per estar hui ac\u00ed amb nosaltres\u201d. L\u2019asturi\u00e0 va explicar que, despr\u00e9s del vist en el terreny de joc, els grocs van fer m\u00e8rits de sobres per a emportar-se els tres punts. \u201cJa en la primera part considere que mereix\u00edem anar amb avantatge. Davant un equip que normalment genera molt, nom\u00e9s els recorde l\u2019ocasi\u00f3 final en el c\u00f3rner. I nosaltres vam tindre moltes. En quatre dies tornem a la baralla perqu\u00e8 els rivals ens exigeixen guanyar cada partit\u201d. Quant als aficionats groguets despla\u00e7ats, el t\u00e8cnic va voler tindre un record especial per a ells: \u201cL\u2019altre dia vam tindre suport incondicional. Hui tamb\u00e9 han sigut ac\u00ed i els donem les gr\u00e0cies. Ser ac\u00ed \u00e9s treball de tots, tamb\u00e9 d\u2019ells. Queden tres batalles i cal anar d\u2019una en una\u201d.","headings":[{"type":"heading","level":2,"text":"Marcelino destaca la import\u00e0ncia clau del triomf davant el Girona (0-1)"}],"texts":[{"type":"paragraph","text":"L\u2019entrenador del Villarreal, Marcelino Garc\u00eda Toral, va destacar la import\u00e0ncia del triomf d\u2019aquest dissabte davant el Girona (0-1): \u201c\u00c9s per a celebrar perqu\u00e8 aquest partit fora de casa, guanyar-lo mancant tres jornades ens posa en una situaci\u00f3 molt bona. Sab\u00edem l\u2019important que era i ho corrobora que eixim per ell. Estic molt feli\u00e7 per tots els jugadors, pel club i pels aficionats. Els donem les gr\u00e0cies per estar hui ac\u00ed amb nosaltres\u201d."},{"type":"paragraph","text":"L\u2019asturi\u00e0 va explicar que, despr\u00e9s del vist en el terreny de joc, els grocs van fer m\u00e8rits de sobres per a emportar-se els tres punts. \u201cJa en la primera part considere que mereix\u00edem anar amb avantatge. Davant un equip que normalment genera molt, nom\u00e9s els recorde l\u2019ocasi\u00f3 final en el c\u00f3rner. I nosaltres vam tindre moltes. En quatre dies tornem a la baralla perqu\u00e8 els rivals ens exigeixen guanyar cada partit\u201d."},{"type":"paragraph","text":"Quant als aficionats groguets despla\u00e7ats, el t\u00e8cnic va voler tindre un record especial per a ells: \u201cL\u2019altre dia vam tindre suport incondicional. Hui tamb\u00e9 han sigut ac\u00ed i els donem les gr\u00e0cies. Ser ac\u00ed \u00e9s treball de tots, tamb\u00e9 d\u2019ells. Queden tres batalles i cal anar d\u2019una en una\u201d."}],"buttons":[],"images":[],"widgets":[],"blocks":[{"type":"heading","level":2,"text":"Marcelino destaca la import\u00e0ncia clau del triomf davant el Girona (0-1)"},{"type":"paragraph","text":"L\u2019entrenador del Villarreal, Marcelino Garc\u00eda Toral, va destacar la import\u00e0ncia del triomf d\u2019aquest dissabte davant el Girona (0-1): \u201c\u00c9s per a celebrar perqu\u00e8 aquest partit fora de casa, guanyar-lo mancant tres jornades ens posa en una situaci\u00f3 molt bona. Sab\u00edem l\u2019important que era i ho corrobora que eixim per ell. Estic molt feli\u00e7 per tots els jugadors, pel club i pels aficionats. Els donem les gr\u00e0cies per estar hui ac\u00ed amb nosaltres\u201d."},{"type":"paragraph","text":"L\u2019asturi\u00e0 va explicar que, despr\u00e9s del vist en el terreny de joc, els grocs van fer m\u00e8rits de sobres per a emportar-se els tres punts. \u201cJa en la primera part considere que mereix\u00edem anar amb avantatge. Davant un equip que normalment genera molt, nom\u00e9s els recorde l\u2019ocasi\u00f3 final en el c\u00f3rner. I nosaltres vam tindre moltes. En quatre dies tornem a la baralla perqu\u00e8 els rivals ens exigeixen guanyar cada partit\u201d."},{"type":"paragraph","text":"Quant als aficionats groguets despla\u00e7ats, el t\u00e8cnic va voler tindre un record especial per a ells: \u201cL\u2019altre dia vam tindre suport incondicional. Hui tamb\u00e9 han sigut ac\u00ed i els donem les gr\u00e0cies. Ser ac\u00ed \u00e9s treball de tots, tamb\u00e9 d\u2019ells. Queden tres batalles i cal anar d\u2019una en una\u201d."}]}},"sections":[{"id":"section-1","title":"Marcelino destaca la import\u00e0ncia clau del triomf davant el Girona (0-1)","text":"Marcelino destaca la import\u00e0ncia clau del triomf davant el Girona (0-1) L\u2019entrenador del Villarreal, Marcelino Garc\u00eda Toral, va destacar la import\u00e0ncia del triomf d\u2019aquest dissabte davant el Girona (0-1): \u201c\u00c9s per a celebrar perqu\u00e8 aquest partit fora de casa, guanyar-lo mancant tres jornades ens posa en una situaci\u00f3 molt bona. Sab\u00edem l\u2019important que era i ho corrobora que eixim per ell. Estic molt feli\u00e7 per tots els jugadors, pel club i pels aficionats. Els donem les gr\u00e0cies per estar hui ac\u00ed amb nosaltres\u201d. L\u2019asturi\u00e0 va explicar que, despr\u00e9s del vist en el terreny de joc, els grocs van fer m\u00e8rits de sobres per a emportar-se els tres punts. \u201cJa en la primera part considere que mereix\u00edem anar amb avantatge. Davant un equip que normalment genera molt, nom\u00e9s els recorde l\u2019ocasi\u00f3 final en el c\u00f3rner. I nosaltres vam tindre moltes. En quatre dies tornem a la baralla perqu\u00e8 els rivals ens exigeixen guanyar cada partit\u201d. Quant als aficionats groguets despla\u00e7ats, el t\u00e8cnic va voler tindre un record especial per a ells: \u201cL\u2019altre dia vam tindre suport incondicional. Hui tamb\u00e9 han sigut ac\u00ed i els donem les gr\u00e0cies. Ser ac\u00ed \u00e9s treball de tots, tamb\u00e9 d\u2019ells. Queden tres batalles i cal anar d\u2019una en una\u201d.","url":"","background_image":"","images":[],"videos":[],"links":[]}]},"excerpt":{"rendered":"Marcelino destaca la import\u00e0ncia clau del triomf davant el Girona (0-1)","protected":false},"author":22,"featured_media":589777,"comment_status":"closed","ping_status":"closed","sticky":false,"template":"","format":"standard","meta":{"_acf_changed":false,"footnotes":""},"categories":[13493],"tags":[9280,14491,717,9270,11635,9219,9278,716,9205,9203],"acf":null,"lang":"val","translations":{"val":589790},"essential_grid":{"has_grid":false},"formatted_date":"May 10, 2025","modified_date":"May 12, 2025","permalink":"https:\/\/villarrealcf.es\/val\/estic-molt-felic-pels-jugadors-el-club-i-laficio\/","reading_time":2,"featured_media_data":{"id":589777,"title":"GironaFC-VillarrealCF-239 (1)","caption":"","alt_text":"","description":"","mime_type":"image\/jpeg","source_url":"https:\/\/villarrealcf.es\/wp-content\/uploads\/2025\/05\/GironaFC-VillarrealCF-239-1.jpg","sizes":{"thumbnail":{"url":"https:\/\/villarrealcf.es\/wp-content\/uploads\/2025\/05\/GironaFC-VillarrealCF-239-1-1920x1080.jpg","width":1920,"height":1080},"medium":{"url":"https:\/\/villarrealcf.es\/wp-content\/uploads\/2025\/05\/GironaFC-VillarrealCF-239-1-1920x1080.jpg","width":1920,"height":1080},"medium_large":{"url":"https:\/\/villarrealcf.es\/wp-content\/uploads\/2025\/05\/GironaFC-VillarrealCF-239-1-768x432.jpg","width":768,"height":432},"large":{"url":"https:\/\/villarrealcf.es\/wp-content\/uploads\/2025\/05\/GironaFC-VillarrealCF-239-1-1920x1080.jpg","width":788,"height":443},"1536x1536":{"url":"https:\/\/villarrealcf.es\/wp-content\/uploads\/2025\/05\/GironaFC-VillarrealCF-239-1-1536x864.jpg","width":1536,"height":864},"2048x2048":{"url":"https:\/\/villarrealcf.es\/wp-content\/uploads\/2025\/05\/GironaFC-VillarrealCF-239-1-2048x1152.jpg","width":2048,"height":1152},"tp-image-grid":{"url":"https:\/\/villarrealcf.es\/wp-content\/uploads\/2025\/05\/GironaFC-VillarrealCF-239-1-700x700.jpg","width":700,"height":700},"size-bunyad-medium":{"url":"https:\/\/villarrealcf.es\/wp-content\/uploads\/2025\/05\/GironaFC-VillarrealCF-239-1-1920x1080.jpg","width":1920,"height":1080},"sportspress-crop-medium":{"url":"https:\/\/villarrealcf.es\/wp-content\/uploads\/2025\/05\/GironaFC-VillarrealCF-239-1-300x300.jpg","width":300,"height":300},"sportspress-fit-medium":{"url":"https:\/\/villarrealcf.es\/wp-content\/uploads\/2025\/05\/GironaFC-VillarrealCF-239-1-300x169.jpg","width":300,"height":169},"sportspress-fit-icon":{"url":"https:\/\/villarrealcf.es\/wp-content\/uploads\/2025\/05\/GironaFC-VillarrealCF-239-1-128x72.jpg","width":128,"height":72},"sportspress-fit-mini":{"url":"https:\/\/villarrealcf.es\/wp-content\/uploads\/2025\/05\/GironaFC-VillarrealCF-239-1-32x18.jpg","width":32,"height":18},"bunyad-small":{"url":"https:\/\/villarrealcf.es\/wp-content\/uploads\/2025\/05\/GironaFC-VillarrealCF-239-1-150x84.jpg","width":150,"height":84},"bunyad-medium":{"url":"https:\/\/villarrealcf.es\/wp-content\/uploads\/2025\/05\/GironaFC-VillarrealCF-239-1-450x253.jpg","width":450,"height":253},"bunyad-full":{"url":"https:\/\/villarrealcf.es\/wp-content\/uploads\/2025\/05\/GironaFC-VillarrealCF-239-1-1200x675.jpg","width":1200,"height":675},"bunyad-viewport":{"url":"https:\/\/villarrealcf.es\/wp-content\/uploads\/2025\/05\/GironaFC-VillarrealCF-239-1-2048x1152.jpg","width":2048,"height":1152},"bunyad-768":{"url":"https:\/\/villarrealcf.es\/wp-content\/uploads\/2025\/05\/GironaFC-VillarrealCF-239-1-768x432.jpg","width":768,"height":432},"full":{"url":"https:\/\/villarrealcf.es\/wp-content\/uploads\/2025\/05\/GironaFC-VillarrealCF-239-1.jpg","width":2572,"height":1447}}},"author_data":{"id":"22","name":"David Calder\u00f3n","first_name":"David","last_name":"Calder\u00f3n","description":"","avatar_url":"https:\/\/secure.gravatar.com\/avatar\/ca3914b05e6ff912415bb0b95a9fd87c2bbaf349c1fcd08d38cd4e6c56646e58?s=96&d=mm&r=g","acf":null},"taxonomies_data":{"category":[{"id":13493,"name":"Primer equip","slug":"primer-equip","acf":null}],"post_tag":[{"id":9280,"name":"declaraciones","slug":"declaraciones-val","acf":null},{"id":14491,"name":"Estadio de Montilivi","slug":"estadio-de-montilivi-val","acf":null},{"id":717,"name":"Football","slug":"football-d34","acf":null},{"id":9270,"name":"Futbol","slug":"futbol-val","acf":null},{"id":11635,"name":"Girona FC","slug":"girona-fc-val","acf":null},{"id":9219,"name":"Marcelino Garc\u00eda Toral","slug":"marcelino-garcia-toral-val","acf":null},{"id":9278,"name":"primera division","slug":"primera-division-val","acf":null},{"id":716,"name":"Soccer","slug":"soccer-d105","acf":null},{"id":9205,"name":"Submarino","slug":"submarino-val","acf":null},{"id":9203,"name":"Villarreal CF","slug":"villarreal-cf-val","acf":null}],"translation_priority":[{"id":735,"name":"Optional","slug":"optional-val","acf":null}]},"seo_full":{"native":{"title":"\u201cEstic molt feli\u00e7 pels jugadors, el club i l&#8217;afici\u00f3\u201d - Web Oficial del Villarreal CF","description":"Marcelino destaca la import\u00e0ncia clau del triomf davant el Girona (0-1)","canonical":"https:\/\/villarrealcf.es\/val\/estic-molt-felic-pels-jugadors-el-club-i-laficio\/"}},"_links":{"self":[{"href":"https:\/\/villarrealcf.es\/val\/wp-json\/wp\/v2\/posts\/589790","targetHints":{"allow":["GET"]}}],"collection":[{"href":"https:\/\/villarrealcf.es\/val\/wp-json\/wp\/v2\/posts"}],"about":[{"href":"https:\/\/villarrealcf.es\/val\/wp-json\/wp\/v2\/types\/post"}],"author":[{"embeddable":true,"href":"https:\/\/villarrealcf.es\/val\/wp-json\/wp\/v2\/users\/22"}],"replies":[{"embeddable":true,"href":"https:\/\/villarrealcf.es\/val\/wp-json\/wp\/v2\/comments?post=589790"}],"version-history":[{"count":0,"href":"https:\/\/villarrealcf.es\/val\/wp-json\/wp\/v2\/posts\/589790\/revisions"}],"wp:featuredmedia":[{"embeddable":true,"href":"https:\/\/villarrealcf.es\/val\/wp-json\/wp\/v2\/media\/589777"}],"wp:attachment":[{"href":"https:\/\/villarrealcf.es\/val\/wp-json\/wp\/v2\/media?parent=589790"}],"wp:term":[{"taxonomy":"category","embeddable":true,"href":"https:\/\/villarrealcf.es\/val\/wp-json\/wp\/v2\/categories?post=589790"},{"taxonomy":"post_tag","embeddable":true,"href":"https:\/\/villarrealcf.es\/val\/wp-json\/wp\/v2\/tags?post=589790"}],"curies":[{"name":"wp","href":"https:\/\/api.w.org\/{rel}","templated":true}]}}