{"id":589740,"date":"2025-05-10T21:10:15","date_gmt":"2025-05-10T19:10:15","guid":{"rendered":"https:\/\/villarrealcf.es\/?p=589740"},"modified":"2025-05-13T12:04:41","modified_gmt":"2025-05-13T10:04:41","slug":"cronica-girona-montilivi-j35-2425","status":"publish","type":"post","link":"https:\/\/villarrealcf.es\/val\/cronica-girona-montilivi-j35-2425\/","title":{"rendered":"L\u2019aldea vol la Champions (0-1)"},"content":{"protected":false,"blocks":[{"type":"heading","level":2,"text":"El Villarreal suma un triomf d\u2019or en Montilivi amb un providencial gol de Etta Eyong en el 89"},{"type":"paragraph","text":"El Villarreal va aconseguir un triomf que fa gust de pura gl\u00f2ria en Montilivi amb un providencial gol de Etta Eyong en el 89 que permet als grocs retindre el cinqu\u00e9 lloc, que dona dret a jugar la Lliga de Campions la pr\u00f2xima temporada. Els grocs, a tres jornades del final de LaLiga i amb l\u2019Europa League ja assegurada, mantenen una dura pugna per disputar la m\u00e0xima competici\u00f3 continental."},{"type":"video","kind":"iframe","url":"https:\/\/www.youtube.com\/embed\/dYlXFpitbiA?feature=oembed","poster":""},{"type":"paragraph","text":"Va ser una primera part oberta i disputada. En el 22, Ayoze va tindre la primera per als grocs amb un gran triple tret a boca de can\u00f3 que Gazzaniga, atent, va acabar rebutjant per dues vegades fins que el canari va anotar en la tercera, si b\u00e9 el col\u00b7legiat va acabar anul\u00b7lant la jugada per m\u00e0."},{"type":"paragraph","text":"Set minuts despr\u00e9s, els grocs tornaven a intentar-ho amb una pilota penjada de tir lliure de Baena que va arribar a connectar b\u00e9 de cap amb Foyth, per\u00f2 el meta argent\u00ed de nou va bloquejar. En el 37, el sempre desequilibrant Pepe va marxar del seu parell perqu\u00e8, una vegada m\u00e9s Gazzaniga, avortara l\u2019arribada dels grocs."},{"type":"paragraph","text":"A penes transcorreguts dos minuts m\u00e9s va arribar una de les jugades m\u00e9s discutides amb un possible penal sobre Baena despr\u00e9s d\u2019una doble agarrada molt clara d\u2019Herrera i Arthur en l\u2019\u00e0rea que el col\u00b7legiat va deixar seguir."},{"type":"paragraph","text":"En la segona part, el Villarreal va prendre m\u00e9s la iniciativa, encara que el Girona va estr\u00e9nyer les seues files i va tirar el segur arrere. A pesar que a penes va haver-hi esglais en defensa per als de Marcelino, entrar va costar molt m\u00e9s en aquest segon per\u00edode. Baena va disposar d\u2019una bona ocasi\u00f3 amb un gran tret des de lluny, per\u00f2 el millor estava per arribar."},{"type":"paragraph","text":"A cinc minuts del final, Marcelino va donar entrada al jove davanter del filial Etta Eyong, qui ja havia estat a punt d\u2019estrenar-se davant la Real i va veure com el seu gol acabava anul\u00b7lat."},{"type":"paragraph","text":"Tan sols li van bastar quatre minuts. En el 89, Alfonso Pedraza va encarar la l\u00ednia de fons i va connectar un espectacular centre a l\u2019\u00e0rea que Etta va rematar de cap amb mestratge per a fer un gol que feia gust de pura gl\u00f2ria. I a tres punts."},{"type":"paragraph","text":"El pr\u00f2xim partit del Villarreal ser\u00e0 en la jornada intersetmanal (36a) del pr\u00f2xim dimecres 14 davant el Legan\u00e9s en l\u2019Estadi de la Cer\u00e0mica (19.00 hores)."}],"structured":{"summary":{"text":"El Villarreal suma un triomf d\u2019or en Montilivi amb un providencial gol de Etta Eyong en el 89 El Villarreal va aconseguir un triomf que fa gust de pura gl\u00f2ria en Montilivi amb un providencial gol de Etta Eyong en el 89 que permet als grocs retindre el cinqu\u00e9 lloc, que dona dret a jugar la Lliga de Campions la pr\u00f2xima temporada. Els grocs, a tres jornades del final de LaLiga i amb l\u2019Europa League ja assegurada, mantenen una dura pugna per disputar la m\u00e0xima competici\u00f3 continental. Va ser una primera part oberta i disputada. En el 22, Ayoze va tindre la primera per als grocs amb un gran triple tret a boca de can\u00f3 que Gazzaniga, atent, va acabar rebutjant per dues vegades fins que el canari va anotar en la tercera, si b\u00e9 el col\u00b7legiat va acabar anul\u00b7lant la jugada per m\u00e0. Set minuts despr\u00e9s, els grocs tornaven a intentar-ho amb una pilota penjada de tir lliure de Baena que va arribar a connectar b\u00e9 de cap amb Foyth, per\u00f2 el meta argent\u00ed de nou va bloquejar. En el 37, el sempre desequilibrant Pepe va marxar del seu parell perqu\u00e8, una vegada m\u00e9s Gazzaniga, avortara l\u2019arribada dels grocs. A penes transcorreguts dos minuts m\u00e9s va arribar una de les jugades m\u00e9s discutides amb un possible penal sobre Baena despr\u00e9s d\u2019una doble agarrada molt clara d\u2019Herrera i Arthur en l\u2019\u00e0rea que el col\u00b7legiat va deixar seguir. En la segona part, el Villarreal va prendre m\u00e9s la iniciativa, encara que el Girona va estr\u00e9nyer les seues files i va tirar el segur arrere. A pesar que a penes va haver-hi esglais en defensa per als de Marcelino, entrar va costar molt m\u00e9s en aquest segon per\u00edode. Baena va disposar d\u2019una bona ocasi\u00f3 amb un gran tret des de lluny, per\u00f2 el millor estava per arribar. A cinc minuts del final, Marcelino va donar entrada al jove davanter del filial Etta Eyong, qui ja havia estat a punt d\u2019estrenar-se davant la Real i va veure com el seu gol acabava anul\u00b7lat. Tan sols li van bastar quatre minuts. En el 89, Alfonso Pedraza va encarar la l\u00ednia de fons i va connectar un espectacular centre a l\u2019\u00e0rea que Etta va rematar de cap amb mestratge per a fer un gol que feia gust de pura gl\u00f2ria. I a tres punts. El pr\u00f2xim partit del Villarreal ser\u00e0 en la jornada intersetmanal (36a) del pr\u00f2xim dimecres 14 davant el Legan\u00e9s en l\u2019Estadi de la Cer\u00e0mica (19.00 hores).","headings":[{"type":"heading","level":2,"text":"El Villarreal suma un triomf d\u2019or en Montilivi amb un providencial gol de Etta Eyong en el 89"}],"buttons":[],"images":[],"counts":{"blocks":10,"headings":1,"texts":8,"buttons":0,"images":0}},"sections":[{"id":"section-1","title":"El Villarreal suma un triomf d\u2019or en Montilivi amb un providencial gol de Etta Eyong en el 89","text":"El Villarreal suma un triomf d\u2019or en Montilivi amb un providencial gol de Etta Eyong en el 89 El Villarreal va aconseguir un triomf que fa gust de pura gl\u00f2ria en Montilivi amb un providencial gol de Etta Eyong en el 89 que permet als grocs retindre el cinqu\u00e9 lloc, que dona dret a jugar la Lliga de Campions la pr\u00f2xima temporada. Els grocs, a tres jornades del final de LaLiga i amb l\u2019Europa League ja assegurada, mantenen una dura pugna per disputar la m\u00e0xima competici\u00f3 continental. Va ser una primera part oberta i disputada. En el 22, Ayoze va tindre la primera per als grocs amb un gran triple tret a boca de can\u00f3 que Gazzaniga, atent, va acabar rebutjant per dues vegades fins que el canari va anotar en la tercera, si b\u00e9 el col\u00b7legiat va acabar anul\u00b7lant la jugada per m\u00e0. Set minuts despr\u00e9s, els grocs tornaven a intentar-ho amb una pilota penjada de tir lliure de Baena que va arribar a connectar b\u00e9 de cap amb Foyth, per\u00f2 el meta argent\u00ed de nou va bloquejar. En el 37, el sempre desequilibrant Pepe va marxar del seu parell perqu\u00e8, una vegada m\u00e9s Gazzaniga, avortara l\u2019arribada dels grocs. A penes transcorreguts dos minuts m\u00e9s va arribar una de les jugades m\u00e9s discutides amb un possible penal sobre Baena despr\u00e9s d\u2019una doble agarrada molt clara d\u2019Herrera i Arthur en l\u2019\u00e0rea que el col\u00b7legiat va deixar seguir. En la segona part, el Villarreal va prendre m\u00e9s la iniciativa, encara que el Girona va estr\u00e9nyer les seues files i va tirar el segur arrere. A pesar que a penes va haver-hi esglais en defensa per als de Marcelino, entrar va costar molt m\u00e9s en aquest segon per\u00edode. Baena va disposar d\u2019una bona ocasi\u00f3 amb un gran tret des de lluny, per\u00f2 el millor estava per arribar. A cinc minuts del final, Marcelino va donar entrada al jove davanter del filial Etta Eyong, qui ja havia estat a punt d\u2019estrenar-se davant la Real i va veure com el seu gol acabava anul\u00b7lat. Tan sols li van bastar quatre minuts. En el 89, Alfonso Pedraza va encarar la l\u00ednia de fons i va connectar un espectacular centre a l\u2019\u00e0rea que Etta va rematar de cap amb mestratge per a fer un gol que feia gust de pura gl\u00f2ria. I a tres punts. El pr\u00f2xim partit del Villarreal ser\u00e0 en la jornada intersetmanal (36a) del pr\u00f2xim dimecres 14 davant el Legan\u00e9s en l\u2019Estadi de la Cer\u00e0mica (19.00 hores).","headings":[{"type":"heading","level":2,"text":"El Villarreal suma un triomf d\u2019or en Montilivi amb un providencial gol de Etta Eyong en el 89"}],"texts":[{"type":"paragraph","text":"El Villarreal va aconseguir un triomf que fa gust de pura gl\u00f2ria en Montilivi amb un providencial gol de Etta Eyong en el 89 que permet als grocs retindre el cinqu\u00e9 lloc, que dona dret a jugar la Lliga de Campions la pr\u00f2xima temporada. Els grocs, a tres jornades del final de LaLiga i amb l\u2019Europa League ja assegurada, mantenen una dura pugna per disputar la m\u00e0xima competici\u00f3 continental."},{"type":"paragraph","text":"Va ser una primera part oberta i disputada. En el 22, Ayoze va tindre la primera per als grocs amb un gran triple tret a boca de can\u00f3 que Gazzaniga, atent, va acabar rebutjant per dues vegades fins que el canari va anotar en la tercera, si b\u00e9 el col\u00b7legiat va acabar anul\u00b7lant la jugada per m\u00e0."},{"type":"paragraph","text":"Set minuts despr\u00e9s, els grocs tornaven a intentar-ho amb una pilota penjada de tir lliure de Baena que va arribar a connectar b\u00e9 de cap amb Foyth, per\u00f2 el meta argent\u00ed de nou va bloquejar. En el 37, el sempre desequilibrant Pepe va marxar del seu parell perqu\u00e8, una vegada m\u00e9s Gazzaniga, avortara l\u2019arribada dels grocs."},{"type":"paragraph","text":"A penes transcorreguts dos minuts m\u00e9s va arribar una de les jugades m\u00e9s discutides amb un possible penal sobre Baena despr\u00e9s d\u2019una doble agarrada molt clara d\u2019Herrera i Arthur en l\u2019\u00e0rea que el col\u00b7legiat va deixar seguir."},{"type":"paragraph","text":"En la segona part, el Villarreal va prendre m\u00e9s la iniciativa, encara que el Girona va estr\u00e9nyer les seues files i va tirar el segur arrere. A pesar que a penes va haver-hi esglais en defensa per als de Marcelino, entrar va costar molt m\u00e9s en aquest segon per\u00edode. Baena va disposar d\u2019una bona ocasi\u00f3 amb un gran tret des de lluny, per\u00f2 el millor estava per arribar."},{"type":"paragraph","text":"A cinc minuts del final, Marcelino va donar entrada al jove davanter del filial Etta Eyong, qui ja havia estat a punt d\u2019estrenar-se davant la Real i va veure com el seu gol acabava anul\u00b7lat."},{"type":"paragraph","text":"Tan sols li van bastar quatre minuts. En el 89, Alfonso Pedraza va encarar la l\u00ednia de fons i va connectar un espectacular centre a l\u2019\u00e0rea que Etta va rematar de cap amb mestratge per a fer un gol que feia gust de pura gl\u00f2ria. I a tres punts."},{"type":"paragraph","text":"El pr\u00f2xim partit del Villarreal ser\u00e0 en la jornada intersetmanal (36a) del pr\u00f2xim dimecres 14 davant el Legan\u00e9s en l\u2019Estadi de la Cer\u00e0mica (19.00 hores)."}],"buttons":[],"images":[],"widgets":[],"blocks":[{"type":"heading","level":2,"text":"El Villarreal suma un triomf d\u2019or en Montilivi amb un providencial gol de Etta Eyong en el 89"},{"type":"paragraph","text":"El Villarreal va aconseguir un triomf que fa gust de pura gl\u00f2ria en Montilivi amb un providencial gol de Etta Eyong en el 89 que permet als grocs retindre el cinqu\u00e9 lloc, que dona dret a jugar la Lliga de Campions la pr\u00f2xima temporada. Els grocs, a tres jornades del final de LaLiga i amb l\u2019Europa League ja assegurada, mantenen una dura pugna per disputar la m\u00e0xima competici\u00f3 continental."},{"type":"video","kind":"iframe","url":"https:\/\/www.youtube.com\/embed\/dYlXFpitbiA?feature=oembed","poster":""},{"type":"paragraph","text":"Va ser una primera part oberta i disputada. En el 22, Ayoze va tindre la primera per als grocs amb un gran triple tret a boca de can\u00f3 que Gazzaniga, atent, va acabar rebutjant per dues vegades fins que el canari va anotar en la tercera, si b\u00e9 el col\u00b7legiat va acabar anul\u00b7lant la jugada per m\u00e0."},{"type":"paragraph","text":"Set minuts despr\u00e9s, els grocs tornaven a intentar-ho amb una pilota penjada de tir lliure de Baena que va arribar a connectar b\u00e9 de cap amb Foyth, per\u00f2 el meta argent\u00ed de nou va bloquejar. En el 37, el sempre desequilibrant Pepe va marxar del seu parell perqu\u00e8, una vegada m\u00e9s Gazzaniga, avortara l\u2019arribada dels grocs."},{"type":"paragraph","text":"A penes transcorreguts dos minuts m\u00e9s va arribar una de les jugades m\u00e9s discutides amb un possible penal sobre Baena despr\u00e9s d\u2019una doble agarrada molt clara d\u2019Herrera i Arthur en l\u2019\u00e0rea que el col\u00b7legiat va deixar seguir."},{"type":"paragraph","text":"En la segona part, el Villarreal va prendre m\u00e9s la iniciativa, encara que el Girona va estr\u00e9nyer les seues files i va tirar el segur arrere. A pesar que a penes va haver-hi esglais en defensa per als de Marcelino, entrar va costar molt m\u00e9s en aquest segon per\u00edode. Baena va disposar d\u2019una bona ocasi\u00f3 amb un gran tret des de lluny, per\u00f2 el millor estava per arribar."},{"type":"paragraph","text":"A cinc minuts del final, Marcelino va donar entrada al jove davanter del filial Etta Eyong, qui ja havia estat a punt d\u2019estrenar-se davant la Real i va veure com el seu gol acabava anul\u00b7lat."},{"type":"paragraph","text":"Tan sols li van bastar quatre minuts. En el 89, Alfonso Pedraza va encarar la l\u00ednia de fons i va connectar un espectacular centre a l\u2019\u00e0rea que Etta va rematar de cap amb mestratge per a fer un gol que feia gust de pura gl\u00f2ria. I a tres punts."},{"type":"paragraph","text":"El pr\u00f2xim partit del Villarreal ser\u00e0 en la jornada intersetmanal (36a) del pr\u00f2xim dimecres 14 davant el Legan\u00e9s en l\u2019Estadi de la Cer\u00e0mica (19.00 hores)."}]}],"hero":{"id":"section-1","title":"El Villarreal suma un triomf d\u2019or en Montilivi amb un providencial gol de Etta Eyong en el 89","text":"El Villarreal suma un triomf d\u2019or en Montilivi amb un providencial gol de Etta Eyong en el 89 El Villarreal va aconseguir un triomf que fa gust de pura gl\u00f2ria en Montilivi amb un providencial gol de Etta Eyong en el 89 que permet als grocs retindre el cinqu\u00e9 lloc, que dona dret a jugar la Lliga de Campions la pr\u00f2xima temporada. Els grocs, a tres jornades del final de LaLiga i amb l\u2019Europa League ja assegurada, mantenen una dura pugna per disputar la m\u00e0xima competici\u00f3 continental. Va ser una primera part oberta i disputada. En el 22, Ayoze va tindre la primera per als grocs amb un gran triple tret a boca de can\u00f3 que Gazzaniga, atent, va acabar rebutjant per dues vegades fins que el canari va anotar en la tercera, si b\u00e9 el col\u00b7legiat va acabar anul\u00b7lant la jugada per m\u00e0. Set minuts despr\u00e9s, els grocs tornaven a intentar-ho amb una pilota penjada de tir lliure de Baena que va arribar a connectar b\u00e9 de cap amb Foyth, per\u00f2 el meta argent\u00ed de nou va bloquejar. En el 37, el sempre desequilibrant Pepe va marxar del seu parell perqu\u00e8, una vegada m\u00e9s Gazzaniga, avortara l\u2019arribada dels grocs. A penes transcorreguts dos minuts m\u00e9s va arribar una de les jugades m\u00e9s discutides amb un possible penal sobre Baena despr\u00e9s d\u2019una doble agarrada molt clara d\u2019Herrera i Arthur en l\u2019\u00e0rea que el col\u00b7legiat va deixar seguir. En la segona part, el Villarreal va prendre m\u00e9s la iniciativa, encara que el Girona va estr\u00e9nyer les seues files i va tirar el segur arrere. A pesar que a penes va haver-hi esglais en defensa per als de Marcelino, entrar va costar molt m\u00e9s en aquest segon per\u00edode. Baena va disposar d\u2019una bona ocasi\u00f3 amb un gran tret des de lluny, per\u00f2 el millor estava per arribar. A cinc minuts del final, Marcelino va donar entrada al jove davanter del filial Etta Eyong, qui ja havia estat a punt d\u2019estrenar-se davant la Real i va veure com el seu gol acabava anul\u00b7lat. Tan sols li van bastar quatre minuts. En el 89, Alfonso Pedraza va encarar la l\u00ednia de fons i va connectar un espectacular centre a l\u2019\u00e0rea que Etta va rematar de cap amb mestratge per a fer un gol que feia gust de pura gl\u00f2ria. I a tres punts. El pr\u00f2xim partit del Villarreal ser\u00e0 en la jornada intersetmanal (36a) del pr\u00f2xim dimecres 14 davant el Legan\u00e9s en l\u2019Estadi de la Cer\u00e0mica (19.00 hores).","headings":[{"type":"heading","level":2,"text":"El Villarreal suma un triomf d\u2019or en Montilivi amb un providencial gol de Etta Eyong en el 89"}],"texts":[{"type":"paragraph","text":"El Villarreal va aconseguir un triomf que fa gust de pura gl\u00f2ria en Montilivi amb un providencial gol de Etta Eyong en el 89 que permet als grocs retindre el cinqu\u00e9 lloc, que dona dret a jugar la Lliga de Campions la pr\u00f2xima temporada. Els grocs, a tres jornades del final de LaLiga i amb l\u2019Europa League ja assegurada, mantenen una dura pugna per disputar la m\u00e0xima competici\u00f3 continental."},{"type":"paragraph","text":"Va ser una primera part oberta i disputada. En el 22, Ayoze va tindre la primera per als grocs amb un gran triple tret a boca de can\u00f3 que Gazzaniga, atent, va acabar rebutjant per dues vegades fins que el canari va anotar en la tercera, si b\u00e9 el col\u00b7legiat va acabar anul\u00b7lant la jugada per m\u00e0."},{"type":"paragraph","text":"Set minuts despr\u00e9s, els grocs tornaven a intentar-ho amb una pilota penjada de tir lliure de Baena que va arribar a connectar b\u00e9 de cap amb Foyth, per\u00f2 el meta argent\u00ed de nou va bloquejar. En el 37, el sempre desequilibrant Pepe va marxar del seu parell perqu\u00e8, una vegada m\u00e9s Gazzaniga, avortara l\u2019arribada dels grocs."},{"type":"paragraph","text":"A penes transcorreguts dos minuts m\u00e9s va arribar una de les jugades m\u00e9s discutides amb un possible penal sobre Baena despr\u00e9s d\u2019una doble agarrada molt clara d\u2019Herrera i Arthur en l\u2019\u00e0rea que el col\u00b7legiat va deixar seguir."},{"type":"paragraph","text":"En la segona part, el Villarreal va prendre m\u00e9s la iniciativa, encara que el Girona va estr\u00e9nyer les seues files i va tirar el segur arrere. A pesar que a penes va haver-hi esglais en defensa per als de Marcelino, entrar va costar molt m\u00e9s en aquest segon per\u00edode. Baena va disposar d\u2019una bona ocasi\u00f3 amb un gran tret des de lluny, per\u00f2 el millor estava per arribar."},{"type":"paragraph","text":"A cinc minuts del final, Marcelino va donar entrada al jove davanter del filial Etta Eyong, qui ja havia estat a punt d\u2019estrenar-se davant la Real i va veure com el seu gol acabava anul\u00b7lat."},{"type":"paragraph","text":"Tan sols li van bastar quatre minuts. En el 89, Alfonso Pedraza va encarar la l\u00ednia de fons i va connectar un espectacular centre a l\u2019\u00e0rea que Etta va rematar de cap amb mestratge per a fer un gol que feia gust de pura gl\u00f2ria. I a tres punts."},{"type":"paragraph","text":"El pr\u00f2xim partit del Villarreal ser\u00e0 en la jornada intersetmanal (36a) del pr\u00f2xim dimecres 14 davant el Legan\u00e9s en l\u2019Estadi de la Cer\u00e0mica (19.00 hores)."}],"buttons":[],"images":[],"widgets":[],"blocks":[{"type":"heading","level":2,"text":"El Villarreal suma un triomf d\u2019or en Montilivi amb un providencial gol de Etta Eyong en el 89"},{"type":"paragraph","text":"El Villarreal va aconseguir un triomf que fa gust de pura gl\u00f2ria en Montilivi amb un providencial gol de Etta Eyong en el 89 que permet als grocs retindre el cinqu\u00e9 lloc, que dona dret a jugar la Lliga de Campions la pr\u00f2xima temporada. Els grocs, a tres jornades del final de LaLiga i amb l\u2019Europa League ja assegurada, mantenen una dura pugna per disputar la m\u00e0xima competici\u00f3 continental."},{"type":"video","kind":"iframe","url":"https:\/\/www.youtube.com\/embed\/dYlXFpitbiA?feature=oembed","poster":""},{"type":"paragraph","text":"Va ser una primera part oberta i disputada. En el 22, Ayoze va tindre la primera per als grocs amb un gran triple tret a boca de can\u00f3 que Gazzaniga, atent, va acabar rebutjant per dues vegades fins que el canari va anotar en la tercera, si b\u00e9 el col\u00b7legiat va acabar anul\u00b7lant la jugada per m\u00e0."},{"type":"paragraph","text":"Set minuts despr\u00e9s, els grocs tornaven a intentar-ho amb una pilota penjada de tir lliure de Baena que va arribar a connectar b\u00e9 de cap amb Foyth, per\u00f2 el meta argent\u00ed de nou va bloquejar. En el 37, el sempre desequilibrant Pepe va marxar del seu parell perqu\u00e8, una vegada m\u00e9s Gazzaniga, avortara l\u2019arribada dels grocs."},{"type":"paragraph","text":"A penes transcorreguts dos minuts m\u00e9s va arribar una de les jugades m\u00e9s discutides amb un possible penal sobre Baena despr\u00e9s d\u2019una doble agarrada molt clara d\u2019Herrera i Arthur en l\u2019\u00e0rea que el col\u00b7legiat va deixar seguir."},{"type":"paragraph","text":"En la segona part, el Villarreal va prendre m\u00e9s la iniciativa, encara que el Girona va estr\u00e9nyer les seues files i va tirar el segur arrere. A pesar que a penes va haver-hi esglais en defensa per als de Marcelino, entrar va costar molt m\u00e9s en aquest segon per\u00edode. Baena va disposar d\u2019una bona ocasi\u00f3 amb un gran tret des de lluny, per\u00f2 el millor estava per arribar."},{"type":"paragraph","text":"A cinc minuts del final, Marcelino va donar entrada al jove davanter del filial Etta Eyong, qui ja havia estat a punt d\u2019estrenar-se davant la Real i va veure com el seu gol acabava anul\u00b7lat."},{"type":"paragraph","text":"Tan sols li van bastar quatre minuts. En el 89, Alfonso Pedraza va encarar la l\u00ednia de fons i va connectar un espectacular centre a l\u2019\u00e0rea que Etta va rematar de cap amb mestratge per a fer un gol que feia gust de pura gl\u00f2ria. I a tres punts."},{"type":"paragraph","text":"El pr\u00f2xim partit del Villarreal ser\u00e0 en la jornada intersetmanal (36a) del pr\u00f2xim dimecres 14 davant el Legan\u00e9s en l\u2019Estadi de la Cer\u00e0mica (19.00 hores)."}]}},"sections":[{"id":"section-1","title":"El Villarreal suma un triomf d\u2019or en Montilivi amb un providencial gol de Etta Eyong en el 89","text":"El Villarreal suma un triomf d\u2019or en Montilivi amb un providencial gol de Etta Eyong en el 89 El Villarreal va aconseguir un triomf que fa gust de pura gl\u00f2ria en Montilivi amb un providencial gol de Etta Eyong en el 89 que permet als grocs retindre el cinqu\u00e9 lloc, que dona dret a jugar la Lliga de Campions la pr\u00f2xima temporada. Els grocs, a tres jornades del final de LaLiga i amb l\u2019Europa League ja assegurada, mantenen una dura pugna per disputar la m\u00e0xima competici\u00f3 continental. Va ser una primera part oberta i disputada. En el 22, Ayoze va tindre la primera per als grocs amb un gran triple tret a boca de can\u00f3 que Gazzaniga, atent, va acabar rebutjant per dues vegades fins que el canari va anotar en la tercera, si b\u00e9 el col\u00b7legiat va acabar anul\u00b7lant la jugada per m\u00e0. Set minuts despr\u00e9s, els grocs tornaven a intentar-ho amb una pilota penjada de tir lliure de Baena que va arribar a connectar b\u00e9 de cap amb Foyth, per\u00f2 el meta argent\u00ed de nou va bloquejar. En el 37, el sempre desequilibrant Pepe va marxar del seu parell perqu\u00e8, una vegada m\u00e9s Gazzaniga, avortara l\u2019arribada dels grocs. A penes transcorreguts dos minuts m\u00e9s va arribar una de les jugades m\u00e9s discutides amb un possible penal sobre Baena despr\u00e9s d\u2019una doble agarrada molt clara d\u2019Herrera i Arthur en l\u2019\u00e0rea que el col\u00b7legiat va deixar seguir. En la segona part, el Villarreal va prendre m\u00e9s la iniciativa, encara que el Girona va estr\u00e9nyer les seues files i va tirar el segur arrere. A pesar que a penes va haver-hi esglais en defensa per als de Marcelino, entrar va costar molt m\u00e9s en aquest segon per\u00edode. Baena va disposar d\u2019una bona ocasi\u00f3 amb un gran tret des de lluny, per\u00f2 el millor estava per arribar. A cinc minuts del final, Marcelino va donar entrada al jove davanter del filial Etta Eyong, qui ja havia estat a punt d\u2019estrenar-se davant la Real i va veure com el seu gol acabava anul\u00b7lat. Tan sols li van bastar quatre minuts. En el 89, Alfonso Pedraza va encarar la l\u00ednia de fons i va connectar un espectacular centre a l\u2019\u00e0rea que Etta va rematar de cap amb mestratge per a fer un gol que feia gust de pura gl\u00f2ria. I a tres punts. El pr\u00f2xim partit del Villarreal ser\u00e0 en la jornada intersetmanal (36a) del pr\u00f2xim dimecres 14 davant el Legan\u00e9s en l\u2019Estadi de la Cer\u00e0mica (19.00 hores).","url":"","background_image":"","images":[],"videos":[{"type":"video","kind":"iframe","url":"https:\/\/www.youtube.com\/embed\/dYlXFpitbiA?feature=oembed","poster":""}],"links":[]}]},"excerpt":{"rendered":"El Villarreal suma un triomf d&#8217;or en Montilivi amb un providencial gol de Etta Eyong en el 89","protected":false},"author":22,"featured_media":589748,"comment_status":"closed","ping_status":"closed","sticky":false,"template":"","format":"standard","meta":{"_acf_changed":false,"footnotes":""},"categories":[13493],"tags":[12554,12556,13813,14491,717,9270,16071,9278,716,9205,9627,9203],"acf":null,"lang":"val","translations":{"val":589740,"es":589753,"en":589754},"essential_grid":{"has_grid":false},"formatted_date":"May 10, 2025","modified_date":"May 13, 2025","permalink":"https:\/\/villarrealcf.es\/val\/cronica-girona-montilivi-j35-2425\/","reading_time":3,"featured_media_data":{"id":589748,"title":"GironaFC-VillarrealCF-203 (3)","caption":"","alt_text":"","description":"","mime_type":"image\/jpeg","source_url":"https:\/\/villarrealcf.es\/wp-content\/uploads\/2025\/05\/GironaFC-VillarrealCF-203-3.jpg","sizes":{"thumbnail":{"url":"https:\/\/villarrealcf.es\/wp-content\/uploads\/2025\/05\/GironaFC-VillarrealCF-203-3-1920x1080.jpg","width":1920,"height":1080},"medium":{"url":"https:\/\/villarrealcf.es\/wp-content\/uploads\/2025\/05\/GironaFC-VillarrealCF-203-3-1920x1080.jpg","width":1920,"height":1080},"medium_large":{"url":"https:\/\/villarrealcf.es\/wp-content\/uploads\/2025\/05\/GironaFC-VillarrealCF-203-3-768x432.jpg","width":768,"height":432},"large":{"url":"https:\/\/villarrealcf.es\/wp-content\/uploads\/2025\/05\/GironaFC-VillarrealCF-203-3-1920x1080.jpg","width":788,"height":443},"1536x1536":{"url":"https:\/\/villarrealcf.es\/wp-content\/uploads\/2025\/05\/GironaFC-VillarrealCF-203-3-1536x864.jpg","width":1536,"height":864},"2048x2048":{"url":"https:\/\/villarrealcf.es\/wp-content\/uploads\/2025\/05\/GironaFC-VillarrealCF-203-3-2048x1152.jpg","width":2048,"height":1152},"tp-image-grid":{"url":"https:\/\/villarrealcf.es\/wp-content\/uploads\/2025\/05\/GironaFC-VillarrealCF-203-3-700x700.jpg","width":700,"height":700},"size-bunyad-medium":{"url":"https:\/\/villarrealcf.es\/wp-content\/uploads\/2025\/05\/GironaFC-VillarrealCF-203-3-1920x1080.jpg","width":1920,"height":1080},"sportspress-crop-medium":{"url":"https:\/\/villarrealcf.es\/wp-content\/uploads\/2025\/05\/GironaFC-VillarrealCF-203-3-300x300.jpg","width":300,"height":300},"sportspress-fit-medium":{"url":"https:\/\/villarrealcf.es\/wp-content\/uploads\/2025\/05\/GironaFC-VillarrealCF-203-3-300x169.jpg","width":300,"height":169},"sportspress-fit-icon":{"url":"https:\/\/villarrealcf.es\/wp-content\/uploads\/2025\/05\/GironaFC-VillarrealCF-203-3-128x72.jpg","width":128,"height":72},"sportspress-fit-mini":{"url":"https:\/\/villarrealcf.es\/wp-content\/uploads\/2025\/05\/GironaFC-VillarrealCF-203-3-32x18.jpg","width":32,"height":18},"bunyad-small":{"url":"https:\/\/villarrealcf.es\/wp-content\/uploads\/2025\/05\/GironaFC-VillarrealCF-203-3-150x84.jpg","width":150,"height":84},"bunyad-medium":{"url":"https:\/\/villarrealcf.es\/wp-content\/uploads\/2025\/05\/GironaFC-VillarrealCF-203-3-450x253.jpg","width":450,"height":253},"bunyad-full":{"url":"https:\/\/villarrealcf.es\/wp-content\/uploads\/2025\/05\/GironaFC-VillarrealCF-203-3-1200x675.jpg","width":1200,"height":675},"bunyad-viewport":{"url":"https:\/\/villarrealcf.es\/wp-content\/uploads\/2025\/05\/GironaFC-VillarrealCF-203-3-2048x1152.jpg","width":2048,"height":1152},"bunyad-768":{"url":"https:\/\/villarrealcf.es\/wp-content\/uploads\/2025\/05\/GironaFC-VillarrealCF-203-3-768x432.jpg","width":768,"height":432},"full":{"url":"https:\/\/villarrealcf.es\/wp-content\/uploads\/2025\/05\/GironaFC-VillarrealCF-203-3.jpg","width":2184,"height":1229}}},"author_data":{"id":"22","name":"David Calder\u00f3n","first_name":"David","last_name":"Calder\u00f3n","description":"","avatar_url":"https:\/\/secure.gravatar.com\/avatar\/ca3914b05e6ff912415bb0b95a9fd87c2bbaf349c1fcd08d38cd4e6c56646e58?s=96&d=mm&r=g","acf":null},"taxonomies_data":{"category":[{"id":13493,"name":"Primer equip","slug":"primer-equip","acf":null}],"post_tag":[{"id":12554,"name":"#Football","slug":"football-val","acf":null},{"id":12556,"name":"#Soccer","slug":"soccer-val","acf":null},{"id":13813,"name":"Cr\u00f3nica Primer Equipo","slug":"cronica-primer-equipo-val","acf":null},{"id":14491,"name":"Estadio de Montilivi","slug":"estadio-de-montilivi-val","acf":null},{"id":717,"name":"Football","slug":"football-d34","acf":null},{"id":9270,"name":"Futbol","slug":"futbol-val","acf":null},{"id":16071,"name":"One Football","slug":"one-football-val","acf":null},{"id":9278,"name":"primera division","slug":"primera-division-val","acf":null},{"id":716,"name":"Soccer","slug":"soccer-d105","acf":null},{"id":9205,"name":"Submarino","slug":"submarino-val","acf":null},{"id":9627,"name":"Submarino Amarillo","slug":"submarino-amarillo-val","acf":null},{"id":9203,"name":"Villarreal CF","slug":"villarreal-cf-val","acf":null}],"translation_priority":[{"id":735,"name":"Optional","slug":"optional-val","acf":null}]},"seo_full":{"native":{"title":"L\u2019aldea vol la Champions (0-1) - Web Oficial del Villarreal CF","description":"El Villarreal suma un triomf d'or en Montilivi amb un providencial gol de Etta Eyong en el 89","canonical":"https:\/\/villarrealcf.es\/val\/cronica-girona-montilivi-j35-2425\/"}},"_links":{"self":[{"href":"https:\/\/villarrealcf.es\/val\/wp-json\/wp\/v2\/posts\/589740","targetHints":{"allow":["GET"]}}],"collection":[{"href":"https:\/\/villarrealcf.es\/val\/wp-json\/wp\/v2\/posts"}],"about":[{"href":"https:\/\/villarrealcf.es\/val\/wp-json\/wp\/v2\/types\/post"}],"author":[{"embeddable":true,"href":"https:\/\/villarrealcf.es\/val\/wp-json\/wp\/v2\/users\/22"}],"replies":[{"embeddable":true,"href":"https:\/\/villarrealcf.es\/val\/wp-json\/wp\/v2\/comments?post=589740"}],"version-history":[{"count":0,"href":"https:\/\/villarrealcf.es\/val\/wp-json\/wp\/v2\/posts\/589740\/revisions"}],"wp:featuredmedia":[{"embeddable":true,"href":"https:\/\/villarrealcf.es\/val\/wp-json\/wp\/v2\/media\/589748"}],"wp:attachment":[{"href":"https:\/\/villarrealcf.es\/val\/wp-json\/wp\/v2\/media?parent=589740"}],"wp:term":[{"taxonomy":"category","embeddable":true,"href":"https:\/\/villarrealcf.es\/val\/wp-json\/wp\/v2\/categories?post=589740"},{"taxonomy":"post_tag","embeddable":true,"href":"https:\/\/villarrealcf.es\/val\/wp-json\/wp\/v2\/tags?post=589740"}],"curies":[{"name":"wp","href":"https:\/\/api.w.org\/{rel}","templated":true}]}}