{"id":589715,"date":"2025-05-09T12:07:36","date_gmt":"2025-05-09T10:07:36","guid":{"rendered":"https:\/\/villarrealcf.es\/marcelino-ganar-el-girona-seria-un-gran-paso\/"},"modified":"2025-05-09T14:08:57","modified_gmt":"2025-05-09T12:08:57","slug":"marcelino-guanyar-al-girona-seria-un-gran-pas","status":"publish","type":"post","link":"https:\/\/villarrealcf.es\/val\/marcelino-guanyar-al-girona-seria-un-gran-pas\/","title":{"rendered":"Marcelino: \u201cGuanyar al Girona seria un gran pas\u201d"},"content":{"protected":false,"blocks":[{"type":"heading","level":2,"text":"El t\u00e8cnic destaca la import\u00e0ncia de v\u00e9ncer en Montilivi per a continuar depenent d\u2019un mateix en la lluita per la Champions"},{"type":"paragraph","text":"L\u2019entrenador del Villarreal, Marcelino Garc\u00eda Toral, ha comparegut davant els mitjans de comunicaci\u00f3 per a analitzar la pr\u00e8via del pr\u00f2xim partit davant el Girona FC, corresponent a la jornada 35 de LALIGA EA Sports, que es jugar\u00e0 este dissabte, a partir de les 18.30 hores, en Montilivi."},{"type":"paragraph","text":"Abans de la compareixen\u00e7a, el t\u00e8cnic asturi\u00e0 ha volgut enviar un missatge de suport a M\u00edchel S\u00e1nchez: \u201cVull transmetre-li tot el meu \u00e0nim. No podr\u00e0 estar amb nosaltres en el camp. Li desitgem una r\u00e0pida recuperaci\u00f3. T\u00e9 el nostre suport i el nostre carinyo, com no pot ser d\u2019una altra manera. Ens veurem molt prompte en els terrenys de joc\u201d."},{"type":"paragraph","text":"Despr\u00e9s de l\u2019emotiu missatge cap al seu hom\u00f2leg al Girona, el t\u00e8cnic groc ha analitzat el partit davant els catalans: \u201cNom\u00e9s ens centrem en guanyar. Cada vict\u00f2ria que donem \u00e9s un pas cap avant. Fer-ho a Girona seria fer un pas cap al premi gros. Sabem que ser\u00e0 complicat i que juguen molt b\u00e9. Els resultats no els han acompanyats, per\u00f2 ara han guanyat i aix\u00f2 els donar\u00e0 confian\u00e7a. Hem de centrar-nos en nosaltres mateixos i tindre efectivitat\u201d."},{"type":"paragraph","text":"Respecte a les virtuts del rival, Marcelino destaca la seua capacitat i talent: \u201cHan fet un gran pas cap a la salvaci\u00f3 amb la vict\u00f2ria davant el Mallorca. Tenen grans arguments futbol\u00edstics. Ser\u00e0 un partit complicat, per\u00f2 estem a un gran nivell. Ens veiem jugar i entrenar i sabem que som competitius. En els \u00faltims partits, nom\u00e9s hem perdut quan ens hem quedat amb 10. Hem d\u2019evitar cometre errors, ser nosaltres i tindre encert\u201d."},{"type":"paragraph","text":"Per al t\u00e8cnic groguet, la import\u00e0ncia d\u2019aconseguir un triomf davant els blanc-i-vermells radica en el valor de sol dependre d\u2019un mateix: \u201cSeria important guanyar perqu\u00e8 dependr\u00edem de nosaltres mateixos. Si guanyem, ens veurem igualats amb els quarts. Aix\u00f2 donaria un impuls de moral. A m\u00e9s, ens quedarien dos dels tres partits restants a casa. Malgrat aix\u00f2, preferisc no pensar en el que ve. Nom\u00e9s hem de centrar-nos en guanyar-li al Girona. Eixa \u00e9s la prioritat. Ho donarem tot per a aconseguir-ho\u201d."},{"type":"paragraph","text":"A continuaci\u00f3, pots escoltar la roda de premsa completa de Marcelino Garc\u00eda Toral abans del partit davant el Girona FC:"},{"type":"video","kind":"iframe","url":"https:\/\/www.youtube.com\/embed\/szb7-7GNEo0?feature=oembed","poster":""}],"structured":{"summary":{"text":"El t\u00e8cnic destaca la import\u00e0ncia de v\u00e9ncer en Montilivi per a continuar depenent d\u2019un mateix en la lluita per la Champions L\u2019entrenador del Villarreal, Marcelino Garc\u00eda Toral, ha comparegut davant els mitjans de comunicaci\u00f3 per a analitzar la pr\u00e8via del pr\u00f2xim partit davant el Girona FC, corresponent a la jornada 35 de LALIGA EA Sports, que es jugar\u00e0 este dissabte, a partir de les 18.30 hores, en Montilivi. Abans de la compareixen\u00e7a, el t\u00e8cnic asturi\u00e0 ha volgut enviar un missatge de suport a M\u00edchel S\u00e1nchez: \u201cVull transmetre-li tot el meu \u00e0nim. No podr\u00e0 estar amb nosaltres en el camp. Li desitgem una r\u00e0pida recuperaci\u00f3. T\u00e9 el nostre suport i el nostre carinyo, com no pot ser d\u2019una altra manera. Ens veurem molt prompte en els terrenys de joc\u201d. Despr\u00e9s de l\u2019emotiu missatge cap al seu hom\u00f2leg al Girona, el t\u00e8cnic groc ha analitzat el partit davant els catalans: \u201cNom\u00e9s ens centrem en guanyar. Cada vict\u00f2ria que donem \u00e9s un pas cap avant. Fer-ho a Girona seria fer un pas cap al premi gros. Sabem que ser\u00e0 complicat i que juguen molt b\u00e9. Els resultats no els han acompanyats, per\u00f2 ara han guanyat i aix\u00f2 els donar\u00e0 confian\u00e7a. Hem de centrar-nos en nosaltres mateixos i tindre efectivitat\u201d. Respecte a les virtuts del rival, Marcelino destaca la seua capacitat i talent: \u201cHan fet un gran pas cap a la salvaci\u00f3 amb la vict\u00f2ria davant el Mallorca. Tenen grans arguments futbol\u00edstics. Ser\u00e0 un partit complicat, per\u00f2 estem a un gran nivell. Ens veiem jugar i entrenar i sabem que som competitius. En els \u00faltims partits, nom\u00e9s hem perdut quan ens hem quedat amb 10. Hem d\u2019evitar cometre errors, ser nosaltres i tindre encert\u201d. Per al t\u00e8cnic groguet, la import\u00e0ncia d\u2019aconseguir un triomf davant els blanc-i-vermells radica en el valor de sol dependre d\u2019un mateix: \u201cSeria important guanyar perqu\u00e8 dependr\u00edem de nosaltres mateixos. Si guanyem, ens veurem igualats amb els quarts. Aix\u00f2 donaria un impuls de moral. A m\u00e9s, ens quedarien dos dels tres partits restants a casa. Malgrat aix\u00f2, preferisc no pensar en el que ve. Nom\u00e9s hem de centrar-nos en guanyar-li al Girona. Eixa \u00e9s la prioritat. Ho donarem tot per a aconseguir-ho\u201d. A continuaci\u00f3, pots escoltar la roda de premsa completa de Marcelino Garc\u00eda Toral abans del partit davant el Girona FC:","headings":[{"type":"heading","level":2,"text":"El t\u00e8cnic destaca la import\u00e0ncia de v\u00e9ncer en Montilivi per a continuar depenent d\u2019un mateix en la lluita per la Champions"}],"buttons":[],"images":[],"counts":{"blocks":8,"headings":1,"texts":6,"buttons":0,"images":0}},"sections":[{"id":"section-1","title":"El t\u00e8cnic destaca la import\u00e0ncia de v\u00e9ncer en Montilivi per a continuar depenent d\u2019un mateix en la lluita per la Champions","text":"El t\u00e8cnic destaca la import\u00e0ncia de v\u00e9ncer en Montilivi per a continuar depenent d\u2019un mateix en la lluita per la Champions L\u2019entrenador del Villarreal, Marcelino Garc\u00eda Toral, ha comparegut davant els mitjans de comunicaci\u00f3 per a analitzar la pr\u00e8via del pr\u00f2xim partit davant el Girona FC, corresponent a la jornada 35 de LALIGA EA Sports, que es jugar\u00e0 este dissabte, a partir de les 18.30 hores, en Montilivi. Abans de la compareixen\u00e7a, el t\u00e8cnic asturi\u00e0 ha volgut enviar un missatge de suport a M\u00edchel S\u00e1nchez: \u201cVull transmetre-li tot el meu \u00e0nim. No podr\u00e0 estar amb nosaltres en el camp. Li desitgem una r\u00e0pida recuperaci\u00f3. T\u00e9 el nostre suport i el nostre carinyo, com no pot ser d\u2019una altra manera. Ens veurem molt prompte en els terrenys de joc\u201d. Despr\u00e9s de l\u2019emotiu missatge cap al seu hom\u00f2leg al Girona, el t\u00e8cnic groc ha analitzat el partit davant els catalans: \u201cNom\u00e9s ens centrem en guanyar. Cada vict\u00f2ria que donem \u00e9s un pas cap avant. Fer-ho a Girona seria fer un pas cap al premi gros. Sabem que ser\u00e0 complicat i que juguen molt b\u00e9. Els resultats no els han acompanyats, per\u00f2 ara han guanyat i aix\u00f2 els donar\u00e0 confian\u00e7a. Hem de centrar-nos en nosaltres mateixos i tindre efectivitat\u201d. Respecte a les virtuts del rival, Marcelino destaca la seua capacitat i talent: \u201cHan fet un gran pas cap a la salvaci\u00f3 amb la vict\u00f2ria davant el Mallorca. Tenen grans arguments futbol\u00edstics. Ser\u00e0 un partit complicat, per\u00f2 estem a un gran nivell. Ens veiem jugar i entrenar i sabem que som competitius. En els \u00faltims partits, nom\u00e9s hem perdut quan ens hem quedat amb 10. Hem d\u2019evitar cometre errors, ser nosaltres i tindre encert\u201d. Per al t\u00e8cnic groguet, la import\u00e0ncia d\u2019aconseguir un triomf davant els blanc-i-vermells radica en el valor de sol dependre d\u2019un mateix: \u201cSeria important guanyar perqu\u00e8 dependr\u00edem de nosaltres mateixos. Si guanyem, ens veurem igualats amb els quarts. Aix\u00f2 donaria un impuls de moral. A m\u00e9s, ens quedarien dos dels tres partits restants a casa. Malgrat aix\u00f2, preferisc no pensar en el que ve. Nom\u00e9s hem de centrar-nos en guanyar-li al Girona. Eixa \u00e9s la prioritat. Ho donarem tot per a aconseguir-ho\u201d. A continuaci\u00f3, pots escoltar la roda de premsa completa de Marcelino Garc\u00eda Toral abans del partit davant el Girona FC:","headings":[{"type":"heading","level":2,"text":"El t\u00e8cnic destaca la import\u00e0ncia de v\u00e9ncer en Montilivi per a continuar depenent d\u2019un mateix en la lluita per la Champions"}],"texts":[{"type":"paragraph","text":"L\u2019entrenador del Villarreal, Marcelino Garc\u00eda Toral, ha comparegut davant els mitjans de comunicaci\u00f3 per a analitzar la pr\u00e8via del pr\u00f2xim partit davant el Girona FC, corresponent a la jornada 35 de LALIGA EA Sports, que es jugar\u00e0 este dissabte, a partir de les 18.30 hores, en Montilivi."},{"type":"paragraph","text":"Abans de la compareixen\u00e7a, el t\u00e8cnic asturi\u00e0 ha volgut enviar un missatge de suport a M\u00edchel S\u00e1nchez: \u201cVull transmetre-li tot el meu \u00e0nim. No podr\u00e0 estar amb nosaltres en el camp. Li desitgem una r\u00e0pida recuperaci\u00f3. T\u00e9 el nostre suport i el nostre carinyo, com no pot ser d\u2019una altra manera. Ens veurem molt prompte en els terrenys de joc\u201d."},{"type":"paragraph","text":"Despr\u00e9s de l\u2019emotiu missatge cap al seu hom\u00f2leg al Girona, el t\u00e8cnic groc ha analitzat el partit davant els catalans: \u201cNom\u00e9s ens centrem en guanyar. Cada vict\u00f2ria que donem \u00e9s un pas cap avant. Fer-ho a Girona seria fer un pas cap al premi gros. Sabem que ser\u00e0 complicat i que juguen molt b\u00e9. Els resultats no els han acompanyats, per\u00f2 ara han guanyat i aix\u00f2 els donar\u00e0 confian\u00e7a. Hem de centrar-nos en nosaltres mateixos i tindre efectivitat\u201d."},{"type":"paragraph","text":"Respecte a les virtuts del rival, Marcelino destaca la seua capacitat i talent: \u201cHan fet un gran pas cap a la salvaci\u00f3 amb la vict\u00f2ria davant el Mallorca. Tenen grans arguments futbol\u00edstics. Ser\u00e0 un partit complicat, per\u00f2 estem a un gran nivell. Ens veiem jugar i entrenar i sabem que som competitius. En els \u00faltims partits, nom\u00e9s hem perdut quan ens hem quedat amb 10. Hem d\u2019evitar cometre errors, ser nosaltres i tindre encert\u201d."},{"type":"paragraph","text":"Per al t\u00e8cnic groguet, la import\u00e0ncia d\u2019aconseguir un triomf davant els blanc-i-vermells radica en el valor de sol dependre d\u2019un mateix: \u201cSeria important guanyar perqu\u00e8 dependr\u00edem de nosaltres mateixos. Si guanyem, ens veurem igualats amb els quarts. Aix\u00f2 donaria un impuls de moral. A m\u00e9s, ens quedarien dos dels tres partits restants a casa. Malgrat aix\u00f2, preferisc no pensar en el que ve. Nom\u00e9s hem de centrar-nos en guanyar-li al Girona. Eixa \u00e9s la prioritat. Ho donarem tot per a aconseguir-ho\u201d."},{"type":"paragraph","text":"A continuaci\u00f3, pots escoltar la roda de premsa completa de Marcelino Garc\u00eda Toral abans del partit davant el Girona FC:"}],"buttons":[],"images":[],"widgets":[],"blocks":[{"type":"heading","level":2,"text":"El t\u00e8cnic destaca la import\u00e0ncia de v\u00e9ncer en Montilivi per a continuar depenent d\u2019un mateix en la lluita per la Champions"},{"type":"paragraph","text":"L\u2019entrenador del Villarreal, Marcelino Garc\u00eda Toral, ha comparegut davant els mitjans de comunicaci\u00f3 per a analitzar la pr\u00e8via del pr\u00f2xim partit davant el Girona FC, corresponent a la jornada 35 de LALIGA EA Sports, que es jugar\u00e0 este dissabte, a partir de les 18.30 hores, en Montilivi."},{"type":"paragraph","text":"Abans de la compareixen\u00e7a, el t\u00e8cnic asturi\u00e0 ha volgut enviar un missatge de suport a M\u00edchel S\u00e1nchez: \u201cVull transmetre-li tot el meu \u00e0nim. No podr\u00e0 estar amb nosaltres en el camp. Li desitgem una r\u00e0pida recuperaci\u00f3. T\u00e9 el nostre suport i el nostre carinyo, com no pot ser d\u2019una altra manera. Ens veurem molt prompte en els terrenys de joc\u201d."},{"type":"paragraph","text":"Despr\u00e9s de l\u2019emotiu missatge cap al seu hom\u00f2leg al Girona, el t\u00e8cnic groc ha analitzat el partit davant els catalans: \u201cNom\u00e9s ens centrem en guanyar. Cada vict\u00f2ria que donem \u00e9s un pas cap avant. Fer-ho a Girona seria fer un pas cap al premi gros. Sabem que ser\u00e0 complicat i que juguen molt b\u00e9. Els resultats no els han acompanyats, per\u00f2 ara han guanyat i aix\u00f2 els donar\u00e0 confian\u00e7a. Hem de centrar-nos en nosaltres mateixos i tindre efectivitat\u201d."},{"type":"paragraph","text":"Respecte a les virtuts del rival, Marcelino destaca la seua capacitat i talent: \u201cHan fet un gran pas cap a la salvaci\u00f3 amb la vict\u00f2ria davant el Mallorca. Tenen grans arguments futbol\u00edstics. Ser\u00e0 un partit complicat, per\u00f2 estem a un gran nivell. Ens veiem jugar i entrenar i sabem que som competitius. En els \u00faltims partits, nom\u00e9s hem perdut quan ens hem quedat amb 10. Hem d\u2019evitar cometre errors, ser nosaltres i tindre encert\u201d."},{"type":"paragraph","text":"Per al t\u00e8cnic groguet, la import\u00e0ncia d\u2019aconseguir un triomf davant els blanc-i-vermells radica en el valor de sol dependre d\u2019un mateix: \u201cSeria important guanyar perqu\u00e8 dependr\u00edem de nosaltres mateixos. Si guanyem, ens veurem igualats amb els quarts. Aix\u00f2 donaria un impuls de moral. A m\u00e9s, ens quedarien dos dels tres partits restants a casa. Malgrat aix\u00f2, preferisc no pensar en el que ve. Nom\u00e9s hem de centrar-nos en guanyar-li al Girona. Eixa \u00e9s la prioritat. Ho donarem tot per a aconseguir-ho\u201d."},{"type":"paragraph","text":"A continuaci\u00f3, pots escoltar la roda de premsa completa de Marcelino Garc\u00eda Toral abans del partit davant el Girona FC:"},{"type":"video","kind":"iframe","url":"https:\/\/www.youtube.com\/embed\/szb7-7GNEo0?feature=oembed","poster":""}]}],"hero":{"id":"section-1","title":"El t\u00e8cnic destaca la import\u00e0ncia de v\u00e9ncer en Montilivi per a continuar depenent d\u2019un mateix en la lluita per la Champions","text":"El t\u00e8cnic destaca la import\u00e0ncia de v\u00e9ncer en Montilivi per a continuar depenent d\u2019un mateix en la lluita per la Champions L\u2019entrenador del Villarreal, Marcelino Garc\u00eda Toral, ha comparegut davant els mitjans de comunicaci\u00f3 per a analitzar la pr\u00e8via del pr\u00f2xim partit davant el Girona FC, corresponent a la jornada 35 de LALIGA EA Sports, que es jugar\u00e0 este dissabte, a partir de les 18.30 hores, en Montilivi. Abans de la compareixen\u00e7a, el t\u00e8cnic asturi\u00e0 ha volgut enviar un missatge de suport a M\u00edchel S\u00e1nchez: \u201cVull transmetre-li tot el meu \u00e0nim. No podr\u00e0 estar amb nosaltres en el camp. Li desitgem una r\u00e0pida recuperaci\u00f3. T\u00e9 el nostre suport i el nostre carinyo, com no pot ser d\u2019una altra manera. Ens veurem molt prompte en els terrenys de joc\u201d. Despr\u00e9s de l\u2019emotiu missatge cap al seu hom\u00f2leg al Girona, el t\u00e8cnic groc ha analitzat el partit davant els catalans: \u201cNom\u00e9s ens centrem en guanyar. Cada vict\u00f2ria que donem \u00e9s un pas cap avant. Fer-ho a Girona seria fer un pas cap al premi gros. Sabem que ser\u00e0 complicat i que juguen molt b\u00e9. Els resultats no els han acompanyats, per\u00f2 ara han guanyat i aix\u00f2 els donar\u00e0 confian\u00e7a. Hem de centrar-nos en nosaltres mateixos i tindre efectivitat\u201d. Respecte a les virtuts del rival, Marcelino destaca la seua capacitat i talent: \u201cHan fet un gran pas cap a la salvaci\u00f3 amb la vict\u00f2ria davant el Mallorca. Tenen grans arguments futbol\u00edstics. Ser\u00e0 un partit complicat, per\u00f2 estem a un gran nivell. Ens veiem jugar i entrenar i sabem que som competitius. En els \u00faltims partits, nom\u00e9s hem perdut quan ens hem quedat amb 10. Hem d\u2019evitar cometre errors, ser nosaltres i tindre encert\u201d. Per al t\u00e8cnic groguet, la import\u00e0ncia d\u2019aconseguir un triomf davant els blanc-i-vermells radica en el valor de sol dependre d\u2019un mateix: \u201cSeria important guanyar perqu\u00e8 dependr\u00edem de nosaltres mateixos. Si guanyem, ens veurem igualats amb els quarts. Aix\u00f2 donaria un impuls de moral. A m\u00e9s, ens quedarien dos dels tres partits restants a casa. Malgrat aix\u00f2, preferisc no pensar en el que ve. Nom\u00e9s hem de centrar-nos en guanyar-li al Girona. Eixa \u00e9s la prioritat. Ho donarem tot per a aconseguir-ho\u201d. A continuaci\u00f3, pots escoltar la roda de premsa completa de Marcelino Garc\u00eda Toral abans del partit davant el Girona FC:","headings":[{"type":"heading","level":2,"text":"El t\u00e8cnic destaca la import\u00e0ncia de v\u00e9ncer en Montilivi per a continuar depenent d\u2019un mateix en la lluita per la Champions"}],"texts":[{"type":"paragraph","text":"L\u2019entrenador del Villarreal, Marcelino Garc\u00eda Toral, ha comparegut davant els mitjans de comunicaci\u00f3 per a analitzar la pr\u00e8via del pr\u00f2xim partit davant el Girona FC, corresponent a la jornada 35 de LALIGA EA Sports, que es jugar\u00e0 este dissabte, a partir de les 18.30 hores, en Montilivi."},{"type":"paragraph","text":"Abans de la compareixen\u00e7a, el t\u00e8cnic asturi\u00e0 ha volgut enviar un missatge de suport a M\u00edchel S\u00e1nchez: \u201cVull transmetre-li tot el meu \u00e0nim. No podr\u00e0 estar amb nosaltres en el camp. Li desitgem una r\u00e0pida recuperaci\u00f3. T\u00e9 el nostre suport i el nostre carinyo, com no pot ser d\u2019una altra manera. Ens veurem molt prompte en els terrenys de joc\u201d."},{"type":"paragraph","text":"Despr\u00e9s de l\u2019emotiu missatge cap al seu hom\u00f2leg al Girona, el t\u00e8cnic groc ha analitzat el partit davant els catalans: \u201cNom\u00e9s ens centrem en guanyar. Cada vict\u00f2ria que donem \u00e9s un pas cap avant. Fer-ho a Girona seria fer un pas cap al premi gros. Sabem que ser\u00e0 complicat i que juguen molt b\u00e9. Els resultats no els han acompanyats, per\u00f2 ara han guanyat i aix\u00f2 els donar\u00e0 confian\u00e7a. Hem de centrar-nos en nosaltres mateixos i tindre efectivitat\u201d."},{"type":"paragraph","text":"Respecte a les virtuts del rival, Marcelino destaca la seua capacitat i talent: \u201cHan fet un gran pas cap a la salvaci\u00f3 amb la vict\u00f2ria davant el Mallorca. Tenen grans arguments futbol\u00edstics. Ser\u00e0 un partit complicat, per\u00f2 estem a un gran nivell. Ens veiem jugar i entrenar i sabem que som competitius. En els \u00faltims partits, nom\u00e9s hem perdut quan ens hem quedat amb 10. Hem d\u2019evitar cometre errors, ser nosaltres i tindre encert\u201d."},{"type":"paragraph","text":"Per al t\u00e8cnic groguet, la import\u00e0ncia d\u2019aconseguir un triomf davant els blanc-i-vermells radica en el valor de sol dependre d\u2019un mateix: \u201cSeria important guanyar perqu\u00e8 dependr\u00edem de nosaltres mateixos. Si guanyem, ens veurem igualats amb els quarts. Aix\u00f2 donaria un impuls de moral. A m\u00e9s, ens quedarien dos dels tres partits restants a casa. Malgrat aix\u00f2, preferisc no pensar en el que ve. Nom\u00e9s hem de centrar-nos en guanyar-li al Girona. Eixa \u00e9s la prioritat. Ho donarem tot per a aconseguir-ho\u201d."},{"type":"paragraph","text":"A continuaci\u00f3, pots escoltar la roda de premsa completa de Marcelino Garc\u00eda Toral abans del partit davant el Girona FC:"}],"buttons":[],"images":[],"widgets":[],"blocks":[{"type":"heading","level":2,"text":"El t\u00e8cnic destaca la import\u00e0ncia de v\u00e9ncer en Montilivi per a continuar depenent d\u2019un mateix en la lluita per la Champions"},{"type":"paragraph","text":"L\u2019entrenador del Villarreal, Marcelino Garc\u00eda Toral, ha comparegut davant els mitjans de comunicaci\u00f3 per a analitzar la pr\u00e8via del pr\u00f2xim partit davant el Girona FC, corresponent a la jornada 35 de LALIGA EA Sports, que es jugar\u00e0 este dissabte, a partir de les 18.30 hores, en Montilivi."},{"type":"paragraph","text":"Abans de la compareixen\u00e7a, el t\u00e8cnic asturi\u00e0 ha volgut enviar un missatge de suport a M\u00edchel S\u00e1nchez: \u201cVull transmetre-li tot el meu \u00e0nim. No podr\u00e0 estar amb nosaltres en el camp. Li desitgem una r\u00e0pida recuperaci\u00f3. T\u00e9 el nostre suport i el nostre carinyo, com no pot ser d\u2019una altra manera. Ens veurem molt prompte en els terrenys de joc\u201d."},{"type":"paragraph","text":"Despr\u00e9s de l\u2019emotiu missatge cap al seu hom\u00f2leg al Girona, el t\u00e8cnic groc ha analitzat el partit davant els catalans: \u201cNom\u00e9s ens centrem en guanyar. Cada vict\u00f2ria que donem \u00e9s un pas cap avant. Fer-ho a Girona seria fer un pas cap al premi gros. Sabem que ser\u00e0 complicat i que juguen molt b\u00e9. Els resultats no els han acompanyats, per\u00f2 ara han guanyat i aix\u00f2 els donar\u00e0 confian\u00e7a. Hem de centrar-nos en nosaltres mateixos i tindre efectivitat\u201d."},{"type":"paragraph","text":"Respecte a les virtuts del rival, Marcelino destaca la seua capacitat i talent: \u201cHan fet un gran pas cap a la salvaci\u00f3 amb la vict\u00f2ria davant el Mallorca. Tenen grans arguments futbol\u00edstics. Ser\u00e0 un partit complicat, per\u00f2 estem a un gran nivell. Ens veiem jugar i entrenar i sabem que som competitius. En els \u00faltims partits, nom\u00e9s hem perdut quan ens hem quedat amb 10. Hem d\u2019evitar cometre errors, ser nosaltres i tindre encert\u201d."},{"type":"paragraph","text":"Per al t\u00e8cnic groguet, la import\u00e0ncia d\u2019aconseguir un triomf davant els blanc-i-vermells radica en el valor de sol dependre d\u2019un mateix: \u201cSeria important guanyar perqu\u00e8 dependr\u00edem de nosaltres mateixos. Si guanyem, ens veurem igualats amb els quarts. Aix\u00f2 donaria un impuls de moral. A m\u00e9s, ens quedarien dos dels tres partits restants a casa. Malgrat aix\u00f2, preferisc no pensar en el que ve. Nom\u00e9s hem de centrar-nos en guanyar-li al Girona. Eixa \u00e9s la prioritat. Ho donarem tot per a aconseguir-ho\u201d."},{"type":"paragraph","text":"A continuaci\u00f3, pots escoltar la roda de premsa completa de Marcelino Garc\u00eda Toral abans del partit davant el Girona FC:"},{"type":"video","kind":"iframe","url":"https:\/\/www.youtube.com\/embed\/szb7-7GNEo0?feature=oembed","poster":""}]}},"sections":[{"id":"section-1","title":"El t\u00e8cnic destaca la import\u00e0ncia de v\u00e9ncer en Montilivi per a continuar depenent d\u2019un mateix en la lluita per la Champions","text":"El t\u00e8cnic destaca la import\u00e0ncia de v\u00e9ncer en Montilivi per a continuar depenent d\u2019un mateix en la lluita per la Champions L\u2019entrenador del Villarreal, Marcelino Garc\u00eda Toral, ha comparegut davant els mitjans de comunicaci\u00f3 per a analitzar la pr\u00e8via del pr\u00f2xim partit davant el Girona FC, corresponent a la jornada 35 de LALIGA EA Sports, que es jugar\u00e0 este dissabte, a partir de les 18.30 hores, en Montilivi. Abans de la compareixen\u00e7a, el t\u00e8cnic asturi\u00e0 ha volgut enviar un missatge de suport a M\u00edchel S\u00e1nchez: \u201cVull transmetre-li tot el meu \u00e0nim. No podr\u00e0 estar amb nosaltres en el camp. Li desitgem una r\u00e0pida recuperaci\u00f3. T\u00e9 el nostre suport i el nostre carinyo, com no pot ser d\u2019una altra manera. Ens veurem molt prompte en els terrenys de joc\u201d. Despr\u00e9s de l\u2019emotiu missatge cap al seu hom\u00f2leg al Girona, el t\u00e8cnic groc ha analitzat el partit davant els catalans: \u201cNom\u00e9s ens centrem en guanyar. Cada vict\u00f2ria que donem \u00e9s un pas cap avant. Fer-ho a Girona seria fer un pas cap al premi gros. Sabem que ser\u00e0 complicat i que juguen molt b\u00e9. Els resultats no els han acompanyats, per\u00f2 ara han guanyat i aix\u00f2 els donar\u00e0 confian\u00e7a. Hem de centrar-nos en nosaltres mateixos i tindre efectivitat\u201d. Respecte a les virtuts del rival, Marcelino destaca la seua capacitat i talent: \u201cHan fet un gran pas cap a la salvaci\u00f3 amb la vict\u00f2ria davant el Mallorca. Tenen grans arguments futbol\u00edstics. Ser\u00e0 un partit complicat, per\u00f2 estem a un gran nivell. Ens veiem jugar i entrenar i sabem que som competitius. En els \u00faltims partits, nom\u00e9s hem perdut quan ens hem quedat amb 10. Hem d\u2019evitar cometre errors, ser nosaltres i tindre encert\u201d. Per al t\u00e8cnic groguet, la import\u00e0ncia d\u2019aconseguir un triomf davant els blanc-i-vermells radica en el valor de sol dependre d\u2019un mateix: \u201cSeria important guanyar perqu\u00e8 dependr\u00edem de nosaltres mateixos. Si guanyem, ens veurem igualats amb els quarts. Aix\u00f2 donaria un impuls de moral. A m\u00e9s, ens quedarien dos dels tres partits restants a casa. Malgrat aix\u00f2, preferisc no pensar en el que ve. Nom\u00e9s hem de centrar-nos en guanyar-li al Girona. Eixa \u00e9s la prioritat. Ho donarem tot per a aconseguir-ho\u201d. A continuaci\u00f3, pots escoltar la roda de premsa completa de Marcelino Garc\u00eda Toral abans del partit davant el Girona FC:","url":"","background_image":"","images":[],"videos":[{"type":"video","kind":"iframe","url":"https:\/\/www.youtube.com\/embed\/szb7-7GNEo0?feature=oembed","poster":""}],"links":[]}]},"excerpt":{"rendered":"El t\u00e8cnic destaca la import\u00e0ncia de v\u00e9ncer en Montilivi per a continuar depenent d&#8217;un mateix en la lluita per la Champions","protected":false},"author":29,"featured_media":589712,"comment_status":"closed","ping_status":"closed","sticky":false,"template":"","format":"standard","meta":{"_acf_changed":false,"footnotes":""},"categories":[13493],"tags":[717,13555,11635,11042,9219,9278,9680,716,9205,13556,13557],"acf":null,"lang":"val","translations":{"es":589693,"val":589715,"en":589722},"essential_grid":{"has_grid":false},"formatted_date":"May 9, 2025","modified_date":"May 9, 2025","permalink":"https:\/\/villarrealcf.es\/val\/marcelino-guanyar-al-girona-seria-un-gran-pas\/","reading_time":3,"featured_media_data":{"id":589712,"title":"RPMarcelino","caption":"","alt_text":"","description":"","mime_type":"image\/jpeg","source_url":"https:\/\/villarrealcf.es\/wp-content\/uploads\/2025\/05\/RPMarcelino.jpg","sizes":{"thumbnail":{"url":"https:\/\/villarrealcf.es\/wp-content\/uploads\/2025\/05\/RPMarcelino.jpg","width":1920,"height":1080},"medium":{"url":"https:\/\/villarrealcf.es\/wp-content\/uploads\/2025\/05\/RPMarcelino.jpg","width":1920,"height":1080},"medium_large":{"url":"https:\/\/villarrealcf.es\/wp-content\/uploads\/2025\/05\/RPMarcelino-768x432.jpg","width":768,"height":432},"large":{"url":"https:\/\/villarrealcf.es\/wp-content\/uploads\/2025\/05\/RPMarcelino.jpg","width":788,"height":443},"1536x1536":{"url":"https:\/\/villarrealcf.es\/wp-content\/uploads\/2025\/05\/RPMarcelino-1536x864.jpg","width":1536,"height":864},"2048x2048":{"url":"https:\/\/villarrealcf.es\/wp-content\/uploads\/2025\/05\/RPMarcelino.jpg","width":1920,"height":1080},"tp-image-grid":{"url":"https:\/\/villarrealcf.es\/wp-content\/uploads\/2025\/05\/RPMarcelino-700x700.jpg","width":700,"height":700},"size-bunyad-medium":{"url":"https:\/\/villarrealcf.es\/wp-content\/uploads\/2025\/05\/RPMarcelino.jpg","width":1920,"height":1080},"sportspress-crop-medium":{"url":"https:\/\/villarrealcf.es\/wp-content\/uploads\/2025\/05\/RPMarcelino-300x300.jpg","width":300,"height":300},"sportspress-fit-medium":{"url":"https:\/\/villarrealcf.es\/wp-content\/uploads\/2025\/05\/RPMarcelino-300x169.jpg","width":300,"height":169},"sportspress-fit-icon":{"url":"https:\/\/villarrealcf.es\/wp-content\/uploads\/2025\/05\/RPMarcelino-128x72.jpg","width":128,"height":72},"sportspress-fit-mini":{"url":"https:\/\/villarrealcf.es\/wp-content\/uploads\/2025\/05\/RPMarcelino-32x18.jpg","width":32,"height":18},"bunyad-small":{"url":"https:\/\/villarrealcf.es\/wp-content\/uploads\/2025\/05\/RPMarcelino-150x84.jpg","width":150,"height":84},"bunyad-medium":{"url":"https:\/\/villarrealcf.es\/wp-content\/uploads\/2025\/05\/RPMarcelino-450x253.jpg","width":450,"height":253},"bunyad-full":{"url":"https:\/\/villarrealcf.es\/wp-content\/uploads\/2025\/05\/RPMarcelino-1200x675.jpg","width":1200,"height":675},"bunyad-viewport":{"url":"https:\/\/villarrealcf.es\/wp-content\/uploads\/2025\/05\/RPMarcelino.jpg","width":1920,"height":1080},"bunyad-768":{"url":"https:\/\/villarrealcf.es\/wp-content\/uploads\/2025\/05\/RPMarcelino-768x432.jpg","width":768,"height":432},"full":{"url":"https:\/\/villarrealcf.es\/wp-content\/uploads\/2025\/05\/RPMarcelino.jpg","width":1920,"height":1080}}},"author_data":{"id":"29","name":"Azahara Beroy","first_name":"Azahara","last_name":"Beroy","description":"","avatar_url":"https:\/\/secure.gravatar.com\/avatar\/91b979a91a1925e60814719244bbf7824af58ced5a6e2130c2611bde24439aa7?s=96&d=mm&r=g","acf":null},"taxonomies_data":{"category":[{"id":13493,"name":"Primer equip","slug":"primer-equip","acf":null}],"post_tag":[{"id":717,"name":"Football","slug":"football-d34","acf":null},{"id":13555,"name":"Futbol","slug":"futbol-val-2","acf":null},{"id":11635,"name":"Girona FC","slug":"girona-fc-val","acf":null},{"id":11042,"name":"LaLiga","slug":"laliga-val","acf":null},{"id":9219,"name":"Marcelino Garc\u00eda Toral","slug":"marcelino-garcia-toral-val","acf":null},{"id":9278,"name":"primera division","slug":"primera-division-val","acf":null},{"id":9680,"name":"Rueda de prensa","slug":"rueda-de-prensa-val","acf":null},{"id":716,"name":"Soccer","slug":"soccer-d105","acf":null},{"id":9205,"name":"Submarino","slug":"submarino-val","acf":null},{"id":13556,"name":"Submarino Amarillo","slug":"submarino-amarillo-val-2","acf":null},{"id":13557,"name":"Villarreal CF","slug":"villarreal-cf-val-2","acf":null}],"translation_priority":[{"id":735,"name":"Optional","slug":"optional-val","acf":null}]},"seo_full":{"native":{"title":"Marcelino: \u201cGuanyar al Girona seria un gran pas\u201d - Web Oficial del Villarreal CF","description":"El t\u00e8cnic destaca la import\u00e0ncia de v\u00e9ncer en Montilivi per a continuar depenent d'un mateix en la lluita per la Champions","canonical":"https:\/\/villarrealcf.es\/val\/marcelino-guanyar-al-girona-seria-un-gran-pas\/"}},"_links":{"self":[{"href":"https:\/\/villarrealcf.es\/val\/wp-json\/wp\/v2\/posts\/589715","targetHints":{"allow":["GET"]}}],"collection":[{"href":"https:\/\/villarrealcf.es\/val\/wp-json\/wp\/v2\/posts"}],"about":[{"href":"https:\/\/villarrealcf.es\/val\/wp-json\/wp\/v2\/types\/post"}],"author":[{"embeddable":true,"href":"https:\/\/villarrealcf.es\/val\/wp-json\/wp\/v2\/users\/29"}],"replies":[{"embeddable":true,"href":"https:\/\/villarrealcf.es\/val\/wp-json\/wp\/v2\/comments?post=589715"}],"version-history":[{"count":0,"href":"https:\/\/villarrealcf.es\/val\/wp-json\/wp\/v2\/posts\/589715\/revisions"}],"wp:featuredmedia":[{"embeddable":true,"href":"https:\/\/villarrealcf.es\/val\/wp-json\/wp\/v2\/media\/589712"}],"wp:attachment":[{"href":"https:\/\/villarrealcf.es\/val\/wp-json\/wp\/v2\/media?parent=589715"}],"wp:term":[{"taxonomy":"category","embeddable":true,"href":"https:\/\/villarrealcf.es\/val\/wp-json\/wp\/v2\/categories?post=589715"},{"taxonomy":"post_tag","embeddable":true,"href":"https:\/\/villarrealcf.es\/val\/wp-json\/wp\/v2\/tags?post=589715"}],"curies":[{"name":"wp","href":"https:\/\/api.w.org\/{rel}","templated":true}]}}