{"id":588393,"date":"2025-05-02T16:25:12","date_gmt":"2025-05-02T14:25:12","guid":{"rendered":"https:\/\/villarrealcf.es\/derbi-solidario-de-veteranos-ante-el-valencia-cf\/"},"modified":"2025-05-02T16:54:01","modified_gmt":"2025-05-02T14:54:01","slug":"derbi-solidari-de-veterans-davant-el-valencia-cf","status":"publish","type":"post","link":"https:\/\/villarrealcf.es\/val\/derbi-solidari-de-veterans-davant-el-valencia-cf\/","title":{"rendered":"Derbi solidari de veterans davant el Valencia CF"},"content":{"protected":false,"blocks":[{"type":"heading","level":2,"text":"Els veterans del Villarreal i el Valencia disputaran el diumenge 11 de maig dos amistosos solidaris en el Mini Estadi en benefici d\u2019ASPANION"},{"type":"paragraph","text":"Els equips de veterans mascul\u00ed i femen\u00ed del Villarreal CF i el Valencia CF jugaran el diumenge 11 de maig dos partits amistosos en el Mini Estadi de la Ciutat Esportiva, amb motiu de la celebraci\u00f3 de la primera edici\u00f3 del Memorial Jos\u00e9 Manuel Llaneza, organitzat per l\u2019Associaci\u00f3 d\u2019Exfutbolistes del Villarreal CF."},{"type":"paragraph","text":"Els amistosos seran de car\u00e0cter solidari i, encara que l\u2019entrada al dol siga gratu\u00efta, s\u2019habilitar\u00e0 un punt de donaci\u00f3, on els aficionats podran col\u00b7laborar directament en benefici d\u2019ASPANION (Asociaci\u00f3n de Padres de Ni\u00f1os con C\u00e1ncer de la Comunitat Valenciana)."},{"type":"paragraph","text":"El matx entre els conjunts de veteranes femenines comen\u00e7ar\u00e0 a les 10.00 hores, mentres que, a partir de les 12.00 hores, comen\u00e7ar\u00e0 el partit entre els equips de masculins de Valencia CF i Villarreal CF."},{"type":"paragraph","text":"Aquest derbi solidari ha sigut presentat en un acte molt emotiu, i dirigit pel periodista Javi Mata, a la sala de premsa de la Ciutat Esportiva Jos\u00e9 Manuel Llaneza, amb la pres\u00e8ncia de Vicente Mezquita, representaci\u00f3 de la Associaci\u00f3 d\u2019Exfutbolistes del Villarreal CF; Marcos Senna, llegenda grogueta i ambaixador del Villarreal CF; Mar Llaneza, filla de Jos\u00e9 Manuel Llaneza; Jos\u00e9 Mar\u00eda Gonz\u00e1lez, president de Asparion; i Jos\u00e9 Manuel Sempere, llegendari porter del Valencia CF."},{"type":"paragraph","text":"En primer lloc, Vicente Mezquita, representant de la Associaci\u00f3 d\u2019Exfutbolistes del Villarreal CF, ha explicat que aquest memorial es tracta d\u2019un projecte molt especial per a ells: \u201cPer a nosaltres \u00e9s un dia molt especial, perqu\u00e8 veiem complit un somni, que \u00e9s aquest projecte del qual ens sentim molt orgullosos. Al llarg dels 102 anys d\u2019hist\u00f2ria grogueta, hi ha una persona que destaca d\u2019en gran manera. Primer, exercint com a gerent i despr\u00e9s com a conseller delegat, per a acabar de vicepresident, i no \u00e9s un altre que Jos\u00e9 Manuel Llaneza, qui va marcar un abans i un despr\u00e9s en la hist\u00f2ria del club\u201d. Al que afig: \u201cEn record seu i per posar en valor la seua traject\u00f2ria personal i professional, presentem aquest esdeveniment \u00fanic i necessari\u201d."},{"type":"paragraph","text":"Per part seua, Marcos Senna, llegenda grogueta i ambaixador del club, es va mostrar molt emocionat per ser part\u00edcip de l\u2019esdeveniment: \u201cEm sent un privilegiat per ser part\u00edcip d\u2019aquest primer memorial. Si no fora per Jos\u00e9 Manuel Llaneza, jo no seria ac\u00ed. Continua viu i seguir\u00e0 en les nostres ments\u201d."},{"type":"paragraph","text":"Quant a Mar Llaneza, va convidar als aficionats a acudir al Mini Estadi: \u201cSer\u00e0 molt divertit i interessant, aix\u00ed que anime a la gent a vindre a i a fer donacions, demostrant que el club es fixa no sols en el futbol, sin\u00f3 tamb\u00e9 en la solidaritat\u201d."},{"type":"paragraph","text":"Unes donacions que aniran destinades a Aspanion. El seu president, Jos\u00e9 Mar\u00eda Gonz\u00e1lez, es mostrava molt agra\u00eft: \u201cEn Aspanion tenim un color, que \u00e9s el verd, per\u00f2 li segueix el groc. El Villarreal CF t\u00e9 molta culpa de l\u2019afecte que li tenim, perqu\u00e8 no sols t\u00e9 un car\u00e0cter esportiu, sin\u00f3 tamb\u00e9 social i solidari. \u00c9s una mostra del que era Jos\u00e9 Manuel Llaneza, perqu\u00e8 ell era un exemple de solidaritat i de suport als col\u00b7lectius menys desfavorits\u201d."},{"type":"paragraph","text":"En representaci\u00f3 del Valencia CF tamb\u00e9 va estar Jos\u00e9 Manuel Sempere, qui tamb\u00e9 guarda un bonic record de l\u2019exvicepresident groguet: \u201cPrimer, moltes gr\u00e0cies per haver-nos convidat i ser part\u00edcips d\u2019aquest esdeveniment. Per a mi, Jos\u00e9 Manuel Llaneza era un exemple del que \u00e9s ser gent de futbol i gent de club\u201d."},{"type":"paragraph","text":"Vine a veure a les llegendes groguetas i col\u00b7labora amb ASPANION!"},{"type":"video","kind":"iframe","url":"https:\/\/www.youtube.com\/embed\/f6Psydh2hSY?feature=oembed","poster":""}],"structured":{"summary":{"text":"Els veterans del Villarreal i el Valencia disputaran el diumenge 11 de maig dos amistosos solidaris en el Mini Estadi en benefici d\u2019ASPANION Els equips de veterans mascul\u00ed i femen\u00ed del Villarreal CF i el Valencia CF jugaran el diumenge 11 de maig dos partits amistosos en el Mini Estadi de la Ciutat Esportiva, amb motiu de la celebraci\u00f3 de la primera edici\u00f3 del Memorial Jos\u00e9 Manuel Llaneza, organitzat per l\u2019Associaci\u00f3 d\u2019Exfutbolistes del Villarreal CF. Els amistosos seran de car\u00e0cter solidari i, encara que l\u2019entrada al dol siga gratu\u00efta, s\u2019habilitar\u00e0 un punt de donaci\u00f3, on els aficionats podran col\u00b7laborar directament en benefici d\u2019ASPANION (Asociaci\u00f3n de Padres de Ni\u00f1os con C\u00e1ncer de la Comunitat Valenciana). El matx entre els conjunts de veteranes femenines comen\u00e7ar\u00e0 a les 10.00 hores, mentres que, a partir de les 12.00 hores, comen\u00e7ar\u00e0 el partit entre els equips de masculins de Valencia CF i Villarreal CF. Aquest derbi solidari ha sigut presentat en un acte molt emotiu, i dirigit pel periodista Javi Mata, a la sala de premsa de la Ciutat Esportiva Jos\u00e9 Manuel Llaneza, amb la pres\u00e8ncia de Vicente Mezquita, representaci\u00f3 de la Associaci\u00f3 d\u2019Exfutbolistes del Villarreal CF; Marcos Senna, llegenda grogueta i ambaixador del Villarreal CF; Mar Llaneza, filla de Jos\u00e9 Manuel Llaneza; Jos\u00e9 Mar\u00eda Gonz\u00e1lez, president de Asparion; i Jos\u00e9 Manuel Sempere, llegendari porter del Valencia CF. En primer lloc, Vicente Mezquita, representant de la Associaci\u00f3 d\u2019Exfutbolistes del Villarreal CF, ha explicat que aquest memorial es tracta d\u2019un projecte molt especial per a ells: \u201cPer a nosaltres \u00e9s un dia molt especial, perqu\u00e8 veiem complit un somni, que \u00e9s aquest projecte del qual ens sentim molt orgullosos. Al llarg dels 102 anys d\u2019hist\u00f2ria grogueta, hi ha una persona que destaca d\u2019en gran manera. Primer, exercint com a gerent i despr\u00e9s com a conseller delegat, per a acabar de vicepresident, i no \u00e9s un altre que Jos\u00e9 Manuel Llaneza, qui va marcar un abans i un despr\u00e9s en la hist\u00f2ria del club\u201d. Al que afig: \u201cEn record seu i per posar en valor la seua traject\u00f2ria personal i professional, presentem aquest esdeveniment \u00fanic i necessari\u201d. Per part seua, Marcos Senna, llegenda grogueta i ambaixador del club, es va mostrar molt emocionat per ser part\u00edcip de l\u2019esdeveniment: \u201cEm sent un privilegiat per ser part\u00edcip d\u2019aquest primer memorial. Si no fora per Jos\u00e9 Manuel Llaneza, jo no seria ac\u00ed. Continua viu i seguir\u00e0 en les nostres ments\u201d. Quant a Mar Llaneza, va convidar als aficionats a acudir al Mini Estadi: \u201cSer\u00e0 molt divertit i interessant, aix\u00ed que anime a la gent a vindre a i a fer donacions, demostrant que el club es fixa no sols en el futbol, sin\u00f3 tamb\u00e9 en la solidaritat\u201d. Unes donacions que aniran destinades a Aspanion. El seu president, Jos\u00e9 Mar\u00eda Gonz\u00e1lez, es mostrava molt agra\u00eft: \u201cEn Aspanion tenim un color, que \u00e9s el verd, per\u00f2 li segueix el groc. El Villarreal CF t\u00e9 molta culpa de l\u2019afecte que li tenim, perqu\u00e8 no sols t\u00e9 un car\u00e0cter esportiu, sin\u00f3 tamb\u00e9 social i solidari. \u00c9s una mostra del que era Jos\u00e9 Manuel Llaneza, perqu\u00e8 ell era un exemple de solidaritat i de suport als col\u00b7lectius menys desfavorits\u201d. En representaci\u00f3 del Valencia CF tamb\u00e9 va estar Jos\u00e9 Manuel Sempere, qui tamb\u00e9 guarda un bonic record de l\u2019exvicepresident groguet: \u201cPrimer, moltes gr\u00e0cies per haver-nos convidat i ser part\u00edcips d\u2019aquest esdeveniment. Per a mi, Jos\u00e9 Manuel Llaneza era un exemple del que \u00e9s ser gent de futbol i gent de club\u201d. Vine a veure a les llegendes groguetas i col\u00b7labora amb ASPANION!","headings":[{"type":"heading","level":2,"text":"Els veterans del Villarreal i el Valencia disputaran el diumenge 11 de maig dos amistosos solidaris en el Mini Estadi en benefici d\u2019ASPANION"}],"buttons":[],"images":[],"counts":{"blocks":12,"headings":1,"texts":10,"buttons":0,"images":0}},"sections":[{"id":"section-1","title":"Els veterans del Villarreal i el Valencia disputaran el diumenge 11 de maig dos amistosos solidaris en el Mini Estadi en benefici d\u2019ASPANION","text":"Els veterans del Villarreal i el Valencia disputaran el diumenge 11 de maig dos amistosos solidaris en el Mini Estadi en benefici d\u2019ASPANION Els equips de veterans mascul\u00ed i femen\u00ed del Villarreal CF i el Valencia CF jugaran el diumenge 11 de maig dos partits amistosos en el Mini Estadi de la Ciutat Esportiva, amb motiu de la celebraci\u00f3 de la primera edici\u00f3 del Memorial Jos\u00e9 Manuel Llaneza, organitzat per l\u2019Associaci\u00f3 d\u2019Exfutbolistes del Villarreal CF. Els amistosos seran de car\u00e0cter solidari i, encara que l\u2019entrada al dol siga gratu\u00efta, s\u2019habilitar\u00e0 un punt de donaci\u00f3, on els aficionats podran col\u00b7laborar directament en benefici d\u2019ASPANION (Asociaci\u00f3n de Padres de Ni\u00f1os con C\u00e1ncer de la Comunitat Valenciana). El matx entre els conjunts de veteranes femenines comen\u00e7ar\u00e0 a les 10.00 hores, mentres que, a partir de les 12.00 hores, comen\u00e7ar\u00e0 el partit entre els equips de masculins de Valencia CF i Villarreal CF. Aquest derbi solidari ha sigut presentat en un acte molt emotiu, i dirigit pel periodista Javi Mata, a la sala de premsa de la Ciutat Esportiva Jos\u00e9 Manuel Llaneza, amb la pres\u00e8ncia de Vicente Mezquita, representaci\u00f3 de la Associaci\u00f3 d\u2019Exfutbolistes del Villarreal CF; Marcos Senna, llegenda grogueta i ambaixador del Villarreal CF; Mar Llaneza, filla de Jos\u00e9 Manuel Llaneza; Jos\u00e9 Mar\u00eda Gonz\u00e1lez, president de Asparion; i Jos\u00e9 Manuel Sempere, llegendari porter del Valencia CF. En primer lloc, Vicente Mezquita, representant de la Associaci\u00f3 d\u2019Exfutbolistes del Villarreal CF, ha explicat que aquest memorial es tracta d\u2019un projecte molt especial per a ells: \u201cPer a nosaltres \u00e9s un dia molt especial, perqu\u00e8 veiem complit un somni, que \u00e9s aquest projecte del qual ens sentim molt orgullosos. Al llarg dels 102 anys d\u2019hist\u00f2ria grogueta, hi ha una persona que destaca d\u2019en gran manera. Primer, exercint com a gerent i despr\u00e9s com a conseller delegat, per a acabar de vicepresident, i no \u00e9s un altre que Jos\u00e9 Manuel Llaneza, qui va marcar un abans i un despr\u00e9s en la hist\u00f2ria del club\u201d. Al que afig: \u201cEn record seu i per posar en valor la seua traject\u00f2ria personal i professional, presentem aquest esdeveniment \u00fanic i necessari\u201d. Per part seua, Marcos Senna, llegenda grogueta i ambaixador del club, es va mostrar molt emocionat per ser part\u00edcip de l\u2019esdeveniment: \u201cEm sent un privilegiat per ser part\u00edcip d\u2019aquest primer memorial. Si no fora per Jos\u00e9 Manuel Llaneza, jo no seria ac\u00ed. Continua viu i seguir\u00e0 en les nostres ments\u201d. Quant a Mar Llaneza, va convidar als aficionats a acudir al Mini Estadi: \u201cSer\u00e0 molt divertit i interessant, aix\u00ed que anime a la gent a vindre a i a fer donacions, demostrant que el club es fixa no sols en el futbol, sin\u00f3 tamb\u00e9 en la solidaritat\u201d. Unes donacions que aniran destinades a Aspanion. El seu president, Jos\u00e9 Mar\u00eda Gonz\u00e1lez, es mostrava molt agra\u00eft: \u201cEn Aspanion tenim un color, que \u00e9s el verd, per\u00f2 li segueix el groc. El Villarreal CF t\u00e9 molta culpa de l\u2019afecte que li tenim, perqu\u00e8 no sols t\u00e9 un car\u00e0cter esportiu, sin\u00f3 tamb\u00e9 social i solidari. \u00c9s una mostra del que era Jos\u00e9 Manuel Llaneza, perqu\u00e8 ell era un exemple de solidaritat i de suport als col\u00b7lectius menys desfavorits\u201d. En representaci\u00f3 del Valencia CF tamb\u00e9 va estar Jos\u00e9 Manuel Sempere, qui tamb\u00e9 guarda un bonic record de l\u2019exvicepresident groguet: \u201cPrimer, moltes gr\u00e0cies per haver-nos convidat i ser part\u00edcips d\u2019aquest esdeveniment. Per a mi, Jos\u00e9 Manuel Llaneza era un exemple del que \u00e9s ser gent de futbol i gent de club\u201d. Vine a veure a les llegendes groguetas i col\u00b7labora amb ASPANION!","headings":[{"type":"heading","level":2,"text":"Els veterans del Villarreal i el Valencia disputaran el diumenge 11 de maig dos amistosos solidaris en el Mini Estadi en benefici d\u2019ASPANION"}],"texts":[{"type":"paragraph","text":"Els equips de veterans mascul\u00ed i femen\u00ed del Villarreal CF i el Valencia CF jugaran el diumenge 11 de maig dos partits amistosos en el Mini Estadi de la Ciutat Esportiva, amb motiu de la celebraci\u00f3 de la primera edici\u00f3 del Memorial Jos\u00e9 Manuel Llaneza, organitzat per l\u2019Associaci\u00f3 d\u2019Exfutbolistes del Villarreal CF."},{"type":"paragraph","text":"Els amistosos seran de car\u00e0cter solidari i, encara que l\u2019entrada al dol siga gratu\u00efta, s\u2019habilitar\u00e0 un punt de donaci\u00f3, on els aficionats podran col\u00b7laborar directament en benefici d\u2019ASPANION (Asociaci\u00f3n de Padres de Ni\u00f1os con C\u00e1ncer de la Comunitat Valenciana)."},{"type":"paragraph","text":"El matx entre els conjunts de veteranes femenines comen\u00e7ar\u00e0 a les 10.00 hores, mentres que, a partir de les 12.00 hores, comen\u00e7ar\u00e0 el partit entre els equips de masculins de Valencia CF i Villarreal CF."},{"type":"paragraph","text":"Aquest derbi solidari ha sigut presentat en un acte molt emotiu, i dirigit pel periodista Javi Mata, a la sala de premsa de la Ciutat Esportiva Jos\u00e9 Manuel Llaneza, amb la pres\u00e8ncia de Vicente Mezquita, representaci\u00f3 de la Associaci\u00f3 d\u2019Exfutbolistes del Villarreal CF; Marcos Senna, llegenda grogueta i ambaixador del Villarreal CF; Mar Llaneza, filla de Jos\u00e9 Manuel Llaneza; Jos\u00e9 Mar\u00eda Gonz\u00e1lez, president de Asparion; i Jos\u00e9 Manuel Sempere, llegendari porter del Valencia CF."},{"type":"paragraph","text":"En primer lloc, Vicente Mezquita, representant de la Associaci\u00f3 d\u2019Exfutbolistes del Villarreal CF, ha explicat que aquest memorial es tracta d\u2019un projecte molt especial per a ells: \u201cPer a nosaltres \u00e9s un dia molt especial, perqu\u00e8 veiem complit un somni, que \u00e9s aquest projecte del qual ens sentim molt orgullosos. Al llarg dels 102 anys d\u2019hist\u00f2ria grogueta, hi ha una persona que destaca d\u2019en gran manera. Primer, exercint com a gerent i despr\u00e9s com a conseller delegat, per a acabar de vicepresident, i no \u00e9s un altre que Jos\u00e9 Manuel Llaneza, qui va marcar un abans i un despr\u00e9s en la hist\u00f2ria del club\u201d. Al que afig: \u201cEn record seu i per posar en valor la seua traject\u00f2ria personal i professional, presentem aquest esdeveniment \u00fanic i necessari\u201d."},{"type":"paragraph","text":"Per part seua, Marcos Senna, llegenda grogueta i ambaixador del club, es va mostrar molt emocionat per ser part\u00edcip de l\u2019esdeveniment: \u201cEm sent un privilegiat per ser part\u00edcip d\u2019aquest primer memorial. Si no fora per Jos\u00e9 Manuel Llaneza, jo no seria ac\u00ed. Continua viu i seguir\u00e0 en les nostres ments\u201d."},{"type":"paragraph","text":"Quant a Mar Llaneza, va convidar als aficionats a acudir al Mini Estadi: \u201cSer\u00e0 molt divertit i interessant, aix\u00ed que anime a la gent a vindre a i a fer donacions, demostrant que el club es fixa no sols en el futbol, sin\u00f3 tamb\u00e9 en la solidaritat\u201d."},{"type":"paragraph","text":"Unes donacions que aniran destinades a Aspanion. El seu president, Jos\u00e9 Mar\u00eda Gonz\u00e1lez, es mostrava molt agra\u00eft: \u201cEn Aspanion tenim un color, que \u00e9s el verd, per\u00f2 li segueix el groc. El Villarreal CF t\u00e9 molta culpa de l\u2019afecte que li tenim, perqu\u00e8 no sols t\u00e9 un car\u00e0cter esportiu, sin\u00f3 tamb\u00e9 social i solidari. \u00c9s una mostra del que era Jos\u00e9 Manuel Llaneza, perqu\u00e8 ell era un exemple de solidaritat i de suport als col\u00b7lectius menys desfavorits\u201d."},{"type":"paragraph","text":"En representaci\u00f3 del Valencia CF tamb\u00e9 va estar Jos\u00e9 Manuel Sempere, qui tamb\u00e9 guarda un bonic record de l\u2019exvicepresident groguet: \u201cPrimer, moltes gr\u00e0cies per haver-nos convidat i ser part\u00edcips d\u2019aquest esdeveniment. Per a mi, Jos\u00e9 Manuel Llaneza era un exemple del que \u00e9s ser gent de futbol i gent de club\u201d."},{"type":"paragraph","text":"Vine a veure a les llegendes groguetas i col\u00b7labora amb ASPANION!"}],"buttons":[],"images":[],"widgets":[],"blocks":[{"type":"heading","level":2,"text":"Els veterans del Villarreal i el Valencia disputaran el diumenge 11 de maig dos amistosos solidaris en el Mini Estadi en benefici d\u2019ASPANION"},{"type":"paragraph","text":"Els equips de veterans mascul\u00ed i femen\u00ed del Villarreal CF i el Valencia CF jugaran el diumenge 11 de maig dos partits amistosos en el Mini Estadi de la Ciutat Esportiva, amb motiu de la celebraci\u00f3 de la primera edici\u00f3 del Memorial Jos\u00e9 Manuel Llaneza, organitzat per l\u2019Associaci\u00f3 d\u2019Exfutbolistes del Villarreal CF."},{"type":"paragraph","text":"Els amistosos seran de car\u00e0cter solidari i, encara que l\u2019entrada al dol siga gratu\u00efta, s\u2019habilitar\u00e0 un punt de donaci\u00f3, on els aficionats podran col\u00b7laborar directament en benefici d\u2019ASPANION (Asociaci\u00f3n de Padres de Ni\u00f1os con C\u00e1ncer de la Comunitat Valenciana)."},{"type":"paragraph","text":"El matx entre els conjunts de veteranes femenines comen\u00e7ar\u00e0 a les 10.00 hores, mentres que, a partir de les 12.00 hores, comen\u00e7ar\u00e0 el partit entre els equips de masculins de Valencia CF i Villarreal CF."},{"type":"paragraph","text":"Aquest derbi solidari ha sigut presentat en un acte molt emotiu, i dirigit pel periodista Javi Mata, a la sala de premsa de la Ciutat Esportiva Jos\u00e9 Manuel Llaneza, amb la pres\u00e8ncia de Vicente Mezquita, representaci\u00f3 de la Associaci\u00f3 d\u2019Exfutbolistes del Villarreal CF; Marcos Senna, llegenda grogueta i ambaixador del Villarreal CF; Mar Llaneza, filla de Jos\u00e9 Manuel Llaneza; Jos\u00e9 Mar\u00eda Gonz\u00e1lez, president de Asparion; i Jos\u00e9 Manuel Sempere, llegendari porter del Valencia CF."},{"type":"paragraph","text":"En primer lloc, Vicente Mezquita, representant de la Associaci\u00f3 d\u2019Exfutbolistes del Villarreal CF, ha explicat que aquest memorial es tracta d\u2019un projecte molt especial per a ells: \u201cPer a nosaltres \u00e9s un dia molt especial, perqu\u00e8 veiem complit un somni, que \u00e9s aquest projecte del qual ens sentim molt orgullosos. Al llarg dels 102 anys d\u2019hist\u00f2ria grogueta, hi ha una persona que destaca d\u2019en gran manera. Primer, exercint com a gerent i despr\u00e9s com a conseller delegat, per a acabar de vicepresident, i no \u00e9s un altre que Jos\u00e9 Manuel Llaneza, qui va marcar un abans i un despr\u00e9s en la hist\u00f2ria del club\u201d. Al que afig: \u201cEn record seu i per posar en valor la seua traject\u00f2ria personal i professional, presentem aquest esdeveniment \u00fanic i necessari\u201d."},{"type":"paragraph","text":"Per part seua, Marcos Senna, llegenda grogueta i ambaixador del club, es va mostrar molt emocionat per ser part\u00edcip de l\u2019esdeveniment: \u201cEm sent un privilegiat per ser part\u00edcip d\u2019aquest primer memorial. Si no fora per Jos\u00e9 Manuel Llaneza, jo no seria ac\u00ed. Continua viu i seguir\u00e0 en les nostres ments\u201d."},{"type":"paragraph","text":"Quant a Mar Llaneza, va convidar als aficionats a acudir al Mini Estadi: \u201cSer\u00e0 molt divertit i interessant, aix\u00ed que anime a la gent a vindre a i a fer donacions, demostrant que el club es fixa no sols en el futbol, sin\u00f3 tamb\u00e9 en la solidaritat\u201d."},{"type":"paragraph","text":"Unes donacions que aniran destinades a Aspanion. El seu president, Jos\u00e9 Mar\u00eda Gonz\u00e1lez, es mostrava molt agra\u00eft: \u201cEn Aspanion tenim un color, que \u00e9s el verd, per\u00f2 li segueix el groc. El Villarreal CF t\u00e9 molta culpa de l\u2019afecte que li tenim, perqu\u00e8 no sols t\u00e9 un car\u00e0cter esportiu, sin\u00f3 tamb\u00e9 social i solidari. \u00c9s una mostra del que era Jos\u00e9 Manuel Llaneza, perqu\u00e8 ell era un exemple de solidaritat i de suport als col\u00b7lectius menys desfavorits\u201d."},{"type":"paragraph","text":"En representaci\u00f3 del Valencia CF tamb\u00e9 va estar Jos\u00e9 Manuel Sempere, qui tamb\u00e9 guarda un bonic record de l\u2019exvicepresident groguet: \u201cPrimer, moltes gr\u00e0cies per haver-nos convidat i ser part\u00edcips d\u2019aquest esdeveniment. Per a mi, Jos\u00e9 Manuel Llaneza era un exemple del que \u00e9s ser gent de futbol i gent de club\u201d."},{"type":"paragraph","text":"Vine a veure a les llegendes groguetas i col\u00b7labora amb ASPANION!"},{"type":"video","kind":"iframe","url":"https:\/\/www.youtube.com\/embed\/f6Psydh2hSY?feature=oembed","poster":""}]}],"hero":{"id":"section-1","title":"Els veterans del Villarreal i el Valencia disputaran el diumenge 11 de maig dos amistosos solidaris en el Mini Estadi en benefici d\u2019ASPANION","text":"Els veterans del Villarreal i el Valencia disputaran el diumenge 11 de maig dos amistosos solidaris en el Mini Estadi en benefici d\u2019ASPANION Els equips de veterans mascul\u00ed i femen\u00ed del Villarreal CF i el Valencia CF jugaran el diumenge 11 de maig dos partits amistosos en el Mini Estadi de la Ciutat Esportiva, amb motiu de la celebraci\u00f3 de la primera edici\u00f3 del Memorial Jos\u00e9 Manuel Llaneza, organitzat per l\u2019Associaci\u00f3 d\u2019Exfutbolistes del Villarreal CF. Els amistosos seran de car\u00e0cter solidari i, encara que l\u2019entrada al dol siga gratu\u00efta, s\u2019habilitar\u00e0 un punt de donaci\u00f3, on els aficionats podran col\u00b7laborar directament en benefici d\u2019ASPANION (Asociaci\u00f3n de Padres de Ni\u00f1os con C\u00e1ncer de la Comunitat Valenciana). El matx entre els conjunts de veteranes femenines comen\u00e7ar\u00e0 a les 10.00 hores, mentres que, a partir de les 12.00 hores, comen\u00e7ar\u00e0 el partit entre els equips de masculins de Valencia CF i Villarreal CF. Aquest derbi solidari ha sigut presentat en un acte molt emotiu, i dirigit pel periodista Javi Mata, a la sala de premsa de la Ciutat Esportiva Jos\u00e9 Manuel Llaneza, amb la pres\u00e8ncia de Vicente Mezquita, representaci\u00f3 de la Associaci\u00f3 d\u2019Exfutbolistes del Villarreal CF; Marcos Senna, llegenda grogueta i ambaixador del Villarreal CF; Mar Llaneza, filla de Jos\u00e9 Manuel Llaneza; Jos\u00e9 Mar\u00eda Gonz\u00e1lez, president de Asparion; i Jos\u00e9 Manuel Sempere, llegendari porter del Valencia CF. En primer lloc, Vicente Mezquita, representant de la Associaci\u00f3 d\u2019Exfutbolistes del Villarreal CF, ha explicat que aquest memorial es tracta d\u2019un projecte molt especial per a ells: \u201cPer a nosaltres \u00e9s un dia molt especial, perqu\u00e8 veiem complit un somni, que \u00e9s aquest projecte del qual ens sentim molt orgullosos. Al llarg dels 102 anys d\u2019hist\u00f2ria grogueta, hi ha una persona que destaca d\u2019en gran manera. Primer, exercint com a gerent i despr\u00e9s com a conseller delegat, per a acabar de vicepresident, i no \u00e9s un altre que Jos\u00e9 Manuel Llaneza, qui va marcar un abans i un despr\u00e9s en la hist\u00f2ria del club\u201d. Al que afig: \u201cEn record seu i per posar en valor la seua traject\u00f2ria personal i professional, presentem aquest esdeveniment \u00fanic i necessari\u201d. Per part seua, Marcos Senna, llegenda grogueta i ambaixador del club, es va mostrar molt emocionat per ser part\u00edcip de l\u2019esdeveniment: \u201cEm sent un privilegiat per ser part\u00edcip d\u2019aquest primer memorial. Si no fora per Jos\u00e9 Manuel Llaneza, jo no seria ac\u00ed. Continua viu i seguir\u00e0 en les nostres ments\u201d. Quant a Mar Llaneza, va convidar als aficionats a acudir al Mini Estadi: \u201cSer\u00e0 molt divertit i interessant, aix\u00ed que anime a la gent a vindre a i a fer donacions, demostrant que el club es fixa no sols en el futbol, sin\u00f3 tamb\u00e9 en la solidaritat\u201d. Unes donacions que aniran destinades a Aspanion. El seu president, Jos\u00e9 Mar\u00eda Gonz\u00e1lez, es mostrava molt agra\u00eft: \u201cEn Aspanion tenim un color, que \u00e9s el verd, per\u00f2 li segueix el groc. El Villarreal CF t\u00e9 molta culpa de l\u2019afecte que li tenim, perqu\u00e8 no sols t\u00e9 un car\u00e0cter esportiu, sin\u00f3 tamb\u00e9 social i solidari. \u00c9s una mostra del que era Jos\u00e9 Manuel Llaneza, perqu\u00e8 ell era un exemple de solidaritat i de suport als col\u00b7lectius menys desfavorits\u201d. En representaci\u00f3 del Valencia CF tamb\u00e9 va estar Jos\u00e9 Manuel Sempere, qui tamb\u00e9 guarda un bonic record de l\u2019exvicepresident groguet: \u201cPrimer, moltes gr\u00e0cies per haver-nos convidat i ser part\u00edcips d\u2019aquest esdeveniment. Per a mi, Jos\u00e9 Manuel Llaneza era un exemple del que \u00e9s ser gent de futbol i gent de club\u201d. Vine a veure a les llegendes groguetas i col\u00b7labora amb ASPANION!","headings":[{"type":"heading","level":2,"text":"Els veterans del Villarreal i el Valencia disputaran el diumenge 11 de maig dos amistosos solidaris en el Mini Estadi en benefici d\u2019ASPANION"}],"texts":[{"type":"paragraph","text":"Els equips de veterans mascul\u00ed i femen\u00ed del Villarreal CF i el Valencia CF jugaran el diumenge 11 de maig dos partits amistosos en el Mini Estadi de la Ciutat Esportiva, amb motiu de la celebraci\u00f3 de la primera edici\u00f3 del Memorial Jos\u00e9 Manuel Llaneza, organitzat per l\u2019Associaci\u00f3 d\u2019Exfutbolistes del Villarreal CF."},{"type":"paragraph","text":"Els amistosos seran de car\u00e0cter solidari i, encara que l\u2019entrada al dol siga gratu\u00efta, s\u2019habilitar\u00e0 un punt de donaci\u00f3, on els aficionats podran col\u00b7laborar directament en benefici d\u2019ASPANION (Asociaci\u00f3n de Padres de Ni\u00f1os con C\u00e1ncer de la Comunitat Valenciana)."},{"type":"paragraph","text":"El matx entre els conjunts de veteranes femenines comen\u00e7ar\u00e0 a les 10.00 hores, mentres que, a partir de les 12.00 hores, comen\u00e7ar\u00e0 el partit entre els equips de masculins de Valencia CF i Villarreal CF."},{"type":"paragraph","text":"Aquest derbi solidari ha sigut presentat en un acte molt emotiu, i dirigit pel periodista Javi Mata, a la sala de premsa de la Ciutat Esportiva Jos\u00e9 Manuel Llaneza, amb la pres\u00e8ncia de Vicente Mezquita, representaci\u00f3 de la Associaci\u00f3 d\u2019Exfutbolistes del Villarreal CF; Marcos Senna, llegenda grogueta i ambaixador del Villarreal CF; Mar Llaneza, filla de Jos\u00e9 Manuel Llaneza; Jos\u00e9 Mar\u00eda Gonz\u00e1lez, president de Asparion; i Jos\u00e9 Manuel Sempere, llegendari porter del Valencia CF."},{"type":"paragraph","text":"En primer lloc, Vicente Mezquita, representant de la Associaci\u00f3 d\u2019Exfutbolistes del Villarreal CF, ha explicat que aquest memorial es tracta d\u2019un projecte molt especial per a ells: \u201cPer a nosaltres \u00e9s un dia molt especial, perqu\u00e8 veiem complit un somni, que \u00e9s aquest projecte del qual ens sentim molt orgullosos. Al llarg dels 102 anys d\u2019hist\u00f2ria grogueta, hi ha una persona que destaca d\u2019en gran manera. Primer, exercint com a gerent i despr\u00e9s com a conseller delegat, per a acabar de vicepresident, i no \u00e9s un altre que Jos\u00e9 Manuel Llaneza, qui va marcar un abans i un despr\u00e9s en la hist\u00f2ria del club\u201d. Al que afig: \u201cEn record seu i per posar en valor la seua traject\u00f2ria personal i professional, presentem aquest esdeveniment \u00fanic i necessari\u201d."},{"type":"paragraph","text":"Per part seua, Marcos Senna, llegenda grogueta i ambaixador del club, es va mostrar molt emocionat per ser part\u00edcip de l\u2019esdeveniment: \u201cEm sent un privilegiat per ser part\u00edcip d\u2019aquest primer memorial. Si no fora per Jos\u00e9 Manuel Llaneza, jo no seria ac\u00ed. Continua viu i seguir\u00e0 en les nostres ments\u201d."},{"type":"paragraph","text":"Quant a Mar Llaneza, va convidar als aficionats a acudir al Mini Estadi: \u201cSer\u00e0 molt divertit i interessant, aix\u00ed que anime a la gent a vindre a i a fer donacions, demostrant que el club es fixa no sols en el futbol, sin\u00f3 tamb\u00e9 en la solidaritat\u201d."},{"type":"paragraph","text":"Unes donacions que aniran destinades a Aspanion. El seu president, Jos\u00e9 Mar\u00eda Gonz\u00e1lez, es mostrava molt agra\u00eft: \u201cEn Aspanion tenim un color, que \u00e9s el verd, per\u00f2 li segueix el groc. El Villarreal CF t\u00e9 molta culpa de l\u2019afecte que li tenim, perqu\u00e8 no sols t\u00e9 un car\u00e0cter esportiu, sin\u00f3 tamb\u00e9 social i solidari. \u00c9s una mostra del que era Jos\u00e9 Manuel Llaneza, perqu\u00e8 ell era un exemple de solidaritat i de suport als col\u00b7lectius menys desfavorits\u201d."},{"type":"paragraph","text":"En representaci\u00f3 del Valencia CF tamb\u00e9 va estar Jos\u00e9 Manuel Sempere, qui tamb\u00e9 guarda un bonic record de l\u2019exvicepresident groguet: \u201cPrimer, moltes gr\u00e0cies per haver-nos convidat i ser part\u00edcips d\u2019aquest esdeveniment. Per a mi, Jos\u00e9 Manuel Llaneza era un exemple del que \u00e9s ser gent de futbol i gent de club\u201d."},{"type":"paragraph","text":"Vine a veure a les llegendes groguetas i col\u00b7labora amb ASPANION!"}],"buttons":[],"images":[],"widgets":[],"blocks":[{"type":"heading","level":2,"text":"Els veterans del Villarreal i el Valencia disputaran el diumenge 11 de maig dos amistosos solidaris en el Mini Estadi en benefici d\u2019ASPANION"},{"type":"paragraph","text":"Els equips de veterans mascul\u00ed i femen\u00ed del Villarreal CF i el Valencia CF jugaran el diumenge 11 de maig dos partits amistosos en el Mini Estadi de la Ciutat Esportiva, amb motiu de la celebraci\u00f3 de la primera edici\u00f3 del Memorial Jos\u00e9 Manuel Llaneza, organitzat per l\u2019Associaci\u00f3 d\u2019Exfutbolistes del Villarreal CF."},{"type":"paragraph","text":"Els amistosos seran de car\u00e0cter solidari i, encara que l\u2019entrada al dol siga gratu\u00efta, s\u2019habilitar\u00e0 un punt de donaci\u00f3, on els aficionats podran col\u00b7laborar directament en benefici d\u2019ASPANION (Asociaci\u00f3n de Padres de Ni\u00f1os con C\u00e1ncer de la Comunitat Valenciana)."},{"type":"paragraph","text":"El matx entre els conjunts de veteranes femenines comen\u00e7ar\u00e0 a les 10.00 hores, mentres que, a partir de les 12.00 hores, comen\u00e7ar\u00e0 el partit entre els equips de masculins de Valencia CF i Villarreal CF."},{"type":"paragraph","text":"Aquest derbi solidari ha sigut presentat en un acte molt emotiu, i dirigit pel periodista Javi Mata, a la sala de premsa de la Ciutat Esportiva Jos\u00e9 Manuel Llaneza, amb la pres\u00e8ncia de Vicente Mezquita, representaci\u00f3 de la Associaci\u00f3 d\u2019Exfutbolistes del Villarreal CF; Marcos Senna, llegenda grogueta i ambaixador del Villarreal CF; Mar Llaneza, filla de Jos\u00e9 Manuel Llaneza; Jos\u00e9 Mar\u00eda Gonz\u00e1lez, president de Asparion; i Jos\u00e9 Manuel Sempere, llegendari porter del Valencia CF."},{"type":"paragraph","text":"En primer lloc, Vicente Mezquita, representant de la Associaci\u00f3 d\u2019Exfutbolistes del Villarreal CF, ha explicat que aquest memorial es tracta d\u2019un projecte molt especial per a ells: \u201cPer a nosaltres \u00e9s un dia molt especial, perqu\u00e8 veiem complit un somni, que \u00e9s aquest projecte del qual ens sentim molt orgullosos. Al llarg dels 102 anys d\u2019hist\u00f2ria grogueta, hi ha una persona que destaca d\u2019en gran manera. Primer, exercint com a gerent i despr\u00e9s com a conseller delegat, per a acabar de vicepresident, i no \u00e9s un altre que Jos\u00e9 Manuel Llaneza, qui va marcar un abans i un despr\u00e9s en la hist\u00f2ria del club\u201d. Al que afig: \u201cEn record seu i per posar en valor la seua traject\u00f2ria personal i professional, presentem aquest esdeveniment \u00fanic i necessari\u201d."},{"type":"paragraph","text":"Per part seua, Marcos Senna, llegenda grogueta i ambaixador del club, es va mostrar molt emocionat per ser part\u00edcip de l\u2019esdeveniment: \u201cEm sent un privilegiat per ser part\u00edcip d\u2019aquest primer memorial. Si no fora per Jos\u00e9 Manuel Llaneza, jo no seria ac\u00ed. Continua viu i seguir\u00e0 en les nostres ments\u201d."},{"type":"paragraph","text":"Quant a Mar Llaneza, va convidar als aficionats a acudir al Mini Estadi: \u201cSer\u00e0 molt divertit i interessant, aix\u00ed que anime a la gent a vindre a i a fer donacions, demostrant que el club es fixa no sols en el futbol, sin\u00f3 tamb\u00e9 en la solidaritat\u201d."},{"type":"paragraph","text":"Unes donacions que aniran destinades a Aspanion. El seu president, Jos\u00e9 Mar\u00eda Gonz\u00e1lez, es mostrava molt agra\u00eft: \u201cEn Aspanion tenim un color, que \u00e9s el verd, per\u00f2 li segueix el groc. El Villarreal CF t\u00e9 molta culpa de l\u2019afecte que li tenim, perqu\u00e8 no sols t\u00e9 un car\u00e0cter esportiu, sin\u00f3 tamb\u00e9 social i solidari. \u00c9s una mostra del que era Jos\u00e9 Manuel Llaneza, perqu\u00e8 ell era un exemple de solidaritat i de suport als col\u00b7lectius menys desfavorits\u201d."},{"type":"paragraph","text":"En representaci\u00f3 del Valencia CF tamb\u00e9 va estar Jos\u00e9 Manuel Sempere, qui tamb\u00e9 guarda un bonic record de l\u2019exvicepresident groguet: \u201cPrimer, moltes gr\u00e0cies per haver-nos convidat i ser part\u00edcips d\u2019aquest esdeveniment. Per a mi, Jos\u00e9 Manuel Llaneza era un exemple del que \u00e9s ser gent de futbol i gent de club\u201d."},{"type":"paragraph","text":"Vine a veure a les llegendes groguetas i col\u00b7labora amb ASPANION!"},{"type":"video","kind":"iframe","url":"https:\/\/www.youtube.com\/embed\/f6Psydh2hSY?feature=oembed","poster":""}]}},"sections":[{"id":"section-1","title":"Els veterans del Villarreal i el Valencia disputaran el diumenge 11 de maig dos amistosos solidaris en el Mini Estadi en benefici d\u2019ASPANION","text":"Els veterans del Villarreal i el Valencia disputaran el diumenge 11 de maig dos amistosos solidaris en el Mini Estadi en benefici d\u2019ASPANION Els equips de veterans mascul\u00ed i femen\u00ed del Villarreal CF i el Valencia CF jugaran el diumenge 11 de maig dos partits amistosos en el Mini Estadi de la Ciutat Esportiva, amb motiu de la celebraci\u00f3 de la primera edici\u00f3 del Memorial Jos\u00e9 Manuel Llaneza, organitzat per l\u2019Associaci\u00f3 d\u2019Exfutbolistes del Villarreal CF. Els amistosos seran de car\u00e0cter solidari i, encara que l\u2019entrada al dol siga gratu\u00efta, s\u2019habilitar\u00e0 un punt de donaci\u00f3, on els aficionats podran col\u00b7laborar directament en benefici d\u2019ASPANION (Asociaci\u00f3n de Padres de Ni\u00f1os con C\u00e1ncer de la Comunitat Valenciana). El matx entre els conjunts de veteranes femenines comen\u00e7ar\u00e0 a les 10.00 hores, mentres que, a partir de les 12.00 hores, comen\u00e7ar\u00e0 el partit entre els equips de masculins de Valencia CF i Villarreal CF. Aquest derbi solidari ha sigut presentat en un acte molt emotiu, i dirigit pel periodista Javi Mata, a la sala de premsa de la Ciutat Esportiva Jos\u00e9 Manuel Llaneza, amb la pres\u00e8ncia de Vicente Mezquita, representaci\u00f3 de la Associaci\u00f3 d\u2019Exfutbolistes del Villarreal CF; Marcos Senna, llegenda grogueta i ambaixador del Villarreal CF; Mar Llaneza, filla de Jos\u00e9 Manuel Llaneza; Jos\u00e9 Mar\u00eda Gonz\u00e1lez, president de Asparion; i Jos\u00e9 Manuel Sempere, llegendari porter del Valencia CF. En primer lloc, Vicente Mezquita, representant de la Associaci\u00f3 d\u2019Exfutbolistes del Villarreal CF, ha explicat que aquest memorial es tracta d\u2019un projecte molt especial per a ells: \u201cPer a nosaltres \u00e9s un dia molt especial, perqu\u00e8 veiem complit un somni, que \u00e9s aquest projecte del qual ens sentim molt orgullosos. Al llarg dels 102 anys d\u2019hist\u00f2ria grogueta, hi ha una persona que destaca d\u2019en gran manera. Primer, exercint com a gerent i despr\u00e9s com a conseller delegat, per a acabar de vicepresident, i no \u00e9s un altre que Jos\u00e9 Manuel Llaneza, qui va marcar un abans i un despr\u00e9s en la hist\u00f2ria del club\u201d. Al que afig: \u201cEn record seu i per posar en valor la seua traject\u00f2ria personal i professional, presentem aquest esdeveniment \u00fanic i necessari\u201d. Per part seua, Marcos Senna, llegenda grogueta i ambaixador del club, es va mostrar molt emocionat per ser part\u00edcip de l\u2019esdeveniment: \u201cEm sent un privilegiat per ser part\u00edcip d\u2019aquest primer memorial. Si no fora per Jos\u00e9 Manuel Llaneza, jo no seria ac\u00ed. Continua viu i seguir\u00e0 en les nostres ments\u201d. Quant a Mar Llaneza, va convidar als aficionats a acudir al Mini Estadi: \u201cSer\u00e0 molt divertit i interessant, aix\u00ed que anime a la gent a vindre a i a fer donacions, demostrant que el club es fixa no sols en el futbol, sin\u00f3 tamb\u00e9 en la solidaritat\u201d. Unes donacions que aniran destinades a Aspanion. El seu president, Jos\u00e9 Mar\u00eda Gonz\u00e1lez, es mostrava molt agra\u00eft: \u201cEn Aspanion tenim un color, que \u00e9s el verd, per\u00f2 li segueix el groc. El Villarreal CF t\u00e9 molta culpa de l\u2019afecte que li tenim, perqu\u00e8 no sols t\u00e9 un car\u00e0cter esportiu, sin\u00f3 tamb\u00e9 social i solidari. \u00c9s una mostra del que era Jos\u00e9 Manuel Llaneza, perqu\u00e8 ell era un exemple de solidaritat i de suport als col\u00b7lectius menys desfavorits\u201d. En representaci\u00f3 del Valencia CF tamb\u00e9 va estar Jos\u00e9 Manuel Sempere, qui tamb\u00e9 guarda un bonic record de l\u2019exvicepresident groguet: \u201cPrimer, moltes gr\u00e0cies per haver-nos convidat i ser part\u00edcips d\u2019aquest esdeveniment. Per a mi, Jos\u00e9 Manuel Llaneza era un exemple del que \u00e9s ser gent de futbol i gent de club\u201d. Vine a veure a les llegendes groguetas i col\u00b7labora amb ASPANION!","url":"","background_image":"","images":[],"videos":[{"type":"video","kind":"iframe","url":"https:\/\/www.youtube.com\/embed\/f6Psydh2hSY?feature=oembed","poster":""}],"links":[]}]},"excerpt":{"rendered":"Els veterans del Villarreal i el Valencia disputaran el diumenge 11 de maig dos amistosos solidaris en el Mini Estadi en benefici d&#8217;ASPANION","protected":false},"author":25,"featured_media":588802,"comment_status":"closed","ping_status":"closed","sticky":false,"template":"","format":"standard","meta":{"_acf_changed":false,"footnotes":""},"categories":[13484,13509],"tags":[14715,9890,14361,9242,9244,717,16198,9428,716,9205,13556,9607,13557],"acf":null,"lang":"val","translations":{"es":588388,"val":588393,"en":588417},"essential_grid":{"has_grid":false},"formatted_date":"May 2, 2025","modified_date":"May 2, 2025","permalink":"https:\/\/villarrealcf.es\/val\/derbi-solidari-de-veterans-davant-el-valencia-cf\/","reading_time":4,"featured_media_data":{"id":588802,"title":"PresentacionMemorialJMLlaneza","caption":"","alt_text":"","description":"","mime_type":"image\/jpeg","source_url":"https:\/\/villarrealcf.es\/wp-content\/uploads\/2025\/05\/PresentacionMemorialJMLlaneza.jpg","sizes":{"thumbnail":{"url":"https:\/\/villarrealcf.es\/wp-content\/uploads\/2025\/05\/PresentacionMemorialJMLlaneza.jpg","width":1920,"height":1080},"medium":{"url":"https:\/\/villarrealcf.es\/wp-content\/uploads\/2025\/05\/PresentacionMemorialJMLlaneza.jpg","width":1920,"height":1080},"medium_large":{"url":"https:\/\/villarrealcf.es\/wp-content\/uploads\/2025\/05\/PresentacionMemorialJMLlaneza-768x432.jpg","width":768,"height":432},"large":{"url":"https:\/\/villarrealcf.es\/wp-content\/uploads\/2025\/05\/PresentacionMemorialJMLlaneza.jpg","width":788,"height":443},"1536x1536":{"url":"https:\/\/villarrealcf.es\/wp-content\/uploads\/2025\/05\/PresentacionMemorialJMLlaneza-1536x864.jpg","width":1536,"height":864},"2048x2048":{"url":"https:\/\/villarrealcf.es\/wp-content\/uploads\/2025\/05\/PresentacionMemorialJMLlaneza.jpg","width":1920,"height":1080},"tp-image-grid":{"url":"https:\/\/villarrealcf.es\/wp-content\/uploads\/2025\/05\/PresentacionMemorialJMLlaneza-700x700.jpg","width":700,"height":700},"size-bunyad-medium":{"url":"https:\/\/villarrealcf.es\/wp-content\/uploads\/2025\/05\/PresentacionMemorialJMLlaneza.jpg","width":1920,"height":1080},"sportspress-crop-medium":{"url":"https:\/\/villarrealcf.es\/wp-content\/uploads\/2025\/05\/PresentacionMemorialJMLlaneza-300x300.jpg","width":300,"height":300},"sportspress-fit-medium":{"url":"https:\/\/villarrealcf.es\/wp-content\/uploads\/2025\/05\/PresentacionMemorialJMLlaneza-300x169.jpg","width":300,"height":169},"sportspress-fit-icon":{"url":"https:\/\/villarrealcf.es\/wp-content\/uploads\/2025\/05\/PresentacionMemorialJMLlaneza-128x72.jpg","width":128,"height":72},"sportspress-fit-mini":{"url":"https:\/\/villarrealcf.es\/wp-content\/uploads\/2025\/05\/PresentacionMemorialJMLlaneza-32x18.jpg","width":32,"height":18},"bunyad-small":{"url":"https:\/\/villarrealcf.es\/wp-content\/uploads\/2025\/05\/PresentacionMemorialJMLlaneza-150x84.jpg","width":150,"height":84},"bunyad-medium":{"url":"https:\/\/villarrealcf.es\/wp-content\/uploads\/2025\/05\/PresentacionMemorialJMLlaneza-450x253.jpg","width":450,"height":253},"bunyad-full":{"url":"https:\/\/villarrealcf.es\/wp-content\/uploads\/2025\/05\/PresentacionMemorialJMLlaneza-1200x675.jpg","width":1200,"height":675},"bunyad-viewport":{"url":"https:\/\/villarrealcf.es\/wp-content\/uploads\/2025\/05\/PresentacionMemorialJMLlaneza.jpg","width":1920,"height":1080},"bunyad-768":{"url":"https:\/\/villarrealcf.es\/wp-content\/uploads\/2025\/05\/PresentacionMemorialJMLlaneza-768x432.jpg","width":768,"height":432},"full":{"url":"https:\/\/villarrealcf.es\/wp-content\/uploads\/2025\/05\/PresentacionMemorialJMLlaneza.jpg","width":1920,"height":1080}}},"author_data":{"id":"25","name":"Javier Ayuso","first_name":"Javier","last_name":"Ayuso","description":"","avatar_url":"https:\/\/secure.gravatar.com\/avatar\/fcf8894be45988fcce5bbff0efe1790d2a7f4ba57e2c7c898f5068154e696495?s=96&d=mm&r=g","acf":null},"taxonomies_data":{"category":[{"id":13484,"name":"Club","slug":"club","acf":null},{"id":13509,"name":"Endavant","slug":"endavant-val","acf":null}],"post_tag":[{"id":14715,"name":"AEV","slug":"aev-val","acf":null},{"id":9890,"name":"ASPANION","slug":"aspanion-val","acf":null},{"id":14361,"name":"Ciudad Deportiva Jos\u00e9 Manuel Llaneza","slug":"ciudad-deportiva-jose-manuel-llaneza-2-val","acf":null},{"id":9242,"name":"Endavant","slug":"endavant-val-2","acf":null},{"id":9244,"name":"Endavant Solidaritat","slug":"endavant-solidaritat-val-2","acf":null},{"id":717,"name":"Football","slug":"football-d34","acf":null},{"id":16198,"name":"F\u00fatbol","slug":"futbol-3-val","acf":null},{"id":9428,"name":"Mini Estadi","slug":"mini-estadi-val","acf":null},{"id":716,"name":"Soccer","slug":"soccer-d105","acf":null},{"id":9205,"name":"Submarino","slug":"submarino-val","acf":null},{"id":13556,"name":"Submarino Amarillo","slug":"submarino-amarillo-val-2","acf":null},{"id":9607,"name":"Valencia CF","slug":"valencia-cf-val","acf":null},{"id":13557,"name":"Villarreal CF","slug":"villarreal-cf-val-2","acf":null}],"translation_priority":[{"id":735,"name":"Optional","slug":"optional-val","acf":null}]},"seo_full":{"native":{"title":"Derbi solidari de veterans davant el Valencia CF - Web Oficial del Villarreal CF","description":"Els veterans del Villarreal i el Valencia disputaran el diumenge 11 de maig dos amistosos solidaris en el Mini Estadi en benefici d'ASPANION","canonical":"https:\/\/villarrealcf.es\/val\/derbi-solidari-de-veterans-davant-el-valencia-cf\/"}},"_links":{"self":[{"href":"https:\/\/villarrealcf.es\/val\/wp-json\/wp\/v2\/posts\/588393","targetHints":{"allow":["GET"]}}],"collection":[{"href":"https:\/\/villarrealcf.es\/val\/wp-json\/wp\/v2\/posts"}],"about":[{"href":"https:\/\/villarrealcf.es\/val\/wp-json\/wp\/v2\/types\/post"}],"author":[{"embeddable":true,"href":"https:\/\/villarrealcf.es\/val\/wp-json\/wp\/v2\/users\/25"}],"replies":[{"embeddable":true,"href":"https:\/\/villarrealcf.es\/val\/wp-json\/wp\/v2\/comments?post=588393"}],"version-history":[{"count":0,"href":"https:\/\/villarrealcf.es\/val\/wp-json\/wp\/v2\/posts\/588393\/revisions"}],"wp:featuredmedia":[{"embeddable":true,"href":"https:\/\/villarrealcf.es\/val\/wp-json\/wp\/v2\/media\/588802"}],"wp:attachment":[{"href":"https:\/\/villarrealcf.es\/val\/wp-json\/wp\/v2\/media?parent=588393"}],"wp:term":[{"taxonomy":"category","embeddable":true,"href":"https:\/\/villarrealcf.es\/val\/wp-json\/wp\/v2\/categories?post=588393"},{"taxonomy":"post_tag","embeddable":true,"href":"https:\/\/villarrealcf.es\/val\/wp-json\/wp\/v2\/tags?post=588393"}],"curies":[{"name":"wp","href":"https:\/\/api.w.org\/{rel}","templated":true}]}}