{"id":586483,"date":"2025-04-13T18:45:00","date_gmt":"2025-04-13T16:45:00","guid":{"rendered":"https:\/\/villarrealcf.es\/marcelino-salimos-fortalecidos\/"},"modified":"2025-04-13T21:42:59","modified_gmt":"2025-04-13T19:42:59","slug":"marcelino-salimos-fortalecidos","status":"publish","type":"post","link":"https:\/\/villarrealcf.es\/val\/marcelino-salimos-fortalecidos\/","title":{"rendered":"Marcelino: \u201cEixim enfortits\u201d"},"content":{"protected":false,"blocks":[{"type":"heading","level":2,"text":"L\u2019entrenador del Villarreal es mostra orgull\u00f3s dels seus jugadors despr\u00e9s de la vict\u00f2ria davant el Betis"},{"type":"paragraph","text":"L\u2019entrenador del Villarreal CF, Marcelino Garc\u00eda Toral, ha lloat l\u2019actuaci\u00f3 del seu equip davant el Real Betis a l\u2019estadi Benito Villamar\u00edn. Un dol directe per Europa que es va emportar el Submar\u00ed gr\u00e0cies als gols de Barry i Ayoze. Espectacular."},{"type":"paragraph","text":"Sobreposar-se als colps"},{"type":"paragraph","text":"\u201cA problemes, solucions. I eixes ens les han donades els futbolistes. Vam saber reposar-nos molt b\u00e9 al gol perqu\u00e8 eixim a l\u2019expectativa i van marcar en el primer tir a porta. Ens vam al\u00e7ar i va haver-hi alternatives, vam defensar molt b\u00e9 tot el partit. Vam marcar tamb\u00e9 en la nostra primera arribada i va ser un gol\u00e0s tamb\u00e9. Vam defensar molt b\u00e9 en la nostra \u00e0rea. Excepte l\u2019ocasi\u00f3 de Isco, no van tindre ocasions. No \u00e9s un resultat definitiu, per\u00f2 el que guanyara eixia enfortit\u201d."},{"type":"paragraph","text":"Rendiment grupal"},{"type":"paragraph","text":"\u201cEl bon rendiment de l\u2019equip \u00e9s tot. Sabem defensar, atacar, contraatacar\u2026 Si repet\u00edem els n\u00fameros defensius de la primera volta no an\u00e0vem a arribar a Europa. Hem millorat i som m\u00e9s solvents. Si no necessites tants gols per a guanyar, ganes m\u00e9s vegades. Els equips es fan forts i poderosos quan han de patir i ganes\u201d."},{"type":"paragraph","text":"Lluita per Europa"},{"type":"paragraph","text":"\u201cJo vull jugar a Europa sempre. La nostra experi\u00e8ncia \u00e9s que els equips creixen jugant a Europa. Tenen contents als jugadors perqu\u00e8 entrenen menys i juguen m\u00e9s. La Champions descansa molt per a equips que no juguen molt i l\u2019Europa League i la Conference tenen la dificultat que jugues dijous i diumenge. Volem jugar tres partits a la setmana. Ac\u00ed va perdre el Madrid, va empatar el Bar\u00e7a. Si cregu\u00e9rem que jugarem ja Europa, ens equivocarem, espere conv\u00e9ncer als jugadors\u201d."},{"type":"paragraph","text":"Actuaci\u00f3 de Ayoze"},{"type":"paragraph","text":"\u201cHa jugat un partit extraordinari. \u00c9s madur, amb molta experi\u00e8ncia. Potser en el partit d\u2019anada, a l\u2019\u00e9sser la primera vegada \u2013a mi tamb\u00e9 em passa- alguna cosa cal et minva, per\u00f2 el segon ja \u00e9s diferent. Venia ac\u00ed, per\u00f2 ha fet un gran partit. Ens ha ajudat a guanyar com la resta de companys\u201d."},{"type":"paragraph","text":"Orgull d\u2019entrenador"},{"type":"paragraph","text":"\u201cEstic orgull\u00f3s dels meus futbolistes. Vam donar la volta una situaci\u00f3 dif\u00edcil. El veritable protagonista \u00e9s el futbolista i els cossos t\u00e8cnics hem de millorar el rendiment de cadascun d\u2019ells i el col\u00b7lectiu. I per a aix\u00f2 han de voler. Ten\u00edem l\u2019any passat un equip que volia i en aquest tamb\u00e9\u201d."}],"structured":{"summary":{"text":"L\u2019entrenador del Villarreal es mostra orgull\u00f3s dels seus jugadors despr\u00e9s de la vict\u00f2ria davant el Betis L\u2019entrenador del Villarreal CF, Marcelino Garc\u00eda Toral, ha lloat l\u2019actuaci\u00f3 del seu equip davant el Real Betis a l\u2019estadi Benito Villamar\u00edn. Un dol directe per Europa que es va emportar el Submar\u00ed gr\u00e0cies als gols de Barry i Ayoze. Espectacular. Sobreposar-se als colps \u201cA problemes, solucions. I eixes ens les han donades els futbolistes. Vam saber reposar-nos molt b\u00e9 al gol perqu\u00e8 eixim a l\u2019expectativa i van marcar en el primer tir a porta. Ens vam al\u00e7ar i va haver-hi alternatives, vam defensar molt b\u00e9 tot el partit. Vam marcar tamb\u00e9 en la nostra primera arribada i va ser un gol\u00e0s tamb\u00e9. Vam defensar molt b\u00e9 en la nostra \u00e0rea. Excepte l\u2019ocasi\u00f3 de Isco, no van tindre ocasions. No \u00e9s un resultat definitiu, per\u00f2 el que guanyara eixia enfortit\u201d. Rendiment grupal \u201cEl bon rendiment de l\u2019equip \u00e9s tot. Sabem defensar, atacar, contraatacar\u2026 Si repet\u00edem els n\u00fameros defensius de la primera volta no an\u00e0vem a arribar a Europa. Hem millorat i som m\u00e9s solvents. Si no necessites tants gols per a guanyar, ganes m\u00e9s vegades. Els equips es fan forts i poderosos quan han de patir i ganes\u201d. Lluita per Europa \u201cJo vull jugar a Europa sempre. La nostra experi\u00e8ncia \u00e9s que els equips creixen jugant a Europa. Tenen contents als jugadors perqu\u00e8 entrenen menys i juguen m\u00e9s. La Champions descansa molt per a equips que no juguen molt i l\u2019Europa League i la Conference tenen la dificultat que jugues dijous i diumenge. Volem jugar tres partits a la setmana. Ac\u00ed va perdre el Madrid, va empatar el Bar\u00e7a. Si cregu\u00e9rem que jugarem ja Europa, ens equivocarem, espere conv\u00e9ncer als jugadors\u201d. Actuaci\u00f3 de Ayoze \u201cHa jugat un partit extraordinari. \u00c9s madur, amb molta experi\u00e8ncia. Potser en el partit d\u2019anada, a l\u2019\u00e9sser la primera vegada \u2013a mi tamb\u00e9 em passa- alguna cosa cal et minva, per\u00f2 el segon ja \u00e9s diferent. Venia ac\u00ed, per\u00f2 ha fet un gran partit. Ens ha ajudat a guanyar com la resta de companys\u201d. Orgull d\u2019entrenador \u201cEstic orgull\u00f3s dels meus futbolistes. Vam donar la volta una situaci\u00f3 dif\u00edcil. El veritable protagonista \u00e9s el futbolista i els cossos t\u00e8cnics hem de millorar el rendiment de cadascun d\u2019ells i el col\u00b7lectiu. I per a aix\u00f2 han de voler. Ten\u00edem l\u2019any passat un equip que volia i en aquest tamb\u00e9\u201d.","headings":[{"type":"heading","level":2,"text":"L\u2019entrenador del Villarreal es mostra orgull\u00f3s dels seus jugadors despr\u00e9s de la vict\u00f2ria davant el Betis"}],"buttons":[],"images":[],"counts":{"blocks":12,"headings":1,"texts":11,"buttons":0,"images":0}},"sections":[{"id":"section-1","title":"L\u2019entrenador del Villarreal es mostra orgull\u00f3s dels seus jugadors despr\u00e9s de la vict\u00f2ria davant el Betis","text":"L\u2019entrenador del Villarreal es mostra orgull\u00f3s dels seus jugadors despr\u00e9s de la vict\u00f2ria davant el Betis L\u2019entrenador del Villarreal CF, Marcelino Garc\u00eda Toral, ha lloat l\u2019actuaci\u00f3 del seu equip davant el Real Betis a l\u2019estadi Benito Villamar\u00edn. Un dol directe per Europa que es va emportar el Submar\u00ed gr\u00e0cies als gols de Barry i Ayoze. Espectacular. Sobreposar-se als colps \u201cA problemes, solucions. I eixes ens les han donades els futbolistes. Vam saber reposar-nos molt b\u00e9 al gol perqu\u00e8 eixim a l\u2019expectativa i van marcar en el primer tir a porta. Ens vam al\u00e7ar i va haver-hi alternatives, vam defensar molt b\u00e9 tot el partit. Vam marcar tamb\u00e9 en la nostra primera arribada i va ser un gol\u00e0s tamb\u00e9. Vam defensar molt b\u00e9 en la nostra \u00e0rea. Excepte l\u2019ocasi\u00f3 de Isco, no van tindre ocasions. No \u00e9s un resultat definitiu, per\u00f2 el que guanyara eixia enfortit\u201d. Rendiment grupal \u201cEl bon rendiment de l\u2019equip \u00e9s tot. Sabem defensar, atacar, contraatacar\u2026 Si repet\u00edem els n\u00fameros defensius de la primera volta no an\u00e0vem a arribar a Europa. Hem millorat i som m\u00e9s solvents. Si no necessites tants gols per a guanyar, ganes m\u00e9s vegades. Els equips es fan forts i poderosos quan han de patir i ganes\u201d. Lluita per Europa \u201cJo vull jugar a Europa sempre. La nostra experi\u00e8ncia \u00e9s que els equips creixen jugant a Europa. Tenen contents als jugadors perqu\u00e8 entrenen menys i juguen m\u00e9s. La Champions descansa molt per a equips que no juguen molt i l\u2019Europa League i la Conference tenen la dificultat que jugues dijous i diumenge. Volem jugar tres partits a la setmana. Ac\u00ed va perdre el Madrid, va empatar el Bar\u00e7a. Si cregu\u00e9rem que jugarem ja Europa, ens equivocarem, espere conv\u00e9ncer als jugadors\u201d. Actuaci\u00f3 de Ayoze \u201cHa jugat un partit extraordinari. \u00c9s madur, amb molta experi\u00e8ncia. Potser en el partit d\u2019anada, a l\u2019\u00e9sser la primera vegada \u2013a mi tamb\u00e9 em passa- alguna cosa cal et minva, per\u00f2 el segon ja \u00e9s diferent. Venia ac\u00ed, per\u00f2 ha fet un gran partit. Ens ha ajudat a guanyar com la resta de companys\u201d. Orgull d\u2019entrenador \u201cEstic orgull\u00f3s dels meus futbolistes. Vam donar la volta una situaci\u00f3 dif\u00edcil. El veritable protagonista \u00e9s el futbolista i els cossos t\u00e8cnics hem de millorar el rendiment de cadascun d\u2019ells i el col\u00b7lectiu. I per a aix\u00f2 han de voler. Ten\u00edem l\u2019any passat un equip que volia i en aquest tamb\u00e9\u201d.","headings":[{"type":"heading","level":2,"text":"L\u2019entrenador del Villarreal es mostra orgull\u00f3s dels seus jugadors despr\u00e9s de la vict\u00f2ria davant el Betis"}],"texts":[{"type":"paragraph","text":"L\u2019entrenador del Villarreal CF, Marcelino Garc\u00eda Toral, ha lloat l\u2019actuaci\u00f3 del seu equip davant el Real Betis a l\u2019estadi Benito Villamar\u00edn. Un dol directe per Europa que es va emportar el Submar\u00ed gr\u00e0cies als gols de Barry i Ayoze. Espectacular."},{"type":"paragraph","text":"Sobreposar-se als colps"},{"type":"paragraph","text":"\u201cA problemes, solucions. I eixes ens les han donades els futbolistes. Vam saber reposar-nos molt b\u00e9 al gol perqu\u00e8 eixim a l\u2019expectativa i van marcar en el primer tir a porta. Ens vam al\u00e7ar i va haver-hi alternatives, vam defensar molt b\u00e9 tot el partit. Vam marcar tamb\u00e9 en la nostra primera arribada i va ser un gol\u00e0s tamb\u00e9. Vam defensar molt b\u00e9 en la nostra \u00e0rea. Excepte l\u2019ocasi\u00f3 de Isco, no van tindre ocasions. No \u00e9s un resultat definitiu, per\u00f2 el que guanyara eixia enfortit\u201d."},{"type":"paragraph","text":"Rendiment grupal"},{"type":"paragraph","text":"\u201cEl bon rendiment de l\u2019equip \u00e9s tot. Sabem defensar, atacar, contraatacar\u2026 Si repet\u00edem els n\u00fameros defensius de la primera volta no an\u00e0vem a arribar a Europa. Hem millorat i som m\u00e9s solvents. Si no necessites tants gols per a guanyar, ganes m\u00e9s vegades. Els equips es fan forts i poderosos quan han de patir i ganes\u201d."},{"type":"paragraph","text":"Lluita per Europa"},{"type":"paragraph","text":"\u201cJo vull jugar a Europa sempre. La nostra experi\u00e8ncia \u00e9s que els equips creixen jugant a Europa. Tenen contents als jugadors perqu\u00e8 entrenen menys i juguen m\u00e9s. La Champions descansa molt per a equips que no juguen molt i l\u2019Europa League i la Conference tenen la dificultat que jugues dijous i diumenge. Volem jugar tres partits a la setmana. Ac\u00ed va perdre el Madrid, va empatar el Bar\u00e7a. Si cregu\u00e9rem que jugarem ja Europa, ens equivocarem, espere conv\u00e9ncer als jugadors\u201d."},{"type":"paragraph","text":"Actuaci\u00f3 de Ayoze"},{"type":"paragraph","text":"\u201cHa jugat un partit extraordinari. \u00c9s madur, amb molta experi\u00e8ncia. Potser en el partit d\u2019anada, a l\u2019\u00e9sser la primera vegada \u2013a mi tamb\u00e9 em passa- alguna cosa cal et minva, per\u00f2 el segon ja \u00e9s diferent. Venia ac\u00ed, per\u00f2 ha fet un gran partit. Ens ha ajudat a guanyar com la resta de companys\u201d."},{"type":"paragraph","text":"Orgull d\u2019entrenador"},{"type":"paragraph","text":"\u201cEstic orgull\u00f3s dels meus futbolistes. Vam donar la volta una situaci\u00f3 dif\u00edcil. El veritable protagonista \u00e9s el futbolista i els cossos t\u00e8cnics hem de millorar el rendiment de cadascun d\u2019ells i el col\u00b7lectiu. I per a aix\u00f2 han de voler. Ten\u00edem l\u2019any passat un equip que volia i en aquest tamb\u00e9\u201d."}],"buttons":[],"images":[],"widgets":[],"blocks":[{"type":"heading","level":2,"text":"L\u2019entrenador del Villarreal es mostra orgull\u00f3s dels seus jugadors despr\u00e9s de la vict\u00f2ria davant el Betis"},{"type":"paragraph","text":"L\u2019entrenador del Villarreal CF, Marcelino Garc\u00eda Toral, ha lloat l\u2019actuaci\u00f3 del seu equip davant el Real Betis a l\u2019estadi Benito Villamar\u00edn. Un dol directe per Europa que es va emportar el Submar\u00ed gr\u00e0cies als gols de Barry i Ayoze. Espectacular."},{"type":"paragraph","text":"Sobreposar-se als colps"},{"type":"paragraph","text":"\u201cA problemes, solucions. I eixes ens les han donades els futbolistes. Vam saber reposar-nos molt b\u00e9 al gol perqu\u00e8 eixim a l\u2019expectativa i van marcar en el primer tir a porta. Ens vam al\u00e7ar i va haver-hi alternatives, vam defensar molt b\u00e9 tot el partit. Vam marcar tamb\u00e9 en la nostra primera arribada i va ser un gol\u00e0s tamb\u00e9. Vam defensar molt b\u00e9 en la nostra \u00e0rea. Excepte l\u2019ocasi\u00f3 de Isco, no van tindre ocasions. No \u00e9s un resultat definitiu, per\u00f2 el que guanyara eixia enfortit\u201d."},{"type":"paragraph","text":"Rendiment grupal"},{"type":"paragraph","text":"\u201cEl bon rendiment de l\u2019equip \u00e9s tot. Sabem defensar, atacar, contraatacar\u2026 Si repet\u00edem els n\u00fameros defensius de la primera volta no an\u00e0vem a arribar a Europa. Hem millorat i som m\u00e9s solvents. Si no necessites tants gols per a guanyar, ganes m\u00e9s vegades. Els equips es fan forts i poderosos quan han de patir i ganes\u201d."},{"type":"paragraph","text":"Lluita per Europa"},{"type":"paragraph","text":"\u201cJo vull jugar a Europa sempre. La nostra experi\u00e8ncia \u00e9s que els equips creixen jugant a Europa. Tenen contents als jugadors perqu\u00e8 entrenen menys i juguen m\u00e9s. La Champions descansa molt per a equips que no juguen molt i l\u2019Europa League i la Conference tenen la dificultat que jugues dijous i diumenge. Volem jugar tres partits a la setmana. Ac\u00ed va perdre el Madrid, va empatar el Bar\u00e7a. Si cregu\u00e9rem que jugarem ja Europa, ens equivocarem, espere conv\u00e9ncer als jugadors\u201d."},{"type":"paragraph","text":"Actuaci\u00f3 de Ayoze"},{"type":"paragraph","text":"\u201cHa jugat un partit extraordinari. \u00c9s madur, amb molta experi\u00e8ncia. Potser en el partit d\u2019anada, a l\u2019\u00e9sser la primera vegada \u2013a mi tamb\u00e9 em passa- alguna cosa cal et minva, per\u00f2 el segon ja \u00e9s diferent. Venia ac\u00ed, per\u00f2 ha fet un gran partit. Ens ha ajudat a guanyar com la resta de companys\u201d."},{"type":"paragraph","text":"Orgull d\u2019entrenador"},{"type":"paragraph","text":"\u201cEstic orgull\u00f3s dels meus futbolistes. Vam donar la volta una situaci\u00f3 dif\u00edcil. El veritable protagonista \u00e9s el futbolista i els cossos t\u00e8cnics hem de millorar el rendiment de cadascun d\u2019ells i el col\u00b7lectiu. I per a aix\u00f2 han de voler. Ten\u00edem l\u2019any passat un equip que volia i en aquest tamb\u00e9\u201d."}]}],"hero":{"id":"section-1","title":"L\u2019entrenador del Villarreal es mostra orgull\u00f3s dels seus jugadors despr\u00e9s de la vict\u00f2ria davant el Betis","text":"L\u2019entrenador del Villarreal es mostra orgull\u00f3s dels seus jugadors despr\u00e9s de la vict\u00f2ria davant el Betis L\u2019entrenador del Villarreal CF, Marcelino Garc\u00eda Toral, ha lloat l\u2019actuaci\u00f3 del seu equip davant el Real Betis a l\u2019estadi Benito Villamar\u00edn. Un dol directe per Europa que es va emportar el Submar\u00ed gr\u00e0cies als gols de Barry i Ayoze. Espectacular. Sobreposar-se als colps \u201cA problemes, solucions. I eixes ens les han donades els futbolistes. Vam saber reposar-nos molt b\u00e9 al gol perqu\u00e8 eixim a l\u2019expectativa i van marcar en el primer tir a porta. Ens vam al\u00e7ar i va haver-hi alternatives, vam defensar molt b\u00e9 tot el partit. Vam marcar tamb\u00e9 en la nostra primera arribada i va ser un gol\u00e0s tamb\u00e9. Vam defensar molt b\u00e9 en la nostra \u00e0rea. Excepte l\u2019ocasi\u00f3 de Isco, no van tindre ocasions. No \u00e9s un resultat definitiu, per\u00f2 el que guanyara eixia enfortit\u201d. Rendiment grupal \u201cEl bon rendiment de l\u2019equip \u00e9s tot. Sabem defensar, atacar, contraatacar\u2026 Si repet\u00edem els n\u00fameros defensius de la primera volta no an\u00e0vem a arribar a Europa. Hem millorat i som m\u00e9s solvents. Si no necessites tants gols per a guanyar, ganes m\u00e9s vegades. Els equips es fan forts i poderosos quan han de patir i ganes\u201d. Lluita per Europa \u201cJo vull jugar a Europa sempre. La nostra experi\u00e8ncia \u00e9s que els equips creixen jugant a Europa. Tenen contents als jugadors perqu\u00e8 entrenen menys i juguen m\u00e9s. La Champions descansa molt per a equips que no juguen molt i l\u2019Europa League i la Conference tenen la dificultat que jugues dijous i diumenge. Volem jugar tres partits a la setmana. Ac\u00ed va perdre el Madrid, va empatar el Bar\u00e7a. Si cregu\u00e9rem que jugarem ja Europa, ens equivocarem, espere conv\u00e9ncer als jugadors\u201d. Actuaci\u00f3 de Ayoze \u201cHa jugat un partit extraordinari. \u00c9s madur, amb molta experi\u00e8ncia. Potser en el partit d\u2019anada, a l\u2019\u00e9sser la primera vegada \u2013a mi tamb\u00e9 em passa- alguna cosa cal et minva, per\u00f2 el segon ja \u00e9s diferent. Venia ac\u00ed, per\u00f2 ha fet un gran partit. Ens ha ajudat a guanyar com la resta de companys\u201d. Orgull d\u2019entrenador \u201cEstic orgull\u00f3s dels meus futbolistes. Vam donar la volta una situaci\u00f3 dif\u00edcil. El veritable protagonista \u00e9s el futbolista i els cossos t\u00e8cnics hem de millorar el rendiment de cadascun d\u2019ells i el col\u00b7lectiu. I per a aix\u00f2 han de voler. Ten\u00edem l\u2019any passat un equip que volia i en aquest tamb\u00e9\u201d.","headings":[{"type":"heading","level":2,"text":"L\u2019entrenador del Villarreal es mostra orgull\u00f3s dels seus jugadors despr\u00e9s de la vict\u00f2ria davant el Betis"}],"texts":[{"type":"paragraph","text":"L\u2019entrenador del Villarreal CF, Marcelino Garc\u00eda Toral, ha lloat l\u2019actuaci\u00f3 del seu equip davant el Real Betis a l\u2019estadi Benito Villamar\u00edn. Un dol directe per Europa que es va emportar el Submar\u00ed gr\u00e0cies als gols de Barry i Ayoze. Espectacular."},{"type":"paragraph","text":"Sobreposar-se als colps"},{"type":"paragraph","text":"\u201cA problemes, solucions. I eixes ens les han donades els futbolistes. Vam saber reposar-nos molt b\u00e9 al gol perqu\u00e8 eixim a l\u2019expectativa i van marcar en el primer tir a porta. Ens vam al\u00e7ar i va haver-hi alternatives, vam defensar molt b\u00e9 tot el partit. Vam marcar tamb\u00e9 en la nostra primera arribada i va ser un gol\u00e0s tamb\u00e9. Vam defensar molt b\u00e9 en la nostra \u00e0rea. Excepte l\u2019ocasi\u00f3 de Isco, no van tindre ocasions. No \u00e9s un resultat definitiu, per\u00f2 el que guanyara eixia enfortit\u201d."},{"type":"paragraph","text":"Rendiment grupal"},{"type":"paragraph","text":"\u201cEl bon rendiment de l\u2019equip \u00e9s tot. Sabem defensar, atacar, contraatacar\u2026 Si repet\u00edem els n\u00fameros defensius de la primera volta no an\u00e0vem a arribar a Europa. Hem millorat i som m\u00e9s solvents. Si no necessites tants gols per a guanyar, ganes m\u00e9s vegades. Els equips es fan forts i poderosos quan han de patir i ganes\u201d."},{"type":"paragraph","text":"Lluita per Europa"},{"type":"paragraph","text":"\u201cJo vull jugar a Europa sempre. La nostra experi\u00e8ncia \u00e9s que els equips creixen jugant a Europa. Tenen contents als jugadors perqu\u00e8 entrenen menys i juguen m\u00e9s. La Champions descansa molt per a equips que no juguen molt i l\u2019Europa League i la Conference tenen la dificultat que jugues dijous i diumenge. Volem jugar tres partits a la setmana. Ac\u00ed va perdre el Madrid, va empatar el Bar\u00e7a. Si cregu\u00e9rem que jugarem ja Europa, ens equivocarem, espere conv\u00e9ncer als jugadors\u201d."},{"type":"paragraph","text":"Actuaci\u00f3 de Ayoze"},{"type":"paragraph","text":"\u201cHa jugat un partit extraordinari. \u00c9s madur, amb molta experi\u00e8ncia. Potser en el partit d\u2019anada, a l\u2019\u00e9sser la primera vegada \u2013a mi tamb\u00e9 em passa- alguna cosa cal et minva, per\u00f2 el segon ja \u00e9s diferent. Venia ac\u00ed, per\u00f2 ha fet un gran partit. Ens ha ajudat a guanyar com la resta de companys\u201d."},{"type":"paragraph","text":"Orgull d\u2019entrenador"},{"type":"paragraph","text":"\u201cEstic orgull\u00f3s dels meus futbolistes. Vam donar la volta una situaci\u00f3 dif\u00edcil. El veritable protagonista \u00e9s el futbolista i els cossos t\u00e8cnics hem de millorar el rendiment de cadascun d\u2019ells i el col\u00b7lectiu. I per a aix\u00f2 han de voler. Ten\u00edem l\u2019any passat un equip que volia i en aquest tamb\u00e9\u201d."}],"buttons":[],"images":[],"widgets":[],"blocks":[{"type":"heading","level":2,"text":"L\u2019entrenador del Villarreal es mostra orgull\u00f3s dels seus jugadors despr\u00e9s de la vict\u00f2ria davant el Betis"},{"type":"paragraph","text":"L\u2019entrenador del Villarreal CF, Marcelino Garc\u00eda Toral, ha lloat l\u2019actuaci\u00f3 del seu equip davant el Real Betis a l\u2019estadi Benito Villamar\u00edn. Un dol directe per Europa que es va emportar el Submar\u00ed gr\u00e0cies als gols de Barry i Ayoze. Espectacular."},{"type":"paragraph","text":"Sobreposar-se als colps"},{"type":"paragraph","text":"\u201cA problemes, solucions. I eixes ens les han donades els futbolistes. Vam saber reposar-nos molt b\u00e9 al gol perqu\u00e8 eixim a l\u2019expectativa i van marcar en el primer tir a porta. Ens vam al\u00e7ar i va haver-hi alternatives, vam defensar molt b\u00e9 tot el partit. Vam marcar tamb\u00e9 en la nostra primera arribada i va ser un gol\u00e0s tamb\u00e9. Vam defensar molt b\u00e9 en la nostra \u00e0rea. Excepte l\u2019ocasi\u00f3 de Isco, no van tindre ocasions. No \u00e9s un resultat definitiu, per\u00f2 el que guanyara eixia enfortit\u201d."},{"type":"paragraph","text":"Rendiment grupal"},{"type":"paragraph","text":"\u201cEl bon rendiment de l\u2019equip \u00e9s tot. Sabem defensar, atacar, contraatacar\u2026 Si repet\u00edem els n\u00fameros defensius de la primera volta no an\u00e0vem a arribar a Europa. Hem millorat i som m\u00e9s solvents. Si no necessites tants gols per a guanyar, ganes m\u00e9s vegades. Els equips es fan forts i poderosos quan han de patir i ganes\u201d."},{"type":"paragraph","text":"Lluita per Europa"},{"type":"paragraph","text":"\u201cJo vull jugar a Europa sempre. La nostra experi\u00e8ncia \u00e9s que els equips creixen jugant a Europa. Tenen contents als jugadors perqu\u00e8 entrenen menys i juguen m\u00e9s. La Champions descansa molt per a equips que no juguen molt i l\u2019Europa League i la Conference tenen la dificultat que jugues dijous i diumenge. Volem jugar tres partits a la setmana. Ac\u00ed va perdre el Madrid, va empatar el Bar\u00e7a. Si cregu\u00e9rem que jugarem ja Europa, ens equivocarem, espere conv\u00e9ncer als jugadors\u201d."},{"type":"paragraph","text":"Actuaci\u00f3 de Ayoze"},{"type":"paragraph","text":"\u201cHa jugat un partit extraordinari. \u00c9s madur, amb molta experi\u00e8ncia. Potser en el partit d\u2019anada, a l\u2019\u00e9sser la primera vegada \u2013a mi tamb\u00e9 em passa- alguna cosa cal et minva, per\u00f2 el segon ja \u00e9s diferent. Venia ac\u00ed, per\u00f2 ha fet un gran partit. Ens ha ajudat a guanyar com la resta de companys\u201d."},{"type":"paragraph","text":"Orgull d\u2019entrenador"},{"type":"paragraph","text":"\u201cEstic orgull\u00f3s dels meus futbolistes. Vam donar la volta una situaci\u00f3 dif\u00edcil. El veritable protagonista \u00e9s el futbolista i els cossos t\u00e8cnics hem de millorar el rendiment de cadascun d\u2019ells i el col\u00b7lectiu. I per a aix\u00f2 han de voler. Ten\u00edem l\u2019any passat un equip que volia i en aquest tamb\u00e9\u201d."}]}},"sections":[{"id":"section-1","title":"L\u2019entrenador del Villarreal es mostra orgull\u00f3s dels seus jugadors despr\u00e9s de la vict\u00f2ria davant el Betis","text":"L\u2019entrenador del Villarreal es mostra orgull\u00f3s dels seus jugadors despr\u00e9s de la vict\u00f2ria davant el Betis L\u2019entrenador del Villarreal CF, Marcelino Garc\u00eda Toral, ha lloat l\u2019actuaci\u00f3 del seu equip davant el Real Betis a l\u2019estadi Benito Villamar\u00edn. Un dol directe per Europa que es va emportar el Submar\u00ed gr\u00e0cies als gols de Barry i Ayoze. Espectacular. Sobreposar-se als colps \u201cA problemes, solucions. I eixes ens les han donades els futbolistes. Vam saber reposar-nos molt b\u00e9 al gol perqu\u00e8 eixim a l\u2019expectativa i van marcar en el primer tir a porta. Ens vam al\u00e7ar i va haver-hi alternatives, vam defensar molt b\u00e9 tot el partit. Vam marcar tamb\u00e9 en la nostra primera arribada i va ser un gol\u00e0s tamb\u00e9. Vam defensar molt b\u00e9 en la nostra \u00e0rea. Excepte l\u2019ocasi\u00f3 de Isco, no van tindre ocasions. No \u00e9s un resultat definitiu, per\u00f2 el que guanyara eixia enfortit\u201d. Rendiment grupal \u201cEl bon rendiment de l\u2019equip \u00e9s tot. Sabem defensar, atacar, contraatacar\u2026 Si repet\u00edem els n\u00fameros defensius de la primera volta no an\u00e0vem a arribar a Europa. Hem millorat i som m\u00e9s solvents. Si no necessites tants gols per a guanyar, ganes m\u00e9s vegades. Els equips es fan forts i poderosos quan han de patir i ganes\u201d. Lluita per Europa \u201cJo vull jugar a Europa sempre. La nostra experi\u00e8ncia \u00e9s que els equips creixen jugant a Europa. Tenen contents als jugadors perqu\u00e8 entrenen menys i juguen m\u00e9s. La Champions descansa molt per a equips que no juguen molt i l\u2019Europa League i la Conference tenen la dificultat que jugues dijous i diumenge. Volem jugar tres partits a la setmana. Ac\u00ed va perdre el Madrid, va empatar el Bar\u00e7a. Si cregu\u00e9rem que jugarem ja Europa, ens equivocarem, espere conv\u00e9ncer als jugadors\u201d. Actuaci\u00f3 de Ayoze \u201cHa jugat un partit extraordinari. \u00c9s madur, amb molta experi\u00e8ncia. Potser en el partit d\u2019anada, a l\u2019\u00e9sser la primera vegada \u2013a mi tamb\u00e9 em passa- alguna cosa cal et minva, per\u00f2 el segon ja \u00e9s diferent. Venia ac\u00ed, per\u00f2 ha fet un gran partit. Ens ha ajudat a guanyar com la resta de companys\u201d. Orgull d\u2019entrenador \u201cEstic orgull\u00f3s dels meus futbolistes. Vam donar la volta una situaci\u00f3 dif\u00edcil. El veritable protagonista \u00e9s el futbolista i els cossos t\u00e8cnics hem de millorar el rendiment de cadascun d\u2019ells i el col\u00b7lectiu. I per a aix\u00f2 han de voler. Ten\u00edem l\u2019any passat un equip que volia i en aquest tamb\u00e9\u201d.","url":"","background_image":"","images":[],"videos":[],"links":[]}]},"excerpt":{"rendered":"L&#8217;entrenador del Villarreal es mostra orgull\u00f3s dels seus jugadors despr\u00e9s de la vict\u00f2ria davant el Betis","protected":false},"author":23,"featured_media":586481,"comment_status":"closed","ping_status":"closed","sticky":false,"template":"","format":"standard","meta":{"_acf_changed":false,"footnotes":""},"categories":[13493],"tags":[10644,717,9270,5222,11042,14765,9219,9278,9567,9680,716,9205,9627,9203],"acf":null,"lang":"val","translations":{"es":586003,"val":586483,"en":586486},"essential_grid":{"has_grid":false},"formatted_date":"April 13, 2025","modified_date":"April 13, 2025","permalink":"https:\/\/villarrealcf.es\/val\/marcelino-salimos-fortalecidos\/","reading_time":3,"featured_media_data":{"id":586481,"title":"RealBetisBalompie-VillarrealCF-190 (1)","caption":"","alt_text":"","description":"","mime_type":"image\/jpeg","source_url":"https:\/\/villarrealcf.es\/wp-content\/uploads\/2025\/04\/RealBetisBalompie-VillarrealCF-190-1.jpg","sizes":{"thumbnail":{"url":"https:\/\/villarrealcf.es\/wp-content\/uploads\/2025\/04\/RealBetisBalompie-VillarrealCF-190-1-1920x1080.jpg","width":1920,"height":1080},"medium":{"url":"https:\/\/villarrealcf.es\/wp-content\/uploads\/2025\/04\/RealBetisBalompie-VillarrealCF-190-1-1920x1021.jpg","width":1920,"height":1021},"medium_large":{"url":"https:\/\/villarrealcf.es\/wp-content\/uploads\/2025\/04\/RealBetisBalompie-VillarrealCF-190-1-768x408.jpg","width":768,"height":408},"large":{"url":"https:\/\/villarrealcf.es\/wp-content\/uploads\/2025\/04\/RealBetisBalompie-VillarrealCF-190-1-1920x1021.jpg","width":788,"height":419},"1536x1536":{"url":"https:\/\/villarrealcf.es\/wp-content\/uploads\/2025\/04\/RealBetisBalompie-VillarrealCF-190-1-1536x816.jpg","width":1536,"height":816},"2048x2048":{"url":"https:\/\/villarrealcf.es\/wp-content\/uploads\/2025\/04\/RealBetisBalompie-VillarrealCF-190-1-2048x1089.jpg","width":2048,"height":1089},"tp-image-grid":{"url":"https:\/\/villarrealcf.es\/wp-content\/uploads\/2025\/04\/RealBetisBalompie-VillarrealCF-190-1-700x700.jpg","width":700,"height":700},"size-bunyad-medium":{"url":"https:\/\/villarrealcf.es\/wp-content\/uploads\/2025\/04\/RealBetisBalompie-VillarrealCF-190-1-1920x1021.jpg","width":1920,"height":1021},"sportspress-crop-medium":{"url":"https:\/\/villarrealcf.es\/wp-content\/uploads\/2025\/04\/RealBetisBalompie-VillarrealCF-190-1-300x300.jpg","width":300,"height":300},"sportspress-fit-medium":{"url":"https:\/\/villarrealcf.es\/wp-content\/uploads\/2025\/04\/RealBetisBalompie-VillarrealCF-190-1-300x159.jpg","width":300,"height":159},"sportspress-fit-icon":{"url":"https:\/\/villarrealcf.es\/wp-content\/uploads\/2025\/04\/RealBetisBalompie-VillarrealCF-190-1-128x68.jpg","width":128,"height":68},"sportspress-fit-mini":{"url":"https:\/\/villarrealcf.es\/wp-content\/uploads\/2025\/04\/RealBetisBalompie-VillarrealCF-190-1-32x17.jpg","width":32,"height":17},"bunyad-small":{"url":"https:\/\/villarrealcf.es\/wp-content\/uploads\/2025\/04\/RealBetisBalompie-VillarrealCF-190-1-150x80.jpg","width":150,"height":80},"bunyad-medium":{"url":"https:\/\/villarrealcf.es\/wp-content\/uploads\/2025\/04\/RealBetisBalompie-VillarrealCF-190-1-450x239.jpg","width":450,"height":239},"bunyad-full":{"url":"https:\/\/villarrealcf.es\/wp-content\/uploads\/2025\/04\/RealBetisBalompie-VillarrealCF-190-1-1200x638.jpg","width":1200,"height":638},"bunyad-viewport":{"url":"https:\/\/villarrealcf.es\/wp-content\/uploads\/2025\/04\/RealBetisBalompie-VillarrealCF-190-1-2048x1089.jpg","width":2048,"height":1089},"bunyad-768":{"url":"https:\/\/villarrealcf.es\/wp-content\/uploads\/2025\/04\/RealBetisBalompie-VillarrealCF-190-1-768x408.jpg","width":768,"height":408},"full":{"url":"https:\/\/villarrealcf.es\/wp-content\/uploads\/2025\/04\/RealBetisBalompie-VillarrealCF-190-1.jpg","width":2107,"height":1120}}},"author_data":{"id":"23","name":"Fran Segovia","first_name":"Fran","last_name":"Segovia","description":"","avatar_url":"https:\/\/secure.gravatar.com\/avatar\/9ec849b3b9cb451091f0a96d7943b1c6be26a8d6fd3b94d5b5bfd496b2536c42?s=96&d=mm&r=g","acf":null},"taxonomies_data":{"category":[{"id":13493,"name":"Primer equip","slug":"primer-equip","acf":null}],"post_tag":[{"id":10644,"name":"Estadio Benito Villamar\u00edn","slug":"estadio-benito-villamarin-val","acf":null},{"id":717,"name":"Football","slug":"football-d34","acf":null},{"id":9270,"name":"Futbol","slug":"futbol-val","acf":null},{"id":5222,"name":"Jornada 31","slug":"jornada-31","acf":null},{"id":11042,"name":"LaLiga","slug":"laliga-val","acf":null},{"id":14765,"name":"LaLiga EA Sports","slug":"laliga-ea-sports-val","acf":null},{"id":9219,"name":"Marcelino Garc\u00eda Toral","slug":"marcelino-garcia-toral-val","acf":null},{"id":9278,"name":"primera division","slug":"primera-division-val","acf":null},{"id":9567,"name":"Real Betis Balompi\u00e9","slug":"real-betis-balompie-val","acf":null},{"id":9680,"name":"Rueda de prensa","slug":"rueda-de-prensa-val","acf":null},{"id":716,"name":"Soccer","slug":"soccer-d105","acf":null},{"id":9205,"name":"Submarino","slug":"submarino-val","acf":null},{"id":9627,"name":"Submarino Amarillo","slug":"submarino-amarillo-val","acf":null},{"id":9203,"name":"Villarreal CF","slug":"villarreal-cf-val","acf":null}],"translation_priority":[{"id":735,"name":"Optional","slug":"optional-val","acf":null}]},"seo_full":{"native":{"title":"Marcelino: \u201cEixim enfortits\u201d - Web Oficial del Villarreal CF","description":"L'entrenador del Villarreal es mostra orgull\u00f3s dels seus jugadors despr\u00e9s de la vict\u00f2ria davant el Betis","canonical":"https:\/\/villarrealcf.es\/val\/marcelino-salimos-fortalecidos\/"}},"_links":{"self":[{"href":"https:\/\/villarrealcf.es\/val\/wp-json\/wp\/v2\/posts\/586483","targetHints":{"allow":["GET"]}}],"collection":[{"href":"https:\/\/villarrealcf.es\/val\/wp-json\/wp\/v2\/posts"}],"about":[{"href":"https:\/\/villarrealcf.es\/val\/wp-json\/wp\/v2\/types\/post"}],"author":[{"embeddable":true,"href":"https:\/\/villarrealcf.es\/val\/wp-json\/wp\/v2\/users\/23"}],"replies":[{"embeddable":true,"href":"https:\/\/villarrealcf.es\/val\/wp-json\/wp\/v2\/comments?post=586483"}],"version-history":[{"count":0,"href":"https:\/\/villarrealcf.es\/val\/wp-json\/wp\/v2\/posts\/586483\/revisions"}],"wp:featuredmedia":[{"embeddable":true,"href":"https:\/\/villarrealcf.es\/val\/wp-json\/wp\/v2\/media\/586481"}],"wp:attachment":[{"href":"https:\/\/villarrealcf.es\/val\/wp-json\/wp\/v2\/media?parent=586483"}],"wp:term":[{"taxonomy":"category","embeddable":true,"href":"https:\/\/villarrealcf.es\/val\/wp-json\/wp\/v2\/categories?post=586483"},{"taxonomy":"post_tag","embeddable":true,"href":"https:\/\/villarrealcf.es\/val\/wp-json\/wp\/v2\/tags?post=586483"}],"curies":[{"name":"wp","href":"https:\/\/api.w.org\/{rel}","templated":true}]}}