{"id":585530,"date":"2025-04-08T10:23:34","date_gmt":"2025-04-08T08:23:34","guid":{"rendered":"https:\/\/villarrealcf.es\/el-villarreal-mas-extraordinario-brilla-en-laliga-genuine\/"},"modified":"2025-04-08T12:31:43","modified_gmt":"2025-04-08T10:31:43","slug":"el-villarreal-mes-extraordinari-brilla-en-laliga-genuine","status":"publish","type":"post","link":"https:\/\/villarrealcf.es\/val\/el-villarreal-mes-extraordinari-brilla-en-laliga-genuine\/","title":{"rendered":"El Villarreal m\u00e9s extraordinari brilla en LALIGA Genuine"},"content":{"protected":false,"blocks":[{"type":"heading","level":2,"text":"Els grocs, amfitrions del torneig, s\u00f3n l\u00edders del Grup Compa\u00f1erismo despr\u00e9s de les vict\u00f2ries davant UD Ibiza i Granada CF"},{"type":"paragraph","text":"\u201cEns en anem a Bilbao\u201d, corejaven amb entusiasme els jugadors del Villarreal EDI despr\u00e9s d\u2019un cap de setmana somiat a la Ciutat Esportiva Jos\u00e9 Manuel Llaneza. En el qual tot va eixir perfecte. De principi a fi."},{"type":"paragraph","text":"Per tercera vegada, el Villarreal albergava la tercera fase de LALIGA Genuine. Un torneig que va inaugurar en la seua primera edici\u00f3 en 2017 i que va tornar per a disputar la fase final en 2023. Una cita especial per a tots els participants, per\u00f2 molt m\u00e9s per als jugadors del Villarreal, que eren plenament conscients que esta vegada anaven a sentir m\u00e9s que mai la calor de la seua afici\u00f3."},{"type":"paragraph","text":"Despr\u00e9s d\u2019un comen\u00e7ament de competici\u00f3 fant\u00e0stic amb tres triomfs i un empat en les dos primeres fases, celebrades a Tarragona i Val\u00e8ncia, ara era el moment de l\u2019equip groguet. L\u2019hora de gaudir al m\u00e0xim de l\u2019experi\u00e8ncia i aconseguir dos triomfs davant la UD Ibiza i el Granada CF."},{"type":"paragraph","text":"Ja el divendres, els jugadors convocats es van concentrar a l\u2019hotel Intelier Orange de Benic\u00e0ssim, on van fer pinya durant tot el cap de setmana, abans i despr\u00e9s dels partits. A la seua arribada a Miralcamp, l\u2019ambient era fant\u00e0stic tant dissabte com diumenge. Equips i aficions donaven color a les instal\u00b7lacions esportives del Submar\u00ed."},{"type":"video","kind":"iframe","url":"https:\/\/www.youtube.com\/embed\/gHb4k7KVGgc?feature=oembed","poster":""},{"type":"paragraph","text":"La riquesa de la diversitat"},{"type":"paragraph","text":"La motivaci\u00f3 i les ganes d\u2019afrontar els dols es palpava entre els groguets seleccionats per a esta bonica competici\u00f3. Encara que cada un ho expressava a la seua manera. Miguel \u00c1ngel Archela mantenia el rostre seri\u00f3s, concentrat; mentres que la seua companya Jessica Barquier feia broma i xarrava amb tots els seus companys. Per part seua, Jose Gozalbo es fixava en els rivals i raonava sobre les virtuts d\u2019altres equips del torneig."},{"type":"paragraph","text":"Precisament esta diversitat \u00e9s el veritable tresor d\u2019este grup. Una selecci\u00f3 de jugadors de quatre equips distints de l\u2019estructura EDI del Villarreal CF, en el qual tots juguen, i cada un brilla amb llum pr\u00f2pia, fent que el grup funcione d\u2019all\u00f2 m\u00e9s b\u00e9 dins i fora del camp. En el vestuari, tots s\u2019enfunden les botes abans que arribe el moment de l\u2019arenga. En eixe moment, Eric Villegas assumix el paper de l\u00edder i motivador, ja que, com sempre, amb les seues xarrades, inspira als seus companys perqu\u00e8 isquen amb la m\u00e0xima il\u00b7lusi\u00f3 als partits."},{"type":"paragraph","text":"Totes estes emocions s\u00f3n canalitzades amb passi\u00f3 i molta m\u00e0 esquerra per l\u2019excel\u00b7lent grup de t\u00e8cnics que acompanyen, guien i preparen als jugadors del Villarreal. Sonia Alc\u00f3n, Ana Roig, Antonio Jim\u00e9nez, Rafael Juli\u00e1n i Marta C\u00e1diz s\u00f3n molt m\u00e9s que entrenadors per a este grup de jugadors d\u2019extraordin\u00e0ries qualitats. S\u00f3n confidents, amics i referents, en els quals es recolzen els 16 convocats. Tots amb ganes de passar-ho b\u00e9 i fer un bon paper en el torneig."},{"type":"paragraph","text":"Una festa en el camp i en les graderies"},{"type":"paragraph","text":"Els grocs van brillar davant la UD Ibiza, estrenant-se amb vict\u00f2ria (3-0). En canvi, m\u00e9s dubtes ostentaven abans del segon partit davant el Granada, al qual recordaven -d\u2019altres edicions- com un equip corretj\u00f3s i molt f\u00edsic. Eixe record encenia l\u2019alerta en els jugadors groguets, fent-los eixir, si cap, amb m\u00e9s motivaci\u00f3."},{"type":"paragraph","text":"Amb el xiulet inicial, una arrancada demolidora, compassada per la precisi\u00f3 del \u2018capi\u2019 Javi Ruiz, el desborde de Juan Ram\u00f3n Lara i l\u2019energia de Miguel \u00c1ngel Archela, va encarrilar el triomf davant els andalusos, que va acabar consumant-se per 3-0 despr\u00e9s d\u2019una fant\u00e0stica actuaci\u00f3 coral de tots els jugadors grocs. Els centenars d\u2019aficionats del Villarreal que acompanyaven a l\u2019equip van festejar la vict\u00f2ria amb ells."},{"type":"paragraph","text":"Amb els dos triomfs a casa, el Villarreal es posa l\u00edder del Grup Compa\u00f1erismo de LALIGA Genuine abans de viatjar a Bilbao, on el Submar\u00ed lluitar\u00e0 per ser campi\u00f3 d\u2019este il\u00b7lusionant torneig, on els somriures i les ganes de gaudir de l\u2019esport estan per damunt de tota la resta."}],"structured":{"summary":{"text":"Els grocs, amfitrions del torneig, s\u00f3n l\u00edders del Grup Compa\u00f1erismo despr\u00e9s de les vict\u00f2ries davant UD Ibiza i Granada CF \u201cEns en anem a Bilbao\u201d, corejaven amb entusiasme els jugadors del Villarreal EDI despr\u00e9s d\u2019un cap de setmana somiat a la Ciutat Esportiva Jos\u00e9 Manuel Llaneza. En el qual tot va eixir perfecte. De principi a fi. Per tercera vegada, el Villarreal albergava la tercera fase de LALIGA Genuine. Un torneig que va inaugurar en la seua primera edici\u00f3 en 2017 i que va tornar per a disputar la fase final en 2023. Una cita especial per a tots els participants, per\u00f2 molt m\u00e9s per als jugadors del Villarreal, que eren plenament conscients que esta vegada anaven a sentir m\u00e9s que mai la calor de la seua afici\u00f3. Despr\u00e9s d\u2019un comen\u00e7ament de competici\u00f3 fant\u00e0stic amb tres triomfs i un empat en les dos primeres fases, celebrades a Tarragona i Val\u00e8ncia, ara era el moment de l\u2019equip groguet. L\u2019hora de gaudir al m\u00e0xim de l\u2019experi\u00e8ncia i aconseguir dos triomfs davant la UD Ibiza i el Granada CF. Ja el divendres, els jugadors convocats es van concentrar a l\u2019hotel Intelier Orange de Benic\u00e0ssim, on van fer pinya durant tot el cap de setmana, abans i despr\u00e9s dels partits. A la seua arribada a Miralcamp, l\u2019ambient era fant\u00e0stic tant dissabte com diumenge. Equips i aficions donaven color a les instal\u00b7lacions esportives del Submar\u00ed. La riquesa de la diversitat La motivaci\u00f3 i les ganes d\u2019afrontar els dols es palpava entre els groguets seleccionats per a esta bonica competici\u00f3. Encara que cada un ho expressava a la seua manera. Miguel \u00c1ngel Archela mantenia el rostre seri\u00f3s, concentrat; mentres que la seua companya Jessica Barquier feia broma i xarrava amb tots els seus companys. Per part seua, Jose Gozalbo es fixava en els rivals i raonava sobre les virtuts d\u2019altres equips del torneig. Precisament esta diversitat \u00e9s el veritable tresor d\u2019este grup. Una selecci\u00f3 de jugadors de quatre equips distints de l\u2019estructura EDI del Villarreal CF, en el qual tots juguen, i cada un brilla amb llum pr\u00f2pia, fent que el grup funcione d\u2019all\u00f2 m\u00e9s b\u00e9 dins i fora del camp. En el vestuari, tots s\u2019enfunden les botes abans que arribe el moment de l\u2019arenga. En eixe moment, Eric Villegas assumix el paper de l\u00edder i motivador, ja que, com sempre, amb les seues xarrades, inspira als seus companys perqu\u00e8 isquen amb la m\u00e0xima il\u00b7lusi\u00f3 als partits. Totes estes emocions s\u00f3n canalitzades amb passi\u00f3 i molta m\u00e0 esquerra per l\u2019excel\u00b7lent grup de t\u00e8cnics que acompanyen, guien i preparen als jugadors del Villarreal. Sonia Alc\u00f3n, Ana Roig, Antonio Jim\u00e9nez, Rafael Juli\u00e1n i Marta C\u00e1diz s\u00f3n molt m\u00e9s que entrenadors per a este grup de jugadors d\u2019extraordin\u00e0ries qualitats. S\u00f3n confidents, amics i referents, en els quals es recolzen els 16 convocats. Tots amb ganes de passar-ho b\u00e9 i fer un bon paper en el torneig. Una festa en el camp i en les graderies Els grocs van brillar davant la UD Ibiza, estrenant-se amb vict\u00f2ria (3-0). En canvi, m\u00e9s dubtes ostentaven abans del segon partit davant el Granada, al qual recordaven -d\u2019altres edicions- com un equip corretj\u00f3s i molt f\u00edsic. Eixe record encenia l\u2019alerta en els jugadors groguets, fent-los eixir, si cap, amb m\u00e9s motivaci\u00f3. Amb el xiulet inicial, una arrancada demolidora, compassada per la precisi\u00f3 del \u2018capi\u2019 Javi Ruiz, el desborde de Juan Ram\u00f3n Lara i l\u2019energia de Miguel \u00c1ngel Archela, va encarrilar el triomf davant els andalusos, que va acabar consumant-se per 3-0 despr\u00e9s d\u2019una fant\u00e0stica actuaci\u00f3 coral de tots els jugadors grocs. Els centenars d\u2019aficionats del Villarreal que acompanyaven a l\u2019equip van festejar la vict\u00f2ria amb ells. Amb els dos triomfs a casa, el Villarreal es posa l\u00edder del Grup Compa\u00f1erismo de LALIGA Genuine abans de viatjar a Bilbao, on el Submar\u00ed lluitar\u00e0 per ser campi\u00f3 d\u2019este il\u00b7lusionant torneig, on els somriures i les ganes de gaudir de l\u2019esport estan per damunt de tota la resta.","headings":[{"type":"heading","level":2,"text":"Els grocs, amfitrions del torneig, s\u00f3n l\u00edders del Grup Compa\u00f1erismo despr\u00e9s de les vict\u00f2ries davant UD Ibiza i Granada CF"}],"buttons":[],"images":[],"counts":{"blocks":14,"headings":1,"texts":12,"buttons":0,"images":0}},"sections":[{"id":"section-1","title":"Els grocs, amfitrions del torneig, s\u00f3n l\u00edders del Grup Compa\u00f1erismo despr\u00e9s de les vict\u00f2ries davant UD Ibiza i Granada CF","text":"Els grocs, amfitrions del torneig, s\u00f3n l\u00edders del Grup Compa\u00f1erismo despr\u00e9s de les vict\u00f2ries davant UD Ibiza i Granada CF \u201cEns en anem a Bilbao\u201d, corejaven amb entusiasme els jugadors del Villarreal EDI despr\u00e9s d\u2019un cap de setmana somiat a la Ciutat Esportiva Jos\u00e9 Manuel Llaneza. En el qual tot va eixir perfecte. De principi a fi. Per tercera vegada, el Villarreal albergava la tercera fase de LALIGA Genuine. Un torneig que va inaugurar en la seua primera edici\u00f3 en 2017 i que va tornar per a disputar la fase final en 2023. Una cita especial per a tots els participants, per\u00f2 molt m\u00e9s per als jugadors del Villarreal, que eren plenament conscients que esta vegada anaven a sentir m\u00e9s que mai la calor de la seua afici\u00f3. Despr\u00e9s d\u2019un comen\u00e7ament de competici\u00f3 fant\u00e0stic amb tres triomfs i un empat en les dos primeres fases, celebrades a Tarragona i Val\u00e8ncia, ara era el moment de l\u2019equip groguet. L\u2019hora de gaudir al m\u00e0xim de l\u2019experi\u00e8ncia i aconseguir dos triomfs davant la UD Ibiza i el Granada CF. Ja el divendres, els jugadors convocats es van concentrar a l\u2019hotel Intelier Orange de Benic\u00e0ssim, on van fer pinya durant tot el cap de setmana, abans i despr\u00e9s dels partits. A la seua arribada a Miralcamp, l\u2019ambient era fant\u00e0stic tant dissabte com diumenge. Equips i aficions donaven color a les instal\u00b7lacions esportives del Submar\u00ed. La riquesa de la diversitat La motivaci\u00f3 i les ganes d\u2019afrontar els dols es palpava entre els groguets seleccionats per a esta bonica competici\u00f3. Encara que cada un ho expressava a la seua manera. Miguel \u00c1ngel Archela mantenia el rostre seri\u00f3s, concentrat; mentres que la seua companya Jessica Barquier feia broma i xarrava amb tots els seus companys. Per part seua, Jose Gozalbo es fixava en els rivals i raonava sobre les virtuts d\u2019altres equips del torneig. Precisament esta diversitat \u00e9s el veritable tresor d\u2019este grup. Una selecci\u00f3 de jugadors de quatre equips distints de l\u2019estructura EDI del Villarreal CF, en el qual tots juguen, i cada un brilla amb llum pr\u00f2pia, fent que el grup funcione d\u2019all\u00f2 m\u00e9s b\u00e9 dins i fora del camp. En el vestuari, tots s\u2019enfunden les botes abans que arribe el moment de l\u2019arenga. En eixe moment, Eric Villegas assumix el paper de l\u00edder i motivador, ja que, com sempre, amb les seues xarrades, inspira als seus companys perqu\u00e8 isquen amb la m\u00e0xima il\u00b7lusi\u00f3 als partits. Totes estes emocions s\u00f3n canalitzades amb passi\u00f3 i molta m\u00e0 esquerra per l\u2019excel\u00b7lent grup de t\u00e8cnics que acompanyen, guien i preparen als jugadors del Villarreal. Sonia Alc\u00f3n, Ana Roig, Antonio Jim\u00e9nez, Rafael Juli\u00e1n i Marta C\u00e1diz s\u00f3n molt m\u00e9s que entrenadors per a este grup de jugadors d\u2019extraordin\u00e0ries qualitats. S\u00f3n confidents, amics i referents, en els quals es recolzen els 16 convocats. Tots amb ganes de passar-ho b\u00e9 i fer un bon paper en el torneig. Una festa en el camp i en les graderies Els grocs van brillar davant la UD Ibiza, estrenant-se amb vict\u00f2ria (3-0). En canvi, m\u00e9s dubtes ostentaven abans del segon partit davant el Granada, al qual recordaven -d\u2019altres edicions- com un equip corretj\u00f3s i molt f\u00edsic. Eixe record encenia l\u2019alerta en els jugadors groguets, fent-los eixir, si cap, amb m\u00e9s motivaci\u00f3. Amb el xiulet inicial, una arrancada demolidora, compassada per la precisi\u00f3 del \u2018capi\u2019 Javi Ruiz, el desborde de Juan Ram\u00f3n Lara i l\u2019energia de Miguel \u00c1ngel Archela, va encarrilar el triomf davant els andalusos, que va acabar consumant-se per 3-0 despr\u00e9s d\u2019una fant\u00e0stica actuaci\u00f3 coral de tots els jugadors grocs. Els centenars d\u2019aficionats del Villarreal que acompanyaven a l\u2019equip van festejar la vict\u00f2ria amb ells. Amb els dos triomfs a casa, el Villarreal es posa l\u00edder del Grup Compa\u00f1erismo de LALIGA Genuine abans de viatjar a Bilbao, on el Submar\u00ed lluitar\u00e0 per ser campi\u00f3 d\u2019este il\u00b7lusionant torneig, on els somriures i les ganes de gaudir de l\u2019esport estan per damunt de tota la resta.","headings":[{"type":"heading","level":2,"text":"Els grocs, amfitrions del torneig, s\u00f3n l\u00edders del Grup Compa\u00f1erismo despr\u00e9s de les vict\u00f2ries davant UD Ibiza i Granada CF"}],"texts":[{"type":"paragraph","text":"\u201cEns en anem a Bilbao\u201d, corejaven amb entusiasme els jugadors del Villarreal EDI despr\u00e9s d\u2019un cap de setmana somiat a la Ciutat Esportiva Jos\u00e9 Manuel Llaneza. En el qual tot va eixir perfecte. De principi a fi."},{"type":"paragraph","text":"Per tercera vegada, el Villarreal albergava la tercera fase de LALIGA Genuine. Un torneig que va inaugurar en la seua primera edici\u00f3 en 2017 i que va tornar per a disputar la fase final en 2023. Una cita especial per a tots els participants, per\u00f2 molt m\u00e9s per als jugadors del Villarreal, que eren plenament conscients que esta vegada anaven a sentir m\u00e9s que mai la calor de la seua afici\u00f3."},{"type":"paragraph","text":"Despr\u00e9s d\u2019un comen\u00e7ament de competici\u00f3 fant\u00e0stic amb tres triomfs i un empat en les dos primeres fases, celebrades a Tarragona i Val\u00e8ncia, ara era el moment de l\u2019equip groguet. L\u2019hora de gaudir al m\u00e0xim de l\u2019experi\u00e8ncia i aconseguir dos triomfs davant la UD Ibiza i el Granada CF."},{"type":"paragraph","text":"Ja el divendres, els jugadors convocats es van concentrar a l\u2019hotel Intelier Orange de Benic\u00e0ssim, on van fer pinya durant tot el cap de setmana, abans i despr\u00e9s dels partits. A la seua arribada a Miralcamp, l\u2019ambient era fant\u00e0stic tant dissabte com diumenge. Equips i aficions donaven color a les instal\u00b7lacions esportives del Submar\u00ed."},{"type":"paragraph","text":"La riquesa de la diversitat"},{"type":"paragraph","text":"La motivaci\u00f3 i les ganes d\u2019afrontar els dols es palpava entre els groguets seleccionats per a esta bonica competici\u00f3. Encara que cada un ho expressava a la seua manera. Miguel \u00c1ngel Archela mantenia el rostre seri\u00f3s, concentrat; mentres que la seua companya Jessica Barquier feia broma i xarrava amb tots els seus companys. Per part seua, Jose Gozalbo es fixava en els rivals i raonava sobre les virtuts d\u2019altres equips del torneig."},{"type":"paragraph","text":"Precisament esta diversitat \u00e9s el veritable tresor d\u2019este grup. Una selecci\u00f3 de jugadors de quatre equips distints de l\u2019estructura EDI del Villarreal CF, en el qual tots juguen, i cada un brilla amb llum pr\u00f2pia, fent que el grup funcione d\u2019all\u00f2 m\u00e9s b\u00e9 dins i fora del camp. En el vestuari, tots s\u2019enfunden les botes abans que arribe el moment de l\u2019arenga. En eixe moment, Eric Villegas assumix el paper de l\u00edder i motivador, ja que, com sempre, amb les seues xarrades, inspira als seus companys perqu\u00e8 isquen amb la m\u00e0xima il\u00b7lusi\u00f3 als partits."},{"type":"paragraph","text":"Totes estes emocions s\u00f3n canalitzades amb passi\u00f3 i molta m\u00e0 esquerra per l\u2019excel\u00b7lent grup de t\u00e8cnics que acompanyen, guien i preparen als jugadors del Villarreal. Sonia Alc\u00f3n, Ana Roig, Antonio Jim\u00e9nez, Rafael Juli\u00e1n i Marta C\u00e1diz s\u00f3n molt m\u00e9s que entrenadors per a este grup de jugadors d\u2019extraordin\u00e0ries qualitats. S\u00f3n confidents, amics i referents, en els quals es recolzen els 16 convocats. Tots amb ganes de passar-ho b\u00e9 i fer un bon paper en el torneig."},{"type":"paragraph","text":"Una festa en el camp i en les graderies"},{"type":"paragraph","text":"Els grocs van brillar davant la UD Ibiza, estrenant-se amb vict\u00f2ria (3-0). En canvi, m\u00e9s dubtes ostentaven abans del segon partit davant el Granada, al qual recordaven -d\u2019altres edicions- com un equip corretj\u00f3s i molt f\u00edsic. Eixe record encenia l\u2019alerta en els jugadors groguets, fent-los eixir, si cap, amb m\u00e9s motivaci\u00f3."},{"type":"paragraph","text":"Amb el xiulet inicial, una arrancada demolidora, compassada per la precisi\u00f3 del \u2018capi\u2019 Javi Ruiz, el desborde de Juan Ram\u00f3n Lara i l\u2019energia de Miguel \u00c1ngel Archela, va encarrilar el triomf davant els andalusos, que va acabar consumant-se per 3-0 despr\u00e9s d\u2019una fant\u00e0stica actuaci\u00f3 coral de tots els jugadors grocs. Els centenars d\u2019aficionats del Villarreal que acompanyaven a l\u2019equip van festejar la vict\u00f2ria amb ells."},{"type":"paragraph","text":"Amb els dos triomfs a casa, el Villarreal es posa l\u00edder del Grup Compa\u00f1erismo de LALIGA Genuine abans de viatjar a Bilbao, on el Submar\u00ed lluitar\u00e0 per ser campi\u00f3 d\u2019este il\u00b7lusionant torneig, on els somriures i les ganes de gaudir de l\u2019esport estan per damunt de tota la resta."}],"buttons":[],"images":[],"widgets":[],"blocks":[{"type":"heading","level":2,"text":"Els grocs, amfitrions del torneig, s\u00f3n l\u00edders del Grup Compa\u00f1erismo despr\u00e9s de les vict\u00f2ries davant UD Ibiza i Granada CF"},{"type":"paragraph","text":"\u201cEns en anem a Bilbao\u201d, corejaven amb entusiasme els jugadors del Villarreal EDI despr\u00e9s d\u2019un cap de setmana somiat a la Ciutat Esportiva Jos\u00e9 Manuel Llaneza. En el qual tot va eixir perfecte. De principi a fi."},{"type":"paragraph","text":"Per tercera vegada, el Villarreal albergava la tercera fase de LALIGA Genuine. Un torneig que va inaugurar en la seua primera edici\u00f3 en 2017 i que va tornar per a disputar la fase final en 2023. Una cita especial per a tots els participants, per\u00f2 molt m\u00e9s per als jugadors del Villarreal, que eren plenament conscients que esta vegada anaven a sentir m\u00e9s que mai la calor de la seua afici\u00f3."},{"type":"paragraph","text":"Despr\u00e9s d\u2019un comen\u00e7ament de competici\u00f3 fant\u00e0stic amb tres triomfs i un empat en les dos primeres fases, celebrades a Tarragona i Val\u00e8ncia, ara era el moment de l\u2019equip groguet. L\u2019hora de gaudir al m\u00e0xim de l\u2019experi\u00e8ncia i aconseguir dos triomfs davant la UD Ibiza i el Granada CF."},{"type":"paragraph","text":"Ja el divendres, els jugadors convocats es van concentrar a l\u2019hotel Intelier Orange de Benic\u00e0ssim, on van fer pinya durant tot el cap de setmana, abans i despr\u00e9s dels partits. A la seua arribada a Miralcamp, l\u2019ambient era fant\u00e0stic tant dissabte com diumenge. Equips i aficions donaven color a les instal\u00b7lacions esportives del Submar\u00ed."},{"type":"video","kind":"iframe","url":"https:\/\/www.youtube.com\/embed\/gHb4k7KVGgc?feature=oembed","poster":""},{"type":"paragraph","text":"La riquesa de la diversitat"},{"type":"paragraph","text":"La motivaci\u00f3 i les ganes d\u2019afrontar els dols es palpava entre els groguets seleccionats per a esta bonica competici\u00f3. Encara que cada un ho expressava a la seua manera. Miguel \u00c1ngel Archela mantenia el rostre seri\u00f3s, concentrat; mentres que la seua companya Jessica Barquier feia broma i xarrava amb tots els seus companys. Per part seua, Jose Gozalbo es fixava en els rivals i raonava sobre les virtuts d\u2019altres equips del torneig."},{"type":"paragraph","text":"Precisament esta diversitat \u00e9s el veritable tresor d\u2019este grup. Una selecci\u00f3 de jugadors de quatre equips distints de l\u2019estructura EDI del Villarreal CF, en el qual tots juguen, i cada un brilla amb llum pr\u00f2pia, fent que el grup funcione d\u2019all\u00f2 m\u00e9s b\u00e9 dins i fora del camp. En el vestuari, tots s\u2019enfunden les botes abans que arribe el moment de l\u2019arenga. En eixe moment, Eric Villegas assumix el paper de l\u00edder i motivador, ja que, com sempre, amb les seues xarrades, inspira als seus companys perqu\u00e8 isquen amb la m\u00e0xima il\u00b7lusi\u00f3 als partits."},{"type":"paragraph","text":"Totes estes emocions s\u00f3n canalitzades amb passi\u00f3 i molta m\u00e0 esquerra per l\u2019excel\u00b7lent grup de t\u00e8cnics que acompanyen, guien i preparen als jugadors del Villarreal. Sonia Alc\u00f3n, Ana Roig, Antonio Jim\u00e9nez, Rafael Juli\u00e1n i Marta C\u00e1diz s\u00f3n molt m\u00e9s que entrenadors per a este grup de jugadors d\u2019extraordin\u00e0ries qualitats. S\u00f3n confidents, amics i referents, en els quals es recolzen els 16 convocats. Tots amb ganes de passar-ho b\u00e9 i fer un bon paper en el torneig."},{"type":"paragraph","text":"Una festa en el camp i en les graderies"},{"type":"paragraph","text":"Els grocs van brillar davant la UD Ibiza, estrenant-se amb vict\u00f2ria (3-0). En canvi, m\u00e9s dubtes ostentaven abans del segon partit davant el Granada, al qual recordaven -d\u2019altres edicions- com un equip corretj\u00f3s i molt f\u00edsic. Eixe record encenia l\u2019alerta en els jugadors groguets, fent-los eixir, si cap, amb m\u00e9s motivaci\u00f3."},{"type":"paragraph","text":"Amb el xiulet inicial, una arrancada demolidora, compassada per la precisi\u00f3 del \u2018capi\u2019 Javi Ruiz, el desborde de Juan Ram\u00f3n Lara i l\u2019energia de Miguel \u00c1ngel Archela, va encarrilar el triomf davant els andalusos, que va acabar consumant-se per 3-0 despr\u00e9s d\u2019una fant\u00e0stica actuaci\u00f3 coral de tots els jugadors grocs. Els centenars d\u2019aficionats del Villarreal que acompanyaven a l\u2019equip van festejar la vict\u00f2ria amb ells."},{"type":"paragraph","text":"Amb els dos triomfs a casa, el Villarreal es posa l\u00edder del Grup Compa\u00f1erismo de LALIGA Genuine abans de viatjar a Bilbao, on el Submar\u00ed lluitar\u00e0 per ser campi\u00f3 d\u2019este il\u00b7lusionant torneig, on els somriures i les ganes de gaudir de l\u2019esport estan per damunt de tota la resta."}]}],"hero":{"id":"section-1","title":"Els grocs, amfitrions del torneig, s\u00f3n l\u00edders del Grup Compa\u00f1erismo despr\u00e9s de les vict\u00f2ries davant UD Ibiza i Granada CF","text":"Els grocs, amfitrions del torneig, s\u00f3n l\u00edders del Grup Compa\u00f1erismo despr\u00e9s de les vict\u00f2ries davant UD Ibiza i Granada CF \u201cEns en anem a Bilbao\u201d, corejaven amb entusiasme els jugadors del Villarreal EDI despr\u00e9s d\u2019un cap de setmana somiat a la Ciutat Esportiva Jos\u00e9 Manuel Llaneza. En el qual tot va eixir perfecte. De principi a fi. Per tercera vegada, el Villarreal albergava la tercera fase de LALIGA Genuine. Un torneig que va inaugurar en la seua primera edici\u00f3 en 2017 i que va tornar per a disputar la fase final en 2023. Una cita especial per a tots els participants, per\u00f2 molt m\u00e9s per als jugadors del Villarreal, que eren plenament conscients que esta vegada anaven a sentir m\u00e9s que mai la calor de la seua afici\u00f3. Despr\u00e9s d\u2019un comen\u00e7ament de competici\u00f3 fant\u00e0stic amb tres triomfs i un empat en les dos primeres fases, celebrades a Tarragona i Val\u00e8ncia, ara era el moment de l\u2019equip groguet. L\u2019hora de gaudir al m\u00e0xim de l\u2019experi\u00e8ncia i aconseguir dos triomfs davant la UD Ibiza i el Granada CF. Ja el divendres, els jugadors convocats es van concentrar a l\u2019hotel Intelier Orange de Benic\u00e0ssim, on van fer pinya durant tot el cap de setmana, abans i despr\u00e9s dels partits. A la seua arribada a Miralcamp, l\u2019ambient era fant\u00e0stic tant dissabte com diumenge. Equips i aficions donaven color a les instal\u00b7lacions esportives del Submar\u00ed. La riquesa de la diversitat La motivaci\u00f3 i les ganes d\u2019afrontar els dols es palpava entre els groguets seleccionats per a esta bonica competici\u00f3. Encara que cada un ho expressava a la seua manera. Miguel \u00c1ngel Archela mantenia el rostre seri\u00f3s, concentrat; mentres que la seua companya Jessica Barquier feia broma i xarrava amb tots els seus companys. Per part seua, Jose Gozalbo es fixava en els rivals i raonava sobre les virtuts d\u2019altres equips del torneig. Precisament esta diversitat \u00e9s el veritable tresor d\u2019este grup. Una selecci\u00f3 de jugadors de quatre equips distints de l\u2019estructura EDI del Villarreal CF, en el qual tots juguen, i cada un brilla amb llum pr\u00f2pia, fent que el grup funcione d\u2019all\u00f2 m\u00e9s b\u00e9 dins i fora del camp. En el vestuari, tots s\u2019enfunden les botes abans que arribe el moment de l\u2019arenga. En eixe moment, Eric Villegas assumix el paper de l\u00edder i motivador, ja que, com sempre, amb les seues xarrades, inspira als seus companys perqu\u00e8 isquen amb la m\u00e0xima il\u00b7lusi\u00f3 als partits. Totes estes emocions s\u00f3n canalitzades amb passi\u00f3 i molta m\u00e0 esquerra per l\u2019excel\u00b7lent grup de t\u00e8cnics que acompanyen, guien i preparen als jugadors del Villarreal. Sonia Alc\u00f3n, Ana Roig, Antonio Jim\u00e9nez, Rafael Juli\u00e1n i Marta C\u00e1diz s\u00f3n molt m\u00e9s que entrenadors per a este grup de jugadors d\u2019extraordin\u00e0ries qualitats. S\u00f3n confidents, amics i referents, en els quals es recolzen els 16 convocats. Tots amb ganes de passar-ho b\u00e9 i fer un bon paper en el torneig. Una festa en el camp i en les graderies Els grocs van brillar davant la UD Ibiza, estrenant-se amb vict\u00f2ria (3-0). En canvi, m\u00e9s dubtes ostentaven abans del segon partit davant el Granada, al qual recordaven -d\u2019altres edicions- com un equip corretj\u00f3s i molt f\u00edsic. Eixe record encenia l\u2019alerta en els jugadors groguets, fent-los eixir, si cap, amb m\u00e9s motivaci\u00f3. Amb el xiulet inicial, una arrancada demolidora, compassada per la precisi\u00f3 del \u2018capi\u2019 Javi Ruiz, el desborde de Juan Ram\u00f3n Lara i l\u2019energia de Miguel \u00c1ngel Archela, va encarrilar el triomf davant els andalusos, que va acabar consumant-se per 3-0 despr\u00e9s d\u2019una fant\u00e0stica actuaci\u00f3 coral de tots els jugadors grocs. Els centenars d\u2019aficionats del Villarreal que acompanyaven a l\u2019equip van festejar la vict\u00f2ria amb ells. Amb els dos triomfs a casa, el Villarreal es posa l\u00edder del Grup Compa\u00f1erismo de LALIGA Genuine abans de viatjar a Bilbao, on el Submar\u00ed lluitar\u00e0 per ser campi\u00f3 d\u2019este il\u00b7lusionant torneig, on els somriures i les ganes de gaudir de l\u2019esport estan per damunt de tota la resta.","headings":[{"type":"heading","level":2,"text":"Els grocs, amfitrions del torneig, s\u00f3n l\u00edders del Grup Compa\u00f1erismo despr\u00e9s de les vict\u00f2ries davant UD Ibiza i Granada CF"}],"texts":[{"type":"paragraph","text":"\u201cEns en anem a Bilbao\u201d, corejaven amb entusiasme els jugadors del Villarreal EDI despr\u00e9s d\u2019un cap de setmana somiat a la Ciutat Esportiva Jos\u00e9 Manuel Llaneza. En el qual tot va eixir perfecte. De principi a fi."},{"type":"paragraph","text":"Per tercera vegada, el Villarreal albergava la tercera fase de LALIGA Genuine. Un torneig que va inaugurar en la seua primera edici\u00f3 en 2017 i que va tornar per a disputar la fase final en 2023. Una cita especial per a tots els participants, per\u00f2 molt m\u00e9s per als jugadors del Villarreal, que eren plenament conscients que esta vegada anaven a sentir m\u00e9s que mai la calor de la seua afici\u00f3."},{"type":"paragraph","text":"Despr\u00e9s d\u2019un comen\u00e7ament de competici\u00f3 fant\u00e0stic amb tres triomfs i un empat en les dos primeres fases, celebrades a Tarragona i Val\u00e8ncia, ara era el moment de l\u2019equip groguet. L\u2019hora de gaudir al m\u00e0xim de l\u2019experi\u00e8ncia i aconseguir dos triomfs davant la UD Ibiza i el Granada CF."},{"type":"paragraph","text":"Ja el divendres, els jugadors convocats es van concentrar a l\u2019hotel Intelier Orange de Benic\u00e0ssim, on van fer pinya durant tot el cap de setmana, abans i despr\u00e9s dels partits. A la seua arribada a Miralcamp, l\u2019ambient era fant\u00e0stic tant dissabte com diumenge. Equips i aficions donaven color a les instal\u00b7lacions esportives del Submar\u00ed."},{"type":"paragraph","text":"La riquesa de la diversitat"},{"type":"paragraph","text":"La motivaci\u00f3 i les ganes d\u2019afrontar els dols es palpava entre els groguets seleccionats per a esta bonica competici\u00f3. Encara que cada un ho expressava a la seua manera. Miguel \u00c1ngel Archela mantenia el rostre seri\u00f3s, concentrat; mentres que la seua companya Jessica Barquier feia broma i xarrava amb tots els seus companys. Per part seua, Jose Gozalbo es fixava en els rivals i raonava sobre les virtuts d\u2019altres equips del torneig."},{"type":"paragraph","text":"Precisament esta diversitat \u00e9s el veritable tresor d\u2019este grup. Una selecci\u00f3 de jugadors de quatre equips distints de l\u2019estructura EDI del Villarreal CF, en el qual tots juguen, i cada un brilla amb llum pr\u00f2pia, fent que el grup funcione d\u2019all\u00f2 m\u00e9s b\u00e9 dins i fora del camp. En el vestuari, tots s\u2019enfunden les botes abans que arribe el moment de l\u2019arenga. En eixe moment, Eric Villegas assumix el paper de l\u00edder i motivador, ja que, com sempre, amb les seues xarrades, inspira als seus companys perqu\u00e8 isquen amb la m\u00e0xima il\u00b7lusi\u00f3 als partits."},{"type":"paragraph","text":"Totes estes emocions s\u00f3n canalitzades amb passi\u00f3 i molta m\u00e0 esquerra per l\u2019excel\u00b7lent grup de t\u00e8cnics que acompanyen, guien i preparen als jugadors del Villarreal. Sonia Alc\u00f3n, Ana Roig, Antonio Jim\u00e9nez, Rafael Juli\u00e1n i Marta C\u00e1diz s\u00f3n molt m\u00e9s que entrenadors per a este grup de jugadors d\u2019extraordin\u00e0ries qualitats. S\u00f3n confidents, amics i referents, en els quals es recolzen els 16 convocats. Tots amb ganes de passar-ho b\u00e9 i fer un bon paper en el torneig."},{"type":"paragraph","text":"Una festa en el camp i en les graderies"},{"type":"paragraph","text":"Els grocs van brillar davant la UD Ibiza, estrenant-se amb vict\u00f2ria (3-0). En canvi, m\u00e9s dubtes ostentaven abans del segon partit davant el Granada, al qual recordaven -d\u2019altres edicions- com un equip corretj\u00f3s i molt f\u00edsic. Eixe record encenia l\u2019alerta en els jugadors groguets, fent-los eixir, si cap, amb m\u00e9s motivaci\u00f3."},{"type":"paragraph","text":"Amb el xiulet inicial, una arrancada demolidora, compassada per la precisi\u00f3 del \u2018capi\u2019 Javi Ruiz, el desborde de Juan Ram\u00f3n Lara i l\u2019energia de Miguel \u00c1ngel Archela, va encarrilar el triomf davant els andalusos, que va acabar consumant-se per 3-0 despr\u00e9s d\u2019una fant\u00e0stica actuaci\u00f3 coral de tots els jugadors grocs. Els centenars d\u2019aficionats del Villarreal que acompanyaven a l\u2019equip van festejar la vict\u00f2ria amb ells."},{"type":"paragraph","text":"Amb els dos triomfs a casa, el Villarreal es posa l\u00edder del Grup Compa\u00f1erismo de LALIGA Genuine abans de viatjar a Bilbao, on el Submar\u00ed lluitar\u00e0 per ser campi\u00f3 d\u2019este il\u00b7lusionant torneig, on els somriures i les ganes de gaudir de l\u2019esport estan per damunt de tota la resta."}],"buttons":[],"images":[],"widgets":[],"blocks":[{"type":"heading","level":2,"text":"Els grocs, amfitrions del torneig, s\u00f3n l\u00edders del Grup Compa\u00f1erismo despr\u00e9s de les vict\u00f2ries davant UD Ibiza i Granada CF"},{"type":"paragraph","text":"\u201cEns en anem a Bilbao\u201d, corejaven amb entusiasme els jugadors del Villarreal EDI despr\u00e9s d\u2019un cap de setmana somiat a la Ciutat Esportiva Jos\u00e9 Manuel Llaneza. En el qual tot va eixir perfecte. De principi a fi."},{"type":"paragraph","text":"Per tercera vegada, el Villarreal albergava la tercera fase de LALIGA Genuine. Un torneig que va inaugurar en la seua primera edici\u00f3 en 2017 i que va tornar per a disputar la fase final en 2023. Una cita especial per a tots els participants, per\u00f2 molt m\u00e9s per als jugadors del Villarreal, que eren plenament conscients que esta vegada anaven a sentir m\u00e9s que mai la calor de la seua afici\u00f3."},{"type":"paragraph","text":"Despr\u00e9s d\u2019un comen\u00e7ament de competici\u00f3 fant\u00e0stic amb tres triomfs i un empat en les dos primeres fases, celebrades a Tarragona i Val\u00e8ncia, ara era el moment de l\u2019equip groguet. L\u2019hora de gaudir al m\u00e0xim de l\u2019experi\u00e8ncia i aconseguir dos triomfs davant la UD Ibiza i el Granada CF."},{"type":"paragraph","text":"Ja el divendres, els jugadors convocats es van concentrar a l\u2019hotel Intelier Orange de Benic\u00e0ssim, on van fer pinya durant tot el cap de setmana, abans i despr\u00e9s dels partits. A la seua arribada a Miralcamp, l\u2019ambient era fant\u00e0stic tant dissabte com diumenge. Equips i aficions donaven color a les instal\u00b7lacions esportives del Submar\u00ed."},{"type":"video","kind":"iframe","url":"https:\/\/www.youtube.com\/embed\/gHb4k7KVGgc?feature=oembed","poster":""},{"type":"paragraph","text":"La riquesa de la diversitat"},{"type":"paragraph","text":"La motivaci\u00f3 i les ganes d\u2019afrontar els dols es palpava entre els groguets seleccionats per a esta bonica competici\u00f3. Encara que cada un ho expressava a la seua manera. Miguel \u00c1ngel Archela mantenia el rostre seri\u00f3s, concentrat; mentres que la seua companya Jessica Barquier feia broma i xarrava amb tots els seus companys. Per part seua, Jose Gozalbo es fixava en els rivals i raonava sobre les virtuts d\u2019altres equips del torneig."},{"type":"paragraph","text":"Precisament esta diversitat \u00e9s el veritable tresor d\u2019este grup. Una selecci\u00f3 de jugadors de quatre equips distints de l\u2019estructura EDI del Villarreal CF, en el qual tots juguen, i cada un brilla amb llum pr\u00f2pia, fent que el grup funcione d\u2019all\u00f2 m\u00e9s b\u00e9 dins i fora del camp. En el vestuari, tots s\u2019enfunden les botes abans que arribe el moment de l\u2019arenga. En eixe moment, Eric Villegas assumix el paper de l\u00edder i motivador, ja que, com sempre, amb les seues xarrades, inspira als seus companys perqu\u00e8 isquen amb la m\u00e0xima il\u00b7lusi\u00f3 als partits."},{"type":"paragraph","text":"Totes estes emocions s\u00f3n canalitzades amb passi\u00f3 i molta m\u00e0 esquerra per l\u2019excel\u00b7lent grup de t\u00e8cnics que acompanyen, guien i preparen als jugadors del Villarreal. Sonia Alc\u00f3n, Ana Roig, Antonio Jim\u00e9nez, Rafael Juli\u00e1n i Marta C\u00e1diz s\u00f3n molt m\u00e9s que entrenadors per a este grup de jugadors d\u2019extraordin\u00e0ries qualitats. S\u00f3n confidents, amics i referents, en els quals es recolzen els 16 convocats. Tots amb ganes de passar-ho b\u00e9 i fer un bon paper en el torneig."},{"type":"paragraph","text":"Una festa en el camp i en les graderies"},{"type":"paragraph","text":"Els grocs van brillar davant la UD Ibiza, estrenant-se amb vict\u00f2ria (3-0). En canvi, m\u00e9s dubtes ostentaven abans del segon partit davant el Granada, al qual recordaven -d\u2019altres edicions- com un equip corretj\u00f3s i molt f\u00edsic. Eixe record encenia l\u2019alerta en els jugadors groguets, fent-los eixir, si cap, amb m\u00e9s motivaci\u00f3."},{"type":"paragraph","text":"Amb el xiulet inicial, una arrancada demolidora, compassada per la precisi\u00f3 del \u2018capi\u2019 Javi Ruiz, el desborde de Juan Ram\u00f3n Lara i l\u2019energia de Miguel \u00c1ngel Archela, va encarrilar el triomf davant els andalusos, que va acabar consumant-se per 3-0 despr\u00e9s d\u2019una fant\u00e0stica actuaci\u00f3 coral de tots els jugadors grocs. Els centenars d\u2019aficionats del Villarreal que acompanyaven a l\u2019equip van festejar la vict\u00f2ria amb ells."},{"type":"paragraph","text":"Amb els dos triomfs a casa, el Villarreal es posa l\u00edder del Grup Compa\u00f1erismo de LALIGA Genuine abans de viatjar a Bilbao, on el Submar\u00ed lluitar\u00e0 per ser campi\u00f3 d\u2019este il\u00b7lusionant torneig, on els somriures i les ganes de gaudir de l\u2019esport estan per damunt de tota la resta."}]}},"sections":[{"id":"section-1","title":"Els grocs, amfitrions del torneig, s\u00f3n l\u00edders del Grup Compa\u00f1erismo despr\u00e9s de les vict\u00f2ries davant UD Ibiza i Granada CF","text":"Els grocs, amfitrions del torneig, s\u00f3n l\u00edders del Grup Compa\u00f1erismo despr\u00e9s de les vict\u00f2ries davant UD Ibiza i Granada CF \u201cEns en anem a Bilbao\u201d, corejaven amb entusiasme els jugadors del Villarreal EDI despr\u00e9s d\u2019un cap de setmana somiat a la Ciutat Esportiva Jos\u00e9 Manuel Llaneza. En el qual tot va eixir perfecte. De principi a fi. Per tercera vegada, el Villarreal albergava la tercera fase de LALIGA Genuine. Un torneig que va inaugurar en la seua primera edici\u00f3 en 2017 i que va tornar per a disputar la fase final en 2023. Una cita especial per a tots els participants, per\u00f2 molt m\u00e9s per als jugadors del Villarreal, que eren plenament conscients que esta vegada anaven a sentir m\u00e9s que mai la calor de la seua afici\u00f3. Despr\u00e9s d\u2019un comen\u00e7ament de competici\u00f3 fant\u00e0stic amb tres triomfs i un empat en les dos primeres fases, celebrades a Tarragona i Val\u00e8ncia, ara era el moment de l\u2019equip groguet. L\u2019hora de gaudir al m\u00e0xim de l\u2019experi\u00e8ncia i aconseguir dos triomfs davant la UD Ibiza i el Granada CF. Ja el divendres, els jugadors convocats es van concentrar a l\u2019hotel Intelier Orange de Benic\u00e0ssim, on van fer pinya durant tot el cap de setmana, abans i despr\u00e9s dels partits. A la seua arribada a Miralcamp, l\u2019ambient era fant\u00e0stic tant dissabte com diumenge. Equips i aficions donaven color a les instal\u00b7lacions esportives del Submar\u00ed. La riquesa de la diversitat La motivaci\u00f3 i les ganes d\u2019afrontar els dols es palpava entre els groguets seleccionats per a esta bonica competici\u00f3. Encara que cada un ho expressava a la seua manera. Miguel \u00c1ngel Archela mantenia el rostre seri\u00f3s, concentrat; mentres que la seua companya Jessica Barquier feia broma i xarrava amb tots els seus companys. Per part seua, Jose Gozalbo es fixava en els rivals i raonava sobre les virtuts d\u2019altres equips del torneig. Precisament esta diversitat \u00e9s el veritable tresor d\u2019este grup. Una selecci\u00f3 de jugadors de quatre equips distints de l\u2019estructura EDI del Villarreal CF, en el qual tots juguen, i cada un brilla amb llum pr\u00f2pia, fent que el grup funcione d\u2019all\u00f2 m\u00e9s b\u00e9 dins i fora del camp. En el vestuari, tots s\u2019enfunden les botes abans que arribe el moment de l\u2019arenga. En eixe moment, Eric Villegas assumix el paper de l\u00edder i motivador, ja que, com sempre, amb les seues xarrades, inspira als seus companys perqu\u00e8 isquen amb la m\u00e0xima il\u00b7lusi\u00f3 als partits. Totes estes emocions s\u00f3n canalitzades amb passi\u00f3 i molta m\u00e0 esquerra per l\u2019excel\u00b7lent grup de t\u00e8cnics que acompanyen, guien i preparen als jugadors del Villarreal. Sonia Alc\u00f3n, Ana Roig, Antonio Jim\u00e9nez, Rafael Juli\u00e1n i Marta C\u00e1diz s\u00f3n molt m\u00e9s que entrenadors per a este grup de jugadors d\u2019extraordin\u00e0ries qualitats. S\u00f3n confidents, amics i referents, en els quals es recolzen els 16 convocats. Tots amb ganes de passar-ho b\u00e9 i fer un bon paper en el torneig. Una festa en el camp i en les graderies Els grocs van brillar davant la UD Ibiza, estrenant-se amb vict\u00f2ria (3-0). En canvi, m\u00e9s dubtes ostentaven abans del segon partit davant el Granada, al qual recordaven -d\u2019altres edicions- com un equip corretj\u00f3s i molt f\u00edsic. Eixe record encenia l\u2019alerta en els jugadors groguets, fent-los eixir, si cap, amb m\u00e9s motivaci\u00f3. Amb el xiulet inicial, una arrancada demolidora, compassada per la precisi\u00f3 del \u2018capi\u2019 Javi Ruiz, el desborde de Juan Ram\u00f3n Lara i l\u2019energia de Miguel \u00c1ngel Archela, va encarrilar el triomf davant els andalusos, que va acabar consumant-se per 3-0 despr\u00e9s d\u2019una fant\u00e0stica actuaci\u00f3 coral de tots els jugadors grocs. Els centenars d\u2019aficionats del Villarreal que acompanyaven a l\u2019equip van festejar la vict\u00f2ria amb ells. Amb els dos triomfs a casa, el Villarreal es posa l\u00edder del Grup Compa\u00f1erismo de LALIGA Genuine abans de viatjar a Bilbao, on el Submar\u00ed lluitar\u00e0 per ser campi\u00f3 d\u2019este il\u00b7lusionant torneig, on els somriures i les ganes de gaudir de l\u2019esport estan per damunt de tota la resta.","url":"","background_image":"","images":[],"videos":[{"type":"video","kind":"iframe","url":"https:\/\/www.youtube.com\/embed\/gHb4k7KVGgc?feature=oembed","poster":""}],"links":[]}]},"excerpt":{"rendered":"Els grocs, amfitrions del torneig, s\u00f3n l\u00edders del Grup Compa\u00f1erismo despr\u00e9s de les vict\u00f2ries davant UD Ibiza i Granada CF","protected":false},"author":25,"featured_media":585528,"comment_status":"closed","ping_status":"closed","sticky":false,"template":"","format":"standard","meta":{"_acf_changed":false,"footnotes":""},"categories":[13509],"tags":[9242,9244,717,9270,9641,14306,716,9205,9627,14263,9203],"acf":null,"lang":"val","translations":{"es":585520,"val":585530,"en":585539},"essential_grid":{"has_grid":false},"formatted_date":"April 8, 2025","modified_date":"April 8, 2025","permalink":"https:\/\/villarrealcf.es\/val\/el-villarreal-mes-extraordinari-brilla-en-laliga-genuine\/","reading_time":4,"featured_media_data":{"id":585528,"title":"LigaGenuine","caption":"","alt_text":"","description":"","mime_type":"image\/jpeg","source_url":"https:\/\/villarrealcf.es\/wp-content\/uploads\/2025\/04\/LigaGenuine.jpg","sizes":{"thumbnail":{"url":"https:\/\/villarrealcf.es\/wp-content\/uploads\/2025\/04\/LigaGenuine.jpg","width":1920,"height":1080},"medium":{"url":"https:\/\/villarrealcf.es\/wp-content\/uploads\/2025\/04\/LigaGenuine.jpg","width":1920,"height":1080},"medium_large":{"url":"https:\/\/villarrealcf.es\/wp-content\/uploads\/2025\/04\/LigaGenuine-768x432.jpg","width":768,"height":432},"large":{"url":"https:\/\/villarrealcf.es\/wp-content\/uploads\/2025\/04\/LigaGenuine.jpg","width":788,"height":443},"1536x1536":{"url":"https:\/\/villarrealcf.es\/wp-content\/uploads\/2025\/04\/LigaGenuine-1536x864.jpg","width":1536,"height":864},"2048x2048":{"url":"https:\/\/villarrealcf.es\/wp-content\/uploads\/2025\/04\/LigaGenuine.jpg","width":1920,"height":1080},"tp-image-grid":{"url":"https:\/\/villarrealcf.es\/wp-content\/uploads\/2025\/04\/LigaGenuine-700x700.jpg","width":700,"height":700},"size-bunyad-medium":{"url":"https:\/\/villarrealcf.es\/wp-content\/uploads\/2025\/04\/LigaGenuine.jpg","width":1920,"height":1080},"sportspress-crop-medium":{"url":"https:\/\/villarrealcf.es\/wp-content\/uploads\/2025\/04\/LigaGenuine-300x300.jpg","width":300,"height":300},"sportspress-fit-medium":{"url":"https:\/\/villarrealcf.es\/wp-content\/uploads\/2025\/04\/LigaGenuine-300x169.jpg","width":300,"height":169},"sportspress-fit-icon":{"url":"https:\/\/villarrealcf.es\/wp-content\/uploads\/2025\/04\/LigaGenuine-128x72.jpg","width":128,"height":72},"sportspress-fit-mini":{"url":"https:\/\/villarrealcf.es\/wp-content\/uploads\/2025\/04\/LigaGenuine-32x18.jpg","width":32,"height":18},"bunyad-small":{"url":"https:\/\/villarrealcf.es\/wp-content\/uploads\/2025\/04\/LigaGenuine-150x84.jpg","width":150,"height":84},"bunyad-medium":{"url":"https:\/\/villarrealcf.es\/wp-content\/uploads\/2025\/04\/LigaGenuine-450x253.jpg","width":450,"height":253},"bunyad-full":{"url":"https:\/\/villarrealcf.es\/wp-content\/uploads\/2025\/04\/LigaGenuine-1200x675.jpg","width":1200,"height":675},"bunyad-viewport":{"url":"https:\/\/villarrealcf.es\/wp-content\/uploads\/2025\/04\/LigaGenuine.jpg","width":1920,"height":1080},"bunyad-768":{"url":"https:\/\/villarrealcf.es\/wp-content\/uploads\/2025\/04\/LigaGenuine-768x432.jpg","width":768,"height":432},"full":{"url":"https:\/\/villarrealcf.es\/wp-content\/uploads\/2025\/04\/LigaGenuine.jpg","width":1920,"height":1080}}},"author_data":{"id":"25","name":"Javier Ayuso","first_name":"Javier","last_name":"Ayuso","description":"","avatar_url":"https:\/\/secure.gravatar.com\/avatar\/fcf8894be45988fcce5bbff0efe1790d2a7f4ba57e2c7c898f5068154e696495?s=96&d=mm&r=g","acf":null},"taxonomies_data":{"category":[{"id":13509,"name":"Endavant","slug":"endavant-val","acf":null}],"post_tag":[{"id":9242,"name":"Endavant","slug":"endavant-val-2","acf":null},{"id":9244,"name":"Endavant Solidaritat","slug":"endavant-solidaritat-val-2","acf":null},{"id":717,"name":"Football","slug":"football-d34","acf":null},{"id":9270,"name":"Futbol","slug":"futbol-val","acf":null},{"id":9641,"name":"Granada CF","slug":"granada-cf-val","acf":null},{"id":14306,"name":"Sin categorizar","slug":"sin-categorizar-val-6","acf":null},{"id":716,"name":"Soccer","slug":"soccer-d105","acf":null},{"id":9205,"name":"Submarino","slug":"submarino-val","acf":null},{"id":9627,"name":"Submarino Amarillo","slug":"submarino-amarillo-val","acf":null},{"id":14263,"name":"UD Ibiza","slug":"ud-ibiza-2-val","acf":null},{"id":9203,"name":"Villarreal CF","slug":"villarreal-cf-val","acf":null}],"translation_priority":[{"id":735,"name":"Optional","slug":"optional-val","acf":null}]},"seo_full":{"native":{"title":"El Villarreal m\u00e9s extraordinari brilla en LALIGA Genuine - Web Oficial del Villarreal CF","description":"Els grocs, amfitrions del torneig, s\u00f3n l\u00edders del Grup Compa\u00f1erismo despr\u00e9s de les vict\u00f2ries davant UD Ibiza i Granada CF","canonical":"https:\/\/villarrealcf.es\/val\/el-villarreal-mes-extraordinari-brilla-en-laliga-genuine\/"}},"_links":{"self":[{"href":"https:\/\/villarrealcf.es\/val\/wp-json\/wp\/v2\/posts\/585530","targetHints":{"allow":["GET"]}}],"collection":[{"href":"https:\/\/villarrealcf.es\/val\/wp-json\/wp\/v2\/posts"}],"about":[{"href":"https:\/\/villarrealcf.es\/val\/wp-json\/wp\/v2\/types\/post"}],"author":[{"embeddable":true,"href":"https:\/\/villarrealcf.es\/val\/wp-json\/wp\/v2\/users\/25"}],"replies":[{"embeddable":true,"href":"https:\/\/villarrealcf.es\/val\/wp-json\/wp\/v2\/comments?post=585530"}],"version-history":[{"count":0,"href":"https:\/\/villarrealcf.es\/val\/wp-json\/wp\/v2\/posts\/585530\/revisions"}],"wp:featuredmedia":[{"embeddable":true,"href":"https:\/\/villarrealcf.es\/val\/wp-json\/wp\/v2\/media\/585528"}],"wp:attachment":[{"href":"https:\/\/villarrealcf.es\/val\/wp-json\/wp\/v2\/media?parent=585530"}],"wp:term":[{"taxonomy":"category","embeddable":true,"href":"https:\/\/villarrealcf.es\/val\/wp-json\/wp\/v2\/categories?post=585530"},{"taxonomy":"post_tag","embeddable":true,"href":"https:\/\/villarrealcf.es\/val\/wp-json\/wp\/v2\/tags?post=585530"}],"curies":[{"name":"wp","href":"https:\/\/api.w.org\/{rel}","templated":true}]}}