{"id":582431,"date":"2025-03-18T15:09:35","date_gmt":"2025-03-18T14:09:35","guid":{"rendered":"https:\/\/villarrealcf.es\/las-mejores-fotos-de-la-renovacion-de-pau-navarro\/"},"modified":"2025-03-18T15:27:03","modified_gmt":"2025-03-18T14:27:03","slug":"les-millors-fotos-de-la-renovacio-de-pau-navarro","status":"publish","type":"post","link":"https:\/\/villarrealcf.es\/val\/les-millors-fotos-de-la-renovacio-de-pau-navarro\/","title":{"rendered":"Les millors fotos de la renovaci\u00f3 de Pau Navarro"},"content":{"protected":false,"blocks":[{"type":"text","widget":"text-editor","text":"El Mago Yunke ha sorpr\u00e9s els groguets amb l\u2019anunci de l\u2019ampliaci\u00f3 de contracte de Pau Navarro amb el Villarreal CF","paragraphs":[]},{"type":"gallery","widget":"gallery","items":[{"url":"https:\/\/villarrealcf.es\/wp-content\/uploads\/2025\/03\/RenovacionPauNavarro-001.jpg","title":"Renovaci\u00f3nPauNavarro-001","thumbnail":"https:\/\/villarrealcf.es\/wp-content\/uploads\/2025\/03\/RenovacionPauNavarro-001-1620x1080.jpg","width":1620,"height":1080},{"url":"https:\/\/villarrealcf.es\/wp-content\/uploads\/2025\/03\/RenovacionPauNavarro-002.jpg","title":"Renovaci\u00f3nPauNavarro-002","thumbnail":"https:\/\/villarrealcf.es\/wp-content\/uploads\/2025\/03\/RenovacionPauNavarro-002-1620x1080.jpg","width":1620,"height":1080},{"url":"https:\/\/villarrealcf.es\/wp-content\/uploads\/2025\/03\/RenovacionPauNavarro-003.jpg","title":"Renovaci\u00f3nPauNavarro-003","thumbnail":"https:\/\/villarrealcf.es\/wp-content\/uploads\/2025\/03\/RenovacionPauNavarro-003-1620x1080.jpg","width":1620,"height":1080},{"url":"https:\/\/villarrealcf.es\/wp-content\/uploads\/2025\/03\/RenovacionPauNavarro-005.jpg","title":"Renovaci\u00f3nPauNavarro-005","thumbnail":"https:\/\/villarrealcf.es\/wp-content\/uploads\/2025\/03\/RenovacionPauNavarro-005-1620x1080.jpg","width":1620,"height":1080},{"url":"https:\/\/villarrealcf.es\/wp-content\/uploads\/2025\/03\/RenovacionPauNavarro-006.jpg","title":"Renovaci\u00f3nPauNavarro-006","thumbnail":"https:\/\/villarrealcf.es\/wp-content\/uploads\/2025\/03\/RenovacionPauNavarro-006-1620x1080.jpg","width":1620,"height":1080},{"url":"https:\/\/villarrealcf.es\/wp-content\/uploads\/2025\/03\/RenovacionPauNavarro-007.jpg","title":"Renovaci\u00f3nPauNavarro-007","thumbnail":"https:\/\/villarrealcf.es\/wp-content\/uploads\/2025\/03\/RenovacionPauNavarro-007-1620x1080.jpg","width":1620,"height":1080},{"url":"https:\/\/villarrealcf.es\/wp-content\/uploads\/2025\/03\/RenovacionPauNavarro-008.jpg","title":"Renovaci\u00f3nPauNavarro-008","thumbnail":"https:\/\/villarrealcf.es\/wp-content\/uploads\/2025\/03\/RenovacionPauNavarro-008-1620x1080.jpg","width":1620,"height":1080},{"url":"https:\/\/villarrealcf.es\/wp-content\/uploads\/2025\/03\/RenovacionPauNavarro-009.jpg","title":"Renovaci\u00f3nPauNavarro-009","thumbnail":"https:\/\/villarrealcf.es\/wp-content\/uploads\/2025\/03\/RenovacionPauNavarro-009-1620x1080.jpg","width":1620,"height":1080},{"url":"https:\/\/villarrealcf.es\/wp-content\/uploads\/2025\/03\/RenovacionPauNavarro-010.jpg","title":"Renovaci\u00f3nPauNavarro-010","thumbnail":"https:\/\/villarrealcf.es\/wp-content\/uploads\/2025\/03\/RenovacionPauNavarro-010-1620x1080.jpg","width":1620,"height":1080}]}],"structured":{"summary":{"text":"El Mago Yunke ha sorpr\u00e9s els groguets amb l\u2019anunci de l\u2019ampliaci\u00f3 de contracte de Pau Navarro amb el Villarreal CF","headings":[],"buttons":[],"images":[],"counts":{"blocks":2,"headings":0,"texts":1,"buttons":0,"images":0},"containers":2},"sections":[{"id":"4f0b76be","type":"container","classes":["elementor-section","elementor-top-section","elementor-element","elementor-element-4f0b76be","elementor-section-boxed","elementor-section-height-default"],"title":"","text":"El Mago Yunke ha sorpr\u00e9s els groguets amb l\u2019anunci de l\u2019ampliaci\u00f3 de contracte de Pau Navarro amb el Villarreal CF","headings":[],"texts":[{"type":"text","widget":"text-editor","text":"El Mago Yunke ha sorpr\u00e9s els groguets amb l\u2019anunci de l\u2019ampliaci\u00f3 de contracte de Pau Navarro amb el Villarreal CF","paragraphs":[]}],"buttons":[],"images":[],"widgets":["text-editor"],"blocks":[{"type":"text","widget":"text-editor","text":"El Mago Yunke ha sorpr\u00e9s els groguets amb l\u2019anunci de l\u2019ampliaci\u00f3 de contracte de Pau Navarro amb el Villarreal CF","paragraphs":[]}],"children":[]},{"id":"8f5b326","type":"container","classes":["has-el-gap","el-gap-default","elementor-section","elementor-top-section","elementor-element","elementor-element-8f5b326","elementor-section-boxed","elementor-section-height-default"],"title":"","text":"","headings":[],"texts":[],"buttons":[],"images":[],"widgets":["gallery"],"blocks":[{"type":"gallery","widget":"gallery","items":[{"url":"https:\/\/villarrealcf.es\/wp-content\/uploads\/2025\/03\/RenovacionPauNavarro-001.jpg","title":"Renovaci\u00f3nPauNavarro-001","thumbnail":"https:\/\/villarrealcf.es\/wp-content\/uploads\/2025\/03\/RenovacionPauNavarro-001-1620x1080.jpg","width":1620,"height":1080},{"url":"https:\/\/villarrealcf.es\/wp-content\/uploads\/2025\/03\/RenovacionPauNavarro-002.jpg","title":"Renovaci\u00f3nPauNavarro-002","thumbnail":"https:\/\/villarrealcf.es\/wp-content\/uploads\/2025\/03\/RenovacionPauNavarro-002-1620x1080.jpg","width":1620,"height":1080},{"url":"https:\/\/villarrealcf.es\/wp-content\/uploads\/2025\/03\/RenovacionPauNavarro-003.jpg","title":"Renovaci\u00f3nPauNavarro-003","thumbnail":"https:\/\/villarrealcf.es\/wp-content\/uploads\/2025\/03\/RenovacionPauNavarro-003-1620x1080.jpg","width":1620,"height":1080},{"url":"https:\/\/villarrealcf.es\/wp-content\/uploads\/2025\/03\/RenovacionPauNavarro-005.jpg","title":"Renovaci\u00f3nPauNavarro-005","thumbnail":"https:\/\/villarrealcf.es\/wp-content\/uploads\/2025\/03\/RenovacionPauNavarro-005-1620x1080.jpg","width":1620,"height":1080},{"url":"https:\/\/villarrealcf.es\/wp-content\/uploads\/2025\/03\/RenovacionPauNavarro-006.jpg","title":"Renovaci\u00f3nPauNavarro-006","thumbnail":"https:\/\/villarrealcf.es\/wp-content\/uploads\/2025\/03\/RenovacionPauNavarro-006-1620x1080.jpg","width":1620,"height":1080},{"url":"https:\/\/villarrealcf.es\/wp-content\/uploads\/2025\/03\/RenovacionPauNavarro-007.jpg","title":"Renovaci\u00f3nPauNavarro-007","thumbnail":"https:\/\/villarrealcf.es\/wp-content\/uploads\/2025\/03\/RenovacionPauNavarro-007-1620x1080.jpg","width":1620,"height":1080},{"url":"https:\/\/villarrealcf.es\/wp-content\/uploads\/2025\/03\/RenovacionPauNavarro-008.jpg","title":"Renovaci\u00f3nPauNavarro-008","thumbnail":"https:\/\/villarrealcf.es\/wp-content\/uploads\/2025\/03\/RenovacionPauNavarro-008-1620x1080.jpg","width":1620,"height":1080},{"url":"https:\/\/villarrealcf.es\/wp-content\/uploads\/2025\/03\/RenovacionPauNavarro-009.jpg","title":"Renovaci\u00f3nPauNavarro-009","thumbnail":"https:\/\/villarrealcf.es\/wp-content\/uploads\/2025\/03\/RenovacionPauNavarro-009-1620x1080.jpg","width":1620,"height":1080},{"url":"https:\/\/villarrealcf.es\/wp-content\/uploads\/2025\/03\/RenovacionPauNavarro-010.jpg","title":"Renovaci\u00f3nPauNavarro-010","thumbnail":"https:\/\/villarrealcf.es\/wp-content\/uploads\/2025\/03\/RenovacionPauNavarro-010-1620x1080.jpg","width":1620,"height":1080}]}],"children":[]}],"hero":{"id":"4f0b76be","type":"container","classes":["elementor-section","elementor-top-section","elementor-element","elementor-element-4f0b76be","elementor-section-boxed","elementor-section-height-default"],"title":"","text":"El Mago Yunke ha sorpr\u00e9s els groguets amb l\u2019anunci de l\u2019ampliaci\u00f3 de contracte de Pau Navarro amb el Villarreal CF","headings":[],"texts":[{"type":"text","widget":"text-editor","text":"El Mago Yunke ha sorpr\u00e9s els groguets amb l\u2019anunci de l\u2019ampliaci\u00f3 de contracte de Pau Navarro amb el Villarreal CF","paragraphs":[]}],"buttons":[],"images":[],"widgets":["text-editor"],"blocks":[{"type":"text","widget":"text-editor","text":"El Mago Yunke ha sorpr\u00e9s els groguets amb l\u2019anunci de l\u2019ampliaci\u00f3 de contracte de Pau Navarro amb el Villarreal CF","paragraphs":[]}],"children":[]}},"sections":[{"id":"4f0b76be","title":"El Mago Yunke ha sorpr\u00e9s els groguets amb l\u2019anunci de l\u2019ampliaci\u00f3 de contracte de Pau Navarro amb el Villarreal CF","text":"El Mago Yunke ha sorpr\u00e9s els groguets amb l\u2019anunci de l\u2019ampliaci\u00f3 de contracte de Pau Navarro amb el Villarreal CF","url":"","background_image":"","images":[],"videos":[],"links":[]},{"id":"8f5b326","title":"","text":"","url":"https:\/\/villarrealcf.es\/wp-content\/uploads\/2025\/03\/RenovacionPauNavarro-001.jpg","background_image":"","images":[],"videos":[],"links":[{"url":"https:\/\/villarrealcf.es\/wp-content\/uploads\/2025\/03\/RenovacionPauNavarro-001.jpg","text":"","target":""},{"url":"https:\/\/villarrealcf.es\/wp-content\/uploads\/2025\/03\/RenovacionPauNavarro-002.jpg","text":"","target":""},{"url":"https:\/\/villarrealcf.es\/wp-content\/uploads\/2025\/03\/RenovacionPauNavarro-003.jpg","text":"","target":""},{"url":"https:\/\/villarrealcf.es\/wp-content\/uploads\/2025\/03\/RenovacionPauNavarro-005.jpg","text":"","target":""},{"url":"https:\/\/villarrealcf.es\/wp-content\/uploads\/2025\/03\/RenovacionPauNavarro-006.jpg","text":"","target":""},{"url":"https:\/\/villarrealcf.es\/wp-content\/uploads\/2025\/03\/RenovacionPauNavarro-007.jpg","text":"","target":""},{"url":"https:\/\/villarrealcf.es\/wp-content\/uploads\/2025\/03\/RenovacionPauNavarro-008.jpg","text":"","target":""},{"url":"https:\/\/villarrealcf.es\/wp-content\/uploads\/2025\/03\/RenovacionPauNavarro-009.jpg","text":"","target":""},{"url":"https:\/\/villarrealcf.es\/wp-content\/uploads\/2025\/03\/RenovacionPauNavarro-010.jpg","text":"","target":""}]}]},"excerpt":{"rendered":"El Mago Yunke ha sorpr\u00e9s els groguets amb l&#8217;anunci de l&#8217;ampliaci\u00f3 de contracte de Pau Navarro amb el Villarreal CF\n","protected":false},"author":29,"featured_media":582394,"comment_status":"closed","ping_status":"closed","sticky":false,"template":"","format":"standard","meta":{"_acf_changed":false,"footnotes":""},"categories":[13493],"tags":[16350,10325,717,9270,13420,15363,10042,716,9205,9627,9203],"acf":null,"lang":"val","translations":{"es":582390,"val":582431,"en":582451},"essential_grid":{"has_grid":false},"formatted_date":"March 18, 2025","modified_date":"March 18, 2025","permalink":"https:\/\/villarrealcf.es\/val\/les-millors-fotos-de-la-renovacio-de-pau-navarro\/","reading_time":1,"featured_media_data":{"id":582394,"title":"portadaPAU","caption":"","alt_text":"","description":"","mime_type":"image\/jpeg","source_url":"https:\/\/villarrealcf.es\/wp-content\/uploads\/2025\/03\/portadaPAU.jpg","sizes":{"thumbnail":{"url":"https:\/\/villarrealcf.es\/wp-content\/uploads\/2025\/03\/portadaPAU.jpg","width":1920,"height":1079},"medium":{"url":"https:\/\/villarrealcf.es\/wp-content\/uploads\/2025\/03\/portadaPAU.jpg","width":1920,"height":1079},"medium_large":{"url":"https:\/\/villarrealcf.es\/wp-content\/uploads\/2025\/03\/portadaPAU-768x432.jpg","width":768,"height":432},"large":{"url":"https:\/\/villarrealcf.es\/wp-content\/uploads\/2025\/03\/portadaPAU.jpg","width":788,"height":443},"1536x1536":{"url":"https:\/\/villarrealcf.es\/wp-content\/uploads\/2025\/03\/portadaPAU-1536x863.jpg","width":1536,"height":863},"2048x2048":{"url":"https:\/\/villarrealcf.es\/wp-content\/uploads\/2025\/03\/portadaPAU.jpg","width":1920,"height":1079},"tp-image-grid":{"url":"https:\/\/villarrealcf.es\/wp-content\/uploads\/2025\/03\/portadaPAU-700x700.jpg","width":700,"height":700},"size-bunyad-medium":{"url":"https:\/\/villarrealcf.es\/wp-content\/uploads\/2025\/03\/portadaPAU.jpg","width":1920,"height":1079},"sportspress-crop-medium":{"url":"https:\/\/villarrealcf.es\/wp-content\/uploads\/2025\/03\/portadaPAU-300x300.jpg","width":300,"height":300},"sportspress-fit-medium":{"url":"https:\/\/villarrealcf.es\/wp-content\/uploads\/2025\/03\/portadaPAU-300x169.jpg","width":300,"height":169},"sportspress-fit-icon":{"url":"https:\/\/villarrealcf.es\/wp-content\/uploads\/2025\/03\/portadaPAU-128x72.jpg","width":128,"height":72},"sportspress-fit-mini":{"url":"https:\/\/villarrealcf.es\/wp-content\/uploads\/2025\/03\/portadaPAU-32x18.jpg","width":32,"height":18},"bunyad-small":{"url":"https:\/\/villarrealcf.es\/wp-content\/uploads\/2025\/03\/portadaPAU-150x84.jpg","width":150,"height":84},"bunyad-medium":{"url":"https:\/\/villarrealcf.es\/wp-content\/uploads\/2025\/03\/portadaPAU-450x253.jpg","width":450,"height":253},"bunyad-full":{"url":"https:\/\/villarrealcf.es\/wp-content\/uploads\/2025\/03\/portadaPAU-1200x674.jpg","width":1200,"height":674},"bunyad-viewport":{"url":"https:\/\/villarrealcf.es\/wp-content\/uploads\/2025\/03\/portadaPAU.jpg","width":1920,"height":1079},"bunyad-768":{"url":"https:\/\/villarrealcf.es\/wp-content\/uploads\/2025\/03\/portadaPAU-768x432.jpg","width":768,"height":432},"full":{"url":"https:\/\/villarrealcf.es\/wp-content\/uploads\/2025\/03\/portadaPAU.jpg","width":1920,"height":1079}}},"author_data":{"id":"29","name":"Azahara Beroy","first_name":"Azahara","last_name":"Beroy","description":"","avatar_url":"https:\/\/secure.gravatar.com\/avatar\/91b979a91a1925e60814719244bbf7824af58ced5a6e2130c2611bde24439aa7?s=96&d=mm&r=g","acf":null},"taxonomies_data":{"category":[{"id":13493,"name":"Primer equip","slug":"primer-equip","acf":null}],"post_tag":[{"id":16350,"name":"2030","slug":"2030-val","acf":null},{"id":10325,"name":"Cantera Grogueta","slug":"cantera-grogueta-val","acf":null},{"id":717,"name":"Football","slug":"football-d34","acf":null},{"id":9270,"name":"Futbol","slug":"futbol-val","acf":null},{"id":13420,"name":"Galer\u00eda Endavant","slug":"galeria-endavant-val","acf":null},{"id":15363,"name":"Pau Navarro","slug":"pau-navarro-val","acf":null},{"id":10042,"name":"Renovaci\u00f3n","slug":"renovacion-val","acf":null},{"id":716,"name":"Soccer","slug":"soccer-d105","acf":null},{"id":9205,"name":"Submarino","slug":"submarino-val","acf":null},{"id":9627,"name":"Submarino Amarillo","slug":"submarino-amarillo-val","acf":null},{"id":9203,"name":"Villarreal CF","slug":"villarreal-cf-val","acf":null}],"translation_priority":[{"id":735,"name":"Optional","slug":"optional-val","acf":null}]},"seo_full":{"native":{"title":"Les millors fotos de la renovaci\u00f3 de Pau Navarro - Web Oficial del Villarreal CF","description":"El Mago Yunke ha sorpr\u00e9s els groguets amb l'anunci de l'ampliaci\u00f3 de contracte de Pau Navarro amb el Villarreal CF\n","canonical":"https:\/\/villarrealcf.es\/val\/les-millors-fotos-de-la-renovacio-de-pau-navarro\/"}},"_links":{"self":[{"href":"https:\/\/villarrealcf.es\/val\/wp-json\/wp\/v2\/posts\/582431","targetHints":{"allow":["GET"]}}],"collection":[{"href":"https:\/\/villarrealcf.es\/val\/wp-json\/wp\/v2\/posts"}],"about":[{"href":"https:\/\/villarrealcf.es\/val\/wp-json\/wp\/v2\/types\/post"}],"author":[{"embeddable":true,"href":"https:\/\/villarrealcf.es\/val\/wp-json\/wp\/v2\/users\/29"}],"replies":[{"embeddable":true,"href":"https:\/\/villarrealcf.es\/val\/wp-json\/wp\/v2\/comments?post=582431"}],"version-history":[{"count":0,"href":"https:\/\/villarrealcf.es\/val\/wp-json\/wp\/v2\/posts\/582431\/revisions"}],"wp:featuredmedia":[{"embeddable":true,"href":"https:\/\/villarrealcf.es\/val\/wp-json\/wp\/v2\/media\/582394"}],"wp:attachment":[{"href":"https:\/\/villarrealcf.es\/val\/wp-json\/wp\/v2\/media?parent=582431"}],"wp:term":[{"taxonomy":"category","embeddable":true,"href":"https:\/\/villarrealcf.es\/val\/wp-json\/wp\/v2\/categories?post=582431"},{"taxonomy":"post_tag","embeddable":true,"href":"https:\/\/villarrealcf.es\/val\/wp-json\/wp\/v2\/tags?post=582431"}],"curies":[{"name":"wp","href":"https:\/\/api.w.org\/{rel}","templated":true}]}}