{"id":582022,"date":"2025-03-14T11:15:26","date_gmt":"2025-03-14T10:15:26","guid":{"rendered":"https:\/\/villarrealcf.es\/la-seleccion-espanola-convoca-a-baena-ayoze-yeremy-y-cardona\/"},"modified":"2025-03-17T11:27:48","modified_gmt":"2025-03-17T10:27:48","slug":"la-seleccio-espanyola-convoca-a-baena-ayoze-yeremy","status":"publish","type":"post","link":"https:\/\/villarrealcf.es\/val\/la-seleccio-espanyola-convoca-a-baena-ayoze-yeremy\/","title":{"rendered":"La Selecci\u00f3 Espanyola convoca a Baena, Ayoze i Yeremy"},"content":{"protected":false,"blocks":[{"type":"heading","level":2,"text":"Els futbolistes del Villarreal disputaran els quarts de final de la Nations League davant Pa\u00efsos Baixos"},{"type":"paragraph","text":"\u00c1lex Baena, Ayoze P\u00e9rez i Yeremy Pino han sigut convocats per la Selecci\u00f3 Espanyola per a disputar els quarts de final de la Nations League contra Pa\u00efsos Baixos."},{"type":"paragraph","text":"El conjunt entrenat per Luis de la Fuente, que comptar\u00e0 amb tres futbolistes del Submar\u00ed en les seues files, disputar\u00e0 el partit d\u2019anada el 20 de mar\u00e7, a partir de les 20.45 hores, en l\u2019Stadion Feijenoord de Rotterdam. D\u2019altra banda, la volta del torneig continental es jugar\u00e0 el 23 de mar\u00e7, tamb\u00e9 a les 20.45 hores, en l\u2019Estadi de Mestalla."}],"structured":{"summary":{"text":"Els futbolistes del Villarreal disputaran els quarts de final de la Nations League davant Pa\u00efsos Baixos \u00c1lex Baena, Ayoze P\u00e9rez i Yeremy Pino han sigut convocats per la Selecci\u00f3 Espanyola per a disputar els quarts de final de la Nations League contra Pa\u00efsos Baixos. El conjunt entrenat per Luis de la Fuente, que comptar\u00e0 amb tres futbolistes del Submar\u00ed en les seues files, disputar\u00e0 el partit d\u2019anada el 20 de mar\u00e7, a partir de les 20.45 hores, en l\u2019Stadion Feijenoord de Rotterdam. D\u2019altra banda, la volta del torneig continental es jugar\u00e0 el 23 de mar\u00e7, tamb\u00e9 a les 20.45 hores, en l\u2019Estadi de Mestalla.","headings":[{"type":"heading","level":2,"text":"Els futbolistes del Villarreal disputaran els quarts de final de la Nations League davant Pa\u00efsos Baixos"}],"buttons":[],"images":[],"counts":{"blocks":3,"headings":1,"texts":2,"buttons":0,"images":0}},"sections":[{"id":"section-1","title":"Els futbolistes del Villarreal disputaran els quarts de final de la Nations League davant Pa\u00efsos Baixos","text":"Els futbolistes del Villarreal disputaran els quarts de final de la Nations League davant Pa\u00efsos Baixos \u00c1lex Baena, Ayoze P\u00e9rez i Yeremy Pino han sigut convocats per la Selecci\u00f3 Espanyola per a disputar els quarts de final de la Nations League contra Pa\u00efsos Baixos. El conjunt entrenat per Luis de la Fuente, que comptar\u00e0 amb tres futbolistes del Submar\u00ed en les seues files, disputar\u00e0 el partit d\u2019anada el 20 de mar\u00e7, a partir de les 20.45 hores, en l\u2019Stadion Feijenoord de Rotterdam. D\u2019altra banda, la volta del torneig continental es jugar\u00e0 el 23 de mar\u00e7, tamb\u00e9 a les 20.45 hores, en l\u2019Estadi de Mestalla.","headings":[{"type":"heading","level":2,"text":"Els futbolistes del Villarreal disputaran els quarts de final de la Nations League davant Pa\u00efsos Baixos"}],"texts":[{"type":"paragraph","text":"\u00c1lex Baena, Ayoze P\u00e9rez i Yeremy Pino han sigut convocats per la Selecci\u00f3 Espanyola per a disputar els quarts de final de la Nations League contra Pa\u00efsos Baixos."},{"type":"paragraph","text":"El conjunt entrenat per Luis de la Fuente, que comptar\u00e0 amb tres futbolistes del Submar\u00ed en les seues files, disputar\u00e0 el partit d\u2019anada el 20 de mar\u00e7, a partir de les 20.45 hores, en l\u2019Stadion Feijenoord de Rotterdam. D\u2019altra banda, la volta del torneig continental es jugar\u00e0 el 23 de mar\u00e7, tamb\u00e9 a les 20.45 hores, en l\u2019Estadi de Mestalla."}],"buttons":[],"images":[],"widgets":[],"blocks":[{"type":"heading","level":2,"text":"Els futbolistes del Villarreal disputaran els quarts de final de la Nations League davant Pa\u00efsos Baixos"},{"type":"paragraph","text":"\u00c1lex Baena, Ayoze P\u00e9rez i Yeremy Pino han sigut convocats per la Selecci\u00f3 Espanyola per a disputar els quarts de final de la Nations League contra Pa\u00efsos Baixos."},{"type":"paragraph","text":"El conjunt entrenat per Luis de la Fuente, que comptar\u00e0 amb tres futbolistes del Submar\u00ed en les seues files, disputar\u00e0 el partit d\u2019anada el 20 de mar\u00e7, a partir de les 20.45 hores, en l\u2019Stadion Feijenoord de Rotterdam. D\u2019altra banda, la volta del torneig continental es jugar\u00e0 el 23 de mar\u00e7, tamb\u00e9 a les 20.45 hores, en l\u2019Estadi de Mestalla."}]}],"hero":{"id":"section-1","title":"Els futbolistes del Villarreal disputaran els quarts de final de la Nations League davant Pa\u00efsos Baixos","text":"Els futbolistes del Villarreal disputaran els quarts de final de la Nations League davant Pa\u00efsos Baixos \u00c1lex Baena, Ayoze P\u00e9rez i Yeremy Pino han sigut convocats per la Selecci\u00f3 Espanyola per a disputar els quarts de final de la Nations League contra Pa\u00efsos Baixos. El conjunt entrenat per Luis de la Fuente, que comptar\u00e0 amb tres futbolistes del Submar\u00ed en les seues files, disputar\u00e0 el partit d\u2019anada el 20 de mar\u00e7, a partir de les 20.45 hores, en l\u2019Stadion Feijenoord de Rotterdam. D\u2019altra banda, la volta del torneig continental es jugar\u00e0 el 23 de mar\u00e7, tamb\u00e9 a les 20.45 hores, en l\u2019Estadi de Mestalla.","headings":[{"type":"heading","level":2,"text":"Els futbolistes del Villarreal disputaran els quarts de final de la Nations League davant Pa\u00efsos Baixos"}],"texts":[{"type":"paragraph","text":"\u00c1lex Baena, Ayoze P\u00e9rez i Yeremy Pino han sigut convocats per la Selecci\u00f3 Espanyola per a disputar els quarts de final de la Nations League contra Pa\u00efsos Baixos."},{"type":"paragraph","text":"El conjunt entrenat per Luis de la Fuente, que comptar\u00e0 amb tres futbolistes del Submar\u00ed en les seues files, disputar\u00e0 el partit d\u2019anada el 20 de mar\u00e7, a partir de les 20.45 hores, en l\u2019Stadion Feijenoord de Rotterdam. D\u2019altra banda, la volta del torneig continental es jugar\u00e0 el 23 de mar\u00e7, tamb\u00e9 a les 20.45 hores, en l\u2019Estadi de Mestalla."}],"buttons":[],"images":[],"widgets":[],"blocks":[{"type":"heading","level":2,"text":"Els futbolistes del Villarreal disputaran els quarts de final de la Nations League davant Pa\u00efsos Baixos"},{"type":"paragraph","text":"\u00c1lex Baena, Ayoze P\u00e9rez i Yeremy Pino han sigut convocats per la Selecci\u00f3 Espanyola per a disputar els quarts de final de la Nations League contra Pa\u00efsos Baixos."},{"type":"paragraph","text":"El conjunt entrenat per Luis de la Fuente, que comptar\u00e0 amb tres futbolistes del Submar\u00ed en les seues files, disputar\u00e0 el partit d\u2019anada el 20 de mar\u00e7, a partir de les 20.45 hores, en l\u2019Stadion Feijenoord de Rotterdam. D\u2019altra banda, la volta del torneig continental es jugar\u00e0 el 23 de mar\u00e7, tamb\u00e9 a les 20.45 hores, en l\u2019Estadi de Mestalla."}]}},"sections":[{"id":"section-1","title":"Els futbolistes del Villarreal disputaran els quarts de final de la Nations League davant Pa\u00efsos Baixos","text":"Els futbolistes del Villarreal disputaran els quarts de final de la Nations League davant Pa\u00efsos Baixos \u00c1lex Baena, Ayoze P\u00e9rez i Yeremy Pino han sigut convocats per la Selecci\u00f3 Espanyola per a disputar els quarts de final de la Nations League contra Pa\u00efsos Baixos. El conjunt entrenat per Luis de la Fuente, que comptar\u00e0 amb tres futbolistes del Submar\u00ed en les seues files, disputar\u00e0 el partit d\u2019anada el 20 de mar\u00e7, a partir de les 20.45 hores, en l\u2019Stadion Feijenoord de Rotterdam. D\u2019altra banda, la volta del torneig continental es jugar\u00e0 el 23 de mar\u00e7, tamb\u00e9 a les 20.45 hores, en l\u2019Estadi de Mestalla.","url":"","background_image":"","images":[],"videos":[],"links":[]}]},"excerpt":{"rendered":"Els futbolistes del Villarreal disputaran els quarts de final de la Nations League davant Pa\u00efsos Baixos","protected":false},"author":33,"featured_media":582032,"comment_status":"closed","ping_status":"closed","sticky":false,"template":"","format":"standard","meta":{"_acf_changed":false,"footnotes":""},"categories":[13493],"tags":[14014,15908,717,9270,9380,716,9205,9627,9203,12622],"acf":null,"lang":"val","translations":{"es":582020,"val":582022,"en":582025},"essential_grid":{"has_grid":false},"formatted_date":"March 14, 2025","modified_date":"March 17, 2025","permalink":"https:\/\/villarrealcf.es\/val\/la-seleccio-espanyola-convoca-a-baena-ayoze-yeremy\/","reading_time":1,"featured_media_data":{"id":582032,"title":"VillarrealCF-RealValladolidCF-192","caption":"","alt_text":"","description":"","mime_type":"image\/jpeg","source_url":"https:\/\/villarrealcf.es\/wp-content\/uploads\/2025\/03\/VillarrealCF-RealValladolidCF-192.jpg","sizes":{"thumbnail":{"url":"https:\/\/villarrealcf.es\/wp-content\/uploads\/2025\/03\/VillarrealCF-RealValladolidCF-192-1920x1080.jpg","width":1920,"height":1080},"medium":{"url":"https:\/\/villarrealcf.es\/wp-content\/uploads\/2025\/03\/VillarrealCF-RealValladolidCF-192-1920x1080.jpg","width":1920,"height":1080},"medium_large":{"url":"https:\/\/villarrealcf.es\/wp-content\/uploads\/2025\/03\/VillarrealCF-RealValladolidCF-192-768x432.jpg","width":768,"height":432},"large":{"url":"https:\/\/villarrealcf.es\/wp-content\/uploads\/2025\/03\/VillarrealCF-RealValladolidCF-192-1920x1080.jpg","width":788,"height":443},"1536x1536":{"url":"https:\/\/villarrealcf.es\/wp-content\/uploads\/2025\/03\/VillarrealCF-RealValladolidCF-192-1536x864.jpg","width":1536,"height":864},"2048x2048":{"url":"https:\/\/villarrealcf.es\/wp-content\/uploads\/2025\/03\/VillarrealCF-RealValladolidCF-192-2048x1152.jpg","width":2048,"height":1152},"tp-image-grid":{"url":"https:\/\/villarrealcf.es\/wp-content\/uploads\/2025\/03\/VillarrealCF-RealValladolidCF-192-700x700.jpg","width":700,"height":700},"size-bunyad-medium":{"url":"https:\/\/villarrealcf.es\/wp-content\/uploads\/2025\/03\/VillarrealCF-RealValladolidCF-192-1920x1080.jpg","width":1920,"height":1080},"sportspress-crop-medium":{"url":"https:\/\/villarrealcf.es\/wp-content\/uploads\/2025\/03\/VillarrealCF-RealValladolidCF-192-300x300.jpg","width":300,"height":300},"sportspress-fit-medium":{"url":"https:\/\/villarrealcf.es\/wp-content\/uploads\/2025\/03\/VillarrealCF-RealValladolidCF-192-300x169.jpg","width":300,"height":169},"sportspress-fit-icon":{"url":"https:\/\/villarrealcf.es\/wp-content\/uploads\/2025\/03\/VillarrealCF-RealValladolidCF-192-128x72.jpg","width":128,"height":72},"sportspress-fit-mini":{"url":"https:\/\/villarrealcf.es\/wp-content\/uploads\/2025\/03\/VillarrealCF-RealValladolidCF-192-32x18.jpg","width":32,"height":18},"bunyad-small":{"url":"https:\/\/villarrealcf.es\/wp-content\/uploads\/2025\/03\/VillarrealCF-RealValladolidCF-192-150x84.jpg","width":150,"height":84},"bunyad-medium":{"url":"https:\/\/villarrealcf.es\/wp-content\/uploads\/2025\/03\/VillarrealCF-RealValladolidCF-192-450x253.jpg","width":450,"height":253},"bunyad-full":{"url":"https:\/\/villarrealcf.es\/wp-content\/uploads\/2025\/03\/VillarrealCF-RealValladolidCF-192-1200x675.jpg","width":1200,"height":675},"bunyad-viewport":{"url":"https:\/\/villarrealcf.es\/wp-content\/uploads\/2025\/03\/VillarrealCF-RealValladolidCF-192-2048x1152.jpg","width":2048,"height":1152},"bunyad-768":{"url":"https:\/\/villarrealcf.es\/wp-content\/uploads\/2025\/03\/VillarrealCF-RealValladolidCF-192-768x432.jpg","width":768,"height":432},"full":{"url":"https:\/\/villarrealcf.es\/wp-content\/uploads\/2025\/03\/VillarrealCF-RealValladolidCF-192.jpg","width":2386,"height":1342}}},"author_data":{"id":"33","name":"Nacho Tejada","first_name":"Nacho","last_name":"Tejada","description":"","avatar_url":"https:\/\/secure.gravatar.com\/avatar\/b1580534b2fcd93e031504756165758941290488df5c88966a26f84344931fd1?s=96&d=mm&r=g","acf":null},"taxonomies_data":{"category":[{"id":13493,"name":"Primer equip","slug":"primer-equip","acf":null}],"post_tag":[{"id":14014,"name":"\u00c1lex Baena","slug":"alex-baena-2-val","acf":null},{"id":15908,"name":"Ayoze P\u00e9rez","slug":"ayoze-perez-val","acf":null},{"id":717,"name":"Football","slug":"football-d34","acf":null},{"id":9270,"name":"Futbol","slug":"futbol-val","acf":null},{"id":9380,"name":"Selecci\u00f3n Espa\u00f1ola","slug":"seleccion-espanola-val","acf":null},{"id":716,"name":"Soccer","slug":"soccer-d105","acf":null},{"id":9205,"name":"Submarino","slug":"submarino-val","acf":null},{"id":9627,"name":"Submarino Amarillo","slug":"submarino-amarillo-val","acf":null},{"id":9203,"name":"Villarreal CF","slug":"villarreal-cf-val","acf":null},{"id":12622,"name":"Yeremy Pino","slug":"yeremy-pino-val","acf":null}],"translation_priority":[{"id":735,"name":"Optional","slug":"optional-val","acf":null}]},"seo_full":{"native":{"title":"La Selecci\u00f3 Espanyola convoca a Baena, Ayoze i Yeremy - Web Oficial del Villarreal CF","description":"Els futbolistes del Villarreal disputaran els quarts de final de la Nations League davant Pa\u00efsos Baixos","canonical":"https:\/\/villarrealcf.es\/val\/la-seleccio-espanyola-convoca-a-baena-ayoze-yeremy\/"}},"_links":{"self":[{"href":"https:\/\/villarrealcf.es\/val\/wp-json\/wp\/v2\/posts\/582022","targetHints":{"allow":["GET"]}}],"collection":[{"href":"https:\/\/villarrealcf.es\/val\/wp-json\/wp\/v2\/posts"}],"about":[{"href":"https:\/\/villarrealcf.es\/val\/wp-json\/wp\/v2\/types\/post"}],"author":[{"embeddable":true,"href":"https:\/\/villarrealcf.es\/val\/wp-json\/wp\/v2\/users\/33"}],"replies":[{"embeddable":true,"href":"https:\/\/villarrealcf.es\/val\/wp-json\/wp\/v2\/comments?post=582022"}],"version-history":[{"count":0,"href":"https:\/\/villarrealcf.es\/val\/wp-json\/wp\/v2\/posts\/582022\/revisions"}],"wp:featuredmedia":[{"embeddable":true,"href":"https:\/\/villarrealcf.es\/val\/wp-json\/wp\/v2\/media\/582032"}],"wp:attachment":[{"href":"https:\/\/villarrealcf.es\/val\/wp-json\/wp\/v2\/media?parent=582022"}],"wp:term":[{"taxonomy":"category","embeddable":true,"href":"https:\/\/villarrealcf.es\/val\/wp-json\/wp\/v2\/categories?post=582022"},{"taxonomy":"post_tag","embeddable":true,"href":"https:\/\/villarrealcf.es\/val\/wp-json\/wp\/v2\/tags?post=582022"}],"curies":[{"name":"wp","href":"https:\/\/api.w.org\/{rel}","templated":true}]}}