{"id":580671,"date":"2025-03-06T17:06:40","date_gmt":"2025-03-06T16:06:40","guid":{"rendered":"https:\/\/villarrealcf.es\/anima-al-villarreal-en-el-coliseum\/"},"modified":"2025-03-06T17:17:34","modified_gmt":"2025-03-06T16:17:34","slug":"anima-al-villarreal-en-el-coliseum","status":"publish","type":"post","link":"https:\/\/villarrealcf.es\/val\/anima-al-villarreal-en-el-coliseum\/","title":{"rendered":"Anima al Villarreal en el Coliseum!"},"content":{"protected":false,"blocks":[{"type":"heading","level":2,"text":"Els aficionats grocs ja poden comprar la seua entrada per al partit davant el Getafe CF"},{"type":"paragraph","text":"El Villarreal CF ha activat la venda d\u2019entrades visitants per al partit contra el Getafe CF, corresponent a la jornada 29 de LALIGA EA Sports, que es jugar\u00e0 el diumenge 30 de mar\u00e7, a les 14.00h, en l\u2019Estadio Coliseum."},{"type":"paragraph","text":"Les localitats es poden adquirir per 30 euros a les Tendes Oficials del Villarreal CF. La venda d\u2019entrades romandr\u00e0 activa fins al dijous 27 de mar\u00e7, a les 10.00 hores, o fins a esgotar exist\u00e8ncies."},{"type":"paragraph","text":"La compra d\u2019entrades visitants per al partit davant el Getafe CF ser\u00e0 exclusiva per a abonats, simpatitzants i pe\u00f1istas. Els seguidors que visquen fora de la prov\u00edncia de Castell\u00f3 poden escriure al correu: taquillas@villarrealcf.es"},{"type":"paragraph","text":"Els horaris dels Tendes Oficials s\u00f3n els seg\u00fcents:"},{"type":"list","style":"ul","items":["Tenda Oficial del centre: dilluns a divendres, de 10.00 a 14.00 i de 16.00 a 20.00 hores.","Tenda Oficial Estadio de la Cer\u00e1mica: dilluns a dissabte, de 10.00 a 20.00 hores i diumenges, de 10.00 a 14.00 hores."]}],"structured":{"summary":{"text":"Els aficionats grocs ja poden comprar la seua entrada per al partit davant el Getafe CF El Villarreal CF ha activat la venda d\u2019entrades visitants per al partit contra el Getafe CF, corresponent a la jornada 29 de LALIGA EA Sports, que es jugar\u00e0 el diumenge 30 de mar\u00e7, a les 14.00h, en l\u2019Estadio Coliseum. Les localitats es poden adquirir per 30 euros a les Tendes Oficials del Villarreal CF. La venda d\u2019entrades romandr\u00e0 activa fins al dijous 27 de mar\u00e7, a les 10.00 hores, o fins a esgotar exist\u00e8ncies. La compra d\u2019entrades visitants per al partit davant el Getafe CF ser\u00e0 exclusiva per a abonats, simpatitzants i pe\u00f1istas. Els seguidors que visquen fora de la prov\u00edncia de Castell\u00f3 poden escriure al correu: taquillas@villarrealcf.es Els horaris dels Tendes Oficials s\u00f3n els seg\u00fcents: Tenda Oficial del centre: dilluns a divendres, de 10.00 a 14.00 i de 16.00 a 20.00 hores. Tenda Oficial Estadio de la Cer\u00e1mica: dilluns a dissabte, de 10.00 a 20.00 hores i diumenges, de 10.00 a 14.00 hores.","headings":[{"type":"heading","level":2,"text":"Els aficionats grocs ja poden comprar la seua entrada per al partit davant el Getafe CF"}],"buttons":[],"images":[],"counts":{"blocks":6,"headings":1,"texts":4,"buttons":0,"images":0}},"sections":[{"id":"section-1","title":"Els aficionats grocs ja poden comprar la seua entrada per al partit davant el Getafe CF","text":"Els aficionats grocs ja poden comprar la seua entrada per al partit davant el Getafe CF El Villarreal CF ha activat la venda d\u2019entrades visitants per al partit contra el Getafe CF, corresponent a la jornada 29 de LALIGA EA Sports, que es jugar\u00e0 el diumenge 30 de mar\u00e7, a les 14.00h, en l\u2019Estadio Coliseum. Les localitats es poden adquirir per 30 euros a les Tendes Oficials del Villarreal CF. La venda d\u2019entrades romandr\u00e0 activa fins al dijous 27 de mar\u00e7, a les 10.00 hores, o fins a esgotar exist\u00e8ncies. La compra d\u2019entrades visitants per al partit davant el Getafe CF ser\u00e0 exclusiva per a abonats, simpatitzants i pe\u00f1istas. Els seguidors que visquen fora de la prov\u00edncia de Castell\u00f3 poden escriure al correu: taquillas@villarrealcf.es Els horaris dels Tendes Oficials s\u00f3n els seg\u00fcents:","headings":[{"type":"heading","level":2,"text":"Els aficionats grocs ja poden comprar la seua entrada per al partit davant el Getafe CF"}],"texts":[{"type":"paragraph","text":"El Villarreal CF ha activat la venda d\u2019entrades visitants per al partit contra el Getafe CF, corresponent a la jornada 29 de LALIGA EA Sports, que es jugar\u00e0 el diumenge 30 de mar\u00e7, a les 14.00h, en l\u2019Estadio Coliseum."},{"type":"paragraph","text":"Les localitats es poden adquirir per 30 euros a les Tendes Oficials del Villarreal CF. La venda d\u2019entrades romandr\u00e0 activa fins al dijous 27 de mar\u00e7, a les 10.00 hores, o fins a esgotar exist\u00e8ncies."},{"type":"paragraph","text":"La compra d\u2019entrades visitants per al partit davant el Getafe CF ser\u00e0 exclusiva per a abonats, simpatitzants i pe\u00f1istas. Els seguidors que visquen fora de la prov\u00edncia de Castell\u00f3 poden escriure al correu: taquillas@villarrealcf.es"},{"type":"paragraph","text":"Els horaris dels Tendes Oficials s\u00f3n els seg\u00fcents:"}],"buttons":[],"images":[],"widgets":[],"blocks":[{"type":"heading","level":2,"text":"Els aficionats grocs ja poden comprar la seua entrada per al partit davant el Getafe CF"},{"type":"paragraph","text":"El Villarreal CF ha activat la venda d\u2019entrades visitants per al partit contra el Getafe CF, corresponent a la jornada 29 de LALIGA EA Sports, que es jugar\u00e0 el diumenge 30 de mar\u00e7, a les 14.00h, en l\u2019Estadio Coliseum."},{"type":"paragraph","text":"Les localitats es poden adquirir per 30 euros a les Tendes Oficials del Villarreal CF. La venda d\u2019entrades romandr\u00e0 activa fins al dijous 27 de mar\u00e7, a les 10.00 hores, o fins a esgotar exist\u00e8ncies."},{"type":"paragraph","text":"La compra d\u2019entrades visitants per al partit davant el Getafe CF ser\u00e0 exclusiva per a abonats, simpatitzants i pe\u00f1istas. Els seguidors que visquen fora de la prov\u00edncia de Castell\u00f3 poden escriure al correu: taquillas@villarrealcf.es"},{"type":"paragraph","text":"Els horaris dels Tendes Oficials s\u00f3n els seg\u00fcents:"},{"type":"list","style":"ul","items":["Tenda Oficial del centre: dilluns a divendres, de 10.00 a 14.00 i de 16.00 a 20.00 hores.","Tenda Oficial Estadio de la Cer\u00e1mica: dilluns a dissabte, de 10.00 a 20.00 hores i diumenges, de 10.00 a 14.00 hores."]}]}],"hero":{"id":"section-1","title":"Els aficionats grocs ja poden comprar la seua entrada per al partit davant el Getafe CF","text":"Els aficionats grocs ja poden comprar la seua entrada per al partit davant el Getafe CF El Villarreal CF ha activat la venda d\u2019entrades visitants per al partit contra el Getafe CF, corresponent a la jornada 29 de LALIGA EA Sports, que es jugar\u00e0 el diumenge 30 de mar\u00e7, a les 14.00h, en l\u2019Estadio Coliseum. Les localitats es poden adquirir per 30 euros a les Tendes Oficials del Villarreal CF. La venda d\u2019entrades romandr\u00e0 activa fins al dijous 27 de mar\u00e7, a les 10.00 hores, o fins a esgotar exist\u00e8ncies. La compra d\u2019entrades visitants per al partit davant el Getafe CF ser\u00e0 exclusiva per a abonats, simpatitzants i pe\u00f1istas. Els seguidors que visquen fora de la prov\u00edncia de Castell\u00f3 poden escriure al correu: taquillas@villarrealcf.es Els horaris dels Tendes Oficials s\u00f3n els seg\u00fcents:","headings":[{"type":"heading","level":2,"text":"Els aficionats grocs ja poden comprar la seua entrada per al partit davant el Getafe CF"}],"texts":[{"type":"paragraph","text":"El Villarreal CF ha activat la venda d\u2019entrades visitants per al partit contra el Getafe CF, corresponent a la jornada 29 de LALIGA EA Sports, que es jugar\u00e0 el diumenge 30 de mar\u00e7, a les 14.00h, en l\u2019Estadio Coliseum."},{"type":"paragraph","text":"Les localitats es poden adquirir per 30 euros a les Tendes Oficials del Villarreal CF. La venda d\u2019entrades romandr\u00e0 activa fins al dijous 27 de mar\u00e7, a les 10.00 hores, o fins a esgotar exist\u00e8ncies."},{"type":"paragraph","text":"La compra d\u2019entrades visitants per al partit davant el Getafe CF ser\u00e0 exclusiva per a abonats, simpatitzants i pe\u00f1istas. Els seguidors que visquen fora de la prov\u00edncia de Castell\u00f3 poden escriure al correu: taquillas@villarrealcf.es"},{"type":"paragraph","text":"Els horaris dels Tendes Oficials s\u00f3n els seg\u00fcents:"}],"buttons":[],"images":[],"widgets":[],"blocks":[{"type":"heading","level":2,"text":"Els aficionats grocs ja poden comprar la seua entrada per al partit davant el Getafe CF"},{"type":"paragraph","text":"El Villarreal CF ha activat la venda d\u2019entrades visitants per al partit contra el Getafe CF, corresponent a la jornada 29 de LALIGA EA Sports, que es jugar\u00e0 el diumenge 30 de mar\u00e7, a les 14.00h, en l\u2019Estadio Coliseum."},{"type":"paragraph","text":"Les localitats es poden adquirir per 30 euros a les Tendes Oficials del Villarreal CF. La venda d\u2019entrades romandr\u00e0 activa fins al dijous 27 de mar\u00e7, a les 10.00 hores, o fins a esgotar exist\u00e8ncies."},{"type":"paragraph","text":"La compra d\u2019entrades visitants per al partit davant el Getafe CF ser\u00e0 exclusiva per a abonats, simpatitzants i pe\u00f1istas. Els seguidors que visquen fora de la prov\u00edncia de Castell\u00f3 poden escriure al correu: taquillas@villarrealcf.es"},{"type":"paragraph","text":"Els horaris dels Tendes Oficials s\u00f3n els seg\u00fcents:"},{"type":"list","style":"ul","items":["Tenda Oficial del centre: dilluns a divendres, de 10.00 a 14.00 i de 16.00 a 20.00 hores.","Tenda Oficial Estadio de la Cer\u00e1mica: dilluns a dissabte, de 10.00 a 20.00 hores i diumenges, de 10.00 a 14.00 hores."]}]}},"sections":[{"id":"section-1","title":"Els aficionats grocs ja poden comprar la seua entrada per al partit davant el Getafe CF","text":"Els aficionats grocs ja poden comprar la seua entrada per al partit davant el Getafe CF El Villarreal CF ha activat la venda d\u2019entrades visitants per al partit contra el Getafe CF, corresponent a la jornada 29 de LALIGA EA Sports, que es jugar\u00e0 el diumenge 30 de mar\u00e7, a les 14.00h, en l\u2019Estadio Coliseum. Les localitats es poden adquirir per 30 euros a les Tendes Oficials del Villarreal CF. La venda d\u2019entrades romandr\u00e0 activa fins al dijous 27 de mar\u00e7, a les 10.00 hores, o fins a esgotar exist\u00e8ncies. La compra d\u2019entrades visitants per al partit davant el Getafe CF ser\u00e0 exclusiva per a abonats, simpatitzants i pe\u00f1istas. Els seguidors que visquen fora de la prov\u00edncia de Castell\u00f3 poden escriure al correu: taquillas@villarrealcf.es Els horaris dels Tendes Oficials s\u00f3n els seg\u00fcents:","url":"","background_image":"","images":[],"videos":[],"links":[]}]},"excerpt":{"rendered":"Els aficionats grocs ja poden comprar la seua entrada per al partit davant el Getafe CF","protected":false},"author":25,"featured_media":580669,"comment_status":"closed","ping_status":"closed","sticky":false,"template":"","format":"standard","meta":{"_acf_changed":false,"footnotes":""},"categories":[13493],"tags":[16319,717,16198,9717,9278,9205,13556,14194,13557],"acf":null,"lang":"val","translations":{"es":580666,"val":580671,"en":580693},"essential_grid":{"has_grid":false},"formatted_date":"March 6, 2025","modified_date":"March 6, 2025","permalink":"https:\/\/villarrealcf.es\/val\/anima-al-villarreal-en-el-coliseum\/","reading_time":1,"featured_media_data":{"id":580669,"title":"CELEBRACION LOGAN COSTA AYOZE BAENA","caption":"","alt_text":"","description":"","mime_type":"image\/jpeg","source_url":"https:\/\/villarrealcf.es\/wp-content\/uploads\/2025\/03\/Getafe.jpg","sizes":{"thumbnail":{"url":"https:\/\/villarrealcf.es\/wp-content\/uploads\/2025\/03\/Getafe.jpg","width":1920,"height":1080},"medium":{"url":"https:\/\/villarrealcf.es\/wp-content\/uploads\/2025\/03\/Getafe.jpg","width":1920,"height":1080},"medium_large":{"url":"https:\/\/villarrealcf.es\/wp-content\/uploads\/2025\/03\/Getafe-768x432.jpg","width":768,"height":432},"large":{"url":"https:\/\/villarrealcf.es\/wp-content\/uploads\/2025\/03\/Getafe.jpg","width":788,"height":443},"1536x1536":{"url":"https:\/\/villarrealcf.es\/wp-content\/uploads\/2025\/03\/Getafe-1536x864.jpg","width":1536,"height":864},"2048x2048":{"url":"https:\/\/villarrealcf.es\/wp-content\/uploads\/2025\/03\/Getafe.jpg","width":1920,"height":1080},"tp-image-grid":{"url":"https:\/\/villarrealcf.es\/wp-content\/uploads\/2025\/03\/Getafe-700x700.jpg","width":700,"height":700},"size-bunyad-medium":{"url":"https:\/\/villarrealcf.es\/wp-content\/uploads\/2025\/03\/Getafe.jpg","width":1920,"height":1080},"sportspress-crop-medium":{"url":"https:\/\/villarrealcf.es\/wp-content\/uploads\/2025\/03\/Getafe-300x300.jpg","width":300,"height":300},"sportspress-fit-medium":{"url":"https:\/\/villarrealcf.es\/wp-content\/uploads\/2025\/03\/Getafe-300x169.jpg","width":300,"height":169},"sportspress-fit-icon":{"url":"https:\/\/villarrealcf.es\/wp-content\/uploads\/2025\/03\/Getafe-128x72.jpg","width":128,"height":72},"sportspress-fit-mini":{"url":"https:\/\/villarrealcf.es\/wp-content\/uploads\/2025\/03\/Getafe-32x18.jpg","width":32,"height":18},"bunyad-small":{"url":"https:\/\/villarrealcf.es\/wp-content\/uploads\/2025\/03\/Getafe-150x84.jpg","width":150,"height":84},"bunyad-medium":{"url":"https:\/\/villarrealcf.es\/wp-content\/uploads\/2025\/03\/Getafe-450x253.jpg","width":450,"height":253},"bunyad-full":{"url":"https:\/\/villarrealcf.es\/wp-content\/uploads\/2025\/03\/Getafe-1200x675.jpg","width":1200,"height":675},"bunyad-viewport":{"url":"https:\/\/villarrealcf.es\/wp-content\/uploads\/2025\/03\/Getafe.jpg","width":1920,"height":1080},"bunyad-768":{"url":"https:\/\/villarrealcf.es\/wp-content\/uploads\/2025\/03\/Getafe-768x432.jpg","width":768,"height":432},"full":{"url":"https:\/\/villarrealcf.es\/wp-content\/uploads\/2025\/03\/Getafe.jpg","width":1920,"height":1080}}},"author_data":{"id":"25","name":"Javier Ayuso","first_name":"Javier","last_name":"Ayuso","description":"","avatar_url":"https:\/\/secure.gravatar.com\/avatar\/fcf8894be45988fcce5bbff0efe1790d2a7f4ba57e2c7c898f5068154e696495?s=96&d=mm&r=g","acf":null},"taxonomies_data":{"category":[{"id":13493,"name":"Primer equip","slug":"primer-equip","acf":null}],"post_tag":[{"id":16319,"name":"Estadio Coliseum","slug":"estadio-coliseum-val","acf":null},{"id":717,"name":"Football","slug":"football-d34","acf":null},{"id":16198,"name":"F\u00fatbol","slug":"futbol-3-val","acf":null},{"id":9717,"name":"Getafe CF","slug":"getafe-cf-val","acf":null},{"id":9278,"name":"primera division","slug":"primera-division-val","acf":null},{"id":9205,"name":"Submarino","slug":"submarino-val","acf":null},{"id":13556,"name":"Submarino Amarillo","slug":"submarino-amarillo-val-2","acf":null},{"id":14194,"name":"Venta de entradas","slug":"venta-de-entradas-2-val","acf":null},{"id":13557,"name":"Villarreal CF","slug":"villarreal-cf-val-2","acf":null}],"translation_priority":[{"id":735,"name":"Optional","slug":"optional-val","acf":null}]},"seo_full":{"native":{"title":"Anima al Villarreal en el Coliseum! - Web Oficial del Villarreal CF","description":"Els aficionats grocs ja poden comprar la seua entrada per al partit davant el Getafe CF","canonical":"https:\/\/villarrealcf.es\/val\/anima-al-villarreal-en-el-coliseum\/"}},"_links":{"self":[{"href":"https:\/\/villarrealcf.es\/val\/wp-json\/wp\/v2\/posts\/580671","targetHints":{"allow":["GET"]}}],"collection":[{"href":"https:\/\/villarrealcf.es\/val\/wp-json\/wp\/v2\/posts"}],"about":[{"href":"https:\/\/villarrealcf.es\/val\/wp-json\/wp\/v2\/types\/post"}],"author":[{"embeddable":true,"href":"https:\/\/villarrealcf.es\/val\/wp-json\/wp\/v2\/users\/25"}],"replies":[{"embeddable":true,"href":"https:\/\/villarrealcf.es\/val\/wp-json\/wp\/v2\/comments?post=580671"}],"version-history":[{"count":0,"href":"https:\/\/villarrealcf.es\/val\/wp-json\/wp\/v2\/posts\/580671\/revisions"}],"wp:featuredmedia":[{"embeddable":true,"href":"https:\/\/villarrealcf.es\/val\/wp-json\/wp\/v2\/media\/580669"}],"wp:attachment":[{"href":"https:\/\/villarrealcf.es\/val\/wp-json\/wp\/v2\/media?parent=580671"}],"wp:term":[{"taxonomy":"category","embeddable":true,"href":"https:\/\/villarrealcf.es\/val\/wp-json\/wp\/v2\/categories?post=580671"},{"taxonomy":"post_tag","embeddable":true,"href":"https:\/\/villarrealcf.es\/val\/wp-json\/wp\/v2\/tags?post=580671"}],"curies":[{"name":"wp","href":"https:\/\/api.w.org\/{rel}","templated":true}]}}