{"id":337033,"date":"2025-02-15T21:44:00","date_gmt":"2025-02-15T20:44:00","guid":{"rendered":"https:\/\/villarrealcf.es\/marcelino-es-una-pena-que-se-nos-vayan-dos-puntos-de-esta-manera\/"},"modified":"2025-02-15T23:47:31","modified_gmt":"2025-02-15T22:47:31","slug":"marcelino-es-una-pena-que-sens-vagen-dos-punts-desta-manera","status":"publish","type":"post","link":"https:\/\/villarrealcf.es\/val\/marcelino-es-una-pena-que-sens-vagen-dos-punts-desta-manera\/","title":{"rendered":"Marcelino: \u201c\u00c9s una pena que se&#8217;ns vagen dos punts d&#8217;esta manera\u201d"},"content":{"protected":false,"blocks":[{"type":"heading","level":2,"text":"El t\u00e8cnic asturi\u00e0 ha lamentat l\u2019empat en el tram final del partit"},{"type":"paragraph","text":"L\u2019entrenador del Villarreal, Marcelino Garc\u00eda Toral, ha comparegut davant els mitjans de comunicaci\u00f3 despr\u00e9s de l\u2019empat del seu equip enfront del Valencia CF (1-1) en el derbi disputat en l\u2019Estadio de la Cer\u00e1mica."},{"type":"paragraph","text":"El t\u00e8cnic asturi\u00e0 ha fet balan\u00e7 del rendiment del seu equip en un igualat derbi enfront del Valencia CF, lamentant l\u2019empat al final del xoc: \u201cEl rival no ens inquietava ni ens generava perill i, al final, amb una pilota a l\u2019esquena, encaixem l\u2019\u00fanic gol, fruit d\u2019un desajustament. Malgrat aix\u00f2, ha estat b\u00e9. Hem tingut un bon ritme de joc i m\u00e9s opcions de gol, amb domini, com dic una pena que no es confirme la vict\u00f2ria. Una pena que se\u2019ns vagen dos punts d\u2019esta manera i no deixar la porteria a zero quan el rival no t\u2019estava creant\u201d."},{"type":"paragraph","text":"En la mateixa l\u00ednia, Marcelino ha lamentat que arribara el gol de l\u2019empat en el tram final del partit despr\u00e9s d\u2019una pilota frontal a l\u2019espai: \u201cNo hem protegit la nostra esquena, el val\u00e8ncia intenta fer mal ac\u00ed, una presa de decisi\u00f3 tardana que provoca el seu gol\u201d."},{"type":"paragraph","text":"Marcelino ha destacat la volta de Nicolas Pepe a l\u2019onze inicial, aix\u00ed com la titularitat del canterano Pau Navarro: \u201cNicolas Pepe necessita jugar. Ho necessitem. \u00e9s un futbolista que ens ajudar\u00e0 molt. Sobre Pau, \u00e9s un jugador que ve jugant en eixa posici\u00f3 habitualment, \u00e9s quasi un central en l\u2019inici de joc. Estem satisfets amb la seua aparici\u00f3 i el seu rendiment\u201d."},{"type":"paragraph","text":"A continuaci\u00f3, pots escoltar la roda de premsa completa de Marcelino Garc\u00eda Toral:"},{"type":"video","kind":"iframe","url":"https:\/\/www.youtube.com\/embed\/KFf2NPH9e_0?feature=oembed","poster":""}],"structured":{"summary":{"text":"El t\u00e8cnic asturi\u00e0 ha lamentat l\u2019empat en el tram final del partit L\u2019entrenador del Villarreal, Marcelino Garc\u00eda Toral, ha comparegut davant els mitjans de comunicaci\u00f3 despr\u00e9s de l\u2019empat del seu equip enfront del Valencia CF (1-1) en el derbi disputat en l\u2019Estadio de la Cer\u00e1mica. El t\u00e8cnic asturi\u00e0 ha fet balan\u00e7 del rendiment del seu equip en un igualat derbi enfront del Valencia CF, lamentant l\u2019empat al final del xoc: \u201cEl rival no ens inquietava ni ens generava perill i, al final, amb una pilota a l\u2019esquena, encaixem l\u2019\u00fanic gol, fruit d\u2019un desajustament. Malgrat aix\u00f2, ha estat b\u00e9. Hem tingut un bon ritme de joc i m\u00e9s opcions de gol, amb domini, com dic una pena que no es confirme la vict\u00f2ria. Una pena que se\u2019ns vagen dos punts d\u2019esta manera i no deixar la porteria a zero quan el rival no t\u2019estava creant\u201d. En la mateixa l\u00ednia, Marcelino ha lamentat que arribara el gol de l\u2019empat en el tram final del partit despr\u00e9s d\u2019una pilota frontal a l\u2019espai: \u201cNo hem protegit la nostra esquena, el val\u00e8ncia intenta fer mal ac\u00ed, una presa de decisi\u00f3 tardana que provoca el seu gol\u201d. Marcelino ha destacat la volta de Nicolas Pepe a l\u2019onze inicial, aix\u00ed com la titularitat del canterano Pau Navarro: \u201cNicolas Pepe necessita jugar. Ho necessitem. \u00e9s un futbolista que ens ajudar\u00e0 molt. Sobre Pau, \u00e9s un jugador que ve jugant en eixa posici\u00f3 habitualment, \u00e9s quasi un central en l\u2019inici de joc. Estem satisfets amb la seua aparici\u00f3 i el seu rendiment\u201d. A continuaci\u00f3, pots escoltar la roda de premsa completa de Marcelino Garc\u00eda Toral:","headings":[{"type":"heading","level":2,"text":"El t\u00e8cnic asturi\u00e0 ha lamentat l\u2019empat en el tram final del partit"}],"buttons":[],"images":[],"counts":{"blocks":7,"headings":1,"texts":5,"buttons":0,"images":0}},"sections":[{"id":"section-1","title":"El t\u00e8cnic asturi\u00e0 ha lamentat l\u2019empat en el tram final del partit","text":"El t\u00e8cnic asturi\u00e0 ha lamentat l\u2019empat en el tram final del partit L\u2019entrenador del Villarreal, Marcelino Garc\u00eda Toral, ha comparegut davant els mitjans de comunicaci\u00f3 despr\u00e9s de l\u2019empat del seu equip enfront del Valencia CF (1-1) en el derbi disputat en l\u2019Estadio de la Cer\u00e1mica. El t\u00e8cnic asturi\u00e0 ha fet balan\u00e7 del rendiment del seu equip en un igualat derbi enfront del Valencia CF, lamentant l\u2019empat al final del xoc: \u201cEl rival no ens inquietava ni ens generava perill i, al final, amb una pilota a l\u2019esquena, encaixem l\u2019\u00fanic gol, fruit d\u2019un desajustament. Malgrat aix\u00f2, ha estat b\u00e9. Hem tingut un bon ritme de joc i m\u00e9s opcions de gol, amb domini, com dic una pena que no es confirme la vict\u00f2ria. Una pena que se\u2019ns vagen dos punts d\u2019esta manera i no deixar la porteria a zero quan el rival no t\u2019estava creant\u201d. En la mateixa l\u00ednia, Marcelino ha lamentat que arribara el gol de l\u2019empat en el tram final del partit despr\u00e9s d\u2019una pilota frontal a l\u2019espai: \u201cNo hem protegit la nostra esquena, el val\u00e8ncia intenta fer mal ac\u00ed, una presa de decisi\u00f3 tardana que provoca el seu gol\u201d. Marcelino ha destacat la volta de Nicolas Pepe a l\u2019onze inicial, aix\u00ed com la titularitat del canterano Pau Navarro: \u201cNicolas Pepe necessita jugar. Ho necessitem. \u00e9s un futbolista que ens ajudar\u00e0 molt. Sobre Pau, \u00e9s un jugador que ve jugant en eixa posici\u00f3 habitualment, \u00e9s quasi un central en l\u2019inici de joc. Estem satisfets amb la seua aparici\u00f3 i el seu rendiment\u201d. A continuaci\u00f3, pots escoltar la roda de premsa completa de Marcelino Garc\u00eda Toral:","headings":[{"type":"heading","level":2,"text":"El t\u00e8cnic asturi\u00e0 ha lamentat l\u2019empat en el tram final del partit"}],"texts":[{"type":"paragraph","text":"L\u2019entrenador del Villarreal, Marcelino Garc\u00eda Toral, ha comparegut davant els mitjans de comunicaci\u00f3 despr\u00e9s de l\u2019empat del seu equip enfront del Valencia CF (1-1) en el derbi disputat en l\u2019Estadio de la Cer\u00e1mica."},{"type":"paragraph","text":"El t\u00e8cnic asturi\u00e0 ha fet balan\u00e7 del rendiment del seu equip en un igualat derbi enfront del Valencia CF, lamentant l\u2019empat al final del xoc: \u201cEl rival no ens inquietava ni ens generava perill i, al final, amb una pilota a l\u2019esquena, encaixem l\u2019\u00fanic gol, fruit d\u2019un desajustament. Malgrat aix\u00f2, ha estat b\u00e9. Hem tingut un bon ritme de joc i m\u00e9s opcions de gol, amb domini, com dic una pena que no es confirme la vict\u00f2ria. Una pena que se\u2019ns vagen dos punts d\u2019esta manera i no deixar la porteria a zero quan el rival no t\u2019estava creant\u201d."},{"type":"paragraph","text":"En la mateixa l\u00ednia, Marcelino ha lamentat que arribara el gol de l\u2019empat en el tram final del partit despr\u00e9s d\u2019una pilota frontal a l\u2019espai: \u201cNo hem protegit la nostra esquena, el val\u00e8ncia intenta fer mal ac\u00ed, una presa de decisi\u00f3 tardana que provoca el seu gol\u201d."},{"type":"paragraph","text":"Marcelino ha destacat la volta de Nicolas Pepe a l\u2019onze inicial, aix\u00ed com la titularitat del canterano Pau Navarro: \u201cNicolas Pepe necessita jugar. Ho necessitem. \u00e9s un futbolista que ens ajudar\u00e0 molt. Sobre Pau, \u00e9s un jugador que ve jugant en eixa posici\u00f3 habitualment, \u00e9s quasi un central en l\u2019inici de joc. Estem satisfets amb la seua aparici\u00f3 i el seu rendiment\u201d."},{"type":"paragraph","text":"A continuaci\u00f3, pots escoltar la roda de premsa completa de Marcelino Garc\u00eda Toral:"}],"buttons":[],"images":[],"widgets":[],"blocks":[{"type":"heading","level":2,"text":"El t\u00e8cnic asturi\u00e0 ha lamentat l\u2019empat en el tram final del partit"},{"type":"paragraph","text":"L\u2019entrenador del Villarreal, Marcelino Garc\u00eda Toral, ha comparegut davant els mitjans de comunicaci\u00f3 despr\u00e9s de l\u2019empat del seu equip enfront del Valencia CF (1-1) en el derbi disputat en l\u2019Estadio de la Cer\u00e1mica."},{"type":"paragraph","text":"El t\u00e8cnic asturi\u00e0 ha fet balan\u00e7 del rendiment del seu equip en un igualat derbi enfront del Valencia CF, lamentant l\u2019empat al final del xoc: \u201cEl rival no ens inquietava ni ens generava perill i, al final, amb una pilota a l\u2019esquena, encaixem l\u2019\u00fanic gol, fruit d\u2019un desajustament. Malgrat aix\u00f2, ha estat b\u00e9. Hem tingut un bon ritme de joc i m\u00e9s opcions de gol, amb domini, com dic una pena que no es confirme la vict\u00f2ria. Una pena que se\u2019ns vagen dos punts d\u2019esta manera i no deixar la porteria a zero quan el rival no t\u2019estava creant\u201d."},{"type":"paragraph","text":"En la mateixa l\u00ednia, Marcelino ha lamentat que arribara el gol de l\u2019empat en el tram final del partit despr\u00e9s d\u2019una pilota frontal a l\u2019espai: \u201cNo hem protegit la nostra esquena, el val\u00e8ncia intenta fer mal ac\u00ed, una presa de decisi\u00f3 tardana que provoca el seu gol\u201d."},{"type":"paragraph","text":"Marcelino ha destacat la volta de Nicolas Pepe a l\u2019onze inicial, aix\u00ed com la titularitat del canterano Pau Navarro: \u201cNicolas Pepe necessita jugar. Ho necessitem. \u00e9s un futbolista que ens ajudar\u00e0 molt. Sobre Pau, \u00e9s un jugador que ve jugant en eixa posici\u00f3 habitualment, \u00e9s quasi un central en l\u2019inici de joc. Estem satisfets amb la seua aparici\u00f3 i el seu rendiment\u201d."},{"type":"paragraph","text":"A continuaci\u00f3, pots escoltar la roda de premsa completa de Marcelino Garc\u00eda Toral:"},{"type":"video","kind":"iframe","url":"https:\/\/www.youtube.com\/embed\/KFf2NPH9e_0?feature=oembed","poster":""}]}],"hero":{"id":"section-1","title":"El t\u00e8cnic asturi\u00e0 ha lamentat l\u2019empat en el tram final del partit","text":"El t\u00e8cnic asturi\u00e0 ha lamentat l\u2019empat en el tram final del partit L\u2019entrenador del Villarreal, Marcelino Garc\u00eda Toral, ha comparegut davant els mitjans de comunicaci\u00f3 despr\u00e9s de l\u2019empat del seu equip enfront del Valencia CF (1-1) en el derbi disputat en l\u2019Estadio de la Cer\u00e1mica. El t\u00e8cnic asturi\u00e0 ha fet balan\u00e7 del rendiment del seu equip en un igualat derbi enfront del Valencia CF, lamentant l\u2019empat al final del xoc: \u201cEl rival no ens inquietava ni ens generava perill i, al final, amb una pilota a l\u2019esquena, encaixem l\u2019\u00fanic gol, fruit d\u2019un desajustament. Malgrat aix\u00f2, ha estat b\u00e9. Hem tingut un bon ritme de joc i m\u00e9s opcions de gol, amb domini, com dic una pena que no es confirme la vict\u00f2ria. Una pena que se\u2019ns vagen dos punts d\u2019esta manera i no deixar la porteria a zero quan el rival no t\u2019estava creant\u201d. En la mateixa l\u00ednia, Marcelino ha lamentat que arribara el gol de l\u2019empat en el tram final del partit despr\u00e9s d\u2019una pilota frontal a l\u2019espai: \u201cNo hem protegit la nostra esquena, el val\u00e8ncia intenta fer mal ac\u00ed, una presa de decisi\u00f3 tardana que provoca el seu gol\u201d. Marcelino ha destacat la volta de Nicolas Pepe a l\u2019onze inicial, aix\u00ed com la titularitat del canterano Pau Navarro: \u201cNicolas Pepe necessita jugar. Ho necessitem. \u00e9s un futbolista que ens ajudar\u00e0 molt. Sobre Pau, \u00e9s un jugador que ve jugant en eixa posici\u00f3 habitualment, \u00e9s quasi un central en l\u2019inici de joc. Estem satisfets amb la seua aparici\u00f3 i el seu rendiment\u201d. A continuaci\u00f3, pots escoltar la roda de premsa completa de Marcelino Garc\u00eda Toral:","headings":[{"type":"heading","level":2,"text":"El t\u00e8cnic asturi\u00e0 ha lamentat l\u2019empat en el tram final del partit"}],"texts":[{"type":"paragraph","text":"L\u2019entrenador del Villarreal, Marcelino Garc\u00eda Toral, ha comparegut davant els mitjans de comunicaci\u00f3 despr\u00e9s de l\u2019empat del seu equip enfront del Valencia CF (1-1) en el derbi disputat en l\u2019Estadio de la Cer\u00e1mica."},{"type":"paragraph","text":"El t\u00e8cnic asturi\u00e0 ha fet balan\u00e7 del rendiment del seu equip en un igualat derbi enfront del Valencia CF, lamentant l\u2019empat al final del xoc: \u201cEl rival no ens inquietava ni ens generava perill i, al final, amb una pilota a l\u2019esquena, encaixem l\u2019\u00fanic gol, fruit d\u2019un desajustament. Malgrat aix\u00f2, ha estat b\u00e9. Hem tingut un bon ritme de joc i m\u00e9s opcions de gol, amb domini, com dic una pena que no es confirme la vict\u00f2ria. Una pena que se\u2019ns vagen dos punts d\u2019esta manera i no deixar la porteria a zero quan el rival no t\u2019estava creant\u201d."},{"type":"paragraph","text":"En la mateixa l\u00ednia, Marcelino ha lamentat que arribara el gol de l\u2019empat en el tram final del partit despr\u00e9s d\u2019una pilota frontal a l\u2019espai: \u201cNo hem protegit la nostra esquena, el val\u00e8ncia intenta fer mal ac\u00ed, una presa de decisi\u00f3 tardana que provoca el seu gol\u201d."},{"type":"paragraph","text":"Marcelino ha destacat la volta de Nicolas Pepe a l\u2019onze inicial, aix\u00ed com la titularitat del canterano Pau Navarro: \u201cNicolas Pepe necessita jugar. Ho necessitem. \u00e9s un futbolista que ens ajudar\u00e0 molt. Sobre Pau, \u00e9s un jugador que ve jugant en eixa posici\u00f3 habitualment, \u00e9s quasi un central en l\u2019inici de joc. Estem satisfets amb la seua aparici\u00f3 i el seu rendiment\u201d."},{"type":"paragraph","text":"A continuaci\u00f3, pots escoltar la roda de premsa completa de Marcelino Garc\u00eda Toral:"}],"buttons":[],"images":[],"widgets":[],"blocks":[{"type":"heading","level":2,"text":"El t\u00e8cnic asturi\u00e0 ha lamentat l\u2019empat en el tram final del partit"},{"type":"paragraph","text":"L\u2019entrenador del Villarreal, Marcelino Garc\u00eda Toral, ha comparegut davant els mitjans de comunicaci\u00f3 despr\u00e9s de l\u2019empat del seu equip enfront del Valencia CF (1-1) en el derbi disputat en l\u2019Estadio de la Cer\u00e1mica."},{"type":"paragraph","text":"El t\u00e8cnic asturi\u00e0 ha fet balan\u00e7 del rendiment del seu equip en un igualat derbi enfront del Valencia CF, lamentant l\u2019empat al final del xoc: \u201cEl rival no ens inquietava ni ens generava perill i, al final, amb una pilota a l\u2019esquena, encaixem l\u2019\u00fanic gol, fruit d\u2019un desajustament. Malgrat aix\u00f2, ha estat b\u00e9. Hem tingut un bon ritme de joc i m\u00e9s opcions de gol, amb domini, com dic una pena que no es confirme la vict\u00f2ria. Una pena que se\u2019ns vagen dos punts d\u2019esta manera i no deixar la porteria a zero quan el rival no t\u2019estava creant\u201d."},{"type":"paragraph","text":"En la mateixa l\u00ednia, Marcelino ha lamentat que arribara el gol de l\u2019empat en el tram final del partit despr\u00e9s d\u2019una pilota frontal a l\u2019espai: \u201cNo hem protegit la nostra esquena, el val\u00e8ncia intenta fer mal ac\u00ed, una presa de decisi\u00f3 tardana que provoca el seu gol\u201d."},{"type":"paragraph","text":"Marcelino ha destacat la volta de Nicolas Pepe a l\u2019onze inicial, aix\u00ed com la titularitat del canterano Pau Navarro: \u201cNicolas Pepe necessita jugar. Ho necessitem. \u00e9s un futbolista que ens ajudar\u00e0 molt. Sobre Pau, \u00e9s un jugador que ve jugant en eixa posici\u00f3 habitualment, \u00e9s quasi un central en l\u2019inici de joc. Estem satisfets amb la seua aparici\u00f3 i el seu rendiment\u201d."},{"type":"paragraph","text":"A continuaci\u00f3, pots escoltar la roda de premsa completa de Marcelino Garc\u00eda Toral:"},{"type":"video","kind":"iframe","url":"https:\/\/www.youtube.com\/embed\/KFf2NPH9e_0?feature=oembed","poster":""}]}},"sections":[{"id":"section-1","title":"El t\u00e8cnic asturi\u00e0 ha lamentat l\u2019empat en el tram final del partit","text":"El t\u00e8cnic asturi\u00e0 ha lamentat l\u2019empat en el tram final del partit L\u2019entrenador del Villarreal, Marcelino Garc\u00eda Toral, ha comparegut davant els mitjans de comunicaci\u00f3 despr\u00e9s de l\u2019empat del seu equip enfront del Valencia CF (1-1) en el derbi disputat en l\u2019Estadio de la Cer\u00e1mica. El t\u00e8cnic asturi\u00e0 ha fet balan\u00e7 del rendiment del seu equip en un igualat derbi enfront del Valencia CF, lamentant l\u2019empat al final del xoc: \u201cEl rival no ens inquietava ni ens generava perill i, al final, amb una pilota a l\u2019esquena, encaixem l\u2019\u00fanic gol, fruit d\u2019un desajustament. Malgrat aix\u00f2, ha estat b\u00e9. Hem tingut un bon ritme de joc i m\u00e9s opcions de gol, amb domini, com dic una pena que no es confirme la vict\u00f2ria. Una pena que se\u2019ns vagen dos punts d\u2019esta manera i no deixar la porteria a zero quan el rival no t\u2019estava creant\u201d. En la mateixa l\u00ednia, Marcelino ha lamentat que arribara el gol de l\u2019empat en el tram final del partit despr\u00e9s d\u2019una pilota frontal a l\u2019espai: \u201cNo hem protegit la nostra esquena, el val\u00e8ncia intenta fer mal ac\u00ed, una presa de decisi\u00f3 tardana que provoca el seu gol\u201d. Marcelino ha destacat la volta de Nicolas Pepe a l\u2019onze inicial, aix\u00ed com la titularitat del canterano Pau Navarro: \u201cNicolas Pepe necessita jugar. Ho necessitem. \u00e9s un futbolista que ens ajudar\u00e0 molt. Sobre Pau, \u00e9s un jugador que ve jugant en eixa posici\u00f3 habitualment, \u00e9s quasi un central en l\u2019inici de joc. Estem satisfets amb la seua aparici\u00f3 i el seu rendiment\u201d. A continuaci\u00f3, pots escoltar la roda de premsa completa de Marcelino Garc\u00eda Toral:","url":"","background_image":"","images":[],"videos":[{"type":"video","kind":"iframe","url":"https:\/\/www.youtube.com\/embed\/KFf2NPH9e_0?feature=oembed","poster":""}],"links":[]}]},"excerpt":{"rendered":"El t\u00e8cnic asturi\u00e0 ha lamentat l&#8217;empat en el tram final del partit","protected":false},"author":25,"featured_media":337028,"comment_status":"closed","ping_status":"closed","sticky":false,"template":"","format":"standard","meta":{"_acf_changed":false,"footnotes":""},"categories":[13493],"tags":[9280,717,9270,9469,10917,9219,9278,9680,716,9205,9607,9203],"acf":null,"lang":"val","translations":{"es":337024,"en":337032,"val":337033},"essential_grid":{"has_grid":false},"formatted_date":"February 15, 2025","modified_date":"February 15, 2025","permalink":"https:\/\/villarrealcf.es\/val\/marcelino-es-una-pena-que-sens-vagen-dos-punts-desta-manera\/","reading_time":2,"featured_media_data":{"id":337028,"title":"MarcelinoGarciaToral","caption":"","alt_text":"","description":"","mime_type":"image\/jpeg","source_url":"https:\/\/villarrealcf.es\/wp-content\/uploads\/2025\/02\/MarcelinoGarciaToral-1.jpg","sizes":{"thumbnail":{"url":"https:\/\/villarrealcf.es\/wp-content\/uploads\/2025\/02\/MarcelinoGarciaToral-1.jpg","width":1920,"height":1080},"medium":{"url":"https:\/\/villarrealcf.es\/wp-content\/uploads\/2025\/02\/MarcelinoGarciaToral-1.jpg","width":1920,"height":1080},"medium_large":{"url":"https:\/\/villarrealcf.es\/wp-content\/uploads\/2025\/02\/MarcelinoGarciaToral-1-768x432.jpg","width":768,"height":432},"large":{"url":"https:\/\/villarrealcf.es\/wp-content\/uploads\/2025\/02\/MarcelinoGarciaToral-1.jpg","width":788,"height":443},"1536x1536":{"url":"https:\/\/villarrealcf.es\/wp-content\/uploads\/2025\/02\/MarcelinoGarciaToral-1-1536x864.jpg","width":1536,"height":864},"2048x2048":{"url":"https:\/\/villarrealcf.es\/wp-content\/uploads\/2025\/02\/MarcelinoGarciaToral-1.jpg","width":1920,"height":1080},"tp-image-grid":{"url":"https:\/\/villarrealcf.es\/wp-content\/uploads\/2025\/02\/MarcelinoGarciaToral-1-700x700.jpg","width":700,"height":700},"size-bunyad-medium":{"url":"https:\/\/villarrealcf.es\/wp-content\/uploads\/2025\/02\/MarcelinoGarciaToral-1.jpg","width":1920,"height":1080},"sportspress-crop-medium":{"url":"https:\/\/villarrealcf.es\/wp-content\/uploads\/2025\/02\/MarcelinoGarciaToral-1-300x300.jpg","width":300,"height":300},"sportspress-fit-medium":{"url":"https:\/\/villarrealcf.es\/wp-content\/uploads\/2025\/02\/MarcelinoGarciaToral-1-300x169.jpg","width":300,"height":169},"sportspress-fit-icon":{"url":"https:\/\/villarrealcf.es\/wp-content\/uploads\/2025\/02\/MarcelinoGarciaToral-1-128x72.jpg","width":128,"height":72},"sportspress-fit-mini":{"url":"https:\/\/villarrealcf.es\/wp-content\/uploads\/2025\/02\/MarcelinoGarciaToral-1-32x18.jpg","width":32,"height":18},"bunyad-small":{"url":"https:\/\/villarrealcf.es\/wp-content\/uploads\/2025\/02\/MarcelinoGarciaToral-1-150x84.jpg","width":150,"height":84},"bunyad-medium":{"url":"https:\/\/villarrealcf.es\/wp-content\/uploads\/2025\/02\/MarcelinoGarciaToral-1-450x253.jpg","width":450,"height":253},"bunyad-full":{"url":"https:\/\/villarrealcf.es\/wp-content\/uploads\/2025\/02\/MarcelinoGarciaToral-1-1200x675.jpg","width":1200,"height":675},"bunyad-viewport":{"url":"https:\/\/villarrealcf.es\/wp-content\/uploads\/2025\/02\/MarcelinoGarciaToral-1.jpg","width":1920,"height":1080},"bunyad-768":{"url":"https:\/\/villarrealcf.es\/wp-content\/uploads\/2025\/02\/MarcelinoGarciaToral-1-768x432.jpg","width":768,"height":432},"full":{"url":"https:\/\/villarrealcf.es\/wp-content\/uploads\/2025\/02\/MarcelinoGarciaToral-1.jpg","width":1920,"height":1080}}},"author_data":{"id":"25","name":"Javier Ayuso","first_name":"Javier","last_name":"Ayuso","description":"","avatar_url":"https:\/\/secure.gravatar.com\/avatar\/fcf8894be45988fcce5bbff0efe1790d2a7f4ba57e2c7c898f5068154e696495?s=96&d=mm&r=g","acf":null},"taxonomies_data":{"category":[{"id":13493,"name":"Primer equip","slug":"primer-equip","acf":null}],"post_tag":[{"id":9280,"name":"declaraciones","slug":"declaraciones-val","acf":null},{"id":717,"name":"Football","slug":"football-d34","acf":null},{"id":9270,"name":"Futbol","slug":"futbol-val","acf":null},{"id":9469,"name":"Jornada 24","slug":"jornada-24-val","acf":null},{"id":10917,"name":"Marcelino","slug":"marcelino-val","acf":null},{"id":9219,"name":"Marcelino Garc\u00eda Toral","slug":"marcelino-garcia-toral-val","acf":null},{"id":9278,"name":"primera division","slug":"primera-division-val","acf":null},{"id":9680,"name":"Rueda de prensa","slug":"rueda-de-prensa-val","acf":null},{"id":716,"name":"Soccer","slug":"soccer-d105","acf":null},{"id":9205,"name":"Submarino","slug":"submarino-val","acf":null},{"id":9607,"name":"Valencia CF","slug":"valencia-cf-val","acf":null},{"id":9203,"name":"Villarreal CF","slug":"villarreal-cf-val","acf":null}],"translation_priority":[{"id":735,"name":"Optional","slug":"optional-val","acf":null}]},"seo_full":{"native":{"title":"Marcelino: \u201c\u00c9s una pena que se&#8217;ns vagen dos punts d&#8217;esta manera\u201d - Web Oficial del Villarreal CF","description":"El t\u00e8cnic asturi\u00e0 ha lamentat l'empat en el tram final del partit","canonical":"https:\/\/villarrealcf.es\/val\/marcelino-es-una-pena-que-sens-vagen-dos-punts-desta-manera\/"}},"_links":{"self":[{"href":"https:\/\/villarrealcf.es\/val\/wp-json\/wp\/v2\/posts\/337033","targetHints":{"allow":["GET"]}}],"collection":[{"href":"https:\/\/villarrealcf.es\/val\/wp-json\/wp\/v2\/posts"}],"about":[{"href":"https:\/\/villarrealcf.es\/val\/wp-json\/wp\/v2\/types\/post"}],"author":[{"embeddable":true,"href":"https:\/\/villarrealcf.es\/val\/wp-json\/wp\/v2\/users\/25"}],"replies":[{"embeddable":true,"href":"https:\/\/villarrealcf.es\/val\/wp-json\/wp\/v2\/comments?post=337033"}],"version-history":[{"count":0,"href":"https:\/\/villarrealcf.es\/val\/wp-json\/wp\/v2\/posts\/337033\/revisions"}],"wp:featuredmedia":[{"embeddable":true,"href":"https:\/\/villarrealcf.es\/val\/wp-json\/wp\/v2\/media\/337028"}],"wp:attachment":[{"href":"https:\/\/villarrealcf.es\/val\/wp-json\/wp\/v2\/media?parent=337033"}],"wp:term":[{"taxonomy":"category","embeddable":true,"href":"https:\/\/villarrealcf.es\/val\/wp-json\/wp\/v2\/categories?post=337033"},{"taxonomy":"post_tag","embeddable":true,"href":"https:\/\/villarrealcf.es\/val\/wp-json\/wp\/v2\/tags?post=337033"}],"curies":[{"name":"wp","href":"https:\/\/api.w.org\/{rel}","templated":true}]}}