{"id":336918,"date":"2025-02-14T12:16:05","date_gmt":"2025-02-14T11:16:05","guid":{"rendered":"https:\/\/villarrealcf.es\/marcelino-espero-un-derbi-dificil-e-igualado-ante-el-valencia\/"},"modified":"2025-02-14T14:13:12","modified_gmt":"2025-02-14T13:13:12","slug":"marcelino-espero-un-derbi-dificil-e-igualado-ante-el-valencia","status":"publish","type":"post","link":"https:\/\/villarrealcf.es\/val\/marcelino-espero-un-derbi-dificil-e-igualado-ante-el-valencia\/","title":{"rendered":"Marcelino: \u201cEspere un derbi dif\u00edcil i igualat davant el Valencia\u201d"},"content":{"protected":false,"blocks":[{"type":"heading","level":2,"text":"L\u2019entrenador groguet ha assenyalat que el seu equip ha de ser humil i respectu\u00f3s per a superar a un rival que arriba en el seu millor moment"},{"type":"paragraph","text":"L\u2019entrenador del Villarreal, Marcelino Garc\u00eda Toral, ha comparegut este divendres davant els mitjans de comunicaci\u00f3 per a analitzar la pr\u00e8via del derbi auton\u00f2mic davant el Valencia CF, corresponent a la jornada 24 de LALIGA EA Sports, que se celebrar\u00e0 este dissabte, a partir de les 21.00 hores, en l\u2019Estadio de la Cer\u00e1mica."},{"type":"paragraph","text":"El t\u00e8cnic groguet ha advertit de la millora del Valencia CF en les \u00faltims partits: \u201cEls n\u00fameros del Val\u00e8ncia en els \u00faltims cinc partits estan molt lluny dels d\u2019un equip en zona de descens. \u00c9s un equip en bona din\u00e0mica, que ha sumat dos triomfs consecutius. Espere un derbi dif\u00edcil i igualat. Encara que espere que fem valdre la nostra condici\u00f3 de local i puguem portar-nos la vict\u00f2ria\u201d."},{"type":"paragraph","text":"De la mateixa manera, Marcelino ha analitzat les virtuts d\u2019un rival, al qual considera, molt perill\u00f3s i que arriba en el seu millor moment de la temporada: \u201c\u00c9s un equip que pressiona molt intensament, busca atacs directes i molts contrataques. Estrenyen molt i s\u00f3n un equip molt complicat. Ens intentaran buscar l\u2019esquena, que no estiguem c\u00f2modes. Ho sabem i a partir d\u2019ac\u00ed hem d\u2019atacar b\u00e9 i defendre b\u00e9 per a encaixar menys gols\u201d."},{"type":"paragraph","text":"En quant als derbis, l\u2019entrenador asturi\u00e0 ha reconegut que sempre s\u00f3n especials: \u201cS\u00f3n emocionals de per si mateix. Jo he viscut moments molt especials en els dos equips, per\u00f2 ara soc ac\u00ed i vull que guanye el Villarreal. Este \u00e9s un dels millors partits que es pot veure en LALIGA i \u00e9s una pena que no es dispute enguany per un lloc alt en la taula\u201d."},{"type":"paragraph","text":"D\u2019altra banda, Marcelino ha sigut molt insistent en la necessitat de ser humil i respectu\u00f3s per a poder superar al Valencia: \u201cTots volem guanyar, per\u00f2 el primer pas \u00e9s el respecte i la humilitat. Guanyar en Primera Divisi\u00f3 \u00e9s molt complicat i molt m\u00e9s en un derbi contra un equip que porta la seua millor din\u00e0mica de la temporada. Volem que l\u2019afici\u00f3 gaudisca i estiga satisfeta amb el resultat, per\u00f2 sabem que hi haur\u00e0 moments de dificultat i patiment\u201d."},{"type":"paragraph","text":"Finalment, l\u2019entrenador del Villarreal ha advocat per mantindre la din\u00e0mica a casa dels \u00faltims partits: \u201cEstem en el proc\u00e9s de ser un equip molt solvent a casa, que el ratificar\u00edem amb una tercera vict\u00f2ria consecutiva a casa, venim de dos resultats molt bons a casa, per\u00f2 segur que el partit de dem\u00e0 ser\u00e0 molt diferent. No ser\u00e0 senzill, perqu\u00e8 el Valencia s\u2019est\u00e0 jugant molt i perqu\u00e8 ara est\u00e0 en una situaci\u00f3 completament diferent que fa unes setmanes. Respecte i m\u00e0xima humilitat\u201d."},{"type":"paragraph","text":"A continuaci\u00f3, pots escoltar la roda de premsa completa de Marcelino Garc\u00eda Toral abans del derbi davant el Valencia CF:"},{"type":"video","kind":"iframe","url":"https:\/\/www.youtube.com\/embed\/vUz8-zMPvpg?feature=oembed","poster":""}],"structured":{"summary":{"text":"L\u2019entrenador groguet ha assenyalat que el seu equip ha de ser humil i respectu\u00f3s per a superar a un rival que arriba en el seu millor moment L\u2019entrenador del Villarreal, Marcelino Garc\u00eda Toral, ha comparegut este divendres davant els mitjans de comunicaci\u00f3 per a analitzar la pr\u00e8via del derbi auton\u00f2mic davant el Valencia CF, corresponent a la jornada 24 de LALIGA EA Sports, que se celebrar\u00e0 este dissabte, a partir de les 21.00 hores, en l\u2019Estadio de la Cer\u00e1mica. El t\u00e8cnic groguet ha advertit de la millora del Valencia CF en les \u00faltims partits: \u201cEls n\u00fameros del Val\u00e8ncia en els \u00faltims cinc partits estan molt lluny dels d\u2019un equip en zona de descens. \u00c9s un equip en bona din\u00e0mica, que ha sumat dos triomfs consecutius. Espere un derbi dif\u00edcil i igualat. Encara que espere que fem valdre la nostra condici\u00f3 de local i puguem portar-nos la vict\u00f2ria\u201d. De la mateixa manera, Marcelino ha analitzat les virtuts d\u2019un rival, al qual considera, molt perill\u00f3s i que arriba en el seu millor moment de la temporada: \u201c\u00c9s un equip que pressiona molt intensament, busca atacs directes i molts contrataques. Estrenyen molt i s\u00f3n un equip molt complicat. Ens intentaran buscar l\u2019esquena, que no estiguem c\u00f2modes. Ho sabem i a partir d\u2019ac\u00ed hem d\u2019atacar b\u00e9 i defendre b\u00e9 per a encaixar menys gols\u201d. En quant als derbis, l\u2019entrenador asturi\u00e0 ha reconegut que sempre s\u00f3n especials: \u201cS\u00f3n emocionals de per si mateix. Jo he viscut moments molt especials en els dos equips, per\u00f2 ara soc ac\u00ed i vull que guanye el Villarreal. Este \u00e9s un dels millors partits que es pot veure en LALIGA i \u00e9s una pena que no es dispute enguany per un lloc alt en la taula\u201d. D\u2019altra banda, Marcelino ha sigut molt insistent en la necessitat de ser humil i respectu\u00f3s per a poder superar al Valencia: \u201cTots volem guanyar, per\u00f2 el primer pas \u00e9s el respecte i la humilitat. Guanyar en Primera Divisi\u00f3 \u00e9s molt complicat i molt m\u00e9s en un derbi contra un equip que porta la seua millor din\u00e0mica de la temporada. Volem que l\u2019afici\u00f3 gaudisca i estiga satisfeta amb el resultat, per\u00f2 sabem que hi haur\u00e0 moments de dificultat i patiment\u201d. Finalment, l\u2019entrenador del Villarreal ha advocat per mantindre la din\u00e0mica a casa dels \u00faltims partits: \u201cEstem en el proc\u00e9s de ser un equip molt solvent a casa, que el ratificar\u00edem amb una tercera vict\u00f2ria consecutiva a casa, venim de dos resultats molt bons a casa, per\u00f2 segur que el partit de dem\u00e0 ser\u00e0 molt diferent. No ser\u00e0 senzill, perqu\u00e8 el Valencia s\u2019est\u00e0 jugant molt i perqu\u00e8 ara est\u00e0 en una situaci\u00f3 completament diferent que fa unes setmanes. Respecte i m\u00e0xima humilitat\u201d. A continuaci\u00f3, pots escoltar la roda de premsa completa de Marcelino Garc\u00eda Toral abans del derbi davant el Valencia CF:","headings":[{"type":"heading","level":2,"text":"L\u2019entrenador groguet ha assenyalat que el seu equip ha de ser humil i respectu\u00f3s per a superar a un rival que arriba en el seu millor moment"}],"buttons":[],"images":[],"counts":{"blocks":9,"headings":1,"texts":7,"buttons":0,"images":0}},"sections":[{"id":"section-1","title":"L\u2019entrenador groguet ha assenyalat que el seu equip ha de ser humil i respectu\u00f3s per a superar a un rival que arriba en el seu millor moment","text":"L\u2019entrenador groguet ha assenyalat que el seu equip ha de ser humil i respectu\u00f3s per a superar a un rival que arriba en el seu millor moment L\u2019entrenador del Villarreal, Marcelino Garc\u00eda Toral, ha comparegut este divendres davant els mitjans de comunicaci\u00f3 per a analitzar la pr\u00e8via del derbi auton\u00f2mic davant el Valencia CF, corresponent a la jornada 24 de LALIGA EA Sports, que se celebrar\u00e0 este dissabte, a partir de les 21.00 hores, en l\u2019Estadio de la Cer\u00e1mica. El t\u00e8cnic groguet ha advertit de la millora del Valencia CF en les \u00faltims partits: \u201cEls n\u00fameros del Val\u00e8ncia en els \u00faltims cinc partits estan molt lluny dels d\u2019un equip en zona de descens. \u00c9s un equip en bona din\u00e0mica, que ha sumat dos triomfs consecutius. Espere un derbi dif\u00edcil i igualat. Encara que espere que fem valdre la nostra condici\u00f3 de local i puguem portar-nos la vict\u00f2ria\u201d. De la mateixa manera, Marcelino ha analitzat les virtuts d\u2019un rival, al qual considera, molt perill\u00f3s i que arriba en el seu millor moment de la temporada: \u201c\u00c9s un equip que pressiona molt intensament, busca atacs directes i molts contrataques. Estrenyen molt i s\u00f3n un equip molt complicat. Ens intentaran buscar l\u2019esquena, que no estiguem c\u00f2modes. Ho sabem i a partir d\u2019ac\u00ed hem d\u2019atacar b\u00e9 i defendre b\u00e9 per a encaixar menys gols\u201d. En quant als derbis, l\u2019entrenador asturi\u00e0 ha reconegut que sempre s\u00f3n especials: \u201cS\u00f3n emocionals de per si mateix. Jo he viscut moments molt especials en els dos equips, per\u00f2 ara soc ac\u00ed i vull que guanye el Villarreal. Este \u00e9s un dels millors partits que es pot veure en LALIGA i \u00e9s una pena que no es dispute enguany per un lloc alt en la taula\u201d. D\u2019altra banda, Marcelino ha sigut molt insistent en la necessitat de ser humil i respectu\u00f3s per a poder superar al Valencia: \u201cTots volem guanyar, per\u00f2 el primer pas \u00e9s el respecte i la humilitat. Guanyar en Primera Divisi\u00f3 \u00e9s molt complicat i molt m\u00e9s en un derbi contra un equip que porta la seua millor din\u00e0mica de la temporada. Volem que l\u2019afici\u00f3 gaudisca i estiga satisfeta amb el resultat, per\u00f2 sabem que hi haur\u00e0 moments de dificultat i patiment\u201d. Finalment, l\u2019entrenador del Villarreal ha advocat per mantindre la din\u00e0mica a casa dels \u00faltims partits: \u201cEstem en el proc\u00e9s de ser un equip molt solvent a casa, que el ratificar\u00edem amb una tercera vict\u00f2ria consecutiva a casa, venim de dos resultats molt bons a casa, per\u00f2 segur que el partit de dem\u00e0 ser\u00e0 molt diferent. No ser\u00e0 senzill, perqu\u00e8 el Valencia s\u2019est\u00e0 jugant molt i perqu\u00e8 ara est\u00e0 en una situaci\u00f3 completament diferent que fa unes setmanes. Respecte i m\u00e0xima humilitat\u201d. A continuaci\u00f3, pots escoltar la roda de premsa completa de Marcelino Garc\u00eda Toral abans del derbi davant el Valencia CF:","headings":[{"type":"heading","level":2,"text":"L\u2019entrenador groguet ha assenyalat que el seu equip ha de ser humil i respectu\u00f3s per a superar a un rival que arriba en el seu millor moment"}],"texts":[{"type":"paragraph","text":"L\u2019entrenador del Villarreal, Marcelino Garc\u00eda Toral, ha comparegut este divendres davant els mitjans de comunicaci\u00f3 per a analitzar la pr\u00e8via del derbi auton\u00f2mic davant el Valencia CF, corresponent a la jornada 24 de LALIGA EA Sports, que se celebrar\u00e0 este dissabte, a partir de les 21.00 hores, en l\u2019Estadio de la Cer\u00e1mica."},{"type":"paragraph","text":"El t\u00e8cnic groguet ha advertit de la millora del Valencia CF en les \u00faltims partits: \u201cEls n\u00fameros del Val\u00e8ncia en els \u00faltims cinc partits estan molt lluny dels d\u2019un equip en zona de descens. \u00c9s un equip en bona din\u00e0mica, que ha sumat dos triomfs consecutius. Espere un derbi dif\u00edcil i igualat. Encara que espere que fem valdre la nostra condici\u00f3 de local i puguem portar-nos la vict\u00f2ria\u201d."},{"type":"paragraph","text":"De la mateixa manera, Marcelino ha analitzat les virtuts d\u2019un rival, al qual considera, molt perill\u00f3s i que arriba en el seu millor moment de la temporada: \u201c\u00c9s un equip que pressiona molt intensament, busca atacs directes i molts contrataques. Estrenyen molt i s\u00f3n un equip molt complicat. Ens intentaran buscar l\u2019esquena, que no estiguem c\u00f2modes. Ho sabem i a partir d\u2019ac\u00ed hem d\u2019atacar b\u00e9 i defendre b\u00e9 per a encaixar menys gols\u201d."},{"type":"paragraph","text":"En quant als derbis, l\u2019entrenador asturi\u00e0 ha reconegut que sempre s\u00f3n especials: \u201cS\u00f3n emocionals de per si mateix. Jo he viscut moments molt especials en els dos equips, per\u00f2 ara soc ac\u00ed i vull que guanye el Villarreal. Este \u00e9s un dels millors partits que es pot veure en LALIGA i \u00e9s una pena que no es dispute enguany per un lloc alt en la taula\u201d."},{"type":"paragraph","text":"D\u2019altra banda, Marcelino ha sigut molt insistent en la necessitat de ser humil i respectu\u00f3s per a poder superar al Valencia: \u201cTots volem guanyar, per\u00f2 el primer pas \u00e9s el respecte i la humilitat. Guanyar en Primera Divisi\u00f3 \u00e9s molt complicat i molt m\u00e9s en un derbi contra un equip que porta la seua millor din\u00e0mica de la temporada. Volem que l\u2019afici\u00f3 gaudisca i estiga satisfeta amb el resultat, per\u00f2 sabem que hi haur\u00e0 moments de dificultat i patiment\u201d."},{"type":"paragraph","text":"Finalment, l\u2019entrenador del Villarreal ha advocat per mantindre la din\u00e0mica a casa dels \u00faltims partits: \u201cEstem en el proc\u00e9s de ser un equip molt solvent a casa, que el ratificar\u00edem amb una tercera vict\u00f2ria consecutiva a casa, venim de dos resultats molt bons a casa, per\u00f2 segur que el partit de dem\u00e0 ser\u00e0 molt diferent. No ser\u00e0 senzill, perqu\u00e8 el Valencia s\u2019est\u00e0 jugant molt i perqu\u00e8 ara est\u00e0 en una situaci\u00f3 completament diferent que fa unes setmanes. Respecte i m\u00e0xima humilitat\u201d."},{"type":"paragraph","text":"A continuaci\u00f3, pots escoltar la roda de premsa completa de Marcelino Garc\u00eda Toral abans del derbi davant el Valencia CF:"}],"buttons":[],"images":[],"widgets":[],"blocks":[{"type":"heading","level":2,"text":"L\u2019entrenador groguet ha assenyalat que el seu equip ha de ser humil i respectu\u00f3s per a superar a un rival que arriba en el seu millor moment"},{"type":"paragraph","text":"L\u2019entrenador del Villarreal, Marcelino Garc\u00eda Toral, ha comparegut este divendres davant els mitjans de comunicaci\u00f3 per a analitzar la pr\u00e8via del derbi auton\u00f2mic davant el Valencia CF, corresponent a la jornada 24 de LALIGA EA Sports, que se celebrar\u00e0 este dissabte, a partir de les 21.00 hores, en l\u2019Estadio de la Cer\u00e1mica."},{"type":"paragraph","text":"El t\u00e8cnic groguet ha advertit de la millora del Valencia CF en les \u00faltims partits: \u201cEls n\u00fameros del Val\u00e8ncia en els \u00faltims cinc partits estan molt lluny dels d\u2019un equip en zona de descens. \u00c9s un equip en bona din\u00e0mica, que ha sumat dos triomfs consecutius. Espere un derbi dif\u00edcil i igualat. Encara que espere que fem valdre la nostra condici\u00f3 de local i puguem portar-nos la vict\u00f2ria\u201d."},{"type":"paragraph","text":"De la mateixa manera, Marcelino ha analitzat les virtuts d\u2019un rival, al qual considera, molt perill\u00f3s i que arriba en el seu millor moment de la temporada: \u201c\u00c9s un equip que pressiona molt intensament, busca atacs directes i molts contrataques. Estrenyen molt i s\u00f3n un equip molt complicat. Ens intentaran buscar l\u2019esquena, que no estiguem c\u00f2modes. Ho sabem i a partir d\u2019ac\u00ed hem d\u2019atacar b\u00e9 i defendre b\u00e9 per a encaixar menys gols\u201d."},{"type":"paragraph","text":"En quant als derbis, l\u2019entrenador asturi\u00e0 ha reconegut que sempre s\u00f3n especials: \u201cS\u00f3n emocionals de per si mateix. Jo he viscut moments molt especials en els dos equips, per\u00f2 ara soc ac\u00ed i vull que guanye el Villarreal. Este \u00e9s un dels millors partits que es pot veure en LALIGA i \u00e9s una pena que no es dispute enguany per un lloc alt en la taula\u201d."},{"type":"paragraph","text":"D\u2019altra banda, Marcelino ha sigut molt insistent en la necessitat de ser humil i respectu\u00f3s per a poder superar al Valencia: \u201cTots volem guanyar, per\u00f2 el primer pas \u00e9s el respecte i la humilitat. Guanyar en Primera Divisi\u00f3 \u00e9s molt complicat i molt m\u00e9s en un derbi contra un equip que porta la seua millor din\u00e0mica de la temporada. Volem que l\u2019afici\u00f3 gaudisca i estiga satisfeta amb el resultat, per\u00f2 sabem que hi haur\u00e0 moments de dificultat i patiment\u201d."},{"type":"paragraph","text":"Finalment, l\u2019entrenador del Villarreal ha advocat per mantindre la din\u00e0mica a casa dels \u00faltims partits: \u201cEstem en el proc\u00e9s de ser un equip molt solvent a casa, que el ratificar\u00edem amb una tercera vict\u00f2ria consecutiva a casa, venim de dos resultats molt bons a casa, per\u00f2 segur que el partit de dem\u00e0 ser\u00e0 molt diferent. No ser\u00e0 senzill, perqu\u00e8 el Valencia s\u2019est\u00e0 jugant molt i perqu\u00e8 ara est\u00e0 en una situaci\u00f3 completament diferent que fa unes setmanes. Respecte i m\u00e0xima humilitat\u201d."},{"type":"paragraph","text":"A continuaci\u00f3, pots escoltar la roda de premsa completa de Marcelino Garc\u00eda Toral abans del derbi davant el Valencia CF:"},{"type":"video","kind":"iframe","url":"https:\/\/www.youtube.com\/embed\/vUz8-zMPvpg?feature=oembed","poster":""}]}],"hero":{"id":"section-1","title":"L\u2019entrenador groguet ha assenyalat que el seu equip ha de ser humil i respectu\u00f3s per a superar a un rival que arriba en el seu millor moment","text":"L\u2019entrenador groguet ha assenyalat que el seu equip ha de ser humil i respectu\u00f3s per a superar a un rival que arriba en el seu millor moment L\u2019entrenador del Villarreal, Marcelino Garc\u00eda Toral, ha comparegut este divendres davant els mitjans de comunicaci\u00f3 per a analitzar la pr\u00e8via del derbi auton\u00f2mic davant el Valencia CF, corresponent a la jornada 24 de LALIGA EA Sports, que se celebrar\u00e0 este dissabte, a partir de les 21.00 hores, en l\u2019Estadio de la Cer\u00e1mica. El t\u00e8cnic groguet ha advertit de la millora del Valencia CF en les \u00faltims partits: \u201cEls n\u00fameros del Val\u00e8ncia en els \u00faltims cinc partits estan molt lluny dels d\u2019un equip en zona de descens. \u00c9s un equip en bona din\u00e0mica, que ha sumat dos triomfs consecutius. Espere un derbi dif\u00edcil i igualat. Encara que espere que fem valdre la nostra condici\u00f3 de local i puguem portar-nos la vict\u00f2ria\u201d. De la mateixa manera, Marcelino ha analitzat les virtuts d\u2019un rival, al qual considera, molt perill\u00f3s i que arriba en el seu millor moment de la temporada: \u201c\u00c9s un equip que pressiona molt intensament, busca atacs directes i molts contrataques. Estrenyen molt i s\u00f3n un equip molt complicat. Ens intentaran buscar l\u2019esquena, que no estiguem c\u00f2modes. Ho sabem i a partir d\u2019ac\u00ed hem d\u2019atacar b\u00e9 i defendre b\u00e9 per a encaixar menys gols\u201d. En quant als derbis, l\u2019entrenador asturi\u00e0 ha reconegut que sempre s\u00f3n especials: \u201cS\u00f3n emocionals de per si mateix. Jo he viscut moments molt especials en els dos equips, per\u00f2 ara soc ac\u00ed i vull que guanye el Villarreal. Este \u00e9s un dels millors partits que es pot veure en LALIGA i \u00e9s una pena que no es dispute enguany per un lloc alt en la taula\u201d. D\u2019altra banda, Marcelino ha sigut molt insistent en la necessitat de ser humil i respectu\u00f3s per a poder superar al Valencia: \u201cTots volem guanyar, per\u00f2 el primer pas \u00e9s el respecte i la humilitat. Guanyar en Primera Divisi\u00f3 \u00e9s molt complicat i molt m\u00e9s en un derbi contra un equip que porta la seua millor din\u00e0mica de la temporada. Volem que l\u2019afici\u00f3 gaudisca i estiga satisfeta amb el resultat, per\u00f2 sabem que hi haur\u00e0 moments de dificultat i patiment\u201d. Finalment, l\u2019entrenador del Villarreal ha advocat per mantindre la din\u00e0mica a casa dels \u00faltims partits: \u201cEstem en el proc\u00e9s de ser un equip molt solvent a casa, que el ratificar\u00edem amb una tercera vict\u00f2ria consecutiva a casa, venim de dos resultats molt bons a casa, per\u00f2 segur que el partit de dem\u00e0 ser\u00e0 molt diferent. No ser\u00e0 senzill, perqu\u00e8 el Valencia s\u2019est\u00e0 jugant molt i perqu\u00e8 ara est\u00e0 en una situaci\u00f3 completament diferent que fa unes setmanes. Respecte i m\u00e0xima humilitat\u201d. A continuaci\u00f3, pots escoltar la roda de premsa completa de Marcelino Garc\u00eda Toral abans del derbi davant el Valencia CF:","headings":[{"type":"heading","level":2,"text":"L\u2019entrenador groguet ha assenyalat que el seu equip ha de ser humil i respectu\u00f3s per a superar a un rival que arriba en el seu millor moment"}],"texts":[{"type":"paragraph","text":"L\u2019entrenador del Villarreal, Marcelino Garc\u00eda Toral, ha comparegut este divendres davant els mitjans de comunicaci\u00f3 per a analitzar la pr\u00e8via del derbi auton\u00f2mic davant el Valencia CF, corresponent a la jornada 24 de LALIGA EA Sports, que se celebrar\u00e0 este dissabte, a partir de les 21.00 hores, en l\u2019Estadio de la Cer\u00e1mica."},{"type":"paragraph","text":"El t\u00e8cnic groguet ha advertit de la millora del Valencia CF en les \u00faltims partits: \u201cEls n\u00fameros del Val\u00e8ncia en els \u00faltims cinc partits estan molt lluny dels d\u2019un equip en zona de descens. \u00c9s un equip en bona din\u00e0mica, que ha sumat dos triomfs consecutius. Espere un derbi dif\u00edcil i igualat. Encara que espere que fem valdre la nostra condici\u00f3 de local i puguem portar-nos la vict\u00f2ria\u201d."},{"type":"paragraph","text":"De la mateixa manera, Marcelino ha analitzat les virtuts d\u2019un rival, al qual considera, molt perill\u00f3s i que arriba en el seu millor moment de la temporada: \u201c\u00c9s un equip que pressiona molt intensament, busca atacs directes i molts contrataques. Estrenyen molt i s\u00f3n un equip molt complicat. Ens intentaran buscar l\u2019esquena, que no estiguem c\u00f2modes. Ho sabem i a partir d\u2019ac\u00ed hem d\u2019atacar b\u00e9 i defendre b\u00e9 per a encaixar menys gols\u201d."},{"type":"paragraph","text":"En quant als derbis, l\u2019entrenador asturi\u00e0 ha reconegut que sempre s\u00f3n especials: \u201cS\u00f3n emocionals de per si mateix. Jo he viscut moments molt especials en els dos equips, per\u00f2 ara soc ac\u00ed i vull que guanye el Villarreal. Este \u00e9s un dels millors partits que es pot veure en LALIGA i \u00e9s una pena que no es dispute enguany per un lloc alt en la taula\u201d."},{"type":"paragraph","text":"D\u2019altra banda, Marcelino ha sigut molt insistent en la necessitat de ser humil i respectu\u00f3s per a poder superar al Valencia: \u201cTots volem guanyar, per\u00f2 el primer pas \u00e9s el respecte i la humilitat. Guanyar en Primera Divisi\u00f3 \u00e9s molt complicat i molt m\u00e9s en un derbi contra un equip que porta la seua millor din\u00e0mica de la temporada. Volem que l\u2019afici\u00f3 gaudisca i estiga satisfeta amb el resultat, per\u00f2 sabem que hi haur\u00e0 moments de dificultat i patiment\u201d."},{"type":"paragraph","text":"Finalment, l\u2019entrenador del Villarreal ha advocat per mantindre la din\u00e0mica a casa dels \u00faltims partits: \u201cEstem en el proc\u00e9s de ser un equip molt solvent a casa, que el ratificar\u00edem amb una tercera vict\u00f2ria consecutiva a casa, venim de dos resultats molt bons a casa, per\u00f2 segur que el partit de dem\u00e0 ser\u00e0 molt diferent. No ser\u00e0 senzill, perqu\u00e8 el Valencia s\u2019est\u00e0 jugant molt i perqu\u00e8 ara est\u00e0 en una situaci\u00f3 completament diferent que fa unes setmanes. Respecte i m\u00e0xima humilitat\u201d."},{"type":"paragraph","text":"A continuaci\u00f3, pots escoltar la roda de premsa completa de Marcelino Garc\u00eda Toral abans del derbi davant el Valencia CF:"}],"buttons":[],"images":[],"widgets":[],"blocks":[{"type":"heading","level":2,"text":"L\u2019entrenador groguet ha assenyalat que el seu equip ha de ser humil i respectu\u00f3s per a superar a un rival que arriba en el seu millor moment"},{"type":"paragraph","text":"L\u2019entrenador del Villarreal, Marcelino Garc\u00eda Toral, ha comparegut este divendres davant els mitjans de comunicaci\u00f3 per a analitzar la pr\u00e8via del derbi auton\u00f2mic davant el Valencia CF, corresponent a la jornada 24 de LALIGA EA Sports, que se celebrar\u00e0 este dissabte, a partir de les 21.00 hores, en l\u2019Estadio de la Cer\u00e1mica."},{"type":"paragraph","text":"El t\u00e8cnic groguet ha advertit de la millora del Valencia CF en les \u00faltims partits: \u201cEls n\u00fameros del Val\u00e8ncia en els \u00faltims cinc partits estan molt lluny dels d\u2019un equip en zona de descens. \u00c9s un equip en bona din\u00e0mica, que ha sumat dos triomfs consecutius. Espere un derbi dif\u00edcil i igualat. Encara que espere que fem valdre la nostra condici\u00f3 de local i puguem portar-nos la vict\u00f2ria\u201d."},{"type":"paragraph","text":"De la mateixa manera, Marcelino ha analitzat les virtuts d\u2019un rival, al qual considera, molt perill\u00f3s i que arriba en el seu millor moment de la temporada: \u201c\u00c9s un equip que pressiona molt intensament, busca atacs directes i molts contrataques. Estrenyen molt i s\u00f3n un equip molt complicat. Ens intentaran buscar l\u2019esquena, que no estiguem c\u00f2modes. Ho sabem i a partir d\u2019ac\u00ed hem d\u2019atacar b\u00e9 i defendre b\u00e9 per a encaixar menys gols\u201d."},{"type":"paragraph","text":"En quant als derbis, l\u2019entrenador asturi\u00e0 ha reconegut que sempre s\u00f3n especials: \u201cS\u00f3n emocionals de per si mateix. Jo he viscut moments molt especials en els dos equips, per\u00f2 ara soc ac\u00ed i vull que guanye el Villarreal. Este \u00e9s un dels millors partits que es pot veure en LALIGA i \u00e9s una pena que no es dispute enguany per un lloc alt en la taula\u201d."},{"type":"paragraph","text":"D\u2019altra banda, Marcelino ha sigut molt insistent en la necessitat de ser humil i respectu\u00f3s per a poder superar al Valencia: \u201cTots volem guanyar, per\u00f2 el primer pas \u00e9s el respecte i la humilitat. Guanyar en Primera Divisi\u00f3 \u00e9s molt complicat i molt m\u00e9s en un derbi contra un equip que porta la seua millor din\u00e0mica de la temporada. Volem que l\u2019afici\u00f3 gaudisca i estiga satisfeta amb el resultat, per\u00f2 sabem que hi haur\u00e0 moments de dificultat i patiment\u201d."},{"type":"paragraph","text":"Finalment, l\u2019entrenador del Villarreal ha advocat per mantindre la din\u00e0mica a casa dels \u00faltims partits: \u201cEstem en el proc\u00e9s de ser un equip molt solvent a casa, que el ratificar\u00edem amb una tercera vict\u00f2ria consecutiva a casa, venim de dos resultats molt bons a casa, per\u00f2 segur que el partit de dem\u00e0 ser\u00e0 molt diferent. No ser\u00e0 senzill, perqu\u00e8 el Valencia s\u2019est\u00e0 jugant molt i perqu\u00e8 ara est\u00e0 en una situaci\u00f3 completament diferent que fa unes setmanes. Respecte i m\u00e0xima humilitat\u201d."},{"type":"paragraph","text":"A continuaci\u00f3, pots escoltar la roda de premsa completa de Marcelino Garc\u00eda Toral abans del derbi davant el Valencia CF:"},{"type":"video","kind":"iframe","url":"https:\/\/www.youtube.com\/embed\/vUz8-zMPvpg?feature=oembed","poster":""}]}},"sections":[{"id":"section-1","title":"L\u2019entrenador groguet ha assenyalat que el seu equip ha de ser humil i respectu\u00f3s per a superar a un rival que arriba en el seu millor moment","text":"L\u2019entrenador groguet ha assenyalat que el seu equip ha de ser humil i respectu\u00f3s per a superar a un rival que arriba en el seu millor moment L\u2019entrenador del Villarreal, Marcelino Garc\u00eda Toral, ha comparegut este divendres davant els mitjans de comunicaci\u00f3 per a analitzar la pr\u00e8via del derbi auton\u00f2mic davant el Valencia CF, corresponent a la jornada 24 de LALIGA EA Sports, que se celebrar\u00e0 este dissabte, a partir de les 21.00 hores, en l\u2019Estadio de la Cer\u00e1mica. El t\u00e8cnic groguet ha advertit de la millora del Valencia CF en les \u00faltims partits: \u201cEls n\u00fameros del Val\u00e8ncia en els \u00faltims cinc partits estan molt lluny dels d\u2019un equip en zona de descens. \u00c9s un equip en bona din\u00e0mica, que ha sumat dos triomfs consecutius. Espere un derbi dif\u00edcil i igualat. Encara que espere que fem valdre la nostra condici\u00f3 de local i puguem portar-nos la vict\u00f2ria\u201d. De la mateixa manera, Marcelino ha analitzat les virtuts d\u2019un rival, al qual considera, molt perill\u00f3s i que arriba en el seu millor moment de la temporada: \u201c\u00c9s un equip que pressiona molt intensament, busca atacs directes i molts contrataques. Estrenyen molt i s\u00f3n un equip molt complicat. Ens intentaran buscar l\u2019esquena, que no estiguem c\u00f2modes. Ho sabem i a partir d\u2019ac\u00ed hem d\u2019atacar b\u00e9 i defendre b\u00e9 per a encaixar menys gols\u201d. En quant als derbis, l\u2019entrenador asturi\u00e0 ha reconegut que sempre s\u00f3n especials: \u201cS\u00f3n emocionals de per si mateix. Jo he viscut moments molt especials en els dos equips, per\u00f2 ara soc ac\u00ed i vull que guanye el Villarreal. Este \u00e9s un dels millors partits que es pot veure en LALIGA i \u00e9s una pena que no es dispute enguany per un lloc alt en la taula\u201d. D\u2019altra banda, Marcelino ha sigut molt insistent en la necessitat de ser humil i respectu\u00f3s per a poder superar al Valencia: \u201cTots volem guanyar, per\u00f2 el primer pas \u00e9s el respecte i la humilitat. Guanyar en Primera Divisi\u00f3 \u00e9s molt complicat i molt m\u00e9s en un derbi contra un equip que porta la seua millor din\u00e0mica de la temporada. Volem que l\u2019afici\u00f3 gaudisca i estiga satisfeta amb el resultat, per\u00f2 sabem que hi haur\u00e0 moments de dificultat i patiment\u201d. Finalment, l\u2019entrenador del Villarreal ha advocat per mantindre la din\u00e0mica a casa dels \u00faltims partits: \u201cEstem en el proc\u00e9s de ser un equip molt solvent a casa, que el ratificar\u00edem amb una tercera vict\u00f2ria consecutiva a casa, venim de dos resultats molt bons a casa, per\u00f2 segur que el partit de dem\u00e0 ser\u00e0 molt diferent. No ser\u00e0 senzill, perqu\u00e8 el Valencia s\u2019est\u00e0 jugant molt i perqu\u00e8 ara est\u00e0 en una situaci\u00f3 completament diferent que fa unes setmanes. Respecte i m\u00e0xima humilitat\u201d. A continuaci\u00f3, pots escoltar la roda de premsa completa de Marcelino Garc\u00eda Toral abans del derbi davant el Valencia CF:","url":"","background_image":"","images":[],"videos":[{"type":"video","kind":"iframe","url":"https:\/\/www.youtube.com\/embed\/vUz8-zMPvpg?feature=oembed","poster":""}],"links":[]}]},"excerpt":{"rendered":"L&#8217;entrenador groguet ha assenyalat que el seu equip ha de ser humil i respectu\u00f3s per a superar a un rival que arriba en el seu millor moment","protected":false},"author":25,"featured_media":336945,"comment_status":"closed","ping_status":"closed","sticky":false,"template":"","format":"standard","meta":{"_acf_changed":false,"footnotes":""},"categories":[13493],"tags":[11429,717,9270,9469,9219,9278,716,9205,9627,9607,9203],"acf":null,"lang":"val","translations":{"es":336874,"val":336918,"en":336926},"essential_grid":{"has_grid":false},"formatted_date":"February 14, 2025","modified_date":"February 14, 2025","permalink":"https:\/\/villarrealcf.es\/val\/marcelino-espero-un-derbi-dificil-e-igualado-ante-el-valencia\/","reading_time":3,"featured_media_data":{"id":336945,"title":"MARCELINO","caption":"","alt_text":"","description":"","mime_type":"image\/jpeg","source_url":"https:\/\/villarrealcf.es\/wp-content\/uploads\/2025\/02\/MARCELINO-1.jpg","sizes":{"thumbnail":{"url":"https:\/\/villarrealcf.es\/wp-content\/uploads\/2025\/02\/MARCELINO-1-1920x1080.jpg","width":1920,"height":1080},"medium":{"url":"https:\/\/villarrealcf.es\/wp-content\/uploads\/2025\/02\/MARCELINO-1-1920x1080.jpg","width":1920,"height":1080},"medium_large":{"url":"https:\/\/villarrealcf.es\/wp-content\/uploads\/2025\/02\/MARCELINO-1-768x432.jpg","width":768,"height":432},"large":{"url":"https:\/\/villarrealcf.es\/wp-content\/uploads\/2025\/02\/MARCELINO-1-1920x1080.jpg","width":788,"height":443},"1536x1536":{"url":"https:\/\/villarrealcf.es\/wp-content\/uploads\/2025\/02\/MARCELINO-1-1536x864.jpg","width":1536,"height":864},"2048x2048":{"url":"https:\/\/villarrealcf.es\/wp-content\/uploads\/2025\/02\/MARCELINO-1-2048x1152.jpg","width":2048,"height":1152},"tp-image-grid":{"url":"https:\/\/villarrealcf.es\/wp-content\/uploads\/2025\/02\/MARCELINO-1-700x700.jpg","width":700,"height":700},"size-bunyad-medium":{"url":"https:\/\/villarrealcf.es\/wp-content\/uploads\/2025\/02\/MARCELINO-1-1920x1080.jpg","width":1920,"height":1080},"sportspress-crop-medium":{"url":"https:\/\/villarrealcf.es\/wp-content\/uploads\/2025\/02\/MARCELINO-1-300x300.jpg","width":300,"height":300},"sportspress-fit-medium":{"url":"https:\/\/villarrealcf.es\/wp-content\/uploads\/2025\/02\/MARCELINO-1-300x169.jpg","width":300,"height":169},"sportspress-fit-icon":{"url":"https:\/\/villarrealcf.es\/wp-content\/uploads\/2025\/02\/MARCELINO-1-128x72.jpg","width":128,"height":72},"sportspress-fit-mini":{"url":"https:\/\/villarrealcf.es\/wp-content\/uploads\/2025\/02\/MARCELINO-1-32x18.jpg","width":32,"height":18},"bunyad-small":{"url":"https:\/\/villarrealcf.es\/wp-content\/uploads\/2025\/02\/MARCELINO-1-150x84.jpg","width":150,"height":84},"bunyad-medium":{"url":"https:\/\/villarrealcf.es\/wp-content\/uploads\/2025\/02\/MARCELINO-1-450x253.jpg","width":450,"height":253},"bunyad-full":{"url":"https:\/\/villarrealcf.es\/wp-content\/uploads\/2025\/02\/MARCELINO-1-1200x675.jpg","width":1200,"height":675},"bunyad-viewport":{"url":"https:\/\/villarrealcf.es\/wp-content\/uploads\/2025\/02\/MARCELINO-1-2048x1152.jpg","width":2048,"height":1152},"bunyad-768":{"url":"https:\/\/villarrealcf.es\/wp-content\/uploads\/2025\/02\/MARCELINO-1-768x432.jpg","width":768,"height":432},"full":{"url":"https:\/\/villarrealcf.es\/wp-content\/uploads\/2025\/02\/MARCELINO-1.jpg","width":2479,"height":1395}}},"author_data":{"id":"25","name":"Javier Ayuso","first_name":"Javier","last_name":"Ayuso","description":"","avatar_url":"https:\/\/secure.gravatar.com\/avatar\/fcf8894be45988fcce5bbff0efe1790d2a7f4ba57e2c7c898f5068154e696495?s=96&d=mm&r=g","acf":null},"taxonomies_data":{"category":[{"id":13493,"name":"Primer equip","slug":"primer-equip","acf":null}],"post_tag":[{"id":11429,"name":"Estadio de la Cer\u00e1mica","slug":"estadio-de-la-ceramica-val","acf":null},{"id":717,"name":"Football","slug":"football-d34","acf":null},{"id":9270,"name":"Futbol","slug":"futbol-val","acf":null},{"id":9469,"name":"Jornada 24","slug":"jornada-24-val","acf":null},{"id":9219,"name":"Marcelino Garc\u00eda Toral","slug":"marcelino-garcia-toral-val","acf":null},{"id":9278,"name":"primera division","slug":"primera-division-val","acf":null},{"id":716,"name":"Soccer","slug":"soccer-d105","acf":null},{"id":9205,"name":"Submarino","slug":"submarino-val","acf":null},{"id":9627,"name":"Submarino Amarillo","slug":"submarino-amarillo-val","acf":null},{"id":9607,"name":"Valencia CF","slug":"valencia-cf-val","acf":null},{"id":9203,"name":"Villarreal CF","slug":"villarreal-cf-val","acf":null}],"translation_priority":[{"id":735,"name":"Optional","slug":"optional-val","acf":null}]},"seo_full":{"native":{"title":"Marcelino: \u201cEspere un derbi dif\u00edcil i igualat davant el Valencia\u201d - Web Oficial del Villarreal CF","description":"L'entrenador groguet ha assenyalat que el seu equip ha de ser humil i respectu\u00f3s per a superar a un rival que arriba en el seu millor moment","canonical":"https:\/\/villarrealcf.es\/val\/marcelino-espero-un-derbi-dificil-e-igualado-ante-el-valencia\/"}},"_links":{"self":[{"href":"https:\/\/villarrealcf.es\/val\/wp-json\/wp\/v2\/posts\/336918","targetHints":{"allow":["GET"]}}],"collection":[{"href":"https:\/\/villarrealcf.es\/val\/wp-json\/wp\/v2\/posts"}],"about":[{"href":"https:\/\/villarrealcf.es\/val\/wp-json\/wp\/v2\/types\/post"}],"author":[{"embeddable":true,"href":"https:\/\/villarrealcf.es\/val\/wp-json\/wp\/v2\/users\/25"}],"replies":[{"embeddable":true,"href":"https:\/\/villarrealcf.es\/val\/wp-json\/wp\/v2\/comments?post=336918"}],"version-history":[{"count":0,"href":"https:\/\/villarrealcf.es\/val\/wp-json\/wp\/v2\/posts\/336918\/revisions"}],"wp:featuredmedia":[{"embeddable":true,"href":"https:\/\/villarrealcf.es\/val\/wp-json\/wp\/v2\/media\/336945"}],"wp:attachment":[{"href":"https:\/\/villarrealcf.es\/val\/wp-json\/wp\/v2\/media?parent=336918"}],"wp:term":[{"taxonomy":"category","embeddable":true,"href":"https:\/\/villarrealcf.es\/val\/wp-json\/wp\/v2\/categories?post=336918"},{"taxonomy":"post_tag","embeddable":true,"href":"https:\/\/villarrealcf.es\/val\/wp-json\/wp\/v2\/tags?post=336918"}],"curies":[{"name":"wp","href":"https:\/\/api.w.org\/{rel}","templated":true}]}}