{"id":335735,"date":"2025-02-06T16:59:50","date_gmt":"2025-02-06T15:59:50","guid":{"rendered":"https:\/\/villarrealcf.es\/ilias-akhomach-el-inicio-de-un-largo-camino\/"},"modified":"2025-05-07T10:59:17","modified_gmt":"2025-05-07T08:59:17","slug":"ilias-akhomach-linici-dun-llarg-cami","status":"publish","type":"post","link":"https:\/\/villarrealcf.es\/val\/ilias-akhomach-linici-dun-llarg-cami\/","title":{"rendered":"Ilias Akhomach: l&#8217;inici d&#8217;un llarg cam\u00ed"},"content":{"protected":false,"blocks":[{"type":"heading","level":2,"text":"El Villarreal CF ha em\u00e9s un v\u00eddeo reportatge sobre el proc\u00e9s de recuperaci\u00f3 del jove futbolista hisp\u00e0-marroqu\u00ed"},{"type":"paragraph","text":"El Villarreal CF ha creat un v\u00eddeo reportatge, en col\u00b7laboraci\u00f3 amb ASISA, sobre el proc\u00e9s de recuperaci\u00f3 d\u2019Ilias Akhomach, que treballa per a tornar als terrenys de joc despr\u00e9s de patir un trencament complet del lligament creuat anterior del seu genoll dret."},{"type":"paragraph","text":"Corria el minut 41 del Villarreal-Alav\u00e9s, celebrat el 9 de novembre en l\u2019Estadio de la Cer\u00e1mica, quan l\u2019hisp\u00e0-marroqu\u00ed va haver d\u2019abandonar el terreny de joc despr\u00e9s d\u2019un mal gir en el seu genoll. La desafortunada acci\u00f3 truncava la seua participaci\u00f3 en la trobada, que guanyaven els grocs gr\u00e0cies a un gol\u00e0s del propi Ilias. Hores despr\u00e9s es feien realitat els pitjors presagis."},{"type":"paragraph","text":"Despr\u00e9s de confirmar-se el diagn\u00f2stic i digerir el fort colp an\u00edmic, Ilias va ser intervingut de LCA a Barcelona per a donar principi a un llarg cam\u00ed de treball per a tornar als terrenys de joc."},{"type":"paragraph","text":"Amb este reportatge sobre la seua recuperaci\u00f3, dividit en diversos lliuraments, el Villarreal CF vol acompanyar al futbolista i mostrar als seus aficionats el proc\u00e9s pel qual travessa un jugador que patix una lesi\u00f3 de llarga duraci\u00f3."},{"type":"image","url":"https:\/\/villarrealcf.es\/wp-content\/uploads\/2025\/02\/image.png","alt":"","width":760,"height":84,"srcset":"https:\/\/villarrealcf.es\/wp-content\/uploads\/2025\/02\/image.png 760w, https:\/\/villarrealcf.es\/wp-content\/uploads\/2025\/02\/image.png 1920w, https:\/\/villarrealcf.es\/wp-content\/uploads\/2025\/02\/image.png 1920w, https:\/\/villarrealcf.es\/wp-content\/uploads\/2025\/02\/image-32x4.png 32w, https:\/\/villarrealcf.es\/wp-content\/uploads\/2025\/02\/image-150x17.png 150w, https:\/\/villarrealcf.es\/wp-content\/uploads\/2025\/02\/image.png 1920w, https:\/\/villarrealcf.es\/wp-content\/uploads\/2025\/02\/image.png 1920w","sizes":"auto, (max-width: 760px) 100vw, 760px"}],"structured":{"summary":{"text":"El Villarreal CF ha em\u00e9s un v\u00eddeo reportatge sobre el proc\u00e9s de recuperaci\u00f3 del jove futbolista hisp\u00e0-marroqu\u00ed El Villarreal CF ha creat un v\u00eddeo reportatge, en col\u00b7laboraci\u00f3 amb ASISA, sobre el proc\u00e9s de recuperaci\u00f3 d\u2019Ilias Akhomach, que treballa per a tornar als terrenys de joc despr\u00e9s de patir un trencament complet del lligament creuat anterior del seu genoll dret. Corria el minut 41 del Villarreal-Alav\u00e9s, celebrat el 9 de novembre en l\u2019Estadio de la Cer\u00e1mica, quan l\u2019hisp\u00e0-marroqu\u00ed va haver d\u2019abandonar el terreny de joc despr\u00e9s d\u2019un mal gir en el seu genoll. La desafortunada acci\u00f3 truncava la seua participaci\u00f3 en la trobada, que guanyaven els grocs gr\u00e0cies a un gol\u00e0s del propi Ilias. Hores despr\u00e9s es feien realitat els pitjors presagis. Despr\u00e9s de confirmar-se el diagn\u00f2stic i digerir el fort colp an\u00edmic, Ilias va ser intervingut de LCA a Barcelona per a donar principi a un llarg cam\u00ed de treball per a tornar als terrenys de joc. Amb este reportatge sobre la seua recuperaci\u00f3, dividit en diversos lliuraments, el Villarreal CF vol acompanyar al futbolista i mostrar als seus aficionats el proc\u00e9s pel qual travessa un jugador que patix una lesi\u00f3 de llarga duraci\u00f3.","headings":[{"type":"heading","level":2,"text":"El Villarreal CF ha em\u00e9s un v\u00eddeo reportatge sobre el proc\u00e9s de recuperaci\u00f3 del jove futbolista hisp\u00e0-marroqu\u00ed"}],"buttons":[],"images":[{"type":"image","url":"https:\/\/villarrealcf.es\/wp-content\/uploads\/2025\/02\/image.png","alt":"","width":760,"height":84,"srcset":"https:\/\/villarrealcf.es\/wp-content\/uploads\/2025\/02\/image.png 760w, https:\/\/villarrealcf.es\/wp-content\/uploads\/2025\/02\/image.png 1920w, https:\/\/villarrealcf.es\/wp-content\/uploads\/2025\/02\/image.png 1920w, https:\/\/villarrealcf.es\/wp-content\/uploads\/2025\/02\/image-32x4.png 32w, https:\/\/villarrealcf.es\/wp-content\/uploads\/2025\/02\/image-150x17.png 150w, https:\/\/villarrealcf.es\/wp-content\/uploads\/2025\/02\/image.png 1920w, https:\/\/villarrealcf.es\/wp-content\/uploads\/2025\/02\/image.png 1920w","sizes":"auto, (max-width: 760px) 100vw, 760px"}],"counts":{"blocks":6,"headings":1,"texts":4,"buttons":0,"images":1}},"sections":[{"id":"section-1","title":"El Villarreal CF ha em\u00e9s un v\u00eddeo reportatge sobre el proc\u00e9s de recuperaci\u00f3 del jove futbolista hisp\u00e0-marroqu\u00ed","text":"El Villarreal CF ha em\u00e9s un v\u00eddeo reportatge sobre el proc\u00e9s de recuperaci\u00f3 del jove futbolista hisp\u00e0-marroqu\u00ed El Villarreal CF ha creat un v\u00eddeo reportatge, en col\u00b7laboraci\u00f3 amb ASISA, sobre el proc\u00e9s de recuperaci\u00f3 d\u2019Ilias Akhomach, que treballa per a tornar als terrenys de joc despr\u00e9s de patir un trencament complet del lligament creuat anterior del seu genoll dret. Corria el minut 41 del Villarreal-Alav\u00e9s, celebrat el 9 de novembre en l\u2019Estadio de la Cer\u00e1mica, quan l\u2019hisp\u00e0-marroqu\u00ed va haver d\u2019abandonar el terreny de joc despr\u00e9s d\u2019un mal gir en el seu genoll. La desafortunada acci\u00f3 truncava la seua participaci\u00f3 en la trobada, que guanyaven els grocs gr\u00e0cies a un gol\u00e0s del propi Ilias. Hores despr\u00e9s es feien realitat els pitjors presagis. Despr\u00e9s de confirmar-se el diagn\u00f2stic i digerir el fort colp an\u00edmic, Ilias va ser intervingut de LCA a Barcelona per a donar principi a un llarg cam\u00ed de treball per a tornar als terrenys de joc. Amb este reportatge sobre la seua recuperaci\u00f3, dividit en diversos lliuraments, el Villarreal CF vol acompanyar al futbolista i mostrar als seus aficionats el proc\u00e9s pel qual travessa un jugador que patix una lesi\u00f3 de llarga duraci\u00f3.","headings":[{"type":"heading","level":2,"text":"El Villarreal CF ha em\u00e9s un v\u00eddeo reportatge sobre el proc\u00e9s de recuperaci\u00f3 del jove futbolista hisp\u00e0-marroqu\u00ed"}],"texts":[{"type":"paragraph","text":"El Villarreal CF ha creat un v\u00eddeo reportatge, en col\u00b7laboraci\u00f3 amb ASISA, sobre el proc\u00e9s de recuperaci\u00f3 d\u2019Ilias Akhomach, que treballa per a tornar als terrenys de joc despr\u00e9s de patir un trencament complet del lligament creuat anterior del seu genoll dret."},{"type":"paragraph","text":"Corria el minut 41 del Villarreal-Alav\u00e9s, celebrat el 9 de novembre en l\u2019Estadio de la Cer\u00e1mica, quan l\u2019hisp\u00e0-marroqu\u00ed va haver d\u2019abandonar el terreny de joc despr\u00e9s d\u2019un mal gir en el seu genoll. La desafortunada acci\u00f3 truncava la seua participaci\u00f3 en la trobada, que guanyaven els grocs gr\u00e0cies a un gol\u00e0s del propi Ilias. Hores despr\u00e9s es feien realitat els pitjors presagis."},{"type":"paragraph","text":"Despr\u00e9s de confirmar-se el diagn\u00f2stic i digerir el fort colp an\u00edmic, Ilias va ser intervingut de LCA a Barcelona per a donar principi a un llarg cam\u00ed de treball per a tornar als terrenys de joc."},{"type":"paragraph","text":"Amb este reportatge sobre la seua recuperaci\u00f3, dividit en diversos lliuraments, el Villarreal CF vol acompanyar al futbolista i mostrar als seus aficionats el proc\u00e9s pel qual travessa un jugador que patix una lesi\u00f3 de llarga duraci\u00f3."}],"buttons":[],"images":[{"type":"image","url":"https:\/\/villarrealcf.es\/wp-content\/uploads\/2025\/02\/image.png","alt":"","width":760,"height":84,"srcset":"https:\/\/villarrealcf.es\/wp-content\/uploads\/2025\/02\/image.png 760w, https:\/\/villarrealcf.es\/wp-content\/uploads\/2025\/02\/image.png 1920w, https:\/\/villarrealcf.es\/wp-content\/uploads\/2025\/02\/image.png 1920w, https:\/\/villarrealcf.es\/wp-content\/uploads\/2025\/02\/image-32x4.png 32w, https:\/\/villarrealcf.es\/wp-content\/uploads\/2025\/02\/image-150x17.png 150w, https:\/\/villarrealcf.es\/wp-content\/uploads\/2025\/02\/image.png 1920w, https:\/\/villarrealcf.es\/wp-content\/uploads\/2025\/02\/image.png 1920w","sizes":"auto, (max-width: 760px) 100vw, 760px"}],"widgets":[],"blocks":[{"type":"heading","level":2,"text":"El Villarreal CF ha em\u00e9s un v\u00eddeo reportatge sobre el proc\u00e9s de recuperaci\u00f3 del jove futbolista hisp\u00e0-marroqu\u00ed"},{"type":"paragraph","text":"El Villarreal CF ha creat un v\u00eddeo reportatge, en col\u00b7laboraci\u00f3 amb ASISA, sobre el proc\u00e9s de recuperaci\u00f3 d\u2019Ilias Akhomach, que treballa per a tornar als terrenys de joc despr\u00e9s de patir un trencament complet del lligament creuat anterior del seu genoll dret."},{"type":"paragraph","text":"Corria el minut 41 del Villarreal-Alav\u00e9s, celebrat el 9 de novembre en l\u2019Estadio de la Cer\u00e1mica, quan l\u2019hisp\u00e0-marroqu\u00ed va haver d\u2019abandonar el terreny de joc despr\u00e9s d\u2019un mal gir en el seu genoll. La desafortunada acci\u00f3 truncava la seua participaci\u00f3 en la trobada, que guanyaven els grocs gr\u00e0cies a un gol\u00e0s del propi Ilias. Hores despr\u00e9s es feien realitat els pitjors presagis."},{"type":"paragraph","text":"Despr\u00e9s de confirmar-se el diagn\u00f2stic i digerir el fort colp an\u00edmic, Ilias va ser intervingut de LCA a Barcelona per a donar principi a un llarg cam\u00ed de treball per a tornar als terrenys de joc."},{"type":"paragraph","text":"Amb este reportatge sobre la seua recuperaci\u00f3, dividit en diversos lliuraments, el Villarreal CF vol acompanyar al futbolista i mostrar als seus aficionats el proc\u00e9s pel qual travessa un jugador que patix una lesi\u00f3 de llarga duraci\u00f3."},{"type":"image","url":"https:\/\/villarrealcf.es\/wp-content\/uploads\/2025\/02\/image.png","alt":"","width":760,"height":84,"srcset":"https:\/\/villarrealcf.es\/wp-content\/uploads\/2025\/02\/image.png 760w, https:\/\/villarrealcf.es\/wp-content\/uploads\/2025\/02\/image.png 1920w, https:\/\/villarrealcf.es\/wp-content\/uploads\/2025\/02\/image.png 1920w, https:\/\/villarrealcf.es\/wp-content\/uploads\/2025\/02\/image-32x4.png 32w, https:\/\/villarrealcf.es\/wp-content\/uploads\/2025\/02\/image-150x17.png 150w, https:\/\/villarrealcf.es\/wp-content\/uploads\/2025\/02\/image.png 1920w, https:\/\/villarrealcf.es\/wp-content\/uploads\/2025\/02\/image.png 1920w","sizes":"auto, (max-width: 760px) 100vw, 760px"}]}],"hero":{"id":"section-1","title":"El Villarreal CF ha em\u00e9s un v\u00eddeo reportatge sobre el proc\u00e9s de recuperaci\u00f3 del jove futbolista hisp\u00e0-marroqu\u00ed","text":"El Villarreal CF ha em\u00e9s un v\u00eddeo reportatge sobre el proc\u00e9s de recuperaci\u00f3 del jove futbolista hisp\u00e0-marroqu\u00ed El Villarreal CF ha creat un v\u00eddeo reportatge, en col\u00b7laboraci\u00f3 amb ASISA, sobre el proc\u00e9s de recuperaci\u00f3 d\u2019Ilias Akhomach, que treballa per a tornar als terrenys de joc despr\u00e9s de patir un trencament complet del lligament creuat anterior del seu genoll dret. Corria el minut 41 del Villarreal-Alav\u00e9s, celebrat el 9 de novembre en l\u2019Estadio de la Cer\u00e1mica, quan l\u2019hisp\u00e0-marroqu\u00ed va haver d\u2019abandonar el terreny de joc despr\u00e9s d\u2019un mal gir en el seu genoll. La desafortunada acci\u00f3 truncava la seua participaci\u00f3 en la trobada, que guanyaven els grocs gr\u00e0cies a un gol\u00e0s del propi Ilias. Hores despr\u00e9s es feien realitat els pitjors presagis. Despr\u00e9s de confirmar-se el diagn\u00f2stic i digerir el fort colp an\u00edmic, Ilias va ser intervingut de LCA a Barcelona per a donar principi a un llarg cam\u00ed de treball per a tornar als terrenys de joc. Amb este reportatge sobre la seua recuperaci\u00f3, dividit en diversos lliuraments, el Villarreal CF vol acompanyar al futbolista i mostrar als seus aficionats el proc\u00e9s pel qual travessa un jugador que patix una lesi\u00f3 de llarga duraci\u00f3.","headings":[{"type":"heading","level":2,"text":"El Villarreal CF ha em\u00e9s un v\u00eddeo reportatge sobre el proc\u00e9s de recuperaci\u00f3 del jove futbolista hisp\u00e0-marroqu\u00ed"}],"texts":[{"type":"paragraph","text":"El Villarreal CF ha creat un v\u00eddeo reportatge, en col\u00b7laboraci\u00f3 amb ASISA, sobre el proc\u00e9s de recuperaci\u00f3 d\u2019Ilias Akhomach, que treballa per a tornar als terrenys de joc despr\u00e9s de patir un trencament complet del lligament creuat anterior del seu genoll dret."},{"type":"paragraph","text":"Corria el minut 41 del Villarreal-Alav\u00e9s, celebrat el 9 de novembre en l\u2019Estadio de la Cer\u00e1mica, quan l\u2019hisp\u00e0-marroqu\u00ed va haver d\u2019abandonar el terreny de joc despr\u00e9s d\u2019un mal gir en el seu genoll. La desafortunada acci\u00f3 truncava la seua participaci\u00f3 en la trobada, que guanyaven els grocs gr\u00e0cies a un gol\u00e0s del propi Ilias. Hores despr\u00e9s es feien realitat els pitjors presagis."},{"type":"paragraph","text":"Despr\u00e9s de confirmar-se el diagn\u00f2stic i digerir el fort colp an\u00edmic, Ilias va ser intervingut de LCA a Barcelona per a donar principi a un llarg cam\u00ed de treball per a tornar als terrenys de joc."},{"type":"paragraph","text":"Amb este reportatge sobre la seua recuperaci\u00f3, dividit en diversos lliuraments, el Villarreal CF vol acompanyar al futbolista i mostrar als seus aficionats el proc\u00e9s pel qual travessa un jugador que patix una lesi\u00f3 de llarga duraci\u00f3."}],"buttons":[],"images":[{"type":"image","url":"https:\/\/villarrealcf.es\/wp-content\/uploads\/2025\/02\/image.png","alt":"","width":760,"height":84,"srcset":"https:\/\/villarrealcf.es\/wp-content\/uploads\/2025\/02\/image.png 760w, https:\/\/villarrealcf.es\/wp-content\/uploads\/2025\/02\/image.png 1920w, https:\/\/villarrealcf.es\/wp-content\/uploads\/2025\/02\/image.png 1920w, https:\/\/villarrealcf.es\/wp-content\/uploads\/2025\/02\/image-32x4.png 32w, https:\/\/villarrealcf.es\/wp-content\/uploads\/2025\/02\/image-150x17.png 150w, https:\/\/villarrealcf.es\/wp-content\/uploads\/2025\/02\/image.png 1920w, https:\/\/villarrealcf.es\/wp-content\/uploads\/2025\/02\/image.png 1920w","sizes":"auto, (max-width: 760px) 100vw, 760px"}],"widgets":[],"blocks":[{"type":"heading","level":2,"text":"El Villarreal CF ha em\u00e9s un v\u00eddeo reportatge sobre el proc\u00e9s de recuperaci\u00f3 del jove futbolista hisp\u00e0-marroqu\u00ed"},{"type":"paragraph","text":"El Villarreal CF ha creat un v\u00eddeo reportatge, en col\u00b7laboraci\u00f3 amb ASISA, sobre el proc\u00e9s de recuperaci\u00f3 d\u2019Ilias Akhomach, que treballa per a tornar als terrenys de joc despr\u00e9s de patir un trencament complet del lligament creuat anterior del seu genoll dret."},{"type":"paragraph","text":"Corria el minut 41 del Villarreal-Alav\u00e9s, celebrat el 9 de novembre en l\u2019Estadio de la Cer\u00e1mica, quan l\u2019hisp\u00e0-marroqu\u00ed va haver d\u2019abandonar el terreny de joc despr\u00e9s d\u2019un mal gir en el seu genoll. La desafortunada acci\u00f3 truncava la seua participaci\u00f3 en la trobada, que guanyaven els grocs gr\u00e0cies a un gol\u00e0s del propi Ilias. Hores despr\u00e9s es feien realitat els pitjors presagis."},{"type":"paragraph","text":"Despr\u00e9s de confirmar-se el diagn\u00f2stic i digerir el fort colp an\u00edmic, Ilias va ser intervingut de LCA a Barcelona per a donar principi a un llarg cam\u00ed de treball per a tornar als terrenys de joc."},{"type":"paragraph","text":"Amb este reportatge sobre la seua recuperaci\u00f3, dividit en diversos lliuraments, el Villarreal CF vol acompanyar al futbolista i mostrar als seus aficionats el proc\u00e9s pel qual travessa un jugador que patix una lesi\u00f3 de llarga duraci\u00f3."},{"type":"image","url":"https:\/\/villarrealcf.es\/wp-content\/uploads\/2025\/02\/image.png","alt":"","width":760,"height":84,"srcset":"https:\/\/villarrealcf.es\/wp-content\/uploads\/2025\/02\/image.png 760w, https:\/\/villarrealcf.es\/wp-content\/uploads\/2025\/02\/image.png 1920w, https:\/\/villarrealcf.es\/wp-content\/uploads\/2025\/02\/image.png 1920w, https:\/\/villarrealcf.es\/wp-content\/uploads\/2025\/02\/image-32x4.png 32w, https:\/\/villarrealcf.es\/wp-content\/uploads\/2025\/02\/image-150x17.png 150w, https:\/\/villarrealcf.es\/wp-content\/uploads\/2025\/02\/image.png 1920w, https:\/\/villarrealcf.es\/wp-content\/uploads\/2025\/02\/image.png 1920w","sizes":"auto, (max-width: 760px) 100vw, 760px"}]}},"sections":[{"id":"section-1","title":"El Villarreal CF ha em\u00e9s un v\u00eddeo reportatge sobre el proc\u00e9s de recuperaci\u00f3 del jove futbolista hisp\u00e0-marroqu\u00ed","text":"El Villarreal CF ha em\u00e9s un v\u00eddeo reportatge sobre el proc\u00e9s de recuperaci\u00f3 del jove futbolista hisp\u00e0-marroqu\u00ed El Villarreal CF ha creat un v\u00eddeo reportatge, en col\u00b7laboraci\u00f3 amb ASISA, sobre el proc\u00e9s de recuperaci\u00f3 d\u2019Ilias Akhomach, que treballa per a tornar als terrenys de joc despr\u00e9s de patir un trencament complet del lligament creuat anterior del seu genoll dret. Corria el minut 41 del Villarreal-Alav\u00e9s, celebrat el 9 de novembre en l\u2019Estadio de la Cer\u00e1mica, quan l\u2019hisp\u00e0-marroqu\u00ed va haver d\u2019abandonar el terreny de joc despr\u00e9s d\u2019un mal gir en el seu genoll. La desafortunada acci\u00f3 truncava la seua participaci\u00f3 en la trobada, que guanyaven els grocs gr\u00e0cies a un gol\u00e0s del propi Ilias. Hores despr\u00e9s es feien realitat els pitjors presagis. Despr\u00e9s de confirmar-se el diagn\u00f2stic i digerir el fort colp an\u00edmic, Ilias va ser intervingut de LCA a Barcelona per a donar principi a un llarg cam\u00ed de treball per a tornar als terrenys de joc. Amb este reportatge sobre la seua recuperaci\u00f3, dividit en diversos lliuraments, el Villarreal CF vol acompanyar al futbolista i mostrar als seus aficionats el proc\u00e9s pel qual travessa un jugador que patix una lesi\u00f3 de llarga duraci\u00f3.","url":"","background_image":"","images":[{"type":"image","url":"https:\/\/villarrealcf.es\/wp-content\/uploads\/2025\/02\/image.png","alt":"","width":760,"height":84,"srcset":"https:\/\/villarrealcf.es\/wp-content\/uploads\/2025\/02\/image.png 760w, https:\/\/villarrealcf.es\/wp-content\/uploads\/2025\/02\/image.png 1920w, https:\/\/villarrealcf.es\/wp-content\/uploads\/2025\/02\/image.png 1920w, https:\/\/villarrealcf.es\/wp-content\/uploads\/2025\/02\/image-32x4.png 32w, https:\/\/villarrealcf.es\/wp-content\/uploads\/2025\/02\/image-150x17.png 150w, https:\/\/villarrealcf.es\/wp-content\/uploads\/2025\/02\/image.png 1920w, https:\/\/villarrealcf.es\/wp-content\/uploads\/2025\/02\/image.png 1920w","sizes":"auto, (max-width: 760px) 100vw, 760px"}],"videos":[],"links":[]}]},"excerpt":{"rendered":"El Villarreal CF ha em\u00e9s un v\u00eddeo reportatge sobre el proc\u00e9s de recuperaci\u00f3 del jove futbolista hisp\u00e0-marroqu\u00ed","protected":false},"author":25,"featured_media":335732,"comment_status":"closed","ping_status":"closed","sticky":false,"template":"","format":"standard","meta":{"_acf_changed":false,"footnotes":""},"categories":[13493,13952,15971],"tags":[10899,16198,14892,9278,716,9205,13556,15917,13557],"acf":{"contenido_video":"","url_video":""},"lang":"val","translations":{"es":335723,"val":335735,"en":335794},"essential_grid":{"has_grid":false},"formatted_date":"February 6, 2025","modified_date":"May 7, 2025","permalink":"https:\/\/villarrealcf.es\/val\/ilias-akhomach-linici-dun-llarg-cami\/","reading_time":2,"featured_media_data":{"id":335732,"title":"Ilias Akhomach","caption":"","alt_text":"","description":"","mime_type":"image\/jpeg","source_url":"https:\/\/villarrealcf.es\/wp-content\/uploads\/2025\/02\/Ilias-Akhomach.jpg","sizes":{"thumbnail":{"url":"https:\/\/villarrealcf.es\/wp-content\/uploads\/2025\/02\/Ilias-Akhomach.jpg","width":1920,"height":1080},"medium":{"url":"https:\/\/villarrealcf.es\/wp-content\/uploads\/2025\/02\/Ilias-Akhomach.jpg","width":1920,"height":1080},"medium_large":{"url":"https:\/\/villarrealcf.es\/wp-content\/uploads\/2025\/02\/Ilias-Akhomach-768x432.jpg","width":768,"height":432},"large":{"url":"https:\/\/villarrealcf.es\/wp-content\/uploads\/2025\/02\/Ilias-Akhomach.jpg","width":788,"height":443},"1536x1536":{"url":"https:\/\/villarrealcf.es\/wp-content\/uploads\/2025\/02\/Ilias-Akhomach-1536x864.jpg","width":1536,"height":864},"2048x2048":{"url":"https:\/\/villarrealcf.es\/wp-content\/uploads\/2025\/02\/Ilias-Akhomach.jpg","width":1920,"height":1080},"tp-image-grid":{"url":"https:\/\/villarrealcf.es\/wp-content\/uploads\/2025\/02\/Ilias-Akhomach-700x700.jpg","width":700,"height":700},"size-bunyad-medium":{"url":"https:\/\/villarrealcf.es\/wp-content\/uploads\/2025\/02\/Ilias-Akhomach.jpg","width":1920,"height":1080},"sportspress-crop-medium":{"url":"https:\/\/villarrealcf.es\/wp-content\/uploads\/2025\/02\/Ilias-Akhomach-300x300.jpg","width":300,"height":300},"sportspress-fit-medium":{"url":"https:\/\/villarrealcf.es\/wp-content\/uploads\/2025\/02\/Ilias-Akhomach-300x169.jpg","width":300,"height":169},"sportspress-fit-icon":{"url":"https:\/\/villarrealcf.es\/wp-content\/uploads\/2025\/02\/Ilias-Akhomach-128x72.jpg","width":128,"height":72},"sportspress-fit-mini":{"url":"https:\/\/villarrealcf.es\/wp-content\/uploads\/2025\/02\/Ilias-Akhomach-32x18.jpg","width":32,"height":18},"bunyad-small":{"url":"https:\/\/villarrealcf.es\/wp-content\/uploads\/2025\/02\/Ilias-Akhomach-150x84.jpg","width":150,"height":84},"bunyad-medium":{"url":"https:\/\/villarrealcf.es\/wp-content\/uploads\/2025\/02\/Ilias-Akhomach-450x253.jpg","width":450,"height":253},"bunyad-full":{"url":"https:\/\/villarrealcf.es\/wp-content\/uploads\/2025\/02\/Ilias-Akhomach-1200x675.jpg","width":1200,"height":675},"bunyad-viewport":{"url":"https:\/\/villarrealcf.es\/wp-content\/uploads\/2025\/02\/Ilias-Akhomach.jpg","width":1920,"height":1080},"bunyad-768":{"url":"https:\/\/villarrealcf.es\/wp-content\/uploads\/2025\/02\/Ilias-Akhomach-768x432.jpg","width":768,"height":432},"full":{"url":"https:\/\/villarrealcf.es\/wp-content\/uploads\/2025\/02\/Ilias-Akhomach.jpg","width":1920,"height":1080}}},"author_data":{"id":"25","name":"Javier Ayuso","first_name":"Javier","last_name":"Ayuso","description":"","avatar_url":"https:\/\/secure.gravatar.com\/avatar\/fcf8894be45988fcce5bbff0efe1790d2a7f4ba57e2c7c898f5068154e696495?s=96&d=mm&r=g","acf":null},"taxonomies_data":{"category":[{"id":13493,"name":"Primer equip","slug":"primer-equip","acf":null},{"id":13952,"name":"Comunicat m\u00e8dic","slug":"parte-medico-val","acf":null},{"id":15971,"name":"ESPECIAL DE V PLAY","slug":"tv-especiales-val","acf":null}],"post_tag":[{"id":10899,"name":"Asisa","slug":"asisa-val","acf":null},{"id":16198,"name":"F\u00fatbol","slug":"futbol-3-val","acf":null},{"id":14892,"name":"Ilias Akhomach","slug":"ilias-akhomach-val","acf":null},{"id":9278,"name":"primera division","slug":"primera-division-val","acf":null},{"id":716,"name":"Soccer","slug":"soccer-d105","acf":null},{"id":9205,"name":"Submarino","slug":"submarino-val","acf":null},{"id":13556,"name":"Submarino Amarillo","slug":"submarino-amarillo-val-2","acf":null},{"id":15917,"name":"TV","slug":"tv-val","acf":null},{"id":13557,"name":"Villarreal CF","slug":"villarreal-cf-val-2","acf":null}],"translation_priority":[{"id":735,"name":"Optional","slug":"optional-val","acf":null}]},"seo_full":{"native":{"title":"Ilias Akhomach: l&#8217;inici d&#8217;un llarg cam\u00ed - Web Oficial del Villarreal CF","description":"El Villarreal CF ha em\u00e9s un v\u00eddeo reportatge sobre el proc\u00e9s de recuperaci\u00f3 del jove futbolista hisp\u00e0-marroqu\u00ed","canonical":"https:\/\/villarrealcf.es\/val\/ilias-akhomach-linici-dun-llarg-cami\/"}},"_links":{"self":[{"href":"https:\/\/villarrealcf.es\/val\/wp-json\/wp\/v2\/posts\/335735","targetHints":{"allow":["GET"]}}],"collection":[{"href":"https:\/\/villarrealcf.es\/val\/wp-json\/wp\/v2\/posts"}],"about":[{"href":"https:\/\/villarrealcf.es\/val\/wp-json\/wp\/v2\/types\/post"}],"author":[{"embeddable":true,"href":"https:\/\/villarrealcf.es\/val\/wp-json\/wp\/v2\/users\/25"}],"replies":[{"embeddable":true,"href":"https:\/\/villarrealcf.es\/val\/wp-json\/wp\/v2\/comments?post=335735"}],"version-history":[{"count":0,"href":"https:\/\/villarrealcf.es\/val\/wp-json\/wp\/v2\/posts\/335735\/revisions"}],"wp:featuredmedia":[{"embeddable":true,"href":"https:\/\/villarrealcf.es\/val\/wp-json\/wp\/v2\/media\/335732"}],"wp:attachment":[{"href":"https:\/\/villarrealcf.es\/val\/wp-json\/wp\/v2\/media?parent=335735"}],"wp:term":[{"taxonomy":"category","embeddable":true,"href":"https:\/\/villarrealcf.es\/val\/wp-json\/wp\/v2\/categories?post=335735"},{"taxonomy":"post_tag","embeddable":true,"href":"https:\/\/villarrealcf.es\/val\/wp-json\/wp\/v2\/tags?post=335735"}],"curies":[{"name":"wp","href":"https:\/\/api.w.org\/{rel}","templated":true}]}}