{"id":335249,"date":"2025-02-04T11:18:45","date_gmt":"2025-02-04T10:18:45","guid":{"rendered":"https:\/\/villarrealcf.es\/el-villarreal-cf-colabora-en-una-investigacion-para-la-salud-mental\/"},"modified":"2025-02-04T11:25:46","modified_gmt":"2025-02-04T10:25:46","slug":"el-villarreal-cf-collabora-en-una-investigacio-sobre-la-salut-mental","status":"publish","type":"post","link":"https:\/\/villarrealcf.es\/val\/el-villarreal-cf-collabora-en-una-investigacio-sobre-la-salut-mental\/","title":{"rendered":"El Villarreal CF col\u00b7labora en una investigaci\u00f3 sobre la salut mental"},"content":{"protected":false,"blocks":[{"type":"heading","level":2,"text":"El director dels Servicis M\u00e8dics, H\u00e9ctor Us\u00f3, ha participat en este estudi publicat per la revista \u2018Sports\u2019"},{"type":"paragraph","text":"El Villarreal CF ha col\u00b7laborat en una investigaci\u00f3 cient\u00edfica que compara el comportament de futbolistes d\u2019elit amb el de la resta de la poblaci\u00f3. L\u2019estudi, publicat en la prestigiosa revista \u2018Sports\u2019, ha comptat amb la participaci\u00f3 del director dels Servicis M\u00e8dics del club, H\u00e9ctor Us\u00f3, gr\u00e0cies al comprom\u00eds del club groc a trav\u00e9s del projecte Endavant Formaci\u00f3."},{"type":"paragraph","text":"La investigaci\u00f3, liderada per Isabel Almod\u00f3var, coordinadora del grup d\u2019investigaci\u00f3 Qualitat de Vida, Esport i Salut (QSH) de l\u2019UJI i presidenta del Col\u00b7legi Oficial d\u2019Infermers i Infermeres de Castell\u00f3 (COECS), ha evidenciat els beneficis per a la salut mental de la pr\u00e0ctica esportiva. En este sentit, l\u2019estudi arriba a la conclusi\u00f3 que ser futbolista professional \u00e9s un factor protector per a la salut mental i exercix com a ant\u00eddot contra trastorns conductuals que poden derivar en addiccions com la ludopatia o la depend\u00e8ncia dels videojocs, entre altres."},{"type":"paragraph","text":"Tamb\u00e9 han participat en qualitat d\u2019investigadors i coautors Rafael Gonz\u00e1lez, tresorer del COECS i membre del grup d\u2019investigaci\u00f3 Qualitat de Vida, Esport i Salut (QSH) de l\u2019UJI; Paula S\u00e1nchez, investigadora principal del Grup d\u2019Investigaci\u00f3 de Resultats en Salut (GIRS) de la UCH CEU; Gonzalo Haro, psiquiatre de l\u2019Hospital Provincial de Castell\u00f3 i investigador principal del grup d\u2019investigaci\u00f3 Salut Mental i Addiccions (TXP) de la UCH CEU, i els investigadors de la Facultat de Ci\u00e8ncies de la Salut de la UCH CEU Mar\u00eda Gimeno, Ana Blanco i Antonio Real."}],"structured":{"summary":{"text":"El director dels Servicis M\u00e8dics, H\u00e9ctor Us\u00f3, ha participat en este estudi publicat per la revista \u2018Sports\u2019 El Villarreal CF ha col\u00b7laborat en una investigaci\u00f3 cient\u00edfica que compara el comportament de futbolistes d\u2019elit amb el de la resta de la poblaci\u00f3. L\u2019estudi, publicat en la prestigiosa revista \u2018Sports\u2019, ha comptat amb la participaci\u00f3 del director dels Servicis M\u00e8dics del club, H\u00e9ctor Us\u00f3, gr\u00e0cies al comprom\u00eds del club groc a trav\u00e9s del projecte Endavant Formaci\u00f3. La investigaci\u00f3, liderada per Isabel Almod\u00f3var, coordinadora del grup d\u2019investigaci\u00f3 Qualitat de Vida, Esport i Salut (QSH) de l\u2019UJI i presidenta del Col\u00b7legi Oficial d\u2019Infermers i Infermeres de Castell\u00f3 (COECS), ha evidenciat els beneficis per a la salut mental de la pr\u00e0ctica esportiva. En este sentit, l\u2019estudi arriba a la conclusi\u00f3 que ser futbolista professional \u00e9s un factor protector per a la salut mental i exercix com a ant\u00eddot contra trastorns conductuals que poden derivar en addiccions com la ludopatia o la depend\u00e8ncia dels videojocs, entre altres. Tamb\u00e9 han participat en qualitat d\u2019investigadors i coautors Rafael Gonz\u00e1lez, tresorer del COECS i membre del grup d\u2019investigaci\u00f3 Qualitat de Vida, Esport i Salut (QSH) de l\u2019UJI; Paula S\u00e1nchez, investigadora principal del Grup d\u2019Investigaci\u00f3 de Resultats en Salut (GIRS) de la UCH CEU; Gonzalo Haro, psiquiatre de l\u2019Hospital Provincial de Castell\u00f3 i investigador principal del grup d\u2019investigaci\u00f3 Salut Mental i Addiccions (TXP) de la UCH CEU, i els investigadors de la Facultat de Ci\u00e8ncies de la Salut de la UCH CEU Mar\u00eda Gimeno, Ana Blanco i Antonio Real.","headings":[{"type":"heading","level":2,"text":"El director dels Servicis M\u00e8dics, H\u00e9ctor Us\u00f3, ha participat en este estudi publicat per la revista \u2018Sports\u2019"}],"buttons":[],"images":[],"counts":{"blocks":4,"headings":1,"texts":3,"buttons":0,"images":0}},"sections":[{"id":"section-1","title":"El director dels Servicis M\u00e8dics, H\u00e9ctor Us\u00f3, ha participat en este estudi publicat per la revista \u2018Sports\u2019","text":"El director dels Servicis M\u00e8dics, H\u00e9ctor Us\u00f3, ha participat en este estudi publicat per la revista \u2018Sports\u2019 El Villarreal CF ha col\u00b7laborat en una investigaci\u00f3 cient\u00edfica que compara el comportament de futbolistes d\u2019elit amb el de la resta de la poblaci\u00f3. L\u2019estudi, publicat en la prestigiosa revista \u2018Sports\u2019, ha comptat amb la participaci\u00f3 del director dels Servicis M\u00e8dics del club, H\u00e9ctor Us\u00f3, gr\u00e0cies al comprom\u00eds del club groc a trav\u00e9s del projecte Endavant Formaci\u00f3. La investigaci\u00f3, liderada per Isabel Almod\u00f3var, coordinadora del grup d\u2019investigaci\u00f3 Qualitat de Vida, Esport i Salut (QSH) de l\u2019UJI i presidenta del Col\u00b7legi Oficial d\u2019Infermers i Infermeres de Castell\u00f3 (COECS), ha evidenciat els beneficis per a la salut mental de la pr\u00e0ctica esportiva. En este sentit, l\u2019estudi arriba a la conclusi\u00f3 que ser futbolista professional \u00e9s un factor protector per a la salut mental i exercix com a ant\u00eddot contra trastorns conductuals que poden derivar en addiccions com la ludopatia o la depend\u00e8ncia dels videojocs, entre altres. Tamb\u00e9 han participat en qualitat d\u2019investigadors i coautors Rafael Gonz\u00e1lez, tresorer del COECS i membre del grup d\u2019investigaci\u00f3 Qualitat de Vida, Esport i Salut (QSH) de l\u2019UJI; Paula S\u00e1nchez, investigadora principal del Grup d\u2019Investigaci\u00f3 de Resultats en Salut (GIRS) de la UCH CEU; Gonzalo Haro, psiquiatre de l\u2019Hospital Provincial de Castell\u00f3 i investigador principal del grup d\u2019investigaci\u00f3 Salut Mental i Addiccions (TXP) de la UCH CEU, i els investigadors de la Facultat de Ci\u00e8ncies de la Salut de la UCH CEU Mar\u00eda Gimeno, Ana Blanco i Antonio Real.","headings":[{"type":"heading","level":2,"text":"El director dels Servicis M\u00e8dics, H\u00e9ctor Us\u00f3, ha participat en este estudi publicat per la revista \u2018Sports\u2019"}],"texts":[{"type":"paragraph","text":"El Villarreal CF ha col\u00b7laborat en una investigaci\u00f3 cient\u00edfica que compara el comportament de futbolistes d\u2019elit amb el de la resta de la poblaci\u00f3. L\u2019estudi, publicat en la prestigiosa revista \u2018Sports\u2019, ha comptat amb la participaci\u00f3 del director dels Servicis M\u00e8dics del club, H\u00e9ctor Us\u00f3, gr\u00e0cies al comprom\u00eds del club groc a trav\u00e9s del projecte Endavant Formaci\u00f3."},{"type":"paragraph","text":"La investigaci\u00f3, liderada per Isabel Almod\u00f3var, coordinadora del grup d\u2019investigaci\u00f3 Qualitat de Vida, Esport i Salut (QSH) de l\u2019UJI i presidenta del Col\u00b7legi Oficial d\u2019Infermers i Infermeres de Castell\u00f3 (COECS), ha evidenciat els beneficis per a la salut mental de la pr\u00e0ctica esportiva. En este sentit, l\u2019estudi arriba a la conclusi\u00f3 que ser futbolista professional \u00e9s un factor protector per a la salut mental i exercix com a ant\u00eddot contra trastorns conductuals que poden derivar en addiccions com la ludopatia o la depend\u00e8ncia dels videojocs, entre altres."},{"type":"paragraph","text":"Tamb\u00e9 han participat en qualitat d\u2019investigadors i coautors Rafael Gonz\u00e1lez, tresorer del COECS i membre del grup d\u2019investigaci\u00f3 Qualitat de Vida, Esport i Salut (QSH) de l\u2019UJI; Paula S\u00e1nchez, investigadora principal del Grup d\u2019Investigaci\u00f3 de Resultats en Salut (GIRS) de la UCH CEU; Gonzalo Haro, psiquiatre de l\u2019Hospital Provincial de Castell\u00f3 i investigador principal del grup d\u2019investigaci\u00f3 Salut Mental i Addiccions (TXP) de la UCH CEU, i els investigadors de la Facultat de Ci\u00e8ncies de la Salut de la UCH CEU Mar\u00eda Gimeno, Ana Blanco i Antonio Real."}],"buttons":[],"images":[],"widgets":[],"blocks":[{"type":"heading","level":2,"text":"El director dels Servicis M\u00e8dics, H\u00e9ctor Us\u00f3, ha participat en este estudi publicat per la revista \u2018Sports\u2019"},{"type":"paragraph","text":"El Villarreal CF ha col\u00b7laborat en una investigaci\u00f3 cient\u00edfica que compara el comportament de futbolistes d\u2019elit amb el de la resta de la poblaci\u00f3. L\u2019estudi, publicat en la prestigiosa revista \u2018Sports\u2019, ha comptat amb la participaci\u00f3 del director dels Servicis M\u00e8dics del club, H\u00e9ctor Us\u00f3, gr\u00e0cies al comprom\u00eds del club groc a trav\u00e9s del projecte Endavant Formaci\u00f3."},{"type":"paragraph","text":"La investigaci\u00f3, liderada per Isabel Almod\u00f3var, coordinadora del grup d\u2019investigaci\u00f3 Qualitat de Vida, Esport i Salut (QSH) de l\u2019UJI i presidenta del Col\u00b7legi Oficial d\u2019Infermers i Infermeres de Castell\u00f3 (COECS), ha evidenciat els beneficis per a la salut mental de la pr\u00e0ctica esportiva. En este sentit, l\u2019estudi arriba a la conclusi\u00f3 que ser futbolista professional \u00e9s un factor protector per a la salut mental i exercix com a ant\u00eddot contra trastorns conductuals que poden derivar en addiccions com la ludopatia o la depend\u00e8ncia dels videojocs, entre altres."},{"type":"paragraph","text":"Tamb\u00e9 han participat en qualitat d\u2019investigadors i coautors Rafael Gonz\u00e1lez, tresorer del COECS i membre del grup d\u2019investigaci\u00f3 Qualitat de Vida, Esport i Salut (QSH) de l\u2019UJI; Paula S\u00e1nchez, investigadora principal del Grup d\u2019Investigaci\u00f3 de Resultats en Salut (GIRS) de la UCH CEU; Gonzalo Haro, psiquiatre de l\u2019Hospital Provincial de Castell\u00f3 i investigador principal del grup d\u2019investigaci\u00f3 Salut Mental i Addiccions (TXP) de la UCH CEU, i els investigadors de la Facultat de Ci\u00e8ncies de la Salut de la UCH CEU Mar\u00eda Gimeno, Ana Blanco i Antonio Real."}]}],"hero":{"id":"section-1","title":"El director dels Servicis M\u00e8dics, H\u00e9ctor Us\u00f3, ha participat en este estudi publicat per la revista \u2018Sports\u2019","text":"El director dels Servicis M\u00e8dics, H\u00e9ctor Us\u00f3, ha participat en este estudi publicat per la revista \u2018Sports\u2019 El Villarreal CF ha col\u00b7laborat en una investigaci\u00f3 cient\u00edfica que compara el comportament de futbolistes d\u2019elit amb el de la resta de la poblaci\u00f3. L\u2019estudi, publicat en la prestigiosa revista \u2018Sports\u2019, ha comptat amb la participaci\u00f3 del director dels Servicis M\u00e8dics del club, H\u00e9ctor Us\u00f3, gr\u00e0cies al comprom\u00eds del club groc a trav\u00e9s del projecte Endavant Formaci\u00f3. La investigaci\u00f3, liderada per Isabel Almod\u00f3var, coordinadora del grup d\u2019investigaci\u00f3 Qualitat de Vida, Esport i Salut (QSH) de l\u2019UJI i presidenta del Col\u00b7legi Oficial d\u2019Infermers i Infermeres de Castell\u00f3 (COECS), ha evidenciat els beneficis per a la salut mental de la pr\u00e0ctica esportiva. En este sentit, l\u2019estudi arriba a la conclusi\u00f3 que ser futbolista professional \u00e9s un factor protector per a la salut mental i exercix com a ant\u00eddot contra trastorns conductuals que poden derivar en addiccions com la ludopatia o la depend\u00e8ncia dels videojocs, entre altres. Tamb\u00e9 han participat en qualitat d\u2019investigadors i coautors Rafael Gonz\u00e1lez, tresorer del COECS i membre del grup d\u2019investigaci\u00f3 Qualitat de Vida, Esport i Salut (QSH) de l\u2019UJI; Paula S\u00e1nchez, investigadora principal del Grup d\u2019Investigaci\u00f3 de Resultats en Salut (GIRS) de la UCH CEU; Gonzalo Haro, psiquiatre de l\u2019Hospital Provincial de Castell\u00f3 i investigador principal del grup d\u2019investigaci\u00f3 Salut Mental i Addiccions (TXP) de la UCH CEU, i els investigadors de la Facultat de Ci\u00e8ncies de la Salut de la UCH CEU Mar\u00eda Gimeno, Ana Blanco i Antonio Real.","headings":[{"type":"heading","level":2,"text":"El director dels Servicis M\u00e8dics, H\u00e9ctor Us\u00f3, ha participat en este estudi publicat per la revista \u2018Sports\u2019"}],"texts":[{"type":"paragraph","text":"El Villarreal CF ha col\u00b7laborat en una investigaci\u00f3 cient\u00edfica que compara el comportament de futbolistes d\u2019elit amb el de la resta de la poblaci\u00f3. L\u2019estudi, publicat en la prestigiosa revista \u2018Sports\u2019, ha comptat amb la participaci\u00f3 del director dels Servicis M\u00e8dics del club, H\u00e9ctor Us\u00f3, gr\u00e0cies al comprom\u00eds del club groc a trav\u00e9s del projecte Endavant Formaci\u00f3."},{"type":"paragraph","text":"La investigaci\u00f3, liderada per Isabel Almod\u00f3var, coordinadora del grup d\u2019investigaci\u00f3 Qualitat de Vida, Esport i Salut (QSH) de l\u2019UJI i presidenta del Col\u00b7legi Oficial d\u2019Infermers i Infermeres de Castell\u00f3 (COECS), ha evidenciat els beneficis per a la salut mental de la pr\u00e0ctica esportiva. En este sentit, l\u2019estudi arriba a la conclusi\u00f3 que ser futbolista professional \u00e9s un factor protector per a la salut mental i exercix com a ant\u00eddot contra trastorns conductuals que poden derivar en addiccions com la ludopatia o la depend\u00e8ncia dels videojocs, entre altres."},{"type":"paragraph","text":"Tamb\u00e9 han participat en qualitat d\u2019investigadors i coautors Rafael Gonz\u00e1lez, tresorer del COECS i membre del grup d\u2019investigaci\u00f3 Qualitat de Vida, Esport i Salut (QSH) de l\u2019UJI; Paula S\u00e1nchez, investigadora principal del Grup d\u2019Investigaci\u00f3 de Resultats en Salut (GIRS) de la UCH CEU; Gonzalo Haro, psiquiatre de l\u2019Hospital Provincial de Castell\u00f3 i investigador principal del grup d\u2019investigaci\u00f3 Salut Mental i Addiccions (TXP) de la UCH CEU, i els investigadors de la Facultat de Ci\u00e8ncies de la Salut de la UCH CEU Mar\u00eda Gimeno, Ana Blanco i Antonio Real."}],"buttons":[],"images":[],"widgets":[],"blocks":[{"type":"heading","level":2,"text":"El director dels Servicis M\u00e8dics, H\u00e9ctor Us\u00f3, ha participat en este estudi publicat per la revista \u2018Sports\u2019"},{"type":"paragraph","text":"El Villarreal CF ha col\u00b7laborat en una investigaci\u00f3 cient\u00edfica que compara el comportament de futbolistes d\u2019elit amb el de la resta de la poblaci\u00f3. L\u2019estudi, publicat en la prestigiosa revista \u2018Sports\u2019, ha comptat amb la participaci\u00f3 del director dels Servicis M\u00e8dics del club, H\u00e9ctor Us\u00f3, gr\u00e0cies al comprom\u00eds del club groc a trav\u00e9s del projecte Endavant Formaci\u00f3."},{"type":"paragraph","text":"La investigaci\u00f3, liderada per Isabel Almod\u00f3var, coordinadora del grup d\u2019investigaci\u00f3 Qualitat de Vida, Esport i Salut (QSH) de l\u2019UJI i presidenta del Col\u00b7legi Oficial d\u2019Infermers i Infermeres de Castell\u00f3 (COECS), ha evidenciat els beneficis per a la salut mental de la pr\u00e0ctica esportiva. En este sentit, l\u2019estudi arriba a la conclusi\u00f3 que ser futbolista professional \u00e9s un factor protector per a la salut mental i exercix com a ant\u00eddot contra trastorns conductuals que poden derivar en addiccions com la ludopatia o la depend\u00e8ncia dels videojocs, entre altres."},{"type":"paragraph","text":"Tamb\u00e9 han participat en qualitat d\u2019investigadors i coautors Rafael Gonz\u00e1lez, tresorer del COECS i membre del grup d\u2019investigaci\u00f3 Qualitat de Vida, Esport i Salut (QSH) de l\u2019UJI; Paula S\u00e1nchez, investigadora principal del Grup d\u2019Investigaci\u00f3 de Resultats en Salut (GIRS) de la UCH CEU; Gonzalo Haro, psiquiatre de l\u2019Hospital Provincial de Castell\u00f3 i investigador principal del grup d\u2019investigaci\u00f3 Salut Mental i Addiccions (TXP) de la UCH CEU, i els investigadors de la Facultat de Ci\u00e8ncies de la Salut de la UCH CEU Mar\u00eda Gimeno, Ana Blanco i Antonio Real."}]}},"sections":[{"id":"section-1","title":"El director dels Servicis M\u00e8dics, H\u00e9ctor Us\u00f3, ha participat en este estudi publicat per la revista \u2018Sports\u2019","text":"El director dels Servicis M\u00e8dics, H\u00e9ctor Us\u00f3, ha participat en este estudi publicat per la revista \u2018Sports\u2019 El Villarreal CF ha col\u00b7laborat en una investigaci\u00f3 cient\u00edfica que compara el comportament de futbolistes d\u2019elit amb el de la resta de la poblaci\u00f3. L\u2019estudi, publicat en la prestigiosa revista \u2018Sports\u2019, ha comptat amb la participaci\u00f3 del director dels Servicis M\u00e8dics del club, H\u00e9ctor Us\u00f3, gr\u00e0cies al comprom\u00eds del club groc a trav\u00e9s del projecte Endavant Formaci\u00f3. La investigaci\u00f3, liderada per Isabel Almod\u00f3var, coordinadora del grup d\u2019investigaci\u00f3 Qualitat de Vida, Esport i Salut (QSH) de l\u2019UJI i presidenta del Col\u00b7legi Oficial d\u2019Infermers i Infermeres de Castell\u00f3 (COECS), ha evidenciat els beneficis per a la salut mental de la pr\u00e0ctica esportiva. En este sentit, l\u2019estudi arriba a la conclusi\u00f3 que ser futbolista professional \u00e9s un factor protector per a la salut mental i exercix com a ant\u00eddot contra trastorns conductuals que poden derivar en addiccions com la ludopatia o la depend\u00e8ncia dels videojocs, entre altres. Tamb\u00e9 han participat en qualitat d\u2019investigadors i coautors Rafael Gonz\u00e1lez, tresorer del COECS i membre del grup d\u2019investigaci\u00f3 Qualitat de Vida, Esport i Salut (QSH) de l\u2019UJI; Paula S\u00e1nchez, investigadora principal del Grup d\u2019Investigaci\u00f3 de Resultats en Salut (GIRS) de la UCH CEU; Gonzalo Haro, psiquiatre de l\u2019Hospital Provincial de Castell\u00f3 i investigador principal del grup d\u2019investigaci\u00f3 Salut Mental i Addiccions (TXP) de la UCH CEU, i els investigadors de la Facultat de Ci\u00e8ncies de la Salut de la UCH CEU Mar\u00eda Gimeno, Ana Blanco i Antonio Real.","url":"","background_image":"","images":[],"videos":[],"links":[]}]},"excerpt":{"rendered":"El director dels Servicis M\u00e8dics, H\u00e9ctor Us\u00f3, ha participat en este estudi publicat per la revista \u2018Sports\u2019","protected":false},"author":25,"featured_media":335246,"comment_status":"closed","ping_status":"closed","sticky":false,"template":"","format":"standard","meta":{"_acf_changed":false,"footnotes":""},"categories":[13509],"tags":[11222,9242,717,9270,16263,14521,716,9205,9627,9492,9203],"acf":null,"lang":"val","translations":{"es":335233,"val":335249,"en":335349},"essential_grid":{"has_grid":false},"formatted_date":"February 4, 2025","modified_date":"February 4, 2025","permalink":"https:\/\/villarrealcf.es\/val\/el-villarreal-cf-collabora-en-una-investigacio-sobre-la-salut-mental\/","reading_time":2,"featured_media_data":{"id":335246,"title":"Investigacion","caption":"","alt_text":"","description":"","mime_type":"image\/jpeg","source_url":"https:\/\/villarrealcf.es\/wp-content\/uploads\/2025\/02\/Investigacion.jpg","sizes":{"thumbnail":{"url":"https:\/\/villarrealcf.es\/wp-content\/uploads\/2025\/02\/Investigacion.jpg","width":1920,"height":1080},"medium":{"url":"https:\/\/villarrealcf.es\/wp-content\/uploads\/2025\/02\/Investigacion.jpg","width":1920,"height":1080},"medium_large":{"url":"https:\/\/villarrealcf.es\/wp-content\/uploads\/2025\/02\/Investigacion-768x432.jpg","width":768,"height":432},"large":{"url":"https:\/\/villarrealcf.es\/wp-content\/uploads\/2025\/02\/Investigacion.jpg","width":788,"height":443},"1536x1536":{"url":"https:\/\/villarrealcf.es\/wp-content\/uploads\/2025\/02\/Investigacion-1536x864.jpg","width":1536,"height":864},"2048x2048":{"url":"https:\/\/villarrealcf.es\/wp-content\/uploads\/2025\/02\/Investigacion.jpg","width":1920,"height":1080},"tp-image-grid":{"url":"https:\/\/villarrealcf.es\/wp-content\/uploads\/2025\/02\/Investigacion-700x700.jpg","width":700,"height":700},"size-bunyad-medium":{"url":"https:\/\/villarrealcf.es\/wp-content\/uploads\/2025\/02\/Investigacion.jpg","width":1920,"height":1080},"sportspress-crop-medium":{"url":"https:\/\/villarrealcf.es\/wp-content\/uploads\/2025\/02\/Investigacion-300x300.jpg","width":300,"height":300},"sportspress-fit-medium":{"url":"https:\/\/villarrealcf.es\/wp-content\/uploads\/2025\/02\/Investigacion-300x169.jpg","width":300,"height":169},"sportspress-fit-icon":{"url":"https:\/\/villarrealcf.es\/wp-content\/uploads\/2025\/02\/Investigacion-128x72.jpg","width":128,"height":72},"sportspress-fit-mini":{"url":"https:\/\/villarrealcf.es\/wp-content\/uploads\/2025\/02\/Investigacion-32x18.jpg","width":32,"height":18},"bunyad-small":{"url":"https:\/\/villarrealcf.es\/wp-content\/uploads\/2025\/02\/Investigacion-150x84.jpg","width":150,"height":84},"bunyad-medium":{"url":"https:\/\/villarrealcf.es\/wp-content\/uploads\/2025\/02\/Investigacion-450x253.jpg","width":450,"height":253},"bunyad-full":{"url":"https:\/\/villarrealcf.es\/wp-content\/uploads\/2025\/02\/Investigacion-1200x675.jpg","width":1200,"height":675},"bunyad-viewport":{"url":"https:\/\/villarrealcf.es\/wp-content\/uploads\/2025\/02\/Investigacion.jpg","width":1920,"height":1080},"bunyad-768":{"url":"https:\/\/villarrealcf.es\/wp-content\/uploads\/2025\/02\/Investigacion-768x432.jpg","width":768,"height":432},"full":{"url":"https:\/\/villarrealcf.es\/wp-content\/uploads\/2025\/02\/Investigacion.jpg","width":1920,"height":1080}}},"author_data":{"id":"25","name":"Javier Ayuso","first_name":"Javier","last_name":"Ayuso","description":"","avatar_url":"https:\/\/secure.gravatar.com\/avatar\/fcf8894be45988fcce5bbff0efe1790d2a7f4ba57e2c7c898f5068154e696495?s=96&d=mm&r=g","acf":null},"taxonomies_data":{"category":[{"id":13509,"name":"Endavant","slug":"endavant-val","acf":null}],"post_tag":[{"id":11222,"name":"CEU","slug":"ceu-val","acf":null},{"id":9242,"name":"Endavant","slug":"endavant-val-2","acf":null},{"id":717,"name":"Football","slug":"football-d34","acf":null},{"id":9270,"name":"Futbol","slug":"futbol-val","acf":null},{"id":16263,"name":"H\u00e9ctor Us\u00f3","slug":"hector-uso-2-val","acf":null},{"id":14521,"name":"Sin categorizar","slug":"sin-categorizar-val-8","acf":null},{"id":716,"name":"Soccer","slug":"soccer-d105","acf":null},{"id":9205,"name":"Submarino","slug":"submarino-val","acf":null},{"id":9627,"name":"Submarino Amarillo","slug":"submarino-amarillo-val","acf":null},{"id":9492,"name":"Universitat Jaume I","slug":"universitat-jaume-i-val","acf":null},{"id":9203,"name":"Villarreal CF","slug":"villarreal-cf-val","acf":null}],"translation_priority":[{"id":735,"name":"Optional","slug":"optional-val","acf":null}]},"seo_full":{"native":{"title":"El Villarreal CF col\u00b7labora en una investigaci\u00f3 sobre la salut mental - Web Oficial del Villarreal CF","description":"El director dels Servicis M\u00e8dics, H\u00e9ctor Us\u00f3, ha participat en este estudi publicat per la revista \u2018Sports\u2019","canonical":"https:\/\/villarrealcf.es\/val\/el-villarreal-cf-collabora-en-una-investigacio-sobre-la-salut-mental\/"}},"_links":{"self":[{"href":"https:\/\/villarrealcf.es\/val\/wp-json\/wp\/v2\/posts\/335249","targetHints":{"allow":["GET"]}}],"collection":[{"href":"https:\/\/villarrealcf.es\/val\/wp-json\/wp\/v2\/posts"}],"about":[{"href":"https:\/\/villarrealcf.es\/val\/wp-json\/wp\/v2\/types\/post"}],"author":[{"embeddable":true,"href":"https:\/\/villarrealcf.es\/val\/wp-json\/wp\/v2\/users\/25"}],"replies":[{"embeddable":true,"href":"https:\/\/villarrealcf.es\/val\/wp-json\/wp\/v2\/comments?post=335249"}],"version-history":[{"count":0,"href":"https:\/\/villarrealcf.es\/val\/wp-json\/wp\/v2\/posts\/335249\/revisions"}],"wp:featuredmedia":[{"embeddable":true,"href":"https:\/\/villarrealcf.es\/val\/wp-json\/wp\/v2\/media\/335246"}],"wp:attachment":[{"href":"https:\/\/villarrealcf.es\/val\/wp-json\/wp\/v2\/media?parent=335249"}],"wp:term":[{"taxonomy":"category","embeddable":true,"href":"https:\/\/villarrealcf.es\/val\/wp-json\/wp\/v2\/categories?post=335249"},{"taxonomy":"post_tag","embeddable":true,"href":"https:\/\/villarrealcf.es\/val\/wp-json\/wp\/v2\/tags?post=335249"}],"curies":[{"name":"wp","href":"https:\/\/api.w.org\/{rel}","templated":true}]}}