{"id":334808,"date":"2025-01-30T14:06:19","date_gmt":"2025-01-30T13:06:19","guid":{"rendered":"https:\/\/villarrealcf.es\/el-villarreal-cf-en-marcha-contra-el-cancer\/"},"modified":"2025-01-30T17:03:56","modified_gmt":"2025-01-30T16:03:56","slug":"el-villarreal-es-posa-en-marxa-contra-el-cancer-2","status":"publish","type":"post","link":"https:\/\/villarrealcf.es\/val\/el-villarreal-es-posa-en-marxa-contra-el-cancer-2\/","title":{"rendered":"El Villarreal es posa en &#8216;Marxa contra el C\u00e0ncer&#8217;"},"content":{"protected":false,"blocks":[{"type":"heading","level":2,"text":"El Submar\u00ed anima als seus seguidors a inscriure\u2019s a la prova solid\u00e0ria, que se celebra el 9 de febrer a Castell\u00f3"},{"type":"paragraph","text":"El Villarreal CF es posa en \u2018Marxa Contra el C\u00e0ncer\u2019. El club groc col\u00b7labora amb esta tradicional prova solid\u00e0ria, impulsada per l\u2019Associaci\u00f3 Espanyola Contra el C\u00e0ncer, que celebra la seua novena edici\u00f3 diumenge que ve 9 de febrer, a les 11.00 hores, a Castell\u00f3 de la Plana."},{"type":"paragraph","text":"D\u2019esta manera, el Submar\u00ed anima a tots els seus aficionats i simpatitzants al fet que participen en la cita. Els participants poden adquirir el seu pack solidari per a la marxa popular per tan sols 10 euros en la seu de l\u2019associaci\u00f3 d\u2019AECC (Passeig Ribalta, 25-27) de 8.00 a 18.00 hores, aix\u00ed com en altres establiments de la ciutat: la Universitat Jaume I, El Corte Ingl\u00e9s, Runners\u2019s Home, Suma Fitnes Club, \u00c0gora Lled\u00f3 International English School, Col\u00b7legi Sant Cristobal i International English School of Castell\u00f3."},{"type":"paragraph","text":"Esta carrera ben\u00e8fica s\u2019organitza cada any en commemoraci\u00f3 del Dia Mundial Contra el C\u00e0ncer, que t\u00e9 lloc cada 4 de febrer. En 2025, l\u2019Associaci\u00f3 Espanyola Contra el C\u00e0ncer, col\u00b7laboradora del Villarreal CF a trav\u00e9s d\u2019Endavant Solidaritat i impulsora de la prova, vol posar el focus en el c\u00e0ncer infantil i d\u2019adolescents."}],"structured":{"summary":{"text":"El Submar\u00ed anima als seus seguidors a inscriure\u2019s a la prova solid\u00e0ria, que se celebra el 9 de febrer a Castell\u00f3 El Villarreal CF es posa en \u2018Marxa Contra el C\u00e0ncer\u2019. El club groc col\u00b7labora amb esta tradicional prova solid\u00e0ria, impulsada per l\u2019Associaci\u00f3 Espanyola Contra el C\u00e0ncer, que celebra la seua novena edici\u00f3 diumenge que ve 9 de febrer, a les 11.00 hores, a Castell\u00f3 de la Plana. D\u2019esta manera, el Submar\u00ed anima a tots els seus aficionats i simpatitzants al fet que participen en la cita. Els participants poden adquirir el seu pack solidari per a la marxa popular per tan sols 10 euros en la seu de l\u2019associaci\u00f3 d\u2019AECC (Passeig Ribalta, 25-27) de 8.00 a 18.00 hores, aix\u00ed com en altres establiments de la ciutat: la Universitat Jaume I, El Corte Ingl\u00e9s, Runners\u2019s Home, Suma Fitnes Club, \u00c0gora Lled\u00f3 International English School, Col\u00b7legi Sant Cristobal i International English School of Castell\u00f3. Esta carrera ben\u00e8fica s\u2019organitza cada any en commemoraci\u00f3 del Dia Mundial Contra el C\u00e0ncer, que t\u00e9 lloc cada 4 de febrer. En 2025, l\u2019Associaci\u00f3 Espanyola Contra el C\u00e0ncer, col\u00b7laboradora del Villarreal CF a trav\u00e9s d\u2019Endavant Solidaritat i impulsora de la prova, vol posar el focus en el c\u00e0ncer infantil i d\u2019adolescents.","headings":[{"type":"heading","level":2,"text":"El Submar\u00ed anima als seus seguidors a inscriure\u2019s a la prova solid\u00e0ria, que se celebra el 9 de febrer a Castell\u00f3"}],"buttons":[],"images":[],"counts":{"blocks":4,"headings":1,"texts":3,"buttons":0,"images":0}},"sections":[{"id":"section-1","title":"El Submar\u00ed anima als seus seguidors a inscriure\u2019s a la prova solid\u00e0ria, que se celebra el 9 de febrer a Castell\u00f3","text":"El Submar\u00ed anima als seus seguidors a inscriure\u2019s a la prova solid\u00e0ria, que se celebra el 9 de febrer a Castell\u00f3 El Villarreal CF es posa en \u2018Marxa Contra el C\u00e0ncer\u2019. El club groc col\u00b7labora amb esta tradicional prova solid\u00e0ria, impulsada per l\u2019Associaci\u00f3 Espanyola Contra el C\u00e0ncer, que celebra la seua novena edici\u00f3 diumenge que ve 9 de febrer, a les 11.00 hores, a Castell\u00f3 de la Plana. D\u2019esta manera, el Submar\u00ed anima a tots els seus aficionats i simpatitzants al fet que participen en la cita. Els participants poden adquirir el seu pack solidari per a la marxa popular per tan sols 10 euros en la seu de l\u2019associaci\u00f3 d\u2019AECC (Passeig Ribalta, 25-27) de 8.00 a 18.00 hores, aix\u00ed com en altres establiments de la ciutat: la Universitat Jaume I, El Corte Ingl\u00e9s, Runners\u2019s Home, Suma Fitnes Club, \u00c0gora Lled\u00f3 International English School, Col\u00b7legi Sant Cristobal i International English School of Castell\u00f3. Esta carrera ben\u00e8fica s\u2019organitza cada any en commemoraci\u00f3 del Dia Mundial Contra el C\u00e0ncer, que t\u00e9 lloc cada 4 de febrer. En 2025, l\u2019Associaci\u00f3 Espanyola Contra el C\u00e0ncer, col\u00b7laboradora del Villarreal CF a trav\u00e9s d\u2019Endavant Solidaritat i impulsora de la prova, vol posar el focus en el c\u00e0ncer infantil i d\u2019adolescents.","headings":[{"type":"heading","level":2,"text":"El Submar\u00ed anima als seus seguidors a inscriure\u2019s a la prova solid\u00e0ria, que se celebra el 9 de febrer a Castell\u00f3"}],"texts":[{"type":"paragraph","text":"El Villarreal CF es posa en \u2018Marxa Contra el C\u00e0ncer\u2019. El club groc col\u00b7labora amb esta tradicional prova solid\u00e0ria, impulsada per l\u2019Associaci\u00f3 Espanyola Contra el C\u00e0ncer, que celebra la seua novena edici\u00f3 diumenge que ve 9 de febrer, a les 11.00 hores, a Castell\u00f3 de la Plana."},{"type":"paragraph","text":"D\u2019esta manera, el Submar\u00ed anima a tots els seus aficionats i simpatitzants al fet que participen en la cita. Els participants poden adquirir el seu pack solidari per a la marxa popular per tan sols 10 euros en la seu de l\u2019associaci\u00f3 d\u2019AECC (Passeig Ribalta, 25-27) de 8.00 a 18.00 hores, aix\u00ed com en altres establiments de la ciutat: la Universitat Jaume I, El Corte Ingl\u00e9s, Runners\u2019s Home, Suma Fitnes Club, \u00c0gora Lled\u00f3 International English School, Col\u00b7legi Sant Cristobal i International English School of Castell\u00f3."},{"type":"paragraph","text":"Esta carrera ben\u00e8fica s\u2019organitza cada any en commemoraci\u00f3 del Dia Mundial Contra el C\u00e0ncer, que t\u00e9 lloc cada 4 de febrer. En 2025, l\u2019Associaci\u00f3 Espanyola Contra el C\u00e0ncer, col\u00b7laboradora del Villarreal CF a trav\u00e9s d\u2019Endavant Solidaritat i impulsora de la prova, vol posar el focus en el c\u00e0ncer infantil i d\u2019adolescents."}],"buttons":[],"images":[],"widgets":[],"blocks":[{"type":"heading","level":2,"text":"El Submar\u00ed anima als seus seguidors a inscriure\u2019s a la prova solid\u00e0ria, que se celebra el 9 de febrer a Castell\u00f3"},{"type":"paragraph","text":"El Villarreal CF es posa en \u2018Marxa Contra el C\u00e0ncer\u2019. El club groc col\u00b7labora amb esta tradicional prova solid\u00e0ria, impulsada per l\u2019Associaci\u00f3 Espanyola Contra el C\u00e0ncer, que celebra la seua novena edici\u00f3 diumenge que ve 9 de febrer, a les 11.00 hores, a Castell\u00f3 de la Plana."},{"type":"paragraph","text":"D\u2019esta manera, el Submar\u00ed anima a tots els seus aficionats i simpatitzants al fet que participen en la cita. Els participants poden adquirir el seu pack solidari per a la marxa popular per tan sols 10 euros en la seu de l\u2019associaci\u00f3 d\u2019AECC (Passeig Ribalta, 25-27) de 8.00 a 18.00 hores, aix\u00ed com en altres establiments de la ciutat: la Universitat Jaume I, El Corte Ingl\u00e9s, Runners\u2019s Home, Suma Fitnes Club, \u00c0gora Lled\u00f3 International English School, Col\u00b7legi Sant Cristobal i International English School of Castell\u00f3."},{"type":"paragraph","text":"Esta carrera ben\u00e8fica s\u2019organitza cada any en commemoraci\u00f3 del Dia Mundial Contra el C\u00e0ncer, que t\u00e9 lloc cada 4 de febrer. En 2025, l\u2019Associaci\u00f3 Espanyola Contra el C\u00e0ncer, col\u00b7laboradora del Villarreal CF a trav\u00e9s d\u2019Endavant Solidaritat i impulsora de la prova, vol posar el focus en el c\u00e0ncer infantil i d\u2019adolescents."}]}],"hero":{"id":"section-1","title":"El Submar\u00ed anima als seus seguidors a inscriure\u2019s a la prova solid\u00e0ria, que se celebra el 9 de febrer a Castell\u00f3","text":"El Submar\u00ed anima als seus seguidors a inscriure\u2019s a la prova solid\u00e0ria, que se celebra el 9 de febrer a Castell\u00f3 El Villarreal CF es posa en \u2018Marxa Contra el C\u00e0ncer\u2019. El club groc col\u00b7labora amb esta tradicional prova solid\u00e0ria, impulsada per l\u2019Associaci\u00f3 Espanyola Contra el C\u00e0ncer, que celebra la seua novena edici\u00f3 diumenge que ve 9 de febrer, a les 11.00 hores, a Castell\u00f3 de la Plana. D\u2019esta manera, el Submar\u00ed anima a tots els seus aficionats i simpatitzants al fet que participen en la cita. Els participants poden adquirir el seu pack solidari per a la marxa popular per tan sols 10 euros en la seu de l\u2019associaci\u00f3 d\u2019AECC (Passeig Ribalta, 25-27) de 8.00 a 18.00 hores, aix\u00ed com en altres establiments de la ciutat: la Universitat Jaume I, El Corte Ingl\u00e9s, Runners\u2019s Home, Suma Fitnes Club, \u00c0gora Lled\u00f3 International English School, Col\u00b7legi Sant Cristobal i International English School of Castell\u00f3. Esta carrera ben\u00e8fica s\u2019organitza cada any en commemoraci\u00f3 del Dia Mundial Contra el C\u00e0ncer, que t\u00e9 lloc cada 4 de febrer. En 2025, l\u2019Associaci\u00f3 Espanyola Contra el C\u00e0ncer, col\u00b7laboradora del Villarreal CF a trav\u00e9s d\u2019Endavant Solidaritat i impulsora de la prova, vol posar el focus en el c\u00e0ncer infantil i d\u2019adolescents.","headings":[{"type":"heading","level":2,"text":"El Submar\u00ed anima als seus seguidors a inscriure\u2019s a la prova solid\u00e0ria, que se celebra el 9 de febrer a Castell\u00f3"}],"texts":[{"type":"paragraph","text":"El Villarreal CF es posa en \u2018Marxa Contra el C\u00e0ncer\u2019. El club groc col\u00b7labora amb esta tradicional prova solid\u00e0ria, impulsada per l\u2019Associaci\u00f3 Espanyola Contra el C\u00e0ncer, que celebra la seua novena edici\u00f3 diumenge que ve 9 de febrer, a les 11.00 hores, a Castell\u00f3 de la Plana."},{"type":"paragraph","text":"D\u2019esta manera, el Submar\u00ed anima a tots els seus aficionats i simpatitzants al fet que participen en la cita. Els participants poden adquirir el seu pack solidari per a la marxa popular per tan sols 10 euros en la seu de l\u2019associaci\u00f3 d\u2019AECC (Passeig Ribalta, 25-27) de 8.00 a 18.00 hores, aix\u00ed com en altres establiments de la ciutat: la Universitat Jaume I, El Corte Ingl\u00e9s, Runners\u2019s Home, Suma Fitnes Club, \u00c0gora Lled\u00f3 International English School, Col\u00b7legi Sant Cristobal i International English School of Castell\u00f3."},{"type":"paragraph","text":"Esta carrera ben\u00e8fica s\u2019organitza cada any en commemoraci\u00f3 del Dia Mundial Contra el C\u00e0ncer, que t\u00e9 lloc cada 4 de febrer. En 2025, l\u2019Associaci\u00f3 Espanyola Contra el C\u00e0ncer, col\u00b7laboradora del Villarreal CF a trav\u00e9s d\u2019Endavant Solidaritat i impulsora de la prova, vol posar el focus en el c\u00e0ncer infantil i d\u2019adolescents."}],"buttons":[],"images":[],"widgets":[],"blocks":[{"type":"heading","level":2,"text":"El Submar\u00ed anima als seus seguidors a inscriure\u2019s a la prova solid\u00e0ria, que se celebra el 9 de febrer a Castell\u00f3"},{"type":"paragraph","text":"El Villarreal CF es posa en \u2018Marxa Contra el C\u00e0ncer\u2019. El club groc col\u00b7labora amb esta tradicional prova solid\u00e0ria, impulsada per l\u2019Associaci\u00f3 Espanyola Contra el C\u00e0ncer, que celebra la seua novena edici\u00f3 diumenge que ve 9 de febrer, a les 11.00 hores, a Castell\u00f3 de la Plana."},{"type":"paragraph","text":"D\u2019esta manera, el Submar\u00ed anima a tots els seus aficionats i simpatitzants al fet que participen en la cita. Els participants poden adquirir el seu pack solidari per a la marxa popular per tan sols 10 euros en la seu de l\u2019associaci\u00f3 d\u2019AECC (Passeig Ribalta, 25-27) de 8.00 a 18.00 hores, aix\u00ed com en altres establiments de la ciutat: la Universitat Jaume I, El Corte Ingl\u00e9s, Runners\u2019s Home, Suma Fitnes Club, \u00c0gora Lled\u00f3 International English School, Col\u00b7legi Sant Cristobal i International English School of Castell\u00f3."},{"type":"paragraph","text":"Esta carrera ben\u00e8fica s\u2019organitza cada any en commemoraci\u00f3 del Dia Mundial Contra el C\u00e0ncer, que t\u00e9 lloc cada 4 de febrer. En 2025, l\u2019Associaci\u00f3 Espanyola Contra el C\u00e0ncer, col\u00b7laboradora del Villarreal CF a trav\u00e9s d\u2019Endavant Solidaritat i impulsora de la prova, vol posar el focus en el c\u00e0ncer infantil i d\u2019adolescents."}]}},"sections":[{"id":"section-1","title":"El Submar\u00ed anima als seus seguidors a inscriure\u2019s a la prova solid\u00e0ria, que se celebra el 9 de febrer a Castell\u00f3","text":"El Submar\u00ed anima als seus seguidors a inscriure\u2019s a la prova solid\u00e0ria, que se celebra el 9 de febrer a Castell\u00f3 El Villarreal CF es posa en \u2018Marxa Contra el C\u00e0ncer\u2019. El club groc col\u00b7labora amb esta tradicional prova solid\u00e0ria, impulsada per l\u2019Associaci\u00f3 Espanyola Contra el C\u00e0ncer, que celebra la seua novena edici\u00f3 diumenge que ve 9 de febrer, a les 11.00 hores, a Castell\u00f3 de la Plana. D\u2019esta manera, el Submar\u00ed anima a tots els seus aficionats i simpatitzants al fet que participen en la cita. Els participants poden adquirir el seu pack solidari per a la marxa popular per tan sols 10 euros en la seu de l\u2019associaci\u00f3 d\u2019AECC (Passeig Ribalta, 25-27) de 8.00 a 18.00 hores, aix\u00ed com en altres establiments de la ciutat: la Universitat Jaume I, El Corte Ingl\u00e9s, Runners\u2019s Home, Suma Fitnes Club, \u00c0gora Lled\u00f3 International English School, Col\u00b7legi Sant Cristobal i International English School of Castell\u00f3. Esta carrera ben\u00e8fica s\u2019organitza cada any en commemoraci\u00f3 del Dia Mundial Contra el C\u00e0ncer, que t\u00e9 lloc cada 4 de febrer. En 2025, l\u2019Associaci\u00f3 Espanyola Contra el C\u00e0ncer, col\u00b7laboradora del Villarreal CF a trav\u00e9s d\u2019Endavant Solidaritat i impulsora de la prova, vol posar el focus en el c\u00e0ncer infantil i d\u2019adolescents.","url":"","background_image":"","images":[],"videos":[],"links":[]}]},"excerpt":{"rendered":"El Submar\u00ed anima als seus seguidors a inscriure&#8217;s a la prova solid\u00e0ria, que se celebra el 9 de febrer a Castell\u00f3","protected":false},"author":1,"featured_media":334778,"comment_status":"closed","ping_status":"closed","sticky":false,"template":"","format":"standard","meta":{"_acf_changed":false,"footnotes":""},"categories":[13509],"tags":[9242,9244,717,9270,15355,716,9205,9627,9203],"acf":null,"lang":"val","translations":{"es":334773,"val":334808,"en":334865},"essential_grid":{"has_grid":false},"formatted_date":"January 30, 2025","modified_date":"January 30, 2025","permalink":"https:\/\/villarrealcf.es\/val\/el-villarreal-es-posa-en-marxa-contra-el-cancer-2\/","reading_time":2,"featured_media_data":{"id":334778,"title":"Foto jugadores marcha contra el c\u00e1ncer","caption":"","alt_text":"","description":"","mime_type":"image\/jpeg","source_url":"https:\/\/villarrealcf.es\/wp-content\/uploads\/2025\/01\/Foto-jugadores-marcha-contra-el-cancer.jpg","sizes":{"thumbnail":{"url":"https:\/\/villarrealcf.es\/wp-content\/uploads\/2025\/01\/Foto-jugadores-marcha-contra-el-cancer.jpg","width":1920,"height":1080},"medium":{"url":"https:\/\/villarrealcf.es\/wp-content\/uploads\/2025\/01\/Foto-jugadores-marcha-contra-el-cancer.jpg","width":1920,"height":1080},"medium_large":{"url":"https:\/\/villarrealcf.es\/wp-content\/uploads\/2025\/01\/Foto-jugadores-marcha-contra-el-cancer-768x432.jpg","width":768,"height":432},"large":{"url":"https:\/\/villarrealcf.es\/wp-content\/uploads\/2025\/01\/Foto-jugadores-marcha-contra-el-cancer.jpg","width":788,"height":443},"1536x1536":{"url":"https:\/\/villarrealcf.es\/wp-content\/uploads\/2025\/01\/Foto-jugadores-marcha-contra-el-cancer-1536x864.jpg","width":1536,"height":864},"2048x2048":{"url":"https:\/\/villarrealcf.es\/wp-content\/uploads\/2025\/01\/Foto-jugadores-marcha-contra-el-cancer.jpg","width":1920,"height":1080},"tp-image-grid":{"url":"https:\/\/villarrealcf.es\/wp-content\/uploads\/2025\/01\/Foto-jugadores-marcha-contra-el-cancer-700x700.jpg","width":700,"height":700},"size-bunyad-medium":{"url":"https:\/\/villarrealcf.es\/wp-content\/uploads\/2025\/01\/Foto-jugadores-marcha-contra-el-cancer.jpg","width":1920,"height":1080},"sportspress-crop-medium":{"url":"https:\/\/villarrealcf.es\/wp-content\/uploads\/2025\/01\/Foto-jugadores-marcha-contra-el-cancer-300x300.jpg","width":300,"height":300},"sportspress-fit-medium":{"url":"https:\/\/villarrealcf.es\/wp-content\/uploads\/2025\/01\/Foto-jugadores-marcha-contra-el-cancer-300x169.jpg","width":300,"height":169},"sportspress-fit-icon":{"url":"https:\/\/villarrealcf.es\/wp-content\/uploads\/2025\/01\/Foto-jugadores-marcha-contra-el-cancer-128x72.jpg","width":128,"height":72},"sportspress-fit-mini":{"url":"https:\/\/villarrealcf.es\/wp-content\/uploads\/2025\/01\/Foto-jugadores-marcha-contra-el-cancer-32x18.jpg","width":32,"height":18},"bunyad-small":{"url":"https:\/\/villarrealcf.es\/wp-content\/uploads\/2025\/01\/Foto-jugadores-marcha-contra-el-cancer-150x84.jpg","width":150,"height":84},"bunyad-medium":{"url":"https:\/\/villarrealcf.es\/wp-content\/uploads\/2025\/01\/Foto-jugadores-marcha-contra-el-cancer-450x253.jpg","width":450,"height":253},"bunyad-full":{"url":"https:\/\/villarrealcf.es\/wp-content\/uploads\/2025\/01\/Foto-jugadores-marcha-contra-el-cancer-1200x675.jpg","width":1200,"height":675},"bunyad-viewport":{"url":"https:\/\/villarrealcf.es\/wp-content\/uploads\/2025\/01\/Foto-jugadores-marcha-contra-el-cancer.jpg","width":1920,"height":1080},"bunyad-768":{"url":"https:\/\/villarrealcf.es\/wp-content\/uploads\/2025\/01\/Foto-jugadores-marcha-contra-el-cancer-768x432.jpg","width":768,"height":432},"full":{"url":"https:\/\/villarrealcf.es\/wp-content\/uploads\/2025\/01\/Foto-jugadores-marcha-contra-el-cancer.jpg","width":1920,"height":1080}}},"author_data":{"id":"1","name":"root_envidea","first_name":"Villarreal CF","last_name":"","description":"","avatar_url":"https:\/\/secure.gravatar.com\/avatar\/48f95f42a3ccc324f3a3458e4b9e6fb070b083e99d388e170c1afb061fa99b63?s=96&d=mm&r=g","acf":null},"taxonomies_data":{"category":[{"id":13509,"name":"Endavant","slug":"endavant-val","acf":null}],"post_tag":[{"id":9242,"name":"Endavant","slug":"endavant-val-2","acf":null},{"id":9244,"name":"Endavant Solidaritat","slug":"endavant-solidaritat-val-2","acf":null},{"id":717,"name":"Football","slug":"football-d34","acf":null},{"id":9270,"name":"Futbol","slug":"futbol-val","acf":null},{"id":15355,"name":"Marcha Contra el C\u00e1ncer","slug":"marcha-contra-el-cancer-val","acf":null},{"id":716,"name":"Soccer","slug":"soccer-d105","acf":null},{"id":9205,"name":"Submarino","slug":"submarino-val","acf":null},{"id":9627,"name":"Submarino Amarillo","slug":"submarino-amarillo-val","acf":null},{"id":9203,"name":"Villarreal CF","slug":"villarreal-cf-val","acf":null}],"translation_priority":[{"id":735,"name":"Optional","slug":"optional-val","acf":null}]},"seo_full":{"native":{"title":"El Villarreal es posa en &#8216;Marxa contra el C\u00e0ncer&#8217; - Web Oficial del Villarreal CF","description":"El Submar\u00ed anima als seus seguidors a inscriure's a la prova solid\u00e0ria, que se celebra el 9 de febrer a Castell\u00f3","canonical":"https:\/\/villarrealcf.es\/val\/el-villarreal-es-posa-en-marxa-contra-el-cancer-2\/"}},"_links":{"self":[{"href":"https:\/\/villarrealcf.es\/val\/wp-json\/wp\/v2\/posts\/334808","targetHints":{"allow":["GET"]}}],"collection":[{"href":"https:\/\/villarrealcf.es\/val\/wp-json\/wp\/v2\/posts"}],"about":[{"href":"https:\/\/villarrealcf.es\/val\/wp-json\/wp\/v2\/types\/post"}],"author":[{"embeddable":true,"href":"https:\/\/villarrealcf.es\/val\/wp-json\/wp\/v2\/users\/1"}],"replies":[{"embeddable":true,"href":"https:\/\/villarrealcf.es\/val\/wp-json\/wp\/v2\/comments?post=334808"}],"version-history":[{"count":0,"href":"https:\/\/villarrealcf.es\/val\/wp-json\/wp\/v2\/posts\/334808\/revisions"}],"wp:featuredmedia":[{"embeddable":true,"href":"https:\/\/villarrealcf.es\/val\/wp-json\/wp\/v2\/media\/334778"}],"wp:attachment":[{"href":"https:\/\/villarrealcf.es\/val\/wp-json\/wp\/v2\/media?parent=334808"}],"wp:term":[{"taxonomy":"category","embeddable":true,"href":"https:\/\/villarrealcf.es\/val\/wp-json\/wp\/v2\/categories?post=334808"},{"taxonomy":"post_tag","embeddable":true,"href":"https:\/\/villarrealcf.es\/val\/wp-json\/wp\/v2\/tags?post=334808"}],"curies":[{"name":"wp","href":"https:\/\/api.w.org\/{rel}","templated":true}]}}